{"id":104510,"date":"2024-05-03T17:37:37","date_gmt":"2024-05-03T20:37:37","guid":{"rendered":"https:\/\/regiaonews.net.br\/2022\/?p=104510"},"modified":"2024-05-03T17:37:37","modified_gmt":"2024-05-03T20:37:37","slug":"barretos-motorcycles-inicia-hoje-sexta-com-shows-cover-e-manobras-radicais","status":"publish","type":"post","link":"https:\/\/regiaonews.net.br\/2022\/2024\/05\/03\/barretos-motorcycles-inicia-hoje-sexta-com-shows-cover-e-manobras-radicais\/","title":{"rendered":"Barretos Motorcycles inicia hoje (sexta) com shows cover e manobras radicais"},"content":{"rendered":"<p>Comemorando 20 anos, evento acontece de 03 a 05 de maio, no Parque do Pe\u00e3o<\/p>\n<p>Com port\u00f5es abertos a partir das 10h da manh\u00e3, Barretos Motorcycles inicia nesta sexta com programa\u00e7\u00e3o completa que envolve shows musicais, manobras e acrobacias radicais, feira comercial e outras atra\u00e7\u00f5es.<\/p>\n<p>Considerado um dos maiores encontros de motociclistas do pa\u00eds. O evento \u00e9 realizado no Parque do Pe\u00e3o em Barretos\/SP e nesta edi\u00e7\u00e3o, completa 20 anos. Nesta sexta, a partir das 10h o Tenda Motor recebe o DJ Thomazini para animar e come\u00e7ar o dia. Das 18h \u00e0s 20h, a pista de exibi\u00e7\u00e3o ter\u00e1 Luquinha Wheeling, Cachorr\u00e3o Motoshow e Equipe Xtreme proporcionando muita adrenalina.<\/p>\n<p>J\u00e1 \u00e0s 19h, a banda barretense Java\u2019s Rock se apresenta no Tenda Motor e \u00e0s 19h30 tem rock ac\u00fastico no Motor Rock Bar, o bar tem\u00e1tico do evento. E a partir das 21h30, no Palco Motorcycles tem o cover Renato Quase Russo e Banda Lemon.<\/p>\n<p>Al\u00e9m de toda programa\u00e7\u00e3o, o evento conta com Feira Comercial completa com servi\u00e7os e expositores do segmento. No espa\u00e7o Berrant\u00e3o est\u00e3o localizados o Women Bikers, com servi\u00e7os para o p\u00fablico feminino e o Motor Rock Bar, com card\u00e1pio exclusivo do S\u00e3o Bento Route e chef Giovani Alves, ambos de Barretos.<\/p>\n<p>Ingressos<br \/>\nOs ingressos podem ser adquiridos pelo na Loja Os Independentes, localizada na Avenida 43, em Barretos. Est\u00e3o dispon\u00edveis ingressos di\u00e1rios para pedestres, pacotes para acesso de motociclistas (entrada com moto) e ingressos di\u00e1rios para pedestres (entrada sem moto).<\/p>\n","protected":false},"excerpt":{"rendered":"<p>Comemorando 20 anos, evento acontece de 03 a 05 de<\/p>\n","protected":false},"author":2,"featured_media":104511,"comment_status":"open","ping_status":"open","sticky":false,"template":"","format":"standard","meta":{"footnotes":""},"categories":[14,25],"tags":[],"class_list":["post-104510","post","type-post","status-publish","format-standard","has-post-thumbnail","hentry","category-barretos","category-cidades"],"yoast_head":"<!-- This site is optimized with the Yoast SEO plugin v27.4 - https:\/\/yoast.com\/product\/yoast-seo-wordpress\/ -->\n<title>Barretos Motorcycles inicia hoje (sexta) com shows cover e manobras radicais - Regi\u00e3o News<\/title>\n<meta name=\"robots\" content=\"index, follow, max-snippet:-1, max-image-preview:large, max-video-preview:-1\" \/>\n<link rel=\"canonical\" href=\"https:\/\/regiaonews.net.br\/2022\/2024\/05\/03\/barretos-motorcycles-inicia-hoje-sexta-com-shows-cover-e-manobras-radicais\/\" \/>\n<meta property=\"og:locale\" content=\"pt_BR\" \/>\n<meta property=\"og:type\" content=\"article\" \/>\n<meta property=\"og:title\" content=\"Barretos Motorcycles inicia hoje (sexta) com shows cover e manobras radicais - Regi\u00e3o News\" \/>\n<meta property=\"og:description\" content=\"Comemorando 20 anos, evento acontece de 03 a 05 de\" \/>\n<meta property=\"og:url\" content=\"https:\/\/regiaonews.net.br\/2022\/2024\/05\/03\/barretos-motorcycles-inicia-hoje-sexta-com-shows-cover-e-manobras-radicais\/\" \/>\n<meta property=\"og:site_name\" content=\"Regi\u00e3o News\" \/>\n<meta property=\"article:published_time\" content=\"2024-05-03T20:37:37+00:00\" \/>\n<meta property=\"og:image\" content=\"https:\/\/regiaonews.net.br\/2022\/wp-content\/uploads\/2024\/05\/DJI_0332-scaled.jpg\" \/>\n\t<meta property=\"og:image:width\" content=\"2560\" \/>\n\t<meta property=\"og:image:height\" content=\"1440\" \/>\n\t<meta property=\"og:image:type\" content=\"image\/jpeg\" \/>\n<meta name=\"author\" content=\"Roberto\" \/>\n<meta name=\"twitter:card\" content=\"summary_large_image\" \/>\n<meta name=\"twitter:label1\" content=\"Escrito por\" \/>\n\t<meta name=\"twitter:data1\" content=\"Roberto\" \/>\n\t<meta name=\"twitter:label2\" content=\"Est. tempo de leitura\" \/>\n\t<meta name=\"twitter:data2\" content=\"2 minutos\" \/>\n<script type=\"application\/ld+json\" class=\"yoast-schema-graph\">{\"@context\":\"https:\\\/\\\/schema.org\",\"@graph\":[{\"@type\":\"Article\",\"@id\":\"https:\\\/\\\/regiaonews.net.br\\\/2022\\\/2024\\\/05\\\/03\\\/barretos-motorcycles-inicia-hoje-sexta-com-shows-cover-e-manobras-radicais\\\/#article\",\"isPartOf\":{\"@id\":\"https:\\\/\\\/regiaonews.net.br\\\/2022\\\/2024\\\/05\\\/03\\\/barretos-motorcycles-inicia-hoje-sexta-com-shows-cover-e-manobras-radicais\\\/\"},\"author\":{\"name\":\"Roberto\",\"@id\":\"https:\\\/\\\/regiaonews.net.br\\\/2022\\\/#\\\/schema\\\/person\\\/2d205a608a5aa97ac279d7a5e6d89ad8\"},\"headline\":\"Barretos Motorcycles inicia hoje (sexta) com shows cover e manobras radicais\",\"datePublished\":\"2024-05-03T20:37:37+00:00\",\"mainEntityOfPage\":{\"@id\":\"https:\\\/\\\/regiaonews.net.br\\\/2022\\\/2024\\\/05\\\/03\\\/barretos-motorcycles-inicia-hoje-sexta-com-shows-cover-e-manobras-radicais\\\/\"},\"wordCount\":275,\"commentCount\":0,\"publisher\":{\"@id\":\"https:\\\/\\\/regiaonews.net.br\\\/2022\\\/#organization\"},\"image\":{\"@id\":\"https:\\\/\\\/regiaonews.net.br\\\/2022\\\/2024\\\/05\\\/03\\\/barretos-motorcycles-inicia-hoje-sexta-com-shows-cover-e-manobras-radicais\\\/#primaryimage\"},\"thumbnailUrl\":\"https:\\\/\\\/regiaonews.net.br\\\/2022\\\/wp-content\\\/uploads\\\/2024\\\/05\\\/DJI_0332-scaled.jpg\",\"articleSection\":[\"Barretos\",\"Cidades\"],\"inLanguage\":\"pt-BR\",\"potentialAction\":[{\"@type\":\"CommentAction\",\"name\":\"Comment\",\"target\":[\"https:\\\/\\\/regiaonews.net.br\\\/2022\\\/2024\\\/05\\\/03\\\/barretos-motorcycles-inicia-hoje-sexta-com-shows-cover-e-manobras-radicais\\\/#respond\"]}]},{\"@type\":\"WebPage\",\"@id\":\"https:\\\/\\\/regiaonews.net.br\\\/2022\\\/2024\\\/05\\\/03\\\/barretos-motorcycles-inicia-hoje-sexta-com-shows-cover-e-manobras-radicais\\\/\",\"url\":\"https:\\\/\\\/regiaonews.net.br\\\/2022\\\/2024\\\/05\\\/03\\\/barretos-motorcycles-inicia-hoje-sexta-com-shows-cover-e-manobras-radicais\\\/\",\"name\":\"Barretos Motorcycles inicia hoje (sexta) com shows cover e manobras radicais - Regi\u00e3o News\",\"isPartOf\":{\"@id\":\"https:\\\/\\\/regiaonews.net.br\\\/2022\\\/#website\"},\"primaryImageOfPage\":{\"@id\":\"https:\\\/\\\/regiaonews.net.br\\\/2022\\\/2024\\\/05\\\/03\\\/barretos-motorcycles-inicia-hoje-sexta-com-shows-cover-e-manobras-radicais\\\/#primaryimage\"},\"image\":{\"@id\":\"https:\\\/\\\/regiaonews.net.br\\\/2022\\\/2024\\\/05\\\/03\\\/barretos-motorcycles-inicia-hoje-sexta-com-shows-cover-e-manobras-radicais\\\/#primaryimage\"},\"thumbnailUrl\":\"https:\\\/\\\/regiaonews.net.br\\\/2022\\\/wp-content\\\/uploads\\\/2024\\\/05\\\/DJI_0332-scaled.jpg\",\"datePublished\":\"2024-05-03T20:37:37+00:00\",\"breadcrumb\":{\"@id\":\"https:\\\/\\\/regiaonews.net.br\\\/2022\\\/2024\\\/05\\\/03\\\/barretos-motorcycles-inicia-hoje-sexta-com-shows-cover-e-manobras-radicais\\\/#breadcrumb\"},\"inLanguage\":\"pt-BR\",\"potentialAction\":[{\"@type\":\"ReadAction\",\"target\":[\"https:\\\/\\\/regiaonews.net.br\\\/2022\\\/2024\\\/05\\\/03\\\/barretos-motorcycles-inicia-hoje-sexta-com-shows-cover-e-manobras-radicais\\\/\"]}]},{\"@type\":\"ImageObject\",\"inLanguage\":\"pt-BR\",\"@id\":\"https:\\\/\\\/regiaonews.net.br\\\/2022\\\/2024\\\/05\\\/03\\\/barretos-motorcycles-inicia-hoje-sexta-com-shows-cover-e-manobras-radicais\\\/#primaryimage\",\"url\":\"https:\\\/\\\/regiaonews.net.br\\\/2022\\\/wp-content\\\/uploads\\\/2024\\\/05\\\/DJI_0332-scaled.jpg\",\"contentUrl\":\"https:\\\/\\\/regiaonews.net.br\\\/2022\\\/wp-content\\\/uploads\\\/2024\\\/05\\\/DJI_0332-scaled.jpg\",\"width\":2560,\"height\":1440},{\"@type\":\"BreadcrumbList\",\"@id\":\"https:\\\/\\\/regiaonews.net.br\\\/2022\\\/2024\\\/05\\\/03\\\/barretos-motorcycles-inicia-hoje-sexta-com-shows-cover-e-manobras-radicais\\\/#breadcrumb\",\"itemListElement\":[{\"@type\":\"ListItem\",\"position\":1,\"name\":\"In\u00edcio\",\"item\":\"https:\\\/\\\/regiaonews.net.br\\\/2022\\\/\"},{\"@type\":\"ListItem\",\"position\":2,\"name\":\"Barretos Motorcycles inicia hoje (sexta) com shows cover e manobras radicais\"}]},{\"@type\":\"WebSite\",\"@id\":\"https:\\\/\\\/regiaonews.net.br\\\/2022\\\/#website\",\"url\":\"https:\\\/\\\/regiaonews.net.br\\\/2022\\\/\",\"name\":\"Regi\u00e3o News\",\"description\":\"Site de Not\u00edcias de Barretos e regi\u00e3o\",\"publisher\":{\"@id\":\"https:\\\/\\\/regiaonews.net.br\\\/2022\\\/#organization\"},\"potentialAction\":[{\"@type\":\"SearchAction\",\"target\":{\"@type\":\"EntryPoint\",\"urlTemplate\":\"https:\\\/\\\/regiaonews.net.br\\\/2022\\\/?s={search_term_string}\"},\"query-input\":{\"@type\":\"PropertyValueSpecification\",\"valueRequired\":true,\"valueName\":\"search_term_string\"}}],\"inLanguage\":\"pt-BR\"},{\"@type\":\"Organization\",\"@id\":\"https:\\\/\\\/regiaonews.net.br\\\/2022\\\/#organization\",\"name\":\"Regi\u00e3o News\",\"url\":\"https:\\\/\\\/regiaonews.net.br\\\/2022\\\/\",\"logo\":{\"@type\":\"ImageObject\",\"inLanguage\":\"pt-BR\",\"@id\":\"https:\\\/\\\/regiaonews.net.br\\\/2022\\\/#\\\/schema\\\/logo\\\/image\\\/\",\"url\":\"https:\\\/\\\/regiaonews.net.br\\\/2022\\\/wp-content\\\/uploads\\\/2026\\\/03\\\/regiao-13-anos-scaled.jpg\",\"contentUrl\":\"https:\\\/\\\/regiaonews.net.br\\\/2022\\\/wp-content\\\/uploads\\\/2026\\\/03\\\/regiao-13-anos-scaled.jpg\",\"width\":2560,\"height\":635,\"caption\":\"Regi\u00e3o News\"},\"image\":{\"@id\":\"https:\\\/\\\/regiaonews.net.br\\\/2022\\\/#\\\/schema\\\/logo\\\/image\\\/\"}},{\"@type\":\"Person\",\"@id\":\"https:\\\/\\\/regiaonews.net.br\\\/2022\\\/#\\\/schema\\\/person\\\/2d205a608a5aa97ac279d7a5e6d89ad8\",\"name\":\"Roberto\",\"image\":{\"@type\":\"ImageObject\",\"inLanguage\":\"pt-BR\",\"@id\":\"https:\\\/\\\/secure.gravatar.com\\\/avatar\\\/42749d8b712ff9d59ca93dc150494e5b55a44134482993f5baeb97e61b7ecc89?s=96&d=mm&r=g\",\"url\":\"https:\\\/\\\/secure.gravatar.com\\\/avatar\\\/42749d8b712ff9d59ca93dc150494e5b55a44134482993f5baeb97e61b7ecc89?s=96&d=mm&r=g\",\"contentUrl\":\"https:\\\/\\\/secure.gravatar.com\\\/avatar\\\/42749d8b712ff9d59ca93dc150494e5b55a44134482993f5baeb97e61b7ecc89?s=96&d=mm&r=g\",\"caption\":\"Roberto\"},\"url\":\"https:\\\/\\\/regiaonews.net.br\\\/2022\\\/author\\\/roberto\\\/\"}]}<\/script>\n<!-- \/ Yoast SEO plugin. -->","yoast_head_json":{"title":"Barretos Motorcycles inicia hoje (sexta) com shows cover e manobras radicais - Regi\u00e3o News","robots":{"index":"index","follow":"follow","max-snippet":"max-snippet:-1","max-image-preview":"max-image-preview:large","max-video-preview":"max-video-preview:-1"},"canonical":"https:\/\/regiaonews.net.br\/2022\/2024\/05\/03\/barretos-motorcycles-inicia-hoje-sexta-com-shows-cover-e-manobras-radicais\/","og_locale":"pt_BR","og_type":"article","og_title":"Barretos Motorcycles inicia hoje (sexta) com shows cover e manobras radicais - Regi\u00e3o News","og_description":"Comemorando 20 anos, evento acontece de 03 a 05 de","og_url":"https:\/\/regiaonews.net.br\/2022\/2024\/05\/03\/barretos-motorcycles-inicia-hoje-sexta-com-shows-cover-e-manobras-radicais\/","og_site_name":"Regi\u00e3o News","article_published_time":"2024-05-03T20:37:37+00:00","og_image":[{"width":2560,"height":1440,"url":"https:\/\/regiaonews.net.br\/2022\/wp-content\/uploads\/2024\/05\/DJI_0332-scaled.jpg","type":"image\/jpeg"}],"author":"Roberto","twitter_card":"summary_large_image","twitter_misc":{"Escrito por":"Roberto","Est. tempo de leitura":"2 minutos"},"schema":{"@context":"https:\/\/schema.org","@graph":[{"@type":"Article","@id":"https:\/\/regiaonews.net.br\/2022\/2024\/05\/03\/barretos-motorcycles-inicia-hoje-sexta-com-shows-cover-e-manobras-radicais\/#article","isPartOf":{"@id":"https:\/\/regiaonews.net.br\/2022\/2024\/05\/03\/barretos-motorcycles-inicia-hoje-sexta-com-shows-cover-e-manobras-radicais\/"},"author":{"name":"Roberto","@id":"https:\/\/regiaonews.net.br\/2022\/#\/schema\/person\/2d205a608a5aa97ac279d7a5e6d89ad8"},"headline":"Barretos Motorcycles inicia hoje (sexta) com shows cover e manobras radicais","datePublished":"2024-05-03T20:37:37+00:00","mainEntityOfPage":{"@id":"https:\/\/regiaonews.net.br\/2022\/2024\/05\/03\/barretos-motorcycles-inicia-hoje-sexta-com-shows-cover-e-manobras-radicais\/"},"wordCount":275,"commentCount":0,"publisher":{"@id":"https:\/\/regiaonews.net.br\/2022\/#organization"},"image":{"@id":"https:\/\/regiaonews.net.br\/2022\/2024\/05\/03\/barretos-motorcycles-inicia-hoje-sexta-com-shows-cover-e-manobras-radicais\/#primaryimage"},"thumbnailUrl":"https:\/\/regiaonews.net.br\/2022\/wp-content\/uploads\/2024\/05\/DJI_0332-scaled.jpg","articleSection":["Barretos","Cidades"],"inLanguage":"pt-BR","potentialAction":[{"@type":"CommentAction","name":"Comment","target":["https:\/\/regiaonews.net.br\/2022\/2024\/05\/03\/barretos-motorcycles-inicia-hoje-sexta-com-shows-cover-e-manobras-radicais\/#respond"]}]},{"@type":"WebPage","@id":"https:\/\/regiaonews.net.br\/2022\/2024\/05\/03\/barretos-motorcycles-inicia-hoje-sexta-com-shows-cover-e-manobras-radicais\/","url":"https:\/\/regiaonews.net.br\/2022\/2024\/05\/03\/barretos-motorcycles-inicia-hoje-sexta-com-shows-cover-e-manobras-radicais\/","name":"Barretos Motorcycles inicia hoje (sexta) com shows cover e manobras radicais - Regi\u00e3o News","isPartOf":{"@id":"https:\/\/regiaonews.net.br\/2022\/#website"},"primaryImageOfPage":{"@id":"https:\/\/regiaonews.net.br\/2022\/2024\/05\/03\/barretos-motorcycles-inicia-hoje-sexta-com-shows-cover-e-manobras-radicais\/#primaryimage"},"image":{"@id":"https:\/\/regiaonews.net.br\/2022\/2024\/05\/03\/barretos-motorcycles-inicia-hoje-sexta-com-shows-cover-e-manobras-radicais\/#primaryimage"},"thumbnailUrl":"https:\/\/regiaonews.net.br\/2022\/wp-content\/uploads\/2024\/05\/DJI_0332-scaled.jpg","datePublished":"2024-05-03T20:37:37+00:00","breadcrumb":{"@id":"https:\/\/regiaonews.net.br\/2022\/2024\/05\/03\/barretos-motorcycles-inicia-hoje-sexta-com-shows-cover-e-manobras-radicais\/#breadcrumb"},"inLanguage":"pt-BR","potentialAction":[{"@type":"ReadAction","target":["https:\/\/regiaonews.net.br\/2022\/2024\/05\/03\/barretos-motorcycles-inicia-hoje-sexta-com-shows-cover-e-manobras-radicais\/"]}]},{"@type":"ImageObject","inLanguage":"pt-BR","@id":"https:\/\/regiaonews.net.br\/2022\/2024\/05\/03\/barretos-motorcycles-inicia-hoje-sexta-com-shows-cover-e-manobras-radicais\/#primaryimage","url":"https:\/\/regiaonews.net.br\/2022\/wp-content\/uploads\/2024\/05\/DJI_0332-scaled.jpg","contentUrl":"https:\/\/regiaonews.net.br\/2022\/wp-content\/uploads\/2024\/05\/DJI_0332-scaled.jpg","width":2560,"height":1440},{"@type":"BreadcrumbList","@id":"https:\/\/regiaonews.net.br\/2022\/2024\/05\/03\/barretos-motorcycles-inicia-hoje-sexta-com-shows-cover-e-manobras-radicais\/#breadcrumb","itemListElement":[{"@type":"ListItem","position":1,"name":"In\u00edcio","item":"https:\/\/regiaonews.net.br\/2022\/"},{"@type":"ListItem","position":2,"name":"Barretos Motorcycles inicia hoje (sexta) com shows cover e manobras radicais"}]},{"@type":"WebSite","@id":"https:\/\/regiaonews.net.br\/2022\/#website","url":"https:\/\/regiaonews.net.br\/2022\/","name":"Regi\u00e3o News","description":"Site de Not\u00edcias de Barretos e regi\u00e3o","publisher":{"@id":"https:\/\/regiaonews.net.br\/2022\/#organization"},"potentialAction":[{"@type":"SearchAction","target":{"@type":"EntryPoint","urlTemplate":"https:\/\/regiaonews.net.br\/2022\/?s={search_term_string}"},"query-input":{"@type":"PropertyValueSpecification","valueRequired":true,"valueName":"search_term_string"}}],"inLanguage":"pt-BR"},{"@type":"Organization","@id":"https:\/\/regiaonews.net.br\/2022\/#organization","name":"Regi\u00e3o News","url":"https:\/\/regiaonews.net.br\/2022\/","logo":{"@type":"ImageObject","inLanguage":"pt-BR","@id":"https:\/\/regiaonews.net.br\/2022\/#\/schema\/logo\/image\/","url":"https:\/\/regiaonews.net.br\/2022\/wp-content\/uploads\/2026\/03\/regiao-13-anos-scaled.jpg","contentUrl":"https:\/\/regiaonews.net.br\/2022\/wp-content\/uploads\/2026\/03\/regiao-13-anos-scaled.jpg","width":2560,"height":635,"caption":"Regi\u00e3o News"},"image":{"@id":"https:\/\/regiaonews.net.br\/2022\/#\/schema\/logo\/image\/"}},{"@type":"Person","@id":"https:\/\/regiaonews.net.br\/2022\/#\/schema\/person\/2d205a608a5aa97ac279d7a5e6d89ad8","name":"Roberto","image":{"@type":"ImageObject","inLanguage":"pt-BR","@id":"https:\/\/secure.gravatar.com\/avatar\/42749d8b712ff9d59ca93dc150494e5b55a44134482993f5baeb97e61b7ecc89?s=96&d=mm&r=g","url":"https:\/\/secure.gravatar.com\/avatar\/42749d8b712ff9d59ca93dc150494e5b55a44134482993f5baeb97e61b7ecc89?s=96&d=mm&r=g","contentUrl":"https:\/\/secure.gravatar.com\/avatar\/42749d8b712ff9d59ca93dc150494e5b55a44134482993f5baeb97e61b7ecc89?s=96&d=mm&r=g","caption":"Roberto"},"url":"https:\/\/regiaonews.net.br\/2022\/author\/roberto\/"}]}},"publishpress_future_action":{"enabled":false,"date":"2026-05-04 00:20:24","action":"change-status","newStatus":"draft","terms":[],"taxonomy":"category","extraData":[]},"publishpress_future_workflow_manual_trigger":{"enabledWorkflows":[]},"_links":{"self":[{"href":"https:\/\/regiaonews.net.br\/2022\/wp-json\/wp\/v2\/posts\/104510","targetHints":{"allow":["GET"]}}],"collection":[{"href":"https:\/\/regiaonews.net.br\/2022\/wp-json\/wp\/v2\/posts"}],"about":[{"href":"https:\/\/regiaonews.net.br\/2022\/wp-json\/wp\/v2\/types\/post"}],"author":[{"embeddable":true,"href":"https:\/\/regiaonews.net.br\/2022\/wp-json\/wp\/v2\/users\/2"}],"replies":[{"embeddable":true,"href":"https:\/\/regiaonews.net.br\/2022\/wp-json\/wp\/v2\/comments?post=104510"}],"version-history":[{"count":1,"href":"https:\/\/regiaonews.net.br\/2022\/wp-json\/wp\/v2\/posts\/104510\/revisions"}],"predecessor-version":[{"id":104512,"href":"https:\/\/regiaonews.net.br\/2022\/wp-json\/wp\/v2\/posts\/104510\/revisions\/104512"}],"wp:featuredmedia":[{"embeddable":true,"href":"https:\/\/regiaonews.net.br\/2022\/wp-json\/wp\/v2\/media\/104511"}],"wp:attachment":[{"href":"https:\/\/regiaonews.net.br\/2022\/wp-json\/wp\/v2\/media?parent=104510"}],"wp:term":[{"taxonomy":"category","embeddable":true,"href":"https:\/\/regiaonews.net.br\/2022\/wp-json\/wp\/v2\/categories?post=104510"},{"taxonomy":"post_tag","embeddable":true,"href":"https:\/\/regiaonews.net.br\/2022\/wp-json\/wp\/v2\/tags?post=104510"}],"curies":[{"name":"wp","href":"https:\/\/api.w.org\/{rel}","templated":true}]}}