{"id":104498,"date":"2024-05-03T17:19:29","date_gmt":"2024-05-03T20:19:29","guid":{"rendered":"https:\/\/regiaonews.net.br\/2022\/?p=104498"},"modified":"2024-05-03T17:33:01","modified_gmt":"2024-05-03T20:33:01","slug":"maio-laranja-campanha-de-combate-a-exploracao-e-abuso-sexual-infantil-sera-lancada-nesta-segunda-feira-6","status":"publish","type":"post","link":"https:\/\/regiaonews.net.br\/2022\/2024\/05\/03\/maio-laranja-campanha-de-combate-a-exploracao-e-abuso-sexual-infantil-sera-lancada-nesta-segunda-feira-6\/","title":{"rendered":"Maio Laranja: Campanha de combate \u00e0 explora\u00e7\u00e3o e abuso sexual infantil ser\u00e1 lan\u00e7ada nesta segunda-feira, 6"},"content":{"rendered":"<p>&nbsp;<\/p>\n<p>Barretos faz bonito! Prefeitura e sociedade civil se mobilizam na conscientiza\u00e7\u00e3o e refor\u00e7am rede de apoio. Concurso de desenhos \u00e9 destaque<\/p>\n<p>A Prefeitura de Barretos lan\u00e7a a programa\u00e7\u00e3o \u201cBarretos Faz Bonito!\u201d, relacionada \u00e0 \u201cCampanha Maio Laranja: m\u00eas de combate \u00e0 explora\u00e7\u00e3o e abuso sexual infantil\u201d, nesta segunda-feira, dia 6. Destaca-se neste ano, o concurso de desenhos relacionados ao tema, que contar\u00e1 com premia\u00e7\u00f5es.<\/p>\n<p>Os desenhos ser\u00e3o desenvolvidos por estudantes de duas escolas da rede municipal: E.M. Giuseppe Carnimeo e E.M. S\u00e3o Francisco. Depois da produ\u00e7\u00e3o, os desenhos ficar\u00e3o expostos no North Shopping Barretos, onde a popula\u00e7\u00e3o poder\u00e1 participar da vota\u00e7\u00e3o entre os dias 14 e 16. No dia 17 de maio, ser\u00e3o divulgados os resultados e realizada a entrega das premia\u00e7\u00f5es.<\/p>\n<p>At\u00e9 o dia 17, a Secretaria Municipal de Assist\u00eancia Social e Desenvolvimento Humano realizar\u00e1 uma sequ\u00eancia de a\u00e7\u00f5es na cidade, voltadas para a conscientiza\u00e7\u00e3o de crian\u00e7as, adolescentes, estudantes universit\u00e1rios, pessoas idosas e fam\u00edlias assistidas nos CRAS e CREAS.<\/p>\n<p>Os eventos, realizados em mobiliza\u00e7\u00e3o conjunta entre a Prefeitura e a Sociedade Civil, contam com a participa\u00e7\u00e3o do Conselho Tutelar, Delegacia da Mulher (DDM), Minist\u00e9rio P\u00fablico, Defensoria P\u00fablica, North Shopping Barretos, Unifeb, Conselho Municipal dos Direitos da Mulher (COMDIM), Casa da Juventude, Instituto O Amor e das Secretarias de Cultura e da Educa\u00e7\u00e3o.<\/p>\n<p>\u201cA prote\u00e7\u00e3o das crian\u00e7as e adolescentes \u00e9 prioridade em Barretos. Contamos com uma rede de aten\u00e7\u00e3o em tempo integral. Diante de ind\u00edcios de abuso ou explora\u00e7\u00e3o, a popula\u00e7\u00e3o deve procurar o CREAS ou o Conselho Tutelar, que atua 24h. Den\u00fancias podem ser feitas tamb\u00e9m pelo Disque 100\u201d, refor\u00e7ou a prefeita Paula Lemos.<\/p>\n<p>Servi\u00e7o:<\/p>\n<p>Assunto: Lan\u00e7amento da programa\u00e7\u00e3o \u201cBarretos Faz Bonito!\u201d,<\/p>\n<p>Campanha: Maio Laranja: m\u00eas de combate \u00e0 explora\u00e7\u00e3o e abuso sexual infantil\u201d<\/p>\n<p>Quando: 6 a 17 de maio<\/p>\n<p>Como acionar a Rede de prote\u00e7\u00e3o em Barretos:<\/p>\n<p>Conselho Tutelar \u2013 24h: (17) 98217-5999<\/p>\n<p>Centro de Refer\u00eancia Especializado de Assist\u00eancia Social (CREAS): (17) 3612-2650 &#8211; Rua 28, 450 \u2013 Centro<\/p>\n<p>Delegacia de Defesa da Mulher: (17) 3612-2845 \u2013 telefone e WhatsApp &#8211; Rua 18, n. 137, entre as Avenidas 29 e 31, no Centro. A<\/p>\n<p>Disque Direitos Humanos: Disque 100<\/p>\n","protected":false},"excerpt":{"rendered":"<p>&nbsp; Barretos faz bonito! Prefeitura e sociedade civil se mobilizam<\/p>\n","protected":false},"author":2,"featured_media":104509,"comment_status":"open","ping_status":"open","sticky":false,"template":"","format":"standard","meta":{"footnotes":""},"categories":[14,25],"tags":[],"class_list":["post-104498","post","type-post","status-publish","format-standard","has-post-thumbnail","hentry","category-barretos","category-cidades"],"yoast_head":"<!-- This site is optimized with the Yoast SEO plugin v27.4 - https:\/\/yoast.com\/product\/yoast-seo-wordpress\/ -->\n<title>Maio Laranja: Campanha de combate \u00e0 explora\u00e7\u00e3o e abuso sexual infantil ser\u00e1 lan\u00e7ada nesta segunda-feira, 6 - Regi\u00e3o News<\/title>\n<meta name=\"robots\" content=\"index, follow, max-snippet:-1, max-image-preview:large, max-video-preview:-1\" \/>\n<link rel=\"canonical\" href=\"https:\/\/regiaonews.net.br\/2022\/2024\/05\/03\/maio-laranja-campanha-de-combate-a-exploracao-e-abuso-sexual-infantil-sera-lancada-nesta-segunda-feira-6\/\" \/>\n<meta property=\"og:locale\" content=\"pt_BR\" \/>\n<meta property=\"og:type\" content=\"article\" \/>\n<meta property=\"og:title\" content=\"Maio Laranja: Campanha de combate \u00e0 explora\u00e7\u00e3o e abuso sexual infantil ser\u00e1 lan\u00e7ada nesta segunda-feira, 6 - Regi\u00e3o News\" \/>\n<meta property=\"og:description\" content=\"&nbsp; Barretos faz bonito! Prefeitura e sociedade civil se mobilizam\" \/>\n<meta property=\"og:url\" content=\"https:\/\/regiaonews.net.br\/2022\/2024\/05\/03\/maio-laranja-campanha-de-combate-a-exploracao-e-abuso-sexual-infantil-sera-lancada-nesta-segunda-feira-6\/\" \/>\n<meta property=\"og:site_name\" content=\"Regi\u00e3o News\" \/>\n<meta property=\"article:published_time\" content=\"2024-05-03T20:19:29+00:00\" \/>\n<meta property=\"article:modified_time\" content=\"2024-05-03T20:33:01+00:00\" \/>\n<meta property=\"og:image\" content=\"https:\/\/regiaonews.net.br\/2022\/wp-content\/uploads\/2024\/05\/WhatsApp-Image-2024-05-03-at-17.29.38.jpeg\" \/>\n\t<meta property=\"og:image:width\" content=\"854\" \/>\n\t<meta property=\"og:image:height\" content=\"879\" \/>\n\t<meta property=\"og:image:type\" content=\"image\/jpeg\" \/>\n<meta name=\"author\" content=\"Roberto\" \/>\n<meta name=\"twitter:card\" content=\"summary_large_image\" \/>\n<meta name=\"twitter:label1\" content=\"Escrito por\" \/>\n\t<meta name=\"twitter:data1\" content=\"Roberto\" \/>\n\t<meta name=\"twitter:label2\" content=\"Est. tempo de leitura\" \/>\n\t<meta name=\"twitter:data2\" content=\"3 minutos\" \/>\n<script type=\"application\/ld+json\" class=\"yoast-schema-graph\">{\"@context\":\"https:\\\/\\\/schema.org\",\"@graph\":[{\"@type\":\"Article\",\"@id\":\"https:\\\/\\\/regiaonews.net.br\\\/2022\\\/2024\\\/05\\\/03\\\/maio-laranja-campanha-de-combate-a-exploracao-e-abuso-sexual-infantil-sera-lancada-nesta-segunda-feira-6\\\/#article\",\"isPartOf\":{\"@id\":\"https:\\\/\\\/regiaonews.net.br\\\/2022\\\/2024\\\/05\\\/03\\\/maio-laranja-campanha-de-combate-a-exploracao-e-abuso-sexual-infantil-sera-lancada-nesta-segunda-feira-6\\\/\"},\"author\":{\"name\":\"Roberto\",\"@id\":\"https:\\\/\\\/regiaonews.net.br\\\/2022\\\/#\\\/schema\\\/person\\\/2d205a608a5aa97ac279d7a5e6d89ad8\"},\"headline\":\"Maio Laranja: Campanha de combate \u00e0 explora\u00e7\u00e3o e abuso sexual infantil ser\u00e1 lan\u00e7ada nesta segunda-feira, 6\",\"datePublished\":\"2024-05-03T20:19:29+00:00\",\"dateModified\":\"2024-05-03T20:33:01+00:00\",\"mainEntityOfPage\":{\"@id\":\"https:\\\/\\\/regiaonews.net.br\\\/2022\\\/2024\\\/05\\\/03\\\/maio-laranja-campanha-de-combate-a-exploracao-e-abuso-sexual-infantil-sera-lancada-nesta-segunda-feira-6\\\/\"},\"wordCount\":388,\"commentCount\":0,\"publisher\":{\"@id\":\"https:\\\/\\\/regiaonews.net.br\\\/2022\\\/#organization\"},\"image\":{\"@id\":\"https:\\\/\\\/regiaonews.net.br\\\/2022\\\/2024\\\/05\\\/03\\\/maio-laranja-campanha-de-combate-a-exploracao-e-abuso-sexual-infantil-sera-lancada-nesta-segunda-feira-6\\\/#primaryimage\"},\"thumbnailUrl\":\"https:\\\/\\\/regiaonews.net.br\\\/2022\\\/wp-content\\\/uploads\\\/2024\\\/05\\\/WhatsApp-Image-2024-05-03-at-17.29.38.jpeg\",\"articleSection\":[\"Barretos\",\"Cidades\"],\"inLanguage\":\"pt-BR\",\"potentialAction\":[{\"@type\":\"CommentAction\",\"name\":\"Comment\",\"target\":[\"https:\\\/\\\/regiaonews.net.br\\\/2022\\\/2024\\\/05\\\/03\\\/maio-laranja-campanha-de-combate-a-exploracao-e-abuso-sexual-infantil-sera-lancada-nesta-segunda-feira-6\\\/#respond\"]}]},{\"@type\":\"WebPage\",\"@id\":\"https:\\\/\\\/regiaonews.net.br\\\/2022\\\/2024\\\/05\\\/03\\\/maio-laranja-campanha-de-combate-a-exploracao-e-abuso-sexual-infantil-sera-lancada-nesta-segunda-feira-6\\\/\",\"url\":\"https:\\\/\\\/regiaonews.net.br\\\/2022\\\/2024\\\/05\\\/03\\\/maio-laranja-campanha-de-combate-a-exploracao-e-abuso-sexual-infantil-sera-lancada-nesta-segunda-feira-6\\\/\",\"name\":\"Maio Laranja: Campanha de combate \u00e0 explora\u00e7\u00e3o e abuso sexual infantil ser\u00e1 lan\u00e7ada nesta segunda-feira, 6 - Regi\u00e3o News\",\"isPartOf\":{\"@id\":\"https:\\\/\\\/regiaonews.net.br\\\/2022\\\/#website\"},\"primaryImageOfPage\":{\"@id\":\"https:\\\/\\\/regiaonews.net.br\\\/2022\\\/2024\\\/05\\\/03\\\/maio-laranja-campanha-de-combate-a-exploracao-e-abuso-sexual-infantil-sera-lancada-nesta-segunda-feira-6\\\/#primaryimage\"},\"image\":{\"@id\":\"https:\\\/\\\/regiaonews.net.br\\\/2022\\\/2024\\\/05\\\/03\\\/maio-laranja-campanha-de-combate-a-exploracao-e-abuso-sexual-infantil-sera-lancada-nesta-segunda-feira-6\\\/#primaryimage\"},\"thumbnailUrl\":\"https:\\\/\\\/regiaonews.net.br\\\/2022\\\/wp-content\\\/uploads\\\/2024\\\/05\\\/WhatsApp-Image-2024-05-03-at-17.29.38.jpeg\",\"datePublished\":\"2024-05-03T20:19:29+00:00\",\"dateModified\":\"2024-05-03T20:33:01+00:00\",\"breadcrumb\":{\"@id\":\"https:\\\/\\\/regiaonews.net.br\\\/2022\\\/2024\\\/05\\\/03\\\/maio-laranja-campanha-de-combate-a-exploracao-e-abuso-sexual-infantil-sera-lancada-nesta-segunda-feira-6\\\/#breadcrumb\"},\"inLanguage\":\"pt-BR\",\"potentialAction\":[{\"@type\":\"ReadAction\",\"target\":[\"https:\\\/\\\/regiaonews.net.br\\\/2022\\\/2024\\\/05\\\/03\\\/maio-laranja-campanha-de-combate-a-exploracao-e-abuso-sexual-infantil-sera-lancada-nesta-segunda-feira-6\\\/\"]}]},{\"@type\":\"ImageObject\",\"inLanguage\":\"pt-BR\",\"@id\":\"https:\\\/\\\/regiaonews.net.br\\\/2022\\\/2024\\\/05\\\/03\\\/maio-laranja-campanha-de-combate-a-exploracao-e-abuso-sexual-infantil-sera-lancada-nesta-segunda-feira-6\\\/#primaryimage\",\"url\":\"https:\\\/\\\/regiaonews.net.br\\\/2022\\\/wp-content\\\/uploads\\\/2024\\\/05\\\/WhatsApp-Image-2024-05-03-at-17.29.38.jpeg\",\"contentUrl\":\"https:\\\/\\\/regiaonews.net.br\\\/2022\\\/wp-content\\\/uploads\\\/2024\\\/05\\\/WhatsApp-Image-2024-05-03-at-17.29.38.jpeg\",\"width\":854,\"height\":879},{\"@type\":\"BreadcrumbList\",\"@id\":\"https:\\\/\\\/regiaonews.net.br\\\/2022\\\/2024\\\/05\\\/03\\\/maio-laranja-campanha-de-combate-a-exploracao-e-abuso-sexual-infantil-sera-lancada-nesta-segunda-feira-6\\\/#breadcrumb\",\"itemListElement\":[{\"@type\":\"ListItem\",\"position\":1,\"name\":\"In\u00edcio\",\"item\":\"https:\\\/\\\/regiaonews.net.br\\\/2022\\\/\"},{\"@type\":\"ListItem\",\"position\":2,\"name\":\"Maio Laranja: Campanha de combate \u00e0 explora\u00e7\u00e3o e abuso sexual infantil ser\u00e1 lan\u00e7ada nesta segunda-feira, 6\"}]},{\"@type\":\"WebSite\",\"@id\":\"https:\\\/\\\/regiaonews.net.br\\\/2022\\\/#website\",\"url\":\"https:\\\/\\\/regiaonews.net.br\\\/2022\\\/\",\"name\":\"Regi\u00e3o News\",\"description\":\"Site de Not\u00edcias de Barretos e regi\u00e3o\",\"publisher\":{\"@id\":\"https:\\\/\\\/regiaonews.net.br\\\/2022\\\/#organization\"},\"potentialAction\":[{\"@type\":\"SearchAction\",\"target\":{\"@type\":\"EntryPoint\",\"urlTemplate\":\"https:\\\/\\\/regiaonews.net.br\\\/2022\\\/?s={search_term_string}\"},\"query-input\":{\"@type\":\"PropertyValueSpecification\",\"valueRequired\":true,\"valueName\":\"search_term_string\"}}],\"inLanguage\":\"pt-BR\"},{\"@type\":\"Organization\",\"@id\":\"https:\\\/\\\/regiaonews.net.br\\\/2022\\\/#organization\",\"name\":\"Regi\u00e3o News\",\"url\":\"https:\\\/\\\/regiaonews.net.br\\\/2022\\\/\",\"logo\":{\"@type\":\"ImageObject\",\"inLanguage\":\"pt-BR\",\"@id\":\"https:\\\/\\\/regiaonews.net.br\\\/2022\\\/#\\\/schema\\\/logo\\\/image\\\/\",\"url\":\"https:\\\/\\\/regiaonews.net.br\\\/2022\\\/wp-content\\\/uploads\\\/2026\\\/03\\\/regiao-13-anos-scaled.jpg\",\"contentUrl\":\"https:\\\/\\\/regiaonews.net.br\\\/2022\\\/wp-content\\\/uploads\\\/2026\\\/03\\\/regiao-13-anos-scaled.jpg\",\"width\":2560,\"height\":635,\"caption\":\"Regi\u00e3o News\"},\"image\":{\"@id\":\"https:\\\/\\\/regiaonews.net.br\\\/2022\\\/#\\\/schema\\\/logo\\\/image\\\/\"}},{\"@type\":\"Person\",\"@id\":\"https:\\\/\\\/regiaonews.net.br\\\/2022\\\/#\\\/schema\\\/person\\\/2d205a608a5aa97ac279d7a5e6d89ad8\",\"name\":\"Roberto\",\"image\":{\"@type\":\"ImageObject\",\"inLanguage\":\"pt-BR\",\"@id\":\"https:\\\/\\\/secure.gravatar.com\\\/avatar\\\/42749d8b712ff9d59ca93dc150494e5b55a44134482993f5baeb97e61b7ecc89?s=96&d=mm&r=g\",\"url\":\"https:\\\/\\\/secure.gravatar.com\\\/avatar\\\/42749d8b712ff9d59ca93dc150494e5b55a44134482993f5baeb97e61b7ecc89?s=96&d=mm&r=g\",\"contentUrl\":\"https:\\\/\\\/secure.gravatar.com\\\/avatar\\\/42749d8b712ff9d59ca93dc150494e5b55a44134482993f5baeb97e61b7ecc89?s=96&d=mm&r=g\",\"caption\":\"Roberto\"},\"url\":\"https:\\\/\\\/regiaonews.net.br\\\/2022\\\/author\\\/roberto\\\/\"}]}<\/script>\n<!-- \/ Yoast SEO plugin. -->","yoast_head_json":{"title":"Maio Laranja: Campanha de combate \u00e0 explora\u00e7\u00e3o e abuso sexual infantil ser\u00e1 lan\u00e7ada nesta segunda-feira, 6 - Regi\u00e3o News","robots":{"index":"index","follow":"follow","max-snippet":"max-snippet:-1","max-image-preview":"max-image-preview:large","max-video-preview":"max-video-preview:-1"},"canonical":"https:\/\/regiaonews.net.br\/2022\/2024\/05\/03\/maio-laranja-campanha-de-combate-a-exploracao-e-abuso-sexual-infantil-sera-lancada-nesta-segunda-feira-6\/","og_locale":"pt_BR","og_type":"article","og_title":"Maio Laranja: Campanha de combate \u00e0 explora\u00e7\u00e3o e abuso sexual infantil ser\u00e1 lan\u00e7ada nesta segunda-feira, 6 - Regi\u00e3o News","og_description":"&nbsp; Barretos faz bonito! Prefeitura e sociedade civil se mobilizam","og_url":"https:\/\/regiaonews.net.br\/2022\/2024\/05\/03\/maio-laranja-campanha-de-combate-a-exploracao-e-abuso-sexual-infantil-sera-lancada-nesta-segunda-feira-6\/","og_site_name":"Regi\u00e3o News","article_published_time":"2024-05-03T20:19:29+00:00","article_modified_time":"2024-05-03T20:33:01+00:00","og_image":[{"width":854,"height":879,"url":"https:\/\/regiaonews.net.br\/2022\/wp-content\/uploads\/2024\/05\/WhatsApp-Image-2024-05-03-at-17.29.38.jpeg","type":"image\/jpeg"}],"author":"Roberto","twitter_card":"summary_large_image","twitter_misc":{"Escrito por":"Roberto","Est. tempo de leitura":"3 minutos"},"schema":{"@context":"https:\/\/schema.org","@graph":[{"@type":"Article","@id":"https:\/\/regiaonews.net.br\/2022\/2024\/05\/03\/maio-laranja-campanha-de-combate-a-exploracao-e-abuso-sexual-infantil-sera-lancada-nesta-segunda-feira-6\/#article","isPartOf":{"@id":"https:\/\/regiaonews.net.br\/2022\/2024\/05\/03\/maio-laranja-campanha-de-combate-a-exploracao-e-abuso-sexual-infantil-sera-lancada-nesta-segunda-feira-6\/"},"author":{"name":"Roberto","@id":"https:\/\/regiaonews.net.br\/2022\/#\/schema\/person\/2d205a608a5aa97ac279d7a5e6d89ad8"},"headline":"Maio Laranja: Campanha de combate \u00e0 explora\u00e7\u00e3o e abuso sexual infantil ser\u00e1 lan\u00e7ada nesta segunda-feira, 6","datePublished":"2024-05-03T20:19:29+00:00","dateModified":"2024-05-03T20:33:01+00:00","mainEntityOfPage":{"@id":"https:\/\/regiaonews.net.br\/2022\/2024\/05\/03\/maio-laranja-campanha-de-combate-a-exploracao-e-abuso-sexual-infantil-sera-lancada-nesta-segunda-feira-6\/"},"wordCount":388,"commentCount":0,"publisher":{"@id":"https:\/\/regiaonews.net.br\/2022\/#organization"},"image":{"@id":"https:\/\/regiaonews.net.br\/2022\/2024\/05\/03\/maio-laranja-campanha-de-combate-a-exploracao-e-abuso-sexual-infantil-sera-lancada-nesta-segunda-feira-6\/#primaryimage"},"thumbnailUrl":"https:\/\/regiaonews.net.br\/2022\/wp-content\/uploads\/2024\/05\/WhatsApp-Image-2024-05-03-at-17.29.38.jpeg","articleSection":["Barretos","Cidades"],"inLanguage":"pt-BR","potentialAction":[{"@type":"CommentAction","name":"Comment","target":["https:\/\/regiaonews.net.br\/2022\/2024\/05\/03\/maio-laranja-campanha-de-combate-a-exploracao-e-abuso-sexual-infantil-sera-lancada-nesta-segunda-feira-6\/#respond"]}]},{"@type":"WebPage","@id":"https:\/\/regiaonews.net.br\/2022\/2024\/05\/03\/maio-laranja-campanha-de-combate-a-exploracao-e-abuso-sexual-infantil-sera-lancada-nesta-segunda-feira-6\/","url":"https:\/\/regiaonews.net.br\/2022\/2024\/05\/03\/maio-laranja-campanha-de-combate-a-exploracao-e-abuso-sexual-infantil-sera-lancada-nesta-segunda-feira-6\/","name":"Maio Laranja: Campanha de combate \u00e0 explora\u00e7\u00e3o e abuso sexual infantil ser\u00e1 lan\u00e7ada nesta segunda-feira, 6 - Regi\u00e3o News","isPartOf":{"@id":"https:\/\/regiaonews.net.br\/2022\/#website"},"primaryImageOfPage":{"@id":"https:\/\/regiaonews.net.br\/2022\/2024\/05\/03\/maio-laranja-campanha-de-combate-a-exploracao-e-abuso-sexual-infantil-sera-lancada-nesta-segunda-feira-6\/#primaryimage"},"image":{"@id":"https:\/\/regiaonews.net.br\/2022\/2024\/05\/03\/maio-laranja-campanha-de-combate-a-exploracao-e-abuso-sexual-infantil-sera-lancada-nesta-segunda-feira-6\/#primaryimage"},"thumbnailUrl":"https:\/\/regiaonews.net.br\/2022\/wp-content\/uploads\/2024\/05\/WhatsApp-Image-2024-05-03-at-17.29.38.jpeg","datePublished":"2024-05-03T20:19:29+00:00","dateModified":"2024-05-03T20:33:01+00:00","breadcrumb":{"@id":"https:\/\/regiaonews.net.br\/2022\/2024\/05\/03\/maio-laranja-campanha-de-combate-a-exploracao-e-abuso-sexual-infantil-sera-lancada-nesta-segunda-feira-6\/#breadcrumb"},"inLanguage":"pt-BR","potentialAction":[{"@type":"ReadAction","target":["https:\/\/regiaonews.net.br\/2022\/2024\/05\/03\/maio-laranja-campanha-de-combate-a-exploracao-e-abuso-sexual-infantil-sera-lancada-nesta-segunda-feira-6\/"]}]},{"@type":"ImageObject","inLanguage":"pt-BR","@id":"https:\/\/regiaonews.net.br\/2022\/2024\/05\/03\/maio-laranja-campanha-de-combate-a-exploracao-e-abuso-sexual-infantil-sera-lancada-nesta-segunda-feira-6\/#primaryimage","url":"https:\/\/regiaonews.net.br\/2022\/wp-content\/uploads\/2024\/05\/WhatsApp-Image-2024-05-03-at-17.29.38.jpeg","contentUrl":"https:\/\/regiaonews.net.br\/2022\/wp-content\/uploads\/2024\/05\/WhatsApp-Image-2024-05-03-at-17.29.38.jpeg","width":854,"height":879},{"@type":"BreadcrumbList","@id":"https:\/\/regiaonews.net.br\/2022\/2024\/05\/03\/maio-laranja-campanha-de-combate-a-exploracao-e-abuso-sexual-infantil-sera-lancada-nesta-segunda-feira-6\/#breadcrumb","itemListElement":[{"@type":"ListItem","position":1,"name":"In\u00edcio","item":"https:\/\/regiaonews.net.br\/2022\/"},{"@type":"ListItem","position":2,"name":"Maio Laranja: Campanha de combate \u00e0 explora\u00e7\u00e3o e abuso sexual infantil ser\u00e1 lan\u00e7ada nesta segunda-feira, 6"}]},{"@type":"WebSite","@id":"https:\/\/regiaonews.net.br\/2022\/#website","url":"https:\/\/regiaonews.net.br\/2022\/","name":"Regi\u00e3o News","description":"Site de Not\u00edcias de Barretos e regi\u00e3o","publisher":{"@id":"https:\/\/regiaonews.net.br\/2022\/#organization"},"potentialAction":[{"@type":"SearchAction","target":{"@type":"EntryPoint","urlTemplate":"https:\/\/regiaonews.net.br\/2022\/?s={search_term_string}"},"query-input":{"@type":"PropertyValueSpecification","valueRequired":true,"valueName":"search_term_string"}}],"inLanguage":"pt-BR"},{"@type":"Organization","@id":"https:\/\/regiaonews.net.br\/2022\/#organization","name":"Regi\u00e3o News","url":"https:\/\/regiaonews.net.br\/2022\/","logo":{"@type":"ImageObject","inLanguage":"pt-BR","@id":"https:\/\/regiaonews.net.br\/2022\/#\/schema\/logo\/image\/","url":"https:\/\/regiaonews.net.br\/2022\/wp-content\/uploads\/2026\/03\/regiao-13-anos-scaled.jpg","contentUrl":"https:\/\/regiaonews.net.br\/2022\/wp-content\/uploads\/2026\/03\/regiao-13-anos-scaled.jpg","width":2560,"height":635,"caption":"Regi\u00e3o News"},"image":{"@id":"https:\/\/regiaonews.net.br\/2022\/#\/schema\/logo\/image\/"}},{"@type":"Person","@id":"https:\/\/regiaonews.net.br\/2022\/#\/schema\/person\/2d205a608a5aa97ac279d7a5e6d89ad8","name":"Roberto","image":{"@type":"ImageObject","inLanguage":"pt-BR","@id":"https:\/\/secure.gravatar.com\/avatar\/42749d8b712ff9d59ca93dc150494e5b55a44134482993f5baeb97e61b7ecc89?s=96&d=mm&r=g","url":"https:\/\/secure.gravatar.com\/avatar\/42749d8b712ff9d59ca93dc150494e5b55a44134482993f5baeb97e61b7ecc89?s=96&d=mm&r=g","contentUrl":"https:\/\/secure.gravatar.com\/avatar\/42749d8b712ff9d59ca93dc150494e5b55a44134482993f5baeb97e61b7ecc89?s=96&d=mm&r=g","caption":"Roberto"},"url":"https:\/\/regiaonews.net.br\/2022\/author\/roberto\/"}]}},"publishpress_future_action":{"enabled":false,"date":"2026-05-04 06:51:57","action":"change-status","newStatus":"draft","terms":[],"taxonomy":"category","extraData":[]},"publishpress_future_workflow_manual_trigger":{"enabledWorkflows":[]},"_links":{"self":[{"href":"https:\/\/regiaonews.net.br\/2022\/wp-json\/wp\/v2\/posts\/104498","targetHints":{"allow":["GET"]}}],"collection":[{"href":"https:\/\/regiaonews.net.br\/2022\/wp-json\/wp\/v2\/posts"}],"about":[{"href":"https:\/\/regiaonews.net.br\/2022\/wp-json\/wp\/v2\/types\/post"}],"author":[{"embeddable":true,"href":"https:\/\/regiaonews.net.br\/2022\/wp-json\/wp\/v2\/users\/2"}],"replies":[{"embeddable":true,"href":"https:\/\/regiaonews.net.br\/2022\/wp-json\/wp\/v2\/comments?post=104498"}],"version-history":[{"count":1,"href":"https:\/\/regiaonews.net.br\/2022\/wp-json\/wp\/v2\/posts\/104498\/revisions"}],"predecessor-version":[{"id":104499,"href":"https:\/\/regiaonews.net.br\/2022\/wp-json\/wp\/v2\/posts\/104498\/revisions\/104499"}],"wp:featuredmedia":[{"embeddable":true,"href":"https:\/\/regiaonews.net.br\/2022\/wp-json\/wp\/v2\/media\/104509"}],"wp:attachment":[{"href":"https:\/\/regiaonews.net.br\/2022\/wp-json\/wp\/v2\/media?parent=104498"}],"wp:term":[{"taxonomy":"category","embeddable":true,"href":"https:\/\/regiaonews.net.br\/2022\/wp-json\/wp\/v2\/categories?post=104498"},{"taxonomy":"post_tag","embeddable":true,"href":"https:\/\/regiaonews.net.br\/2022\/wp-json\/wp\/v2\/tags?post=104498"}],"curies":[{"name":"wp","href":"https:\/\/api.w.org\/{rel}","templated":true}]}}