{"id":104495,"date":"2024-05-03T15:00:58","date_gmt":"2024-05-03T18:00:58","guid":{"rendered":"https:\/\/regiaonews.net.br\/2022\/?p=104495"},"modified":"2024-05-03T15:00:58","modified_gmt":"2024-05-03T18:00:58","slug":"veja-o-que-sera-votado-pelos-vereadores-na-sessao-ordinaria-de-segunda-feira-06-de-maio","status":"publish","type":"post","link":"https:\/\/regiaonews.net.br\/2022\/2024\/05\/03\/veja-o-que-sera-votado-pelos-vereadores-na-sessao-ordinaria-de-segunda-feira-06-de-maio\/","title":{"rendered":"Veja o que ser\u00e1 votado pelos vereadores na Sess\u00e3o Ordin\u00e1ria de segunda-feira, 06 de maio"},"content":{"rendered":"<h3 class=\"mb-4\" style=\"text-align: center;\">At\u00e9 o momento, 13 mat\u00e9rias est\u00e3o na lista de vota\u00e7\u00e3o. Sess\u00e3o ter\u00e1 transmiss\u00e3o ao vivo pela TV C\u00e2mara no canal 31.3, Facebook e Youtube partir das 18h45<\/h3>\n<p>A\u00a0C\u00e2mara de Barretos realiza na segunda-feira\u00a0<strong>(06\/maio),\u00a0<\/strong>\u00e0s<strong>\u00a019h,\u00a0<\/strong>a\u00a0<strong>13\u00aa Sess\u00e3o Ordin\u00e1ria de 2024.<\/strong><strong>\u00a0<\/strong>\u00a0At\u00e9 o momento,\u00a0\u00a0<strong>13\u00a0 mat\u00e9rias\u00a0<\/strong>est\u00e3o prontas<strong>\u00a0<\/strong>para serem\u00a0discutidas e votadas\u00a0pelos vereadores:\u00a0<strong>06<\/strong>\u00a0<strong>Projetos de Lei,\u00a0 02 Projetos de Lei Complementar, 03 Pareceres do Tribunal de Contas, 01 Parecer da Comiss\u00e3o de Justi\u00e7a e Reda\u00e7\u00e3o e 01 Balancete.<\/strong><\/p>\n<p>Outros projetos poder\u00e3o ser inclu\u00eddos na lista de vota\u00e7\u00e3o at\u00e9 segunda-feira (06\/maio).<\/p>\n<p>Os Requerimentos e as Indica\u00e7\u00f5es dos vereadores ser\u00e3o divulgados na segunda-feira (06\/abr), \u00e0s 17h<\/p>\n<p>De forma resumida, os assuntos a serem discutidos s\u00e3o:<\/p>\n<p>&nbsp;<\/p>\n<ul>\n<li>Parecer do Tribunal de Contas do Estado de S\u00e3o Paulo que julga irregulares o Contrato e os Termos Aditivos celebrados entre a Prefeitura e a empresa Encon Servi\u00e7os Urbanos na constru\u00e7\u00e3o e ilumina\u00e7\u00e3o ornamental da Avenida Dom Jos\u00e9 de Matos Pereira (entre os bairros Zequinha Am\u00eandola e Christiano de Carvalho) no ano de 2014;<\/li>\n<\/ul>\n<p>&nbsp;<\/p>\n<ul>\n<li>Parecer do Tribunal de Contas do Estado de S\u00e3o Paulo que julga irregular o Contrato celebrado entre a Prefeitura e a empresa CJL Construtora LTDA para constru\u00e7\u00e3o de Sistema de Lazer no bairro Jardim de Alah no ano de 2016;<\/li>\n<\/ul>\n<p>&nbsp;<\/p>\n<ul>\n<li>Parecer do Tribunal de Contas do Estado de S\u00e3o Paulo desfavor\u00e1vel \u00e0s contas da Prefeitura de Barretos no ano de 2020: Desequil\u00edbrio da gest\u00e3o fiscal,\u00a0 Inconsist\u00eancia no pagamento de precat\u00f3rios e Recolhimento insuficiente dos encargos sociais.<\/li>\n<\/ul>\n<p>&nbsp;<\/p>\n<ul>\n<li>Abertura de Cr\u00e9dito Adicional Suplementar: R$ 1,9 milh\u00e3o para custeio de a\u00e7\u00f5es e servi\u00e7os p\u00fablicos de assist\u00eancia social;<\/li>\n<\/ul>\n<p>&nbsp;<\/p>\n<ul>\n<li>Abertura de Cr\u00e9dito Adicional Suplementar: R$ 14,7 mil para custeio de a\u00e7\u00f5es e servi\u00e7os p\u00fablicos de assist\u00eancia social;<\/li>\n<\/ul>\n<p>&nbsp;<\/p>\n<ul>\n<li>Abertura de Cr\u00e9dito Adicional Especial: R$ 650 mil para custeio de a\u00e7\u00e3o especializada \u00e0 sa\u00fade.<\/li>\n<\/ul>\n<p>&nbsp;<\/p>\n<ul>\n<li>Abertura de Cr\u00e9dito Adicional Especial: R$ 14,4 mil para aquisi\u00e7\u00e3o de repelentes;<\/li>\n<\/ul>\n<p>&nbsp;<\/p>\n<ul>\n<li>\u00a0Parecer pela Inconstitucionalidade ao Projeto de Lei que transforma a Avenida 43 em roteiro tur\u00edstico, bem como a libera para turistas e vendedores ambulantes no m\u00eas de agosto;<\/li>\n<\/ul>\n<p>&nbsp;<\/p>\n<ul>\n<li>ALTERA\u00c7\u00c3O NO PLANO DE CARREIRAS DO MAGIST\u00c9RIO: adequa\u00e7\u00f5es nas carreiras da classe de suporte pedag\u00f3gico;<\/li>\n<\/ul>\n<p>&nbsp;<\/p>\n<ul>\n<li>Altera\u00e7\u00f5es no C\u00f3digo de Posturas: Propriet\u00e1rios que n\u00e3o mantiver os im\u00f3veis (edificados ou n\u00e3o) limpos, capinados, desinfetados e drenados ser\u00e3o notificados pessoalmente ou por carta AR (se moradores em Barretos) ou por Edital de Notifica\u00e7\u00e3o no Jornal Oficial do Munic\u00edpio (se morar fora da cidade).<\/li>\n<\/ul>\n<p>&nbsp;<\/p>\n<ul>\n<li>Altera o nome da Avenida Centen\u00e1rio da Aboli\u00e7\u00e3o para Avenida Centen\u00e1rio da Aboli\u00e7\u00e3o &#8211; Dr. Roberto da Cunha Soares, na Regi\u00e3o dos Lagos;<\/li>\n<\/ul>\n<p>&nbsp;<\/p>\n<ul>\n<li>Cria\u00e7\u00e3o do \u201cDia do Mission\u00e1rio Evang\u00e9lico\u201d a ser comemorado em 29 de julho;<\/li>\n<\/ul>\n<p>&nbsp;<\/p>\n<ul>\n<li>Balancete da Prefeitura referente ao m\u00eas de mar\u00e7o de 2024;<\/li>\n<\/ul>\n<div class=\"news-btn d-flex justify-content-between mb-5 py-2 px-3 rounded\">\n<div class=\"share\">\n<div class=\"a2a_kit a2a_kit_size_32 a2a_default_style\"><\/div>\n<\/div>\n<\/div>\n","protected":false},"excerpt":{"rendered":"<p>At\u00e9 o momento, 13 mat\u00e9rias est\u00e3o na lista de vota\u00e7\u00e3o.<\/p>\n","protected":false},"author":2,"featured_media":104496,"comment_status":"open","ping_status":"open","sticky":false,"template":"","format":"standard","meta":{"footnotes":""},"categories":[14,22],"tags":[],"class_list":["post-104495","post","type-post","status-publish","format-standard","has-post-thumbnail","hentry","category-barretos","category-politica"],"yoast_head":"<!-- This site is optimized with the Yoast SEO plugin v27.4 - https:\/\/yoast.com\/product\/yoast-seo-wordpress\/ -->\n<title>Veja o que ser\u00e1 votado pelos vereadores na Sess\u00e3o Ordin\u00e1ria de segunda-feira, 06 de maio - Regi\u00e3o News<\/title>\n<meta name=\"robots\" content=\"index, follow, max-snippet:-1, max-image-preview:large, max-video-preview:-1\" \/>\n<link rel=\"canonical\" href=\"https:\/\/regiaonews.net.br\/2022\/2024\/05\/03\/veja-o-que-sera-votado-pelos-vereadores-na-sessao-ordinaria-de-segunda-feira-06-de-maio\/\" \/>\n<meta property=\"og:locale\" content=\"pt_BR\" \/>\n<meta property=\"og:type\" content=\"article\" \/>\n<meta property=\"og:title\" content=\"Veja o que ser\u00e1 votado pelos vereadores na Sess\u00e3o Ordin\u00e1ria de segunda-feira, 06 de maio - Regi\u00e3o News\" \/>\n<meta property=\"og:description\" content=\"At\u00e9 o momento, 13 mat\u00e9rias est\u00e3o na lista de vota\u00e7\u00e3o.\" \/>\n<meta property=\"og:url\" content=\"https:\/\/regiaonews.net.br\/2022\/2024\/05\/03\/veja-o-que-sera-votado-pelos-vereadores-na-sessao-ordinaria-de-segunda-feira-06-de-maio\/\" \/>\n<meta property=\"og:site_name\" content=\"Regi\u00e3o News\" \/>\n<meta property=\"article:published_time\" content=\"2024-05-03T18:00:58+00:00\" \/>\n<meta property=\"og:image\" content=\"https:\/\/regiaonews.net.br\/2022\/wp-content\/uploads\/2024\/05\/170688554165bd01a50a489.webp\" \/>\n\t<meta property=\"og:image:width\" content=\"450\" \/>\n\t<meta property=\"og:image:height\" content=\"450\" \/>\n\t<meta property=\"og:image:type\" content=\"image\/webp\" \/>\n<meta name=\"author\" content=\"Roberto\" \/>\n<meta name=\"twitter:card\" content=\"summary_large_image\" \/>\n<meta name=\"twitter:label1\" content=\"Escrito por\" \/>\n\t<meta name=\"twitter:data1\" content=\"Roberto\" \/>\n\t<meta name=\"twitter:label2\" content=\"Est. tempo de leitura\" \/>\n\t<meta name=\"twitter:data2\" content=\"3 minutos\" \/>\n<script type=\"application\/ld+json\" class=\"yoast-schema-graph\">{\"@context\":\"https:\\\/\\\/schema.org\",\"@graph\":[{\"@type\":\"Article\",\"@id\":\"https:\\\/\\\/regiaonews.net.br\\\/2022\\\/2024\\\/05\\\/03\\\/veja-o-que-sera-votado-pelos-vereadores-na-sessao-ordinaria-de-segunda-feira-06-de-maio\\\/#article\",\"isPartOf\":{\"@id\":\"https:\\\/\\\/regiaonews.net.br\\\/2022\\\/2024\\\/05\\\/03\\\/veja-o-que-sera-votado-pelos-vereadores-na-sessao-ordinaria-de-segunda-feira-06-de-maio\\\/\"},\"author\":{\"name\":\"Roberto\",\"@id\":\"https:\\\/\\\/regiaonews.net.br\\\/2022\\\/#\\\/schema\\\/person\\\/2d205a608a5aa97ac279d7a5e6d89ad8\"},\"headline\":\"Veja o que ser\u00e1 votado pelos vereadores na Sess\u00e3o Ordin\u00e1ria de segunda-feira, 06 de maio\",\"datePublished\":\"2024-05-03T18:00:58+00:00\",\"mainEntityOfPage\":{\"@id\":\"https:\\\/\\\/regiaonews.net.br\\\/2022\\\/2024\\\/05\\\/03\\\/veja-o-que-sera-votado-pelos-vereadores-na-sessao-ordinaria-de-segunda-feira-06-de-maio\\\/\"},\"wordCount\":527,\"commentCount\":0,\"publisher\":{\"@id\":\"https:\\\/\\\/regiaonews.net.br\\\/2022\\\/#organization\"},\"image\":{\"@id\":\"https:\\\/\\\/regiaonews.net.br\\\/2022\\\/2024\\\/05\\\/03\\\/veja-o-que-sera-votado-pelos-vereadores-na-sessao-ordinaria-de-segunda-feira-06-de-maio\\\/#primaryimage\"},\"thumbnailUrl\":\"https:\\\/\\\/regiaonews.net.br\\\/2022\\\/wp-content\\\/uploads\\\/2024\\\/05\\\/170688554165bd01a50a489.webp\",\"articleSection\":[\"Barretos\",\"Pol\u00edtica\"],\"inLanguage\":\"pt-BR\",\"potentialAction\":[{\"@type\":\"CommentAction\",\"name\":\"Comment\",\"target\":[\"https:\\\/\\\/regiaonews.net.br\\\/2022\\\/2024\\\/05\\\/03\\\/veja-o-que-sera-votado-pelos-vereadores-na-sessao-ordinaria-de-segunda-feira-06-de-maio\\\/#respond\"]}]},{\"@type\":\"WebPage\",\"@id\":\"https:\\\/\\\/regiaonews.net.br\\\/2022\\\/2024\\\/05\\\/03\\\/veja-o-que-sera-votado-pelos-vereadores-na-sessao-ordinaria-de-segunda-feira-06-de-maio\\\/\",\"url\":\"https:\\\/\\\/regiaonews.net.br\\\/2022\\\/2024\\\/05\\\/03\\\/veja-o-que-sera-votado-pelos-vereadores-na-sessao-ordinaria-de-segunda-feira-06-de-maio\\\/\",\"name\":\"Veja o que ser\u00e1 votado pelos vereadores na Sess\u00e3o Ordin\u00e1ria de segunda-feira, 06 de maio - Regi\u00e3o News\",\"isPartOf\":{\"@id\":\"https:\\\/\\\/regiaonews.net.br\\\/2022\\\/#website\"},\"primaryImageOfPage\":{\"@id\":\"https:\\\/\\\/regiaonews.net.br\\\/2022\\\/2024\\\/05\\\/03\\\/veja-o-que-sera-votado-pelos-vereadores-na-sessao-ordinaria-de-segunda-feira-06-de-maio\\\/#primaryimage\"},\"image\":{\"@id\":\"https:\\\/\\\/regiaonews.net.br\\\/2022\\\/2024\\\/05\\\/03\\\/veja-o-que-sera-votado-pelos-vereadores-na-sessao-ordinaria-de-segunda-feira-06-de-maio\\\/#primaryimage\"},\"thumbnailUrl\":\"https:\\\/\\\/regiaonews.net.br\\\/2022\\\/wp-content\\\/uploads\\\/2024\\\/05\\\/170688554165bd01a50a489.webp\",\"datePublished\":\"2024-05-03T18:00:58+00:00\",\"breadcrumb\":{\"@id\":\"https:\\\/\\\/regiaonews.net.br\\\/2022\\\/2024\\\/05\\\/03\\\/veja-o-que-sera-votado-pelos-vereadores-na-sessao-ordinaria-de-segunda-feira-06-de-maio\\\/#breadcrumb\"},\"inLanguage\":\"pt-BR\",\"potentialAction\":[{\"@type\":\"ReadAction\",\"target\":[\"https:\\\/\\\/regiaonews.net.br\\\/2022\\\/2024\\\/05\\\/03\\\/veja-o-que-sera-votado-pelos-vereadores-na-sessao-ordinaria-de-segunda-feira-06-de-maio\\\/\"]}]},{\"@type\":\"ImageObject\",\"inLanguage\":\"pt-BR\",\"@id\":\"https:\\\/\\\/regiaonews.net.br\\\/2022\\\/2024\\\/05\\\/03\\\/veja-o-que-sera-votado-pelos-vereadores-na-sessao-ordinaria-de-segunda-feira-06-de-maio\\\/#primaryimage\",\"url\":\"https:\\\/\\\/regiaonews.net.br\\\/2022\\\/wp-content\\\/uploads\\\/2024\\\/05\\\/170688554165bd01a50a489.webp\",\"contentUrl\":\"https:\\\/\\\/regiaonews.net.br\\\/2022\\\/wp-content\\\/uploads\\\/2024\\\/05\\\/170688554165bd01a50a489.webp\",\"width\":450,\"height\":450},{\"@type\":\"BreadcrumbList\",\"@id\":\"https:\\\/\\\/regiaonews.net.br\\\/2022\\\/2024\\\/05\\\/03\\\/veja-o-que-sera-votado-pelos-vereadores-na-sessao-ordinaria-de-segunda-feira-06-de-maio\\\/#breadcrumb\",\"itemListElement\":[{\"@type\":\"ListItem\",\"position\":1,\"name\":\"In\u00edcio\",\"item\":\"https:\\\/\\\/regiaonews.net.br\\\/2022\\\/\"},{\"@type\":\"ListItem\",\"position\":2,\"name\":\"Veja o que ser\u00e1 votado pelos vereadores na Sess\u00e3o Ordin\u00e1ria de segunda-feira, 06 de maio\"}]},{\"@type\":\"WebSite\",\"@id\":\"https:\\\/\\\/regiaonews.net.br\\\/2022\\\/#website\",\"url\":\"https:\\\/\\\/regiaonews.net.br\\\/2022\\\/\",\"name\":\"Regi\u00e3o News\",\"description\":\"Site de Not\u00edcias de Barretos e regi\u00e3o\",\"publisher\":{\"@id\":\"https:\\\/\\\/regiaonews.net.br\\\/2022\\\/#organization\"},\"potentialAction\":[{\"@type\":\"SearchAction\",\"target\":{\"@type\":\"EntryPoint\",\"urlTemplate\":\"https:\\\/\\\/regiaonews.net.br\\\/2022\\\/?s={search_term_string}\"},\"query-input\":{\"@type\":\"PropertyValueSpecification\",\"valueRequired\":true,\"valueName\":\"search_term_string\"}}],\"inLanguage\":\"pt-BR\"},{\"@type\":\"Organization\",\"@id\":\"https:\\\/\\\/regiaonews.net.br\\\/2022\\\/#organization\",\"name\":\"Regi\u00e3o News\",\"url\":\"https:\\\/\\\/regiaonews.net.br\\\/2022\\\/\",\"logo\":{\"@type\":\"ImageObject\",\"inLanguage\":\"pt-BR\",\"@id\":\"https:\\\/\\\/regiaonews.net.br\\\/2022\\\/#\\\/schema\\\/logo\\\/image\\\/\",\"url\":\"https:\\\/\\\/regiaonews.net.br\\\/2022\\\/wp-content\\\/uploads\\\/2026\\\/03\\\/regiao-13-anos-scaled.jpg\",\"contentUrl\":\"https:\\\/\\\/regiaonews.net.br\\\/2022\\\/wp-content\\\/uploads\\\/2026\\\/03\\\/regiao-13-anos-scaled.jpg\",\"width\":2560,\"height\":635,\"caption\":\"Regi\u00e3o News\"},\"image\":{\"@id\":\"https:\\\/\\\/regiaonews.net.br\\\/2022\\\/#\\\/schema\\\/logo\\\/image\\\/\"}},{\"@type\":\"Person\",\"@id\":\"https:\\\/\\\/regiaonews.net.br\\\/2022\\\/#\\\/schema\\\/person\\\/2d205a608a5aa97ac279d7a5e6d89ad8\",\"name\":\"Roberto\",\"image\":{\"@type\":\"ImageObject\",\"inLanguage\":\"pt-BR\",\"@id\":\"https:\\\/\\\/secure.gravatar.com\\\/avatar\\\/42749d8b712ff9d59ca93dc150494e5b55a44134482993f5baeb97e61b7ecc89?s=96&d=mm&r=g\",\"url\":\"https:\\\/\\\/secure.gravatar.com\\\/avatar\\\/42749d8b712ff9d59ca93dc150494e5b55a44134482993f5baeb97e61b7ecc89?s=96&d=mm&r=g\",\"contentUrl\":\"https:\\\/\\\/secure.gravatar.com\\\/avatar\\\/42749d8b712ff9d59ca93dc150494e5b55a44134482993f5baeb97e61b7ecc89?s=96&d=mm&r=g\",\"caption\":\"Roberto\"},\"url\":\"https:\\\/\\\/regiaonews.net.br\\\/2022\\\/author\\\/roberto\\\/\"}]}<\/script>\n<!-- \/ Yoast SEO plugin. -->","yoast_head_json":{"title":"Veja o que ser\u00e1 votado pelos vereadores na Sess\u00e3o Ordin\u00e1ria de segunda-feira, 06 de maio - Regi\u00e3o News","robots":{"index":"index","follow":"follow","max-snippet":"max-snippet:-1","max-image-preview":"max-image-preview:large","max-video-preview":"max-video-preview:-1"},"canonical":"https:\/\/regiaonews.net.br\/2022\/2024\/05\/03\/veja-o-que-sera-votado-pelos-vereadores-na-sessao-ordinaria-de-segunda-feira-06-de-maio\/","og_locale":"pt_BR","og_type":"article","og_title":"Veja o que ser\u00e1 votado pelos vereadores na Sess\u00e3o Ordin\u00e1ria de segunda-feira, 06 de maio - Regi\u00e3o News","og_description":"At\u00e9 o momento, 13 mat\u00e9rias est\u00e3o na lista de vota\u00e7\u00e3o.","og_url":"https:\/\/regiaonews.net.br\/2022\/2024\/05\/03\/veja-o-que-sera-votado-pelos-vereadores-na-sessao-ordinaria-de-segunda-feira-06-de-maio\/","og_site_name":"Regi\u00e3o News","article_published_time":"2024-05-03T18:00:58+00:00","og_image":[{"width":450,"height":450,"url":"https:\/\/regiaonews.net.br\/2022\/wp-content\/uploads\/2024\/05\/170688554165bd01a50a489.webp","type":"image\/webp"}],"author":"Roberto","twitter_card":"summary_large_image","twitter_misc":{"Escrito por":"Roberto","Est. tempo de leitura":"3 minutos"},"schema":{"@context":"https:\/\/schema.org","@graph":[{"@type":"Article","@id":"https:\/\/regiaonews.net.br\/2022\/2024\/05\/03\/veja-o-que-sera-votado-pelos-vereadores-na-sessao-ordinaria-de-segunda-feira-06-de-maio\/#article","isPartOf":{"@id":"https:\/\/regiaonews.net.br\/2022\/2024\/05\/03\/veja-o-que-sera-votado-pelos-vereadores-na-sessao-ordinaria-de-segunda-feira-06-de-maio\/"},"author":{"name":"Roberto","@id":"https:\/\/regiaonews.net.br\/2022\/#\/schema\/person\/2d205a608a5aa97ac279d7a5e6d89ad8"},"headline":"Veja o que ser\u00e1 votado pelos vereadores na Sess\u00e3o Ordin\u00e1ria de segunda-feira, 06 de maio","datePublished":"2024-05-03T18:00:58+00:00","mainEntityOfPage":{"@id":"https:\/\/regiaonews.net.br\/2022\/2024\/05\/03\/veja-o-que-sera-votado-pelos-vereadores-na-sessao-ordinaria-de-segunda-feira-06-de-maio\/"},"wordCount":527,"commentCount":0,"publisher":{"@id":"https:\/\/regiaonews.net.br\/2022\/#organization"},"image":{"@id":"https:\/\/regiaonews.net.br\/2022\/2024\/05\/03\/veja-o-que-sera-votado-pelos-vereadores-na-sessao-ordinaria-de-segunda-feira-06-de-maio\/#primaryimage"},"thumbnailUrl":"https:\/\/regiaonews.net.br\/2022\/wp-content\/uploads\/2024\/05\/170688554165bd01a50a489.webp","articleSection":["Barretos","Pol\u00edtica"],"inLanguage":"pt-BR","potentialAction":[{"@type":"CommentAction","name":"Comment","target":["https:\/\/regiaonews.net.br\/2022\/2024\/05\/03\/veja-o-que-sera-votado-pelos-vereadores-na-sessao-ordinaria-de-segunda-feira-06-de-maio\/#respond"]}]},{"@type":"WebPage","@id":"https:\/\/regiaonews.net.br\/2022\/2024\/05\/03\/veja-o-que-sera-votado-pelos-vereadores-na-sessao-ordinaria-de-segunda-feira-06-de-maio\/","url":"https:\/\/regiaonews.net.br\/2022\/2024\/05\/03\/veja-o-que-sera-votado-pelos-vereadores-na-sessao-ordinaria-de-segunda-feira-06-de-maio\/","name":"Veja o que ser\u00e1 votado pelos vereadores na Sess\u00e3o Ordin\u00e1ria de segunda-feira, 06 de maio - Regi\u00e3o News","isPartOf":{"@id":"https:\/\/regiaonews.net.br\/2022\/#website"},"primaryImageOfPage":{"@id":"https:\/\/regiaonews.net.br\/2022\/2024\/05\/03\/veja-o-que-sera-votado-pelos-vereadores-na-sessao-ordinaria-de-segunda-feira-06-de-maio\/#primaryimage"},"image":{"@id":"https:\/\/regiaonews.net.br\/2022\/2024\/05\/03\/veja-o-que-sera-votado-pelos-vereadores-na-sessao-ordinaria-de-segunda-feira-06-de-maio\/#primaryimage"},"thumbnailUrl":"https:\/\/regiaonews.net.br\/2022\/wp-content\/uploads\/2024\/05\/170688554165bd01a50a489.webp","datePublished":"2024-05-03T18:00:58+00:00","breadcrumb":{"@id":"https:\/\/regiaonews.net.br\/2022\/2024\/05\/03\/veja-o-que-sera-votado-pelos-vereadores-na-sessao-ordinaria-de-segunda-feira-06-de-maio\/#breadcrumb"},"inLanguage":"pt-BR","potentialAction":[{"@type":"ReadAction","target":["https:\/\/regiaonews.net.br\/2022\/2024\/05\/03\/veja-o-que-sera-votado-pelos-vereadores-na-sessao-ordinaria-de-segunda-feira-06-de-maio\/"]}]},{"@type":"ImageObject","inLanguage":"pt-BR","@id":"https:\/\/regiaonews.net.br\/2022\/2024\/05\/03\/veja-o-que-sera-votado-pelos-vereadores-na-sessao-ordinaria-de-segunda-feira-06-de-maio\/#primaryimage","url":"https:\/\/regiaonews.net.br\/2022\/wp-content\/uploads\/2024\/05\/170688554165bd01a50a489.webp","contentUrl":"https:\/\/regiaonews.net.br\/2022\/wp-content\/uploads\/2024\/05\/170688554165bd01a50a489.webp","width":450,"height":450},{"@type":"BreadcrumbList","@id":"https:\/\/regiaonews.net.br\/2022\/2024\/05\/03\/veja-o-que-sera-votado-pelos-vereadores-na-sessao-ordinaria-de-segunda-feira-06-de-maio\/#breadcrumb","itemListElement":[{"@type":"ListItem","position":1,"name":"In\u00edcio","item":"https:\/\/regiaonews.net.br\/2022\/"},{"@type":"ListItem","position":2,"name":"Veja o que ser\u00e1 votado pelos vereadores na Sess\u00e3o Ordin\u00e1ria de segunda-feira, 06 de maio"}]},{"@type":"WebSite","@id":"https:\/\/regiaonews.net.br\/2022\/#website","url":"https:\/\/regiaonews.net.br\/2022\/","name":"Regi\u00e3o News","description":"Site de Not\u00edcias de Barretos e regi\u00e3o","publisher":{"@id":"https:\/\/regiaonews.net.br\/2022\/#organization"},"potentialAction":[{"@type":"SearchAction","target":{"@type":"EntryPoint","urlTemplate":"https:\/\/regiaonews.net.br\/2022\/?s={search_term_string}"},"query-input":{"@type":"PropertyValueSpecification","valueRequired":true,"valueName":"search_term_string"}}],"inLanguage":"pt-BR"},{"@type":"Organization","@id":"https:\/\/regiaonews.net.br\/2022\/#organization","name":"Regi\u00e3o News","url":"https:\/\/regiaonews.net.br\/2022\/","logo":{"@type":"ImageObject","inLanguage":"pt-BR","@id":"https:\/\/regiaonews.net.br\/2022\/#\/schema\/logo\/image\/","url":"https:\/\/regiaonews.net.br\/2022\/wp-content\/uploads\/2026\/03\/regiao-13-anos-scaled.jpg","contentUrl":"https:\/\/regiaonews.net.br\/2022\/wp-content\/uploads\/2026\/03\/regiao-13-anos-scaled.jpg","width":2560,"height":635,"caption":"Regi\u00e3o News"},"image":{"@id":"https:\/\/regiaonews.net.br\/2022\/#\/schema\/logo\/image\/"}},{"@type":"Person","@id":"https:\/\/regiaonews.net.br\/2022\/#\/schema\/person\/2d205a608a5aa97ac279d7a5e6d89ad8","name":"Roberto","image":{"@type":"ImageObject","inLanguage":"pt-BR","@id":"https:\/\/secure.gravatar.com\/avatar\/42749d8b712ff9d59ca93dc150494e5b55a44134482993f5baeb97e61b7ecc89?s=96&d=mm&r=g","url":"https:\/\/secure.gravatar.com\/avatar\/42749d8b712ff9d59ca93dc150494e5b55a44134482993f5baeb97e61b7ecc89?s=96&d=mm&r=g","contentUrl":"https:\/\/secure.gravatar.com\/avatar\/42749d8b712ff9d59ca93dc150494e5b55a44134482993f5baeb97e61b7ecc89?s=96&d=mm&r=g","caption":"Roberto"},"url":"https:\/\/regiaonews.net.br\/2022\/author\/roberto\/"}]}},"publishpress_future_action":{"enabled":false,"date":"2026-05-04 08:27:10","action":"change-status","newStatus":"draft","terms":[],"taxonomy":"category","extraData":[]},"publishpress_future_workflow_manual_trigger":{"enabledWorkflows":[]},"_links":{"self":[{"href":"https:\/\/regiaonews.net.br\/2022\/wp-json\/wp\/v2\/posts\/104495","targetHints":{"allow":["GET"]}}],"collection":[{"href":"https:\/\/regiaonews.net.br\/2022\/wp-json\/wp\/v2\/posts"}],"about":[{"href":"https:\/\/regiaonews.net.br\/2022\/wp-json\/wp\/v2\/types\/post"}],"author":[{"embeddable":true,"href":"https:\/\/regiaonews.net.br\/2022\/wp-json\/wp\/v2\/users\/2"}],"replies":[{"embeddable":true,"href":"https:\/\/regiaonews.net.br\/2022\/wp-json\/wp\/v2\/comments?post=104495"}],"version-history":[{"count":1,"href":"https:\/\/regiaonews.net.br\/2022\/wp-json\/wp\/v2\/posts\/104495\/revisions"}],"predecessor-version":[{"id":104497,"href":"https:\/\/regiaonews.net.br\/2022\/wp-json\/wp\/v2\/posts\/104495\/revisions\/104497"}],"wp:featuredmedia":[{"embeddable":true,"href":"https:\/\/regiaonews.net.br\/2022\/wp-json\/wp\/v2\/media\/104496"}],"wp:attachment":[{"href":"https:\/\/regiaonews.net.br\/2022\/wp-json\/wp\/v2\/media?parent=104495"}],"wp:term":[{"taxonomy":"category","embeddable":true,"href":"https:\/\/regiaonews.net.br\/2022\/wp-json\/wp\/v2\/categories?post=104495"},{"taxonomy":"post_tag","embeddable":true,"href":"https:\/\/regiaonews.net.br\/2022\/wp-json\/wp\/v2\/tags?post=104495"}],"curies":[{"name":"wp","href":"https:\/\/api.w.org\/{rel}","templated":true}]}}