{"id":104483,"date":"2024-05-03T14:56:09","date_gmt":"2024-05-03T17:56:09","guid":{"rendered":"https:\/\/regiaonews.net.br\/2022\/?p=104483"},"modified":"2024-05-03T14:56:09","modified_gmt":"2024-05-03T17:56:09","slug":"chuvas-no-rio-grande-do-sul-deixam-31-mortos-e-74-desaparecidos","status":"publish","type":"post","link":"https:\/\/regiaonews.net.br\/2022\/2024\/05\/03\/chuvas-no-rio-grande-do-sul-deixam-31-mortos-e-74-desaparecidos\/","title":{"rendered":"Chuvas no Rio Grande do Sul deixam 31 mortos e 74 desaparecidos"},"content":{"rendered":"<div class=\"row\">\n<h3 class=\"col-10 offset-1 animated fadeInDown dealy-900 display-8 display-md-8 alt-font font-italic my-1 text-center\" style=\"text-align: center;\">Segundo a PRF, 39 rodovias est\u00e3o totalmente bloqueadas no estado<\/h3>\n<p>O boletim divulgado pela Defesa Civil do Estado do Rio Grande do Sul atualizado na manh\u00e3 desta sexta-feira (3) confirmou 31 pessoas mortas, 56 feridas e 74 desaparecidas em todo o estado, por causa das fortes chuvas que atingem a regi\u00e3o desde a \u00faltima ter\u00e7a-feira 30. H\u00e1 ainda 7.165 pessoas em abrigos e outras 17.087 desalojadas, em 235 munic\u00edpios atingidos.<img decoding=\"async\" src=\"https:\/\/agenciabrasil.ebc.com.br\/ebc.png?id=1593315&amp;o=node\" \/><img decoding=\"async\" src=\"https:\/\/agenciabrasil.ebc.com.br\/ebc.gif?id=1593315&amp;o=node\" \/><\/p>\n<p>A Pol\u00edcia Rodovi\u00e1ria Federal tamb\u00e9m informou que at\u00e9 o momento, h\u00e1 53 trechos de rodovias federais no estado com bloqueios, sendo 39 totais e 14 parciais. Alguns foram interditados por quedas de barreiras, desmoronamentos, eros\u00e3o e ac\u00famulo de \u00e1gua e outros foram realizados de forma preventiva por apresentarem rachadura na pista ou ponte coberta pelas \u00e1guas dos rios.<\/p>\n<h2>For\u00e7as Armadas<\/h2>\n<p>O Minist\u00e9rio da Defesa determinou, nesta sexta-feira (3), o estabelecimento de um comando operacional das For\u00e7as Armadas para atuar em apoio log\u00edstico \u00e0s a\u00e7\u00f5es de prote\u00e7\u00e3o e Defesa Civil dos munic\u00edpios ga\u00fachos afetados pelas chuvas intensas. Foram estabelecidas diretrizes semelhantes \u00e0s estabelecidas na regi\u00e3o em setembro de 2023.<\/p>\n<p>De acordo com\u00a0<a href=\"https:\/\/www.in.gov.br\/web\/dou\/-\/portaria-gm-md-n-2.309-de-1-de-maio-de-2024-557684890\" target=\"_blank\" rel=\"noopener\">portaria publicada<\/a>\u00a0nesta sexta-feira no Di\u00e1rio Oficial da Uni\u00e3o, os militares dever\u00e3o ativar Comando Operacional Conjunto Taquari 2 que dever\u00e1 ser instru\u00eddo pelo chefe do Estado-Maior Conjunto das For\u00e7as Armadas, o general Richard Nunes. Desde a \u00faltima quarta-feira, 626 militares j\u00e1 haviam sido deslocados \u00e0 regi\u00e3o para atuarem no apoio \u00e0s v\u00edtimas.<\/p>\n<p>Tamb\u00e9m foram mobilizadas 45 viaturas, 12 embarca\u00e7\u00f5es e oito aeronaves, al\u00e9m de equipamentos de engenharia para transporte de material e pessoal. Um hospital de campanha est\u00e1 sendo montado no munic\u00edpio de Lajeado com estrutura de enfermaria, 40 leitos, dois consult\u00f3rios de atendimento m\u00e9dico e um de triagem.<\/p>\n<p>As diretrizes para o comando operacional foram estabelecidas ap\u00f3s o\u00a0<a href=\"https:\/\/agenciabrasil.ebc.com.br\/geral\/noticia\/2024-05\/governo-federal-monta-sala-de-situacao-para-acompanhar-enchentes-no-rs\" target=\"_blank\" rel=\"noopener\">reconhecimento do estado de calamidade<\/a>\u00a0p\u00fablica em todo o estado Rio Grande do Sul pela Defesa Civil Nacional.<\/p>\n<p>&nbsp;<\/p>\n<\/div>\n","protected":false},"excerpt":{"rendered":"<p>Segundo a PRF, 39 rodovias est\u00e3o totalmente bloqueadas no estado<\/p>\n","protected":false},"author":2,"featured_media":104484,"comment_status":"open","ping_status":"open","sticky":false,"template":"","format":"standard","meta":{"footnotes":""},"categories":[24,3],"tags":[],"class_list":["post-104483","post","type-post","status-publish","format-standard","has-post-thumbnail","hentry","category-brasil","category-geral"],"yoast_head":"<!-- This site is optimized with the Yoast SEO plugin v27.4 - https:\/\/yoast.com\/product\/yoast-seo-wordpress\/ -->\n<title>Chuvas no Rio Grande do Sul deixam 31 mortos e 74 desaparecidos - Regi\u00e3o News<\/title>\n<meta name=\"robots\" content=\"index, follow, max-snippet:-1, max-image-preview:large, max-video-preview:-1\" \/>\n<link rel=\"canonical\" href=\"https:\/\/regiaonews.net.br\/2022\/2024\/05\/03\/chuvas-no-rio-grande-do-sul-deixam-31-mortos-e-74-desaparecidos\/\" \/>\n<meta property=\"og:locale\" content=\"pt_BR\" \/>\n<meta property=\"og:type\" content=\"article\" \/>\n<meta property=\"og:title\" content=\"Chuvas no Rio Grande do Sul deixam 31 mortos e 74 desaparecidos - Regi\u00e3o News\" \/>\n<meta property=\"og:description\" content=\"Segundo a PRF, 39 rodovias est\u00e3o totalmente bloqueadas no estado\" \/>\n<meta property=\"og:url\" content=\"https:\/\/regiaonews.net.br\/2022\/2024\/05\/03\/chuvas-no-rio-grande-do-sul-deixam-31-mortos-e-74-desaparecidos\/\" \/>\n<meta property=\"og:site_name\" content=\"Regi\u00e3o News\" \/>\n<meta property=\"article:published_time\" content=\"2024-05-03T17:56:09+00:00\" \/>\n<meta property=\"og:image\" content=\"https:\/\/regiaonews.net.br\/2022\/wp-content\/uploads\/2024\/05\/chuvas_no_rio_grande_do_sul1_0.webp\" \/>\n\t<meta property=\"og:image:width\" content=\"1170\" \/>\n\t<meta property=\"og:image:height\" content=\"700\" \/>\n\t<meta property=\"og:image:type\" content=\"image\/webp\" \/>\n<meta name=\"author\" content=\"Roberto\" \/>\n<meta name=\"twitter:card\" content=\"summary_large_image\" \/>\n<meta name=\"twitter:label1\" content=\"Escrito por\" \/>\n\t<meta name=\"twitter:data1\" content=\"Roberto\" \/>\n\t<meta name=\"twitter:label2\" content=\"Est. tempo de leitura\" \/>\n\t<meta name=\"twitter:data2\" content=\"3 minutos\" \/>\n<script type=\"application\/ld+json\" class=\"yoast-schema-graph\">{\"@context\":\"https:\\\/\\\/schema.org\",\"@graph\":[{\"@type\":\"Article\",\"@id\":\"https:\\\/\\\/regiaonews.net.br\\\/2022\\\/2024\\\/05\\\/03\\\/chuvas-no-rio-grande-do-sul-deixam-31-mortos-e-74-desaparecidos\\\/#article\",\"isPartOf\":{\"@id\":\"https:\\\/\\\/regiaonews.net.br\\\/2022\\\/2024\\\/05\\\/03\\\/chuvas-no-rio-grande-do-sul-deixam-31-mortos-e-74-desaparecidos\\\/\"},\"author\":{\"name\":\"Roberto\",\"@id\":\"https:\\\/\\\/regiaonews.net.br\\\/2022\\\/#\\\/schema\\\/person\\\/2d205a608a5aa97ac279d7a5e6d89ad8\"},\"headline\":\"Chuvas no Rio Grande do Sul deixam 31 mortos e 74 desaparecidos\",\"datePublished\":\"2024-05-03T17:56:09+00:00\",\"mainEntityOfPage\":{\"@id\":\"https:\\\/\\\/regiaonews.net.br\\\/2022\\\/2024\\\/05\\\/03\\\/chuvas-no-rio-grande-do-sul-deixam-31-mortos-e-74-desaparecidos\\\/\"},\"wordCount\":332,\"commentCount\":0,\"publisher\":{\"@id\":\"https:\\\/\\\/regiaonews.net.br\\\/2022\\\/#organization\"},\"image\":{\"@id\":\"https:\\\/\\\/regiaonews.net.br\\\/2022\\\/2024\\\/05\\\/03\\\/chuvas-no-rio-grande-do-sul-deixam-31-mortos-e-74-desaparecidos\\\/#primaryimage\"},\"thumbnailUrl\":\"https:\\\/\\\/regiaonews.net.br\\\/2022\\\/wp-content\\\/uploads\\\/2024\\\/05\\\/chuvas_no_rio_grande_do_sul1_0.webp\",\"articleSection\":[\"Brasil\",\"Geral\"],\"inLanguage\":\"pt-BR\",\"potentialAction\":[{\"@type\":\"CommentAction\",\"name\":\"Comment\",\"target\":[\"https:\\\/\\\/regiaonews.net.br\\\/2022\\\/2024\\\/05\\\/03\\\/chuvas-no-rio-grande-do-sul-deixam-31-mortos-e-74-desaparecidos\\\/#respond\"]}]},{\"@type\":\"WebPage\",\"@id\":\"https:\\\/\\\/regiaonews.net.br\\\/2022\\\/2024\\\/05\\\/03\\\/chuvas-no-rio-grande-do-sul-deixam-31-mortos-e-74-desaparecidos\\\/\",\"url\":\"https:\\\/\\\/regiaonews.net.br\\\/2022\\\/2024\\\/05\\\/03\\\/chuvas-no-rio-grande-do-sul-deixam-31-mortos-e-74-desaparecidos\\\/\",\"name\":\"Chuvas no Rio Grande do Sul deixam 31 mortos e 74 desaparecidos - Regi\u00e3o News\",\"isPartOf\":{\"@id\":\"https:\\\/\\\/regiaonews.net.br\\\/2022\\\/#website\"},\"primaryImageOfPage\":{\"@id\":\"https:\\\/\\\/regiaonews.net.br\\\/2022\\\/2024\\\/05\\\/03\\\/chuvas-no-rio-grande-do-sul-deixam-31-mortos-e-74-desaparecidos\\\/#primaryimage\"},\"image\":{\"@id\":\"https:\\\/\\\/regiaonews.net.br\\\/2022\\\/2024\\\/05\\\/03\\\/chuvas-no-rio-grande-do-sul-deixam-31-mortos-e-74-desaparecidos\\\/#primaryimage\"},\"thumbnailUrl\":\"https:\\\/\\\/regiaonews.net.br\\\/2022\\\/wp-content\\\/uploads\\\/2024\\\/05\\\/chuvas_no_rio_grande_do_sul1_0.webp\",\"datePublished\":\"2024-05-03T17:56:09+00:00\",\"breadcrumb\":{\"@id\":\"https:\\\/\\\/regiaonews.net.br\\\/2022\\\/2024\\\/05\\\/03\\\/chuvas-no-rio-grande-do-sul-deixam-31-mortos-e-74-desaparecidos\\\/#breadcrumb\"},\"inLanguage\":\"pt-BR\",\"potentialAction\":[{\"@type\":\"ReadAction\",\"target\":[\"https:\\\/\\\/regiaonews.net.br\\\/2022\\\/2024\\\/05\\\/03\\\/chuvas-no-rio-grande-do-sul-deixam-31-mortos-e-74-desaparecidos\\\/\"]}]},{\"@type\":\"ImageObject\",\"inLanguage\":\"pt-BR\",\"@id\":\"https:\\\/\\\/regiaonews.net.br\\\/2022\\\/2024\\\/05\\\/03\\\/chuvas-no-rio-grande-do-sul-deixam-31-mortos-e-74-desaparecidos\\\/#primaryimage\",\"url\":\"https:\\\/\\\/regiaonews.net.br\\\/2022\\\/wp-content\\\/uploads\\\/2024\\\/05\\\/chuvas_no_rio_grande_do_sul1_0.webp\",\"contentUrl\":\"https:\\\/\\\/regiaonews.net.br\\\/2022\\\/wp-content\\\/uploads\\\/2024\\\/05\\\/chuvas_no_rio_grande_do_sul1_0.webp\",\"width\":1170,\"height\":700},{\"@type\":\"BreadcrumbList\",\"@id\":\"https:\\\/\\\/regiaonews.net.br\\\/2022\\\/2024\\\/05\\\/03\\\/chuvas-no-rio-grande-do-sul-deixam-31-mortos-e-74-desaparecidos\\\/#breadcrumb\",\"itemListElement\":[{\"@type\":\"ListItem\",\"position\":1,\"name\":\"In\u00edcio\",\"item\":\"https:\\\/\\\/regiaonews.net.br\\\/2022\\\/\"},{\"@type\":\"ListItem\",\"position\":2,\"name\":\"Chuvas no Rio Grande do Sul deixam 31 mortos e 74 desaparecidos\"}]},{\"@type\":\"WebSite\",\"@id\":\"https:\\\/\\\/regiaonews.net.br\\\/2022\\\/#website\",\"url\":\"https:\\\/\\\/regiaonews.net.br\\\/2022\\\/\",\"name\":\"Regi\u00e3o News\",\"description\":\"Site de Not\u00edcias de Barretos e regi\u00e3o\",\"publisher\":{\"@id\":\"https:\\\/\\\/regiaonews.net.br\\\/2022\\\/#organization\"},\"potentialAction\":[{\"@type\":\"SearchAction\",\"target\":{\"@type\":\"EntryPoint\",\"urlTemplate\":\"https:\\\/\\\/regiaonews.net.br\\\/2022\\\/?s={search_term_string}\"},\"query-input\":{\"@type\":\"PropertyValueSpecification\",\"valueRequired\":true,\"valueName\":\"search_term_string\"}}],\"inLanguage\":\"pt-BR\"},{\"@type\":\"Organization\",\"@id\":\"https:\\\/\\\/regiaonews.net.br\\\/2022\\\/#organization\",\"name\":\"Regi\u00e3o News\",\"url\":\"https:\\\/\\\/regiaonews.net.br\\\/2022\\\/\",\"logo\":{\"@type\":\"ImageObject\",\"inLanguage\":\"pt-BR\",\"@id\":\"https:\\\/\\\/regiaonews.net.br\\\/2022\\\/#\\\/schema\\\/logo\\\/image\\\/\",\"url\":\"https:\\\/\\\/regiaonews.net.br\\\/2022\\\/wp-content\\\/uploads\\\/2026\\\/03\\\/regiao-13-anos-scaled.jpg\",\"contentUrl\":\"https:\\\/\\\/regiaonews.net.br\\\/2022\\\/wp-content\\\/uploads\\\/2026\\\/03\\\/regiao-13-anos-scaled.jpg\",\"width\":2560,\"height\":635,\"caption\":\"Regi\u00e3o News\"},\"image\":{\"@id\":\"https:\\\/\\\/regiaonews.net.br\\\/2022\\\/#\\\/schema\\\/logo\\\/image\\\/\"}},{\"@type\":\"Person\",\"@id\":\"https:\\\/\\\/regiaonews.net.br\\\/2022\\\/#\\\/schema\\\/person\\\/2d205a608a5aa97ac279d7a5e6d89ad8\",\"name\":\"Roberto\",\"image\":{\"@type\":\"ImageObject\",\"inLanguage\":\"pt-BR\",\"@id\":\"https:\\\/\\\/secure.gravatar.com\\\/avatar\\\/42749d8b712ff9d59ca93dc150494e5b55a44134482993f5baeb97e61b7ecc89?s=96&d=mm&r=g\",\"url\":\"https:\\\/\\\/secure.gravatar.com\\\/avatar\\\/42749d8b712ff9d59ca93dc150494e5b55a44134482993f5baeb97e61b7ecc89?s=96&d=mm&r=g\",\"contentUrl\":\"https:\\\/\\\/secure.gravatar.com\\\/avatar\\\/42749d8b712ff9d59ca93dc150494e5b55a44134482993f5baeb97e61b7ecc89?s=96&d=mm&r=g\",\"caption\":\"Roberto\"},\"url\":\"https:\\\/\\\/regiaonews.net.br\\\/2022\\\/author\\\/roberto\\\/\"}]}<\/script>\n<!-- \/ Yoast SEO plugin. -->","yoast_head_json":{"title":"Chuvas no Rio Grande do Sul deixam 31 mortos e 74 desaparecidos - Regi\u00e3o News","robots":{"index":"index","follow":"follow","max-snippet":"max-snippet:-1","max-image-preview":"max-image-preview:large","max-video-preview":"max-video-preview:-1"},"canonical":"https:\/\/regiaonews.net.br\/2022\/2024\/05\/03\/chuvas-no-rio-grande-do-sul-deixam-31-mortos-e-74-desaparecidos\/","og_locale":"pt_BR","og_type":"article","og_title":"Chuvas no Rio Grande do Sul deixam 31 mortos e 74 desaparecidos - Regi\u00e3o News","og_description":"Segundo a PRF, 39 rodovias est\u00e3o totalmente bloqueadas no estado","og_url":"https:\/\/regiaonews.net.br\/2022\/2024\/05\/03\/chuvas-no-rio-grande-do-sul-deixam-31-mortos-e-74-desaparecidos\/","og_site_name":"Regi\u00e3o News","article_published_time":"2024-05-03T17:56:09+00:00","og_image":[{"width":1170,"height":700,"url":"https:\/\/regiaonews.net.br\/2022\/wp-content\/uploads\/2024\/05\/chuvas_no_rio_grande_do_sul1_0.webp","type":"image\/webp"}],"author":"Roberto","twitter_card":"summary_large_image","twitter_misc":{"Escrito por":"Roberto","Est. tempo de leitura":"3 minutos"},"schema":{"@context":"https:\/\/schema.org","@graph":[{"@type":"Article","@id":"https:\/\/regiaonews.net.br\/2022\/2024\/05\/03\/chuvas-no-rio-grande-do-sul-deixam-31-mortos-e-74-desaparecidos\/#article","isPartOf":{"@id":"https:\/\/regiaonews.net.br\/2022\/2024\/05\/03\/chuvas-no-rio-grande-do-sul-deixam-31-mortos-e-74-desaparecidos\/"},"author":{"name":"Roberto","@id":"https:\/\/regiaonews.net.br\/2022\/#\/schema\/person\/2d205a608a5aa97ac279d7a5e6d89ad8"},"headline":"Chuvas no Rio Grande do Sul deixam 31 mortos e 74 desaparecidos","datePublished":"2024-05-03T17:56:09+00:00","mainEntityOfPage":{"@id":"https:\/\/regiaonews.net.br\/2022\/2024\/05\/03\/chuvas-no-rio-grande-do-sul-deixam-31-mortos-e-74-desaparecidos\/"},"wordCount":332,"commentCount":0,"publisher":{"@id":"https:\/\/regiaonews.net.br\/2022\/#organization"},"image":{"@id":"https:\/\/regiaonews.net.br\/2022\/2024\/05\/03\/chuvas-no-rio-grande-do-sul-deixam-31-mortos-e-74-desaparecidos\/#primaryimage"},"thumbnailUrl":"https:\/\/regiaonews.net.br\/2022\/wp-content\/uploads\/2024\/05\/chuvas_no_rio_grande_do_sul1_0.webp","articleSection":["Brasil","Geral"],"inLanguage":"pt-BR","potentialAction":[{"@type":"CommentAction","name":"Comment","target":["https:\/\/regiaonews.net.br\/2022\/2024\/05\/03\/chuvas-no-rio-grande-do-sul-deixam-31-mortos-e-74-desaparecidos\/#respond"]}]},{"@type":"WebPage","@id":"https:\/\/regiaonews.net.br\/2022\/2024\/05\/03\/chuvas-no-rio-grande-do-sul-deixam-31-mortos-e-74-desaparecidos\/","url":"https:\/\/regiaonews.net.br\/2022\/2024\/05\/03\/chuvas-no-rio-grande-do-sul-deixam-31-mortos-e-74-desaparecidos\/","name":"Chuvas no Rio Grande do Sul deixam 31 mortos e 74 desaparecidos - Regi\u00e3o News","isPartOf":{"@id":"https:\/\/regiaonews.net.br\/2022\/#website"},"primaryImageOfPage":{"@id":"https:\/\/regiaonews.net.br\/2022\/2024\/05\/03\/chuvas-no-rio-grande-do-sul-deixam-31-mortos-e-74-desaparecidos\/#primaryimage"},"image":{"@id":"https:\/\/regiaonews.net.br\/2022\/2024\/05\/03\/chuvas-no-rio-grande-do-sul-deixam-31-mortos-e-74-desaparecidos\/#primaryimage"},"thumbnailUrl":"https:\/\/regiaonews.net.br\/2022\/wp-content\/uploads\/2024\/05\/chuvas_no_rio_grande_do_sul1_0.webp","datePublished":"2024-05-03T17:56:09+00:00","breadcrumb":{"@id":"https:\/\/regiaonews.net.br\/2022\/2024\/05\/03\/chuvas-no-rio-grande-do-sul-deixam-31-mortos-e-74-desaparecidos\/#breadcrumb"},"inLanguage":"pt-BR","potentialAction":[{"@type":"ReadAction","target":["https:\/\/regiaonews.net.br\/2022\/2024\/05\/03\/chuvas-no-rio-grande-do-sul-deixam-31-mortos-e-74-desaparecidos\/"]}]},{"@type":"ImageObject","inLanguage":"pt-BR","@id":"https:\/\/regiaonews.net.br\/2022\/2024\/05\/03\/chuvas-no-rio-grande-do-sul-deixam-31-mortos-e-74-desaparecidos\/#primaryimage","url":"https:\/\/regiaonews.net.br\/2022\/wp-content\/uploads\/2024\/05\/chuvas_no_rio_grande_do_sul1_0.webp","contentUrl":"https:\/\/regiaonews.net.br\/2022\/wp-content\/uploads\/2024\/05\/chuvas_no_rio_grande_do_sul1_0.webp","width":1170,"height":700},{"@type":"BreadcrumbList","@id":"https:\/\/regiaonews.net.br\/2022\/2024\/05\/03\/chuvas-no-rio-grande-do-sul-deixam-31-mortos-e-74-desaparecidos\/#breadcrumb","itemListElement":[{"@type":"ListItem","position":1,"name":"In\u00edcio","item":"https:\/\/regiaonews.net.br\/2022\/"},{"@type":"ListItem","position":2,"name":"Chuvas no Rio Grande do Sul deixam 31 mortos e 74 desaparecidos"}]},{"@type":"WebSite","@id":"https:\/\/regiaonews.net.br\/2022\/#website","url":"https:\/\/regiaonews.net.br\/2022\/","name":"Regi\u00e3o News","description":"Site de Not\u00edcias de Barretos e regi\u00e3o","publisher":{"@id":"https:\/\/regiaonews.net.br\/2022\/#organization"},"potentialAction":[{"@type":"SearchAction","target":{"@type":"EntryPoint","urlTemplate":"https:\/\/regiaonews.net.br\/2022\/?s={search_term_string}"},"query-input":{"@type":"PropertyValueSpecification","valueRequired":true,"valueName":"search_term_string"}}],"inLanguage":"pt-BR"},{"@type":"Organization","@id":"https:\/\/regiaonews.net.br\/2022\/#organization","name":"Regi\u00e3o News","url":"https:\/\/regiaonews.net.br\/2022\/","logo":{"@type":"ImageObject","inLanguage":"pt-BR","@id":"https:\/\/regiaonews.net.br\/2022\/#\/schema\/logo\/image\/","url":"https:\/\/regiaonews.net.br\/2022\/wp-content\/uploads\/2026\/03\/regiao-13-anos-scaled.jpg","contentUrl":"https:\/\/regiaonews.net.br\/2022\/wp-content\/uploads\/2026\/03\/regiao-13-anos-scaled.jpg","width":2560,"height":635,"caption":"Regi\u00e3o News"},"image":{"@id":"https:\/\/regiaonews.net.br\/2022\/#\/schema\/logo\/image\/"}},{"@type":"Person","@id":"https:\/\/regiaonews.net.br\/2022\/#\/schema\/person\/2d205a608a5aa97ac279d7a5e6d89ad8","name":"Roberto","image":{"@type":"ImageObject","inLanguage":"pt-BR","@id":"https:\/\/secure.gravatar.com\/avatar\/42749d8b712ff9d59ca93dc150494e5b55a44134482993f5baeb97e61b7ecc89?s=96&d=mm&r=g","url":"https:\/\/secure.gravatar.com\/avatar\/42749d8b712ff9d59ca93dc150494e5b55a44134482993f5baeb97e61b7ecc89?s=96&d=mm&r=g","contentUrl":"https:\/\/secure.gravatar.com\/avatar\/42749d8b712ff9d59ca93dc150494e5b55a44134482993f5baeb97e61b7ecc89?s=96&d=mm&r=g","caption":"Roberto"},"url":"https:\/\/regiaonews.net.br\/2022\/author\/roberto\/"}]}},"publishpress_future_action":{"enabled":false,"date":"2026-05-04 14:18:38","action":"change-status","newStatus":"draft","terms":[],"taxonomy":"category","extraData":[]},"publishpress_future_workflow_manual_trigger":{"enabledWorkflows":[]},"_links":{"self":[{"href":"https:\/\/regiaonews.net.br\/2022\/wp-json\/wp\/v2\/posts\/104483","targetHints":{"allow":["GET"]}}],"collection":[{"href":"https:\/\/regiaonews.net.br\/2022\/wp-json\/wp\/v2\/posts"}],"about":[{"href":"https:\/\/regiaonews.net.br\/2022\/wp-json\/wp\/v2\/types\/post"}],"author":[{"embeddable":true,"href":"https:\/\/regiaonews.net.br\/2022\/wp-json\/wp\/v2\/users\/2"}],"replies":[{"embeddable":true,"href":"https:\/\/regiaonews.net.br\/2022\/wp-json\/wp\/v2\/comments?post=104483"}],"version-history":[{"count":1,"href":"https:\/\/regiaonews.net.br\/2022\/wp-json\/wp\/v2\/posts\/104483\/revisions"}],"predecessor-version":[{"id":104485,"href":"https:\/\/regiaonews.net.br\/2022\/wp-json\/wp\/v2\/posts\/104483\/revisions\/104485"}],"wp:featuredmedia":[{"embeddable":true,"href":"https:\/\/regiaonews.net.br\/2022\/wp-json\/wp\/v2\/media\/104484"}],"wp:attachment":[{"href":"https:\/\/regiaonews.net.br\/2022\/wp-json\/wp\/v2\/media?parent=104483"}],"wp:term":[{"taxonomy":"category","embeddable":true,"href":"https:\/\/regiaonews.net.br\/2022\/wp-json\/wp\/v2\/categories?post=104483"},{"taxonomy":"post_tag","embeddable":true,"href":"https:\/\/regiaonews.net.br\/2022\/wp-json\/wp\/v2\/tags?post=104483"}],"curies":[{"name":"wp","href":"https:\/\/api.w.org\/{rel}","templated":true}]}}