{"id":104481,"date":"2024-05-03T14:55:11","date_gmt":"2024-05-03T17:55:11","guid":{"rendered":"https:\/\/regiaonews.net.br\/2022\/?p=104481"},"modified":"2024-05-03T14:55:11","modified_gmt":"2024-05-03T17:55:11","slug":"pedagios-teve-reajuste-em-quatro-rodovias-da-regiao-de-ribeirao","status":"publish","type":"post","link":"https:\/\/regiaonews.net.br\/2022\/2024\/05\/03\/pedagios-teve-reajuste-em-quatro-rodovias-da-regiao-de-ribeirao\/","title":{"rendered":"Ped\u00e1gios teve reajuste em quatro rodovias da regi\u00e3o de Ribeir\u00e3o"},"content":{"rendered":"<p>Os pre\u00e7os dos ped\u00e1gios de quatro rodovias da regi\u00e3o de Ribeir\u00e3o Preto foram reajustados desde quarta-feira, dia 1\u00ba. O aumento \u00e9 4,66% ocorre em rodovias administradas pela concession\u00e1ria Econoroeste e foi definido pela Ag\u00eancia Reguladora de Transportes (Artesp), com base na evolu\u00e7\u00e3o do \u00cdndice de Pre\u00e7os ao Consumidor Amplo (IPCA).<br \/>\nA maior diferen\u00e7a em termos de valor ocorreu na pra\u00e7a da Rodovia Washington Lu\u00eds (SP-310) na altura de Agulha, distrito de Fernando Prestes (SP), onde a tarifa para ve\u00edculos de passeio passou de R$ 12 para R$ 12,50. Ainda ocorreram aumentos de R$0,40 nos ped\u00e1gios instalados na rodovia Brigadeiro Faria Lima em Dobrada e Tai\u00fava que passou de R$9,80 para R$10,20 e de R$8,90 para R$9,30. J\u00e1 em Jaboticabal na rodovia Carlos Tonani, os valores passaram de R$15,30 para R$16,00, representando uma aumento de R$0,70.<br \/>\nNa regi\u00e3o de Barretos, as rodovias administradas pela Concession\u00e1ria TEBE n\u00e3o tiveram reajuste de pre\u00e7os. Em Colina, na rodovia Faria Lima o valor est\u00e1 mantido em R$10,80, em Pirangi na rodovia Comendador Pedro Monteleone a R$11,40 e em Monte Alto na rodovia Jos\u00e9 Della Vechia\u00a0o\u00a0pre\u00e7o\u00a0R$7,20.<\/p>\n","protected":false},"excerpt":{"rendered":"<p>Os pre\u00e7os dos ped\u00e1gios de quatro rodovias da regi\u00e3o de<\/p>\n","protected":false},"author":2,"featured_media":69575,"comment_status":"open","ping_status":"open","sticky":false,"template":"","format":"standard","meta":{"footnotes":""},"categories":[3,32],"tags":[],"class_list":["post-104481","post","type-post","status-publish","format-standard","has-post-thumbnail","hentry","category-geral","category-ribeirao-preto"],"yoast_head":"<!-- This site is optimized with the Yoast SEO plugin v27.4 - https:\/\/yoast.com\/product\/yoast-seo-wordpress\/ -->\n<title>Ped\u00e1gios teve reajuste em quatro rodovias da regi\u00e3o de Ribeir\u00e3o - Regi\u00e3o News<\/title>\n<meta name=\"robots\" content=\"index, follow, max-snippet:-1, max-image-preview:large, max-video-preview:-1\" \/>\n<link rel=\"canonical\" href=\"https:\/\/regiaonews.net.br\/2022\/2024\/05\/03\/pedagios-teve-reajuste-em-quatro-rodovias-da-regiao-de-ribeirao\/\" \/>\n<meta property=\"og:locale\" content=\"pt_BR\" \/>\n<meta property=\"og:type\" content=\"article\" \/>\n<meta property=\"og:title\" content=\"Ped\u00e1gios teve reajuste em quatro rodovias da regi\u00e3o de Ribeir\u00e3o - Regi\u00e3o News\" \/>\n<meta property=\"og:description\" content=\"Os pre\u00e7os dos ped\u00e1gios de quatro rodovias da regi\u00e3o de\" \/>\n<meta property=\"og:url\" content=\"https:\/\/regiaonews.net.br\/2022\/2024\/05\/03\/pedagios-teve-reajuste-em-quatro-rodovias-da-regiao-de-ribeirao\/\" \/>\n<meta property=\"og:site_name\" content=\"Regi\u00e3o News\" \/>\n<meta property=\"article:published_time\" content=\"2024-05-03T17:55:11+00:00\" \/>\n<meta property=\"og:image\" content=\"https:\/\/regiaonews.net.br\/2022\/wp-content\/uploads\/2022\/04\/pedagio-Colina.jpg\" \/>\n\t<meta property=\"og:image:width\" content=\"600\" \/>\n\t<meta property=\"og:image:height\" content=\"307\" \/>\n\t<meta property=\"og:image:type\" content=\"image\/jpeg\" \/>\n<meta name=\"author\" content=\"Roberto\" \/>\n<meta name=\"twitter:card\" content=\"summary_large_image\" \/>\n<meta name=\"twitter:label1\" content=\"Escrito por\" \/>\n\t<meta name=\"twitter:data1\" content=\"Roberto\" \/>\n\t<meta name=\"twitter:label2\" content=\"Est. tempo de leitura\" \/>\n\t<meta name=\"twitter:data2\" content=\"2 minutos\" \/>\n<script type=\"application\/ld+json\" class=\"yoast-schema-graph\">{\"@context\":\"https:\\\/\\\/schema.org\",\"@graph\":[{\"@type\":\"Article\",\"@id\":\"https:\\\/\\\/regiaonews.net.br\\\/2022\\\/2024\\\/05\\\/03\\\/pedagios-teve-reajuste-em-quatro-rodovias-da-regiao-de-ribeirao\\\/#article\",\"isPartOf\":{\"@id\":\"https:\\\/\\\/regiaonews.net.br\\\/2022\\\/2024\\\/05\\\/03\\\/pedagios-teve-reajuste-em-quatro-rodovias-da-regiao-de-ribeirao\\\/\"},\"author\":{\"name\":\"Roberto\",\"@id\":\"https:\\\/\\\/regiaonews.net.br\\\/2022\\\/#\\\/schema\\\/person\\\/2d205a608a5aa97ac279d7a5e6d89ad8\"},\"headline\":\"Ped\u00e1gios teve reajuste em quatro rodovias da regi\u00e3o de Ribeir\u00e3o\",\"datePublished\":\"2024-05-03T17:55:11+00:00\",\"mainEntityOfPage\":{\"@id\":\"https:\\\/\\\/regiaonews.net.br\\\/2022\\\/2024\\\/05\\\/03\\\/pedagios-teve-reajuste-em-quatro-rodovias-da-regiao-de-ribeirao\\\/\"},\"wordCount\":210,\"commentCount\":0,\"publisher\":{\"@id\":\"https:\\\/\\\/regiaonews.net.br\\\/2022\\\/#organization\"},\"image\":{\"@id\":\"https:\\\/\\\/regiaonews.net.br\\\/2022\\\/2024\\\/05\\\/03\\\/pedagios-teve-reajuste-em-quatro-rodovias-da-regiao-de-ribeirao\\\/#primaryimage\"},\"thumbnailUrl\":\"https:\\\/\\\/regiaonews.net.br\\\/2022\\\/wp-content\\\/uploads\\\/2022\\\/04\\\/pedagio-Colina.jpg\",\"articleSection\":[\"Geral\",\"Ribeir\u00e3o Preto\"],\"inLanguage\":\"pt-BR\",\"potentialAction\":[{\"@type\":\"CommentAction\",\"name\":\"Comment\",\"target\":[\"https:\\\/\\\/regiaonews.net.br\\\/2022\\\/2024\\\/05\\\/03\\\/pedagios-teve-reajuste-em-quatro-rodovias-da-regiao-de-ribeirao\\\/#respond\"]}]},{\"@type\":\"WebPage\",\"@id\":\"https:\\\/\\\/regiaonews.net.br\\\/2022\\\/2024\\\/05\\\/03\\\/pedagios-teve-reajuste-em-quatro-rodovias-da-regiao-de-ribeirao\\\/\",\"url\":\"https:\\\/\\\/regiaonews.net.br\\\/2022\\\/2024\\\/05\\\/03\\\/pedagios-teve-reajuste-em-quatro-rodovias-da-regiao-de-ribeirao\\\/\",\"name\":\"Ped\u00e1gios teve reajuste em quatro rodovias da regi\u00e3o de Ribeir\u00e3o - Regi\u00e3o News\",\"isPartOf\":{\"@id\":\"https:\\\/\\\/regiaonews.net.br\\\/2022\\\/#website\"},\"primaryImageOfPage\":{\"@id\":\"https:\\\/\\\/regiaonews.net.br\\\/2022\\\/2024\\\/05\\\/03\\\/pedagios-teve-reajuste-em-quatro-rodovias-da-regiao-de-ribeirao\\\/#primaryimage\"},\"image\":{\"@id\":\"https:\\\/\\\/regiaonews.net.br\\\/2022\\\/2024\\\/05\\\/03\\\/pedagios-teve-reajuste-em-quatro-rodovias-da-regiao-de-ribeirao\\\/#primaryimage\"},\"thumbnailUrl\":\"https:\\\/\\\/regiaonews.net.br\\\/2022\\\/wp-content\\\/uploads\\\/2022\\\/04\\\/pedagio-Colina.jpg\",\"datePublished\":\"2024-05-03T17:55:11+00:00\",\"breadcrumb\":{\"@id\":\"https:\\\/\\\/regiaonews.net.br\\\/2022\\\/2024\\\/05\\\/03\\\/pedagios-teve-reajuste-em-quatro-rodovias-da-regiao-de-ribeirao\\\/#breadcrumb\"},\"inLanguage\":\"pt-BR\",\"potentialAction\":[{\"@type\":\"ReadAction\",\"target\":[\"https:\\\/\\\/regiaonews.net.br\\\/2022\\\/2024\\\/05\\\/03\\\/pedagios-teve-reajuste-em-quatro-rodovias-da-regiao-de-ribeirao\\\/\"]}]},{\"@type\":\"ImageObject\",\"inLanguage\":\"pt-BR\",\"@id\":\"https:\\\/\\\/regiaonews.net.br\\\/2022\\\/2024\\\/05\\\/03\\\/pedagios-teve-reajuste-em-quatro-rodovias-da-regiao-de-ribeirao\\\/#primaryimage\",\"url\":\"https:\\\/\\\/regiaonews.net.br\\\/2022\\\/wp-content\\\/uploads\\\/2022\\\/04\\\/pedagio-Colina.jpg\",\"contentUrl\":\"https:\\\/\\\/regiaonews.net.br\\\/2022\\\/wp-content\\\/uploads\\\/2022\\\/04\\\/pedagio-Colina.jpg\",\"width\":600,\"height\":307},{\"@type\":\"BreadcrumbList\",\"@id\":\"https:\\\/\\\/regiaonews.net.br\\\/2022\\\/2024\\\/05\\\/03\\\/pedagios-teve-reajuste-em-quatro-rodovias-da-regiao-de-ribeirao\\\/#breadcrumb\",\"itemListElement\":[{\"@type\":\"ListItem\",\"position\":1,\"name\":\"In\u00edcio\",\"item\":\"https:\\\/\\\/regiaonews.net.br\\\/2022\\\/\"},{\"@type\":\"ListItem\",\"position\":2,\"name\":\"Ped\u00e1gios teve reajuste em quatro rodovias da regi\u00e3o de Ribeir\u00e3o\"}]},{\"@type\":\"WebSite\",\"@id\":\"https:\\\/\\\/regiaonews.net.br\\\/2022\\\/#website\",\"url\":\"https:\\\/\\\/regiaonews.net.br\\\/2022\\\/\",\"name\":\"Regi\u00e3o News\",\"description\":\"Site de Not\u00edcias de Barretos e regi\u00e3o\",\"publisher\":{\"@id\":\"https:\\\/\\\/regiaonews.net.br\\\/2022\\\/#organization\"},\"potentialAction\":[{\"@type\":\"SearchAction\",\"target\":{\"@type\":\"EntryPoint\",\"urlTemplate\":\"https:\\\/\\\/regiaonews.net.br\\\/2022\\\/?s={search_term_string}\"},\"query-input\":{\"@type\":\"PropertyValueSpecification\",\"valueRequired\":true,\"valueName\":\"search_term_string\"}}],\"inLanguage\":\"pt-BR\"},{\"@type\":\"Organization\",\"@id\":\"https:\\\/\\\/regiaonews.net.br\\\/2022\\\/#organization\",\"name\":\"Regi\u00e3o News\",\"url\":\"https:\\\/\\\/regiaonews.net.br\\\/2022\\\/\",\"logo\":{\"@type\":\"ImageObject\",\"inLanguage\":\"pt-BR\",\"@id\":\"https:\\\/\\\/regiaonews.net.br\\\/2022\\\/#\\\/schema\\\/logo\\\/image\\\/\",\"url\":\"https:\\\/\\\/regiaonews.net.br\\\/2022\\\/wp-content\\\/uploads\\\/2026\\\/03\\\/regiao-13-anos-scaled.jpg\",\"contentUrl\":\"https:\\\/\\\/regiaonews.net.br\\\/2022\\\/wp-content\\\/uploads\\\/2026\\\/03\\\/regiao-13-anos-scaled.jpg\",\"width\":2560,\"height\":635,\"caption\":\"Regi\u00e3o News\"},\"image\":{\"@id\":\"https:\\\/\\\/regiaonews.net.br\\\/2022\\\/#\\\/schema\\\/logo\\\/image\\\/\"}},{\"@type\":\"Person\",\"@id\":\"https:\\\/\\\/regiaonews.net.br\\\/2022\\\/#\\\/schema\\\/person\\\/2d205a608a5aa97ac279d7a5e6d89ad8\",\"name\":\"Roberto\",\"image\":{\"@type\":\"ImageObject\",\"inLanguage\":\"pt-BR\",\"@id\":\"https:\\\/\\\/secure.gravatar.com\\\/avatar\\\/42749d8b712ff9d59ca93dc150494e5b55a44134482993f5baeb97e61b7ecc89?s=96&d=mm&r=g\",\"url\":\"https:\\\/\\\/secure.gravatar.com\\\/avatar\\\/42749d8b712ff9d59ca93dc150494e5b55a44134482993f5baeb97e61b7ecc89?s=96&d=mm&r=g\",\"contentUrl\":\"https:\\\/\\\/secure.gravatar.com\\\/avatar\\\/42749d8b712ff9d59ca93dc150494e5b55a44134482993f5baeb97e61b7ecc89?s=96&d=mm&r=g\",\"caption\":\"Roberto\"},\"url\":\"https:\\\/\\\/regiaonews.net.br\\\/2022\\\/author\\\/roberto\\\/\"}]}<\/script>\n<!-- \/ Yoast SEO plugin. -->","yoast_head_json":{"title":"Ped\u00e1gios teve reajuste em quatro rodovias da regi\u00e3o de Ribeir\u00e3o - Regi\u00e3o News","robots":{"index":"index","follow":"follow","max-snippet":"max-snippet:-1","max-image-preview":"max-image-preview:large","max-video-preview":"max-video-preview:-1"},"canonical":"https:\/\/regiaonews.net.br\/2022\/2024\/05\/03\/pedagios-teve-reajuste-em-quatro-rodovias-da-regiao-de-ribeirao\/","og_locale":"pt_BR","og_type":"article","og_title":"Ped\u00e1gios teve reajuste em quatro rodovias da regi\u00e3o de Ribeir\u00e3o - Regi\u00e3o News","og_description":"Os pre\u00e7os dos ped\u00e1gios de quatro rodovias da regi\u00e3o de","og_url":"https:\/\/regiaonews.net.br\/2022\/2024\/05\/03\/pedagios-teve-reajuste-em-quatro-rodovias-da-regiao-de-ribeirao\/","og_site_name":"Regi\u00e3o News","article_published_time":"2024-05-03T17:55:11+00:00","og_image":[{"width":600,"height":307,"url":"https:\/\/regiaonews.net.br\/2022\/wp-content\/uploads\/2022\/04\/pedagio-Colina.jpg","type":"image\/jpeg"}],"author":"Roberto","twitter_card":"summary_large_image","twitter_misc":{"Escrito por":"Roberto","Est. tempo de leitura":"2 minutos"},"schema":{"@context":"https:\/\/schema.org","@graph":[{"@type":"Article","@id":"https:\/\/regiaonews.net.br\/2022\/2024\/05\/03\/pedagios-teve-reajuste-em-quatro-rodovias-da-regiao-de-ribeirao\/#article","isPartOf":{"@id":"https:\/\/regiaonews.net.br\/2022\/2024\/05\/03\/pedagios-teve-reajuste-em-quatro-rodovias-da-regiao-de-ribeirao\/"},"author":{"name":"Roberto","@id":"https:\/\/regiaonews.net.br\/2022\/#\/schema\/person\/2d205a608a5aa97ac279d7a5e6d89ad8"},"headline":"Ped\u00e1gios teve reajuste em quatro rodovias da regi\u00e3o de Ribeir\u00e3o","datePublished":"2024-05-03T17:55:11+00:00","mainEntityOfPage":{"@id":"https:\/\/regiaonews.net.br\/2022\/2024\/05\/03\/pedagios-teve-reajuste-em-quatro-rodovias-da-regiao-de-ribeirao\/"},"wordCount":210,"commentCount":0,"publisher":{"@id":"https:\/\/regiaonews.net.br\/2022\/#organization"},"image":{"@id":"https:\/\/regiaonews.net.br\/2022\/2024\/05\/03\/pedagios-teve-reajuste-em-quatro-rodovias-da-regiao-de-ribeirao\/#primaryimage"},"thumbnailUrl":"https:\/\/regiaonews.net.br\/2022\/wp-content\/uploads\/2022\/04\/pedagio-Colina.jpg","articleSection":["Geral","Ribeir\u00e3o Preto"],"inLanguage":"pt-BR","potentialAction":[{"@type":"CommentAction","name":"Comment","target":["https:\/\/regiaonews.net.br\/2022\/2024\/05\/03\/pedagios-teve-reajuste-em-quatro-rodovias-da-regiao-de-ribeirao\/#respond"]}]},{"@type":"WebPage","@id":"https:\/\/regiaonews.net.br\/2022\/2024\/05\/03\/pedagios-teve-reajuste-em-quatro-rodovias-da-regiao-de-ribeirao\/","url":"https:\/\/regiaonews.net.br\/2022\/2024\/05\/03\/pedagios-teve-reajuste-em-quatro-rodovias-da-regiao-de-ribeirao\/","name":"Ped\u00e1gios teve reajuste em quatro rodovias da regi\u00e3o de Ribeir\u00e3o - Regi\u00e3o News","isPartOf":{"@id":"https:\/\/regiaonews.net.br\/2022\/#website"},"primaryImageOfPage":{"@id":"https:\/\/regiaonews.net.br\/2022\/2024\/05\/03\/pedagios-teve-reajuste-em-quatro-rodovias-da-regiao-de-ribeirao\/#primaryimage"},"image":{"@id":"https:\/\/regiaonews.net.br\/2022\/2024\/05\/03\/pedagios-teve-reajuste-em-quatro-rodovias-da-regiao-de-ribeirao\/#primaryimage"},"thumbnailUrl":"https:\/\/regiaonews.net.br\/2022\/wp-content\/uploads\/2022\/04\/pedagio-Colina.jpg","datePublished":"2024-05-03T17:55:11+00:00","breadcrumb":{"@id":"https:\/\/regiaonews.net.br\/2022\/2024\/05\/03\/pedagios-teve-reajuste-em-quatro-rodovias-da-regiao-de-ribeirao\/#breadcrumb"},"inLanguage":"pt-BR","potentialAction":[{"@type":"ReadAction","target":["https:\/\/regiaonews.net.br\/2022\/2024\/05\/03\/pedagios-teve-reajuste-em-quatro-rodovias-da-regiao-de-ribeirao\/"]}]},{"@type":"ImageObject","inLanguage":"pt-BR","@id":"https:\/\/regiaonews.net.br\/2022\/2024\/05\/03\/pedagios-teve-reajuste-em-quatro-rodovias-da-regiao-de-ribeirao\/#primaryimage","url":"https:\/\/regiaonews.net.br\/2022\/wp-content\/uploads\/2022\/04\/pedagio-Colina.jpg","contentUrl":"https:\/\/regiaonews.net.br\/2022\/wp-content\/uploads\/2022\/04\/pedagio-Colina.jpg","width":600,"height":307},{"@type":"BreadcrumbList","@id":"https:\/\/regiaonews.net.br\/2022\/2024\/05\/03\/pedagios-teve-reajuste-em-quatro-rodovias-da-regiao-de-ribeirao\/#breadcrumb","itemListElement":[{"@type":"ListItem","position":1,"name":"In\u00edcio","item":"https:\/\/regiaonews.net.br\/2022\/"},{"@type":"ListItem","position":2,"name":"Ped\u00e1gios teve reajuste em quatro rodovias da regi\u00e3o de Ribeir\u00e3o"}]},{"@type":"WebSite","@id":"https:\/\/regiaonews.net.br\/2022\/#website","url":"https:\/\/regiaonews.net.br\/2022\/","name":"Regi\u00e3o News","description":"Site de Not\u00edcias de Barretos e regi\u00e3o","publisher":{"@id":"https:\/\/regiaonews.net.br\/2022\/#organization"},"potentialAction":[{"@type":"SearchAction","target":{"@type":"EntryPoint","urlTemplate":"https:\/\/regiaonews.net.br\/2022\/?s={search_term_string}"},"query-input":{"@type":"PropertyValueSpecification","valueRequired":true,"valueName":"search_term_string"}}],"inLanguage":"pt-BR"},{"@type":"Organization","@id":"https:\/\/regiaonews.net.br\/2022\/#organization","name":"Regi\u00e3o News","url":"https:\/\/regiaonews.net.br\/2022\/","logo":{"@type":"ImageObject","inLanguage":"pt-BR","@id":"https:\/\/regiaonews.net.br\/2022\/#\/schema\/logo\/image\/","url":"https:\/\/regiaonews.net.br\/2022\/wp-content\/uploads\/2026\/03\/regiao-13-anos-scaled.jpg","contentUrl":"https:\/\/regiaonews.net.br\/2022\/wp-content\/uploads\/2026\/03\/regiao-13-anos-scaled.jpg","width":2560,"height":635,"caption":"Regi\u00e3o News"},"image":{"@id":"https:\/\/regiaonews.net.br\/2022\/#\/schema\/logo\/image\/"}},{"@type":"Person","@id":"https:\/\/regiaonews.net.br\/2022\/#\/schema\/person\/2d205a608a5aa97ac279d7a5e6d89ad8","name":"Roberto","image":{"@type":"ImageObject","inLanguage":"pt-BR","@id":"https:\/\/secure.gravatar.com\/avatar\/42749d8b712ff9d59ca93dc150494e5b55a44134482993f5baeb97e61b7ecc89?s=96&d=mm&r=g","url":"https:\/\/secure.gravatar.com\/avatar\/42749d8b712ff9d59ca93dc150494e5b55a44134482993f5baeb97e61b7ecc89?s=96&d=mm&r=g","contentUrl":"https:\/\/secure.gravatar.com\/avatar\/42749d8b712ff9d59ca93dc150494e5b55a44134482993f5baeb97e61b7ecc89?s=96&d=mm&r=g","caption":"Roberto"},"url":"https:\/\/regiaonews.net.br\/2022\/author\/roberto\/"}]}},"publishpress_future_action":{"enabled":false,"date":"2026-05-04 15:48:20","action":"change-status","newStatus":"draft","terms":[],"taxonomy":"category","extraData":[]},"publishpress_future_workflow_manual_trigger":{"enabledWorkflows":[]},"_links":{"self":[{"href":"https:\/\/regiaonews.net.br\/2022\/wp-json\/wp\/v2\/posts\/104481","targetHints":{"allow":["GET"]}}],"collection":[{"href":"https:\/\/regiaonews.net.br\/2022\/wp-json\/wp\/v2\/posts"}],"about":[{"href":"https:\/\/regiaonews.net.br\/2022\/wp-json\/wp\/v2\/types\/post"}],"author":[{"embeddable":true,"href":"https:\/\/regiaonews.net.br\/2022\/wp-json\/wp\/v2\/users\/2"}],"replies":[{"embeddable":true,"href":"https:\/\/regiaonews.net.br\/2022\/wp-json\/wp\/v2\/comments?post=104481"}],"version-history":[{"count":1,"href":"https:\/\/regiaonews.net.br\/2022\/wp-json\/wp\/v2\/posts\/104481\/revisions"}],"predecessor-version":[{"id":104482,"href":"https:\/\/regiaonews.net.br\/2022\/wp-json\/wp\/v2\/posts\/104481\/revisions\/104482"}],"wp:featuredmedia":[{"embeddable":true,"href":"https:\/\/regiaonews.net.br\/2022\/wp-json\/wp\/v2\/media\/69575"}],"wp:attachment":[{"href":"https:\/\/regiaonews.net.br\/2022\/wp-json\/wp\/v2\/media?parent=104481"}],"wp:term":[{"taxonomy":"category","embeddable":true,"href":"https:\/\/regiaonews.net.br\/2022\/wp-json\/wp\/v2\/categories?post=104481"},{"taxonomy":"post_tag","embeddable":true,"href":"https:\/\/regiaonews.net.br\/2022\/wp-json\/wp\/v2\/tags?post=104481"}],"curies":[{"name":"wp","href":"https:\/\/api.w.org\/{rel}","templated":true}]}}