{"id":104475,"date":"2024-05-03T11:06:28","date_gmt":"2024-05-03T14:06:28","guid":{"rendered":"https:\/\/regiaonews.net.br\/2022\/?p=104475"},"modified":"2024-05-03T11:06:28","modified_gmt":"2024-05-03T14:06:28","slug":"prefeitura-de-colina-distribui-os-carnes-de-iptu-2024","status":"publish","type":"post","link":"https:\/\/regiaonews.net.br\/2022\/2024\/05\/03\/prefeitura-de-colina-distribui-os-carnes-de-iptu-2024\/","title":{"rendered":"Prefeitura de Colina distribui os carn\u00eas de IPTU 2024"},"content":{"rendered":"<div class=\"post-content\">\n<article class=\"post-text\"><em>O prazo para quem for pagar o Imposto em cota \u00fanica ou para o vencimento da primeira parcela \u00e9 o dia 15 de maio.<\/em><\/p>\n<p>&nbsp;<\/p>\n<p>A Prefeitura Municipal de Colina iniciou a distribui\u00e7\u00e3o dos carn\u00eas de IPTU \u2013 Imposto Predial e Territorial Urbano de 2024. Ao todo s\u00e3o 11.305 im\u00f3veis prediais (casas residenciais e comerciais) e territoriais (terrenos). A entrega est\u00e1 sendo feita nos domic\u00edlios dos contribuintes.<\/p>\n<p>O valor do tributo, em 2024, foi corrigido em 4,6835%, seguindo a varia\u00e7\u00e3o inflacion\u00e1ria calculada pelo \u00cdndice de Pre\u00e7os ao Consumidor Amplo \u2013 IPCA, do IBGE.<\/p>\n<p>A data de vencimento para o pagamento da cota \u00fanica ou primeira parcela do IPTU de 2024 \u00e9 at\u00e9 o dia 15 de maio,\u00a0<strong>com desconto de 15%<\/strong>. E para o parcelamento em 08 vezes (sem desconto), o contribuinte tem tamb\u00e9m, o prazo de vencimento da primeira parcela para o dia 15 de maio.<\/p>\n<p>O pagamento do IPTU com identifica\u00e7\u00e3o do n\u00famero do CPF ou CNPJ pode ser efetuado em qualquer ag\u00eancia banc\u00e1ria e correspondentes banc\u00e1rios at\u00e9 o vencimento.<\/p>\n<p>Caso o contribuinte n\u00e3o receba o carn\u00ea, pode retirar a 2\u00aa via no site da Prefeitura:\u00a0<a href=\"https:\/\/www.colina.sp.gov.br\/\">www.colina.sp.gov.br<\/a>, acessando o menu: \u201cServi\u00e7os Online\u201d \u2013 \u201cGuia de Recolhimento e 2\u00aa Via de Carn\u00eas\u201d \u2013 digitar o CPF do titular ou Cadastro Imobili\u00e1rio do Im\u00f3vel.<\/p>\n<p>J\u00e1 os contribuintes que receberem o carn\u00ea do IPTU sem o n\u00famero do CPF ou CNPJ, ou que n\u00e3o consigam efetuar o pagamento das parcelas ou cota \u00fanica nas ag\u00eancias banc\u00e1rias, poder\u00e3o pagar na Tesouraria da Prefeitura Municipal e nos canais eletr\u00f4nicos ou nos terminais de auto atendimento do Banco Santander.<\/p>\n<p><strong>Isen\u00e7\u00e3o ou imunidade<\/strong>\u00a0\u2013 para solicitar o benef\u00edcio de isen\u00e7\u00e3o (pessoa f\u00edsica) ou imunidade (pessoa jur\u00eddica) do IPTU, os contribuintes que possuem os pr\u00e9-requisitos necess\u00e1rios dever\u00e3o imprimir o requerimento que est\u00e1 dispon\u00edvel na p\u00e1gina principal do site da Prefeitura Municipal:\u00a0<a href=\"https:\/\/www.colina.sp.gov.br\/\">www.colina.sp.gov.br<\/a>, preench\u00ea-lo ou dirigir-se ao Departamento da Receita.<\/p>\n<p>Tem direito \u00e0 isen\u00e7\u00e3o, aposentados ou pensionistas com idade igual ou superior a 60 (sessenta) anos, que recebam at\u00e9 01 (um) sal\u00e1rio m\u00ednimo (refer\u00eancia federal), que sejam o \u00fanico propriet\u00e1rio de seu im\u00f3vel, com \u00e1rea constru\u00edda de ate 80 m\u00b2 (oitenta metros quadrados).<\/p>\n<p>Tamb\u00e9m tem direito \u00e0 isen\u00e7\u00e3o, pessoas portadoras de doen\u00e7as graves, tais como: tuberculose ativa, aliena\u00e7\u00e3o mental, esclerose m\u00faltipla, neoplasia maligna, cegueira hansen\u00edase, paralisia irrevers\u00edvel e incapacitante, cardiopatia grave, doen\u00e7a de Parkinson, espondiloartrose anquilosante, nefropatia grave, hepatopatia grave, estados avan\u00e7ados da doen\u00e7a de Paget (oste\u00edte deformante), contamina\u00e7\u00e3o por radia\u00e7\u00e3o e s\u00edndrome da imunodefici\u00eancia adquirida. A isen\u00e7\u00e3o ser\u00e1 concedida somente para um \u00fanico im\u00f3vel do qual o portador seja propriet\u00e1rio, desde que receba at\u00e9 03(tr\u00eas) sal\u00e1rios m\u00ednimos mensais (refer\u00eancia federal), seja o \u00fanico de sua propriedade e tenha \u00e1rea constru\u00edda de at\u00e9 100 metros quadrados.<\/p>\n<p>Pagando o IPTU, o contribuinte garante a execu\u00e7\u00e3o de servi\u00e7os e projetos que melhoram a qualidade de vida da popula\u00e7\u00e3o, nas mais diversas \u00e1reas como sa\u00fade, educa\u00e7\u00e3o, esportes e lazer, ind\u00fastria, com\u00e9rcio e agricultura, saneamento b\u00e1sico, mobilidade urbana e manuten\u00e7\u00e3o, obras e servi\u00e7os urbanos, promo\u00e7\u00e3o social, meio ambiente, entre outras.<\/p>\n<\/article>\n<\/div>\n","protected":false},"excerpt":{"rendered":"<p>O prazo para quem for pagar o Imposto em cota<\/p>\n","protected":false},"author":2,"featured_media":104476,"comment_status":"open","ping_status":"open","sticky":false,"template":"","format":"standard","meta":{"footnotes":""},"categories":[14,111],"tags":[],"class_list":["post-104475","post","type-post","status-publish","format-standard","has-post-thumbnail","hentry","category-barretos","category-cotidiano"],"yoast_head":"<!-- This site is optimized with the Yoast SEO plugin v27.4 - https:\/\/yoast.com\/product\/yoast-seo-wordpress\/ -->\n<title>Prefeitura de Colina distribui os carn\u00eas de IPTU 2024 - Regi\u00e3o News<\/title>\n<meta name=\"robots\" content=\"index, follow, max-snippet:-1, max-image-preview:large, max-video-preview:-1\" \/>\n<link rel=\"canonical\" href=\"https:\/\/regiaonews.net.br\/2022\/2024\/05\/03\/prefeitura-de-colina-distribui-os-carnes-de-iptu-2024\/\" \/>\n<meta property=\"og:locale\" content=\"pt_BR\" \/>\n<meta property=\"og:type\" content=\"article\" \/>\n<meta property=\"og:title\" content=\"Prefeitura de Colina distribui os carn\u00eas de IPTU 2024 - Regi\u00e3o News\" \/>\n<meta property=\"og:description\" content=\"O prazo para quem for pagar o Imposto em cota\" \/>\n<meta property=\"og:url\" content=\"https:\/\/regiaonews.net.br\/2022\/2024\/05\/03\/prefeitura-de-colina-distribui-os-carnes-de-iptu-2024\/\" \/>\n<meta property=\"og:site_name\" content=\"Regi\u00e3o News\" \/>\n<meta property=\"article:published_time\" content=\"2024-05-03T14:06:28+00:00\" \/>\n<meta property=\"og:image\" content=\"https:\/\/regiaonews.net.br\/2022\/wp-content\/uploads\/2024\/05\/IPTU.jpeg\" \/>\n\t<meta property=\"og:image:width\" content=\"1600\" \/>\n\t<meta property=\"og:image:height\" content=\"900\" \/>\n\t<meta property=\"og:image:type\" content=\"image\/jpeg\" \/>\n<meta name=\"author\" content=\"Roberto\" \/>\n<meta name=\"twitter:card\" content=\"summary_large_image\" \/>\n<meta name=\"twitter:label1\" content=\"Escrito por\" \/>\n\t<meta name=\"twitter:data1\" content=\"Roberto\" \/>\n\t<meta name=\"twitter:label2\" content=\"Est. tempo de leitura\" \/>\n\t<meta name=\"twitter:data2\" content=\"3 minutos\" \/>\n<script type=\"application\/ld+json\" class=\"yoast-schema-graph\">{\"@context\":\"https:\\\/\\\/schema.org\",\"@graph\":[{\"@type\":\"Article\",\"@id\":\"https:\\\/\\\/regiaonews.net.br\\\/2022\\\/2024\\\/05\\\/03\\\/prefeitura-de-colina-distribui-os-carnes-de-iptu-2024\\\/#article\",\"isPartOf\":{\"@id\":\"https:\\\/\\\/regiaonews.net.br\\\/2022\\\/2024\\\/05\\\/03\\\/prefeitura-de-colina-distribui-os-carnes-de-iptu-2024\\\/\"},\"author\":{\"name\":\"Roberto\",\"@id\":\"https:\\\/\\\/regiaonews.net.br\\\/2022\\\/#\\\/schema\\\/person\\\/2d205a608a5aa97ac279d7a5e6d89ad8\"},\"headline\":\"Prefeitura de Colina distribui os carn\u00eas de IPTU 2024\",\"datePublished\":\"2024-05-03T14:06:28+00:00\",\"mainEntityOfPage\":{\"@id\":\"https:\\\/\\\/regiaonews.net.br\\\/2022\\\/2024\\\/05\\\/03\\\/prefeitura-de-colina-distribui-os-carnes-de-iptu-2024\\\/\"},\"wordCount\":568,\"commentCount\":0,\"publisher\":{\"@id\":\"https:\\\/\\\/regiaonews.net.br\\\/2022\\\/#organization\"},\"image\":{\"@id\":\"https:\\\/\\\/regiaonews.net.br\\\/2022\\\/2024\\\/05\\\/03\\\/prefeitura-de-colina-distribui-os-carnes-de-iptu-2024\\\/#primaryimage\"},\"thumbnailUrl\":\"https:\\\/\\\/regiaonews.net.br\\\/2022\\\/wp-content\\\/uploads\\\/2024\\\/05\\\/IPTU.jpeg\",\"articleSection\":[\"Barretos\",\"Cotidiano\"],\"inLanguage\":\"pt-BR\",\"potentialAction\":[{\"@type\":\"CommentAction\",\"name\":\"Comment\",\"target\":[\"https:\\\/\\\/regiaonews.net.br\\\/2022\\\/2024\\\/05\\\/03\\\/prefeitura-de-colina-distribui-os-carnes-de-iptu-2024\\\/#respond\"]}]},{\"@type\":\"WebPage\",\"@id\":\"https:\\\/\\\/regiaonews.net.br\\\/2022\\\/2024\\\/05\\\/03\\\/prefeitura-de-colina-distribui-os-carnes-de-iptu-2024\\\/\",\"url\":\"https:\\\/\\\/regiaonews.net.br\\\/2022\\\/2024\\\/05\\\/03\\\/prefeitura-de-colina-distribui-os-carnes-de-iptu-2024\\\/\",\"name\":\"Prefeitura de Colina distribui os carn\u00eas de IPTU 2024 - Regi\u00e3o News\",\"isPartOf\":{\"@id\":\"https:\\\/\\\/regiaonews.net.br\\\/2022\\\/#website\"},\"primaryImageOfPage\":{\"@id\":\"https:\\\/\\\/regiaonews.net.br\\\/2022\\\/2024\\\/05\\\/03\\\/prefeitura-de-colina-distribui-os-carnes-de-iptu-2024\\\/#primaryimage\"},\"image\":{\"@id\":\"https:\\\/\\\/regiaonews.net.br\\\/2022\\\/2024\\\/05\\\/03\\\/prefeitura-de-colina-distribui-os-carnes-de-iptu-2024\\\/#primaryimage\"},\"thumbnailUrl\":\"https:\\\/\\\/regiaonews.net.br\\\/2022\\\/wp-content\\\/uploads\\\/2024\\\/05\\\/IPTU.jpeg\",\"datePublished\":\"2024-05-03T14:06:28+00:00\",\"breadcrumb\":{\"@id\":\"https:\\\/\\\/regiaonews.net.br\\\/2022\\\/2024\\\/05\\\/03\\\/prefeitura-de-colina-distribui-os-carnes-de-iptu-2024\\\/#breadcrumb\"},\"inLanguage\":\"pt-BR\",\"potentialAction\":[{\"@type\":\"ReadAction\",\"target\":[\"https:\\\/\\\/regiaonews.net.br\\\/2022\\\/2024\\\/05\\\/03\\\/prefeitura-de-colina-distribui-os-carnes-de-iptu-2024\\\/\"]}]},{\"@type\":\"ImageObject\",\"inLanguage\":\"pt-BR\",\"@id\":\"https:\\\/\\\/regiaonews.net.br\\\/2022\\\/2024\\\/05\\\/03\\\/prefeitura-de-colina-distribui-os-carnes-de-iptu-2024\\\/#primaryimage\",\"url\":\"https:\\\/\\\/regiaonews.net.br\\\/2022\\\/wp-content\\\/uploads\\\/2024\\\/05\\\/IPTU.jpeg\",\"contentUrl\":\"https:\\\/\\\/regiaonews.net.br\\\/2022\\\/wp-content\\\/uploads\\\/2024\\\/05\\\/IPTU.jpeg\",\"width\":1600,\"height\":900},{\"@type\":\"BreadcrumbList\",\"@id\":\"https:\\\/\\\/regiaonews.net.br\\\/2022\\\/2024\\\/05\\\/03\\\/prefeitura-de-colina-distribui-os-carnes-de-iptu-2024\\\/#breadcrumb\",\"itemListElement\":[{\"@type\":\"ListItem\",\"position\":1,\"name\":\"In\u00edcio\",\"item\":\"https:\\\/\\\/regiaonews.net.br\\\/2022\\\/\"},{\"@type\":\"ListItem\",\"position\":2,\"name\":\"Prefeitura de Colina distribui os carn\u00eas de IPTU 2024\"}]},{\"@type\":\"WebSite\",\"@id\":\"https:\\\/\\\/regiaonews.net.br\\\/2022\\\/#website\",\"url\":\"https:\\\/\\\/regiaonews.net.br\\\/2022\\\/\",\"name\":\"Regi\u00e3o News\",\"description\":\"Site de Not\u00edcias de Barretos e regi\u00e3o\",\"publisher\":{\"@id\":\"https:\\\/\\\/regiaonews.net.br\\\/2022\\\/#organization\"},\"potentialAction\":[{\"@type\":\"SearchAction\",\"target\":{\"@type\":\"EntryPoint\",\"urlTemplate\":\"https:\\\/\\\/regiaonews.net.br\\\/2022\\\/?s={search_term_string}\"},\"query-input\":{\"@type\":\"PropertyValueSpecification\",\"valueRequired\":true,\"valueName\":\"search_term_string\"}}],\"inLanguage\":\"pt-BR\"},{\"@type\":\"Organization\",\"@id\":\"https:\\\/\\\/regiaonews.net.br\\\/2022\\\/#organization\",\"name\":\"Regi\u00e3o News\",\"url\":\"https:\\\/\\\/regiaonews.net.br\\\/2022\\\/\",\"logo\":{\"@type\":\"ImageObject\",\"inLanguage\":\"pt-BR\",\"@id\":\"https:\\\/\\\/regiaonews.net.br\\\/2022\\\/#\\\/schema\\\/logo\\\/image\\\/\",\"url\":\"https:\\\/\\\/regiaonews.net.br\\\/2022\\\/wp-content\\\/uploads\\\/2026\\\/03\\\/regiao-13-anos-scaled.jpg\",\"contentUrl\":\"https:\\\/\\\/regiaonews.net.br\\\/2022\\\/wp-content\\\/uploads\\\/2026\\\/03\\\/regiao-13-anos-scaled.jpg\",\"width\":2560,\"height\":635,\"caption\":\"Regi\u00e3o News\"},\"image\":{\"@id\":\"https:\\\/\\\/regiaonews.net.br\\\/2022\\\/#\\\/schema\\\/logo\\\/image\\\/\"}},{\"@type\":\"Person\",\"@id\":\"https:\\\/\\\/regiaonews.net.br\\\/2022\\\/#\\\/schema\\\/person\\\/2d205a608a5aa97ac279d7a5e6d89ad8\",\"name\":\"Roberto\",\"image\":{\"@type\":\"ImageObject\",\"inLanguage\":\"pt-BR\",\"@id\":\"https:\\\/\\\/secure.gravatar.com\\\/avatar\\\/42749d8b712ff9d59ca93dc150494e5b55a44134482993f5baeb97e61b7ecc89?s=96&d=mm&r=g\",\"url\":\"https:\\\/\\\/secure.gravatar.com\\\/avatar\\\/42749d8b712ff9d59ca93dc150494e5b55a44134482993f5baeb97e61b7ecc89?s=96&d=mm&r=g\",\"contentUrl\":\"https:\\\/\\\/secure.gravatar.com\\\/avatar\\\/42749d8b712ff9d59ca93dc150494e5b55a44134482993f5baeb97e61b7ecc89?s=96&d=mm&r=g\",\"caption\":\"Roberto\"},\"url\":\"https:\\\/\\\/regiaonews.net.br\\\/2022\\\/author\\\/roberto\\\/\"}]}<\/script>\n<!-- \/ Yoast SEO plugin. -->","yoast_head_json":{"title":"Prefeitura de Colina distribui os carn\u00eas de IPTU 2024 - Regi\u00e3o News","robots":{"index":"index","follow":"follow","max-snippet":"max-snippet:-1","max-image-preview":"max-image-preview:large","max-video-preview":"max-video-preview:-1"},"canonical":"https:\/\/regiaonews.net.br\/2022\/2024\/05\/03\/prefeitura-de-colina-distribui-os-carnes-de-iptu-2024\/","og_locale":"pt_BR","og_type":"article","og_title":"Prefeitura de Colina distribui os carn\u00eas de IPTU 2024 - Regi\u00e3o News","og_description":"O prazo para quem for pagar o Imposto em cota","og_url":"https:\/\/regiaonews.net.br\/2022\/2024\/05\/03\/prefeitura-de-colina-distribui-os-carnes-de-iptu-2024\/","og_site_name":"Regi\u00e3o News","article_published_time":"2024-05-03T14:06:28+00:00","og_image":[{"width":1600,"height":900,"url":"https:\/\/regiaonews.net.br\/2022\/wp-content\/uploads\/2024\/05\/IPTU.jpeg","type":"image\/jpeg"}],"author":"Roberto","twitter_card":"summary_large_image","twitter_misc":{"Escrito por":"Roberto","Est. tempo de leitura":"3 minutos"},"schema":{"@context":"https:\/\/schema.org","@graph":[{"@type":"Article","@id":"https:\/\/regiaonews.net.br\/2022\/2024\/05\/03\/prefeitura-de-colina-distribui-os-carnes-de-iptu-2024\/#article","isPartOf":{"@id":"https:\/\/regiaonews.net.br\/2022\/2024\/05\/03\/prefeitura-de-colina-distribui-os-carnes-de-iptu-2024\/"},"author":{"name":"Roberto","@id":"https:\/\/regiaonews.net.br\/2022\/#\/schema\/person\/2d205a608a5aa97ac279d7a5e6d89ad8"},"headline":"Prefeitura de Colina distribui os carn\u00eas de IPTU 2024","datePublished":"2024-05-03T14:06:28+00:00","mainEntityOfPage":{"@id":"https:\/\/regiaonews.net.br\/2022\/2024\/05\/03\/prefeitura-de-colina-distribui-os-carnes-de-iptu-2024\/"},"wordCount":568,"commentCount":0,"publisher":{"@id":"https:\/\/regiaonews.net.br\/2022\/#organization"},"image":{"@id":"https:\/\/regiaonews.net.br\/2022\/2024\/05\/03\/prefeitura-de-colina-distribui-os-carnes-de-iptu-2024\/#primaryimage"},"thumbnailUrl":"https:\/\/regiaonews.net.br\/2022\/wp-content\/uploads\/2024\/05\/IPTU.jpeg","articleSection":["Barretos","Cotidiano"],"inLanguage":"pt-BR","potentialAction":[{"@type":"CommentAction","name":"Comment","target":["https:\/\/regiaonews.net.br\/2022\/2024\/05\/03\/prefeitura-de-colina-distribui-os-carnes-de-iptu-2024\/#respond"]}]},{"@type":"WebPage","@id":"https:\/\/regiaonews.net.br\/2022\/2024\/05\/03\/prefeitura-de-colina-distribui-os-carnes-de-iptu-2024\/","url":"https:\/\/regiaonews.net.br\/2022\/2024\/05\/03\/prefeitura-de-colina-distribui-os-carnes-de-iptu-2024\/","name":"Prefeitura de Colina distribui os carn\u00eas de IPTU 2024 - Regi\u00e3o News","isPartOf":{"@id":"https:\/\/regiaonews.net.br\/2022\/#website"},"primaryImageOfPage":{"@id":"https:\/\/regiaonews.net.br\/2022\/2024\/05\/03\/prefeitura-de-colina-distribui-os-carnes-de-iptu-2024\/#primaryimage"},"image":{"@id":"https:\/\/regiaonews.net.br\/2022\/2024\/05\/03\/prefeitura-de-colina-distribui-os-carnes-de-iptu-2024\/#primaryimage"},"thumbnailUrl":"https:\/\/regiaonews.net.br\/2022\/wp-content\/uploads\/2024\/05\/IPTU.jpeg","datePublished":"2024-05-03T14:06:28+00:00","breadcrumb":{"@id":"https:\/\/regiaonews.net.br\/2022\/2024\/05\/03\/prefeitura-de-colina-distribui-os-carnes-de-iptu-2024\/#breadcrumb"},"inLanguage":"pt-BR","potentialAction":[{"@type":"ReadAction","target":["https:\/\/regiaonews.net.br\/2022\/2024\/05\/03\/prefeitura-de-colina-distribui-os-carnes-de-iptu-2024\/"]}]},{"@type":"ImageObject","inLanguage":"pt-BR","@id":"https:\/\/regiaonews.net.br\/2022\/2024\/05\/03\/prefeitura-de-colina-distribui-os-carnes-de-iptu-2024\/#primaryimage","url":"https:\/\/regiaonews.net.br\/2022\/wp-content\/uploads\/2024\/05\/IPTU.jpeg","contentUrl":"https:\/\/regiaonews.net.br\/2022\/wp-content\/uploads\/2024\/05\/IPTU.jpeg","width":1600,"height":900},{"@type":"BreadcrumbList","@id":"https:\/\/regiaonews.net.br\/2022\/2024\/05\/03\/prefeitura-de-colina-distribui-os-carnes-de-iptu-2024\/#breadcrumb","itemListElement":[{"@type":"ListItem","position":1,"name":"In\u00edcio","item":"https:\/\/regiaonews.net.br\/2022\/"},{"@type":"ListItem","position":2,"name":"Prefeitura de Colina distribui os carn\u00eas de IPTU 2024"}]},{"@type":"WebSite","@id":"https:\/\/regiaonews.net.br\/2022\/#website","url":"https:\/\/regiaonews.net.br\/2022\/","name":"Regi\u00e3o News","description":"Site de Not\u00edcias de Barretos e regi\u00e3o","publisher":{"@id":"https:\/\/regiaonews.net.br\/2022\/#organization"},"potentialAction":[{"@type":"SearchAction","target":{"@type":"EntryPoint","urlTemplate":"https:\/\/regiaonews.net.br\/2022\/?s={search_term_string}"},"query-input":{"@type":"PropertyValueSpecification","valueRequired":true,"valueName":"search_term_string"}}],"inLanguage":"pt-BR"},{"@type":"Organization","@id":"https:\/\/regiaonews.net.br\/2022\/#organization","name":"Regi\u00e3o News","url":"https:\/\/regiaonews.net.br\/2022\/","logo":{"@type":"ImageObject","inLanguage":"pt-BR","@id":"https:\/\/regiaonews.net.br\/2022\/#\/schema\/logo\/image\/","url":"https:\/\/regiaonews.net.br\/2022\/wp-content\/uploads\/2026\/03\/regiao-13-anos-scaled.jpg","contentUrl":"https:\/\/regiaonews.net.br\/2022\/wp-content\/uploads\/2026\/03\/regiao-13-anos-scaled.jpg","width":2560,"height":635,"caption":"Regi\u00e3o News"},"image":{"@id":"https:\/\/regiaonews.net.br\/2022\/#\/schema\/logo\/image\/"}},{"@type":"Person","@id":"https:\/\/regiaonews.net.br\/2022\/#\/schema\/person\/2d205a608a5aa97ac279d7a5e6d89ad8","name":"Roberto","image":{"@type":"ImageObject","inLanguage":"pt-BR","@id":"https:\/\/secure.gravatar.com\/avatar\/42749d8b712ff9d59ca93dc150494e5b55a44134482993f5baeb97e61b7ecc89?s=96&d=mm&r=g","url":"https:\/\/secure.gravatar.com\/avatar\/42749d8b712ff9d59ca93dc150494e5b55a44134482993f5baeb97e61b7ecc89?s=96&d=mm&r=g","contentUrl":"https:\/\/secure.gravatar.com\/avatar\/42749d8b712ff9d59ca93dc150494e5b55a44134482993f5baeb97e61b7ecc89?s=96&d=mm&r=g","caption":"Roberto"},"url":"https:\/\/regiaonews.net.br\/2022\/author\/roberto\/"}]}},"publishpress_future_action":{"enabled":false,"date":"2026-05-04 17:27:49","action":"change-status","newStatus":"draft","terms":[],"taxonomy":"category","extraData":[]},"publishpress_future_workflow_manual_trigger":{"enabledWorkflows":[]},"_links":{"self":[{"href":"https:\/\/regiaonews.net.br\/2022\/wp-json\/wp\/v2\/posts\/104475","targetHints":{"allow":["GET"]}}],"collection":[{"href":"https:\/\/regiaonews.net.br\/2022\/wp-json\/wp\/v2\/posts"}],"about":[{"href":"https:\/\/regiaonews.net.br\/2022\/wp-json\/wp\/v2\/types\/post"}],"author":[{"embeddable":true,"href":"https:\/\/regiaonews.net.br\/2022\/wp-json\/wp\/v2\/users\/2"}],"replies":[{"embeddable":true,"href":"https:\/\/regiaonews.net.br\/2022\/wp-json\/wp\/v2\/comments?post=104475"}],"version-history":[{"count":1,"href":"https:\/\/regiaonews.net.br\/2022\/wp-json\/wp\/v2\/posts\/104475\/revisions"}],"predecessor-version":[{"id":104477,"href":"https:\/\/regiaonews.net.br\/2022\/wp-json\/wp\/v2\/posts\/104475\/revisions\/104477"}],"wp:featuredmedia":[{"embeddable":true,"href":"https:\/\/regiaonews.net.br\/2022\/wp-json\/wp\/v2\/media\/104476"}],"wp:attachment":[{"href":"https:\/\/regiaonews.net.br\/2022\/wp-json\/wp\/v2\/media?parent=104475"}],"wp:term":[{"taxonomy":"category","embeddable":true,"href":"https:\/\/regiaonews.net.br\/2022\/wp-json\/wp\/v2\/categories?post=104475"},{"taxonomy":"post_tag","embeddable":true,"href":"https:\/\/regiaonews.net.br\/2022\/wp-json\/wp\/v2\/tags?post=104475"}],"curies":[{"name":"wp","href":"https:\/\/api.w.org\/{rel}","templated":true}]}}