{"id":104359,"date":"2024-04-30T17:18:44","date_gmt":"2024-04-30T20:18:44","guid":{"rendered":"https:\/\/regiaonews.net.br\/2022\/?p=104359"},"modified":"2024-04-30T17:18:44","modified_gmt":"2024-04-30T20:18:44","slug":"barretos-motorcycles-acontece-nesta-semana-com-programacao-especial-de-20-anos","status":"publish","type":"post","link":"https:\/\/regiaonews.net.br\/2022\/2024\/04\/30\/barretos-motorcycles-acontece-nesta-semana-com-programacao-especial-de-20-anos\/","title":{"rendered":"Barretos Motorcycles acontece nesta semana com programa\u00e7\u00e3o especial de 20 anos"},"content":{"rendered":"<h3 style=\"text-align: center;\">De 03 a 05 de maio, no Parque do Pe\u00e3o, evento para amantes de motos ter\u00e1 manobras radicais, shows, feira voltada ao segmento, entre outras atra\u00e7\u00f5es<\/h3>\n<p>Os amantes de motos j\u00e1 t\u00eam compromisso marcado para o pr\u00f3ximo fim de semana. Acontece a partir de sexta-feira, 3 de maio, o Barretos Motorcycles, um evento que re\u00fane manobras radicais, expositores do segmento, bar tem\u00e1tico, shows musicais, al\u00e9m de outras atra\u00e7\u00f5es. O encontro acontece no Parque do Pe\u00e3o de Barretos e segue at\u00e9 domingo, 5 de maio.<\/p>\n<p>Comemorando 20 anos, o Barretos Motorcycles \u00e9 um dos principais encontros de motociclistas do Brasil e preparou uma programa\u00e7\u00e3o especial para essa edi\u00e7\u00e3o. Todos os dias, haver\u00e1 apresenta\u00e7\u00e3o de manobras radicais em uma pista montada exclusivamente para a ocasi\u00e3o, inclusive com arquibancadas para receber o p\u00fablico. Entre as equipes confirmadas nas apresenta\u00e7\u00f5es est\u00e3o a Xtreme Manobras Radicais, Luquinha Wheeling e Cachorr\u00e3o Moto Show.<\/p>\n<p>O evento ter\u00e1 ainda dois palcos \u2013 Palco Motorcycles e Tenda Motor \u2013 com apresenta\u00e7\u00f5es musicais nos tr\u00eas dias, que misturam pop e rock. Destaque para os shows de Renato Quase Russo, Banda Lemon, Bar\u00e3o Vermelho, Paulo Miklos, Ventania e Last Lover, que acontecem no Palco Motorcycles. Al\u00e9m disso, tamb\u00e9m ocorrem shows ac\u00fasticos no Motor Rock Bar, um bar tem\u00e1tico em ambiente climatizado.<\/p>\n<p>J\u00e1 a \u00e1rea comercial do Barretos Motorcycles receber\u00e1 exposi\u00e7\u00e3o de empresas do setor com lan\u00e7amentos e novidades para o p\u00fablico, pra\u00e7a de alimenta\u00e7\u00e3o, al\u00e9m do Women Bikers, um espa\u00e7o climatizado com produtos e servi\u00e7os voltados para as mulheres, incluindo tatuagem, body piercing, semijoias, acess\u00f3rios femininos, entre outros.<\/p>\n<p>&#8220;A expectativa \u00e9 muito positiva. Estamos realizando uma edi\u00e7\u00e3o comemorativa com uma programa\u00e7\u00e3o especial e muitas novidades para esse p\u00fablico amante de motociclismo. A estrutura est\u00e1 pronta para receber a todos&#8221;, diz o presidente de Os Independentes, realizador do evento, Hussein Gemha J\u00fanior.<\/p>\n<p>Programa\u00e7\u00e3o<br \/>\nO Barretos Motorcycles tem abertura dos port\u00f5es e credenciamento \u00e0s 10h de sexta-feira, 3. J\u00e1 a programa\u00e7\u00e3o na pista de acrobacias come\u00e7a a partir das 18h, seguido dos shows na Tenda Motor e no Palco Motorcycles, que no primeiro dia receber\u00e1 os shows de Renato Quase Russo e banda Lemon.<\/p>\n<p>No s\u00e1bado, 4, haver\u00e1 um Passeio por Barretos com sa\u00edda \u00e0s 10h do Parque do Pe\u00e3o. Na sequ\u00eancia, \u00e0s 11 horas est\u00e1 programada a Missa dos Motociclistas na Catedral da cidade. No mesmo dia, a partir das 11h30 come\u00e7am as movimenta\u00e7\u00f5es nas pistas de acrobacias e os shows nos palcos Tenda Bar e Motor Rock Bar. Na noite do segundo dia, no Palco Motorcycles, a partir das 18h, acontece o tradicional Concurso Garota Motorcycles e o Motor Music Fest com Ventania, Last Lover, Paulo Miklos e Bar\u00e3o Vermelho.<\/p>\n<p>No domingo, 5, a programa\u00e7\u00e3o tem in\u00edcio \u00e0s 11h com shows no Tenda Motor e no Motor Rock Bar e \u00e0s 15h na pista de acrobacias.<\/p>\n<p>Ingressos<br \/>\nOs ingressos para o evento continuam sendo vendidos pelo site oficial do Barretos Motorcycles. Est\u00e3o dispon\u00edveis pacotes para acesso de motociclistas (entrada com moto) e ingressos di\u00e1rios para pedestres (entrada sem moto). Mais informa\u00e7\u00f5es no site: Site Oficial Os\u00a0Independentes.<\/p>\n","protected":false},"excerpt":{"rendered":"<p>De 03 a 05 de maio, no Parque do Pe\u00e3o,<\/p>\n","protected":false},"author":2,"featured_media":104360,"comment_status":"open","ping_status":"open","sticky":false,"template":"","format":"standard","meta":{"footnotes":""},"categories":[14,3],"tags":[],"class_list":["post-104359","post","type-post","status-publish","format-standard","has-post-thumbnail","hentry","category-barretos","category-geral"],"yoast_head":"<!-- This site is optimized with the Yoast SEO plugin v27.4 - https:\/\/yoast.com\/product\/yoast-seo-wordpress\/ -->\n<title>Barretos Motorcycles acontece nesta semana com programa\u00e7\u00e3o especial de 20 anos - Regi\u00e3o News<\/title>\n<meta name=\"robots\" content=\"index, follow, max-snippet:-1, max-image-preview:large, max-video-preview:-1\" \/>\n<link rel=\"canonical\" href=\"https:\/\/regiaonews.net.br\/2022\/2024\/04\/30\/barretos-motorcycles-acontece-nesta-semana-com-programacao-especial-de-20-anos\/\" \/>\n<meta property=\"og:locale\" content=\"pt_BR\" \/>\n<meta property=\"og:type\" content=\"article\" \/>\n<meta property=\"og:title\" content=\"Barretos Motorcycles acontece nesta semana com programa\u00e7\u00e3o especial de 20 anos - Regi\u00e3o News\" \/>\n<meta property=\"og:description\" content=\"De 03 a 05 de maio, no Parque do Pe\u00e3o,\" \/>\n<meta property=\"og:url\" content=\"https:\/\/regiaonews.net.br\/2022\/2024\/04\/30\/barretos-motorcycles-acontece-nesta-semana-com-programacao-especial-de-20-anos\/\" \/>\n<meta property=\"og:site_name\" content=\"Regi\u00e3o News\" \/>\n<meta property=\"article:published_time\" content=\"2024-04-30T20:18:44+00:00\" \/>\n<meta property=\"og:image\" content=\"https:\/\/regiaonews.net.br\/2022\/wp-content\/uploads\/2024\/04\/Imagem-do-WhatsApp-de-2024-04-30-as-16.02.28_39a38a38.jpg\" \/>\n\t<meta property=\"og:image:width\" content=\"1600\" \/>\n\t<meta property=\"og:image:height\" content=\"1068\" \/>\n\t<meta property=\"og:image:type\" content=\"image\/jpeg\" \/>\n<meta name=\"author\" content=\"Roberto\" \/>\n<meta name=\"twitter:card\" content=\"summary_large_image\" \/>\n<meta name=\"twitter:label1\" content=\"Escrito por\" \/>\n\t<meta name=\"twitter:data1\" content=\"Roberto\" \/>\n\t<meta name=\"twitter:label2\" content=\"Est. tempo de leitura\" \/>\n\t<meta name=\"twitter:data2\" content=\"3 minutos\" \/>\n<script type=\"application\/ld+json\" class=\"yoast-schema-graph\">{\"@context\":\"https:\\\/\\\/schema.org\",\"@graph\":[{\"@type\":\"Article\",\"@id\":\"https:\\\/\\\/regiaonews.net.br\\\/2022\\\/2024\\\/04\\\/30\\\/barretos-motorcycles-acontece-nesta-semana-com-programacao-especial-de-20-anos\\\/#article\",\"isPartOf\":{\"@id\":\"https:\\\/\\\/regiaonews.net.br\\\/2022\\\/2024\\\/04\\\/30\\\/barretos-motorcycles-acontece-nesta-semana-com-programacao-especial-de-20-anos\\\/\"},\"author\":{\"name\":\"Roberto\",\"@id\":\"https:\\\/\\\/regiaonews.net.br\\\/2022\\\/#\\\/schema\\\/person\\\/2d205a608a5aa97ac279d7a5e6d89ad8\"},\"headline\":\"Barretos Motorcycles acontece nesta semana com programa\u00e7\u00e3o especial de 20 anos\",\"datePublished\":\"2024-04-30T20:18:44+00:00\",\"mainEntityOfPage\":{\"@id\":\"https:\\\/\\\/regiaonews.net.br\\\/2022\\\/2024\\\/04\\\/30\\\/barretos-motorcycles-acontece-nesta-semana-com-programacao-especial-de-20-anos\\\/\"},\"wordCount\":558,\"commentCount\":0,\"publisher\":{\"@id\":\"https:\\\/\\\/regiaonews.net.br\\\/2022\\\/#organization\"},\"image\":{\"@id\":\"https:\\\/\\\/regiaonews.net.br\\\/2022\\\/2024\\\/04\\\/30\\\/barretos-motorcycles-acontece-nesta-semana-com-programacao-especial-de-20-anos\\\/#primaryimage\"},\"thumbnailUrl\":\"https:\\\/\\\/regiaonews.net.br\\\/2022\\\/wp-content\\\/uploads\\\/2024\\\/04\\\/Imagem-do-WhatsApp-de-2024-04-30-as-16.02.28_39a38a38.jpg\",\"articleSection\":[\"Barretos\",\"Geral\"],\"inLanguage\":\"pt-BR\",\"potentialAction\":[{\"@type\":\"CommentAction\",\"name\":\"Comment\",\"target\":[\"https:\\\/\\\/regiaonews.net.br\\\/2022\\\/2024\\\/04\\\/30\\\/barretos-motorcycles-acontece-nesta-semana-com-programacao-especial-de-20-anos\\\/#respond\"]}]},{\"@type\":\"WebPage\",\"@id\":\"https:\\\/\\\/regiaonews.net.br\\\/2022\\\/2024\\\/04\\\/30\\\/barretos-motorcycles-acontece-nesta-semana-com-programacao-especial-de-20-anos\\\/\",\"url\":\"https:\\\/\\\/regiaonews.net.br\\\/2022\\\/2024\\\/04\\\/30\\\/barretos-motorcycles-acontece-nesta-semana-com-programacao-especial-de-20-anos\\\/\",\"name\":\"Barretos Motorcycles acontece nesta semana com programa\u00e7\u00e3o especial de 20 anos - Regi\u00e3o News\",\"isPartOf\":{\"@id\":\"https:\\\/\\\/regiaonews.net.br\\\/2022\\\/#website\"},\"primaryImageOfPage\":{\"@id\":\"https:\\\/\\\/regiaonews.net.br\\\/2022\\\/2024\\\/04\\\/30\\\/barretos-motorcycles-acontece-nesta-semana-com-programacao-especial-de-20-anos\\\/#primaryimage\"},\"image\":{\"@id\":\"https:\\\/\\\/regiaonews.net.br\\\/2022\\\/2024\\\/04\\\/30\\\/barretos-motorcycles-acontece-nesta-semana-com-programacao-especial-de-20-anos\\\/#primaryimage\"},\"thumbnailUrl\":\"https:\\\/\\\/regiaonews.net.br\\\/2022\\\/wp-content\\\/uploads\\\/2024\\\/04\\\/Imagem-do-WhatsApp-de-2024-04-30-as-16.02.28_39a38a38.jpg\",\"datePublished\":\"2024-04-30T20:18:44+00:00\",\"breadcrumb\":{\"@id\":\"https:\\\/\\\/regiaonews.net.br\\\/2022\\\/2024\\\/04\\\/30\\\/barretos-motorcycles-acontece-nesta-semana-com-programacao-especial-de-20-anos\\\/#breadcrumb\"},\"inLanguage\":\"pt-BR\",\"potentialAction\":[{\"@type\":\"ReadAction\",\"target\":[\"https:\\\/\\\/regiaonews.net.br\\\/2022\\\/2024\\\/04\\\/30\\\/barretos-motorcycles-acontece-nesta-semana-com-programacao-especial-de-20-anos\\\/\"]}]},{\"@type\":\"ImageObject\",\"inLanguage\":\"pt-BR\",\"@id\":\"https:\\\/\\\/regiaonews.net.br\\\/2022\\\/2024\\\/04\\\/30\\\/barretos-motorcycles-acontece-nesta-semana-com-programacao-especial-de-20-anos\\\/#primaryimage\",\"url\":\"https:\\\/\\\/regiaonews.net.br\\\/2022\\\/wp-content\\\/uploads\\\/2024\\\/04\\\/Imagem-do-WhatsApp-de-2024-04-30-as-16.02.28_39a38a38.jpg\",\"contentUrl\":\"https:\\\/\\\/regiaonews.net.br\\\/2022\\\/wp-content\\\/uploads\\\/2024\\\/04\\\/Imagem-do-WhatsApp-de-2024-04-30-as-16.02.28_39a38a38.jpg\",\"width\":1600,\"height\":1068},{\"@type\":\"BreadcrumbList\",\"@id\":\"https:\\\/\\\/regiaonews.net.br\\\/2022\\\/2024\\\/04\\\/30\\\/barretos-motorcycles-acontece-nesta-semana-com-programacao-especial-de-20-anos\\\/#breadcrumb\",\"itemListElement\":[{\"@type\":\"ListItem\",\"position\":1,\"name\":\"In\u00edcio\",\"item\":\"https:\\\/\\\/regiaonews.net.br\\\/2022\\\/\"},{\"@type\":\"ListItem\",\"position\":2,\"name\":\"Barretos Motorcycles acontece nesta semana com programa\u00e7\u00e3o especial de 20 anos\"}]},{\"@type\":\"WebSite\",\"@id\":\"https:\\\/\\\/regiaonews.net.br\\\/2022\\\/#website\",\"url\":\"https:\\\/\\\/regiaonews.net.br\\\/2022\\\/\",\"name\":\"Regi\u00e3o News\",\"description\":\"Site de Not\u00edcias de Barretos e regi\u00e3o\",\"publisher\":{\"@id\":\"https:\\\/\\\/regiaonews.net.br\\\/2022\\\/#organization\"},\"potentialAction\":[{\"@type\":\"SearchAction\",\"target\":{\"@type\":\"EntryPoint\",\"urlTemplate\":\"https:\\\/\\\/regiaonews.net.br\\\/2022\\\/?s={search_term_string}\"},\"query-input\":{\"@type\":\"PropertyValueSpecification\",\"valueRequired\":true,\"valueName\":\"search_term_string\"}}],\"inLanguage\":\"pt-BR\"},{\"@type\":\"Organization\",\"@id\":\"https:\\\/\\\/regiaonews.net.br\\\/2022\\\/#organization\",\"name\":\"Regi\u00e3o News\",\"url\":\"https:\\\/\\\/regiaonews.net.br\\\/2022\\\/\",\"logo\":{\"@type\":\"ImageObject\",\"inLanguage\":\"pt-BR\",\"@id\":\"https:\\\/\\\/regiaonews.net.br\\\/2022\\\/#\\\/schema\\\/logo\\\/image\\\/\",\"url\":\"https:\\\/\\\/regiaonews.net.br\\\/2022\\\/wp-content\\\/uploads\\\/2026\\\/03\\\/regiao-13-anos-scaled.jpg\",\"contentUrl\":\"https:\\\/\\\/regiaonews.net.br\\\/2022\\\/wp-content\\\/uploads\\\/2026\\\/03\\\/regiao-13-anos-scaled.jpg\",\"width\":2560,\"height\":635,\"caption\":\"Regi\u00e3o News\"},\"image\":{\"@id\":\"https:\\\/\\\/regiaonews.net.br\\\/2022\\\/#\\\/schema\\\/logo\\\/image\\\/\"}},{\"@type\":\"Person\",\"@id\":\"https:\\\/\\\/regiaonews.net.br\\\/2022\\\/#\\\/schema\\\/person\\\/2d205a608a5aa97ac279d7a5e6d89ad8\",\"name\":\"Roberto\",\"image\":{\"@type\":\"ImageObject\",\"inLanguage\":\"pt-BR\",\"@id\":\"https:\\\/\\\/secure.gravatar.com\\\/avatar\\\/42749d8b712ff9d59ca93dc150494e5b55a44134482993f5baeb97e61b7ecc89?s=96&d=mm&r=g\",\"url\":\"https:\\\/\\\/secure.gravatar.com\\\/avatar\\\/42749d8b712ff9d59ca93dc150494e5b55a44134482993f5baeb97e61b7ecc89?s=96&d=mm&r=g\",\"contentUrl\":\"https:\\\/\\\/secure.gravatar.com\\\/avatar\\\/42749d8b712ff9d59ca93dc150494e5b55a44134482993f5baeb97e61b7ecc89?s=96&d=mm&r=g\",\"caption\":\"Roberto\"},\"url\":\"https:\\\/\\\/regiaonews.net.br\\\/2022\\\/author\\\/roberto\\\/\"}]}<\/script>\n<!-- \/ Yoast SEO plugin. -->","yoast_head_json":{"title":"Barretos Motorcycles acontece nesta semana com programa\u00e7\u00e3o especial de 20 anos - Regi\u00e3o News","robots":{"index":"index","follow":"follow","max-snippet":"max-snippet:-1","max-image-preview":"max-image-preview:large","max-video-preview":"max-video-preview:-1"},"canonical":"https:\/\/regiaonews.net.br\/2022\/2024\/04\/30\/barretos-motorcycles-acontece-nesta-semana-com-programacao-especial-de-20-anos\/","og_locale":"pt_BR","og_type":"article","og_title":"Barretos Motorcycles acontece nesta semana com programa\u00e7\u00e3o especial de 20 anos - Regi\u00e3o News","og_description":"De 03 a 05 de maio, no Parque do Pe\u00e3o,","og_url":"https:\/\/regiaonews.net.br\/2022\/2024\/04\/30\/barretos-motorcycles-acontece-nesta-semana-com-programacao-especial-de-20-anos\/","og_site_name":"Regi\u00e3o News","article_published_time":"2024-04-30T20:18:44+00:00","og_image":[{"width":1600,"height":1068,"url":"https:\/\/regiaonews.net.br\/2022\/wp-content\/uploads\/2024\/04\/Imagem-do-WhatsApp-de-2024-04-30-as-16.02.28_39a38a38.jpg","type":"image\/jpeg"}],"author":"Roberto","twitter_card":"summary_large_image","twitter_misc":{"Escrito por":"Roberto","Est. tempo de leitura":"3 minutos"},"schema":{"@context":"https:\/\/schema.org","@graph":[{"@type":"Article","@id":"https:\/\/regiaonews.net.br\/2022\/2024\/04\/30\/barretos-motorcycles-acontece-nesta-semana-com-programacao-especial-de-20-anos\/#article","isPartOf":{"@id":"https:\/\/regiaonews.net.br\/2022\/2024\/04\/30\/barretos-motorcycles-acontece-nesta-semana-com-programacao-especial-de-20-anos\/"},"author":{"name":"Roberto","@id":"https:\/\/regiaonews.net.br\/2022\/#\/schema\/person\/2d205a608a5aa97ac279d7a5e6d89ad8"},"headline":"Barretos Motorcycles acontece nesta semana com programa\u00e7\u00e3o especial de 20 anos","datePublished":"2024-04-30T20:18:44+00:00","mainEntityOfPage":{"@id":"https:\/\/regiaonews.net.br\/2022\/2024\/04\/30\/barretos-motorcycles-acontece-nesta-semana-com-programacao-especial-de-20-anos\/"},"wordCount":558,"commentCount":0,"publisher":{"@id":"https:\/\/regiaonews.net.br\/2022\/#organization"},"image":{"@id":"https:\/\/regiaonews.net.br\/2022\/2024\/04\/30\/barretos-motorcycles-acontece-nesta-semana-com-programacao-especial-de-20-anos\/#primaryimage"},"thumbnailUrl":"https:\/\/regiaonews.net.br\/2022\/wp-content\/uploads\/2024\/04\/Imagem-do-WhatsApp-de-2024-04-30-as-16.02.28_39a38a38.jpg","articleSection":["Barretos","Geral"],"inLanguage":"pt-BR","potentialAction":[{"@type":"CommentAction","name":"Comment","target":["https:\/\/regiaonews.net.br\/2022\/2024\/04\/30\/barretos-motorcycles-acontece-nesta-semana-com-programacao-especial-de-20-anos\/#respond"]}]},{"@type":"WebPage","@id":"https:\/\/regiaonews.net.br\/2022\/2024\/04\/30\/barretos-motorcycles-acontece-nesta-semana-com-programacao-especial-de-20-anos\/","url":"https:\/\/regiaonews.net.br\/2022\/2024\/04\/30\/barretos-motorcycles-acontece-nesta-semana-com-programacao-especial-de-20-anos\/","name":"Barretos Motorcycles acontece nesta semana com programa\u00e7\u00e3o especial de 20 anos - Regi\u00e3o News","isPartOf":{"@id":"https:\/\/regiaonews.net.br\/2022\/#website"},"primaryImageOfPage":{"@id":"https:\/\/regiaonews.net.br\/2022\/2024\/04\/30\/barretos-motorcycles-acontece-nesta-semana-com-programacao-especial-de-20-anos\/#primaryimage"},"image":{"@id":"https:\/\/regiaonews.net.br\/2022\/2024\/04\/30\/barretos-motorcycles-acontece-nesta-semana-com-programacao-especial-de-20-anos\/#primaryimage"},"thumbnailUrl":"https:\/\/regiaonews.net.br\/2022\/wp-content\/uploads\/2024\/04\/Imagem-do-WhatsApp-de-2024-04-30-as-16.02.28_39a38a38.jpg","datePublished":"2024-04-30T20:18:44+00:00","breadcrumb":{"@id":"https:\/\/regiaonews.net.br\/2022\/2024\/04\/30\/barretos-motorcycles-acontece-nesta-semana-com-programacao-especial-de-20-anos\/#breadcrumb"},"inLanguage":"pt-BR","potentialAction":[{"@type":"ReadAction","target":["https:\/\/regiaonews.net.br\/2022\/2024\/04\/30\/barretos-motorcycles-acontece-nesta-semana-com-programacao-especial-de-20-anos\/"]}]},{"@type":"ImageObject","inLanguage":"pt-BR","@id":"https:\/\/regiaonews.net.br\/2022\/2024\/04\/30\/barretos-motorcycles-acontece-nesta-semana-com-programacao-especial-de-20-anos\/#primaryimage","url":"https:\/\/regiaonews.net.br\/2022\/wp-content\/uploads\/2024\/04\/Imagem-do-WhatsApp-de-2024-04-30-as-16.02.28_39a38a38.jpg","contentUrl":"https:\/\/regiaonews.net.br\/2022\/wp-content\/uploads\/2024\/04\/Imagem-do-WhatsApp-de-2024-04-30-as-16.02.28_39a38a38.jpg","width":1600,"height":1068},{"@type":"BreadcrumbList","@id":"https:\/\/regiaonews.net.br\/2022\/2024\/04\/30\/barretos-motorcycles-acontece-nesta-semana-com-programacao-especial-de-20-anos\/#breadcrumb","itemListElement":[{"@type":"ListItem","position":1,"name":"In\u00edcio","item":"https:\/\/regiaonews.net.br\/2022\/"},{"@type":"ListItem","position":2,"name":"Barretos Motorcycles acontece nesta semana com programa\u00e7\u00e3o especial de 20 anos"}]},{"@type":"WebSite","@id":"https:\/\/regiaonews.net.br\/2022\/#website","url":"https:\/\/regiaonews.net.br\/2022\/","name":"Regi\u00e3o News","description":"Site de Not\u00edcias de Barretos e regi\u00e3o","publisher":{"@id":"https:\/\/regiaonews.net.br\/2022\/#organization"},"potentialAction":[{"@type":"SearchAction","target":{"@type":"EntryPoint","urlTemplate":"https:\/\/regiaonews.net.br\/2022\/?s={search_term_string}"},"query-input":{"@type":"PropertyValueSpecification","valueRequired":true,"valueName":"search_term_string"}}],"inLanguage":"pt-BR"},{"@type":"Organization","@id":"https:\/\/regiaonews.net.br\/2022\/#organization","name":"Regi\u00e3o News","url":"https:\/\/regiaonews.net.br\/2022\/","logo":{"@type":"ImageObject","inLanguage":"pt-BR","@id":"https:\/\/regiaonews.net.br\/2022\/#\/schema\/logo\/image\/","url":"https:\/\/regiaonews.net.br\/2022\/wp-content\/uploads\/2026\/03\/regiao-13-anos-scaled.jpg","contentUrl":"https:\/\/regiaonews.net.br\/2022\/wp-content\/uploads\/2026\/03\/regiao-13-anos-scaled.jpg","width":2560,"height":635,"caption":"Regi\u00e3o News"},"image":{"@id":"https:\/\/regiaonews.net.br\/2022\/#\/schema\/logo\/image\/"}},{"@type":"Person","@id":"https:\/\/regiaonews.net.br\/2022\/#\/schema\/person\/2d205a608a5aa97ac279d7a5e6d89ad8","name":"Roberto","image":{"@type":"ImageObject","inLanguage":"pt-BR","@id":"https:\/\/secure.gravatar.com\/avatar\/42749d8b712ff9d59ca93dc150494e5b55a44134482993f5baeb97e61b7ecc89?s=96&d=mm&r=g","url":"https:\/\/secure.gravatar.com\/avatar\/42749d8b712ff9d59ca93dc150494e5b55a44134482993f5baeb97e61b7ecc89?s=96&d=mm&r=g","contentUrl":"https:\/\/secure.gravatar.com\/avatar\/42749d8b712ff9d59ca93dc150494e5b55a44134482993f5baeb97e61b7ecc89?s=96&d=mm&r=g","caption":"Roberto"},"url":"https:\/\/regiaonews.net.br\/2022\/author\/roberto\/"}]}},"publishpress_future_action":{"enabled":false,"date":"2026-05-03 15:35:59","action":"change-status","newStatus":"draft","terms":[],"taxonomy":"category","extraData":[]},"publishpress_future_workflow_manual_trigger":{"enabledWorkflows":[]},"_links":{"self":[{"href":"https:\/\/regiaonews.net.br\/2022\/wp-json\/wp\/v2\/posts\/104359","targetHints":{"allow":["GET"]}}],"collection":[{"href":"https:\/\/regiaonews.net.br\/2022\/wp-json\/wp\/v2\/posts"}],"about":[{"href":"https:\/\/regiaonews.net.br\/2022\/wp-json\/wp\/v2\/types\/post"}],"author":[{"embeddable":true,"href":"https:\/\/regiaonews.net.br\/2022\/wp-json\/wp\/v2\/users\/2"}],"replies":[{"embeddable":true,"href":"https:\/\/regiaonews.net.br\/2022\/wp-json\/wp\/v2\/comments?post=104359"}],"version-history":[{"count":1,"href":"https:\/\/regiaonews.net.br\/2022\/wp-json\/wp\/v2\/posts\/104359\/revisions"}],"predecessor-version":[{"id":104361,"href":"https:\/\/regiaonews.net.br\/2022\/wp-json\/wp\/v2\/posts\/104359\/revisions\/104361"}],"wp:featuredmedia":[{"embeddable":true,"href":"https:\/\/regiaonews.net.br\/2022\/wp-json\/wp\/v2\/media\/104360"}],"wp:attachment":[{"href":"https:\/\/regiaonews.net.br\/2022\/wp-json\/wp\/v2\/media?parent=104359"}],"wp:term":[{"taxonomy":"category","embeddable":true,"href":"https:\/\/regiaonews.net.br\/2022\/wp-json\/wp\/v2\/categories?post=104359"},{"taxonomy":"post_tag","embeddable":true,"href":"https:\/\/regiaonews.net.br\/2022\/wp-json\/wp\/v2\/tags?post=104359"}],"curies":[{"name":"wp","href":"https:\/\/api.w.org\/{rel}","templated":true}]}}