{"id":104339,"date":"2024-04-30T16:06:20","date_gmt":"2024-04-30T19:06:20","guid":{"rendered":"https:\/\/regiaonews.net.br\/2022\/?p=104339"},"modified":"2024-04-30T16:06:20","modified_gmt":"2024-04-30T19:06:20","slug":"brasil-registra-mais-de-244-mil-empregos-formais-em-marco","status":"publish","type":"post","link":"https:\/\/regiaonews.net.br\/2022\/2024\/04\/30\/brasil-registra-mais-de-244-mil-empregos-formais-em-marco\/","title":{"rendered":"Brasil registra mais de 244 mil empregos formais em mar\u00e7o"},"content":{"rendered":"<div class=\"col-lg-12 mb-3\">\n<div class=\"row\"><\/div>\n<div class=\"row\">\n<h4 class=\"col-10 offset-1 animated fadeInDown dealy-1100 alt-font font-italic my-2 small text-info text-center\"><\/h4>\n<\/div>\n<\/div>\n<div class=\"col-xl-7 offset-xl-1 col-lg-8 offset-lg-0 col-md-10 offset-md-1 mb-3\">\n<div class=\"post-item alt-font\">\n<div class=\"post-item-wrap\">\n<p>O Brasil fechou o m\u00eas de mar\u00e7o com saldo positivo de 244.315 empregos com carteira assinada. No acumulado do ano (janeiro\/2024 a mar\u00e7o\/2024), o saldo foi positivo em 719.033 empregos, o que representa um aumento de 34% em rela\u00e7\u00e3o aos tr\u00eas primeiros meses do ano passado.<img decoding=\"async\" src=\"https:\/\/agenciabrasil.ebc.com.br\/ebc.png?id=1592849&amp;o=node\" \/><img decoding=\"async\" src=\"https:\/\/agenciabrasil.ebc.com.br\/ebc.gif?id=1592849&amp;o=node\" \/><\/p>\n<p>O balan\u00e7o \u00e9 do Cadastro Geral de Empregados e Desempregados (Novo Caged) divulgado nesta ter\u00e7a-feira (30) pelo Minist\u00e9rio do Trabalho e Emprego.<\/p>\n<p>Segundo o ministro do Trabalho e Emprego, Luiz Marinho, este foi o melhor resultado do Caged para o m\u00eas de mar\u00e7o desde 2020. \u201cOu seja, \u00e9 um momento importante, ent\u00e3o eu creio que neste Primeiro de Maio n\u00f3s temos motivos para fixar a luta da classe trabalhadora por melhores condi\u00e7\u00f5es\u201d, disse Marinho \u00e0\u00a0<strong>Ag\u00eancia Brasil<\/strong>.<\/p>\n<p>N\u00fameros<\/p>\n<p>O estoque de empregos formais no pa\u00eds, que \u00e9 a quantidade total de v\u00ednculos celetistas ativos, chegou a 46.236.308 em mar\u00e7o deste ano, o que representa alta de 0,53% em rela\u00e7\u00e3o ao m\u00eas anterior.<\/p>\n<p>O maior crescimento do emprego formal no m\u00eas passado ocorreu no setor de servi\u00e7os, com a cria\u00e7\u00e3o de 148.722 postos. No com\u00e9rcio, foram criados 37.493 postos; na ind\u00fastria, 35.886, concentrados na ind\u00fastria da transforma\u00e7\u00e3o; e na constru\u00e7\u00e3o 28.666. O \u00fanico grande grupamento com saldo negativo foi a agropecu\u00e1ria, com 6.457 postos a menos, em raz\u00e3o das sazonalidades do setor.<\/p>\n<p>O sal\u00e1rio m\u00e9dio de admiss\u00e3o foi R$ 2.081,50. Comparado ao m\u00eas anterior, houve decr\u00e9scimo real de R$ 5,25, uma varia\u00e7\u00e3o negativa de 0,25%.<\/p>\n<p>A maioria das vagas criadas no m\u00eas de mar\u00e7o foram preenchidas por mulheres (124.483). Homens ocuparam 119.832 novos postos. A faixa et\u00e1ria com maior saldo foi a de 18 a 24 anos, com 138.901 postos.<\/p>\n<p>Regi\u00f5es<\/p>\n<p>Todas as regi\u00f5es do pa\u00eds tiveram saldo positivo na gera\u00e7\u00e3o de emprego no m\u00eas passado, sendo que houve aumento de trabalho formal em 25 das 27 unidades da federa\u00e7\u00e3o. Alagoas e Sergipe registraram mais desligamentos que admiss\u00f5es, com saldo negativo de 9.589 postos (-2,2%) e 1.875 postos (-0,6%), respectivamente.<\/p>\n<p>Em termos relativos, os estados com maior varia\u00e7\u00e3o na cria\u00e7\u00e3o de empregos em rela\u00e7\u00e3o ao estoque do m\u00eas anterior s\u00e3o Acre, com a abertura de 1.183 postos, aumento de 1,13%; Goi\u00e1s, que criou 15.742 vagas (1,02%); e Piau\u00ed, com saldo positivo de 3.015 postos (0,86%).<\/p>\n<p>Em termos absolutos, as unidades da federa\u00e7\u00e3o com maior saldo no m\u00eas passado foram S\u00e3o Paulo, com 76.941 postos (0,6%); Minas Gerais, com 40.796 vagas criadas (0,9%); e Rio de Janeiro, com a gera\u00e7\u00e3o de 22.466 postos (0,7%).<\/p>\n<\/div>\n<\/div>\n<\/div>\n","protected":false},"excerpt":{"rendered":"<p>O Brasil fechou o m\u00eas de mar\u00e7o com saldo positivo<\/p>\n","protected":false},"author":2,"featured_media":74148,"comment_status":"open","ping_status":"open","sticky":false,"template":"","format":"standard","meta":{"footnotes":""},"categories":[24,25],"tags":[],"class_list":["post-104339","post","type-post","status-publish","format-standard","has-post-thumbnail","hentry","category-brasil","category-cidades"],"yoast_head":"<!-- This site is optimized with the Yoast SEO plugin v27.4 - https:\/\/yoast.com\/product\/yoast-seo-wordpress\/ -->\n<title>Brasil registra mais de 244 mil empregos formais em mar\u00e7o - Regi\u00e3o News<\/title>\n<meta name=\"robots\" content=\"index, follow, max-snippet:-1, max-image-preview:large, max-video-preview:-1\" \/>\n<link rel=\"canonical\" href=\"https:\/\/regiaonews.net.br\/2022\/2024\/04\/30\/brasil-registra-mais-de-244-mil-empregos-formais-em-marco\/\" \/>\n<meta property=\"og:locale\" content=\"pt_BR\" \/>\n<meta property=\"og:type\" content=\"article\" \/>\n<meta property=\"og:title\" content=\"Brasil registra mais de 244 mil empregos formais em mar\u00e7o - Regi\u00e3o News\" \/>\n<meta property=\"og:description\" content=\"O Brasil fechou o m\u00eas de mar\u00e7o com saldo positivo\" \/>\n<meta property=\"og:url\" content=\"https:\/\/regiaonews.net.br\/2022\/2024\/04\/30\/brasil-registra-mais-de-244-mil-empregos-formais-em-marco\/\" \/>\n<meta property=\"og:site_name\" content=\"Regi\u00e3o News\" \/>\n<meta property=\"article:published_time\" content=\"2024-04-30T19:06:20+00:00\" \/>\n<meta property=\"og:image\" content=\"https:\/\/regiaonews.net.br\/2022\/wp-content\/uploads\/2022\/06\/02_carteira_de_trabalho.jpg\" \/>\n\t<meta property=\"og:image:width\" content=\"1170\" \/>\n\t<meta property=\"og:image:height\" content=\"700\" \/>\n\t<meta property=\"og:image:type\" content=\"image\/jpeg\" \/>\n<meta name=\"author\" content=\"Roberto\" \/>\n<meta name=\"twitter:card\" content=\"summary_large_image\" \/>\n<meta name=\"twitter:label1\" content=\"Escrito por\" \/>\n\t<meta name=\"twitter:data1\" content=\"Roberto\" \/>\n\t<meta name=\"twitter:label2\" content=\"Est. tempo de leitura\" \/>\n\t<meta name=\"twitter:data2\" content=\"3 minutos\" \/>\n<script type=\"application\/ld+json\" class=\"yoast-schema-graph\">{\"@context\":\"https:\\\/\\\/schema.org\",\"@graph\":[{\"@type\":\"Article\",\"@id\":\"https:\\\/\\\/regiaonews.net.br\\\/2022\\\/2024\\\/04\\\/30\\\/brasil-registra-mais-de-244-mil-empregos-formais-em-marco\\\/#article\",\"isPartOf\":{\"@id\":\"https:\\\/\\\/regiaonews.net.br\\\/2022\\\/2024\\\/04\\\/30\\\/brasil-registra-mais-de-244-mil-empregos-formais-em-marco\\\/\"},\"author\":{\"name\":\"Roberto\",\"@id\":\"https:\\\/\\\/regiaonews.net.br\\\/2022\\\/#\\\/schema\\\/person\\\/2d205a608a5aa97ac279d7a5e6d89ad8\"},\"headline\":\"Brasil registra mais de 244 mil empregos formais em mar\u00e7o\",\"datePublished\":\"2024-04-30T19:06:20+00:00\",\"mainEntityOfPage\":{\"@id\":\"https:\\\/\\\/regiaonews.net.br\\\/2022\\\/2024\\\/04\\\/30\\\/brasil-registra-mais-de-244-mil-empregos-formais-em-marco\\\/\"},\"wordCount\":434,\"commentCount\":0,\"publisher\":{\"@id\":\"https:\\\/\\\/regiaonews.net.br\\\/2022\\\/#organization\"},\"image\":{\"@id\":\"https:\\\/\\\/regiaonews.net.br\\\/2022\\\/2024\\\/04\\\/30\\\/brasil-registra-mais-de-244-mil-empregos-formais-em-marco\\\/#primaryimage\"},\"thumbnailUrl\":\"https:\\\/\\\/regiaonews.net.br\\\/2022\\\/wp-content\\\/uploads\\\/2022\\\/06\\\/02_carteira_de_trabalho.jpg\",\"articleSection\":[\"Brasil\",\"Cidades\"],\"inLanguage\":\"pt-BR\",\"potentialAction\":[{\"@type\":\"CommentAction\",\"name\":\"Comment\",\"target\":[\"https:\\\/\\\/regiaonews.net.br\\\/2022\\\/2024\\\/04\\\/30\\\/brasil-registra-mais-de-244-mil-empregos-formais-em-marco\\\/#respond\"]}]},{\"@type\":\"WebPage\",\"@id\":\"https:\\\/\\\/regiaonews.net.br\\\/2022\\\/2024\\\/04\\\/30\\\/brasil-registra-mais-de-244-mil-empregos-formais-em-marco\\\/\",\"url\":\"https:\\\/\\\/regiaonews.net.br\\\/2022\\\/2024\\\/04\\\/30\\\/brasil-registra-mais-de-244-mil-empregos-formais-em-marco\\\/\",\"name\":\"Brasil registra mais de 244 mil empregos formais em mar\u00e7o - Regi\u00e3o News\",\"isPartOf\":{\"@id\":\"https:\\\/\\\/regiaonews.net.br\\\/2022\\\/#website\"},\"primaryImageOfPage\":{\"@id\":\"https:\\\/\\\/regiaonews.net.br\\\/2022\\\/2024\\\/04\\\/30\\\/brasil-registra-mais-de-244-mil-empregos-formais-em-marco\\\/#primaryimage\"},\"image\":{\"@id\":\"https:\\\/\\\/regiaonews.net.br\\\/2022\\\/2024\\\/04\\\/30\\\/brasil-registra-mais-de-244-mil-empregos-formais-em-marco\\\/#primaryimage\"},\"thumbnailUrl\":\"https:\\\/\\\/regiaonews.net.br\\\/2022\\\/wp-content\\\/uploads\\\/2022\\\/06\\\/02_carteira_de_trabalho.jpg\",\"datePublished\":\"2024-04-30T19:06:20+00:00\",\"breadcrumb\":{\"@id\":\"https:\\\/\\\/regiaonews.net.br\\\/2022\\\/2024\\\/04\\\/30\\\/brasil-registra-mais-de-244-mil-empregos-formais-em-marco\\\/#breadcrumb\"},\"inLanguage\":\"pt-BR\",\"potentialAction\":[{\"@type\":\"ReadAction\",\"target\":[\"https:\\\/\\\/regiaonews.net.br\\\/2022\\\/2024\\\/04\\\/30\\\/brasil-registra-mais-de-244-mil-empregos-formais-em-marco\\\/\"]}]},{\"@type\":\"ImageObject\",\"inLanguage\":\"pt-BR\",\"@id\":\"https:\\\/\\\/regiaonews.net.br\\\/2022\\\/2024\\\/04\\\/30\\\/brasil-registra-mais-de-244-mil-empregos-formais-em-marco\\\/#primaryimage\",\"url\":\"https:\\\/\\\/regiaonews.net.br\\\/2022\\\/wp-content\\\/uploads\\\/2022\\\/06\\\/02_carteira_de_trabalho.jpg\",\"contentUrl\":\"https:\\\/\\\/regiaonews.net.br\\\/2022\\\/wp-content\\\/uploads\\\/2022\\\/06\\\/02_carteira_de_trabalho.jpg\",\"width\":1170,\"height\":700,\"caption\":\"Carteira de Trabalho e Previd\u00eancia Social (CTPS)\"},{\"@type\":\"BreadcrumbList\",\"@id\":\"https:\\\/\\\/regiaonews.net.br\\\/2022\\\/2024\\\/04\\\/30\\\/brasil-registra-mais-de-244-mil-empregos-formais-em-marco\\\/#breadcrumb\",\"itemListElement\":[{\"@type\":\"ListItem\",\"position\":1,\"name\":\"In\u00edcio\",\"item\":\"https:\\\/\\\/regiaonews.net.br\\\/2022\\\/\"},{\"@type\":\"ListItem\",\"position\":2,\"name\":\"Brasil registra mais de 244 mil empregos formais em mar\u00e7o\"}]},{\"@type\":\"WebSite\",\"@id\":\"https:\\\/\\\/regiaonews.net.br\\\/2022\\\/#website\",\"url\":\"https:\\\/\\\/regiaonews.net.br\\\/2022\\\/\",\"name\":\"Regi\u00e3o News\",\"description\":\"Site de Not\u00edcias de Barretos e regi\u00e3o\",\"publisher\":{\"@id\":\"https:\\\/\\\/regiaonews.net.br\\\/2022\\\/#organization\"},\"potentialAction\":[{\"@type\":\"SearchAction\",\"target\":{\"@type\":\"EntryPoint\",\"urlTemplate\":\"https:\\\/\\\/regiaonews.net.br\\\/2022\\\/?s={search_term_string}\"},\"query-input\":{\"@type\":\"PropertyValueSpecification\",\"valueRequired\":true,\"valueName\":\"search_term_string\"}}],\"inLanguage\":\"pt-BR\"},{\"@type\":\"Organization\",\"@id\":\"https:\\\/\\\/regiaonews.net.br\\\/2022\\\/#organization\",\"name\":\"Regi\u00e3o News\",\"url\":\"https:\\\/\\\/regiaonews.net.br\\\/2022\\\/\",\"logo\":{\"@type\":\"ImageObject\",\"inLanguage\":\"pt-BR\",\"@id\":\"https:\\\/\\\/regiaonews.net.br\\\/2022\\\/#\\\/schema\\\/logo\\\/image\\\/\",\"url\":\"https:\\\/\\\/regiaonews.net.br\\\/2022\\\/wp-content\\\/uploads\\\/2026\\\/03\\\/regiao-13-anos-scaled.jpg\",\"contentUrl\":\"https:\\\/\\\/regiaonews.net.br\\\/2022\\\/wp-content\\\/uploads\\\/2026\\\/03\\\/regiao-13-anos-scaled.jpg\",\"width\":2560,\"height\":635,\"caption\":\"Regi\u00e3o News\"},\"image\":{\"@id\":\"https:\\\/\\\/regiaonews.net.br\\\/2022\\\/#\\\/schema\\\/logo\\\/image\\\/\"}},{\"@type\":\"Person\",\"@id\":\"https:\\\/\\\/regiaonews.net.br\\\/2022\\\/#\\\/schema\\\/person\\\/2d205a608a5aa97ac279d7a5e6d89ad8\",\"name\":\"Roberto\",\"image\":{\"@type\":\"ImageObject\",\"inLanguage\":\"pt-BR\",\"@id\":\"https:\\\/\\\/secure.gravatar.com\\\/avatar\\\/42749d8b712ff9d59ca93dc150494e5b55a44134482993f5baeb97e61b7ecc89?s=96&d=mm&r=g\",\"url\":\"https:\\\/\\\/secure.gravatar.com\\\/avatar\\\/42749d8b712ff9d59ca93dc150494e5b55a44134482993f5baeb97e61b7ecc89?s=96&d=mm&r=g\",\"contentUrl\":\"https:\\\/\\\/secure.gravatar.com\\\/avatar\\\/42749d8b712ff9d59ca93dc150494e5b55a44134482993f5baeb97e61b7ecc89?s=96&d=mm&r=g\",\"caption\":\"Roberto\"},\"url\":\"https:\\\/\\\/regiaonews.net.br\\\/2022\\\/author\\\/roberto\\\/\"}]}<\/script>\n<!-- \/ Yoast SEO plugin. -->","yoast_head_json":{"title":"Brasil registra mais de 244 mil empregos formais em mar\u00e7o - Regi\u00e3o News","robots":{"index":"index","follow":"follow","max-snippet":"max-snippet:-1","max-image-preview":"max-image-preview:large","max-video-preview":"max-video-preview:-1"},"canonical":"https:\/\/regiaonews.net.br\/2022\/2024\/04\/30\/brasil-registra-mais-de-244-mil-empregos-formais-em-marco\/","og_locale":"pt_BR","og_type":"article","og_title":"Brasil registra mais de 244 mil empregos formais em mar\u00e7o - Regi\u00e3o News","og_description":"O Brasil fechou o m\u00eas de mar\u00e7o com saldo positivo","og_url":"https:\/\/regiaonews.net.br\/2022\/2024\/04\/30\/brasil-registra-mais-de-244-mil-empregos-formais-em-marco\/","og_site_name":"Regi\u00e3o News","article_published_time":"2024-04-30T19:06:20+00:00","og_image":[{"width":1170,"height":700,"url":"https:\/\/regiaonews.net.br\/2022\/wp-content\/uploads\/2022\/06\/02_carteira_de_trabalho.jpg","type":"image\/jpeg"}],"author":"Roberto","twitter_card":"summary_large_image","twitter_misc":{"Escrito por":"Roberto","Est. tempo de leitura":"3 minutos"},"schema":{"@context":"https:\/\/schema.org","@graph":[{"@type":"Article","@id":"https:\/\/regiaonews.net.br\/2022\/2024\/04\/30\/brasil-registra-mais-de-244-mil-empregos-formais-em-marco\/#article","isPartOf":{"@id":"https:\/\/regiaonews.net.br\/2022\/2024\/04\/30\/brasil-registra-mais-de-244-mil-empregos-formais-em-marco\/"},"author":{"name":"Roberto","@id":"https:\/\/regiaonews.net.br\/2022\/#\/schema\/person\/2d205a608a5aa97ac279d7a5e6d89ad8"},"headline":"Brasil registra mais de 244 mil empregos formais em mar\u00e7o","datePublished":"2024-04-30T19:06:20+00:00","mainEntityOfPage":{"@id":"https:\/\/regiaonews.net.br\/2022\/2024\/04\/30\/brasil-registra-mais-de-244-mil-empregos-formais-em-marco\/"},"wordCount":434,"commentCount":0,"publisher":{"@id":"https:\/\/regiaonews.net.br\/2022\/#organization"},"image":{"@id":"https:\/\/regiaonews.net.br\/2022\/2024\/04\/30\/brasil-registra-mais-de-244-mil-empregos-formais-em-marco\/#primaryimage"},"thumbnailUrl":"https:\/\/regiaonews.net.br\/2022\/wp-content\/uploads\/2022\/06\/02_carteira_de_trabalho.jpg","articleSection":["Brasil","Cidades"],"inLanguage":"pt-BR","potentialAction":[{"@type":"CommentAction","name":"Comment","target":["https:\/\/regiaonews.net.br\/2022\/2024\/04\/30\/brasil-registra-mais-de-244-mil-empregos-formais-em-marco\/#respond"]}]},{"@type":"WebPage","@id":"https:\/\/regiaonews.net.br\/2022\/2024\/04\/30\/brasil-registra-mais-de-244-mil-empregos-formais-em-marco\/","url":"https:\/\/regiaonews.net.br\/2022\/2024\/04\/30\/brasil-registra-mais-de-244-mil-empregos-formais-em-marco\/","name":"Brasil registra mais de 244 mil empregos formais em mar\u00e7o - Regi\u00e3o News","isPartOf":{"@id":"https:\/\/regiaonews.net.br\/2022\/#website"},"primaryImageOfPage":{"@id":"https:\/\/regiaonews.net.br\/2022\/2024\/04\/30\/brasil-registra-mais-de-244-mil-empregos-formais-em-marco\/#primaryimage"},"image":{"@id":"https:\/\/regiaonews.net.br\/2022\/2024\/04\/30\/brasil-registra-mais-de-244-mil-empregos-formais-em-marco\/#primaryimage"},"thumbnailUrl":"https:\/\/regiaonews.net.br\/2022\/wp-content\/uploads\/2022\/06\/02_carteira_de_trabalho.jpg","datePublished":"2024-04-30T19:06:20+00:00","breadcrumb":{"@id":"https:\/\/regiaonews.net.br\/2022\/2024\/04\/30\/brasil-registra-mais-de-244-mil-empregos-formais-em-marco\/#breadcrumb"},"inLanguage":"pt-BR","potentialAction":[{"@type":"ReadAction","target":["https:\/\/regiaonews.net.br\/2022\/2024\/04\/30\/brasil-registra-mais-de-244-mil-empregos-formais-em-marco\/"]}]},{"@type":"ImageObject","inLanguage":"pt-BR","@id":"https:\/\/regiaonews.net.br\/2022\/2024\/04\/30\/brasil-registra-mais-de-244-mil-empregos-formais-em-marco\/#primaryimage","url":"https:\/\/regiaonews.net.br\/2022\/wp-content\/uploads\/2022\/06\/02_carteira_de_trabalho.jpg","contentUrl":"https:\/\/regiaonews.net.br\/2022\/wp-content\/uploads\/2022\/06\/02_carteira_de_trabalho.jpg","width":1170,"height":700,"caption":"Carteira de Trabalho e Previd\u00eancia Social (CTPS)"},{"@type":"BreadcrumbList","@id":"https:\/\/regiaonews.net.br\/2022\/2024\/04\/30\/brasil-registra-mais-de-244-mil-empregos-formais-em-marco\/#breadcrumb","itemListElement":[{"@type":"ListItem","position":1,"name":"In\u00edcio","item":"https:\/\/regiaonews.net.br\/2022\/"},{"@type":"ListItem","position":2,"name":"Brasil registra mais de 244 mil empregos formais em mar\u00e7o"}]},{"@type":"WebSite","@id":"https:\/\/regiaonews.net.br\/2022\/#website","url":"https:\/\/regiaonews.net.br\/2022\/","name":"Regi\u00e3o News","description":"Site de Not\u00edcias de Barretos e regi\u00e3o","publisher":{"@id":"https:\/\/regiaonews.net.br\/2022\/#organization"},"potentialAction":[{"@type":"SearchAction","target":{"@type":"EntryPoint","urlTemplate":"https:\/\/regiaonews.net.br\/2022\/?s={search_term_string}"},"query-input":{"@type":"PropertyValueSpecification","valueRequired":true,"valueName":"search_term_string"}}],"inLanguage":"pt-BR"},{"@type":"Organization","@id":"https:\/\/regiaonews.net.br\/2022\/#organization","name":"Regi\u00e3o News","url":"https:\/\/regiaonews.net.br\/2022\/","logo":{"@type":"ImageObject","inLanguage":"pt-BR","@id":"https:\/\/regiaonews.net.br\/2022\/#\/schema\/logo\/image\/","url":"https:\/\/regiaonews.net.br\/2022\/wp-content\/uploads\/2026\/03\/regiao-13-anos-scaled.jpg","contentUrl":"https:\/\/regiaonews.net.br\/2022\/wp-content\/uploads\/2026\/03\/regiao-13-anos-scaled.jpg","width":2560,"height":635,"caption":"Regi\u00e3o News"},"image":{"@id":"https:\/\/regiaonews.net.br\/2022\/#\/schema\/logo\/image\/"}},{"@type":"Person","@id":"https:\/\/regiaonews.net.br\/2022\/#\/schema\/person\/2d205a608a5aa97ac279d7a5e6d89ad8","name":"Roberto","image":{"@type":"ImageObject","inLanguage":"pt-BR","@id":"https:\/\/secure.gravatar.com\/avatar\/42749d8b712ff9d59ca93dc150494e5b55a44134482993f5baeb97e61b7ecc89?s=96&d=mm&r=g","url":"https:\/\/secure.gravatar.com\/avatar\/42749d8b712ff9d59ca93dc150494e5b55a44134482993f5baeb97e61b7ecc89?s=96&d=mm&r=g","contentUrl":"https:\/\/secure.gravatar.com\/avatar\/42749d8b712ff9d59ca93dc150494e5b55a44134482993f5baeb97e61b7ecc89?s=96&d=mm&r=g","caption":"Roberto"},"url":"https:\/\/regiaonews.net.br\/2022\/author\/roberto\/"}]}},"publishpress_future_action":{"enabled":false,"date":"2026-05-03 12:52:40","action":"change-status","newStatus":"draft","terms":[],"taxonomy":"category","extraData":[]},"publishpress_future_workflow_manual_trigger":{"enabledWorkflows":[]},"_links":{"self":[{"href":"https:\/\/regiaonews.net.br\/2022\/wp-json\/wp\/v2\/posts\/104339","targetHints":{"allow":["GET"]}}],"collection":[{"href":"https:\/\/regiaonews.net.br\/2022\/wp-json\/wp\/v2\/posts"}],"about":[{"href":"https:\/\/regiaonews.net.br\/2022\/wp-json\/wp\/v2\/types\/post"}],"author":[{"embeddable":true,"href":"https:\/\/regiaonews.net.br\/2022\/wp-json\/wp\/v2\/users\/2"}],"replies":[{"embeddable":true,"href":"https:\/\/regiaonews.net.br\/2022\/wp-json\/wp\/v2\/comments?post=104339"}],"version-history":[{"count":1,"href":"https:\/\/regiaonews.net.br\/2022\/wp-json\/wp\/v2\/posts\/104339\/revisions"}],"predecessor-version":[{"id":104340,"href":"https:\/\/regiaonews.net.br\/2022\/wp-json\/wp\/v2\/posts\/104339\/revisions\/104340"}],"wp:featuredmedia":[{"embeddable":true,"href":"https:\/\/regiaonews.net.br\/2022\/wp-json\/wp\/v2\/media\/74148"}],"wp:attachment":[{"href":"https:\/\/regiaonews.net.br\/2022\/wp-json\/wp\/v2\/media?parent=104339"}],"wp:term":[{"taxonomy":"category","embeddable":true,"href":"https:\/\/regiaonews.net.br\/2022\/wp-json\/wp\/v2\/categories?post=104339"},{"taxonomy":"post_tag","embeddable":true,"href":"https:\/\/regiaonews.net.br\/2022\/wp-json\/wp\/v2\/tags?post=104339"}],"curies":[{"name":"wp","href":"https:\/\/api.w.org\/{rel}","templated":true}]}}