{"id":104309,"date":"2024-04-29T21:09:15","date_gmt":"2024-04-30T00:09:15","guid":{"rendered":"https:\/\/regiaonews.net.br\/2022\/?p=104309"},"modified":"2024-04-29T21:09:15","modified_gmt":"2024-04-30T00:09:15","slug":"governador-visita-a-agrishow-e-faz-anuncios","status":"publish","type":"post","link":"https:\/\/regiaonews.net.br\/2022\/2024\/04\/29\/governador-visita-a-agrishow-e-faz-anuncios\/","title":{"rendered":"Governador visita a Agrishow e faz an\u00fancios"},"content":{"rendered":"<header class=\"article-header\">\n<div class=\"meta\">\n<div class=\"social-share \">Foto &#8211; Governo de S\u00e3o Paulo<\/div>\n<\/div>\n<\/header>\n<article class=\"article-main\">O primeiro dia de visita\u00e7\u00e3o p\u00fablica da Agrishow teve novos an\u00fancios e entregas do Governo de S\u00e3o Paulo para apoio ao agroneg\u00f3cio e desenvolvimento tecnol\u00f3gico no campo. Nesta segunda-feira (29), em Ribeir\u00e3o Preto, o governador Tarc\u00edsio de Freitas visitou estandes do megaevento agr\u00edcola e entregou t\u00edtulos rurais do Programa Estadual de Regulariza\u00e7\u00e3o de Terras, tratores subvencionados pela gest\u00e3o paulista e po\u00e7os profundos que ampliam o abastecimento de \u00e1gua no interior do estado.<\/p>\n<p>\u201cS\u00f3 de recursos do Tesouro do Estado, a gente est\u00e1 falando de R$ 1,4 bilh\u00e3o para o agro, \u00e9 a maior libera\u00e7\u00e3o da nossa hist\u00f3ria e isso mostra nosso comprometimento com o agroneg\u00f3cio em S\u00e3o Paulo. Outro passo importante que estamos dando para a seguran\u00e7a jur\u00eddica \u00e9 a regulariza\u00e7\u00e3o fundi\u00e1ria. O resultado \u00e9 imediato, a gente est\u00e1 trazendo seguran\u00e7a jur\u00eddica e, com ela, est\u00e1 vindo o investimento. Contem sempre com o Governo do Estado de S\u00e3o Paulo, hoje \u00e9 um dia para a gente celebrar a maior feira agr\u00edcola do Brasil e tamb\u00e9m para homenagear os nossos produtores e o agroneg\u00f3cio\u201d, afirmou Tarc\u00edsio.<\/p>\n<p>Na v\u00e9spera, durante a cerim\u00f4nia de abertura da Agrishow, o Governo de S\u00e3o Paulo confirmou um\u00a0<a href=\"https:\/\/www.saopaulo.sp.gov.br\/spnoticias\/ultimas-noticias\/governo-de-sp-anuncia-pacote-de-investimentos-de-r-14-bi-para-o-agronegocio\">pacote de a\u00e7\u00f5es e servi\u00e7os estaduais de R$ 1,4 bilh\u00e3o<\/a>\u00a0com expans\u00e3o robusta de financiamentos, servi\u00e7os e libera\u00e7\u00e3o de cr\u00e9ditos tribut\u00e1rios para o agroneg\u00f3cio.<\/p>\n<p>O trabalho da gest\u00e3o estadual para apoio ao agro paulista teve sequ\u00eancia nesta segunda. Um dos destaques foi a entrega de 29 t\u00edtulos de propriedade rural que regularizam a situa\u00e7\u00e3o fundi\u00e1ria de mais de 13 mil hectares de terras devolutas. A a\u00e7\u00e3o foi promovida pelo Instituto de Terras do Estado de S\u00e3o Paulo (Itesp), que atua sob coordena\u00e7\u00e3o da Secretaria de Agricultura e Abastecimento.<\/p>\n<p>A iniciativa tamb\u00e9m rendeu arrecada\u00e7\u00e3o de mais de R$ 35 milh\u00f5es que ser\u00e3o aplicados em servi\u00e7os estaduais nas cidades onde as terras regularizadas est\u00e3o localizadas. Nos \u00faltimos 16 meses, o Governo de S\u00e3o Paulo j\u00e1 entregou mais de 3 mil t\u00edtulos urbanos a fam\u00edlias de pequenos munic\u00edpios, al\u00e9m de 6,1 mil im\u00f3veis urbanos e rurais regularizados.<\/p>\n<p>Para ampliar a resili\u00eancia h\u00eddrica e a sustentabilidade no campo, o Governo de S\u00e3o Paulo tamb\u00e9m formalizou a entrega de 34 po\u00e7os profundos para aumento da oferta de \u00e1gua nas regi\u00f5es de Ara\u00e7atuba, Araraquara, Bauru, Campinas, Franca, Mar\u00edlia, Presidente Prudente, Ribeir\u00e3o Preto, S\u00e3o Jos\u00e9 dos Campos, S\u00e3o Jos\u00e9 do Rio Preto e Sorocaba.<\/p>\n<p>A execu\u00e7\u00e3o dos po\u00e7os foi feita pelo Departamento de \u00c1guas e Energia El\u00e9trica, vinculado \u00e0 Secretaria de Meio Ambiente, Infraestrutura e Log\u00edstica, sob investimento de R$ 22,5 milh\u00f5es. Para as regi\u00f5es de Ribeir\u00e3o Preto e Franca, s\u00e3o sete novos po\u00e7os nas cidades de Jaboticabal, Pontal, S\u00e3o Sim\u00e3o e Cristais Paulista. Cada equipamento pode captar at\u00e9 323 mil litros de \u00e1gua por hora, sem preju\u00edzos para reservas nos aqu\u00edferos.<\/p>\n<p>Para apoio \u00e0 mecaniza\u00e7\u00e3o das lavouras, o Governo de S\u00e3o Paulo tamb\u00e9m fez a entrega de seis tratores com aquisi\u00e7\u00e3o viabilizada por recursos estaduais. Para 2024, o Estado anunciou R$ 60 milh\u00f5es para subvencionar a compra de at\u00e9 2,4 mil maquin\u00e1rios pelo programa Pr\u00f3-Trator, podendo entregar dez vezes mais ve\u00edculos do que no ano passado.<\/p>\n<p><strong>Sustentabilidade<\/strong><\/p>\n<p>A transi\u00e7\u00e3o energ\u00e9tica com participa\u00e7\u00e3o decisiva do agro tamb\u00e9m \u00e9 prioridade para o Governo de S\u00e3o Paulo. \u201cCriamos uma coordenadoria exclusiva para incentivar e dar suporte t\u00e9cnico \u00e0s solu\u00e7\u00f5es de energia sustent\u00e1veis como biodigestores, fotovoltaica e e\u00f3lica. Com o protagonismo de S\u00e3o Paulo, vamos diminuir a depend\u00eancia de combust\u00edveis f\u00f3sseis e evoluir na autonomia energ\u00e9tica\u201d, anunciou o secret\u00e1rio estadual de Agricultura e Abastecimento, Guilherme Piai.<\/p>\n<p><strong>Agro digital<\/strong><\/p>\n<p>Com o objetivo de melhorar a comunica\u00e7\u00e3o via internet no campo, o Governo de S\u00e3o Paulo tamb\u00e9m est\u00e1 ampliando o plano estadual de conectividade rural, agricultura digital e capacita\u00e7\u00e3o tecnol\u00f3gica para os pequenos e m\u00e9dios produtores por meio de pesquisa e inova\u00e7\u00e3o.<\/p>\n<p>Por meio do Projeto SemeAr, a administra\u00e7\u00e3o paulista pretende impactar positivamente todas as regi\u00f5es com grande produ\u00e7\u00e3o agropecu\u00e1ria com solu\u00e7\u00f5es tecnol\u00f3gicas como intelig\u00eancia artificial, sensoriamento remoto, automa\u00e7\u00e3o e rastreabilidade.<\/p>\n<p><strong>Agrishow em n\u00fameros<\/strong><\/p>\n<p>Mais de 800 marcas nacionais e internacionais apresentam as \u00faltimas novidades em tecnologia, inova\u00e7\u00e3o e tend\u00eancias para o agroneg\u00f3cio na 29\u00aa edi\u00e7\u00e3o da Agrishow, que acontece at\u00e9 o dia 3 de maio para um p\u00fablico estimado de 195 mil pessoas.<\/p>\n<p>Em 520 mil m\u00b2 de feira, os expositores investem todos os anos para apresentar aos visitantes as solu\u00e7\u00f5es mais modernas para auxili\u00e1-los no dia a dia do campo.<\/p>\n<\/article>\n","protected":false},"excerpt":{"rendered":"<p>Foto &#8211; Governo de S\u00e3o Paulo O primeiro dia de<\/p>\n","protected":false},"author":2,"featured_media":104310,"comment_status":"open","ping_status":"open","sticky":false,"template":"","format":"standard","meta":{"footnotes":""},"categories":[25,32],"tags":[],"class_list":["post-104309","post","type-post","status-publish","format-standard","has-post-thumbnail","hentry","category-cidades","category-ribeirao-preto"],"yoast_head":"<!-- This site is optimized with the Yoast SEO plugin v27.4 - https:\/\/yoast.com\/product\/yoast-seo-wordpress\/ -->\n<title>Governador visita a Agrishow e faz an\u00fancios - Regi\u00e3o News<\/title>\n<meta name=\"robots\" content=\"index, follow, max-snippet:-1, max-image-preview:large, max-video-preview:-1\" \/>\n<link rel=\"canonical\" href=\"https:\/\/regiaonews.net.br\/2022\/2024\/04\/29\/governador-visita-a-agrishow-e-faz-anuncios\/\" \/>\n<meta property=\"og:locale\" content=\"pt_BR\" \/>\n<meta property=\"og:type\" content=\"article\" \/>\n<meta property=\"og:title\" content=\"Governador visita a Agrishow e faz an\u00fancios - Regi\u00e3o News\" \/>\n<meta property=\"og:description\" content=\"Foto &#8211; Governo de S\u00e3o Paulo O primeiro dia de\" \/>\n<meta property=\"og:url\" content=\"https:\/\/regiaonews.net.br\/2022\/2024\/04\/29\/governador-visita-a-agrishow-e-faz-anuncios\/\" \/>\n<meta property=\"og:site_name\" content=\"Regi\u00e3o News\" \/>\n<meta property=\"article:published_time\" content=\"2024-04-30T00:09:15+00:00\" \/>\n<meta property=\"og:image\" content=\"https:\/\/regiaonews.net.br\/2022\/wp-content\/uploads\/2024\/04\/53687729364_d8c57a0517_k-1024x683-1.jpg\" \/>\n\t<meta property=\"og:image:width\" content=\"1024\" \/>\n\t<meta property=\"og:image:height\" content=\"683\" \/>\n\t<meta property=\"og:image:type\" content=\"image\/jpeg\" \/>\n<meta name=\"author\" content=\"Roberto\" \/>\n<meta name=\"twitter:card\" content=\"summary_large_image\" \/>\n<meta name=\"twitter:label1\" content=\"Escrito por\" \/>\n\t<meta name=\"twitter:data1\" content=\"Roberto\" \/>\n\t<meta name=\"twitter:label2\" content=\"Est. tempo de leitura\" \/>\n\t<meta name=\"twitter:data2\" content=\"5 minutos\" \/>\n<script type=\"application\/ld+json\" class=\"yoast-schema-graph\">{\"@context\":\"https:\\\/\\\/schema.org\",\"@graph\":[{\"@type\":\"Article\",\"@id\":\"https:\\\/\\\/regiaonews.net.br\\\/2022\\\/2024\\\/04\\\/29\\\/governador-visita-a-agrishow-e-faz-anuncios\\\/#article\",\"isPartOf\":{\"@id\":\"https:\\\/\\\/regiaonews.net.br\\\/2022\\\/2024\\\/04\\\/29\\\/governador-visita-a-agrishow-e-faz-anuncios\\\/\"},\"author\":{\"name\":\"Roberto\",\"@id\":\"https:\\\/\\\/regiaonews.net.br\\\/2022\\\/#\\\/schema\\\/person\\\/2d205a608a5aa97ac279d7a5e6d89ad8\"},\"headline\":\"Governador visita a Agrishow e faz an\u00fancios\",\"datePublished\":\"2024-04-30T00:09:15+00:00\",\"mainEntityOfPage\":{\"@id\":\"https:\\\/\\\/regiaonews.net.br\\\/2022\\\/2024\\\/04\\\/29\\\/governador-visita-a-agrishow-e-faz-anuncios\\\/\"},\"wordCount\":840,\"commentCount\":0,\"publisher\":{\"@id\":\"https:\\\/\\\/regiaonews.net.br\\\/2022\\\/#organization\"},\"image\":{\"@id\":\"https:\\\/\\\/regiaonews.net.br\\\/2022\\\/2024\\\/04\\\/29\\\/governador-visita-a-agrishow-e-faz-anuncios\\\/#primaryimage\"},\"thumbnailUrl\":\"https:\\\/\\\/regiaonews.net.br\\\/2022\\\/wp-content\\\/uploads\\\/2024\\\/04\\\/53687729364_d8c57a0517_k-1024x683-1.jpg\",\"articleSection\":[\"Cidades\",\"Ribeir\u00e3o Preto\"],\"inLanguage\":\"pt-BR\",\"potentialAction\":[{\"@type\":\"CommentAction\",\"name\":\"Comment\",\"target\":[\"https:\\\/\\\/regiaonews.net.br\\\/2022\\\/2024\\\/04\\\/29\\\/governador-visita-a-agrishow-e-faz-anuncios\\\/#respond\"]}]},{\"@type\":\"WebPage\",\"@id\":\"https:\\\/\\\/regiaonews.net.br\\\/2022\\\/2024\\\/04\\\/29\\\/governador-visita-a-agrishow-e-faz-anuncios\\\/\",\"url\":\"https:\\\/\\\/regiaonews.net.br\\\/2022\\\/2024\\\/04\\\/29\\\/governador-visita-a-agrishow-e-faz-anuncios\\\/\",\"name\":\"Governador visita a Agrishow e faz an\u00fancios - Regi\u00e3o News\",\"isPartOf\":{\"@id\":\"https:\\\/\\\/regiaonews.net.br\\\/2022\\\/#website\"},\"primaryImageOfPage\":{\"@id\":\"https:\\\/\\\/regiaonews.net.br\\\/2022\\\/2024\\\/04\\\/29\\\/governador-visita-a-agrishow-e-faz-anuncios\\\/#primaryimage\"},\"image\":{\"@id\":\"https:\\\/\\\/regiaonews.net.br\\\/2022\\\/2024\\\/04\\\/29\\\/governador-visita-a-agrishow-e-faz-anuncios\\\/#primaryimage\"},\"thumbnailUrl\":\"https:\\\/\\\/regiaonews.net.br\\\/2022\\\/wp-content\\\/uploads\\\/2024\\\/04\\\/53687729364_d8c57a0517_k-1024x683-1.jpg\",\"datePublished\":\"2024-04-30T00:09:15+00:00\",\"breadcrumb\":{\"@id\":\"https:\\\/\\\/regiaonews.net.br\\\/2022\\\/2024\\\/04\\\/29\\\/governador-visita-a-agrishow-e-faz-anuncios\\\/#breadcrumb\"},\"inLanguage\":\"pt-BR\",\"potentialAction\":[{\"@type\":\"ReadAction\",\"target\":[\"https:\\\/\\\/regiaonews.net.br\\\/2022\\\/2024\\\/04\\\/29\\\/governador-visita-a-agrishow-e-faz-anuncios\\\/\"]}]},{\"@type\":\"ImageObject\",\"inLanguage\":\"pt-BR\",\"@id\":\"https:\\\/\\\/regiaonews.net.br\\\/2022\\\/2024\\\/04\\\/29\\\/governador-visita-a-agrishow-e-faz-anuncios\\\/#primaryimage\",\"url\":\"https:\\\/\\\/regiaonews.net.br\\\/2022\\\/wp-content\\\/uploads\\\/2024\\\/04\\\/53687729364_d8c57a0517_k-1024x683-1.jpg\",\"contentUrl\":\"https:\\\/\\\/regiaonews.net.br\\\/2022\\\/wp-content\\\/uploads\\\/2024\\\/04\\\/53687729364_d8c57a0517_k-1024x683-1.jpg\",\"width\":1024,\"height\":683},{\"@type\":\"BreadcrumbList\",\"@id\":\"https:\\\/\\\/regiaonews.net.br\\\/2022\\\/2024\\\/04\\\/29\\\/governador-visita-a-agrishow-e-faz-anuncios\\\/#breadcrumb\",\"itemListElement\":[{\"@type\":\"ListItem\",\"position\":1,\"name\":\"In\u00edcio\",\"item\":\"https:\\\/\\\/regiaonews.net.br\\\/2022\\\/\"},{\"@type\":\"ListItem\",\"position\":2,\"name\":\"Governador visita a Agrishow e faz an\u00fancios\"}]},{\"@type\":\"WebSite\",\"@id\":\"https:\\\/\\\/regiaonews.net.br\\\/2022\\\/#website\",\"url\":\"https:\\\/\\\/regiaonews.net.br\\\/2022\\\/\",\"name\":\"Regi\u00e3o News\",\"description\":\"Site de Not\u00edcias de Barretos e regi\u00e3o\",\"publisher\":{\"@id\":\"https:\\\/\\\/regiaonews.net.br\\\/2022\\\/#organization\"},\"potentialAction\":[{\"@type\":\"SearchAction\",\"target\":{\"@type\":\"EntryPoint\",\"urlTemplate\":\"https:\\\/\\\/regiaonews.net.br\\\/2022\\\/?s={search_term_string}\"},\"query-input\":{\"@type\":\"PropertyValueSpecification\",\"valueRequired\":true,\"valueName\":\"search_term_string\"}}],\"inLanguage\":\"pt-BR\"},{\"@type\":\"Organization\",\"@id\":\"https:\\\/\\\/regiaonews.net.br\\\/2022\\\/#organization\",\"name\":\"Regi\u00e3o News\",\"url\":\"https:\\\/\\\/regiaonews.net.br\\\/2022\\\/\",\"logo\":{\"@type\":\"ImageObject\",\"inLanguage\":\"pt-BR\",\"@id\":\"https:\\\/\\\/regiaonews.net.br\\\/2022\\\/#\\\/schema\\\/logo\\\/image\\\/\",\"url\":\"https:\\\/\\\/regiaonews.net.br\\\/2022\\\/wp-content\\\/uploads\\\/2026\\\/03\\\/regiao-13-anos-scaled.jpg\",\"contentUrl\":\"https:\\\/\\\/regiaonews.net.br\\\/2022\\\/wp-content\\\/uploads\\\/2026\\\/03\\\/regiao-13-anos-scaled.jpg\",\"width\":2560,\"height\":635,\"caption\":\"Regi\u00e3o News\"},\"image\":{\"@id\":\"https:\\\/\\\/regiaonews.net.br\\\/2022\\\/#\\\/schema\\\/logo\\\/image\\\/\"}},{\"@type\":\"Person\",\"@id\":\"https:\\\/\\\/regiaonews.net.br\\\/2022\\\/#\\\/schema\\\/person\\\/2d205a608a5aa97ac279d7a5e6d89ad8\",\"name\":\"Roberto\",\"image\":{\"@type\":\"ImageObject\",\"inLanguage\":\"pt-BR\",\"@id\":\"https:\\\/\\\/secure.gravatar.com\\\/avatar\\\/42749d8b712ff9d59ca93dc150494e5b55a44134482993f5baeb97e61b7ecc89?s=96&d=mm&r=g\",\"url\":\"https:\\\/\\\/secure.gravatar.com\\\/avatar\\\/42749d8b712ff9d59ca93dc150494e5b55a44134482993f5baeb97e61b7ecc89?s=96&d=mm&r=g\",\"contentUrl\":\"https:\\\/\\\/secure.gravatar.com\\\/avatar\\\/42749d8b712ff9d59ca93dc150494e5b55a44134482993f5baeb97e61b7ecc89?s=96&d=mm&r=g\",\"caption\":\"Roberto\"},\"url\":\"https:\\\/\\\/regiaonews.net.br\\\/2022\\\/author\\\/roberto\\\/\"}]}<\/script>\n<!-- \/ Yoast SEO plugin. -->","yoast_head_json":{"title":"Governador visita a Agrishow e faz an\u00fancios - Regi\u00e3o News","robots":{"index":"index","follow":"follow","max-snippet":"max-snippet:-1","max-image-preview":"max-image-preview:large","max-video-preview":"max-video-preview:-1"},"canonical":"https:\/\/regiaonews.net.br\/2022\/2024\/04\/29\/governador-visita-a-agrishow-e-faz-anuncios\/","og_locale":"pt_BR","og_type":"article","og_title":"Governador visita a Agrishow e faz an\u00fancios - Regi\u00e3o News","og_description":"Foto &#8211; Governo de S\u00e3o Paulo O primeiro dia de","og_url":"https:\/\/regiaonews.net.br\/2022\/2024\/04\/29\/governador-visita-a-agrishow-e-faz-anuncios\/","og_site_name":"Regi\u00e3o News","article_published_time":"2024-04-30T00:09:15+00:00","og_image":[{"width":1024,"height":683,"url":"https:\/\/regiaonews.net.br\/2022\/wp-content\/uploads\/2024\/04\/53687729364_d8c57a0517_k-1024x683-1.jpg","type":"image\/jpeg"}],"author":"Roberto","twitter_card":"summary_large_image","twitter_misc":{"Escrito por":"Roberto","Est. tempo de leitura":"5 minutos"},"schema":{"@context":"https:\/\/schema.org","@graph":[{"@type":"Article","@id":"https:\/\/regiaonews.net.br\/2022\/2024\/04\/29\/governador-visita-a-agrishow-e-faz-anuncios\/#article","isPartOf":{"@id":"https:\/\/regiaonews.net.br\/2022\/2024\/04\/29\/governador-visita-a-agrishow-e-faz-anuncios\/"},"author":{"name":"Roberto","@id":"https:\/\/regiaonews.net.br\/2022\/#\/schema\/person\/2d205a608a5aa97ac279d7a5e6d89ad8"},"headline":"Governador visita a Agrishow e faz an\u00fancios","datePublished":"2024-04-30T00:09:15+00:00","mainEntityOfPage":{"@id":"https:\/\/regiaonews.net.br\/2022\/2024\/04\/29\/governador-visita-a-agrishow-e-faz-anuncios\/"},"wordCount":840,"commentCount":0,"publisher":{"@id":"https:\/\/regiaonews.net.br\/2022\/#organization"},"image":{"@id":"https:\/\/regiaonews.net.br\/2022\/2024\/04\/29\/governador-visita-a-agrishow-e-faz-anuncios\/#primaryimage"},"thumbnailUrl":"https:\/\/regiaonews.net.br\/2022\/wp-content\/uploads\/2024\/04\/53687729364_d8c57a0517_k-1024x683-1.jpg","articleSection":["Cidades","Ribeir\u00e3o Preto"],"inLanguage":"pt-BR","potentialAction":[{"@type":"CommentAction","name":"Comment","target":["https:\/\/regiaonews.net.br\/2022\/2024\/04\/29\/governador-visita-a-agrishow-e-faz-anuncios\/#respond"]}]},{"@type":"WebPage","@id":"https:\/\/regiaonews.net.br\/2022\/2024\/04\/29\/governador-visita-a-agrishow-e-faz-anuncios\/","url":"https:\/\/regiaonews.net.br\/2022\/2024\/04\/29\/governador-visita-a-agrishow-e-faz-anuncios\/","name":"Governador visita a Agrishow e faz an\u00fancios - Regi\u00e3o News","isPartOf":{"@id":"https:\/\/regiaonews.net.br\/2022\/#website"},"primaryImageOfPage":{"@id":"https:\/\/regiaonews.net.br\/2022\/2024\/04\/29\/governador-visita-a-agrishow-e-faz-anuncios\/#primaryimage"},"image":{"@id":"https:\/\/regiaonews.net.br\/2022\/2024\/04\/29\/governador-visita-a-agrishow-e-faz-anuncios\/#primaryimage"},"thumbnailUrl":"https:\/\/regiaonews.net.br\/2022\/wp-content\/uploads\/2024\/04\/53687729364_d8c57a0517_k-1024x683-1.jpg","datePublished":"2024-04-30T00:09:15+00:00","breadcrumb":{"@id":"https:\/\/regiaonews.net.br\/2022\/2024\/04\/29\/governador-visita-a-agrishow-e-faz-anuncios\/#breadcrumb"},"inLanguage":"pt-BR","potentialAction":[{"@type":"ReadAction","target":["https:\/\/regiaonews.net.br\/2022\/2024\/04\/29\/governador-visita-a-agrishow-e-faz-anuncios\/"]}]},{"@type":"ImageObject","inLanguage":"pt-BR","@id":"https:\/\/regiaonews.net.br\/2022\/2024\/04\/29\/governador-visita-a-agrishow-e-faz-anuncios\/#primaryimage","url":"https:\/\/regiaonews.net.br\/2022\/wp-content\/uploads\/2024\/04\/53687729364_d8c57a0517_k-1024x683-1.jpg","contentUrl":"https:\/\/regiaonews.net.br\/2022\/wp-content\/uploads\/2024\/04\/53687729364_d8c57a0517_k-1024x683-1.jpg","width":1024,"height":683},{"@type":"BreadcrumbList","@id":"https:\/\/regiaonews.net.br\/2022\/2024\/04\/29\/governador-visita-a-agrishow-e-faz-anuncios\/#breadcrumb","itemListElement":[{"@type":"ListItem","position":1,"name":"In\u00edcio","item":"https:\/\/regiaonews.net.br\/2022\/"},{"@type":"ListItem","position":2,"name":"Governador visita a Agrishow e faz an\u00fancios"}]},{"@type":"WebSite","@id":"https:\/\/regiaonews.net.br\/2022\/#website","url":"https:\/\/regiaonews.net.br\/2022\/","name":"Regi\u00e3o News","description":"Site de Not\u00edcias de Barretos e regi\u00e3o","publisher":{"@id":"https:\/\/regiaonews.net.br\/2022\/#organization"},"potentialAction":[{"@type":"SearchAction","target":{"@type":"EntryPoint","urlTemplate":"https:\/\/regiaonews.net.br\/2022\/?s={search_term_string}"},"query-input":{"@type":"PropertyValueSpecification","valueRequired":true,"valueName":"search_term_string"}}],"inLanguage":"pt-BR"},{"@type":"Organization","@id":"https:\/\/regiaonews.net.br\/2022\/#organization","name":"Regi\u00e3o News","url":"https:\/\/regiaonews.net.br\/2022\/","logo":{"@type":"ImageObject","inLanguage":"pt-BR","@id":"https:\/\/regiaonews.net.br\/2022\/#\/schema\/logo\/image\/","url":"https:\/\/regiaonews.net.br\/2022\/wp-content\/uploads\/2026\/03\/regiao-13-anos-scaled.jpg","contentUrl":"https:\/\/regiaonews.net.br\/2022\/wp-content\/uploads\/2026\/03\/regiao-13-anos-scaled.jpg","width":2560,"height":635,"caption":"Regi\u00e3o News"},"image":{"@id":"https:\/\/regiaonews.net.br\/2022\/#\/schema\/logo\/image\/"}},{"@type":"Person","@id":"https:\/\/regiaonews.net.br\/2022\/#\/schema\/person\/2d205a608a5aa97ac279d7a5e6d89ad8","name":"Roberto","image":{"@type":"ImageObject","inLanguage":"pt-BR","@id":"https:\/\/secure.gravatar.com\/avatar\/42749d8b712ff9d59ca93dc150494e5b55a44134482993f5baeb97e61b7ecc89?s=96&d=mm&r=g","url":"https:\/\/secure.gravatar.com\/avatar\/42749d8b712ff9d59ca93dc150494e5b55a44134482993f5baeb97e61b7ecc89?s=96&d=mm&r=g","contentUrl":"https:\/\/secure.gravatar.com\/avatar\/42749d8b712ff9d59ca93dc150494e5b55a44134482993f5baeb97e61b7ecc89?s=96&d=mm&r=g","caption":"Roberto"},"url":"https:\/\/regiaonews.net.br\/2022\/author\/roberto\/"}]}},"publishpress_future_action":{"enabled":false,"date":"2026-05-03 17:55:50","action":"change-status","newStatus":"draft","terms":[],"taxonomy":"category","extraData":[]},"publishpress_future_workflow_manual_trigger":{"enabledWorkflows":[]},"_links":{"self":[{"href":"https:\/\/regiaonews.net.br\/2022\/wp-json\/wp\/v2\/posts\/104309","targetHints":{"allow":["GET"]}}],"collection":[{"href":"https:\/\/regiaonews.net.br\/2022\/wp-json\/wp\/v2\/posts"}],"about":[{"href":"https:\/\/regiaonews.net.br\/2022\/wp-json\/wp\/v2\/types\/post"}],"author":[{"embeddable":true,"href":"https:\/\/regiaonews.net.br\/2022\/wp-json\/wp\/v2\/users\/2"}],"replies":[{"embeddable":true,"href":"https:\/\/regiaonews.net.br\/2022\/wp-json\/wp\/v2\/comments?post=104309"}],"version-history":[{"count":1,"href":"https:\/\/regiaonews.net.br\/2022\/wp-json\/wp\/v2\/posts\/104309\/revisions"}],"predecessor-version":[{"id":104311,"href":"https:\/\/regiaonews.net.br\/2022\/wp-json\/wp\/v2\/posts\/104309\/revisions\/104311"}],"wp:featuredmedia":[{"embeddable":true,"href":"https:\/\/regiaonews.net.br\/2022\/wp-json\/wp\/v2\/media\/104310"}],"wp:attachment":[{"href":"https:\/\/regiaonews.net.br\/2022\/wp-json\/wp\/v2\/media?parent=104309"}],"wp:term":[{"taxonomy":"category","embeddable":true,"href":"https:\/\/regiaonews.net.br\/2022\/wp-json\/wp\/v2\/categories?post=104309"},{"taxonomy":"post_tag","embeddable":true,"href":"https:\/\/regiaonews.net.br\/2022\/wp-json\/wp\/v2\/tags?post=104309"}],"curies":[{"name":"wp","href":"https:\/\/api.w.org\/{rel}","templated":true}]}}