{"id":104297,"date":"2024-04-29T19:03:34","date_gmt":"2024-04-29T22:03:34","guid":{"rendered":"https:\/\/regiaonews.net.br\/2022\/?p=104297"},"modified":"2024-04-29T19:03:34","modified_gmt":"2024-04-29T22:03:34","slug":"final-do-26-campeonato-municipal-de-futsal-e-nesta-terca-feira-dia-30","status":"publish","type":"post","link":"https:\/\/regiaonews.net.br\/2022\/2024\/04\/29\/final-do-26-campeonato-municipal-de-futsal-e-nesta-terca-feira-dia-30\/","title":{"rendered":"Final do 26\u00b0 Campeonato Municipal de Futsal \u00e9 nesta ter\u00e7a-feira, dia 30"},"content":{"rendered":"<p>Jogos ser\u00e3o realizados no Cemepe do bairro Christiano Carvalho, a partir das 19h30<\/p>\n<p>Os times Barretos II e LT Sports disputam a grande final do 26\u00ba Campeonato Municipal de Futsal Adulto nesta ter\u00e7a-feira, 30 de abril, no Cemepe do bairro Christiano Carvalho.<br \/>\nO jogo decisivo ocorre ap\u00f3s a disputa de terceiro e quarto lugar, marcada para as 19h30, entre as equipes Atl\u00e9tico Brasil e Amigos da Bola F.C.<br \/>\nA competi\u00e7\u00e3o, promovida pela Prefeitura de Barretos, por meio da Secretaria Municipal de Esportes e Lazer, teve in\u00edcio no m\u00eas de mar\u00e7o e reuniu 16 times participantes. Os jogos s\u00e3o abertos \u00e0 popula\u00e7\u00e3o.<\/p>\n<p>Servi\u00e7o:<br \/>\nFinal do 26\u00b0 Campeonato Municipal de Futsal<br \/>\nQuando? Nesta ter\u00e7a-feira, dia 30 de abril.<br \/>\nOnde? Cemepe do Christiano Carvalho \u2013 Rua C-20, 402<br \/>\nQue horas? A partir das 19h30.<br \/>\nEvento gratuito<\/p>\n","protected":false},"excerpt":{"rendered":"<p>Jogos ser\u00e3o realizados no Cemepe do bairro Christiano Carvalho, a<\/p>\n","protected":false},"author":2,"featured_media":104298,"comment_status":"open","ping_status":"open","sticky":false,"template":"","format":"standard","meta":{"footnotes":""},"categories":[14,21],"tags":[],"class_list":["post-104297","post","type-post","status-publish","format-standard","has-post-thumbnail","hentry","category-barretos","category-esporte"],"yoast_head":"<!-- This site is optimized with the Yoast SEO plugin v27.4 - https:\/\/yoast.com\/product\/yoast-seo-wordpress\/ -->\n<title>Final do 26\u00b0 Campeonato Municipal de Futsal \u00e9 nesta ter\u00e7a-feira, dia 30 - Regi\u00e3o News<\/title>\n<meta name=\"robots\" content=\"index, follow, max-snippet:-1, max-image-preview:large, max-video-preview:-1\" \/>\n<link rel=\"canonical\" href=\"https:\/\/regiaonews.net.br\/2022\/2024\/04\/29\/final-do-26-campeonato-municipal-de-futsal-e-nesta-terca-feira-dia-30\/\" \/>\n<meta property=\"og:locale\" content=\"pt_BR\" \/>\n<meta property=\"og:type\" content=\"article\" \/>\n<meta property=\"og:title\" content=\"Final do 26\u00b0 Campeonato Municipal de Futsal \u00e9 nesta ter\u00e7a-feira, dia 30 - Regi\u00e3o News\" \/>\n<meta property=\"og:description\" content=\"Jogos ser\u00e3o realizados no Cemepe do bairro Christiano Carvalho, a\" \/>\n<meta property=\"og:url\" content=\"https:\/\/regiaonews.net.br\/2022\/2024\/04\/29\/final-do-26-campeonato-municipal-de-futsal-e-nesta-terca-feira-dia-30\/\" \/>\n<meta property=\"og:site_name\" content=\"Regi\u00e3o News\" \/>\n<meta property=\"article:published_time\" content=\"2024-04-29T22:03:34+00:00\" \/>\n<meta property=\"og:image\" content=\"https:\/\/regiaonews.net.br\/2022\/wp-content\/uploads\/2024\/04\/WhatsApp-Image-2024-04-29-at-17.25.05.jpeg\" \/>\n\t<meta property=\"og:image:width\" content=\"1084\" \/>\n\t<meta property=\"og:image:height\" content=\"1083\" \/>\n\t<meta property=\"og:image:type\" content=\"image\/jpeg\" \/>\n<meta name=\"author\" content=\"Roberto\" \/>\n<meta name=\"twitter:card\" content=\"summary_large_image\" \/>\n<meta name=\"twitter:label1\" content=\"Escrito por\" \/>\n\t<meta name=\"twitter:data1\" content=\"Roberto\" \/>\n\t<meta name=\"twitter:label2\" content=\"Est. tempo de leitura\" \/>\n\t<meta name=\"twitter:data2\" content=\"1 minuto\" \/>\n<script type=\"application\/ld+json\" class=\"yoast-schema-graph\">{\"@context\":\"https:\\\/\\\/schema.org\",\"@graph\":[{\"@type\":\"Article\",\"@id\":\"https:\\\/\\\/regiaonews.net.br\\\/2022\\\/2024\\\/04\\\/29\\\/final-do-26-campeonato-municipal-de-futsal-e-nesta-terca-feira-dia-30\\\/#article\",\"isPartOf\":{\"@id\":\"https:\\\/\\\/regiaonews.net.br\\\/2022\\\/2024\\\/04\\\/29\\\/final-do-26-campeonato-municipal-de-futsal-e-nesta-terca-feira-dia-30\\\/\"},\"author\":{\"name\":\"Roberto\",\"@id\":\"https:\\\/\\\/regiaonews.net.br\\\/2022\\\/#\\\/schema\\\/person\\\/2d205a608a5aa97ac279d7a5e6d89ad8\"},\"headline\":\"Final do 26\u00b0 Campeonato Municipal de Futsal \u00e9 nesta ter\u00e7a-feira, dia 30\",\"datePublished\":\"2024-04-29T22:03:34+00:00\",\"mainEntityOfPage\":{\"@id\":\"https:\\\/\\\/regiaonews.net.br\\\/2022\\\/2024\\\/04\\\/29\\\/final-do-26-campeonato-municipal-de-futsal-e-nesta-terca-feira-dia-30\\\/\"},\"wordCount\":148,\"commentCount\":0,\"publisher\":{\"@id\":\"https:\\\/\\\/regiaonews.net.br\\\/2022\\\/#organization\"},\"image\":{\"@id\":\"https:\\\/\\\/regiaonews.net.br\\\/2022\\\/2024\\\/04\\\/29\\\/final-do-26-campeonato-municipal-de-futsal-e-nesta-terca-feira-dia-30\\\/#primaryimage\"},\"thumbnailUrl\":\"https:\\\/\\\/regiaonews.net.br\\\/2022\\\/wp-content\\\/uploads\\\/2024\\\/04\\\/WhatsApp-Image-2024-04-29-at-17.25.05.jpeg\",\"articleSection\":[\"Barretos\",\"Esporte\"],\"inLanguage\":\"pt-BR\",\"potentialAction\":[{\"@type\":\"CommentAction\",\"name\":\"Comment\",\"target\":[\"https:\\\/\\\/regiaonews.net.br\\\/2022\\\/2024\\\/04\\\/29\\\/final-do-26-campeonato-municipal-de-futsal-e-nesta-terca-feira-dia-30\\\/#respond\"]}]},{\"@type\":\"WebPage\",\"@id\":\"https:\\\/\\\/regiaonews.net.br\\\/2022\\\/2024\\\/04\\\/29\\\/final-do-26-campeonato-municipal-de-futsal-e-nesta-terca-feira-dia-30\\\/\",\"url\":\"https:\\\/\\\/regiaonews.net.br\\\/2022\\\/2024\\\/04\\\/29\\\/final-do-26-campeonato-municipal-de-futsal-e-nesta-terca-feira-dia-30\\\/\",\"name\":\"Final do 26\u00b0 Campeonato Municipal de Futsal \u00e9 nesta ter\u00e7a-feira, dia 30 - Regi\u00e3o News\",\"isPartOf\":{\"@id\":\"https:\\\/\\\/regiaonews.net.br\\\/2022\\\/#website\"},\"primaryImageOfPage\":{\"@id\":\"https:\\\/\\\/regiaonews.net.br\\\/2022\\\/2024\\\/04\\\/29\\\/final-do-26-campeonato-municipal-de-futsal-e-nesta-terca-feira-dia-30\\\/#primaryimage\"},\"image\":{\"@id\":\"https:\\\/\\\/regiaonews.net.br\\\/2022\\\/2024\\\/04\\\/29\\\/final-do-26-campeonato-municipal-de-futsal-e-nesta-terca-feira-dia-30\\\/#primaryimage\"},\"thumbnailUrl\":\"https:\\\/\\\/regiaonews.net.br\\\/2022\\\/wp-content\\\/uploads\\\/2024\\\/04\\\/WhatsApp-Image-2024-04-29-at-17.25.05.jpeg\",\"datePublished\":\"2024-04-29T22:03:34+00:00\",\"breadcrumb\":{\"@id\":\"https:\\\/\\\/regiaonews.net.br\\\/2022\\\/2024\\\/04\\\/29\\\/final-do-26-campeonato-municipal-de-futsal-e-nesta-terca-feira-dia-30\\\/#breadcrumb\"},\"inLanguage\":\"pt-BR\",\"potentialAction\":[{\"@type\":\"ReadAction\",\"target\":[\"https:\\\/\\\/regiaonews.net.br\\\/2022\\\/2024\\\/04\\\/29\\\/final-do-26-campeonato-municipal-de-futsal-e-nesta-terca-feira-dia-30\\\/\"]}]},{\"@type\":\"ImageObject\",\"inLanguage\":\"pt-BR\",\"@id\":\"https:\\\/\\\/regiaonews.net.br\\\/2022\\\/2024\\\/04\\\/29\\\/final-do-26-campeonato-municipal-de-futsal-e-nesta-terca-feira-dia-30\\\/#primaryimage\",\"url\":\"https:\\\/\\\/regiaonews.net.br\\\/2022\\\/wp-content\\\/uploads\\\/2024\\\/04\\\/WhatsApp-Image-2024-04-29-at-17.25.05.jpeg\",\"contentUrl\":\"https:\\\/\\\/regiaonews.net.br\\\/2022\\\/wp-content\\\/uploads\\\/2024\\\/04\\\/WhatsApp-Image-2024-04-29-at-17.25.05.jpeg\",\"width\":1084,\"height\":1083},{\"@type\":\"BreadcrumbList\",\"@id\":\"https:\\\/\\\/regiaonews.net.br\\\/2022\\\/2024\\\/04\\\/29\\\/final-do-26-campeonato-municipal-de-futsal-e-nesta-terca-feira-dia-30\\\/#breadcrumb\",\"itemListElement\":[{\"@type\":\"ListItem\",\"position\":1,\"name\":\"In\u00edcio\",\"item\":\"https:\\\/\\\/regiaonews.net.br\\\/2022\\\/\"},{\"@type\":\"ListItem\",\"position\":2,\"name\":\"Final do 26\u00b0 Campeonato Municipal de Futsal \u00e9 nesta ter\u00e7a-feira, dia 30\"}]},{\"@type\":\"WebSite\",\"@id\":\"https:\\\/\\\/regiaonews.net.br\\\/2022\\\/#website\",\"url\":\"https:\\\/\\\/regiaonews.net.br\\\/2022\\\/\",\"name\":\"Regi\u00e3o News\",\"description\":\"Site de Not\u00edcias de Barretos e regi\u00e3o\",\"publisher\":{\"@id\":\"https:\\\/\\\/regiaonews.net.br\\\/2022\\\/#organization\"},\"potentialAction\":[{\"@type\":\"SearchAction\",\"target\":{\"@type\":\"EntryPoint\",\"urlTemplate\":\"https:\\\/\\\/regiaonews.net.br\\\/2022\\\/?s={search_term_string}\"},\"query-input\":{\"@type\":\"PropertyValueSpecification\",\"valueRequired\":true,\"valueName\":\"search_term_string\"}}],\"inLanguage\":\"pt-BR\"},{\"@type\":\"Organization\",\"@id\":\"https:\\\/\\\/regiaonews.net.br\\\/2022\\\/#organization\",\"name\":\"Regi\u00e3o News\",\"url\":\"https:\\\/\\\/regiaonews.net.br\\\/2022\\\/\",\"logo\":{\"@type\":\"ImageObject\",\"inLanguage\":\"pt-BR\",\"@id\":\"https:\\\/\\\/regiaonews.net.br\\\/2022\\\/#\\\/schema\\\/logo\\\/image\\\/\",\"url\":\"https:\\\/\\\/regiaonews.net.br\\\/2022\\\/wp-content\\\/uploads\\\/2026\\\/03\\\/regiao-13-anos-scaled.jpg\",\"contentUrl\":\"https:\\\/\\\/regiaonews.net.br\\\/2022\\\/wp-content\\\/uploads\\\/2026\\\/03\\\/regiao-13-anos-scaled.jpg\",\"width\":2560,\"height\":635,\"caption\":\"Regi\u00e3o News\"},\"image\":{\"@id\":\"https:\\\/\\\/regiaonews.net.br\\\/2022\\\/#\\\/schema\\\/logo\\\/image\\\/\"}},{\"@type\":\"Person\",\"@id\":\"https:\\\/\\\/regiaonews.net.br\\\/2022\\\/#\\\/schema\\\/person\\\/2d205a608a5aa97ac279d7a5e6d89ad8\",\"name\":\"Roberto\",\"image\":{\"@type\":\"ImageObject\",\"inLanguage\":\"pt-BR\",\"@id\":\"https:\\\/\\\/secure.gravatar.com\\\/avatar\\\/42749d8b712ff9d59ca93dc150494e5b55a44134482993f5baeb97e61b7ecc89?s=96&d=mm&r=g\",\"url\":\"https:\\\/\\\/secure.gravatar.com\\\/avatar\\\/42749d8b712ff9d59ca93dc150494e5b55a44134482993f5baeb97e61b7ecc89?s=96&d=mm&r=g\",\"contentUrl\":\"https:\\\/\\\/secure.gravatar.com\\\/avatar\\\/42749d8b712ff9d59ca93dc150494e5b55a44134482993f5baeb97e61b7ecc89?s=96&d=mm&r=g\",\"caption\":\"Roberto\"},\"url\":\"https:\\\/\\\/regiaonews.net.br\\\/2022\\\/author\\\/roberto\\\/\"}]}<\/script>\n<!-- \/ Yoast SEO plugin. -->","yoast_head_json":{"title":"Final do 26\u00b0 Campeonato Municipal de Futsal \u00e9 nesta ter\u00e7a-feira, dia 30 - Regi\u00e3o News","robots":{"index":"index","follow":"follow","max-snippet":"max-snippet:-1","max-image-preview":"max-image-preview:large","max-video-preview":"max-video-preview:-1"},"canonical":"https:\/\/regiaonews.net.br\/2022\/2024\/04\/29\/final-do-26-campeonato-municipal-de-futsal-e-nesta-terca-feira-dia-30\/","og_locale":"pt_BR","og_type":"article","og_title":"Final do 26\u00b0 Campeonato Municipal de Futsal \u00e9 nesta ter\u00e7a-feira, dia 30 - Regi\u00e3o News","og_description":"Jogos ser\u00e3o realizados no Cemepe do bairro Christiano Carvalho, a","og_url":"https:\/\/regiaonews.net.br\/2022\/2024\/04\/29\/final-do-26-campeonato-municipal-de-futsal-e-nesta-terca-feira-dia-30\/","og_site_name":"Regi\u00e3o News","article_published_time":"2024-04-29T22:03:34+00:00","og_image":[{"width":1084,"height":1083,"url":"https:\/\/regiaonews.net.br\/2022\/wp-content\/uploads\/2024\/04\/WhatsApp-Image-2024-04-29-at-17.25.05.jpeg","type":"image\/jpeg"}],"author":"Roberto","twitter_card":"summary_large_image","twitter_misc":{"Escrito por":"Roberto","Est. tempo de leitura":"1 minuto"},"schema":{"@context":"https:\/\/schema.org","@graph":[{"@type":"Article","@id":"https:\/\/regiaonews.net.br\/2022\/2024\/04\/29\/final-do-26-campeonato-municipal-de-futsal-e-nesta-terca-feira-dia-30\/#article","isPartOf":{"@id":"https:\/\/regiaonews.net.br\/2022\/2024\/04\/29\/final-do-26-campeonato-municipal-de-futsal-e-nesta-terca-feira-dia-30\/"},"author":{"name":"Roberto","@id":"https:\/\/regiaonews.net.br\/2022\/#\/schema\/person\/2d205a608a5aa97ac279d7a5e6d89ad8"},"headline":"Final do 26\u00b0 Campeonato Municipal de Futsal \u00e9 nesta ter\u00e7a-feira, dia 30","datePublished":"2024-04-29T22:03:34+00:00","mainEntityOfPage":{"@id":"https:\/\/regiaonews.net.br\/2022\/2024\/04\/29\/final-do-26-campeonato-municipal-de-futsal-e-nesta-terca-feira-dia-30\/"},"wordCount":148,"commentCount":0,"publisher":{"@id":"https:\/\/regiaonews.net.br\/2022\/#organization"},"image":{"@id":"https:\/\/regiaonews.net.br\/2022\/2024\/04\/29\/final-do-26-campeonato-municipal-de-futsal-e-nesta-terca-feira-dia-30\/#primaryimage"},"thumbnailUrl":"https:\/\/regiaonews.net.br\/2022\/wp-content\/uploads\/2024\/04\/WhatsApp-Image-2024-04-29-at-17.25.05.jpeg","articleSection":["Barretos","Esporte"],"inLanguage":"pt-BR","potentialAction":[{"@type":"CommentAction","name":"Comment","target":["https:\/\/regiaonews.net.br\/2022\/2024\/04\/29\/final-do-26-campeonato-municipal-de-futsal-e-nesta-terca-feira-dia-30\/#respond"]}]},{"@type":"WebPage","@id":"https:\/\/regiaonews.net.br\/2022\/2024\/04\/29\/final-do-26-campeonato-municipal-de-futsal-e-nesta-terca-feira-dia-30\/","url":"https:\/\/regiaonews.net.br\/2022\/2024\/04\/29\/final-do-26-campeonato-municipal-de-futsal-e-nesta-terca-feira-dia-30\/","name":"Final do 26\u00b0 Campeonato Municipal de Futsal \u00e9 nesta ter\u00e7a-feira, dia 30 - Regi\u00e3o News","isPartOf":{"@id":"https:\/\/regiaonews.net.br\/2022\/#website"},"primaryImageOfPage":{"@id":"https:\/\/regiaonews.net.br\/2022\/2024\/04\/29\/final-do-26-campeonato-municipal-de-futsal-e-nesta-terca-feira-dia-30\/#primaryimage"},"image":{"@id":"https:\/\/regiaonews.net.br\/2022\/2024\/04\/29\/final-do-26-campeonato-municipal-de-futsal-e-nesta-terca-feira-dia-30\/#primaryimage"},"thumbnailUrl":"https:\/\/regiaonews.net.br\/2022\/wp-content\/uploads\/2024\/04\/WhatsApp-Image-2024-04-29-at-17.25.05.jpeg","datePublished":"2024-04-29T22:03:34+00:00","breadcrumb":{"@id":"https:\/\/regiaonews.net.br\/2022\/2024\/04\/29\/final-do-26-campeonato-municipal-de-futsal-e-nesta-terca-feira-dia-30\/#breadcrumb"},"inLanguage":"pt-BR","potentialAction":[{"@type":"ReadAction","target":["https:\/\/regiaonews.net.br\/2022\/2024\/04\/29\/final-do-26-campeonato-municipal-de-futsal-e-nesta-terca-feira-dia-30\/"]}]},{"@type":"ImageObject","inLanguage":"pt-BR","@id":"https:\/\/regiaonews.net.br\/2022\/2024\/04\/29\/final-do-26-campeonato-municipal-de-futsal-e-nesta-terca-feira-dia-30\/#primaryimage","url":"https:\/\/regiaonews.net.br\/2022\/wp-content\/uploads\/2024\/04\/WhatsApp-Image-2024-04-29-at-17.25.05.jpeg","contentUrl":"https:\/\/regiaonews.net.br\/2022\/wp-content\/uploads\/2024\/04\/WhatsApp-Image-2024-04-29-at-17.25.05.jpeg","width":1084,"height":1083},{"@type":"BreadcrumbList","@id":"https:\/\/regiaonews.net.br\/2022\/2024\/04\/29\/final-do-26-campeonato-municipal-de-futsal-e-nesta-terca-feira-dia-30\/#breadcrumb","itemListElement":[{"@type":"ListItem","position":1,"name":"In\u00edcio","item":"https:\/\/regiaonews.net.br\/2022\/"},{"@type":"ListItem","position":2,"name":"Final do 26\u00b0 Campeonato Municipal de Futsal \u00e9 nesta ter\u00e7a-feira, dia 30"}]},{"@type":"WebSite","@id":"https:\/\/regiaonews.net.br\/2022\/#website","url":"https:\/\/regiaonews.net.br\/2022\/","name":"Regi\u00e3o News","description":"Site de Not\u00edcias de Barretos e regi\u00e3o","publisher":{"@id":"https:\/\/regiaonews.net.br\/2022\/#organization"},"potentialAction":[{"@type":"SearchAction","target":{"@type":"EntryPoint","urlTemplate":"https:\/\/regiaonews.net.br\/2022\/?s={search_term_string}"},"query-input":{"@type":"PropertyValueSpecification","valueRequired":true,"valueName":"search_term_string"}}],"inLanguage":"pt-BR"},{"@type":"Organization","@id":"https:\/\/regiaonews.net.br\/2022\/#organization","name":"Regi\u00e3o News","url":"https:\/\/regiaonews.net.br\/2022\/","logo":{"@type":"ImageObject","inLanguage":"pt-BR","@id":"https:\/\/regiaonews.net.br\/2022\/#\/schema\/logo\/image\/","url":"https:\/\/regiaonews.net.br\/2022\/wp-content\/uploads\/2026\/03\/regiao-13-anos-scaled.jpg","contentUrl":"https:\/\/regiaonews.net.br\/2022\/wp-content\/uploads\/2026\/03\/regiao-13-anos-scaled.jpg","width":2560,"height":635,"caption":"Regi\u00e3o News"},"image":{"@id":"https:\/\/regiaonews.net.br\/2022\/#\/schema\/logo\/image\/"}},{"@type":"Person","@id":"https:\/\/regiaonews.net.br\/2022\/#\/schema\/person\/2d205a608a5aa97ac279d7a5e6d89ad8","name":"Roberto","image":{"@type":"ImageObject","inLanguage":"pt-BR","@id":"https:\/\/secure.gravatar.com\/avatar\/42749d8b712ff9d59ca93dc150494e5b55a44134482993f5baeb97e61b7ecc89?s=96&d=mm&r=g","url":"https:\/\/secure.gravatar.com\/avatar\/42749d8b712ff9d59ca93dc150494e5b55a44134482993f5baeb97e61b7ecc89?s=96&d=mm&r=g","contentUrl":"https:\/\/secure.gravatar.com\/avatar\/42749d8b712ff9d59ca93dc150494e5b55a44134482993f5baeb97e61b7ecc89?s=96&d=mm&r=g","caption":"Roberto"},"url":"https:\/\/regiaonews.net.br\/2022\/author\/roberto\/"}]}},"publishpress_future_action":{"enabled":false,"date":"2026-05-03 12:35:46","action":"change-status","newStatus":"draft","terms":[],"taxonomy":"category","extraData":[]},"publishpress_future_workflow_manual_trigger":{"enabledWorkflows":[]},"_links":{"self":[{"href":"https:\/\/regiaonews.net.br\/2022\/wp-json\/wp\/v2\/posts\/104297","targetHints":{"allow":["GET"]}}],"collection":[{"href":"https:\/\/regiaonews.net.br\/2022\/wp-json\/wp\/v2\/posts"}],"about":[{"href":"https:\/\/regiaonews.net.br\/2022\/wp-json\/wp\/v2\/types\/post"}],"author":[{"embeddable":true,"href":"https:\/\/regiaonews.net.br\/2022\/wp-json\/wp\/v2\/users\/2"}],"replies":[{"embeddable":true,"href":"https:\/\/regiaonews.net.br\/2022\/wp-json\/wp\/v2\/comments?post=104297"}],"version-history":[{"count":1,"href":"https:\/\/regiaonews.net.br\/2022\/wp-json\/wp\/v2\/posts\/104297\/revisions"}],"predecessor-version":[{"id":104299,"href":"https:\/\/regiaonews.net.br\/2022\/wp-json\/wp\/v2\/posts\/104297\/revisions\/104299"}],"wp:featuredmedia":[{"embeddable":true,"href":"https:\/\/regiaonews.net.br\/2022\/wp-json\/wp\/v2\/media\/104298"}],"wp:attachment":[{"href":"https:\/\/regiaonews.net.br\/2022\/wp-json\/wp\/v2\/media?parent=104297"}],"wp:term":[{"taxonomy":"category","embeddable":true,"href":"https:\/\/regiaonews.net.br\/2022\/wp-json\/wp\/v2\/categories?post=104297"},{"taxonomy":"post_tag","embeddable":true,"href":"https:\/\/regiaonews.net.br\/2022\/wp-json\/wp\/v2\/tags?post=104297"}],"curies":[{"name":"wp","href":"https:\/\/api.w.org\/{rel}","templated":true}]}}