{"id":104287,"date":"2024-04-29T13:20:06","date_gmt":"2024-04-29T16:20:06","guid":{"rendered":"https:\/\/regiaonews.net.br\/2022\/?p=104287"},"modified":"2024-04-29T13:20:06","modified_gmt":"2024-04-29T16:20:06","slug":"20-anos-do-barretos-motorcycles-tera-maratona-musical-no-sabado-4-de-maio","status":"publish","type":"post","link":"https:\/\/regiaonews.net.br\/2022\/2024\/04\/29\/20-anos-do-barretos-motorcycles-tera-maratona-musical-no-sabado-4-de-maio\/","title":{"rendered":"20 anos do Barretos Motorcycles ter\u00e1 maratona musical no s\u00e1bado, 4 de maio"},"content":{"rendered":"<h3 style=\"text-align: center;\">Com atra\u00e7\u00f5es musicais no Palco Motorcycles a partir das 19h, Motor Music Fest ter\u00e1 shows de Ventania, Last Lover, Paulo Miklos e Bar\u00e3o Vermelho. Evento acontece de 03 a 05 de maio. Ingressos j\u00e1 est\u00e3o \u00e0 venda<\/h3>\n<p>A edi\u00e7\u00e3o comemorativa de 20 anos do Barretos Motorcycles, um dos principais encontros de motociclistas do Brasil, ter\u00e1 no s\u00e1bado (04\/05) uma maratona de grandes shows no Palco Motorcycles.<\/p>\n<p>\u201cA nossa proposta \u00e9 que os visitantes aproveitem ao m\u00e1ximo o dia no Parque do Pe\u00e3o. Por isso, o Motor Music Fest inicia a maratona de shows do Palco Motorcycles mais cedo, \u00e0s 19h. Al\u00e9m disso, v\u00e1rias outras atra\u00e7\u00f5es, incluindo shows em outros palcos, acontecer\u00e3o ao longo do dia. A ideia \u00e9 aproveitar ao m\u00e1ximo o s\u00e1bado do evento\u201d, explica Hussein Gemha Junior, presidente de Os Independentes, associa\u00e7\u00e3o organizadora do encontro.<\/p>\n<p>Tudo come\u00e7a a partir das 19h, com o show de Ventania, com toda sua inspira\u00e7\u00e3o hippie. Na sequ\u00eancia, \u00e0s 20h30 a apresenta\u00e7\u00e3o \u00e9 de Last Lover, banda aclamada pelo repert\u00f3rio de covers de sucesso como Bon Jovi, Aerosmith e Kiss, al\u00e9m de m\u00fasicas autorais.<\/p>\n<p>Depois \u00e9 a vez do m\u00fasico Paulo Miklos, um dos principais roqueiros do Pa\u00eds, ex-integrante do Tit\u00e3s, atualmente em carreira solo, \u00e0s 22h. \u00c0s 23h30 entra em cena Bar\u00e3o Vermelho, tamb\u00e9m \u00edcone do rock nacional, comemorando 40 anos de carreira.<\/p>\n<p>Programa\u00e7\u00e3o completa<br \/>\nO Barretos Motorcycles come\u00e7a na sexta-feira, dia 03 de maio, com a abertura dos port\u00f5es e credenciamento \u00e0s 10h. A programa\u00e7\u00e3o na pista de acrobacias tem in\u00edcio \u00e0s 18h. J\u00e1 os shows come\u00e7am \u00e0s 19h no Tenda Motor e a partir das 21h30 no Palco Motorcycles, que recebe os shows de Renato Quase Russo e banda Lemon.<\/p>\n<p>No s\u00e1bado, \u00e0s 10h tem Passeio Motocicl\u00edstico saindo do evento, \u00e0s 11h Missa dos Motociclistas na Catedral da cidade. A partir das 11h30 tamb\u00e9m come\u00e7am as movimenta\u00e7\u00f5es nas pistas de acrobacias e os shows nos palcos Tenda Bar e Motor Rock Bar. O tradicional Concurso Garota Motorcycles acontece \u00e0s 18h, no Palco Motorcycles que, a partir das 19h, recebe o Motor Music Fest com Ventania, Last Lover, Paulo Miklos e Bar\u00e3o Vermelho.<\/p>\n<p>No domingo, 05\/05, as atra\u00e7\u00f5es come\u00e7am \u00e0s 11h com shows no Tenda Motor e no Motor Rock Bar e \u00e0s 15h na Pista de Acrobacias.<\/p>\n<p>A programa\u00e7\u00e3o completa est\u00e1 dispon\u00edvel no independentes.com.br\/motorcycles<\/p>\n<p>Ingressos<br \/>\nOs ingressos para o evento est\u00e3o \u00e0 venda pelo site oficial independentes.com.br\/motorcycles. Est\u00e3o dispon\u00edveis pacotes para acesso de motociclistas (entrada com moto) e ingressos di\u00e1rios para pedestres (entrada\u00a0sem\u00a0moto).<\/p>\n","protected":false},"excerpt":{"rendered":"<p>Com atra\u00e7\u00f5es musicais no Palco Motorcycles a partir das 19h,<\/p>\n","protected":false},"author":2,"featured_media":104288,"comment_status":"open","ping_status":"open","sticky":false,"template":"","format":"standard","meta":{"footnotes":""},"categories":[14,3],"tags":[],"class_list":["post-104287","post","type-post","status-publish","format-standard","has-post-thumbnail","hentry","category-barretos","category-geral"],"yoast_head":"<!-- This site is optimized with the Yoast SEO plugin v27.4 - https:\/\/yoast.com\/product\/yoast-seo-wordpress\/ -->\n<title>20 anos do Barretos Motorcycles ter\u00e1 maratona musical no s\u00e1bado, 4 de maio - Regi\u00e3o News<\/title>\n<meta name=\"robots\" content=\"index, follow, max-snippet:-1, max-image-preview:large, max-video-preview:-1\" \/>\n<link rel=\"canonical\" href=\"https:\/\/regiaonews.net.br\/2022\/2024\/04\/29\/20-anos-do-barretos-motorcycles-tera-maratona-musical-no-sabado-4-de-maio\/\" \/>\n<meta property=\"og:locale\" content=\"pt_BR\" \/>\n<meta property=\"og:type\" content=\"article\" \/>\n<meta property=\"og:title\" content=\"20 anos do Barretos Motorcycles ter\u00e1 maratona musical no s\u00e1bado, 4 de maio - Regi\u00e3o News\" \/>\n<meta property=\"og:description\" content=\"Com atra\u00e7\u00f5es musicais no Palco Motorcycles a partir das 19h,\" \/>\n<meta property=\"og:url\" content=\"https:\/\/regiaonews.net.br\/2022\/2024\/04\/29\/20-anos-do-barretos-motorcycles-tera-maratona-musical-no-sabado-4-de-maio\/\" \/>\n<meta property=\"og:site_name\" content=\"Regi\u00e3o News\" \/>\n<meta property=\"article:published_time\" content=\"2024-04-29T16:20:06+00:00\" \/>\n<meta property=\"og:image\" content=\"https:\/\/regiaonews.net.br\/2022\/wp-content\/uploads\/2024\/04\/Imagem-do-WhatsApp-de-2024-04-29-as-12.06.35_a499c1ca.jpg\" \/>\n\t<meta property=\"og:image:width\" content=\"480\" \/>\n\t<meta property=\"og:image:height\" content=\"600\" \/>\n\t<meta property=\"og:image:type\" content=\"image\/jpeg\" \/>\n<meta name=\"author\" content=\"Roberto\" \/>\n<meta name=\"twitter:card\" content=\"summary_large_image\" \/>\n<meta name=\"twitter:label1\" content=\"Escrito por\" \/>\n\t<meta name=\"twitter:data1\" content=\"Roberto\" \/>\n\t<meta name=\"twitter:label2\" content=\"Est. tempo de leitura\" \/>\n\t<meta name=\"twitter:data2\" content=\"3 minutos\" \/>\n<script type=\"application\/ld+json\" class=\"yoast-schema-graph\">{\"@context\":\"https:\\\/\\\/schema.org\",\"@graph\":[{\"@type\":\"Article\",\"@id\":\"https:\\\/\\\/regiaonews.net.br\\\/2022\\\/2024\\\/04\\\/29\\\/20-anos-do-barretos-motorcycles-tera-maratona-musical-no-sabado-4-de-maio\\\/#article\",\"isPartOf\":{\"@id\":\"https:\\\/\\\/regiaonews.net.br\\\/2022\\\/2024\\\/04\\\/29\\\/20-anos-do-barretos-motorcycles-tera-maratona-musical-no-sabado-4-de-maio\\\/\"},\"author\":{\"name\":\"Roberto\",\"@id\":\"https:\\\/\\\/regiaonews.net.br\\\/2022\\\/#\\\/schema\\\/person\\\/2d205a608a5aa97ac279d7a5e6d89ad8\"},\"headline\":\"20 anos do Barretos Motorcycles ter\u00e1 maratona musical no s\u00e1bado, 4 de maio\",\"datePublished\":\"2024-04-29T16:20:06+00:00\",\"mainEntityOfPage\":{\"@id\":\"https:\\\/\\\/regiaonews.net.br\\\/2022\\\/2024\\\/04\\\/29\\\/20-anos-do-barretos-motorcycles-tera-maratona-musical-no-sabado-4-de-maio\\\/\"},\"wordCount\":466,\"commentCount\":0,\"publisher\":{\"@id\":\"https:\\\/\\\/regiaonews.net.br\\\/2022\\\/#organization\"},\"image\":{\"@id\":\"https:\\\/\\\/regiaonews.net.br\\\/2022\\\/2024\\\/04\\\/29\\\/20-anos-do-barretos-motorcycles-tera-maratona-musical-no-sabado-4-de-maio\\\/#primaryimage\"},\"thumbnailUrl\":\"https:\\\/\\\/regiaonews.net.br\\\/2022\\\/wp-content\\\/uploads\\\/2024\\\/04\\\/Imagem-do-WhatsApp-de-2024-04-29-as-12.06.35_a499c1ca.jpg\",\"articleSection\":[\"Barretos\",\"Geral\"],\"inLanguage\":\"pt-BR\",\"potentialAction\":[{\"@type\":\"CommentAction\",\"name\":\"Comment\",\"target\":[\"https:\\\/\\\/regiaonews.net.br\\\/2022\\\/2024\\\/04\\\/29\\\/20-anos-do-barretos-motorcycles-tera-maratona-musical-no-sabado-4-de-maio\\\/#respond\"]}]},{\"@type\":\"WebPage\",\"@id\":\"https:\\\/\\\/regiaonews.net.br\\\/2022\\\/2024\\\/04\\\/29\\\/20-anos-do-barretos-motorcycles-tera-maratona-musical-no-sabado-4-de-maio\\\/\",\"url\":\"https:\\\/\\\/regiaonews.net.br\\\/2022\\\/2024\\\/04\\\/29\\\/20-anos-do-barretos-motorcycles-tera-maratona-musical-no-sabado-4-de-maio\\\/\",\"name\":\"20 anos do Barretos Motorcycles ter\u00e1 maratona musical no s\u00e1bado, 4 de maio - Regi\u00e3o News\",\"isPartOf\":{\"@id\":\"https:\\\/\\\/regiaonews.net.br\\\/2022\\\/#website\"},\"primaryImageOfPage\":{\"@id\":\"https:\\\/\\\/regiaonews.net.br\\\/2022\\\/2024\\\/04\\\/29\\\/20-anos-do-barretos-motorcycles-tera-maratona-musical-no-sabado-4-de-maio\\\/#primaryimage\"},\"image\":{\"@id\":\"https:\\\/\\\/regiaonews.net.br\\\/2022\\\/2024\\\/04\\\/29\\\/20-anos-do-barretos-motorcycles-tera-maratona-musical-no-sabado-4-de-maio\\\/#primaryimage\"},\"thumbnailUrl\":\"https:\\\/\\\/regiaonews.net.br\\\/2022\\\/wp-content\\\/uploads\\\/2024\\\/04\\\/Imagem-do-WhatsApp-de-2024-04-29-as-12.06.35_a499c1ca.jpg\",\"datePublished\":\"2024-04-29T16:20:06+00:00\",\"breadcrumb\":{\"@id\":\"https:\\\/\\\/regiaonews.net.br\\\/2022\\\/2024\\\/04\\\/29\\\/20-anos-do-barretos-motorcycles-tera-maratona-musical-no-sabado-4-de-maio\\\/#breadcrumb\"},\"inLanguage\":\"pt-BR\",\"potentialAction\":[{\"@type\":\"ReadAction\",\"target\":[\"https:\\\/\\\/regiaonews.net.br\\\/2022\\\/2024\\\/04\\\/29\\\/20-anos-do-barretos-motorcycles-tera-maratona-musical-no-sabado-4-de-maio\\\/\"]}]},{\"@type\":\"ImageObject\",\"inLanguage\":\"pt-BR\",\"@id\":\"https:\\\/\\\/regiaonews.net.br\\\/2022\\\/2024\\\/04\\\/29\\\/20-anos-do-barretos-motorcycles-tera-maratona-musical-no-sabado-4-de-maio\\\/#primaryimage\",\"url\":\"https:\\\/\\\/regiaonews.net.br\\\/2022\\\/wp-content\\\/uploads\\\/2024\\\/04\\\/Imagem-do-WhatsApp-de-2024-04-29-as-12.06.35_a499c1ca.jpg\",\"contentUrl\":\"https:\\\/\\\/regiaonews.net.br\\\/2022\\\/wp-content\\\/uploads\\\/2024\\\/04\\\/Imagem-do-WhatsApp-de-2024-04-29-as-12.06.35_a499c1ca.jpg\",\"width\":480,\"height\":600},{\"@type\":\"BreadcrumbList\",\"@id\":\"https:\\\/\\\/regiaonews.net.br\\\/2022\\\/2024\\\/04\\\/29\\\/20-anos-do-barretos-motorcycles-tera-maratona-musical-no-sabado-4-de-maio\\\/#breadcrumb\",\"itemListElement\":[{\"@type\":\"ListItem\",\"position\":1,\"name\":\"In\u00edcio\",\"item\":\"https:\\\/\\\/regiaonews.net.br\\\/2022\\\/\"},{\"@type\":\"ListItem\",\"position\":2,\"name\":\"20 anos do Barretos Motorcycles ter\u00e1 maratona musical no s\u00e1bado, 4 de maio\"}]},{\"@type\":\"WebSite\",\"@id\":\"https:\\\/\\\/regiaonews.net.br\\\/2022\\\/#website\",\"url\":\"https:\\\/\\\/regiaonews.net.br\\\/2022\\\/\",\"name\":\"Regi\u00e3o News\",\"description\":\"Site de Not\u00edcias de Barretos e regi\u00e3o\",\"publisher\":{\"@id\":\"https:\\\/\\\/regiaonews.net.br\\\/2022\\\/#organization\"},\"potentialAction\":[{\"@type\":\"SearchAction\",\"target\":{\"@type\":\"EntryPoint\",\"urlTemplate\":\"https:\\\/\\\/regiaonews.net.br\\\/2022\\\/?s={search_term_string}\"},\"query-input\":{\"@type\":\"PropertyValueSpecification\",\"valueRequired\":true,\"valueName\":\"search_term_string\"}}],\"inLanguage\":\"pt-BR\"},{\"@type\":\"Organization\",\"@id\":\"https:\\\/\\\/regiaonews.net.br\\\/2022\\\/#organization\",\"name\":\"Regi\u00e3o News\",\"url\":\"https:\\\/\\\/regiaonews.net.br\\\/2022\\\/\",\"logo\":{\"@type\":\"ImageObject\",\"inLanguage\":\"pt-BR\",\"@id\":\"https:\\\/\\\/regiaonews.net.br\\\/2022\\\/#\\\/schema\\\/logo\\\/image\\\/\",\"url\":\"https:\\\/\\\/regiaonews.net.br\\\/2022\\\/wp-content\\\/uploads\\\/2026\\\/03\\\/regiao-13-anos-scaled.jpg\",\"contentUrl\":\"https:\\\/\\\/regiaonews.net.br\\\/2022\\\/wp-content\\\/uploads\\\/2026\\\/03\\\/regiao-13-anos-scaled.jpg\",\"width\":2560,\"height\":635,\"caption\":\"Regi\u00e3o News\"},\"image\":{\"@id\":\"https:\\\/\\\/regiaonews.net.br\\\/2022\\\/#\\\/schema\\\/logo\\\/image\\\/\"}},{\"@type\":\"Person\",\"@id\":\"https:\\\/\\\/regiaonews.net.br\\\/2022\\\/#\\\/schema\\\/person\\\/2d205a608a5aa97ac279d7a5e6d89ad8\",\"name\":\"Roberto\",\"image\":{\"@type\":\"ImageObject\",\"inLanguage\":\"pt-BR\",\"@id\":\"https:\\\/\\\/secure.gravatar.com\\\/avatar\\\/42749d8b712ff9d59ca93dc150494e5b55a44134482993f5baeb97e61b7ecc89?s=96&d=mm&r=g\",\"url\":\"https:\\\/\\\/secure.gravatar.com\\\/avatar\\\/42749d8b712ff9d59ca93dc150494e5b55a44134482993f5baeb97e61b7ecc89?s=96&d=mm&r=g\",\"contentUrl\":\"https:\\\/\\\/secure.gravatar.com\\\/avatar\\\/42749d8b712ff9d59ca93dc150494e5b55a44134482993f5baeb97e61b7ecc89?s=96&d=mm&r=g\",\"caption\":\"Roberto\"},\"url\":\"https:\\\/\\\/regiaonews.net.br\\\/2022\\\/author\\\/roberto\\\/\"}]}<\/script>\n<!-- \/ Yoast SEO plugin. -->","yoast_head_json":{"title":"20 anos do Barretos Motorcycles ter\u00e1 maratona musical no s\u00e1bado, 4 de maio - Regi\u00e3o News","robots":{"index":"index","follow":"follow","max-snippet":"max-snippet:-1","max-image-preview":"max-image-preview:large","max-video-preview":"max-video-preview:-1"},"canonical":"https:\/\/regiaonews.net.br\/2022\/2024\/04\/29\/20-anos-do-barretos-motorcycles-tera-maratona-musical-no-sabado-4-de-maio\/","og_locale":"pt_BR","og_type":"article","og_title":"20 anos do Barretos Motorcycles ter\u00e1 maratona musical no s\u00e1bado, 4 de maio - Regi\u00e3o News","og_description":"Com atra\u00e7\u00f5es musicais no Palco Motorcycles a partir das 19h,","og_url":"https:\/\/regiaonews.net.br\/2022\/2024\/04\/29\/20-anos-do-barretos-motorcycles-tera-maratona-musical-no-sabado-4-de-maio\/","og_site_name":"Regi\u00e3o News","article_published_time":"2024-04-29T16:20:06+00:00","og_image":[{"width":480,"height":600,"url":"https:\/\/regiaonews.net.br\/2022\/wp-content\/uploads\/2024\/04\/Imagem-do-WhatsApp-de-2024-04-29-as-12.06.35_a499c1ca.jpg","type":"image\/jpeg"}],"author":"Roberto","twitter_card":"summary_large_image","twitter_misc":{"Escrito por":"Roberto","Est. tempo de leitura":"3 minutos"},"schema":{"@context":"https:\/\/schema.org","@graph":[{"@type":"Article","@id":"https:\/\/regiaonews.net.br\/2022\/2024\/04\/29\/20-anos-do-barretos-motorcycles-tera-maratona-musical-no-sabado-4-de-maio\/#article","isPartOf":{"@id":"https:\/\/regiaonews.net.br\/2022\/2024\/04\/29\/20-anos-do-barretos-motorcycles-tera-maratona-musical-no-sabado-4-de-maio\/"},"author":{"name":"Roberto","@id":"https:\/\/regiaonews.net.br\/2022\/#\/schema\/person\/2d205a608a5aa97ac279d7a5e6d89ad8"},"headline":"20 anos do Barretos Motorcycles ter\u00e1 maratona musical no s\u00e1bado, 4 de maio","datePublished":"2024-04-29T16:20:06+00:00","mainEntityOfPage":{"@id":"https:\/\/regiaonews.net.br\/2022\/2024\/04\/29\/20-anos-do-barretos-motorcycles-tera-maratona-musical-no-sabado-4-de-maio\/"},"wordCount":466,"commentCount":0,"publisher":{"@id":"https:\/\/regiaonews.net.br\/2022\/#organization"},"image":{"@id":"https:\/\/regiaonews.net.br\/2022\/2024\/04\/29\/20-anos-do-barretos-motorcycles-tera-maratona-musical-no-sabado-4-de-maio\/#primaryimage"},"thumbnailUrl":"https:\/\/regiaonews.net.br\/2022\/wp-content\/uploads\/2024\/04\/Imagem-do-WhatsApp-de-2024-04-29-as-12.06.35_a499c1ca.jpg","articleSection":["Barretos","Geral"],"inLanguage":"pt-BR","potentialAction":[{"@type":"CommentAction","name":"Comment","target":["https:\/\/regiaonews.net.br\/2022\/2024\/04\/29\/20-anos-do-barretos-motorcycles-tera-maratona-musical-no-sabado-4-de-maio\/#respond"]}]},{"@type":"WebPage","@id":"https:\/\/regiaonews.net.br\/2022\/2024\/04\/29\/20-anos-do-barretos-motorcycles-tera-maratona-musical-no-sabado-4-de-maio\/","url":"https:\/\/regiaonews.net.br\/2022\/2024\/04\/29\/20-anos-do-barretos-motorcycles-tera-maratona-musical-no-sabado-4-de-maio\/","name":"20 anos do Barretos Motorcycles ter\u00e1 maratona musical no s\u00e1bado, 4 de maio - Regi\u00e3o News","isPartOf":{"@id":"https:\/\/regiaonews.net.br\/2022\/#website"},"primaryImageOfPage":{"@id":"https:\/\/regiaonews.net.br\/2022\/2024\/04\/29\/20-anos-do-barretos-motorcycles-tera-maratona-musical-no-sabado-4-de-maio\/#primaryimage"},"image":{"@id":"https:\/\/regiaonews.net.br\/2022\/2024\/04\/29\/20-anos-do-barretos-motorcycles-tera-maratona-musical-no-sabado-4-de-maio\/#primaryimage"},"thumbnailUrl":"https:\/\/regiaonews.net.br\/2022\/wp-content\/uploads\/2024\/04\/Imagem-do-WhatsApp-de-2024-04-29-as-12.06.35_a499c1ca.jpg","datePublished":"2024-04-29T16:20:06+00:00","breadcrumb":{"@id":"https:\/\/regiaonews.net.br\/2022\/2024\/04\/29\/20-anos-do-barretos-motorcycles-tera-maratona-musical-no-sabado-4-de-maio\/#breadcrumb"},"inLanguage":"pt-BR","potentialAction":[{"@type":"ReadAction","target":["https:\/\/regiaonews.net.br\/2022\/2024\/04\/29\/20-anos-do-barretos-motorcycles-tera-maratona-musical-no-sabado-4-de-maio\/"]}]},{"@type":"ImageObject","inLanguage":"pt-BR","@id":"https:\/\/regiaonews.net.br\/2022\/2024\/04\/29\/20-anos-do-barretos-motorcycles-tera-maratona-musical-no-sabado-4-de-maio\/#primaryimage","url":"https:\/\/regiaonews.net.br\/2022\/wp-content\/uploads\/2024\/04\/Imagem-do-WhatsApp-de-2024-04-29-as-12.06.35_a499c1ca.jpg","contentUrl":"https:\/\/regiaonews.net.br\/2022\/wp-content\/uploads\/2024\/04\/Imagem-do-WhatsApp-de-2024-04-29-as-12.06.35_a499c1ca.jpg","width":480,"height":600},{"@type":"BreadcrumbList","@id":"https:\/\/regiaonews.net.br\/2022\/2024\/04\/29\/20-anos-do-barretos-motorcycles-tera-maratona-musical-no-sabado-4-de-maio\/#breadcrumb","itemListElement":[{"@type":"ListItem","position":1,"name":"In\u00edcio","item":"https:\/\/regiaonews.net.br\/2022\/"},{"@type":"ListItem","position":2,"name":"20 anos do Barretos Motorcycles ter\u00e1 maratona musical no s\u00e1bado, 4 de maio"}]},{"@type":"WebSite","@id":"https:\/\/regiaonews.net.br\/2022\/#website","url":"https:\/\/regiaonews.net.br\/2022\/","name":"Regi\u00e3o News","description":"Site de Not\u00edcias de Barretos e regi\u00e3o","publisher":{"@id":"https:\/\/regiaonews.net.br\/2022\/#organization"},"potentialAction":[{"@type":"SearchAction","target":{"@type":"EntryPoint","urlTemplate":"https:\/\/regiaonews.net.br\/2022\/?s={search_term_string}"},"query-input":{"@type":"PropertyValueSpecification","valueRequired":true,"valueName":"search_term_string"}}],"inLanguage":"pt-BR"},{"@type":"Organization","@id":"https:\/\/regiaonews.net.br\/2022\/#organization","name":"Regi\u00e3o News","url":"https:\/\/regiaonews.net.br\/2022\/","logo":{"@type":"ImageObject","inLanguage":"pt-BR","@id":"https:\/\/regiaonews.net.br\/2022\/#\/schema\/logo\/image\/","url":"https:\/\/regiaonews.net.br\/2022\/wp-content\/uploads\/2026\/03\/regiao-13-anos-scaled.jpg","contentUrl":"https:\/\/regiaonews.net.br\/2022\/wp-content\/uploads\/2026\/03\/regiao-13-anos-scaled.jpg","width":2560,"height":635,"caption":"Regi\u00e3o News"},"image":{"@id":"https:\/\/regiaonews.net.br\/2022\/#\/schema\/logo\/image\/"}},{"@type":"Person","@id":"https:\/\/regiaonews.net.br\/2022\/#\/schema\/person\/2d205a608a5aa97ac279d7a5e6d89ad8","name":"Roberto","image":{"@type":"ImageObject","inLanguage":"pt-BR","@id":"https:\/\/secure.gravatar.com\/avatar\/42749d8b712ff9d59ca93dc150494e5b55a44134482993f5baeb97e61b7ecc89?s=96&d=mm&r=g","url":"https:\/\/secure.gravatar.com\/avatar\/42749d8b712ff9d59ca93dc150494e5b55a44134482993f5baeb97e61b7ecc89?s=96&d=mm&r=g","contentUrl":"https:\/\/secure.gravatar.com\/avatar\/42749d8b712ff9d59ca93dc150494e5b55a44134482993f5baeb97e61b7ecc89?s=96&d=mm&r=g","caption":"Roberto"},"url":"https:\/\/regiaonews.net.br\/2022\/author\/roberto\/"}]}},"publishpress_future_action":{"enabled":false,"date":"2026-05-03 12:52:28","action":"change-status","newStatus":"draft","terms":[],"taxonomy":"category","extraData":[]},"publishpress_future_workflow_manual_trigger":{"enabledWorkflows":[]},"_links":{"self":[{"href":"https:\/\/regiaonews.net.br\/2022\/wp-json\/wp\/v2\/posts\/104287","targetHints":{"allow":["GET"]}}],"collection":[{"href":"https:\/\/regiaonews.net.br\/2022\/wp-json\/wp\/v2\/posts"}],"about":[{"href":"https:\/\/regiaonews.net.br\/2022\/wp-json\/wp\/v2\/types\/post"}],"author":[{"embeddable":true,"href":"https:\/\/regiaonews.net.br\/2022\/wp-json\/wp\/v2\/users\/2"}],"replies":[{"embeddable":true,"href":"https:\/\/regiaonews.net.br\/2022\/wp-json\/wp\/v2\/comments?post=104287"}],"version-history":[{"count":1,"href":"https:\/\/regiaonews.net.br\/2022\/wp-json\/wp\/v2\/posts\/104287\/revisions"}],"predecessor-version":[{"id":104289,"href":"https:\/\/regiaonews.net.br\/2022\/wp-json\/wp\/v2\/posts\/104287\/revisions\/104289"}],"wp:featuredmedia":[{"embeddable":true,"href":"https:\/\/regiaonews.net.br\/2022\/wp-json\/wp\/v2\/media\/104288"}],"wp:attachment":[{"href":"https:\/\/regiaonews.net.br\/2022\/wp-json\/wp\/v2\/media?parent=104287"}],"wp:term":[{"taxonomy":"category","embeddable":true,"href":"https:\/\/regiaonews.net.br\/2022\/wp-json\/wp\/v2\/categories?post=104287"},{"taxonomy":"post_tag","embeddable":true,"href":"https:\/\/regiaonews.net.br\/2022\/wp-json\/wp\/v2\/tags?post=104287"}],"curies":[{"name":"wp","href":"https:\/\/api.w.org\/{rel}","templated":true}]}}