{"id":104275,"date":"2024-04-28T22:44:49","date_gmt":"2024-04-29T01:44:49","guid":{"rendered":"https:\/\/regiaonews.net.br\/2022\/?p=104275"},"modified":"2024-04-29T12:07:30","modified_gmt":"2024-04-29T15:07:30","slug":"mesatenista-conquista-bons-resultados-em-jau-e-rio-preto","status":"publish","type":"post","link":"https:\/\/regiaonews.net.br\/2022\/2024\/04\/28\/mesatenista-conquista-bons-resultados-em-jau-e-rio-preto\/","title":{"rendered":"Mesatenista conquista bons resultados em Ja\u00fa e Rio Preto"},"content":{"rendered":"<p>O atleta barretense Felipe Zatiti,\u00a0 13 anos,\u00a0 que \u00e9 integrante da \u00a0academia Tiger Table T\u00eanis, jogou no s\u00e1bado (27), na cidade de Ja\u00fa, em partida v\u00e1lida pela etapa TMB Regional.\u00a0 Na competi\u00e7\u00e3o, Felipi perdeu nas quartas de finais e ficou em 5\u00ba lugar, e conquistou 30 pontos no Ranking Ol\u00edmpico Brasileiro Sub-15 da Confedera\u00e7\u00e3o Brasileira de T\u00eanis de Mesa. A competi\u00e7\u00e3o ocorreu na Associa\u00e7\u00e3o Jauense de T\u00eanis de Mesa da t\u00e9cnica da Sele\u00e7\u00e3o Paulista, Dani Bassi.<\/p>\n<p>J\u00e1 no domingo (28), Felipe Zatiti, disputou o 8\u00b0 Open da renomada Academia de T\u00eanis de Mesa, New Pong, da cidade de S\u00e3o Jos\u00e9 do Rio Preto. Nesta competi\u00e7\u00e3o, garantiu o 3\u00ba lugar, na categoria infantil Sub-15. \u201cGostaria de parabenizar o meu filho Felipe Zatiti pelas conquistas. Vejo que \u00e9 um atleta que tem\u00a0 amor e dedica\u00e7\u00e3o\u00a0 com o esporte\u201d, afirmou o pai Salom\u00e3o Zatiti que acompanhou o filho nessas competi\u00e7\u00f5es.<\/p>\n<p><strong>\u00a0<\/strong><\/p>\n<p><a href=\"https:\/\/regiaonews.net.br\/2022\/wp-content\/uploads\/2024\/04\/IMG-20240428-WA0286.jpg\"><img loading=\"lazy\" decoding=\"async\" class=\"alignnone size-medium wp-image-104277\" src=\"https:\/\/regiaonews.net.br\/2022\/wp-content\/uploads\/2024\/04\/IMG-20240428-WA0286-300x300.jpg\" alt=\"\" width=\"300\" height=\"300\" srcset=\"https:\/\/regiaonews.net.br\/2022\/wp-content\/uploads\/2024\/04\/IMG-20240428-WA0286-300x300.jpg 300w, https:\/\/regiaonews.net.br\/2022\/wp-content\/uploads\/2024\/04\/IMG-20240428-WA0286-150x150.jpg 150w, https:\/\/regiaonews.net.br\/2022\/wp-content\/uploads\/2024\/04\/IMG-20240428-WA0286-250x250.jpg 250w, https:\/\/regiaonews.net.br\/2022\/wp-content\/uploads\/2024\/04\/IMG-20240428-WA0286.jpg 720w\" sizes=\"auto, (max-width: 300px) 100vw, 300px\" \/><\/a> <a href=\"https:\/\/regiaonews.net.br\/2022\/wp-content\/uploads\/2024\/04\/IMG-20240428-WA0290.jpg\"><img loading=\"lazy\" decoding=\"async\" class=\"alignnone size-medium wp-image-104278\" src=\"https:\/\/regiaonews.net.br\/2022\/wp-content\/uploads\/2024\/04\/IMG-20240428-WA0290-279x300.jpg\" alt=\"\" width=\"279\" height=\"300\" srcset=\"https:\/\/regiaonews.net.br\/2022\/wp-content\/uploads\/2024\/04\/IMG-20240428-WA0290-279x300.jpg 279w, https:\/\/regiaonews.net.br\/2022\/wp-content\/uploads\/2024\/04\/IMG-20240428-WA0290-250x268.jpg 250w, https:\/\/regiaonews.net.br\/2022\/wp-content\/uploads\/2024\/04\/IMG-20240428-WA0290.jpg 434w\" sizes=\"auto, (max-width: 279px) 100vw, 279px\" \/><\/a><\/p>\n<p><a href=\"https:\/\/regiaonews.net.br\/2022\/wp-content\/uploads\/2024\/04\/IMG-20240428-WA0284.jpg\"><img loading=\"lazy\" decoding=\"async\" class=\"alignnone size-medium wp-image-104276\" src=\"https:\/\/regiaonews.net.br\/2022\/wp-content\/uploads\/2024\/04\/IMG-20240428-WA0284-300x300.jpg\" alt=\"\" width=\"300\" height=\"300\" srcset=\"https:\/\/regiaonews.net.br\/2022\/wp-content\/uploads\/2024\/04\/IMG-20240428-WA0284-300x300.jpg 300w, https:\/\/regiaonews.net.br\/2022\/wp-content\/uploads\/2024\/04\/IMG-20240428-WA0284-1024x1024.jpg 1024w, https:\/\/regiaonews.net.br\/2022\/wp-content\/uploads\/2024\/04\/IMG-20240428-WA0284-150x150.jpg 150w, https:\/\/regiaonews.net.br\/2022\/wp-content\/uploads\/2024\/04\/IMG-20240428-WA0284-768x768.jpg 768w, https:\/\/regiaonews.net.br\/2022\/wp-content\/uploads\/2024\/04\/IMG-20240428-WA0284-250x250.jpg 250w, https:\/\/regiaonews.net.br\/2022\/wp-content\/uploads\/2024\/04\/IMG-20240428-WA0284.jpg 1027w\" sizes=\"auto, (max-width: 300px) 100vw, 300px\" \/><\/a><\/p>\n","protected":false},"excerpt":{"rendered":"<p>O atleta barretense Felipe Zatiti,\u00a0 13 anos,\u00a0 que \u00e9 integrante<\/p>\n","protected":false},"author":2,"featured_media":104277,"comment_status":"open","ping_status":"open","sticky":false,"template":"","format":"standard","meta":{"footnotes":""},"categories":[25,21],"tags":[],"class_list":["post-104275","post","type-post","status-publish","format-standard","has-post-thumbnail","hentry","category-cidades","category-esporte"],"yoast_head":"<!-- This site is optimized with the Yoast SEO plugin v27.4 - https:\/\/yoast.com\/product\/yoast-seo-wordpress\/ -->\n<title>Mesatenista conquista bons resultados em Ja\u00fa e Rio Preto - Regi\u00e3o News<\/title>\n<meta name=\"robots\" content=\"index, follow, max-snippet:-1, max-image-preview:large, max-video-preview:-1\" \/>\n<link rel=\"canonical\" href=\"https:\/\/regiaonews.net.br\/2022\/2024\/04\/28\/mesatenista-conquista-bons-resultados-em-jau-e-rio-preto\/\" \/>\n<meta property=\"og:locale\" content=\"pt_BR\" \/>\n<meta property=\"og:type\" content=\"article\" \/>\n<meta property=\"og:title\" content=\"Mesatenista conquista bons resultados em Ja\u00fa e Rio Preto - Regi\u00e3o News\" \/>\n<meta property=\"og:description\" content=\"O atleta barretense Felipe Zatiti,\u00a0 13 anos,\u00a0 que \u00e9 integrante\" \/>\n<meta property=\"og:url\" content=\"https:\/\/regiaonews.net.br\/2022\/2024\/04\/28\/mesatenista-conquista-bons-resultados-em-jau-e-rio-preto\/\" \/>\n<meta property=\"og:site_name\" content=\"Regi\u00e3o News\" \/>\n<meta property=\"article:published_time\" content=\"2024-04-29T01:44:49+00:00\" \/>\n<meta property=\"article:modified_time\" content=\"2024-04-29T15:07:30+00:00\" \/>\n<meta property=\"og:image\" content=\"https:\/\/regiaonews.net.br\/2022\/wp-content\/uploads\/2024\/04\/IMG-20240428-WA0286.jpg\" \/>\n\t<meta property=\"og:image:width\" content=\"720\" \/>\n\t<meta property=\"og:image:height\" content=\"720\" \/>\n\t<meta property=\"og:image:type\" content=\"image\/jpeg\" \/>\n<meta name=\"author\" content=\"Roberto\" \/>\n<meta name=\"twitter:card\" content=\"summary_large_image\" \/>\n<meta name=\"twitter:label1\" content=\"Escrito por\" \/>\n\t<meta name=\"twitter:data1\" content=\"Roberto\" \/>\n\t<meta name=\"twitter:label2\" content=\"Est. tempo de leitura\" \/>\n\t<meta name=\"twitter:data2\" content=\"1 minuto\" \/>\n<script type=\"application\/ld+json\" class=\"yoast-schema-graph\">{\"@context\":\"https:\\\/\\\/schema.org\",\"@graph\":[{\"@type\":\"Article\",\"@id\":\"https:\\\/\\\/regiaonews.net.br\\\/2022\\\/2024\\\/04\\\/28\\\/mesatenista-conquista-bons-resultados-em-jau-e-rio-preto\\\/#article\",\"isPartOf\":{\"@id\":\"https:\\\/\\\/regiaonews.net.br\\\/2022\\\/2024\\\/04\\\/28\\\/mesatenista-conquista-bons-resultados-em-jau-e-rio-preto\\\/\"},\"author\":{\"name\":\"Roberto\",\"@id\":\"https:\\\/\\\/regiaonews.net.br\\\/2022\\\/#\\\/schema\\\/person\\\/2d205a608a5aa97ac279d7a5e6d89ad8\"},\"headline\":\"Mesatenista conquista bons resultados em Ja\u00fa e Rio Preto\",\"datePublished\":\"2024-04-29T01:44:49+00:00\",\"dateModified\":\"2024-04-29T15:07:30+00:00\",\"mainEntityOfPage\":{\"@id\":\"https:\\\/\\\/regiaonews.net.br\\\/2022\\\/2024\\\/04\\\/28\\\/mesatenista-conquista-bons-resultados-em-jau-e-rio-preto\\\/\"},\"wordCount\":165,\"commentCount\":0,\"publisher\":{\"@id\":\"https:\\\/\\\/regiaonews.net.br\\\/2022\\\/#organization\"},\"image\":{\"@id\":\"https:\\\/\\\/regiaonews.net.br\\\/2022\\\/2024\\\/04\\\/28\\\/mesatenista-conquista-bons-resultados-em-jau-e-rio-preto\\\/#primaryimage\"},\"thumbnailUrl\":\"https:\\\/\\\/regiaonews.net.br\\\/2022\\\/wp-content\\\/uploads\\\/2024\\\/04\\\/IMG-20240428-WA0286.jpg\",\"articleSection\":[\"Cidades\",\"Esporte\"],\"inLanguage\":\"pt-BR\",\"potentialAction\":[{\"@type\":\"CommentAction\",\"name\":\"Comment\",\"target\":[\"https:\\\/\\\/regiaonews.net.br\\\/2022\\\/2024\\\/04\\\/28\\\/mesatenista-conquista-bons-resultados-em-jau-e-rio-preto\\\/#respond\"]}]},{\"@type\":\"WebPage\",\"@id\":\"https:\\\/\\\/regiaonews.net.br\\\/2022\\\/2024\\\/04\\\/28\\\/mesatenista-conquista-bons-resultados-em-jau-e-rio-preto\\\/\",\"url\":\"https:\\\/\\\/regiaonews.net.br\\\/2022\\\/2024\\\/04\\\/28\\\/mesatenista-conquista-bons-resultados-em-jau-e-rio-preto\\\/\",\"name\":\"Mesatenista conquista bons resultados em Ja\u00fa e Rio Preto - Regi\u00e3o News\",\"isPartOf\":{\"@id\":\"https:\\\/\\\/regiaonews.net.br\\\/2022\\\/#website\"},\"primaryImageOfPage\":{\"@id\":\"https:\\\/\\\/regiaonews.net.br\\\/2022\\\/2024\\\/04\\\/28\\\/mesatenista-conquista-bons-resultados-em-jau-e-rio-preto\\\/#primaryimage\"},\"image\":{\"@id\":\"https:\\\/\\\/regiaonews.net.br\\\/2022\\\/2024\\\/04\\\/28\\\/mesatenista-conquista-bons-resultados-em-jau-e-rio-preto\\\/#primaryimage\"},\"thumbnailUrl\":\"https:\\\/\\\/regiaonews.net.br\\\/2022\\\/wp-content\\\/uploads\\\/2024\\\/04\\\/IMG-20240428-WA0286.jpg\",\"datePublished\":\"2024-04-29T01:44:49+00:00\",\"dateModified\":\"2024-04-29T15:07:30+00:00\",\"breadcrumb\":{\"@id\":\"https:\\\/\\\/regiaonews.net.br\\\/2022\\\/2024\\\/04\\\/28\\\/mesatenista-conquista-bons-resultados-em-jau-e-rio-preto\\\/#breadcrumb\"},\"inLanguage\":\"pt-BR\",\"potentialAction\":[{\"@type\":\"ReadAction\",\"target\":[\"https:\\\/\\\/regiaonews.net.br\\\/2022\\\/2024\\\/04\\\/28\\\/mesatenista-conquista-bons-resultados-em-jau-e-rio-preto\\\/\"]}]},{\"@type\":\"ImageObject\",\"inLanguage\":\"pt-BR\",\"@id\":\"https:\\\/\\\/regiaonews.net.br\\\/2022\\\/2024\\\/04\\\/28\\\/mesatenista-conquista-bons-resultados-em-jau-e-rio-preto\\\/#primaryimage\",\"url\":\"https:\\\/\\\/regiaonews.net.br\\\/2022\\\/wp-content\\\/uploads\\\/2024\\\/04\\\/IMG-20240428-WA0286.jpg\",\"contentUrl\":\"https:\\\/\\\/regiaonews.net.br\\\/2022\\\/wp-content\\\/uploads\\\/2024\\\/04\\\/IMG-20240428-WA0286.jpg\",\"width\":720,\"height\":720},{\"@type\":\"BreadcrumbList\",\"@id\":\"https:\\\/\\\/regiaonews.net.br\\\/2022\\\/2024\\\/04\\\/28\\\/mesatenista-conquista-bons-resultados-em-jau-e-rio-preto\\\/#breadcrumb\",\"itemListElement\":[{\"@type\":\"ListItem\",\"position\":1,\"name\":\"In\u00edcio\",\"item\":\"https:\\\/\\\/regiaonews.net.br\\\/2022\\\/\"},{\"@type\":\"ListItem\",\"position\":2,\"name\":\"Mesatenista conquista bons resultados em Ja\u00fa e Rio Preto\"}]},{\"@type\":\"WebSite\",\"@id\":\"https:\\\/\\\/regiaonews.net.br\\\/2022\\\/#website\",\"url\":\"https:\\\/\\\/regiaonews.net.br\\\/2022\\\/\",\"name\":\"Regi\u00e3o News\",\"description\":\"Site de Not\u00edcias de Barretos e regi\u00e3o\",\"publisher\":{\"@id\":\"https:\\\/\\\/regiaonews.net.br\\\/2022\\\/#organization\"},\"potentialAction\":[{\"@type\":\"SearchAction\",\"target\":{\"@type\":\"EntryPoint\",\"urlTemplate\":\"https:\\\/\\\/regiaonews.net.br\\\/2022\\\/?s={search_term_string}\"},\"query-input\":{\"@type\":\"PropertyValueSpecification\",\"valueRequired\":true,\"valueName\":\"search_term_string\"}}],\"inLanguage\":\"pt-BR\"},{\"@type\":\"Organization\",\"@id\":\"https:\\\/\\\/regiaonews.net.br\\\/2022\\\/#organization\",\"name\":\"Regi\u00e3o News\",\"url\":\"https:\\\/\\\/regiaonews.net.br\\\/2022\\\/\",\"logo\":{\"@type\":\"ImageObject\",\"inLanguage\":\"pt-BR\",\"@id\":\"https:\\\/\\\/regiaonews.net.br\\\/2022\\\/#\\\/schema\\\/logo\\\/image\\\/\",\"url\":\"https:\\\/\\\/regiaonews.net.br\\\/2022\\\/wp-content\\\/uploads\\\/2026\\\/03\\\/regiao-13-anos-scaled.jpg\",\"contentUrl\":\"https:\\\/\\\/regiaonews.net.br\\\/2022\\\/wp-content\\\/uploads\\\/2026\\\/03\\\/regiao-13-anos-scaled.jpg\",\"width\":2560,\"height\":635,\"caption\":\"Regi\u00e3o News\"},\"image\":{\"@id\":\"https:\\\/\\\/regiaonews.net.br\\\/2022\\\/#\\\/schema\\\/logo\\\/image\\\/\"}},{\"@type\":\"Person\",\"@id\":\"https:\\\/\\\/regiaonews.net.br\\\/2022\\\/#\\\/schema\\\/person\\\/2d205a608a5aa97ac279d7a5e6d89ad8\",\"name\":\"Roberto\",\"image\":{\"@type\":\"ImageObject\",\"inLanguage\":\"pt-BR\",\"@id\":\"https:\\\/\\\/secure.gravatar.com\\\/avatar\\\/42749d8b712ff9d59ca93dc150494e5b55a44134482993f5baeb97e61b7ecc89?s=96&d=mm&r=g\",\"url\":\"https:\\\/\\\/secure.gravatar.com\\\/avatar\\\/42749d8b712ff9d59ca93dc150494e5b55a44134482993f5baeb97e61b7ecc89?s=96&d=mm&r=g\",\"contentUrl\":\"https:\\\/\\\/secure.gravatar.com\\\/avatar\\\/42749d8b712ff9d59ca93dc150494e5b55a44134482993f5baeb97e61b7ecc89?s=96&d=mm&r=g\",\"caption\":\"Roberto\"},\"url\":\"https:\\\/\\\/regiaonews.net.br\\\/2022\\\/author\\\/roberto\\\/\"}]}<\/script>\n<!-- \/ Yoast SEO plugin. -->","yoast_head_json":{"title":"Mesatenista conquista bons resultados em Ja\u00fa e Rio Preto - Regi\u00e3o News","robots":{"index":"index","follow":"follow","max-snippet":"max-snippet:-1","max-image-preview":"max-image-preview:large","max-video-preview":"max-video-preview:-1"},"canonical":"https:\/\/regiaonews.net.br\/2022\/2024\/04\/28\/mesatenista-conquista-bons-resultados-em-jau-e-rio-preto\/","og_locale":"pt_BR","og_type":"article","og_title":"Mesatenista conquista bons resultados em Ja\u00fa e Rio Preto - Regi\u00e3o News","og_description":"O atleta barretense Felipe Zatiti,\u00a0 13 anos,\u00a0 que \u00e9 integrante","og_url":"https:\/\/regiaonews.net.br\/2022\/2024\/04\/28\/mesatenista-conquista-bons-resultados-em-jau-e-rio-preto\/","og_site_name":"Regi\u00e3o News","article_published_time":"2024-04-29T01:44:49+00:00","article_modified_time":"2024-04-29T15:07:30+00:00","og_image":[{"width":720,"height":720,"url":"https:\/\/regiaonews.net.br\/2022\/wp-content\/uploads\/2024\/04\/IMG-20240428-WA0286.jpg","type":"image\/jpeg"}],"author":"Roberto","twitter_card":"summary_large_image","twitter_misc":{"Escrito por":"Roberto","Est. tempo de leitura":"1 minuto"},"schema":{"@context":"https:\/\/schema.org","@graph":[{"@type":"Article","@id":"https:\/\/regiaonews.net.br\/2022\/2024\/04\/28\/mesatenista-conquista-bons-resultados-em-jau-e-rio-preto\/#article","isPartOf":{"@id":"https:\/\/regiaonews.net.br\/2022\/2024\/04\/28\/mesatenista-conquista-bons-resultados-em-jau-e-rio-preto\/"},"author":{"name":"Roberto","@id":"https:\/\/regiaonews.net.br\/2022\/#\/schema\/person\/2d205a608a5aa97ac279d7a5e6d89ad8"},"headline":"Mesatenista conquista bons resultados em Ja\u00fa e Rio Preto","datePublished":"2024-04-29T01:44:49+00:00","dateModified":"2024-04-29T15:07:30+00:00","mainEntityOfPage":{"@id":"https:\/\/regiaonews.net.br\/2022\/2024\/04\/28\/mesatenista-conquista-bons-resultados-em-jau-e-rio-preto\/"},"wordCount":165,"commentCount":0,"publisher":{"@id":"https:\/\/regiaonews.net.br\/2022\/#organization"},"image":{"@id":"https:\/\/regiaonews.net.br\/2022\/2024\/04\/28\/mesatenista-conquista-bons-resultados-em-jau-e-rio-preto\/#primaryimage"},"thumbnailUrl":"https:\/\/regiaonews.net.br\/2022\/wp-content\/uploads\/2024\/04\/IMG-20240428-WA0286.jpg","articleSection":["Cidades","Esporte"],"inLanguage":"pt-BR","potentialAction":[{"@type":"CommentAction","name":"Comment","target":["https:\/\/regiaonews.net.br\/2022\/2024\/04\/28\/mesatenista-conquista-bons-resultados-em-jau-e-rio-preto\/#respond"]}]},{"@type":"WebPage","@id":"https:\/\/regiaonews.net.br\/2022\/2024\/04\/28\/mesatenista-conquista-bons-resultados-em-jau-e-rio-preto\/","url":"https:\/\/regiaonews.net.br\/2022\/2024\/04\/28\/mesatenista-conquista-bons-resultados-em-jau-e-rio-preto\/","name":"Mesatenista conquista bons resultados em Ja\u00fa e Rio Preto - Regi\u00e3o News","isPartOf":{"@id":"https:\/\/regiaonews.net.br\/2022\/#website"},"primaryImageOfPage":{"@id":"https:\/\/regiaonews.net.br\/2022\/2024\/04\/28\/mesatenista-conquista-bons-resultados-em-jau-e-rio-preto\/#primaryimage"},"image":{"@id":"https:\/\/regiaonews.net.br\/2022\/2024\/04\/28\/mesatenista-conquista-bons-resultados-em-jau-e-rio-preto\/#primaryimage"},"thumbnailUrl":"https:\/\/regiaonews.net.br\/2022\/wp-content\/uploads\/2024\/04\/IMG-20240428-WA0286.jpg","datePublished":"2024-04-29T01:44:49+00:00","dateModified":"2024-04-29T15:07:30+00:00","breadcrumb":{"@id":"https:\/\/regiaonews.net.br\/2022\/2024\/04\/28\/mesatenista-conquista-bons-resultados-em-jau-e-rio-preto\/#breadcrumb"},"inLanguage":"pt-BR","potentialAction":[{"@type":"ReadAction","target":["https:\/\/regiaonews.net.br\/2022\/2024\/04\/28\/mesatenista-conquista-bons-resultados-em-jau-e-rio-preto\/"]}]},{"@type":"ImageObject","inLanguage":"pt-BR","@id":"https:\/\/regiaonews.net.br\/2022\/2024\/04\/28\/mesatenista-conquista-bons-resultados-em-jau-e-rio-preto\/#primaryimage","url":"https:\/\/regiaonews.net.br\/2022\/wp-content\/uploads\/2024\/04\/IMG-20240428-WA0286.jpg","contentUrl":"https:\/\/regiaonews.net.br\/2022\/wp-content\/uploads\/2024\/04\/IMG-20240428-WA0286.jpg","width":720,"height":720},{"@type":"BreadcrumbList","@id":"https:\/\/regiaonews.net.br\/2022\/2024\/04\/28\/mesatenista-conquista-bons-resultados-em-jau-e-rio-preto\/#breadcrumb","itemListElement":[{"@type":"ListItem","position":1,"name":"In\u00edcio","item":"https:\/\/regiaonews.net.br\/2022\/"},{"@type":"ListItem","position":2,"name":"Mesatenista conquista bons resultados em Ja\u00fa e Rio Preto"}]},{"@type":"WebSite","@id":"https:\/\/regiaonews.net.br\/2022\/#website","url":"https:\/\/regiaonews.net.br\/2022\/","name":"Regi\u00e3o News","description":"Site de Not\u00edcias de Barretos e regi\u00e3o","publisher":{"@id":"https:\/\/regiaonews.net.br\/2022\/#organization"},"potentialAction":[{"@type":"SearchAction","target":{"@type":"EntryPoint","urlTemplate":"https:\/\/regiaonews.net.br\/2022\/?s={search_term_string}"},"query-input":{"@type":"PropertyValueSpecification","valueRequired":true,"valueName":"search_term_string"}}],"inLanguage":"pt-BR"},{"@type":"Organization","@id":"https:\/\/regiaonews.net.br\/2022\/#organization","name":"Regi\u00e3o News","url":"https:\/\/regiaonews.net.br\/2022\/","logo":{"@type":"ImageObject","inLanguage":"pt-BR","@id":"https:\/\/regiaonews.net.br\/2022\/#\/schema\/logo\/image\/","url":"https:\/\/regiaonews.net.br\/2022\/wp-content\/uploads\/2026\/03\/regiao-13-anos-scaled.jpg","contentUrl":"https:\/\/regiaonews.net.br\/2022\/wp-content\/uploads\/2026\/03\/regiao-13-anos-scaled.jpg","width":2560,"height":635,"caption":"Regi\u00e3o News"},"image":{"@id":"https:\/\/regiaonews.net.br\/2022\/#\/schema\/logo\/image\/"}},{"@type":"Person","@id":"https:\/\/regiaonews.net.br\/2022\/#\/schema\/person\/2d205a608a5aa97ac279d7a5e6d89ad8","name":"Roberto","image":{"@type":"ImageObject","inLanguage":"pt-BR","@id":"https:\/\/secure.gravatar.com\/avatar\/42749d8b712ff9d59ca93dc150494e5b55a44134482993f5baeb97e61b7ecc89?s=96&d=mm&r=g","url":"https:\/\/secure.gravatar.com\/avatar\/42749d8b712ff9d59ca93dc150494e5b55a44134482993f5baeb97e61b7ecc89?s=96&d=mm&r=g","contentUrl":"https:\/\/secure.gravatar.com\/avatar\/42749d8b712ff9d59ca93dc150494e5b55a44134482993f5baeb97e61b7ecc89?s=96&d=mm&r=g","caption":"Roberto"},"url":"https:\/\/regiaonews.net.br\/2022\/author\/roberto\/"}]}},"publishpress_future_action":{"enabled":false,"date":"2026-05-03 10:53:36","action":"change-status","newStatus":"draft","terms":[],"taxonomy":"category","extraData":[]},"publishpress_future_workflow_manual_trigger":{"enabledWorkflows":[]},"_links":{"self":[{"href":"https:\/\/regiaonews.net.br\/2022\/wp-json\/wp\/v2\/posts\/104275","targetHints":{"allow":["GET"]}}],"collection":[{"href":"https:\/\/regiaonews.net.br\/2022\/wp-json\/wp\/v2\/posts"}],"about":[{"href":"https:\/\/regiaonews.net.br\/2022\/wp-json\/wp\/v2\/types\/post"}],"author":[{"embeddable":true,"href":"https:\/\/regiaonews.net.br\/2022\/wp-json\/wp\/v2\/users\/2"}],"replies":[{"embeddable":true,"href":"https:\/\/regiaonews.net.br\/2022\/wp-json\/wp\/v2\/comments?post=104275"}],"version-history":[{"count":4,"href":"https:\/\/regiaonews.net.br\/2022\/wp-json\/wp\/v2\/posts\/104275\/revisions"}],"predecessor-version":[{"id":104286,"href":"https:\/\/regiaonews.net.br\/2022\/wp-json\/wp\/v2\/posts\/104275\/revisions\/104286"}],"wp:featuredmedia":[{"embeddable":true,"href":"https:\/\/regiaonews.net.br\/2022\/wp-json\/wp\/v2\/media\/104277"}],"wp:attachment":[{"href":"https:\/\/regiaonews.net.br\/2022\/wp-json\/wp\/v2\/media?parent=104275"}],"wp:term":[{"taxonomy":"category","embeddable":true,"href":"https:\/\/regiaonews.net.br\/2022\/wp-json\/wp\/v2\/categories?post=104275"},{"taxonomy":"post_tag","embeddable":true,"href":"https:\/\/regiaonews.net.br\/2022\/wp-json\/wp\/v2\/tags?post=104275"}],"curies":[{"name":"wp","href":"https:\/\/api.w.org\/{rel}","templated":true}]}}