{"id":104231,"date":"2024-04-27T14:32:56","date_gmt":"2024-04-27T17:32:56","guid":{"rendered":"https:\/\/regiaonews.net.br\/2022\/?p=104231"},"modified":"2024-04-27T14:32:56","modified_gmt":"2024-04-27T17:32:56","slug":"secretaria-confirma-que-criancas-lideram-atendimento-na-saude-e-orienta-sobre-vacinacao","status":"publish","type":"post","link":"https:\/\/regiaonews.net.br\/2022\/2024\/04\/27\/secretaria-confirma-que-criancas-lideram-atendimento-na-saude-e-orienta-sobre-vacinacao\/","title":{"rendered":"Secret\u00e1ria confirma que crian\u00e7as lideram atendimento na sa\u00fade e orienta sobre vacina\u00e7\u00e3o"},"content":{"rendered":"<p>&nbsp;<\/p>\n<p>Foto \u2013 Gra\u00e7a apresentando os n\u00fameros da sa\u00fade em Barretos<br \/>\nFoto \u2013 Roberto Jos\u00e9<\/p>\n<p>A secret\u00e1ria de Sa\u00fade, Gra\u00e7a Lemos, acompanhada de v\u00e1rios profissionais que atuam na pasta, concedeu entrevista coletiva na tarde de ontem, para apresentar n\u00fameros da sa\u00fade em Barretos de janeiro a at\u00e9 este m\u00eas de abril. Durante a entrevista, um dos pontos que a secret\u00e1ria chamou a aten\u00e7\u00e3o, foi para o baixo \u00edndice de vacina\u00e7\u00e3o contra a gripe, principalmente nas crian\u00e7as, que do universo de mais de 7 mil crian\u00e7as, apenas 19% foram vacinadas, \u00edndice bem abaixo do preconizado que \u00e9 de 90% de cobertura.<br \/>\nSegundo Gra\u00e7a, o que percebemos \u00e9 que a lideran\u00e7a nos atendimentos de doen\u00e7as respirat\u00f3rias na UPA e nas Unidades B\u00e1sicas de Sa\u00fade s\u00e3o de crian\u00e7as, principalmente no per\u00edodo noturno, devido principalmente a esta falta de vacina\u00e7\u00e3o. \u201cHoje os nossos maiores \u00edndices s\u00e3o as doen\u00e7as respirat\u00f3rias em crian\u00e7as e estamos s\u00f3 19% de crian\u00e7as vacinadas. E isso tem se agravado muito nos problemas respirat\u00f3rias das crian\u00e7as, que tem se agravado e at\u00e9 gerando interna\u00e7\u00f5es, de crian\u00e7as que n\u00e3o foram vacinadas\u201d, afirmou Gra\u00e7a.<br \/>\nPara suprir desafogar a UPA e ampliar a demanda de atendimento nos Postinhos do Mar\u00edlia e Barretos 2 est\u00e3o sendo colocados mais um m\u00e9dico, inclusive no per\u00edodo noturno para atender a popula\u00e7\u00e3o at\u00e9 \u00e0s 22h. \u201cOs pais que trabalham tamb\u00e9m poder\u00e3o levar seus filhos para serem vacinados no per\u00edodo noturno. Estamos realizando campanhas nas escolas, como ocorreu nesta sexta-feira na Escola Municipal Matilde Gitay de Mello. Se a gente tem a vacina, o m\u00ednimo que podemos fazer \u00e9 levar a crian\u00e7a para ser vacinada\u201d, ressaltou a secret\u00e1ria.<br \/>\nNa coletiva, foram abordados ainda temas como o combate ao mosquito Aedes Aegypti que ainda est\u00e3o sendo encontrados muito materiais inserv\u00edveis, a distribui\u00e7\u00e3o de medicamentos da farm\u00e1cia de alto custo que ser\u00e1 levada tamb\u00e9m as Unidades de Sa\u00fade, contrata\u00e7\u00e3o de novos profissionais da sa\u00fade com processo seletivo que ser\u00e1 lan\u00e7ado em breve e aquisi\u00e7\u00e3o de 11 novos ve\u00edculos para a sa\u00fade.<\/p>\n","protected":false},"excerpt":{"rendered":"<p>&nbsp; Foto \u2013 Gra\u00e7a apresentando os n\u00fameros da sa\u00fade em<\/p>\n","protected":false},"author":2,"featured_media":104233,"comment_status":"open","ping_status":"open","sticky":false,"template":"","format":"standard","meta":{"footnotes":""},"categories":[14,25],"tags":[],"class_list":["post-104231","post","type-post","status-publish","format-standard","has-post-thumbnail","hentry","category-barretos","category-cidades"],"yoast_head":"<!-- This site is optimized with the Yoast SEO plugin v27.4 - https:\/\/yoast.com\/product\/yoast-seo-wordpress\/ -->\n<title>Secret\u00e1ria confirma que crian\u00e7as lideram atendimento na sa\u00fade e orienta sobre vacina\u00e7\u00e3o - Regi\u00e3o News<\/title>\n<meta name=\"robots\" content=\"index, follow, max-snippet:-1, max-image-preview:large, max-video-preview:-1\" \/>\n<link rel=\"canonical\" href=\"https:\/\/regiaonews.net.br\/2022\/2024\/04\/27\/secretaria-confirma-que-criancas-lideram-atendimento-na-saude-e-orienta-sobre-vacinacao\/\" \/>\n<meta property=\"og:locale\" content=\"pt_BR\" \/>\n<meta property=\"og:type\" content=\"article\" \/>\n<meta property=\"og:title\" content=\"Secret\u00e1ria confirma que crian\u00e7as lideram atendimento na sa\u00fade e orienta sobre vacina\u00e7\u00e3o - Regi\u00e3o News\" \/>\n<meta property=\"og:description\" content=\"&nbsp; Foto \u2013 Gra\u00e7a apresentando os n\u00fameros da sa\u00fade em\" \/>\n<meta property=\"og:url\" content=\"https:\/\/regiaonews.net.br\/2022\/2024\/04\/27\/secretaria-confirma-que-criancas-lideram-atendimento-na-saude-e-orienta-sobre-vacinacao\/\" \/>\n<meta property=\"og:site_name\" content=\"Regi\u00e3o News\" \/>\n<meta property=\"article:published_time\" content=\"2024-04-27T17:32:56+00:00\" \/>\n<meta property=\"og:image\" content=\"https:\/\/regiaonews.net.br\/2022\/wp-content\/uploads\/2024\/04\/WhatsApp-Image-2024-04-27-at-09.28.05.jpeg\" \/>\n\t<meta property=\"og:image:width\" content=\"1600\" \/>\n\t<meta property=\"og:image:height\" content=\"1200\" \/>\n\t<meta property=\"og:image:type\" content=\"image\/jpeg\" \/>\n<meta name=\"author\" content=\"Roberto\" \/>\n<meta name=\"twitter:card\" content=\"summary_large_image\" \/>\n<meta name=\"twitter:label1\" content=\"Escrito por\" \/>\n\t<meta name=\"twitter:data1\" content=\"Roberto\" \/>\n\t<meta name=\"twitter:label2\" content=\"Est. tempo de leitura\" \/>\n\t<meta name=\"twitter:data2\" content=\"3 minutos\" \/>\n<script type=\"application\/ld+json\" class=\"yoast-schema-graph\">{\"@context\":\"https:\\\/\\\/schema.org\",\"@graph\":[{\"@type\":\"Article\",\"@id\":\"https:\\\/\\\/regiaonews.net.br\\\/2022\\\/2024\\\/04\\\/27\\\/secretaria-confirma-que-criancas-lideram-atendimento-na-saude-e-orienta-sobre-vacinacao\\\/#article\",\"isPartOf\":{\"@id\":\"https:\\\/\\\/regiaonews.net.br\\\/2022\\\/2024\\\/04\\\/27\\\/secretaria-confirma-que-criancas-lideram-atendimento-na-saude-e-orienta-sobre-vacinacao\\\/\"},\"author\":{\"name\":\"Roberto\",\"@id\":\"https:\\\/\\\/regiaonews.net.br\\\/2022\\\/#\\\/schema\\\/person\\\/2d205a608a5aa97ac279d7a5e6d89ad8\"},\"headline\":\"Secret\u00e1ria confirma que crian\u00e7as lideram atendimento na sa\u00fade e orienta sobre vacina\u00e7\u00e3o\",\"datePublished\":\"2024-04-27T17:32:56+00:00\",\"mainEntityOfPage\":{\"@id\":\"https:\\\/\\\/regiaonews.net.br\\\/2022\\\/2024\\\/04\\\/27\\\/secretaria-confirma-que-criancas-lideram-atendimento-na-saude-e-orienta-sobre-vacinacao\\\/\"},\"wordCount\":393,\"commentCount\":0,\"publisher\":{\"@id\":\"https:\\\/\\\/regiaonews.net.br\\\/2022\\\/#organization\"},\"image\":{\"@id\":\"https:\\\/\\\/regiaonews.net.br\\\/2022\\\/2024\\\/04\\\/27\\\/secretaria-confirma-que-criancas-lideram-atendimento-na-saude-e-orienta-sobre-vacinacao\\\/#primaryimage\"},\"thumbnailUrl\":\"https:\\\/\\\/regiaonews.net.br\\\/2022\\\/wp-content\\\/uploads\\\/2024\\\/04\\\/WhatsApp-Image-2024-04-27-at-09.28.05.jpeg\",\"articleSection\":[\"Barretos\",\"Cidades\"],\"inLanguage\":\"pt-BR\",\"potentialAction\":[{\"@type\":\"CommentAction\",\"name\":\"Comment\",\"target\":[\"https:\\\/\\\/regiaonews.net.br\\\/2022\\\/2024\\\/04\\\/27\\\/secretaria-confirma-que-criancas-lideram-atendimento-na-saude-e-orienta-sobre-vacinacao\\\/#respond\"]}]},{\"@type\":\"WebPage\",\"@id\":\"https:\\\/\\\/regiaonews.net.br\\\/2022\\\/2024\\\/04\\\/27\\\/secretaria-confirma-que-criancas-lideram-atendimento-na-saude-e-orienta-sobre-vacinacao\\\/\",\"url\":\"https:\\\/\\\/regiaonews.net.br\\\/2022\\\/2024\\\/04\\\/27\\\/secretaria-confirma-que-criancas-lideram-atendimento-na-saude-e-orienta-sobre-vacinacao\\\/\",\"name\":\"Secret\u00e1ria confirma que crian\u00e7as lideram atendimento na sa\u00fade e orienta sobre vacina\u00e7\u00e3o - Regi\u00e3o News\",\"isPartOf\":{\"@id\":\"https:\\\/\\\/regiaonews.net.br\\\/2022\\\/#website\"},\"primaryImageOfPage\":{\"@id\":\"https:\\\/\\\/regiaonews.net.br\\\/2022\\\/2024\\\/04\\\/27\\\/secretaria-confirma-que-criancas-lideram-atendimento-na-saude-e-orienta-sobre-vacinacao\\\/#primaryimage\"},\"image\":{\"@id\":\"https:\\\/\\\/regiaonews.net.br\\\/2022\\\/2024\\\/04\\\/27\\\/secretaria-confirma-que-criancas-lideram-atendimento-na-saude-e-orienta-sobre-vacinacao\\\/#primaryimage\"},\"thumbnailUrl\":\"https:\\\/\\\/regiaonews.net.br\\\/2022\\\/wp-content\\\/uploads\\\/2024\\\/04\\\/WhatsApp-Image-2024-04-27-at-09.28.05.jpeg\",\"datePublished\":\"2024-04-27T17:32:56+00:00\",\"breadcrumb\":{\"@id\":\"https:\\\/\\\/regiaonews.net.br\\\/2022\\\/2024\\\/04\\\/27\\\/secretaria-confirma-que-criancas-lideram-atendimento-na-saude-e-orienta-sobre-vacinacao\\\/#breadcrumb\"},\"inLanguage\":\"pt-BR\",\"potentialAction\":[{\"@type\":\"ReadAction\",\"target\":[\"https:\\\/\\\/regiaonews.net.br\\\/2022\\\/2024\\\/04\\\/27\\\/secretaria-confirma-que-criancas-lideram-atendimento-na-saude-e-orienta-sobre-vacinacao\\\/\"]}]},{\"@type\":\"ImageObject\",\"inLanguage\":\"pt-BR\",\"@id\":\"https:\\\/\\\/regiaonews.net.br\\\/2022\\\/2024\\\/04\\\/27\\\/secretaria-confirma-que-criancas-lideram-atendimento-na-saude-e-orienta-sobre-vacinacao\\\/#primaryimage\",\"url\":\"https:\\\/\\\/regiaonews.net.br\\\/2022\\\/wp-content\\\/uploads\\\/2024\\\/04\\\/WhatsApp-Image-2024-04-27-at-09.28.05.jpeg\",\"contentUrl\":\"https:\\\/\\\/regiaonews.net.br\\\/2022\\\/wp-content\\\/uploads\\\/2024\\\/04\\\/WhatsApp-Image-2024-04-27-at-09.28.05.jpeg\",\"width\":1600,\"height\":1200},{\"@type\":\"BreadcrumbList\",\"@id\":\"https:\\\/\\\/regiaonews.net.br\\\/2022\\\/2024\\\/04\\\/27\\\/secretaria-confirma-que-criancas-lideram-atendimento-na-saude-e-orienta-sobre-vacinacao\\\/#breadcrumb\",\"itemListElement\":[{\"@type\":\"ListItem\",\"position\":1,\"name\":\"In\u00edcio\",\"item\":\"https:\\\/\\\/regiaonews.net.br\\\/2022\\\/\"},{\"@type\":\"ListItem\",\"position\":2,\"name\":\"Secret\u00e1ria confirma que crian\u00e7as lideram atendimento na sa\u00fade e orienta sobre vacina\u00e7\u00e3o\"}]},{\"@type\":\"WebSite\",\"@id\":\"https:\\\/\\\/regiaonews.net.br\\\/2022\\\/#website\",\"url\":\"https:\\\/\\\/regiaonews.net.br\\\/2022\\\/\",\"name\":\"Regi\u00e3o News\",\"description\":\"Site de Not\u00edcias de Barretos e regi\u00e3o\",\"publisher\":{\"@id\":\"https:\\\/\\\/regiaonews.net.br\\\/2022\\\/#organization\"},\"potentialAction\":[{\"@type\":\"SearchAction\",\"target\":{\"@type\":\"EntryPoint\",\"urlTemplate\":\"https:\\\/\\\/regiaonews.net.br\\\/2022\\\/?s={search_term_string}\"},\"query-input\":{\"@type\":\"PropertyValueSpecification\",\"valueRequired\":true,\"valueName\":\"search_term_string\"}}],\"inLanguage\":\"pt-BR\"},{\"@type\":\"Organization\",\"@id\":\"https:\\\/\\\/regiaonews.net.br\\\/2022\\\/#organization\",\"name\":\"Regi\u00e3o News\",\"url\":\"https:\\\/\\\/regiaonews.net.br\\\/2022\\\/\",\"logo\":{\"@type\":\"ImageObject\",\"inLanguage\":\"pt-BR\",\"@id\":\"https:\\\/\\\/regiaonews.net.br\\\/2022\\\/#\\\/schema\\\/logo\\\/image\\\/\",\"url\":\"https:\\\/\\\/regiaonews.net.br\\\/2022\\\/wp-content\\\/uploads\\\/2026\\\/03\\\/regiao-13-anos-scaled.jpg\",\"contentUrl\":\"https:\\\/\\\/regiaonews.net.br\\\/2022\\\/wp-content\\\/uploads\\\/2026\\\/03\\\/regiao-13-anos-scaled.jpg\",\"width\":2560,\"height\":635,\"caption\":\"Regi\u00e3o News\"},\"image\":{\"@id\":\"https:\\\/\\\/regiaonews.net.br\\\/2022\\\/#\\\/schema\\\/logo\\\/image\\\/\"}},{\"@type\":\"Person\",\"@id\":\"https:\\\/\\\/regiaonews.net.br\\\/2022\\\/#\\\/schema\\\/person\\\/2d205a608a5aa97ac279d7a5e6d89ad8\",\"name\":\"Roberto\",\"image\":{\"@type\":\"ImageObject\",\"inLanguage\":\"pt-BR\",\"@id\":\"https:\\\/\\\/secure.gravatar.com\\\/avatar\\\/42749d8b712ff9d59ca93dc150494e5b55a44134482993f5baeb97e61b7ecc89?s=96&d=mm&r=g\",\"url\":\"https:\\\/\\\/secure.gravatar.com\\\/avatar\\\/42749d8b712ff9d59ca93dc150494e5b55a44134482993f5baeb97e61b7ecc89?s=96&d=mm&r=g\",\"contentUrl\":\"https:\\\/\\\/secure.gravatar.com\\\/avatar\\\/42749d8b712ff9d59ca93dc150494e5b55a44134482993f5baeb97e61b7ecc89?s=96&d=mm&r=g\",\"caption\":\"Roberto\"},\"url\":\"https:\\\/\\\/regiaonews.net.br\\\/2022\\\/author\\\/roberto\\\/\"}]}<\/script>\n<!-- \/ Yoast SEO plugin. -->","yoast_head_json":{"title":"Secret\u00e1ria confirma que crian\u00e7as lideram atendimento na sa\u00fade e orienta sobre vacina\u00e7\u00e3o - Regi\u00e3o News","robots":{"index":"index","follow":"follow","max-snippet":"max-snippet:-1","max-image-preview":"max-image-preview:large","max-video-preview":"max-video-preview:-1"},"canonical":"https:\/\/regiaonews.net.br\/2022\/2024\/04\/27\/secretaria-confirma-que-criancas-lideram-atendimento-na-saude-e-orienta-sobre-vacinacao\/","og_locale":"pt_BR","og_type":"article","og_title":"Secret\u00e1ria confirma que crian\u00e7as lideram atendimento na sa\u00fade e orienta sobre vacina\u00e7\u00e3o - Regi\u00e3o News","og_description":"&nbsp; Foto \u2013 Gra\u00e7a apresentando os n\u00fameros da sa\u00fade em","og_url":"https:\/\/regiaonews.net.br\/2022\/2024\/04\/27\/secretaria-confirma-que-criancas-lideram-atendimento-na-saude-e-orienta-sobre-vacinacao\/","og_site_name":"Regi\u00e3o News","article_published_time":"2024-04-27T17:32:56+00:00","og_image":[{"width":1600,"height":1200,"url":"https:\/\/regiaonews.net.br\/2022\/wp-content\/uploads\/2024\/04\/WhatsApp-Image-2024-04-27-at-09.28.05.jpeg","type":"image\/jpeg"}],"author":"Roberto","twitter_card":"summary_large_image","twitter_misc":{"Escrito por":"Roberto","Est. tempo de leitura":"3 minutos"},"schema":{"@context":"https:\/\/schema.org","@graph":[{"@type":"Article","@id":"https:\/\/regiaonews.net.br\/2022\/2024\/04\/27\/secretaria-confirma-que-criancas-lideram-atendimento-na-saude-e-orienta-sobre-vacinacao\/#article","isPartOf":{"@id":"https:\/\/regiaonews.net.br\/2022\/2024\/04\/27\/secretaria-confirma-que-criancas-lideram-atendimento-na-saude-e-orienta-sobre-vacinacao\/"},"author":{"name":"Roberto","@id":"https:\/\/regiaonews.net.br\/2022\/#\/schema\/person\/2d205a608a5aa97ac279d7a5e6d89ad8"},"headline":"Secret\u00e1ria confirma que crian\u00e7as lideram atendimento na sa\u00fade e orienta sobre vacina\u00e7\u00e3o","datePublished":"2024-04-27T17:32:56+00:00","mainEntityOfPage":{"@id":"https:\/\/regiaonews.net.br\/2022\/2024\/04\/27\/secretaria-confirma-que-criancas-lideram-atendimento-na-saude-e-orienta-sobre-vacinacao\/"},"wordCount":393,"commentCount":0,"publisher":{"@id":"https:\/\/regiaonews.net.br\/2022\/#organization"},"image":{"@id":"https:\/\/regiaonews.net.br\/2022\/2024\/04\/27\/secretaria-confirma-que-criancas-lideram-atendimento-na-saude-e-orienta-sobre-vacinacao\/#primaryimage"},"thumbnailUrl":"https:\/\/regiaonews.net.br\/2022\/wp-content\/uploads\/2024\/04\/WhatsApp-Image-2024-04-27-at-09.28.05.jpeg","articleSection":["Barretos","Cidades"],"inLanguage":"pt-BR","potentialAction":[{"@type":"CommentAction","name":"Comment","target":["https:\/\/regiaonews.net.br\/2022\/2024\/04\/27\/secretaria-confirma-que-criancas-lideram-atendimento-na-saude-e-orienta-sobre-vacinacao\/#respond"]}]},{"@type":"WebPage","@id":"https:\/\/regiaonews.net.br\/2022\/2024\/04\/27\/secretaria-confirma-que-criancas-lideram-atendimento-na-saude-e-orienta-sobre-vacinacao\/","url":"https:\/\/regiaonews.net.br\/2022\/2024\/04\/27\/secretaria-confirma-que-criancas-lideram-atendimento-na-saude-e-orienta-sobre-vacinacao\/","name":"Secret\u00e1ria confirma que crian\u00e7as lideram atendimento na sa\u00fade e orienta sobre vacina\u00e7\u00e3o - Regi\u00e3o News","isPartOf":{"@id":"https:\/\/regiaonews.net.br\/2022\/#website"},"primaryImageOfPage":{"@id":"https:\/\/regiaonews.net.br\/2022\/2024\/04\/27\/secretaria-confirma-que-criancas-lideram-atendimento-na-saude-e-orienta-sobre-vacinacao\/#primaryimage"},"image":{"@id":"https:\/\/regiaonews.net.br\/2022\/2024\/04\/27\/secretaria-confirma-que-criancas-lideram-atendimento-na-saude-e-orienta-sobre-vacinacao\/#primaryimage"},"thumbnailUrl":"https:\/\/regiaonews.net.br\/2022\/wp-content\/uploads\/2024\/04\/WhatsApp-Image-2024-04-27-at-09.28.05.jpeg","datePublished":"2024-04-27T17:32:56+00:00","breadcrumb":{"@id":"https:\/\/regiaonews.net.br\/2022\/2024\/04\/27\/secretaria-confirma-que-criancas-lideram-atendimento-na-saude-e-orienta-sobre-vacinacao\/#breadcrumb"},"inLanguage":"pt-BR","potentialAction":[{"@type":"ReadAction","target":["https:\/\/regiaonews.net.br\/2022\/2024\/04\/27\/secretaria-confirma-que-criancas-lideram-atendimento-na-saude-e-orienta-sobre-vacinacao\/"]}]},{"@type":"ImageObject","inLanguage":"pt-BR","@id":"https:\/\/regiaonews.net.br\/2022\/2024\/04\/27\/secretaria-confirma-que-criancas-lideram-atendimento-na-saude-e-orienta-sobre-vacinacao\/#primaryimage","url":"https:\/\/regiaonews.net.br\/2022\/wp-content\/uploads\/2024\/04\/WhatsApp-Image-2024-04-27-at-09.28.05.jpeg","contentUrl":"https:\/\/regiaonews.net.br\/2022\/wp-content\/uploads\/2024\/04\/WhatsApp-Image-2024-04-27-at-09.28.05.jpeg","width":1600,"height":1200},{"@type":"BreadcrumbList","@id":"https:\/\/regiaonews.net.br\/2022\/2024\/04\/27\/secretaria-confirma-que-criancas-lideram-atendimento-na-saude-e-orienta-sobre-vacinacao\/#breadcrumb","itemListElement":[{"@type":"ListItem","position":1,"name":"In\u00edcio","item":"https:\/\/regiaonews.net.br\/2022\/"},{"@type":"ListItem","position":2,"name":"Secret\u00e1ria confirma que crian\u00e7as lideram atendimento na sa\u00fade e orienta sobre vacina\u00e7\u00e3o"}]},{"@type":"WebSite","@id":"https:\/\/regiaonews.net.br\/2022\/#website","url":"https:\/\/regiaonews.net.br\/2022\/","name":"Regi\u00e3o News","description":"Site de Not\u00edcias de Barretos e regi\u00e3o","publisher":{"@id":"https:\/\/regiaonews.net.br\/2022\/#organization"},"potentialAction":[{"@type":"SearchAction","target":{"@type":"EntryPoint","urlTemplate":"https:\/\/regiaonews.net.br\/2022\/?s={search_term_string}"},"query-input":{"@type":"PropertyValueSpecification","valueRequired":true,"valueName":"search_term_string"}}],"inLanguage":"pt-BR"},{"@type":"Organization","@id":"https:\/\/regiaonews.net.br\/2022\/#organization","name":"Regi\u00e3o News","url":"https:\/\/regiaonews.net.br\/2022\/","logo":{"@type":"ImageObject","inLanguage":"pt-BR","@id":"https:\/\/regiaonews.net.br\/2022\/#\/schema\/logo\/image\/","url":"https:\/\/regiaonews.net.br\/2022\/wp-content\/uploads\/2026\/03\/regiao-13-anos-scaled.jpg","contentUrl":"https:\/\/regiaonews.net.br\/2022\/wp-content\/uploads\/2026\/03\/regiao-13-anos-scaled.jpg","width":2560,"height":635,"caption":"Regi\u00e3o News"},"image":{"@id":"https:\/\/regiaonews.net.br\/2022\/#\/schema\/logo\/image\/"}},{"@type":"Person","@id":"https:\/\/regiaonews.net.br\/2022\/#\/schema\/person\/2d205a608a5aa97ac279d7a5e6d89ad8","name":"Roberto","image":{"@type":"ImageObject","inLanguage":"pt-BR","@id":"https:\/\/secure.gravatar.com\/avatar\/42749d8b712ff9d59ca93dc150494e5b55a44134482993f5baeb97e61b7ecc89?s=96&d=mm&r=g","url":"https:\/\/secure.gravatar.com\/avatar\/42749d8b712ff9d59ca93dc150494e5b55a44134482993f5baeb97e61b7ecc89?s=96&d=mm&r=g","contentUrl":"https:\/\/secure.gravatar.com\/avatar\/42749d8b712ff9d59ca93dc150494e5b55a44134482993f5baeb97e61b7ecc89?s=96&d=mm&r=g","caption":"Roberto"},"url":"https:\/\/regiaonews.net.br\/2022\/author\/roberto\/"}]}},"publishpress_future_action":{"enabled":false,"date":"2026-05-03 06:20:05","action":"change-status","newStatus":"draft","terms":[],"taxonomy":"category","extraData":[]},"publishpress_future_workflow_manual_trigger":{"enabledWorkflows":[]},"_links":{"self":[{"href":"https:\/\/regiaonews.net.br\/2022\/wp-json\/wp\/v2\/posts\/104231","targetHints":{"allow":["GET"]}}],"collection":[{"href":"https:\/\/regiaonews.net.br\/2022\/wp-json\/wp\/v2\/posts"}],"about":[{"href":"https:\/\/regiaonews.net.br\/2022\/wp-json\/wp\/v2\/types\/post"}],"author":[{"embeddable":true,"href":"https:\/\/regiaonews.net.br\/2022\/wp-json\/wp\/v2\/users\/2"}],"replies":[{"embeddable":true,"href":"https:\/\/regiaonews.net.br\/2022\/wp-json\/wp\/v2\/comments?post=104231"}],"version-history":[{"count":1,"href":"https:\/\/regiaonews.net.br\/2022\/wp-json\/wp\/v2\/posts\/104231\/revisions"}],"predecessor-version":[{"id":104234,"href":"https:\/\/regiaonews.net.br\/2022\/wp-json\/wp\/v2\/posts\/104231\/revisions\/104234"}],"wp:featuredmedia":[{"embeddable":true,"href":"https:\/\/regiaonews.net.br\/2022\/wp-json\/wp\/v2\/media\/104233"}],"wp:attachment":[{"href":"https:\/\/regiaonews.net.br\/2022\/wp-json\/wp\/v2\/media?parent=104231"}],"wp:term":[{"taxonomy":"category","embeddable":true,"href":"https:\/\/regiaonews.net.br\/2022\/wp-json\/wp\/v2\/categories?post=104231"},{"taxonomy":"post_tag","embeddable":true,"href":"https:\/\/regiaonews.net.br\/2022\/wp-json\/wp\/v2\/tags?post=104231"}],"curies":[{"name":"wp","href":"https:\/\/api.w.org\/{rel}","templated":true}]}}