{"id":104187,"date":"2024-04-26T11:53:42","date_gmt":"2024-04-26T14:53:42","guid":{"rendered":"https:\/\/regiaonews.net.br\/2022\/?p=104187"},"modified":"2024-04-26T11:53:42","modified_gmt":"2024-04-26T14:53:42","slug":"bebedouro-celebrara-seus-140-anos-com-desfile-civico-shows-e-bolo-de-aniversario","status":"publish","type":"post","link":"https:\/\/regiaonews.net.br\/2022\/2024\/04\/26\/bebedouro-celebrara-seus-140-anos-com-desfile-civico-shows-e-bolo-de-aniversario\/","title":{"rendered":"Bebedouro celebrar\u00e1 seus 140 anos com Desfile C\u00edvico, shows e Bolo de anivers\u00e1rio"},"content":{"rendered":"<p>Bebedouro ir\u00e1 comemorar seu anivers\u00e1rio de 140 anos com uma programa\u00e7\u00e3o repleta de novidades e divers\u00e3o para as fam\u00edlias.<br \/>\nAs comemora\u00e7\u00f5es t\u00eam in\u00edcio no dia 02 de maio (quinta-feira), a partir das 17h30, com o tradicional Desfile C\u00edvico, que ser\u00e1 realizado no Samb\u00f3dromo Municipal. Os Atiradores do Tiro de Guerra 02-006, e os alunos da Rede Municipal, organizados pela Secretaria Municipal de Educa\u00e7\u00e3o de Bebedouro (SEMEB), realizar\u00e3o as apresenta\u00e7\u00f5es c\u00edvicas.<\/p>\n<p>Logo ap\u00f3s o desfile, \u00e0s 20 horas, acontece o projeto \u00c1gape com ora\u00e7\u00f5es pela cidade. Na sequ\u00eancia das festividades de Anivers\u00e1rio de Bebedouro, haver\u00e1 o show musical do cantor gospel, Fernandinho, um show gratuito, no Samb\u00f3dromo Municipal.<\/p>\n<p>No dia 03 de maio (sexta-feira), dia em que se comemora o Anivers\u00e1rio de Bebedouro, \u00e0s 9 horas, ter\u00e1 o corte do Bolo de 140 metros, preparado pela Central de Alimenta\u00e7\u00e3o de Bebedouro, no Barrac\u00e3o de Festas da Feccib Velha. A celebra\u00e7\u00e3o continuar\u00e1 \u00e0 noite, do dia 03 de maio, \u00e0s 21 horas, com os shows das Bandas, Conex\u00e3o Sonora e Fours.<\/p>\n<p>A Missa em A\u00e7\u00e3o de Gra\u00e7as pelos 140 anos de Bebedouro, acontecer\u00e1 no s\u00e1bado 04 de maio (s\u00e1bado), \u00e0s 19 horas, na Matriz de S\u00e3o Jo\u00e3o Batista. No Samb\u00f3dromo, \u00e0s 21 horas, o evento contar\u00e1 com show de Negro PH e, na sequ\u00eancia, o grupo Pixote, vai animar o p\u00fablico.<\/p>\n<p>O evento contar\u00e1 com o apoio das empresas, Tereos, Agropastoril Campanelli, JF Citrus, Solfarma, Sicredi, Bevale, Granol e Savegnago Supermercados, da Secretaria Municipal de Seguran\u00e7a P\u00fablica, Secretaria Municipal de Sa\u00fade (SMS), Departamento de Cultura, Defesa Civil, Guarda Civil Municipal (GCM), Pol\u00edcia Militar e\u00a0Bombeiro\u00a0Civil.<\/p>\n","protected":false},"excerpt":{"rendered":"<p>Bebedouro ir\u00e1 comemorar seu anivers\u00e1rio de 140 anos com uma<\/p>\n","protected":false},"author":2,"featured_media":104188,"comment_status":"open","ping_status":"open","sticky":false,"template":"","format":"standard","meta":{"footnotes":""},"categories":[14,3],"tags":[],"class_list":["post-104187","post","type-post","status-publish","format-standard","has-post-thumbnail","hentry","category-barretos","category-geral"],"yoast_head":"<!-- This site is optimized with the Yoast SEO plugin v27.4 - https:\/\/yoast.com\/product\/yoast-seo-wordpress\/ -->\n<title>Bebedouro celebrar\u00e1 seus 140 anos com Desfile C\u00edvico, shows e Bolo de anivers\u00e1rio - Regi\u00e3o News<\/title>\n<meta name=\"robots\" content=\"index, follow, max-snippet:-1, max-image-preview:large, max-video-preview:-1\" \/>\n<link rel=\"canonical\" href=\"https:\/\/regiaonews.net.br\/2022\/2024\/04\/26\/bebedouro-celebrara-seus-140-anos-com-desfile-civico-shows-e-bolo-de-aniversario\/\" \/>\n<meta property=\"og:locale\" content=\"pt_BR\" \/>\n<meta property=\"og:type\" content=\"article\" \/>\n<meta property=\"og:title\" content=\"Bebedouro celebrar\u00e1 seus 140 anos com Desfile C\u00edvico, shows e Bolo de anivers\u00e1rio - Regi\u00e3o News\" \/>\n<meta property=\"og:description\" content=\"Bebedouro ir\u00e1 comemorar seu anivers\u00e1rio de 140 anos com uma\" \/>\n<meta property=\"og:url\" content=\"https:\/\/regiaonews.net.br\/2022\/2024\/04\/26\/bebedouro-celebrara-seus-140-anos-com-desfile-civico-shows-e-bolo-de-aniversario\/\" \/>\n<meta property=\"og:site_name\" content=\"Regi\u00e3o News\" \/>\n<meta property=\"article:published_time\" content=\"2024-04-26T14:53:42+00:00\" \/>\n<meta property=\"og:image\" content=\"https:\/\/regiaonews.net.br\/2022\/wp-content\/uploads\/2024\/04\/Imagem-do-WhatsApp-de-2024-04-26-as-09.58.23_f3bb5bf9.jpg\" \/>\n\t<meta property=\"og:image:width\" content=\"1572\" \/>\n\t<meta property=\"og:image:height\" content=\"1572\" \/>\n\t<meta property=\"og:image:type\" content=\"image\/jpeg\" \/>\n<meta name=\"author\" content=\"Roberto\" \/>\n<meta name=\"twitter:card\" content=\"summary_large_image\" \/>\n<meta name=\"twitter:label1\" content=\"Escrito por\" \/>\n\t<meta name=\"twitter:data1\" content=\"Roberto\" \/>\n\t<meta name=\"twitter:label2\" content=\"Est. tempo de leitura\" \/>\n\t<meta name=\"twitter:data2\" content=\"2 minutos\" \/>\n<script type=\"application\/ld+json\" class=\"yoast-schema-graph\">{\"@context\":\"https:\\\/\\\/schema.org\",\"@graph\":[{\"@type\":\"Article\",\"@id\":\"https:\\\/\\\/regiaonews.net.br\\\/2022\\\/2024\\\/04\\\/26\\\/bebedouro-celebrara-seus-140-anos-com-desfile-civico-shows-e-bolo-de-aniversario\\\/#article\",\"isPartOf\":{\"@id\":\"https:\\\/\\\/regiaonews.net.br\\\/2022\\\/2024\\\/04\\\/26\\\/bebedouro-celebrara-seus-140-anos-com-desfile-civico-shows-e-bolo-de-aniversario\\\/\"},\"author\":{\"name\":\"Roberto\",\"@id\":\"https:\\\/\\\/regiaonews.net.br\\\/2022\\\/#\\\/schema\\\/person\\\/2d205a608a5aa97ac279d7a5e6d89ad8\"},\"headline\":\"Bebedouro celebrar\u00e1 seus 140 anos com Desfile C\u00edvico, shows e Bolo de anivers\u00e1rio\",\"datePublished\":\"2024-04-26T14:53:42+00:00\",\"mainEntityOfPage\":{\"@id\":\"https:\\\/\\\/regiaonews.net.br\\\/2022\\\/2024\\\/04\\\/26\\\/bebedouro-celebrara-seus-140-anos-com-desfile-civico-shows-e-bolo-de-aniversario\\\/\"},\"wordCount\":301,\"commentCount\":0,\"publisher\":{\"@id\":\"https:\\\/\\\/regiaonews.net.br\\\/2022\\\/#organization\"},\"image\":{\"@id\":\"https:\\\/\\\/regiaonews.net.br\\\/2022\\\/2024\\\/04\\\/26\\\/bebedouro-celebrara-seus-140-anos-com-desfile-civico-shows-e-bolo-de-aniversario\\\/#primaryimage\"},\"thumbnailUrl\":\"https:\\\/\\\/regiaonews.net.br\\\/2022\\\/wp-content\\\/uploads\\\/2024\\\/04\\\/Imagem-do-WhatsApp-de-2024-04-26-as-09.58.23_f3bb5bf9.jpg\",\"articleSection\":[\"Barretos\",\"Geral\"],\"inLanguage\":\"pt-BR\",\"potentialAction\":[{\"@type\":\"CommentAction\",\"name\":\"Comment\",\"target\":[\"https:\\\/\\\/regiaonews.net.br\\\/2022\\\/2024\\\/04\\\/26\\\/bebedouro-celebrara-seus-140-anos-com-desfile-civico-shows-e-bolo-de-aniversario\\\/#respond\"]}]},{\"@type\":\"WebPage\",\"@id\":\"https:\\\/\\\/regiaonews.net.br\\\/2022\\\/2024\\\/04\\\/26\\\/bebedouro-celebrara-seus-140-anos-com-desfile-civico-shows-e-bolo-de-aniversario\\\/\",\"url\":\"https:\\\/\\\/regiaonews.net.br\\\/2022\\\/2024\\\/04\\\/26\\\/bebedouro-celebrara-seus-140-anos-com-desfile-civico-shows-e-bolo-de-aniversario\\\/\",\"name\":\"Bebedouro celebrar\u00e1 seus 140 anos com Desfile C\u00edvico, shows e Bolo de anivers\u00e1rio - Regi\u00e3o News\",\"isPartOf\":{\"@id\":\"https:\\\/\\\/regiaonews.net.br\\\/2022\\\/#website\"},\"primaryImageOfPage\":{\"@id\":\"https:\\\/\\\/regiaonews.net.br\\\/2022\\\/2024\\\/04\\\/26\\\/bebedouro-celebrara-seus-140-anos-com-desfile-civico-shows-e-bolo-de-aniversario\\\/#primaryimage\"},\"image\":{\"@id\":\"https:\\\/\\\/regiaonews.net.br\\\/2022\\\/2024\\\/04\\\/26\\\/bebedouro-celebrara-seus-140-anos-com-desfile-civico-shows-e-bolo-de-aniversario\\\/#primaryimage\"},\"thumbnailUrl\":\"https:\\\/\\\/regiaonews.net.br\\\/2022\\\/wp-content\\\/uploads\\\/2024\\\/04\\\/Imagem-do-WhatsApp-de-2024-04-26-as-09.58.23_f3bb5bf9.jpg\",\"datePublished\":\"2024-04-26T14:53:42+00:00\",\"breadcrumb\":{\"@id\":\"https:\\\/\\\/regiaonews.net.br\\\/2022\\\/2024\\\/04\\\/26\\\/bebedouro-celebrara-seus-140-anos-com-desfile-civico-shows-e-bolo-de-aniversario\\\/#breadcrumb\"},\"inLanguage\":\"pt-BR\",\"potentialAction\":[{\"@type\":\"ReadAction\",\"target\":[\"https:\\\/\\\/regiaonews.net.br\\\/2022\\\/2024\\\/04\\\/26\\\/bebedouro-celebrara-seus-140-anos-com-desfile-civico-shows-e-bolo-de-aniversario\\\/\"]}]},{\"@type\":\"ImageObject\",\"inLanguage\":\"pt-BR\",\"@id\":\"https:\\\/\\\/regiaonews.net.br\\\/2022\\\/2024\\\/04\\\/26\\\/bebedouro-celebrara-seus-140-anos-com-desfile-civico-shows-e-bolo-de-aniversario\\\/#primaryimage\",\"url\":\"https:\\\/\\\/regiaonews.net.br\\\/2022\\\/wp-content\\\/uploads\\\/2024\\\/04\\\/Imagem-do-WhatsApp-de-2024-04-26-as-09.58.23_f3bb5bf9.jpg\",\"contentUrl\":\"https:\\\/\\\/regiaonews.net.br\\\/2022\\\/wp-content\\\/uploads\\\/2024\\\/04\\\/Imagem-do-WhatsApp-de-2024-04-26-as-09.58.23_f3bb5bf9.jpg\",\"width\":1572,\"height\":1572},{\"@type\":\"BreadcrumbList\",\"@id\":\"https:\\\/\\\/regiaonews.net.br\\\/2022\\\/2024\\\/04\\\/26\\\/bebedouro-celebrara-seus-140-anos-com-desfile-civico-shows-e-bolo-de-aniversario\\\/#breadcrumb\",\"itemListElement\":[{\"@type\":\"ListItem\",\"position\":1,\"name\":\"In\u00edcio\",\"item\":\"https:\\\/\\\/regiaonews.net.br\\\/2022\\\/\"},{\"@type\":\"ListItem\",\"position\":2,\"name\":\"Bebedouro celebrar\u00e1 seus 140 anos com Desfile C\u00edvico, shows e Bolo de anivers\u00e1rio\"}]},{\"@type\":\"WebSite\",\"@id\":\"https:\\\/\\\/regiaonews.net.br\\\/2022\\\/#website\",\"url\":\"https:\\\/\\\/regiaonews.net.br\\\/2022\\\/\",\"name\":\"Regi\u00e3o News\",\"description\":\"Site de Not\u00edcias de Barretos e regi\u00e3o\",\"publisher\":{\"@id\":\"https:\\\/\\\/regiaonews.net.br\\\/2022\\\/#organization\"},\"potentialAction\":[{\"@type\":\"SearchAction\",\"target\":{\"@type\":\"EntryPoint\",\"urlTemplate\":\"https:\\\/\\\/regiaonews.net.br\\\/2022\\\/?s={search_term_string}\"},\"query-input\":{\"@type\":\"PropertyValueSpecification\",\"valueRequired\":true,\"valueName\":\"search_term_string\"}}],\"inLanguage\":\"pt-BR\"},{\"@type\":\"Organization\",\"@id\":\"https:\\\/\\\/regiaonews.net.br\\\/2022\\\/#organization\",\"name\":\"Regi\u00e3o News\",\"url\":\"https:\\\/\\\/regiaonews.net.br\\\/2022\\\/\",\"logo\":{\"@type\":\"ImageObject\",\"inLanguage\":\"pt-BR\",\"@id\":\"https:\\\/\\\/regiaonews.net.br\\\/2022\\\/#\\\/schema\\\/logo\\\/image\\\/\",\"url\":\"https:\\\/\\\/regiaonews.net.br\\\/2022\\\/wp-content\\\/uploads\\\/2026\\\/03\\\/regiao-13-anos-scaled.jpg\",\"contentUrl\":\"https:\\\/\\\/regiaonews.net.br\\\/2022\\\/wp-content\\\/uploads\\\/2026\\\/03\\\/regiao-13-anos-scaled.jpg\",\"width\":2560,\"height\":635,\"caption\":\"Regi\u00e3o News\"},\"image\":{\"@id\":\"https:\\\/\\\/regiaonews.net.br\\\/2022\\\/#\\\/schema\\\/logo\\\/image\\\/\"}},{\"@type\":\"Person\",\"@id\":\"https:\\\/\\\/regiaonews.net.br\\\/2022\\\/#\\\/schema\\\/person\\\/2d205a608a5aa97ac279d7a5e6d89ad8\",\"name\":\"Roberto\",\"image\":{\"@type\":\"ImageObject\",\"inLanguage\":\"pt-BR\",\"@id\":\"https:\\\/\\\/secure.gravatar.com\\\/avatar\\\/42749d8b712ff9d59ca93dc150494e5b55a44134482993f5baeb97e61b7ecc89?s=96&d=mm&r=g\",\"url\":\"https:\\\/\\\/secure.gravatar.com\\\/avatar\\\/42749d8b712ff9d59ca93dc150494e5b55a44134482993f5baeb97e61b7ecc89?s=96&d=mm&r=g\",\"contentUrl\":\"https:\\\/\\\/secure.gravatar.com\\\/avatar\\\/42749d8b712ff9d59ca93dc150494e5b55a44134482993f5baeb97e61b7ecc89?s=96&d=mm&r=g\",\"caption\":\"Roberto\"},\"url\":\"https:\\\/\\\/regiaonews.net.br\\\/2022\\\/author\\\/roberto\\\/\"}]}<\/script>\n<!-- \/ Yoast SEO plugin. -->","yoast_head_json":{"title":"Bebedouro celebrar\u00e1 seus 140 anos com Desfile C\u00edvico, shows e Bolo de anivers\u00e1rio - Regi\u00e3o News","robots":{"index":"index","follow":"follow","max-snippet":"max-snippet:-1","max-image-preview":"max-image-preview:large","max-video-preview":"max-video-preview:-1"},"canonical":"https:\/\/regiaonews.net.br\/2022\/2024\/04\/26\/bebedouro-celebrara-seus-140-anos-com-desfile-civico-shows-e-bolo-de-aniversario\/","og_locale":"pt_BR","og_type":"article","og_title":"Bebedouro celebrar\u00e1 seus 140 anos com Desfile C\u00edvico, shows e Bolo de anivers\u00e1rio - Regi\u00e3o News","og_description":"Bebedouro ir\u00e1 comemorar seu anivers\u00e1rio de 140 anos com uma","og_url":"https:\/\/regiaonews.net.br\/2022\/2024\/04\/26\/bebedouro-celebrara-seus-140-anos-com-desfile-civico-shows-e-bolo-de-aniversario\/","og_site_name":"Regi\u00e3o News","article_published_time":"2024-04-26T14:53:42+00:00","og_image":[{"width":1572,"height":1572,"url":"https:\/\/regiaonews.net.br\/2022\/wp-content\/uploads\/2024\/04\/Imagem-do-WhatsApp-de-2024-04-26-as-09.58.23_f3bb5bf9.jpg","type":"image\/jpeg"}],"author":"Roberto","twitter_card":"summary_large_image","twitter_misc":{"Escrito por":"Roberto","Est. tempo de leitura":"2 minutos"},"schema":{"@context":"https:\/\/schema.org","@graph":[{"@type":"Article","@id":"https:\/\/regiaonews.net.br\/2022\/2024\/04\/26\/bebedouro-celebrara-seus-140-anos-com-desfile-civico-shows-e-bolo-de-aniversario\/#article","isPartOf":{"@id":"https:\/\/regiaonews.net.br\/2022\/2024\/04\/26\/bebedouro-celebrara-seus-140-anos-com-desfile-civico-shows-e-bolo-de-aniversario\/"},"author":{"name":"Roberto","@id":"https:\/\/regiaonews.net.br\/2022\/#\/schema\/person\/2d205a608a5aa97ac279d7a5e6d89ad8"},"headline":"Bebedouro celebrar\u00e1 seus 140 anos com Desfile C\u00edvico, shows e Bolo de anivers\u00e1rio","datePublished":"2024-04-26T14:53:42+00:00","mainEntityOfPage":{"@id":"https:\/\/regiaonews.net.br\/2022\/2024\/04\/26\/bebedouro-celebrara-seus-140-anos-com-desfile-civico-shows-e-bolo-de-aniversario\/"},"wordCount":301,"commentCount":0,"publisher":{"@id":"https:\/\/regiaonews.net.br\/2022\/#organization"},"image":{"@id":"https:\/\/regiaonews.net.br\/2022\/2024\/04\/26\/bebedouro-celebrara-seus-140-anos-com-desfile-civico-shows-e-bolo-de-aniversario\/#primaryimage"},"thumbnailUrl":"https:\/\/regiaonews.net.br\/2022\/wp-content\/uploads\/2024\/04\/Imagem-do-WhatsApp-de-2024-04-26-as-09.58.23_f3bb5bf9.jpg","articleSection":["Barretos","Geral"],"inLanguage":"pt-BR","potentialAction":[{"@type":"CommentAction","name":"Comment","target":["https:\/\/regiaonews.net.br\/2022\/2024\/04\/26\/bebedouro-celebrara-seus-140-anos-com-desfile-civico-shows-e-bolo-de-aniversario\/#respond"]}]},{"@type":"WebPage","@id":"https:\/\/regiaonews.net.br\/2022\/2024\/04\/26\/bebedouro-celebrara-seus-140-anos-com-desfile-civico-shows-e-bolo-de-aniversario\/","url":"https:\/\/regiaonews.net.br\/2022\/2024\/04\/26\/bebedouro-celebrara-seus-140-anos-com-desfile-civico-shows-e-bolo-de-aniversario\/","name":"Bebedouro celebrar\u00e1 seus 140 anos com Desfile C\u00edvico, shows e Bolo de anivers\u00e1rio - Regi\u00e3o News","isPartOf":{"@id":"https:\/\/regiaonews.net.br\/2022\/#website"},"primaryImageOfPage":{"@id":"https:\/\/regiaonews.net.br\/2022\/2024\/04\/26\/bebedouro-celebrara-seus-140-anos-com-desfile-civico-shows-e-bolo-de-aniversario\/#primaryimage"},"image":{"@id":"https:\/\/regiaonews.net.br\/2022\/2024\/04\/26\/bebedouro-celebrara-seus-140-anos-com-desfile-civico-shows-e-bolo-de-aniversario\/#primaryimage"},"thumbnailUrl":"https:\/\/regiaonews.net.br\/2022\/wp-content\/uploads\/2024\/04\/Imagem-do-WhatsApp-de-2024-04-26-as-09.58.23_f3bb5bf9.jpg","datePublished":"2024-04-26T14:53:42+00:00","breadcrumb":{"@id":"https:\/\/regiaonews.net.br\/2022\/2024\/04\/26\/bebedouro-celebrara-seus-140-anos-com-desfile-civico-shows-e-bolo-de-aniversario\/#breadcrumb"},"inLanguage":"pt-BR","potentialAction":[{"@type":"ReadAction","target":["https:\/\/regiaonews.net.br\/2022\/2024\/04\/26\/bebedouro-celebrara-seus-140-anos-com-desfile-civico-shows-e-bolo-de-aniversario\/"]}]},{"@type":"ImageObject","inLanguage":"pt-BR","@id":"https:\/\/regiaonews.net.br\/2022\/2024\/04\/26\/bebedouro-celebrara-seus-140-anos-com-desfile-civico-shows-e-bolo-de-aniversario\/#primaryimage","url":"https:\/\/regiaonews.net.br\/2022\/wp-content\/uploads\/2024\/04\/Imagem-do-WhatsApp-de-2024-04-26-as-09.58.23_f3bb5bf9.jpg","contentUrl":"https:\/\/regiaonews.net.br\/2022\/wp-content\/uploads\/2024\/04\/Imagem-do-WhatsApp-de-2024-04-26-as-09.58.23_f3bb5bf9.jpg","width":1572,"height":1572},{"@type":"BreadcrumbList","@id":"https:\/\/regiaonews.net.br\/2022\/2024\/04\/26\/bebedouro-celebrara-seus-140-anos-com-desfile-civico-shows-e-bolo-de-aniversario\/#breadcrumb","itemListElement":[{"@type":"ListItem","position":1,"name":"In\u00edcio","item":"https:\/\/regiaonews.net.br\/2022\/"},{"@type":"ListItem","position":2,"name":"Bebedouro celebrar\u00e1 seus 140 anos com Desfile C\u00edvico, shows e Bolo de anivers\u00e1rio"}]},{"@type":"WebSite","@id":"https:\/\/regiaonews.net.br\/2022\/#website","url":"https:\/\/regiaonews.net.br\/2022\/","name":"Regi\u00e3o News","description":"Site de Not\u00edcias de Barretos e regi\u00e3o","publisher":{"@id":"https:\/\/regiaonews.net.br\/2022\/#organization"},"potentialAction":[{"@type":"SearchAction","target":{"@type":"EntryPoint","urlTemplate":"https:\/\/regiaonews.net.br\/2022\/?s={search_term_string}"},"query-input":{"@type":"PropertyValueSpecification","valueRequired":true,"valueName":"search_term_string"}}],"inLanguage":"pt-BR"},{"@type":"Organization","@id":"https:\/\/regiaonews.net.br\/2022\/#organization","name":"Regi\u00e3o News","url":"https:\/\/regiaonews.net.br\/2022\/","logo":{"@type":"ImageObject","inLanguage":"pt-BR","@id":"https:\/\/regiaonews.net.br\/2022\/#\/schema\/logo\/image\/","url":"https:\/\/regiaonews.net.br\/2022\/wp-content\/uploads\/2026\/03\/regiao-13-anos-scaled.jpg","contentUrl":"https:\/\/regiaonews.net.br\/2022\/wp-content\/uploads\/2026\/03\/regiao-13-anos-scaled.jpg","width":2560,"height":635,"caption":"Regi\u00e3o News"},"image":{"@id":"https:\/\/regiaonews.net.br\/2022\/#\/schema\/logo\/image\/"}},{"@type":"Person","@id":"https:\/\/regiaonews.net.br\/2022\/#\/schema\/person\/2d205a608a5aa97ac279d7a5e6d89ad8","name":"Roberto","image":{"@type":"ImageObject","inLanguage":"pt-BR","@id":"https:\/\/secure.gravatar.com\/avatar\/42749d8b712ff9d59ca93dc150494e5b55a44134482993f5baeb97e61b7ecc89?s=96&d=mm&r=g","url":"https:\/\/secure.gravatar.com\/avatar\/42749d8b712ff9d59ca93dc150494e5b55a44134482993f5baeb97e61b7ecc89?s=96&d=mm&r=g","contentUrl":"https:\/\/secure.gravatar.com\/avatar\/42749d8b712ff9d59ca93dc150494e5b55a44134482993f5baeb97e61b7ecc89?s=96&d=mm&r=g","caption":"Roberto"},"url":"https:\/\/regiaonews.net.br\/2022\/author\/roberto\/"}]}},"publishpress_future_action":{"enabled":false,"date":"2026-05-03 06:21:56","action":"change-status","newStatus":"draft","terms":[],"taxonomy":"category","extraData":[]},"publishpress_future_workflow_manual_trigger":{"enabledWorkflows":[]},"_links":{"self":[{"href":"https:\/\/regiaonews.net.br\/2022\/wp-json\/wp\/v2\/posts\/104187","targetHints":{"allow":["GET"]}}],"collection":[{"href":"https:\/\/regiaonews.net.br\/2022\/wp-json\/wp\/v2\/posts"}],"about":[{"href":"https:\/\/regiaonews.net.br\/2022\/wp-json\/wp\/v2\/types\/post"}],"author":[{"embeddable":true,"href":"https:\/\/regiaonews.net.br\/2022\/wp-json\/wp\/v2\/users\/2"}],"replies":[{"embeddable":true,"href":"https:\/\/regiaonews.net.br\/2022\/wp-json\/wp\/v2\/comments?post=104187"}],"version-history":[{"count":1,"href":"https:\/\/regiaonews.net.br\/2022\/wp-json\/wp\/v2\/posts\/104187\/revisions"}],"predecessor-version":[{"id":104189,"href":"https:\/\/regiaonews.net.br\/2022\/wp-json\/wp\/v2\/posts\/104187\/revisions\/104189"}],"wp:featuredmedia":[{"embeddable":true,"href":"https:\/\/regiaonews.net.br\/2022\/wp-json\/wp\/v2\/media\/104188"}],"wp:attachment":[{"href":"https:\/\/regiaonews.net.br\/2022\/wp-json\/wp\/v2\/media?parent=104187"}],"wp:term":[{"taxonomy":"category","embeddable":true,"href":"https:\/\/regiaonews.net.br\/2022\/wp-json\/wp\/v2\/categories?post=104187"},{"taxonomy":"post_tag","embeddable":true,"href":"https:\/\/regiaonews.net.br\/2022\/wp-json\/wp\/v2\/tags?post=104187"}],"curies":[{"name":"wp","href":"https:\/\/api.w.org\/{rel}","templated":true}]}}