{"id":104157,"date":"2024-04-25T16:55:27","date_gmt":"2024-04-25T19:55:27","guid":{"rendered":"https:\/\/regiaonews.net.br\/2022\/?p=104157"},"modified":"2024-04-25T16:55:27","modified_gmt":"2024-04-25T19:55:27","slug":"ca-inaugura-loja-em-barretos-com-solucoes-digitais-e-novo-formato-clean-e-intuitivo","status":"publish","type":"post","link":"https:\/\/regiaonews.net.br\/2022\/2024\/04\/25\/ca-inaugura-loja-em-barretos-com-solucoes-digitais-e-novo-formato-clean-e-intuitivo\/","title":{"rendered":"C&#038;A inaugura loja em Barretos com solu\u00e7\u00f5es digitais e novo formato clean e intuitivo"},"content":{"rendered":"<p>A unidade, ainda, visa reduzir o tempo de entrega para pedidos online feitos na regi\u00e3o para garantir uma melhor experi\u00eancia de compra \u00e0s clientes<br \/>\nA C&amp;A Brasil d\u00e1 continuidade ao seu plano de expans\u00e3o e atinge o marco de 332 lojas f\u00edsicas no pa\u00eds com a inaugura\u00e7\u00e3o, em 03 de maio da C&amp;A no North Shopping Barretos, localizado no interior de S\u00e3o Paulo. Com a abertura, a C&amp;A passa a ter 94 unidades no estado. Essa nova abertura faz parte da estrat\u00e9gia de neg\u00f3cios da C&amp;A, que visa a expans\u00e3o de novos formatos de lojas, lan\u00e7amento de servi\u00e7os digitais e solu\u00e7\u00f5es omnicanais, al\u00e9m da acelera\u00e7\u00e3o da transforma\u00e7\u00e3o digital da companhia para atender aos novos h\u00e1bitos de consumo das suas clientes.<\/p>\n<p>A unidade conta com um espa\u00e7o com cerca de 1.549,37m2 (\u00c1rea de Vendas &#8211; \u00c1rea destinada a opera\u00e7\u00e3o da Loja &#8211; \u00c1rea de vendas, Caixa, Provador, Vitrines e o RFS) e refor\u00e7a a presen\u00e7a da marca em S\u00e3o Paulo, oferecendo \u00e0s consumidoras uma plataforma de express\u00e3o democr\u00e1tica por meio da moda. A loja de n\u00famero 332 est\u00e1 instalada em um ambiente moderno, seguindo um novo formato mais clean e intuitivo, al\u00e9m disso, oferece uma ampla variedade de produtos, como roupas (femininas, masculinas e infantis), acess\u00f3rios, \u00e1rea de beleza (cosm\u00e9ticos \u2013 incluindo o da linha propriet\u00e1ria da C&amp;A &#8211; skincare, perfumes nacionais e importados, entre outros), fashiontronics (celulares e rel\u00f3gios), a linha esportiva ACE e cal\u00e7ados. A unidade conta, ainda, com uma equipe dedicada a oferecer a melhor experi\u00eancia e jornada de compra aos clientes. Ao total, cerca de 23 associados foram contratados para a loja.<\/p>\n<p>Servi\u00e7os e solu\u00e7\u00f5es digitais e omnicanais<br \/>\nCom o prop\u00f3sito de tornar a jornada de compra ainda mais din\u00e2mica e melhor atender, com exclusividade, clientes de outras cidades pr\u00f3ximas a Barretos, pertencentes ao interior de S\u00e3o Paulo, a nova unidade conta com o modelo operacional chamado Ship From Store \u2013 funcionalidade log\u00edstica que, embora n\u00e3o seja percept\u00edvel aos consumidores, vem apoiando, cada vez mais, a opera\u00e7\u00e3o da companhia. Por meio desta modalidade, a C&amp;A utiliza o estoque de loja local para atender com mais agilidade os pedidos realizados em seu e-commerce e aplicativo na regi\u00e3o. Na pr\u00e1tica, ao inv\u00e9s da compra sair do centro de distribui\u00e7\u00e3o da varejista, ela sai da pr\u00f3pria loja, otimizando o prazo de entrega.<br \/>\nOutro ponto de contato entre a marca e a cliente \u00e9 o atendimento via WhatsApp. A plataforma \u00e9 um canal exclusivo de atendimento e de apoio para as compras via e-commerce, j\u00e1 que ao contatar o consultor a cliente pode tirar d\u00favidas e pedir ajuda para encontrar um produto no e-commerce.<\/p>\n<p>Al\u00e9m disso, a nova loja ser\u00e1 inaugurada com as tr\u00eas modalidades do Clique &amp; Retire \u2013 servi\u00e7o omnicanal \u2013 que oferece a possibilidade de a cliente realizar a compra online e retir\u00e1-la em loja f\u00edsica. Os consumidores contar\u00e3o com o formato tradicional do Clique &amp; Retire, no qual a retirada do pedido na unidade \u00e9 feita no dia seguinte e o formato expresso, que permite a retirada da compra online na loja em at\u00e9 2 horas ap\u00f3s a aprova\u00e7\u00e3o do pagamento da compra (e a depender da disponibilidade do produto escolhido).<br \/>\nOutra facilidade omnicanal da nova unidade \u00e9 a tecnologia chamada Corredor Infinito. Se a cliente n\u00e3o encontrar o produto que deseja na loja, esta tecnologia permitir\u00e1 que o associado da C&amp;A consulte rapidamente todo o estoque da varejista (e-commerce e outras unidades) e encontre a pe\u00e7a desejada dando sequ\u00eancia \u00e0 compra. Ap\u00f3s identificar o item, a cliente pode optar por receb\u00ea-lo em casa com toda comodidade ou retir\u00e1-lo via Clique &amp; Retire na loja indicada.<\/p>\n<p>C&amp;A estimula a sustentabilidade em sua nova loja<br \/>\nPromover uma moda com impacto positivo \u00e9 tamb\u00e9m um grande objetivo da C&amp;A e que n\u00e3o poderia faltar na loja de Sobral. Para isso, a unidade far\u00e1 parte do Movimento ReCiclo, iniciativa da marca que oferece uma alternativa para dar uma destina\u00e7\u00e3o mais sustent\u00e1vel \u00e0s roupas usadas. As pe\u00e7as depositadas nas urnas do Movimento ReCiclo ser\u00e3o encaminhadas a institui\u00e7\u00f5es parceiras para reuso ou reciclagem. Para participar, os interessados podem depositar as pe\u00e7as na urna do ReCiclo dispon\u00edvel na loja. O descarte ambientalmente correto para celulares, pilhas e baterias tamb\u00e9m pode ser feito na loja por meio da urna do Programa de Lixo Eletr\u00f4nico da C&amp;A.<\/p>\n<p>Acompanhe a C&amp;A:<br \/>\nSala de Imprensa: https:\/\/saladeimprensa.cea.com.br\/<br \/>\nSite: http:\/\/www.cea.com.br\/<br \/>\nFacebook: https:\/\/www.facebook.com\/ceaBrasil\/<br \/>\nLinkedIn: www.linkedin.com\/company\/c&amp;a_brasil\/<br \/>\nInstagram: cea_brasil<br \/>\nYouTube: www.youtube.com\/cea<\/p>\n","protected":false},"excerpt":{"rendered":"<p>A unidade, ainda, visa reduzir o tempo de entrega para<\/p>\n","protected":false},"author":2,"featured_media":104158,"comment_status":"open","ping_status":"open","sticky":false,"template":"","format":"standard","meta":{"footnotes":""},"categories":[14,25],"tags":[],"class_list":["post-104157","post","type-post","status-publish","format-standard","has-post-thumbnail","hentry","category-barretos","category-cidades"],"yoast_head":"<!-- This site is optimized with the Yoast SEO plugin v27.4 - https:\/\/yoast.com\/product\/yoast-seo-wordpress\/ -->\n<title>C&amp;A inaugura loja em Barretos com solu\u00e7\u00f5es digitais e novo formato clean e intuitivo - Regi\u00e3o News<\/title>\n<meta name=\"robots\" content=\"index, follow, max-snippet:-1, max-image-preview:large, max-video-preview:-1\" \/>\n<link rel=\"canonical\" href=\"https:\/\/regiaonews.net.br\/2022\/2024\/04\/25\/ca-inaugura-loja-em-barretos-com-solucoes-digitais-e-novo-formato-clean-e-intuitivo\/\" \/>\n<meta property=\"og:locale\" content=\"pt_BR\" \/>\n<meta property=\"og:type\" content=\"article\" \/>\n<meta property=\"og:title\" content=\"C&amp;A inaugura loja em Barretos com solu\u00e7\u00f5es digitais e novo formato clean e intuitivo - Regi\u00e3o News\" \/>\n<meta property=\"og:description\" content=\"A unidade, ainda, visa reduzir o tempo de entrega para\" \/>\n<meta property=\"og:url\" content=\"https:\/\/regiaonews.net.br\/2022\/2024\/04\/25\/ca-inaugura-loja-em-barretos-com-solucoes-digitais-e-novo-formato-clean-e-intuitivo\/\" \/>\n<meta property=\"og:site_name\" content=\"Regi\u00e3o News\" \/>\n<meta property=\"article:published_time\" content=\"2024-04-25T19:55:27+00:00\" \/>\n<meta property=\"og:image\" content=\"https:\/\/regiaonews.net.br\/2022\/wp-content\/uploads\/2024\/04\/WhatsApp-Image-2024-04-25-at-16.05.51.jpeg\" \/>\n\t<meta property=\"og:image:width\" content=\"1600\" \/>\n\t<meta property=\"og:image:height\" content=\"900\" \/>\n\t<meta property=\"og:image:type\" content=\"image\/jpeg\" \/>\n<meta name=\"author\" content=\"Roberto\" \/>\n<meta name=\"twitter:card\" content=\"summary_large_image\" \/>\n<meta name=\"twitter:label1\" content=\"Escrito por\" \/>\n\t<meta name=\"twitter:data1\" content=\"Roberto\" \/>\n\t<meta name=\"twitter:label2\" content=\"Est. tempo de leitura\" \/>\n\t<meta name=\"twitter:data2\" content=\"5 minutos\" \/>\n<script type=\"application\/ld+json\" class=\"yoast-schema-graph\">{\"@context\":\"https:\\\/\\\/schema.org\",\"@graph\":[{\"@type\":\"Article\",\"@id\":\"https:\\\/\\\/regiaonews.net.br\\\/2022\\\/2024\\\/04\\\/25\\\/ca-inaugura-loja-em-barretos-com-solucoes-digitais-e-novo-formato-clean-e-intuitivo\\\/#article\",\"isPartOf\":{\"@id\":\"https:\\\/\\\/regiaonews.net.br\\\/2022\\\/2024\\\/04\\\/25\\\/ca-inaugura-loja-em-barretos-com-solucoes-digitais-e-novo-formato-clean-e-intuitivo\\\/\"},\"author\":{\"name\":\"Roberto\",\"@id\":\"https:\\\/\\\/regiaonews.net.br\\\/2022\\\/#\\\/schema\\\/person\\\/2d205a608a5aa97ac279d7a5e6d89ad8\"},\"headline\":\"C&#038;A inaugura loja em Barretos com solu\u00e7\u00f5es digitais e novo formato clean e intuitivo\",\"datePublished\":\"2024-04-25T19:55:27+00:00\",\"mainEntityOfPage\":{\"@id\":\"https:\\\/\\\/regiaonews.net.br\\\/2022\\\/2024\\\/04\\\/25\\\/ca-inaugura-loja-em-barretos-com-solucoes-digitais-e-novo-formato-clean-e-intuitivo\\\/\"},\"wordCount\":847,\"commentCount\":0,\"publisher\":{\"@id\":\"https:\\\/\\\/regiaonews.net.br\\\/2022\\\/#organization\"},\"image\":{\"@id\":\"https:\\\/\\\/regiaonews.net.br\\\/2022\\\/2024\\\/04\\\/25\\\/ca-inaugura-loja-em-barretos-com-solucoes-digitais-e-novo-formato-clean-e-intuitivo\\\/#primaryimage\"},\"thumbnailUrl\":\"https:\\\/\\\/regiaonews.net.br\\\/2022\\\/wp-content\\\/uploads\\\/2024\\\/04\\\/WhatsApp-Image-2024-04-25-at-16.05.51.jpeg\",\"articleSection\":[\"Barretos\",\"Cidades\"],\"inLanguage\":\"pt-BR\",\"potentialAction\":[{\"@type\":\"CommentAction\",\"name\":\"Comment\",\"target\":[\"https:\\\/\\\/regiaonews.net.br\\\/2022\\\/2024\\\/04\\\/25\\\/ca-inaugura-loja-em-barretos-com-solucoes-digitais-e-novo-formato-clean-e-intuitivo\\\/#respond\"]}]},{\"@type\":\"WebPage\",\"@id\":\"https:\\\/\\\/regiaonews.net.br\\\/2022\\\/2024\\\/04\\\/25\\\/ca-inaugura-loja-em-barretos-com-solucoes-digitais-e-novo-formato-clean-e-intuitivo\\\/\",\"url\":\"https:\\\/\\\/regiaonews.net.br\\\/2022\\\/2024\\\/04\\\/25\\\/ca-inaugura-loja-em-barretos-com-solucoes-digitais-e-novo-formato-clean-e-intuitivo\\\/\",\"name\":\"C&A inaugura loja em Barretos com solu\u00e7\u00f5es digitais e novo formato clean e intuitivo - Regi\u00e3o News\",\"isPartOf\":{\"@id\":\"https:\\\/\\\/regiaonews.net.br\\\/2022\\\/#website\"},\"primaryImageOfPage\":{\"@id\":\"https:\\\/\\\/regiaonews.net.br\\\/2022\\\/2024\\\/04\\\/25\\\/ca-inaugura-loja-em-barretos-com-solucoes-digitais-e-novo-formato-clean-e-intuitivo\\\/#primaryimage\"},\"image\":{\"@id\":\"https:\\\/\\\/regiaonews.net.br\\\/2022\\\/2024\\\/04\\\/25\\\/ca-inaugura-loja-em-barretos-com-solucoes-digitais-e-novo-formato-clean-e-intuitivo\\\/#primaryimage\"},\"thumbnailUrl\":\"https:\\\/\\\/regiaonews.net.br\\\/2022\\\/wp-content\\\/uploads\\\/2024\\\/04\\\/WhatsApp-Image-2024-04-25-at-16.05.51.jpeg\",\"datePublished\":\"2024-04-25T19:55:27+00:00\",\"breadcrumb\":{\"@id\":\"https:\\\/\\\/regiaonews.net.br\\\/2022\\\/2024\\\/04\\\/25\\\/ca-inaugura-loja-em-barretos-com-solucoes-digitais-e-novo-formato-clean-e-intuitivo\\\/#breadcrumb\"},\"inLanguage\":\"pt-BR\",\"potentialAction\":[{\"@type\":\"ReadAction\",\"target\":[\"https:\\\/\\\/regiaonews.net.br\\\/2022\\\/2024\\\/04\\\/25\\\/ca-inaugura-loja-em-barretos-com-solucoes-digitais-e-novo-formato-clean-e-intuitivo\\\/\"]}]},{\"@type\":\"ImageObject\",\"inLanguage\":\"pt-BR\",\"@id\":\"https:\\\/\\\/regiaonews.net.br\\\/2022\\\/2024\\\/04\\\/25\\\/ca-inaugura-loja-em-barretos-com-solucoes-digitais-e-novo-formato-clean-e-intuitivo\\\/#primaryimage\",\"url\":\"https:\\\/\\\/regiaonews.net.br\\\/2022\\\/wp-content\\\/uploads\\\/2024\\\/04\\\/WhatsApp-Image-2024-04-25-at-16.05.51.jpeg\",\"contentUrl\":\"https:\\\/\\\/regiaonews.net.br\\\/2022\\\/wp-content\\\/uploads\\\/2024\\\/04\\\/WhatsApp-Image-2024-04-25-at-16.05.51.jpeg\",\"width\":1600,\"height\":900},{\"@type\":\"BreadcrumbList\",\"@id\":\"https:\\\/\\\/regiaonews.net.br\\\/2022\\\/2024\\\/04\\\/25\\\/ca-inaugura-loja-em-barretos-com-solucoes-digitais-e-novo-formato-clean-e-intuitivo\\\/#breadcrumb\",\"itemListElement\":[{\"@type\":\"ListItem\",\"position\":1,\"name\":\"In\u00edcio\",\"item\":\"https:\\\/\\\/regiaonews.net.br\\\/2022\\\/\"},{\"@type\":\"ListItem\",\"position\":2,\"name\":\"C&#038;A inaugura loja em Barretos com solu\u00e7\u00f5es digitais e novo formato clean e intuitivo\"}]},{\"@type\":\"WebSite\",\"@id\":\"https:\\\/\\\/regiaonews.net.br\\\/2022\\\/#website\",\"url\":\"https:\\\/\\\/regiaonews.net.br\\\/2022\\\/\",\"name\":\"Regi\u00e3o News\",\"description\":\"Site de Not\u00edcias de Barretos e regi\u00e3o\",\"publisher\":{\"@id\":\"https:\\\/\\\/regiaonews.net.br\\\/2022\\\/#organization\"},\"potentialAction\":[{\"@type\":\"SearchAction\",\"target\":{\"@type\":\"EntryPoint\",\"urlTemplate\":\"https:\\\/\\\/regiaonews.net.br\\\/2022\\\/?s={search_term_string}\"},\"query-input\":{\"@type\":\"PropertyValueSpecification\",\"valueRequired\":true,\"valueName\":\"search_term_string\"}}],\"inLanguage\":\"pt-BR\"},{\"@type\":\"Organization\",\"@id\":\"https:\\\/\\\/regiaonews.net.br\\\/2022\\\/#organization\",\"name\":\"Regi\u00e3o News\",\"url\":\"https:\\\/\\\/regiaonews.net.br\\\/2022\\\/\",\"logo\":{\"@type\":\"ImageObject\",\"inLanguage\":\"pt-BR\",\"@id\":\"https:\\\/\\\/regiaonews.net.br\\\/2022\\\/#\\\/schema\\\/logo\\\/image\\\/\",\"url\":\"https:\\\/\\\/regiaonews.net.br\\\/2022\\\/wp-content\\\/uploads\\\/2026\\\/03\\\/regiao-13-anos-scaled.jpg\",\"contentUrl\":\"https:\\\/\\\/regiaonews.net.br\\\/2022\\\/wp-content\\\/uploads\\\/2026\\\/03\\\/regiao-13-anos-scaled.jpg\",\"width\":2560,\"height\":635,\"caption\":\"Regi\u00e3o News\"},\"image\":{\"@id\":\"https:\\\/\\\/regiaonews.net.br\\\/2022\\\/#\\\/schema\\\/logo\\\/image\\\/\"}},{\"@type\":\"Person\",\"@id\":\"https:\\\/\\\/regiaonews.net.br\\\/2022\\\/#\\\/schema\\\/person\\\/2d205a608a5aa97ac279d7a5e6d89ad8\",\"name\":\"Roberto\",\"image\":{\"@type\":\"ImageObject\",\"inLanguage\":\"pt-BR\",\"@id\":\"https:\\\/\\\/secure.gravatar.com\\\/avatar\\\/42749d8b712ff9d59ca93dc150494e5b55a44134482993f5baeb97e61b7ecc89?s=96&d=mm&r=g\",\"url\":\"https:\\\/\\\/secure.gravatar.com\\\/avatar\\\/42749d8b712ff9d59ca93dc150494e5b55a44134482993f5baeb97e61b7ecc89?s=96&d=mm&r=g\",\"contentUrl\":\"https:\\\/\\\/secure.gravatar.com\\\/avatar\\\/42749d8b712ff9d59ca93dc150494e5b55a44134482993f5baeb97e61b7ecc89?s=96&d=mm&r=g\",\"caption\":\"Roberto\"},\"url\":\"https:\\\/\\\/regiaonews.net.br\\\/2022\\\/author\\\/roberto\\\/\"}]}<\/script>\n<!-- \/ Yoast SEO plugin. -->","yoast_head_json":{"title":"C&A inaugura loja em Barretos com solu\u00e7\u00f5es digitais e novo formato clean e intuitivo - Regi\u00e3o News","robots":{"index":"index","follow":"follow","max-snippet":"max-snippet:-1","max-image-preview":"max-image-preview:large","max-video-preview":"max-video-preview:-1"},"canonical":"https:\/\/regiaonews.net.br\/2022\/2024\/04\/25\/ca-inaugura-loja-em-barretos-com-solucoes-digitais-e-novo-formato-clean-e-intuitivo\/","og_locale":"pt_BR","og_type":"article","og_title":"C&A inaugura loja em Barretos com solu\u00e7\u00f5es digitais e novo formato clean e intuitivo - Regi\u00e3o News","og_description":"A unidade, ainda, visa reduzir o tempo de entrega para","og_url":"https:\/\/regiaonews.net.br\/2022\/2024\/04\/25\/ca-inaugura-loja-em-barretos-com-solucoes-digitais-e-novo-formato-clean-e-intuitivo\/","og_site_name":"Regi\u00e3o News","article_published_time":"2024-04-25T19:55:27+00:00","og_image":[{"width":1600,"height":900,"url":"https:\/\/regiaonews.net.br\/2022\/wp-content\/uploads\/2024\/04\/WhatsApp-Image-2024-04-25-at-16.05.51.jpeg","type":"image\/jpeg"}],"author":"Roberto","twitter_card":"summary_large_image","twitter_misc":{"Escrito por":"Roberto","Est. tempo de leitura":"5 minutos"},"schema":{"@context":"https:\/\/schema.org","@graph":[{"@type":"Article","@id":"https:\/\/regiaonews.net.br\/2022\/2024\/04\/25\/ca-inaugura-loja-em-barretos-com-solucoes-digitais-e-novo-formato-clean-e-intuitivo\/#article","isPartOf":{"@id":"https:\/\/regiaonews.net.br\/2022\/2024\/04\/25\/ca-inaugura-loja-em-barretos-com-solucoes-digitais-e-novo-formato-clean-e-intuitivo\/"},"author":{"name":"Roberto","@id":"https:\/\/regiaonews.net.br\/2022\/#\/schema\/person\/2d205a608a5aa97ac279d7a5e6d89ad8"},"headline":"C&#038;A inaugura loja em Barretos com solu\u00e7\u00f5es digitais e novo formato clean e intuitivo","datePublished":"2024-04-25T19:55:27+00:00","mainEntityOfPage":{"@id":"https:\/\/regiaonews.net.br\/2022\/2024\/04\/25\/ca-inaugura-loja-em-barretos-com-solucoes-digitais-e-novo-formato-clean-e-intuitivo\/"},"wordCount":847,"commentCount":0,"publisher":{"@id":"https:\/\/regiaonews.net.br\/2022\/#organization"},"image":{"@id":"https:\/\/regiaonews.net.br\/2022\/2024\/04\/25\/ca-inaugura-loja-em-barretos-com-solucoes-digitais-e-novo-formato-clean-e-intuitivo\/#primaryimage"},"thumbnailUrl":"https:\/\/regiaonews.net.br\/2022\/wp-content\/uploads\/2024\/04\/WhatsApp-Image-2024-04-25-at-16.05.51.jpeg","articleSection":["Barretos","Cidades"],"inLanguage":"pt-BR","potentialAction":[{"@type":"CommentAction","name":"Comment","target":["https:\/\/regiaonews.net.br\/2022\/2024\/04\/25\/ca-inaugura-loja-em-barretos-com-solucoes-digitais-e-novo-formato-clean-e-intuitivo\/#respond"]}]},{"@type":"WebPage","@id":"https:\/\/regiaonews.net.br\/2022\/2024\/04\/25\/ca-inaugura-loja-em-barretos-com-solucoes-digitais-e-novo-formato-clean-e-intuitivo\/","url":"https:\/\/regiaonews.net.br\/2022\/2024\/04\/25\/ca-inaugura-loja-em-barretos-com-solucoes-digitais-e-novo-formato-clean-e-intuitivo\/","name":"C&A inaugura loja em Barretos com solu\u00e7\u00f5es digitais e novo formato clean e intuitivo - Regi\u00e3o News","isPartOf":{"@id":"https:\/\/regiaonews.net.br\/2022\/#website"},"primaryImageOfPage":{"@id":"https:\/\/regiaonews.net.br\/2022\/2024\/04\/25\/ca-inaugura-loja-em-barretos-com-solucoes-digitais-e-novo-formato-clean-e-intuitivo\/#primaryimage"},"image":{"@id":"https:\/\/regiaonews.net.br\/2022\/2024\/04\/25\/ca-inaugura-loja-em-barretos-com-solucoes-digitais-e-novo-formato-clean-e-intuitivo\/#primaryimage"},"thumbnailUrl":"https:\/\/regiaonews.net.br\/2022\/wp-content\/uploads\/2024\/04\/WhatsApp-Image-2024-04-25-at-16.05.51.jpeg","datePublished":"2024-04-25T19:55:27+00:00","breadcrumb":{"@id":"https:\/\/regiaonews.net.br\/2022\/2024\/04\/25\/ca-inaugura-loja-em-barretos-com-solucoes-digitais-e-novo-formato-clean-e-intuitivo\/#breadcrumb"},"inLanguage":"pt-BR","potentialAction":[{"@type":"ReadAction","target":["https:\/\/regiaonews.net.br\/2022\/2024\/04\/25\/ca-inaugura-loja-em-barretos-com-solucoes-digitais-e-novo-formato-clean-e-intuitivo\/"]}]},{"@type":"ImageObject","inLanguage":"pt-BR","@id":"https:\/\/regiaonews.net.br\/2022\/2024\/04\/25\/ca-inaugura-loja-em-barretos-com-solucoes-digitais-e-novo-formato-clean-e-intuitivo\/#primaryimage","url":"https:\/\/regiaonews.net.br\/2022\/wp-content\/uploads\/2024\/04\/WhatsApp-Image-2024-04-25-at-16.05.51.jpeg","contentUrl":"https:\/\/regiaonews.net.br\/2022\/wp-content\/uploads\/2024\/04\/WhatsApp-Image-2024-04-25-at-16.05.51.jpeg","width":1600,"height":900},{"@type":"BreadcrumbList","@id":"https:\/\/regiaonews.net.br\/2022\/2024\/04\/25\/ca-inaugura-loja-em-barretos-com-solucoes-digitais-e-novo-formato-clean-e-intuitivo\/#breadcrumb","itemListElement":[{"@type":"ListItem","position":1,"name":"In\u00edcio","item":"https:\/\/regiaonews.net.br\/2022\/"},{"@type":"ListItem","position":2,"name":"C&#038;A inaugura loja em Barretos com solu\u00e7\u00f5es digitais e novo formato clean e intuitivo"}]},{"@type":"WebSite","@id":"https:\/\/regiaonews.net.br\/2022\/#website","url":"https:\/\/regiaonews.net.br\/2022\/","name":"Regi\u00e3o News","description":"Site de Not\u00edcias de Barretos e regi\u00e3o","publisher":{"@id":"https:\/\/regiaonews.net.br\/2022\/#organization"},"potentialAction":[{"@type":"SearchAction","target":{"@type":"EntryPoint","urlTemplate":"https:\/\/regiaonews.net.br\/2022\/?s={search_term_string}"},"query-input":{"@type":"PropertyValueSpecification","valueRequired":true,"valueName":"search_term_string"}}],"inLanguage":"pt-BR"},{"@type":"Organization","@id":"https:\/\/regiaonews.net.br\/2022\/#organization","name":"Regi\u00e3o News","url":"https:\/\/regiaonews.net.br\/2022\/","logo":{"@type":"ImageObject","inLanguage":"pt-BR","@id":"https:\/\/regiaonews.net.br\/2022\/#\/schema\/logo\/image\/","url":"https:\/\/regiaonews.net.br\/2022\/wp-content\/uploads\/2026\/03\/regiao-13-anos-scaled.jpg","contentUrl":"https:\/\/regiaonews.net.br\/2022\/wp-content\/uploads\/2026\/03\/regiao-13-anos-scaled.jpg","width":2560,"height":635,"caption":"Regi\u00e3o News"},"image":{"@id":"https:\/\/regiaonews.net.br\/2022\/#\/schema\/logo\/image\/"}},{"@type":"Person","@id":"https:\/\/regiaonews.net.br\/2022\/#\/schema\/person\/2d205a608a5aa97ac279d7a5e6d89ad8","name":"Roberto","image":{"@type":"ImageObject","inLanguage":"pt-BR","@id":"https:\/\/secure.gravatar.com\/avatar\/42749d8b712ff9d59ca93dc150494e5b55a44134482993f5baeb97e61b7ecc89?s=96&d=mm&r=g","url":"https:\/\/secure.gravatar.com\/avatar\/42749d8b712ff9d59ca93dc150494e5b55a44134482993f5baeb97e61b7ecc89?s=96&d=mm&r=g","contentUrl":"https:\/\/secure.gravatar.com\/avatar\/42749d8b712ff9d59ca93dc150494e5b55a44134482993f5baeb97e61b7ecc89?s=96&d=mm&r=g","caption":"Roberto"},"url":"https:\/\/regiaonews.net.br\/2022\/author\/roberto\/"}]}},"publishpress_future_action":{"enabled":false,"date":"2026-05-03 12:24:44","action":"change-status","newStatus":"draft","terms":[],"taxonomy":"category","extraData":[]},"publishpress_future_workflow_manual_trigger":{"enabledWorkflows":[]},"_links":{"self":[{"href":"https:\/\/regiaonews.net.br\/2022\/wp-json\/wp\/v2\/posts\/104157","targetHints":{"allow":["GET"]}}],"collection":[{"href":"https:\/\/regiaonews.net.br\/2022\/wp-json\/wp\/v2\/posts"}],"about":[{"href":"https:\/\/regiaonews.net.br\/2022\/wp-json\/wp\/v2\/types\/post"}],"author":[{"embeddable":true,"href":"https:\/\/regiaonews.net.br\/2022\/wp-json\/wp\/v2\/users\/2"}],"replies":[{"embeddable":true,"href":"https:\/\/regiaonews.net.br\/2022\/wp-json\/wp\/v2\/comments?post=104157"}],"version-history":[{"count":1,"href":"https:\/\/regiaonews.net.br\/2022\/wp-json\/wp\/v2\/posts\/104157\/revisions"}],"predecessor-version":[{"id":104159,"href":"https:\/\/regiaonews.net.br\/2022\/wp-json\/wp\/v2\/posts\/104157\/revisions\/104159"}],"wp:featuredmedia":[{"embeddable":true,"href":"https:\/\/regiaonews.net.br\/2022\/wp-json\/wp\/v2\/media\/104158"}],"wp:attachment":[{"href":"https:\/\/regiaonews.net.br\/2022\/wp-json\/wp\/v2\/media?parent=104157"}],"wp:term":[{"taxonomy":"category","embeddable":true,"href":"https:\/\/regiaonews.net.br\/2022\/wp-json\/wp\/v2\/categories?post=104157"},{"taxonomy":"post_tag","embeddable":true,"href":"https:\/\/regiaonews.net.br\/2022\/wp-json\/wp\/v2\/tags?post=104157"}],"curies":[{"name":"wp","href":"https:\/\/api.w.org\/{rel}","templated":true}]}}