{"id":104150,"date":"2024-04-25T16:08:27","date_gmt":"2024-04-25T19:08:27","guid":{"rendered":"https:\/\/regiaonews.net.br\/2022\/?p=104150"},"modified":"2024-04-25T16:08:27","modified_gmt":"2024-04-25T19:08:27","slug":"concurso-garota-motorcycles-tem-quinze-candidatas-selecionadas","status":"publish","type":"post","link":"https:\/\/regiaonews.net.br\/2022\/2024\/04\/25\/concurso-garota-motorcycles-tem-quinze-candidatas-selecionadas\/","title":{"rendered":"Concurso Garota Motorcycles tem quinze candidatas selecionadas"},"content":{"rendered":"<p>A edi\u00e7\u00e3o de 20 anos do Barretos Motorcycles acontece de 3 a 5 de maio no Parque do Pe\u00e3o. Escolha da Garota e Musa ser\u00e1 no s\u00e1bado, 4, no Palco Motorcycles<\/p>\n<p>A organiza\u00e7\u00e3o do Barretos Motorcycles apresentou as quinze candidatas finalistas que disputar\u00e3o o t\u00edtulo de Garota Motorcycles no tradicional concurso que faz parte da programa\u00e7\u00e3o do evento. A escolha acontecer\u00e1 no dia 4 de maio, s\u00e1bado, a partir das 18h, no Palco Motorcycles.<\/p>\n<p>Al\u00e9m da Garota Motorcycles ser\u00e1 eleita tamb\u00e9m a Musa Motorcycles. Na primeira etapa do concurso, as candidatas se inscreveram e passaram por uma pr\u00e9-sele\u00e7\u00e3o. As escolhidas a concorrer aos t\u00edtulos foram: Adriana Barbosa, de Conchal (SP); Amanda Soares, de Barretos (SP); Ana Vict\u00f3ria, de Gua\u00edra (SP); Geisi Filaci, de Sever\u00ednia (SP); Georgea Guedes, de Uberaba (MG); Giovana Zagolin, de Barretos (SP); Jeniffer Nicoy, de S\u00e3o Carlos (SP); Josiane Toledo, de S\u00e3o Paulo (SP); Karen Priscila, de Barretos (SP); Lauani Apolinario, de Aracaju (SE); Leticia Cristine, de Colina (SP); Sara Vassoreli, de Araraquara (SP); Thais Cristina, de Guaxup\u00e9 (MG); Thamires Paes, de S\u00e3o Jos\u00e9 Do Rio Preto (SP); e Vania Balduino, de S\u00e3o Carlos (SP).<\/p>\n<p>&#8220;S\u00e3o 15 lindas candidatas e cada uma vai representar um motoclube ou marca do evento. Elas v\u00e3o desfilar e passar\u00e3o pela avalia\u00e7\u00e3o de um corpo de jurados especializado&#8221;, explica Reinaldo Costa, organizador do concurso.<\/p>\n<p>A vencedora ser\u00e1 premiada com o valor de R$ 1.000,00 e, ainda, ganhar\u00e1 dois passaportes para Festa do Pe\u00e3o de Boiadeiro de Barretos. J\u00e1 a Musa Motorcycles ganhar\u00e1 R$ 500,00 e, tamb\u00e9m, dois passaportes para a maior festa do pe\u00e3o da Am\u00e9rica Latina, que acontece de 15 a 25 de agosto.<\/p>\n<p>Programa\u00e7\u00e3o completa<br \/>\nO Barretos Motorcycles come\u00e7a na sexta-feira, dia 03 de maio, com a abertura dos port\u00f5es e credenciamento \u00e0s 10h. A programa\u00e7\u00e3o na pista de acrobacias tem in\u00edcio \u00e0s 18h. J\u00e1 os shows come\u00e7am \u00e0s 19h no Tenda Motor e a partir das 21h30 no Palco Motorcycles, que recebe os shows de Renato Quase Russo e banda Lemon.<\/p>\n<p>No s\u00e1bado, \u00e0s 10h tem City Tour saindo do evento, \u00e0s 11h Missa dos Motociclistas na Catedral da cidade. A partir das 11h30 tamb\u00e9m come\u00e7am as movimenta\u00e7\u00f5es nas pistas de acrobacias e os shows nos palcos Tenda Bar e Motor Rock Bar. O tradicional Concurso Garota Motorcycles acontece \u00e0s 18h, no Palco Motorcycles que, a partir das 19h, recebe o Motor Music Fest com Ventania, Last Lover, Paulo Miklos e Bar\u00e3o Vermelho.<\/p>\n<p>No domingo, 05\/05, as atra\u00e7\u00f5es come\u00e7am \u00e0s 11h com shows no Tenda Motor e no Motor Rock Bar e \u00e0s 15h na Pista de Acrobacias.<\/p>\n<p>A programa\u00e7\u00e3o completa est\u00e1 dispon\u00edvel no independentes.com.br\/motorcycles\/<\/p>\n<p>Ingressos<br \/>\nOs ingressos para o evento est\u00e3o \u00e0 venda pelo site oficial independentes.com.br\/motorcycles\/. Est\u00e3o dispon\u00edveis pacotes para acesso de motociclistas (entrada com moto) e ingressos di\u00e1rios para pedestres (entrada\u00a0sem\u00a0moto).<\/p>\n","protected":false},"excerpt":{"rendered":"<p>A edi\u00e7\u00e3o de 20 anos do Barretos Motorcycles acontece de<\/p>\n","protected":false},"author":2,"featured_media":104151,"comment_status":"open","ping_status":"open","sticky":false,"template":"","format":"standard","meta":{"footnotes":""},"categories":[1],"tags":[],"class_list":["post-104150","post","type-post","status-publish","format-standard","has-post-thumbnail","hentry","category-indefinido"],"yoast_head":"<!-- This site is optimized with the Yoast SEO plugin v27.4 - https:\/\/yoast.com\/product\/yoast-seo-wordpress\/ -->\n<title>Concurso Garota Motorcycles tem quinze candidatas selecionadas - Regi\u00e3o News<\/title>\n<meta name=\"robots\" content=\"index, follow, max-snippet:-1, max-image-preview:large, max-video-preview:-1\" \/>\n<link rel=\"canonical\" href=\"https:\/\/regiaonews.net.br\/2022\/2024\/04\/25\/concurso-garota-motorcycles-tem-quinze-candidatas-selecionadas\/\" \/>\n<meta property=\"og:locale\" content=\"pt_BR\" \/>\n<meta property=\"og:type\" content=\"article\" \/>\n<meta property=\"og:title\" content=\"Concurso Garota Motorcycles tem quinze candidatas selecionadas - Regi\u00e3o News\" \/>\n<meta property=\"og:description\" content=\"A edi\u00e7\u00e3o de 20 anos do Barretos Motorcycles acontece de\" \/>\n<meta property=\"og:url\" content=\"https:\/\/regiaonews.net.br\/2022\/2024\/04\/25\/concurso-garota-motorcycles-tem-quinze-candidatas-selecionadas\/\" \/>\n<meta property=\"og:site_name\" content=\"Regi\u00e3o News\" \/>\n<meta property=\"article:published_time\" content=\"2024-04-25T19:08:27+00:00\" \/>\n<meta property=\"og:image\" content=\"https:\/\/regiaonews.net.br\/2022\/wp-content\/uploads\/2024\/04\/IMG_2511.jpg\" \/>\n\t<meta property=\"og:image:width\" content=\"1080\" \/>\n\t<meta property=\"og:image:height\" content=\"2442\" \/>\n\t<meta property=\"og:image:type\" content=\"image\/jpeg\" \/>\n<meta name=\"author\" content=\"Roberto\" \/>\n<meta name=\"twitter:card\" content=\"summary_large_image\" \/>\n<meta name=\"twitter:label1\" content=\"Escrito por\" \/>\n\t<meta name=\"twitter:data1\" content=\"Roberto\" \/>\n\t<meta name=\"twitter:label2\" content=\"Est. tempo de leitura\" \/>\n\t<meta name=\"twitter:data2\" content=\"3 minutos\" \/>\n<script type=\"application\/ld+json\" class=\"yoast-schema-graph\">{\"@context\":\"https:\\\/\\\/schema.org\",\"@graph\":[{\"@type\":\"Article\",\"@id\":\"https:\\\/\\\/regiaonews.net.br\\\/2022\\\/2024\\\/04\\\/25\\\/concurso-garota-motorcycles-tem-quinze-candidatas-selecionadas\\\/#article\",\"isPartOf\":{\"@id\":\"https:\\\/\\\/regiaonews.net.br\\\/2022\\\/2024\\\/04\\\/25\\\/concurso-garota-motorcycles-tem-quinze-candidatas-selecionadas\\\/\"},\"author\":{\"name\":\"Roberto\",\"@id\":\"https:\\\/\\\/regiaonews.net.br\\\/2022\\\/#\\\/schema\\\/person\\\/2d205a608a5aa97ac279d7a5e6d89ad8\"},\"headline\":\"Concurso Garota Motorcycles tem quinze candidatas selecionadas\",\"datePublished\":\"2024-04-25T19:08:27+00:00\",\"mainEntityOfPage\":{\"@id\":\"https:\\\/\\\/regiaonews.net.br\\\/2022\\\/2024\\\/04\\\/25\\\/concurso-garota-motorcycles-tem-quinze-candidatas-selecionadas\\\/\"},\"wordCount\":514,\"commentCount\":0,\"publisher\":{\"@id\":\"https:\\\/\\\/regiaonews.net.br\\\/2022\\\/#organization\"},\"image\":{\"@id\":\"https:\\\/\\\/regiaonews.net.br\\\/2022\\\/2024\\\/04\\\/25\\\/concurso-garota-motorcycles-tem-quinze-candidatas-selecionadas\\\/#primaryimage\"},\"thumbnailUrl\":\"https:\\\/\\\/regiaonews.net.br\\\/2022\\\/wp-content\\\/uploads\\\/2024\\\/04\\\/IMG_2511.jpg\",\"articleSection\":[\"Indefinido\"],\"inLanguage\":\"pt-BR\",\"potentialAction\":[{\"@type\":\"CommentAction\",\"name\":\"Comment\",\"target\":[\"https:\\\/\\\/regiaonews.net.br\\\/2022\\\/2024\\\/04\\\/25\\\/concurso-garota-motorcycles-tem-quinze-candidatas-selecionadas\\\/#respond\"]}]},{\"@type\":\"WebPage\",\"@id\":\"https:\\\/\\\/regiaonews.net.br\\\/2022\\\/2024\\\/04\\\/25\\\/concurso-garota-motorcycles-tem-quinze-candidatas-selecionadas\\\/\",\"url\":\"https:\\\/\\\/regiaonews.net.br\\\/2022\\\/2024\\\/04\\\/25\\\/concurso-garota-motorcycles-tem-quinze-candidatas-selecionadas\\\/\",\"name\":\"Concurso Garota Motorcycles tem quinze candidatas selecionadas - Regi\u00e3o News\",\"isPartOf\":{\"@id\":\"https:\\\/\\\/regiaonews.net.br\\\/2022\\\/#website\"},\"primaryImageOfPage\":{\"@id\":\"https:\\\/\\\/regiaonews.net.br\\\/2022\\\/2024\\\/04\\\/25\\\/concurso-garota-motorcycles-tem-quinze-candidatas-selecionadas\\\/#primaryimage\"},\"image\":{\"@id\":\"https:\\\/\\\/regiaonews.net.br\\\/2022\\\/2024\\\/04\\\/25\\\/concurso-garota-motorcycles-tem-quinze-candidatas-selecionadas\\\/#primaryimage\"},\"thumbnailUrl\":\"https:\\\/\\\/regiaonews.net.br\\\/2022\\\/wp-content\\\/uploads\\\/2024\\\/04\\\/IMG_2511.jpg\",\"datePublished\":\"2024-04-25T19:08:27+00:00\",\"breadcrumb\":{\"@id\":\"https:\\\/\\\/regiaonews.net.br\\\/2022\\\/2024\\\/04\\\/25\\\/concurso-garota-motorcycles-tem-quinze-candidatas-selecionadas\\\/#breadcrumb\"},\"inLanguage\":\"pt-BR\",\"potentialAction\":[{\"@type\":\"ReadAction\",\"target\":[\"https:\\\/\\\/regiaonews.net.br\\\/2022\\\/2024\\\/04\\\/25\\\/concurso-garota-motorcycles-tem-quinze-candidatas-selecionadas\\\/\"]}]},{\"@type\":\"ImageObject\",\"inLanguage\":\"pt-BR\",\"@id\":\"https:\\\/\\\/regiaonews.net.br\\\/2022\\\/2024\\\/04\\\/25\\\/concurso-garota-motorcycles-tem-quinze-candidatas-selecionadas\\\/#primaryimage\",\"url\":\"https:\\\/\\\/regiaonews.net.br\\\/2022\\\/wp-content\\\/uploads\\\/2024\\\/04\\\/IMG_2511.jpg\",\"contentUrl\":\"https:\\\/\\\/regiaonews.net.br\\\/2022\\\/wp-content\\\/uploads\\\/2024\\\/04\\\/IMG_2511.jpg\",\"width\":1080,\"height\":2442},{\"@type\":\"BreadcrumbList\",\"@id\":\"https:\\\/\\\/regiaonews.net.br\\\/2022\\\/2024\\\/04\\\/25\\\/concurso-garota-motorcycles-tem-quinze-candidatas-selecionadas\\\/#breadcrumb\",\"itemListElement\":[{\"@type\":\"ListItem\",\"position\":1,\"name\":\"In\u00edcio\",\"item\":\"https:\\\/\\\/regiaonews.net.br\\\/2022\\\/\"},{\"@type\":\"ListItem\",\"position\":2,\"name\":\"Concurso Garota Motorcycles tem quinze candidatas selecionadas\"}]},{\"@type\":\"WebSite\",\"@id\":\"https:\\\/\\\/regiaonews.net.br\\\/2022\\\/#website\",\"url\":\"https:\\\/\\\/regiaonews.net.br\\\/2022\\\/\",\"name\":\"Regi\u00e3o News\",\"description\":\"Site de Not\u00edcias de Barretos e regi\u00e3o\",\"publisher\":{\"@id\":\"https:\\\/\\\/regiaonews.net.br\\\/2022\\\/#organization\"},\"potentialAction\":[{\"@type\":\"SearchAction\",\"target\":{\"@type\":\"EntryPoint\",\"urlTemplate\":\"https:\\\/\\\/regiaonews.net.br\\\/2022\\\/?s={search_term_string}\"},\"query-input\":{\"@type\":\"PropertyValueSpecification\",\"valueRequired\":true,\"valueName\":\"search_term_string\"}}],\"inLanguage\":\"pt-BR\"},{\"@type\":\"Organization\",\"@id\":\"https:\\\/\\\/regiaonews.net.br\\\/2022\\\/#organization\",\"name\":\"Regi\u00e3o News\",\"url\":\"https:\\\/\\\/regiaonews.net.br\\\/2022\\\/\",\"logo\":{\"@type\":\"ImageObject\",\"inLanguage\":\"pt-BR\",\"@id\":\"https:\\\/\\\/regiaonews.net.br\\\/2022\\\/#\\\/schema\\\/logo\\\/image\\\/\",\"url\":\"https:\\\/\\\/regiaonews.net.br\\\/2022\\\/wp-content\\\/uploads\\\/2026\\\/03\\\/regiao-13-anos-scaled.jpg\",\"contentUrl\":\"https:\\\/\\\/regiaonews.net.br\\\/2022\\\/wp-content\\\/uploads\\\/2026\\\/03\\\/regiao-13-anos-scaled.jpg\",\"width\":2560,\"height\":635,\"caption\":\"Regi\u00e3o News\"},\"image\":{\"@id\":\"https:\\\/\\\/regiaonews.net.br\\\/2022\\\/#\\\/schema\\\/logo\\\/image\\\/\"}},{\"@type\":\"Person\",\"@id\":\"https:\\\/\\\/regiaonews.net.br\\\/2022\\\/#\\\/schema\\\/person\\\/2d205a608a5aa97ac279d7a5e6d89ad8\",\"name\":\"Roberto\",\"image\":{\"@type\":\"ImageObject\",\"inLanguage\":\"pt-BR\",\"@id\":\"https:\\\/\\\/secure.gravatar.com\\\/avatar\\\/42749d8b712ff9d59ca93dc150494e5b55a44134482993f5baeb97e61b7ecc89?s=96&d=mm&r=g\",\"url\":\"https:\\\/\\\/secure.gravatar.com\\\/avatar\\\/42749d8b712ff9d59ca93dc150494e5b55a44134482993f5baeb97e61b7ecc89?s=96&d=mm&r=g\",\"contentUrl\":\"https:\\\/\\\/secure.gravatar.com\\\/avatar\\\/42749d8b712ff9d59ca93dc150494e5b55a44134482993f5baeb97e61b7ecc89?s=96&d=mm&r=g\",\"caption\":\"Roberto\"},\"url\":\"https:\\\/\\\/regiaonews.net.br\\\/2022\\\/author\\\/roberto\\\/\"}]}<\/script>\n<!-- \/ Yoast SEO plugin. -->","yoast_head_json":{"title":"Concurso Garota Motorcycles tem quinze candidatas selecionadas - Regi\u00e3o News","robots":{"index":"index","follow":"follow","max-snippet":"max-snippet:-1","max-image-preview":"max-image-preview:large","max-video-preview":"max-video-preview:-1"},"canonical":"https:\/\/regiaonews.net.br\/2022\/2024\/04\/25\/concurso-garota-motorcycles-tem-quinze-candidatas-selecionadas\/","og_locale":"pt_BR","og_type":"article","og_title":"Concurso Garota Motorcycles tem quinze candidatas selecionadas - Regi\u00e3o News","og_description":"A edi\u00e7\u00e3o de 20 anos do Barretos Motorcycles acontece de","og_url":"https:\/\/regiaonews.net.br\/2022\/2024\/04\/25\/concurso-garota-motorcycles-tem-quinze-candidatas-selecionadas\/","og_site_name":"Regi\u00e3o News","article_published_time":"2024-04-25T19:08:27+00:00","og_image":[{"width":1080,"height":2442,"url":"https:\/\/regiaonews.net.br\/2022\/wp-content\/uploads\/2024\/04\/IMG_2511.jpg","type":"image\/jpeg"}],"author":"Roberto","twitter_card":"summary_large_image","twitter_misc":{"Escrito por":"Roberto","Est. tempo de leitura":"3 minutos"},"schema":{"@context":"https:\/\/schema.org","@graph":[{"@type":"Article","@id":"https:\/\/regiaonews.net.br\/2022\/2024\/04\/25\/concurso-garota-motorcycles-tem-quinze-candidatas-selecionadas\/#article","isPartOf":{"@id":"https:\/\/regiaonews.net.br\/2022\/2024\/04\/25\/concurso-garota-motorcycles-tem-quinze-candidatas-selecionadas\/"},"author":{"name":"Roberto","@id":"https:\/\/regiaonews.net.br\/2022\/#\/schema\/person\/2d205a608a5aa97ac279d7a5e6d89ad8"},"headline":"Concurso Garota Motorcycles tem quinze candidatas selecionadas","datePublished":"2024-04-25T19:08:27+00:00","mainEntityOfPage":{"@id":"https:\/\/regiaonews.net.br\/2022\/2024\/04\/25\/concurso-garota-motorcycles-tem-quinze-candidatas-selecionadas\/"},"wordCount":514,"commentCount":0,"publisher":{"@id":"https:\/\/regiaonews.net.br\/2022\/#organization"},"image":{"@id":"https:\/\/regiaonews.net.br\/2022\/2024\/04\/25\/concurso-garota-motorcycles-tem-quinze-candidatas-selecionadas\/#primaryimage"},"thumbnailUrl":"https:\/\/regiaonews.net.br\/2022\/wp-content\/uploads\/2024\/04\/IMG_2511.jpg","articleSection":["Indefinido"],"inLanguage":"pt-BR","potentialAction":[{"@type":"CommentAction","name":"Comment","target":["https:\/\/regiaonews.net.br\/2022\/2024\/04\/25\/concurso-garota-motorcycles-tem-quinze-candidatas-selecionadas\/#respond"]}]},{"@type":"WebPage","@id":"https:\/\/regiaonews.net.br\/2022\/2024\/04\/25\/concurso-garota-motorcycles-tem-quinze-candidatas-selecionadas\/","url":"https:\/\/regiaonews.net.br\/2022\/2024\/04\/25\/concurso-garota-motorcycles-tem-quinze-candidatas-selecionadas\/","name":"Concurso Garota Motorcycles tem quinze candidatas selecionadas - Regi\u00e3o News","isPartOf":{"@id":"https:\/\/regiaonews.net.br\/2022\/#website"},"primaryImageOfPage":{"@id":"https:\/\/regiaonews.net.br\/2022\/2024\/04\/25\/concurso-garota-motorcycles-tem-quinze-candidatas-selecionadas\/#primaryimage"},"image":{"@id":"https:\/\/regiaonews.net.br\/2022\/2024\/04\/25\/concurso-garota-motorcycles-tem-quinze-candidatas-selecionadas\/#primaryimage"},"thumbnailUrl":"https:\/\/regiaonews.net.br\/2022\/wp-content\/uploads\/2024\/04\/IMG_2511.jpg","datePublished":"2024-04-25T19:08:27+00:00","breadcrumb":{"@id":"https:\/\/regiaonews.net.br\/2022\/2024\/04\/25\/concurso-garota-motorcycles-tem-quinze-candidatas-selecionadas\/#breadcrumb"},"inLanguage":"pt-BR","potentialAction":[{"@type":"ReadAction","target":["https:\/\/regiaonews.net.br\/2022\/2024\/04\/25\/concurso-garota-motorcycles-tem-quinze-candidatas-selecionadas\/"]}]},{"@type":"ImageObject","inLanguage":"pt-BR","@id":"https:\/\/regiaonews.net.br\/2022\/2024\/04\/25\/concurso-garota-motorcycles-tem-quinze-candidatas-selecionadas\/#primaryimage","url":"https:\/\/regiaonews.net.br\/2022\/wp-content\/uploads\/2024\/04\/IMG_2511.jpg","contentUrl":"https:\/\/regiaonews.net.br\/2022\/wp-content\/uploads\/2024\/04\/IMG_2511.jpg","width":1080,"height":2442},{"@type":"BreadcrumbList","@id":"https:\/\/regiaonews.net.br\/2022\/2024\/04\/25\/concurso-garota-motorcycles-tem-quinze-candidatas-selecionadas\/#breadcrumb","itemListElement":[{"@type":"ListItem","position":1,"name":"In\u00edcio","item":"https:\/\/regiaonews.net.br\/2022\/"},{"@type":"ListItem","position":2,"name":"Concurso Garota Motorcycles tem quinze candidatas selecionadas"}]},{"@type":"WebSite","@id":"https:\/\/regiaonews.net.br\/2022\/#website","url":"https:\/\/regiaonews.net.br\/2022\/","name":"Regi\u00e3o News","description":"Site de Not\u00edcias de Barretos e regi\u00e3o","publisher":{"@id":"https:\/\/regiaonews.net.br\/2022\/#organization"},"potentialAction":[{"@type":"SearchAction","target":{"@type":"EntryPoint","urlTemplate":"https:\/\/regiaonews.net.br\/2022\/?s={search_term_string}"},"query-input":{"@type":"PropertyValueSpecification","valueRequired":true,"valueName":"search_term_string"}}],"inLanguage":"pt-BR"},{"@type":"Organization","@id":"https:\/\/regiaonews.net.br\/2022\/#organization","name":"Regi\u00e3o News","url":"https:\/\/regiaonews.net.br\/2022\/","logo":{"@type":"ImageObject","inLanguage":"pt-BR","@id":"https:\/\/regiaonews.net.br\/2022\/#\/schema\/logo\/image\/","url":"https:\/\/regiaonews.net.br\/2022\/wp-content\/uploads\/2026\/03\/regiao-13-anos-scaled.jpg","contentUrl":"https:\/\/regiaonews.net.br\/2022\/wp-content\/uploads\/2026\/03\/regiao-13-anos-scaled.jpg","width":2560,"height":635,"caption":"Regi\u00e3o News"},"image":{"@id":"https:\/\/regiaonews.net.br\/2022\/#\/schema\/logo\/image\/"}},{"@type":"Person","@id":"https:\/\/regiaonews.net.br\/2022\/#\/schema\/person\/2d205a608a5aa97ac279d7a5e6d89ad8","name":"Roberto","image":{"@type":"ImageObject","inLanguage":"pt-BR","@id":"https:\/\/secure.gravatar.com\/avatar\/42749d8b712ff9d59ca93dc150494e5b55a44134482993f5baeb97e61b7ecc89?s=96&d=mm&r=g","url":"https:\/\/secure.gravatar.com\/avatar\/42749d8b712ff9d59ca93dc150494e5b55a44134482993f5baeb97e61b7ecc89?s=96&d=mm&r=g","contentUrl":"https:\/\/secure.gravatar.com\/avatar\/42749d8b712ff9d59ca93dc150494e5b55a44134482993f5baeb97e61b7ecc89?s=96&d=mm&r=g","caption":"Roberto"},"url":"https:\/\/regiaonews.net.br\/2022\/author\/roberto\/"}]}},"publishpress_future_action":{"enabled":false,"date":"2026-05-03 15:54:23","action":"change-status","newStatus":"draft","terms":[],"taxonomy":"category","extraData":[]},"publishpress_future_workflow_manual_trigger":{"enabledWorkflows":[]},"_links":{"self":[{"href":"https:\/\/regiaonews.net.br\/2022\/wp-json\/wp\/v2\/posts\/104150","targetHints":{"allow":["GET"]}}],"collection":[{"href":"https:\/\/regiaonews.net.br\/2022\/wp-json\/wp\/v2\/posts"}],"about":[{"href":"https:\/\/regiaonews.net.br\/2022\/wp-json\/wp\/v2\/types\/post"}],"author":[{"embeddable":true,"href":"https:\/\/regiaonews.net.br\/2022\/wp-json\/wp\/v2\/users\/2"}],"replies":[{"embeddable":true,"href":"https:\/\/regiaonews.net.br\/2022\/wp-json\/wp\/v2\/comments?post=104150"}],"version-history":[{"count":1,"href":"https:\/\/regiaonews.net.br\/2022\/wp-json\/wp\/v2\/posts\/104150\/revisions"}],"predecessor-version":[{"id":104152,"href":"https:\/\/regiaonews.net.br\/2022\/wp-json\/wp\/v2\/posts\/104150\/revisions\/104152"}],"wp:featuredmedia":[{"embeddable":true,"href":"https:\/\/regiaonews.net.br\/2022\/wp-json\/wp\/v2\/media\/104151"}],"wp:attachment":[{"href":"https:\/\/regiaonews.net.br\/2022\/wp-json\/wp\/v2\/media?parent=104150"}],"wp:term":[{"taxonomy":"category","embeddable":true,"href":"https:\/\/regiaonews.net.br\/2022\/wp-json\/wp\/v2\/categories?post=104150"},{"taxonomy":"post_tag","embeddable":true,"href":"https:\/\/regiaonews.net.br\/2022\/wp-json\/wp\/v2\/tags?post=104150"}],"curies":[{"name":"wp","href":"https:\/\/api.w.org\/{rel}","templated":true}]}}