{"id":104141,"date":"2024-04-25T16:03:04","date_gmt":"2024-04-25T19:03:04","guid":{"rendered":"https:\/\/regiaonews.net.br\/2022\/?p=104141"},"modified":"2024-04-25T16:03:04","modified_gmt":"2024-04-25T19:03:04","slug":"produtor-de-moda-e-eventos-flavio-jacob-recebe-titulo-de-cidadania-barretense","status":"publish","type":"post","link":"https:\/\/regiaonews.net.br\/2022\/2024\/04\/25\/produtor-de-moda-e-eventos-flavio-jacob-recebe-titulo-de-cidadania-barretense\/","title":{"rendered":"Produtor de moda e eventos, Fl\u00e1vio Jacob, recebe T\u00edtulo de Cidadania Barretense"},"content":{"rendered":"<h3 class=\"mb-4\" style=\"text-align: center;\">Homenagem foi proposta pelo vereador Prof. Raphael Silv\u00e9rio (PSD)<\/h3>\n<p>O produtor de moda e eventos,<strong>\u00a0Fl\u00e1vio Jacob da Silva<\/strong>, recebeu o\u00a0<strong>T\u00edtulo de Cidad\u00e3o Benem\u00e9rito da Est\u00e2ncia Tur\u00edstica de Barretos<\/strong>\u00a0durante Sess\u00e3o Solene realizada na noite de quarta-feira (<strong>24\/abr),\u00a0<\/strong>na C\u00e2mara.<\/p>\n<p>A homenagem foi proposta pelo vereador<strong>\u00a0Prof. Raphael Silv\u00e9rio (PSD)<\/strong>, por meio do<strong>\u00a0<a href=\"http:\/\/chrome-extension\/\/efaidnbmnnnibpcajpcglclefindmkaj\/http:\/\/consulta.camarabarretos.sp.gov.br\/arquivo?Id=394501\">Projeto de Decreto Legislativo n\u00ba 01\/2024<\/a>,\u00a0<\/strong>aprovado por todos os vereadores.<\/p>\n<p>Al\u00e9m do vereador proponente, fizeram parte da Mesa de Autoridades a Miss S\u00e3o Paulo 2024,\u00a0<strong>Therezinha Marques;<\/strong>\u00a0o Chef de Cozinha\u00a0<strong>Carlos Eduardo Duarte &#8220;Carlota&#8221;<\/strong>; e as Rainhas da Festa do Pe\u00e3o de Barretos,\u00a0<strong>Driely Nascimento (2006) e Camila Rocha (2013).\u00a0<\/strong><\/p>\n<p>Tamb\u00e9m prestigiaram a solenidade: a Miss Barretos Mundo 2024, Isabeli Freitas; a Missa Barretos 2024, Ana Julia Okada; a Miss Barretos Teen 2023, Raissa Naves; a Rainha Expo-Agro 2023, Izabela Cristina da Silva Aiello;\u00a0 o Mister Brasil 2019\/2020, Raul Ranieri Rodrigues; o Mister Barretos Universo 2024, Patrik Maur\u00edcio Roberto; o Mister Barretos 2024, Leonardo dos Santos Silva; o Mister Barretos CNB 2023, William Junior; e o Mister Barretos Juvenil 2024, Gabriel Henrique Epif\u00e2nio.<\/p>\n<p>Familiares e amigos de Fl\u00e1vio Jacob tamb\u00e9m compareceram \u00e0 C\u00e2mara para acompanhar de perto a solenidade.<\/p>\n<p><strong>O HOMENAGEADO<\/strong><\/p>\n<p><strong>Fl\u00e1vio Jacob da Silva<\/strong>\u00a0nasceu em Barretos, tem 48 anos, \u00e9 filho de Iracema Maravale da Silva e Rivaldo Jacob da Silva (em mem\u00f3ria), irm\u00e3o de\u00a0<strong>Luciana Jacob Naviscas<\/strong>\u00a0e\u00a0<strong>Kleber Jacob da Silva<\/strong>.<\/p>\n<p>Fl\u00e1vio come\u00e7ou a trabalhar aos 13 anos de idade, foi funcion\u00e1rio do Grupo J\u00f3ia Barretos, da Casa do Algod\u00e3o, do Servi\u00e7o de Prote\u00e7\u00e3o ao Cr\u00e9dito de Barretos, da Associa\u00e7\u00e3o Os Independentes e vivenciou, desde pequeno, o mundo da moda e os grandes concursos de Rainha da Festa do Pe\u00e3o de Barretos. Foi da\u00ed que surgiu o desejo de deixar tudo para tr\u00e1s e seguir o sonho de se profissionalizar nas passarelas e nos concursos de beleza pelo pa\u00eds.<\/p>\n<p>Al\u00e9m de produtor de moda, eventos e concursos de beleza, Jacob tamb\u00e9m \u00e9 estilista, decorador, core\u00f3grafo e professor de passarela, contabilizando mais de\u00a01000 trabalhos na carreira.<\/p>\n<p>Recebeu men\u00e7\u00f5es e pr\u00eamios em diversos lugares, como:\u00a0\u00a0Pr\u00eamio Super Cap de Ouro, do grupo Ronaldo Cortes (2015, 2016, 2017; 2018), em S\u00e3o Paulo; Pr\u00eamio Personalidade do ano (2014, 2018, 2022), em Minas Gerais; Pr\u00eamio Profissional Fashion (1999), em Rio Preto; Pr\u00eamio Homem do Ano (2021), em Rio Preto; Pr\u00eamio Destaque (2001 e 2002), no Rio de Janeiro.<\/p>\n<p>Fl\u00e1vio \u00e9 conhecido nacionalmente como \u201cO maior fazedor de Rainhas de Festa do Pe\u00e3o\u201d. \u00a0Tem no curr\u00edculo 24 Rainhas e Princesas da Festa do Pe\u00e3o de Boiadeiro de Barretos.\u00a0Venceu 4 vezes o Miss S\u00e3o Paulo e 1 (uma vez) o Mister S\u00e3o Paulo, al\u00e9m de ser recordista em vit\u00f3rias no Miss e Mister S\u00e3o Paulo Estudantil e Miss e Mister Brasil Estudantil.<\/p>\n<p>Em 2024, Jacob est\u00e1 produzindo o evento &#8220;Rainha do Pe\u00e3o Brasil&#8221;, o maior evento de beleza country do pa\u00eds, que reunir\u00e1 jovens Rainhas de todo territ\u00f3rio nacional e acontecer\u00e1 dos dias 9 a 11 de maio em Barretos-SP.<\/p>\n<div class=\"news-btn d-flex justify-content-between mb-5 py-2 px-3 rounded\">\n<div class=\"share\">\n<div class=\"a2a_kit a2a_kit_size_32 a2a_default_style\"><\/div>\n<\/div>\n<\/div>\n","protected":false},"excerpt":{"rendered":"<p>Homenagem foi proposta pelo vereador Prof. Raphael Silv\u00e9rio (PSD) O<\/p>\n","protected":false},"author":2,"featured_media":104142,"comment_status":"open","ping_status":"open","sticky":false,"template":"","format":"standard","meta":{"footnotes":""},"categories":[14,3],"tags":[],"class_list":["post-104141","post","type-post","status-publish","format-standard","has-post-thumbnail","hentry","category-barretos","category-geral"],"yoast_head":"<!-- This site is optimized with the Yoast SEO plugin v27.4 - https:\/\/yoast.com\/product\/yoast-seo-wordpress\/ -->\n<title>Produtor de moda e eventos, Fl\u00e1vio Jacob, recebe T\u00edtulo de Cidadania Barretense - Regi\u00e3o News<\/title>\n<meta name=\"robots\" content=\"index, follow, max-snippet:-1, max-image-preview:large, max-video-preview:-1\" \/>\n<link rel=\"canonical\" href=\"https:\/\/regiaonews.net.br\/2022\/2024\/04\/25\/produtor-de-moda-e-eventos-flavio-jacob-recebe-titulo-de-cidadania-barretense\/\" \/>\n<meta property=\"og:locale\" content=\"pt_BR\" \/>\n<meta property=\"og:type\" content=\"article\" \/>\n<meta property=\"og:title\" content=\"Produtor de moda e eventos, Fl\u00e1vio Jacob, recebe T\u00edtulo de Cidadania Barretense - Regi\u00e3o News\" \/>\n<meta property=\"og:description\" content=\"Homenagem foi proposta pelo vereador Prof. Raphael Silv\u00e9rio (PSD) O\" \/>\n<meta property=\"og:url\" content=\"https:\/\/regiaonews.net.br\/2022\/2024\/04\/25\/produtor-de-moda-e-eventos-flavio-jacob-recebe-titulo-de-cidadania-barretense\/\" \/>\n<meta property=\"og:site_name\" content=\"Regi\u00e3o News\" \/>\n<meta property=\"article:published_time\" content=\"2024-04-25T19:03:04+00:00\" \/>\n<meta property=\"og:image\" content=\"https:\/\/regiaonews.net.br\/2022\/wp-content\/uploads\/2024\/04\/alta_17140079716629afa358563.jpg\" \/>\n\t<meta property=\"og:image:width\" content=\"1854\" \/>\n\t<meta property=\"og:image:height\" content=\"1050\" \/>\n\t<meta property=\"og:image:type\" content=\"image\/jpeg\" \/>\n<meta name=\"author\" content=\"Roberto\" \/>\n<meta name=\"twitter:card\" content=\"summary_large_image\" \/>\n<meta name=\"twitter:label1\" content=\"Escrito por\" \/>\n\t<meta name=\"twitter:data1\" content=\"Roberto\" \/>\n\t<meta name=\"twitter:label2\" content=\"Est. tempo de leitura\" \/>\n\t<meta name=\"twitter:data2\" content=\"3 minutos\" \/>\n<script type=\"application\/ld+json\" class=\"yoast-schema-graph\">{\"@context\":\"https:\\\/\\\/schema.org\",\"@graph\":[{\"@type\":\"Article\",\"@id\":\"https:\\\/\\\/regiaonews.net.br\\\/2022\\\/2024\\\/04\\\/25\\\/produtor-de-moda-e-eventos-flavio-jacob-recebe-titulo-de-cidadania-barretense\\\/#article\",\"isPartOf\":{\"@id\":\"https:\\\/\\\/regiaonews.net.br\\\/2022\\\/2024\\\/04\\\/25\\\/produtor-de-moda-e-eventos-flavio-jacob-recebe-titulo-de-cidadania-barretense\\\/\"},\"author\":{\"name\":\"Roberto\",\"@id\":\"https:\\\/\\\/regiaonews.net.br\\\/2022\\\/#\\\/schema\\\/person\\\/2d205a608a5aa97ac279d7a5e6d89ad8\"},\"headline\":\"Produtor de moda e eventos, Fl\u00e1vio Jacob, recebe T\u00edtulo de Cidadania Barretense\",\"datePublished\":\"2024-04-25T19:03:04+00:00\",\"mainEntityOfPage\":{\"@id\":\"https:\\\/\\\/regiaonews.net.br\\\/2022\\\/2024\\\/04\\\/25\\\/produtor-de-moda-e-eventos-flavio-jacob-recebe-titulo-de-cidadania-barretense\\\/\"},\"wordCount\":529,\"commentCount\":0,\"publisher\":{\"@id\":\"https:\\\/\\\/regiaonews.net.br\\\/2022\\\/#organization\"},\"image\":{\"@id\":\"https:\\\/\\\/regiaonews.net.br\\\/2022\\\/2024\\\/04\\\/25\\\/produtor-de-moda-e-eventos-flavio-jacob-recebe-titulo-de-cidadania-barretense\\\/#primaryimage\"},\"thumbnailUrl\":\"https:\\\/\\\/regiaonews.net.br\\\/2022\\\/wp-content\\\/uploads\\\/2024\\\/04\\\/alta_17140079716629afa358563.jpg\",\"articleSection\":[\"Barretos\",\"Geral\"],\"inLanguage\":\"pt-BR\",\"potentialAction\":[{\"@type\":\"CommentAction\",\"name\":\"Comment\",\"target\":[\"https:\\\/\\\/regiaonews.net.br\\\/2022\\\/2024\\\/04\\\/25\\\/produtor-de-moda-e-eventos-flavio-jacob-recebe-titulo-de-cidadania-barretense\\\/#respond\"]}]},{\"@type\":\"WebPage\",\"@id\":\"https:\\\/\\\/regiaonews.net.br\\\/2022\\\/2024\\\/04\\\/25\\\/produtor-de-moda-e-eventos-flavio-jacob-recebe-titulo-de-cidadania-barretense\\\/\",\"url\":\"https:\\\/\\\/regiaonews.net.br\\\/2022\\\/2024\\\/04\\\/25\\\/produtor-de-moda-e-eventos-flavio-jacob-recebe-titulo-de-cidadania-barretense\\\/\",\"name\":\"Produtor de moda e eventos, Fl\u00e1vio Jacob, recebe T\u00edtulo de Cidadania Barretense - Regi\u00e3o News\",\"isPartOf\":{\"@id\":\"https:\\\/\\\/regiaonews.net.br\\\/2022\\\/#website\"},\"primaryImageOfPage\":{\"@id\":\"https:\\\/\\\/regiaonews.net.br\\\/2022\\\/2024\\\/04\\\/25\\\/produtor-de-moda-e-eventos-flavio-jacob-recebe-titulo-de-cidadania-barretense\\\/#primaryimage\"},\"image\":{\"@id\":\"https:\\\/\\\/regiaonews.net.br\\\/2022\\\/2024\\\/04\\\/25\\\/produtor-de-moda-e-eventos-flavio-jacob-recebe-titulo-de-cidadania-barretense\\\/#primaryimage\"},\"thumbnailUrl\":\"https:\\\/\\\/regiaonews.net.br\\\/2022\\\/wp-content\\\/uploads\\\/2024\\\/04\\\/alta_17140079716629afa358563.jpg\",\"datePublished\":\"2024-04-25T19:03:04+00:00\",\"breadcrumb\":{\"@id\":\"https:\\\/\\\/regiaonews.net.br\\\/2022\\\/2024\\\/04\\\/25\\\/produtor-de-moda-e-eventos-flavio-jacob-recebe-titulo-de-cidadania-barretense\\\/#breadcrumb\"},\"inLanguage\":\"pt-BR\",\"potentialAction\":[{\"@type\":\"ReadAction\",\"target\":[\"https:\\\/\\\/regiaonews.net.br\\\/2022\\\/2024\\\/04\\\/25\\\/produtor-de-moda-e-eventos-flavio-jacob-recebe-titulo-de-cidadania-barretense\\\/\"]}]},{\"@type\":\"ImageObject\",\"inLanguage\":\"pt-BR\",\"@id\":\"https:\\\/\\\/regiaonews.net.br\\\/2022\\\/2024\\\/04\\\/25\\\/produtor-de-moda-e-eventos-flavio-jacob-recebe-titulo-de-cidadania-barretense\\\/#primaryimage\",\"url\":\"https:\\\/\\\/regiaonews.net.br\\\/2022\\\/wp-content\\\/uploads\\\/2024\\\/04\\\/alta_17140079716629afa358563.jpg\",\"contentUrl\":\"https:\\\/\\\/regiaonews.net.br\\\/2022\\\/wp-content\\\/uploads\\\/2024\\\/04\\\/alta_17140079716629afa358563.jpg\",\"width\":1854,\"height\":1050},{\"@type\":\"BreadcrumbList\",\"@id\":\"https:\\\/\\\/regiaonews.net.br\\\/2022\\\/2024\\\/04\\\/25\\\/produtor-de-moda-e-eventos-flavio-jacob-recebe-titulo-de-cidadania-barretense\\\/#breadcrumb\",\"itemListElement\":[{\"@type\":\"ListItem\",\"position\":1,\"name\":\"In\u00edcio\",\"item\":\"https:\\\/\\\/regiaonews.net.br\\\/2022\\\/\"},{\"@type\":\"ListItem\",\"position\":2,\"name\":\"Produtor de moda e eventos, Fl\u00e1vio Jacob, recebe T\u00edtulo de Cidadania Barretense\"}]},{\"@type\":\"WebSite\",\"@id\":\"https:\\\/\\\/regiaonews.net.br\\\/2022\\\/#website\",\"url\":\"https:\\\/\\\/regiaonews.net.br\\\/2022\\\/\",\"name\":\"Regi\u00e3o News\",\"description\":\"Site de Not\u00edcias de Barretos e regi\u00e3o\",\"publisher\":{\"@id\":\"https:\\\/\\\/regiaonews.net.br\\\/2022\\\/#organization\"},\"potentialAction\":[{\"@type\":\"SearchAction\",\"target\":{\"@type\":\"EntryPoint\",\"urlTemplate\":\"https:\\\/\\\/regiaonews.net.br\\\/2022\\\/?s={search_term_string}\"},\"query-input\":{\"@type\":\"PropertyValueSpecification\",\"valueRequired\":true,\"valueName\":\"search_term_string\"}}],\"inLanguage\":\"pt-BR\"},{\"@type\":\"Organization\",\"@id\":\"https:\\\/\\\/regiaonews.net.br\\\/2022\\\/#organization\",\"name\":\"Regi\u00e3o News\",\"url\":\"https:\\\/\\\/regiaonews.net.br\\\/2022\\\/\",\"logo\":{\"@type\":\"ImageObject\",\"inLanguage\":\"pt-BR\",\"@id\":\"https:\\\/\\\/regiaonews.net.br\\\/2022\\\/#\\\/schema\\\/logo\\\/image\\\/\",\"url\":\"https:\\\/\\\/regiaonews.net.br\\\/2022\\\/wp-content\\\/uploads\\\/2026\\\/03\\\/regiao-13-anos-scaled.jpg\",\"contentUrl\":\"https:\\\/\\\/regiaonews.net.br\\\/2022\\\/wp-content\\\/uploads\\\/2026\\\/03\\\/regiao-13-anos-scaled.jpg\",\"width\":2560,\"height\":635,\"caption\":\"Regi\u00e3o News\"},\"image\":{\"@id\":\"https:\\\/\\\/regiaonews.net.br\\\/2022\\\/#\\\/schema\\\/logo\\\/image\\\/\"}},{\"@type\":\"Person\",\"@id\":\"https:\\\/\\\/regiaonews.net.br\\\/2022\\\/#\\\/schema\\\/person\\\/2d205a608a5aa97ac279d7a5e6d89ad8\",\"name\":\"Roberto\",\"image\":{\"@type\":\"ImageObject\",\"inLanguage\":\"pt-BR\",\"@id\":\"https:\\\/\\\/secure.gravatar.com\\\/avatar\\\/42749d8b712ff9d59ca93dc150494e5b55a44134482993f5baeb97e61b7ecc89?s=96&d=mm&r=g\",\"url\":\"https:\\\/\\\/secure.gravatar.com\\\/avatar\\\/42749d8b712ff9d59ca93dc150494e5b55a44134482993f5baeb97e61b7ecc89?s=96&d=mm&r=g\",\"contentUrl\":\"https:\\\/\\\/secure.gravatar.com\\\/avatar\\\/42749d8b712ff9d59ca93dc150494e5b55a44134482993f5baeb97e61b7ecc89?s=96&d=mm&r=g\",\"caption\":\"Roberto\"},\"url\":\"https:\\\/\\\/regiaonews.net.br\\\/2022\\\/author\\\/roberto\\\/\"}]}<\/script>\n<!-- \/ Yoast SEO plugin. -->","yoast_head_json":{"title":"Produtor de moda e eventos, Fl\u00e1vio Jacob, recebe T\u00edtulo de Cidadania Barretense - Regi\u00e3o News","robots":{"index":"index","follow":"follow","max-snippet":"max-snippet:-1","max-image-preview":"max-image-preview:large","max-video-preview":"max-video-preview:-1"},"canonical":"https:\/\/regiaonews.net.br\/2022\/2024\/04\/25\/produtor-de-moda-e-eventos-flavio-jacob-recebe-titulo-de-cidadania-barretense\/","og_locale":"pt_BR","og_type":"article","og_title":"Produtor de moda e eventos, Fl\u00e1vio Jacob, recebe T\u00edtulo de Cidadania Barretense - Regi\u00e3o News","og_description":"Homenagem foi proposta pelo vereador Prof. Raphael Silv\u00e9rio (PSD) O","og_url":"https:\/\/regiaonews.net.br\/2022\/2024\/04\/25\/produtor-de-moda-e-eventos-flavio-jacob-recebe-titulo-de-cidadania-barretense\/","og_site_name":"Regi\u00e3o News","article_published_time":"2024-04-25T19:03:04+00:00","og_image":[{"width":1854,"height":1050,"url":"https:\/\/regiaonews.net.br\/2022\/wp-content\/uploads\/2024\/04\/alta_17140079716629afa358563.jpg","type":"image\/jpeg"}],"author":"Roberto","twitter_card":"summary_large_image","twitter_misc":{"Escrito por":"Roberto","Est. tempo de leitura":"3 minutos"},"schema":{"@context":"https:\/\/schema.org","@graph":[{"@type":"Article","@id":"https:\/\/regiaonews.net.br\/2022\/2024\/04\/25\/produtor-de-moda-e-eventos-flavio-jacob-recebe-titulo-de-cidadania-barretense\/#article","isPartOf":{"@id":"https:\/\/regiaonews.net.br\/2022\/2024\/04\/25\/produtor-de-moda-e-eventos-flavio-jacob-recebe-titulo-de-cidadania-barretense\/"},"author":{"name":"Roberto","@id":"https:\/\/regiaonews.net.br\/2022\/#\/schema\/person\/2d205a608a5aa97ac279d7a5e6d89ad8"},"headline":"Produtor de moda e eventos, Fl\u00e1vio Jacob, recebe T\u00edtulo de Cidadania Barretense","datePublished":"2024-04-25T19:03:04+00:00","mainEntityOfPage":{"@id":"https:\/\/regiaonews.net.br\/2022\/2024\/04\/25\/produtor-de-moda-e-eventos-flavio-jacob-recebe-titulo-de-cidadania-barretense\/"},"wordCount":529,"commentCount":0,"publisher":{"@id":"https:\/\/regiaonews.net.br\/2022\/#organization"},"image":{"@id":"https:\/\/regiaonews.net.br\/2022\/2024\/04\/25\/produtor-de-moda-e-eventos-flavio-jacob-recebe-titulo-de-cidadania-barretense\/#primaryimage"},"thumbnailUrl":"https:\/\/regiaonews.net.br\/2022\/wp-content\/uploads\/2024\/04\/alta_17140079716629afa358563.jpg","articleSection":["Barretos","Geral"],"inLanguage":"pt-BR","potentialAction":[{"@type":"CommentAction","name":"Comment","target":["https:\/\/regiaonews.net.br\/2022\/2024\/04\/25\/produtor-de-moda-e-eventos-flavio-jacob-recebe-titulo-de-cidadania-barretense\/#respond"]}]},{"@type":"WebPage","@id":"https:\/\/regiaonews.net.br\/2022\/2024\/04\/25\/produtor-de-moda-e-eventos-flavio-jacob-recebe-titulo-de-cidadania-barretense\/","url":"https:\/\/regiaonews.net.br\/2022\/2024\/04\/25\/produtor-de-moda-e-eventos-flavio-jacob-recebe-titulo-de-cidadania-barretense\/","name":"Produtor de moda e eventos, Fl\u00e1vio Jacob, recebe T\u00edtulo de Cidadania Barretense - Regi\u00e3o News","isPartOf":{"@id":"https:\/\/regiaonews.net.br\/2022\/#website"},"primaryImageOfPage":{"@id":"https:\/\/regiaonews.net.br\/2022\/2024\/04\/25\/produtor-de-moda-e-eventos-flavio-jacob-recebe-titulo-de-cidadania-barretense\/#primaryimage"},"image":{"@id":"https:\/\/regiaonews.net.br\/2022\/2024\/04\/25\/produtor-de-moda-e-eventos-flavio-jacob-recebe-titulo-de-cidadania-barretense\/#primaryimage"},"thumbnailUrl":"https:\/\/regiaonews.net.br\/2022\/wp-content\/uploads\/2024\/04\/alta_17140079716629afa358563.jpg","datePublished":"2024-04-25T19:03:04+00:00","breadcrumb":{"@id":"https:\/\/regiaonews.net.br\/2022\/2024\/04\/25\/produtor-de-moda-e-eventos-flavio-jacob-recebe-titulo-de-cidadania-barretense\/#breadcrumb"},"inLanguage":"pt-BR","potentialAction":[{"@type":"ReadAction","target":["https:\/\/regiaonews.net.br\/2022\/2024\/04\/25\/produtor-de-moda-e-eventos-flavio-jacob-recebe-titulo-de-cidadania-barretense\/"]}]},{"@type":"ImageObject","inLanguage":"pt-BR","@id":"https:\/\/regiaonews.net.br\/2022\/2024\/04\/25\/produtor-de-moda-e-eventos-flavio-jacob-recebe-titulo-de-cidadania-barretense\/#primaryimage","url":"https:\/\/regiaonews.net.br\/2022\/wp-content\/uploads\/2024\/04\/alta_17140079716629afa358563.jpg","contentUrl":"https:\/\/regiaonews.net.br\/2022\/wp-content\/uploads\/2024\/04\/alta_17140079716629afa358563.jpg","width":1854,"height":1050},{"@type":"BreadcrumbList","@id":"https:\/\/regiaonews.net.br\/2022\/2024\/04\/25\/produtor-de-moda-e-eventos-flavio-jacob-recebe-titulo-de-cidadania-barretense\/#breadcrumb","itemListElement":[{"@type":"ListItem","position":1,"name":"In\u00edcio","item":"https:\/\/regiaonews.net.br\/2022\/"},{"@type":"ListItem","position":2,"name":"Produtor de moda e eventos, Fl\u00e1vio Jacob, recebe T\u00edtulo de Cidadania Barretense"}]},{"@type":"WebSite","@id":"https:\/\/regiaonews.net.br\/2022\/#website","url":"https:\/\/regiaonews.net.br\/2022\/","name":"Regi\u00e3o News","description":"Site de Not\u00edcias de Barretos e regi\u00e3o","publisher":{"@id":"https:\/\/regiaonews.net.br\/2022\/#organization"},"potentialAction":[{"@type":"SearchAction","target":{"@type":"EntryPoint","urlTemplate":"https:\/\/regiaonews.net.br\/2022\/?s={search_term_string}"},"query-input":{"@type":"PropertyValueSpecification","valueRequired":true,"valueName":"search_term_string"}}],"inLanguage":"pt-BR"},{"@type":"Organization","@id":"https:\/\/regiaonews.net.br\/2022\/#organization","name":"Regi\u00e3o News","url":"https:\/\/regiaonews.net.br\/2022\/","logo":{"@type":"ImageObject","inLanguage":"pt-BR","@id":"https:\/\/regiaonews.net.br\/2022\/#\/schema\/logo\/image\/","url":"https:\/\/regiaonews.net.br\/2022\/wp-content\/uploads\/2026\/03\/regiao-13-anos-scaled.jpg","contentUrl":"https:\/\/regiaonews.net.br\/2022\/wp-content\/uploads\/2026\/03\/regiao-13-anos-scaled.jpg","width":2560,"height":635,"caption":"Regi\u00e3o News"},"image":{"@id":"https:\/\/regiaonews.net.br\/2022\/#\/schema\/logo\/image\/"}},{"@type":"Person","@id":"https:\/\/regiaonews.net.br\/2022\/#\/schema\/person\/2d205a608a5aa97ac279d7a5e6d89ad8","name":"Roberto","image":{"@type":"ImageObject","inLanguage":"pt-BR","@id":"https:\/\/secure.gravatar.com\/avatar\/42749d8b712ff9d59ca93dc150494e5b55a44134482993f5baeb97e61b7ecc89?s=96&d=mm&r=g","url":"https:\/\/secure.gravatar.com\/avatar\/42749d8b712ff9d59ca93dc150494e5b55a44134482993f5baeb97e61b7ecc89?s=96&d=mm&r=g","contentUrl":"https:\/\/secure.gravatar.com\/avatar\/42749d8b712ff9d59ca93dc150494e5b55a44134482993f5baeb97e61b7ecc89?s=96&d=mm&r=g","caption":"Roberto"},"url":"https:\/\/regiaonews.net.br\/2022\/author\/roberto\/"}]}},"publishpress_future_action":{"enabled":false,"date":"2026-05-03 19:41:06","action":"change-status","newStatus":"draft","terms":[],"taxonomy":"category","extraData":[]},"publishpress_future_workflow_manual_trigger":{"enabledWorkflows":[]},"_links":{"self":[{"href":"https:\/\/regiaonews.net.br\/2022\/wp-json\/wp\/v2\/posts\/104141","targetHints":{"allow":["GET"]}}],"collection":[{"href":"https:\/\/regiaonews.net.br\/2022\/wp-json\/wp\/v2\/posts"}],"about":[{"href":"https:\/\/regiaonews.net.br\/2022\/wp-json\/wp\/v2\/types\/post"}],"author":[{"embeddable":true,"href":"https:\/\/regiaonews.net.br\/2022\/wp-json\/wp\/v2\/users\/2"}],"replies":[{"embeddable":true,"href":"https:\/\/regiaonews.net.br\/2022\/wp-json\/wp\/v2\/comments?post=104141"}],"version-history":[{"count":1,"href":"https:\/\/regiaonews.net.br\/2022\/wp-json\/wp\/v2\/posts\/104141\/revisions"}],"predecessor-version":[{"id":104143,"href":"https:\/\/regiaonews.net.br\/2022\/wp-json\/wp\/v2\/posts\/104141\/revisions\/104143"}],"wp:featuredmedia":[{"embeddable":true,"href":"https:\/\/regiaonews.net.br\/2022\/wp-json\/wp\/v2\/media\/104142"}],"wp:attachment":[{"href":"https:\/\/regiaonews.net.br\/2022\/wp-json\/wp\/v2\/media?parent=104141"}],"wp:term":[{"taxonomy":"category","embeddable":true,"href":"https:\/\/regiaonews.net.br\/2022\/wp-json\/wp\/v2\/categories?post=104141"},{"taxonomy":"post_tag","embeddable":true,"href":"https:\/\/regiaonews.net.br\/2022\/wp-json\/wp\/v2\/tags?post=104141"}],"curies":[{"name":"wp","href":"https:\/\/api.w.org\/{rel}","templated":true}]}}