{"id":104135,"date":"2024-04-25T15:59:34","date_gmt":"2024-04-25T18:59:34","guid":{"rendered":"https:\/\/regiaonews.net.br\/2022\/?p=104135"},"modified":"2024-04-25T15:59:34","modified_gmt":"2024-04-25T18:59:34","slug":"bispo-coordena-reuniao-do-conselho-de-presbiteros","status":"publish","type":"post","link":"https:\/\/regiaonews.net.br\/2022\/2024\/04\/25\/bispo-coordena-reuniao-do-conselho-de-presbiteros\/","title":{"rendered":"Bispo coordena reuni\u00e3o do Conselho de Presb\u00edteros"},"content":{"rendered":"<p>O bispo da Diocese de Barretos, Dom Milton Kenan J\u00fanior, presidiu na manh\u00e3 de ter\u00e7a (23), uma reuni\u00e3o do Conselho de Presb\u00edteros. O encontro que aconteceu na resid\u00eancia episcopal, Dom Milton tratou de assuntos relacionados ao trabalho diocesano. A reuni\u00e3o teve a presen\u00e7a dos padres Carlos (regi\u00e3o de Ol\u00edmpia), padre Israel (Ec\u00f4nomo), padre Ronaldo (semin\u00e1rio), padre Deonisio (regi\u00e3o de Barretos), padre Jos\u00e9 Ant\u00f4nio (vig\u00e1rio geral), padre Ant\u00f4nio Marcos (escolhido do bispo), padre Hamilton (representante dos presb\u00edteros), padre Diego (regi\u00e3o Gua\u00edra), padre Silvio (regi\u00e3o de Colina), padre Tiago (coordenador pastoral) e padre Jos\u00e9 Ant\u00f4nio (representante dos\u00a0religiosos).<\/p>\n<p>Foto \u2013 Dom Milton com os padres durante reuni\u00e3o<br \/>\nFoto \u2013 Divulga\u00e7\u00e3o<\/p>\n","protected":false},"excerpt":{"rendered":"<p>O bispo da Diocese de Barretos, Dom Milton Kenan J\u00fanior,<\/p>\n","protected":false},"author":2,"featured_media":104136,"comment_status":"open","ping_status":"open","sticky":false,"template":"","format":"standard","meta":{"footnotes":""},"categories":[14,3],"tags":[],"class_list":["post-104135","post","type-post","status-publish","format-standard","has-post-thumbnail","hentry","category-barretos","category-geral"],"yoast_head":"<!-- This site is optimized with the Yoast SEO plugin v27.4 - https:\/\/yoast.com\/product\/yoast-seo-wordpress\/ -->\n<title>Bispo coordena reuni\u00e3o do Conselho de Presb\u00edteros - Regi\u00e3o News<\/title>\n<meta name=\"robots\" content=\"index, follow, max-snippet:-1, max-image-preview:large, max-video-preview:-1\" \/>\n<link rel=\"canonical\" href=\"https:\/\/regiaonews.net.br\/2022\/2024\/04\/25\/bispo-coordena-reuniao-do-conselho-de-presbiteros\/\" \/>\n<meta property=\"og:locale\" content=\"pt_BR\" \/>\n<meta property=\"og:type\" content=\"article\" \/>\n<meta property=\"og:title\" content=\"Bispo coordena reuni\u00e3o do Conselho de Presb\u00edteros - Regi\u00e3o News\" \/>\n<meta property=\"og:description\" content=\"O bispo da Diocese de Barretos, Dom Milton Kenan J\u00fanior,\" \/>\n<meta property=\"og:url\" content=\"https:\/\/regiaonews.net.br\/2022\/2024\/04\/25\/bispo-coordena-reuniao-do-conselho-de-presbiteros\/\" \/>\n<meta property=\"og:site_name\" content=\"Regi\u00e3o News\" \/>\n<meta property=\"article:published_time\" content=\"2024-04-25T18:59:34+00:00\" \/>\n<meta property=\"og:image\" content=\"https:\/\/regiaonews.net.br\/2022\/wp-content\/uploads\/2024\/04\/Imagem-do-WhatsApp-de-2024-04-25-as-10.37.00_70d176af-scaled.jpg\" \/>\n\t<meta property=\"og:image:width\" content=\"2560\" \/>\n\t<meta property=\"og:image:height\" content=\"1920\" \/>\n\t<meta property=\"og:image:type\" content=\"image\/jpeg\" \/>\n<meta name=\"author\" content=\"Roberto\" \/>\n<meta name=\"twitter:card\" content=\"summary_large_image\" \/>\n<meta name=\"twitter:label1\" content=\"Escrito por\" \/>\n\t<meta name=\"twitter:data1\" content=\"Roberto\" \/>\n\t<meta name=\"twitter:label2\" content=\"Est. tempo de leitura\" \/>\n\t<meta name=\"twitter:data2\" content=\"1 minuto\" \/>\n<script type=\"application\/ld+json\" class=\"yoast-schema-graph\">{\"@context\":\"https:\\\/\\\/schema.org\",\"@graph\":[{\"@type\":\"Article\",\"@id\":\"https:\\\/\\\/regiaonews.net.br\\\/2022\\\/2024\\\/04\\\/25\\\/bispo-coordena-reuniao-do-conselho-de-presbiteros\\\/#article\",\"isPartOf\":{\"@id\":\"https:\\\/\\\/regiaonews.net.br\\\/2022\\\/2024\\\/04\\\/25\\\/bispo-coordena-reuniao-do-conselho-de-presbiteros\\\/\"},\"author\":{\"name\":\"Roberto\",\"@id\":\"https:\\\/\\\/regiaonews.net.br\\\/2022\\\/#\\\/schema\\\/person\\\/2d205a608a5aa97ac279d7a5e6d89ad8\"},\"headline\":\"Bispo coordena reuni\u00e3o do Conselho de Presb\u00edteros\",\"datePublished\":\"2024-04-25T18:59:34+00:00\",\"mainEntityOfPage\":{\"@id\":\"https:\\\/\\\/regiaonews.net.br\\\/2022\\\/2024\\\/04\\\/25\\\/bispo-coordena-reuniao-do-conselho-de-presbiteros\\\/\"},\"wordCount\":136,\"commentCount\":0,\"publisher\":{\"@id\":\"https:\\\/\\\/regiaonews.net.br\\\/2022\\\/#organization\"},\"image\":{\"@id\":\"https:\\\/\\\/regiaonews.net.br\\\/2022\\\/2024\\\/04\\\/25\\\/bispo-coordena-reuniao-do-conselho-de-presbiteros\\\/#primaryimage\"},\"thumbnailUrl\":\"https:\\\/\\\/regiaonews.net.br\\\/2022\\\/wp-content\\\/uploads\\\/2024\\\/04\\\/Imagem-do-WhatsApp-de-2024-04-25-as-10.37.00_70d176af-scaled.jpg\",\"articleSection\":[\"Barretos\",\"Geral\"],\"inLanguage\":\"pt-BR\",\"potentialAction\":[{\"@type\":\"CommentAction\",\"name\":\"Comment\",\"target\":[\"https:\\\/\\\/regiaonews.net.br\\\/2022\\\/2024\\\/04\\\/25\\\/bispo-coordena-reuniao-do-conselho-de-presbiteros\\\/#respond\"]}]},{\"@type\":\"WebPage\",\"@id\":\"https:\\\/\\\/regiaonews.net.br\\\/2022\\\/2024\\\/04\\\/25\\\/bispo-coordena-reuniao-do-conselho-de-presbiteros\\\/\",\"url\":\"https:\\\/\\\/regiaonews.net.br\\\/2022\\\/2024\\\/04\\\/25\\\/bispo-coordena-reuniao-do-conselho-de-presbiteros\\\/\",\"name\":\"Bispo coordena reuni\u00e3o do Conselho de Presb\u00edteros - Regi\u00e3o News\",\"isPartOf\":{\"@id\":\"https:\\\/\\\/regiaonews.net.br\\\/2022\\\/#website\"},\"primaryImageOfPage\":{\"@id\":\"https:\\\/\\\/regiaonews.net.br\\\/2022\\\/2024\\\/04\\\/25\\\/bispo-coordena-reuniao-do-conselho-de-presbiteros\\\/#primaryimage\"},\"image\":{\"@id\":\"https:\\\/\\\/regiaonews.net.br\\\/2022\\\/2024\\\/04\\\/25\\\/bispo-coordena-reuniao-do-conselho-de-presbiteros\\\/#primaryimage\"},\"thumbnailUrl\":\"https:\\\/\\\/regiaonews.net.br\\\/2022\\\/wp-content\\\/uploads\\\/2024\\\/04\\\/Imagem-do-WhatsApp-de-2024-04-25-as-10.37.00_70d176af-scaled.jpg\",\"datePublished\":\"2024-04-25T18:59:34+00:00\",\"breadcrumb\":{\"@id\":\"https:\\\/\\\/regiaonews.net.br\\\/2022\\\/2024\\\/04\\\/25\\\/bispo-coordena-reuniao-do-conselho-de-presbiteros\\\/#breadcrumb\"},\"inLanguage\":\"pt-BR\",\"potentialAction\":[{\"@type\":\"ReadAction\",\"target\":[\"https:\\\/\\\/regiaonews.net.br\\\/2022\\\/2024\\\/04\\\/25\\\/bispo-coordena-reuniao-do-conselho-de-presbiteros\\\/\"]}]},{\"@type\":\"ImageObject\",\"inLanguage\":\"pt-BR\",\"@id\":\"https:\\\/\\\/regiaonews.net.br\\\/2022\\\/2024\\\/04\\\/25\\\/bispo-coordena-reuniao-do-conselho-de-presbiteros\\\/#primaryimage\",\"url\":\"https:\\\/\\\/regiaonews.net.br\\\/2022\\\/wp-content\\\/uploads\\\/2024\\\/04\\\/Imagem-do-WhatsApp-de-2024-04-25-as-10.37.00_70d176af-scaled.jpg\",\"contentUrl\":\"https:\\\/\\\/regiaonews.net.br\\\/2022\\\/wp-content\\\/uploads\\\/2024\\\/04\\\/Imagem-do-WhatsApp-de-2024-04-25-as-10.37.00_70d176af-scaled.jpg\",\"width\":2560,\"height\":1920},{\"@type\":\"BreadcrumbList\",\"@id\":\"https:\\\/\\\/regiaonews.net.br\\\/2022\\\/2024\\\/04\\\/25\\\/bispo-coordena-reuniao-do-conselho-de-presbiteros\\\/#breadcrumb\",\"itemListElement\":[{\"@type\":\"ListItem\",\"position\":1,\"name\":\"In\u00edcio\",\"item\":\"https:\\\/\\\/regiaonews.net.br\\\/2022\\\/\"},{\"@type\":\"ListItem\",\"position\":2,\"name\":\"Bispo coordena reuni\u00e3o do Conselho de Presb\u00edteros\"}]},{\"@type\":\"WebSite\",\"@id\":\"https:\\\/\\\/regiaonews.net.br\\\/2022\\\/#website\",\"url\":\"https:\\\/\\\/regiaonews.net.br\\\/2022\\\/\",\"name\":\"Regi\u00e3o News\",\"description\":\"Site de Not\u00edcias de Barretos e regi\u00e3o\",\"publisher\":{\"@id\":\"https:\\\/\\\/regiaonews.net.br\\\/2022\\\/#organization\"},\"potentialAction\":[{\"@type\":\"SearchAction\",\"target\":{\"@type\":\"EntryPoint\",\"urlTemplate\":\"https:\\\/\\\/regiaonews.net.br\\\/2022\\\/?s={search_term_string}\"},\"query-input\":{\"@type\":\"PropertyValueSpecification\",\"valueRequired\":true,\"valueName\":\"search_term_string\"}}],\"inLanguage\":\"pt-BR\"},{\"@type\":\"Organization\",\"@id\":\"https:\\\/\\\/regiaonews.net.br\\\/2022\\\/#organization\",\"name\":\"Regi\u00e3o News\",\"url\":\"https:\\\/\\\/regiaonews.net.br\\\/2022\\\/\",\"logo\":{\"@type\":\"ImageObject\",\"inLanguage\":\"pt-BR\",\"@id\":\"https:\\\/\\\/regiaonews.net.br\\\/2022\\\/#\\\/schema\\\/logo\\\/image\\\/\",\"url\":\"https:\\\/\\\/regiaonews.net.br\\\/2022\\\/wp-content\\\/uploads\\\/2026\\\/03\\\/regiao-13-anos-scaled.jpg\",\"contentUrl\":\"https:\\\/\\\/regiaonews.net.br\\\/2022\\\/wp-content\\\/uploads\\\/2026\\\/03\\\/regiao-13-anos-scaled.jpg\",\"width\":2560,\"height\":635,\"caption\":\"Regi\u00e3o News\"},\"image\":{\"@id\":\"https:\\\/\\\/regiaonews.net.br\\\/2022\\\/#\\\/schema\\\/logo\\\/image\\\/\"}},{\"@type\":\"Person\",\"@id\":\"https:\\\/\\\/regiaonews.net.br\\\/2022\\\/#\\\/schema\\\/person\\\/2d205a608a5aa97ac279d7a5e6d89ad8\",\"name\":\"Roberto\",\"image\":{\"@type\":\"ImageObject\",\"inLanguage\":\"pt-BR\",\"@id\":\"https:\\\/\\\/secure.gravatar.com\\\/avatar\\\/42749d8b712ff9d59ca93dc150494e5b55a44134482993f5baeb97e61b7ecc89?s=96&d=mm&r=g\",\"url\":\"https:\\\/\\\/secure.gravatar.com\\\/avatar\\\/42749d8b712ff9d59ca93dc150494e5b55a44134482993f5baeb97e61b7ecc89?s=96&d=mm&r=g\",\"contentUrl\":\"https:\\\/\\\/secure.gravatar.com\\\/avatar\\\/42749d8b712ff9d59ca93dc150494e5b55a44134482993f5baeb97e61b7ecc89?s=96&d=mm&r=g\",\"caption\":\"Roberto\"},\"url\":\"https:\\\/\\\/regiaonews.net.br\\\/2022\\\/author\\\/roberto\\\/\"}]}<\/script>\n<!-- \/ Yoast SEO plugin. -->","yoast_head_json":{"title":"Bispo coordena reuni\u00e3o do Conselho de Presb\u00edteros - Regi\u00e3o News","robots":{"index":"index","follow":"follow","max-snippet":"max-snippet:-1","max-image-preview":"max-image-preview:large","max-video-preview":"max-video-preview:-1"},"canonical":"https:\/\/regiaonews.net.br\/2022\/2024\/04\/25\/bispo-coordena-reuniao-do-conselho-de-presbiteros\/","og_locale":"pt_BR","og_type":"article","og_title":"Bispo coordena reuni\u00e3o do Conselho de Presb\u00edteros - Regi\u00e3o News","og_description":"O bispo da Diocese de Barretos, Dom Milton Kenan J\u00fanior,","og_url":"https:\/\/regiaonews.net.br\/2022\/2024\/04\/25\/bispo-coordena-reuniao-do-conselho-de-presbiteros\/","og_site_name":"Regi\u00e3o News","article_published_time":"2024-04-25T18:59:34+00:00","og_image":[{"width":2560,"height":1920,"url":"https:\/\/regiaonews.net.br\/2022\/wp-content\/uploads\/2024\/04\/Imagem-do-WhatsApp-de-2024-04-25-as-10.37.00_70d176af-scaled.jpg","type":"image\/jpeg"}],"author":"Roberto","twitter_card":"summary_large_image","twitter_misc":{"Escrito por":"Roberto","Est. tempo de leitura":"1 minuto"},"schema":{"@context":"https:\/\/schema.org","@graph":[{"@type":"Article","@id":"https:\/\/regiaonews.net.br\/2022\/2024\/04\/25\/bispo-coordena-reuniao-do-conselho-de-presbiteros\/#article","isPartOf":{"@id":"https:\/\/regiaonews.net.br\/2022\/2024\/04\/25\/bispo-coordena-reuniao-do-conselho-de-presbiteros\/"},"author":{"name":"Roberto","@id":"https:\/\/regiaonews.net.br\/2022\/#\/schema\/person\/2d205a608a5aa97ac279d7a5e6d89ad8"},"headline":"Bispo coordena reuni\u00e3o do Conselho de Presb\u00edteros","datePublished":"2024-04-25T18:59:34+00:00","mainEntityOfPage":{"@id":"https:\/\/regiaonews.net.br\/2022\/2024\/04\/25\/bispo-coordena-reuniao-do-conselho-de-presbiteros\/"},"wordCount":136,"commentCount":0,"publisher":{"@id":"https:\/\/regiaonews.net.br\/2022\/#organization"},"image":{"@id":"https:\/\/regiaonews.net.br\/2022\/2024\/04\/25\/bispo-coordena-reuniao-do-conselho-de-presbiteros\/#primaryimage"},"thumbnailUrl":"https:\/\/regiaonews.net.br\/2022\/wp-content\/uploads\/2024\/04\/Imagem-do-WhatsApp-de-2024-04-25-as-10.37.00_70d176af-scaled.jpg","articleSection":["Barretos","Geral"],"inLanguage":"pt-BR","potentialAction":[{"@type":"CommentAction","name":"Comment","target":["https:\/\/regiaonews.net.br\/2022\/2024\/04\/25\/bispo-coordena-reuniao-do-conselho-de-presbiteros\/#respond"]}]},{"@type":"WebPage","@id":"https:\/\/regiaonews.net.br\/2022\/2024\/04\/25\/bispo-coordena-reuniao-do-conselho-de-presbiteros\/","url":"https:\/\/regiaonews.net.br\/2022\/2024\/04\/25\/bispo-coordena-reuniao-do-conselho-de-presbiteros\/","name":"Bispo coordena reuni\u00e3o do Conselho de Presb\u00edteros - Regi\u00e3o News","isPartOf":{"@id":"https:\/\/regiaonews.net.br\/2022\/#website"},"primaryImageOfPage":{"@id":"https:\/\/regiaonews.net.br\/2022\/2024\/04\/25\/bispo-coordena-reuniao-do-conselho-de-presbiteros\/#primaryimage"},"image":{"@id":"https:\/\/regiaonews.net.br\/2022\/2024\/04\/25\/bispo-coordena-reuniao-do-conselho-de-presbiteros\/#primaryimage"},"thumbnailUrl":"https:\/\/regiaonews.net.br\/2022\/wp-content\/uploads\/2024\/04\/Imagem-do-WhatsApp-de-2024-04-25-as-10.37.00_70d176af-scaled.jpg","datePublished":"2024-04-25T18:59:34+00:00","breadcrumb":{"@id":"https:\/\/regiaonews.net.br\/2022\/2024\/04\/25\/bispo-coordena-reuniao-do-conselho-de-presbiteros\/#breadcrumb"},"inLanguage":"pt-BR","potentialAction":[{"@type":"ReadAction","target":["https:\/\/regiaonews.net.br\/2022\/2024\/04\/25\/bispo-coordena-reuniao-do-conselho-de-presbiteros\/"]}]},{"@type":"ImageObject","inLanguage":"pt-BR","@id":"https:\/\/regiaonews.net.br\/2022\/2024\/04\/25\/bispo-coordena-reuniao-do-conselho-de-presbiteros\/#primaryimage","url":"https:\/\/regiaonews.net.br\/2022\/wp-content\/uploads\/2024\/04\/Imagem-do-WhatsApp-de-2024-04-25-as-10.37.00_70d176af-scaled.jpg","contentUrl":"https:\/\/regiaonews.net.br\/2022\/wp-content\/uploads\/2024\/04\/Imagem-do-WhatsApp-de-2024-04-25-as-10.37.00_70d176af-scaled.jpg","width":2560,"height":1920},{"@type":"BreadcrumbList","@id":"https:\/\/regiaonews.net.br\/2022\/2024\/04\/25\/bispo-coordena-reuniao-do-conselho-de-presbiteros\/#breadcrumb","itemListElement":[{"@type":"ListItem","position":1,"name":"In\u00edcio","item":"https:\/\/regiaonews.net.br\/2022\/"},{"@type":"ListItem","position":2,"name":"Bispo coordena reuni\u00e3o do Conselho de Presb\u00edteros"}]},{"@type":"WebSite","@id":"https:\/\/regiaonews.net.br\/2022\/#website","url":"https:\/\/regiaonews.net.br\/2022\/","name":"Regi\u00e3o News","description":"Site de Not\u00edcias de Barretos e regi\u00e3o","publisher":{"@id":"https:\/\/regiaonews.net.br\/2022\/#organization"},"potentialAction":[{"@type":"SearchAction","target":{"@type":"EntryPoint","urlTemplate":"https:\/\/regiaonews.net.br\/2022\/?s={search_term_string}"},"query-input":{"@type":"PropertyValueSpecification","valueRequired":true,"valueName":"search_term_string"}}],"inLanguage":"pt-BR"},{"@type":"Organization","@id":"https:\/\/regiaonews.net.br\/2022\/#organization","name":"Regi\u00e3o News","url":"https:\/\/regiaonews.net.br\/2022\/","logo":{"@type":"ImageObject","inLanguage":"pt-BR","@id":"https:\/\/regiaonews.net.br\/2022\/#\/schema\/logo\/image\/","url":"https:\/\/regiaonews.net.br\/2022\/wp-content\/uploads\/2026\/03\/regiao-13-anos-scaled.jpg","contentUrl":"https:\/\/regiaonews.net.br\/2022\/wp-content\/uploads\/2026\/03\/regiao-13-anos-scaled.jpg","width":2560,"height":635,"caption":"Regi\u00e3o News"},"image":{"@id":"https:\/\/regiaonews.net.br\/2022\/#\/schema\/logo\/image\/"}},{"@type":"Person","@id":"https:\/\/regiaonews.net.br\/2022\/#\/schema\/person\/2d205a608a5aa97ac279d7a5e6d89ad8","name":"Roberto","image":{"@type":"ImageObject","inLanguage":"pt-BR","@id":"https:\/\/secure.gravatar.com\/avatar\/42749d8b712ff9d59ca93dc150494e5b55a44134482993f5baeb97e61b7ecc89?s=96&d=mm&r=g","url":"https:\/\/secure.gravatar.com\/avatar\/42749d8b712ff9d59ca93dc150494e5b55a44134482993f5baeb97e61b7ecc89?s=96&d=mm&r=g","contentUrl":"https:\/\/secure.gravatar.com\/avatar\/42749d8b712ff9d59ca93dc150494e5b55a44134482993f5baeb97e61b7ecc89?s=96&d=mm&r=g","caption":"Roberto"},"url":"https:\/\/regiaonews.net.br\/2022\/author\/roberto\/"}]}},"publishpress_future_action":{"enabled":false,"date":"2026-05-03 23:18:49","action":"change-status","newStatus":"draft","terms":[],"taxonomy":"category","extraData":[]},"publishpress_future_workflow_manual_trigger":{"enabledWorkflows":[]},"_links":{"self":[{"href":"https:\/\/regiaonews.net.br\/2022\/wp-json\/wp\/v2\/posts\/104135","targetHints":{"allow":["GET"]}}],"collection":[{"href":"https:\/\/regiaonews.net.br\/2022\/wp-json\/wp\/v2\/posts"}],"about":[{"href":"https:\/\/regiaonews.net.br\/2022\/wp-json\/wp\/v2\/types\/post"}],"author":[{"embeddable":true,"href":"https:\/\/regiaonews.net.br\/2022\/wp-json\/wp\/v2\/users\/2"}],"replies":[{"embeddable":true,"href":"https:\/\/regiaonews.net.br\/2022\/wp-json\/wp\/v2\/comments?post=104135"}],"version-history":[{"count":1,"href":"https:\/\/regiaonews.net.br\/2022\/wp-json\/wp\/v2\/posts\/104135\/revisions"}],"predecessor-version":[{"id":104137,"href":"https:\/\/regiaonews.net.br\/2022\/wp-json\/wp\/v2\/posts\/104135\/revisions\/104137"}],"wp:featuredmedia":[{"embeddable":true,"href":"https:\/\/regiaonews.net.br\/2022\/wp-json\/wp\/v2\/media\/104136"}],"wp:attachment":[{"href":"https:\/\/regiaonews.net.br\/2022\/wp-json\/wp\/v2\/media?parent=104135"}],"wp:term":[{"taxonomy":"category","embeddable":true,"href":"https:\/\/regiaonews.net.br\/2022\/wp-json\/wp\/v2\/categories?post=104135"},{"taxonomy":"post_tag","embeddable":true,"href":"https:\/\/regiaonews.net.br\/2022\/wp-json\/wp\/v2\/tags?post=104135"}],"curies":[{"name":"wp","href":"https:\/\/api.w.org\/{rel}","templated":true}]}}