{"id":104132,"date":"2024-04-24T22:46:34","date_gmt":"2024-04-25T01:46:34","guid":{"rendered":"https:\/\/regiaonews.net.br\/2022\/?p=104132"},"modified":"2024-04-24T22:47:18","modified_gmt":"2024-04-25T01:47:18","slug":"ato-em-defesa-do-iamspe-acontece-nesta-quinta-feira-em-sp","status":"publish","type":"post","link":"https:\/\/regiaonews.net.br\/2022\/2024\/04\/24\/ato-em-defesa-do-iamspe-acontece-nesta-quinta-feira-em-sp\/","title":{"rendered":"Ato em defesa do IAMSPE acontece nesta quinta-feira em SP"},"content":{"rendered":"<p>&nbsp;<\/p>\n<p>O funcionalismo p\u00fablico estadual estar\u00e1 reunido nesta quinta (25), em S\u00e3o Paulo, na rua Borges Lagoa n\u00ba 1755, em frente ao Ambulat\u00f3rio, onde acontece um ato em defesa do IAMSPE. Na oportunidade, estar\u00e1 em discuss\u00e3o v\u00e1rios assuntos relativos ao funcionamento do plano de sa\u00fade do servidores da ativa e inativos. Na pauta, estar\u00e3o sendo debatido no ato em defesa, o Conselho Administrativo e Fiscal parit\u00e1rio no IAMSPE, elei\u00e7\u00e3o para Superintendente do IAMSPE, 3% para o IAMSPE, n\u00e3o \u00e0 venda do patrim\u00f4nio do IAMSPE e atendimento para todos.<br \/>\nO coordenador regional do IAMSPE, C\u00e9lio Geraldo afirmou que o ato vai reunir servidores de v\u00e1rias categorias do estado na capital.<br \/>\nPROFESSORES<br \/>\nJ\u00e1 na sexta, dia 26, a cidade ser\u00e1 representada na assembleia estadual da APEOESP que est\u00e1 agendada para a Pra\u00e7a da Rep\u00fablica. Na oportunidade, a categoria que est\u00e1 preparando greve na rede estadual de ensino, estar\u00e1 reivindicando o piso nacional no sal\u00e1rio-base da educa\u00e7\u00e3o e os 10,15% bloqueados no STF, ato em defesa do IAMSPE, convoca\u00e7\u00e3o dos aprovados em concurso p\u00fablico e v\u00e1rios outros temas de interesse a categoria.<\/p>\n","protected":false},"excerpt":{"rendered":"<p>&nbsp; O funcionalismo p\u00fablico estadual estar\u00e1 reunido nesta quinta (25),<\/p>\n","protected":false},"author":2,"featured_media":104133,"comment_status":"open","ping_status":"open","sticky":false,"template":"","format":"standard","meta":{"footnotes":""},"categories":[25,29],"tags":[],"class_list":["post-104132","post","type-post","status-publish","format-standard","has-post-thumbnail","hentry","category-cidades","category-sao-paulo"],"yoast_head":"<!-- This site is optimized with the Yoast SEO plugin v27.4 - https:\/\/yoast.com\/product\/yoast-seo-wordpress\/ -->\n<title>Ato em defesa do IAMSPE acontece nesta quinta-feira em SP - Regi\u00e3o News<\/title>\n<meta name=\"robots\" content=\"index, follow, max-snippet:-1, max-image-preview:large, max-video-preview:-1\" \/>\n<link rel=\"canonical\" href=\"https:\/\/regiaonews.net.br\/2022\/2024\/04\/24\/ato-em-defesa-do-iamspe-acontece-nesta-quinta-feira-em-sp\/\" \/>\n<meta property=\"og:locale\" content=\"pt_BR\" \/>\n<meta property=\"og:type\" content=\"article\" \/>\n<meta property=\"og:title\" content=\"Ato em defesa do IAMSPE acontece nesta quinta-feira em SP - Regi\u00e3o News\" \/>\n<meta property=\"og:description\" content=\"&nbsp; O funcionalismo p\u00fablico estadual estar\u00e1 reunido nesta quinta (25),\" \/>\n<meta property=\"og:url\" content=\"https:\/\/regiaonews.net.br\/2022\/2024\/04\/24\/ato-em-defesa-do-iamspe-acontece-nesta-quinta-feira-em-sp\/\" \/>\n<meta property=\"og:site_name\" content=\"Regi\u00e3o News\" \/>\n<meta property=\"article:published_time\" content=\"2024-04-25T01:46:34+00:00\" \/>\n<meta property=\"article:modified_time\" content=\"2024-04-25T01:47:18+00:00\" \/>\n<meta property=\"og:image\" content=\"https:\/\/regiaonews.net.br\/2022\/wp-content\/uploads\/2024\/04\/IMG-20240424-WA0309.jpg\" \/>\n\t<meta property=\"og:image:width\" content=\"940\" \/>\n\t<meta property=\"og:image:height\" content=\"788\" \/>\n\t<meta property=\"og:image:type\" content=\"image\/jpeg\" \/>\n<meta name=\"author\" content=\"Roberto\" \/>\n<meta name=\"twitter:card\" content=\"summary_large_image\" \/>\n<meta name=\"twitter:label1\" content=\"Escrito por\" \/>\n\t<meta name=\"twitter:data1\" content=\"Roberto\" \/>\n\t<meta name=\"twitter:label2\" content=\"Est. tempo de leitura\" \/>\n\t<meta name=\"twitter:data2\" content=\"2 minutos\" \/>\n<script type=\"application\/ld+json\" class=\"yoast-schema-graph\">{\"@context\":\"https:\\\/\\\/schema.org\",\"@graph\":[{\"@type\":\"Article\",\"@id\":\"https:\\\/\\\/regiaonews.net.br\\\/2022\\\/2024\\\/04\\\/24\\\/ato-em-defesa-do-iamspe-acontece-nesta-quinta-feira-em-sp\\\/#article\",\"isPartOf\":{\"@id\":\"https:\\\/\\\/regiaonews.net.br\\\/2022\\\/2024\\\/04\\\/24\\\/ato-em-defesa-do-iamspe-acontece-nesta-quinta-feira-em-sp\\\/\"},\"author\":{\"name\":\"Roberto\",\"@id\":\"https:\\\/\\\/regiaonews.net.br\\\/2022\\\/#\\\/schema\\\/person\\\/2d205a608a5aa97ac279d7a5e6d89ad8\"},\"headline\":\"Ato em defesa do IAMSPE acontece nesta quinta-feira em SP\",\"datePublished\":\"2024-04-25T01:46:34+00:00\",\"dateModified\":\"2024-04-25T01:47:18+00:00\",\"mainEntityOfPage\":{\"@id\":\"https:\\\/\\\/regiaonews.net.br\\\/2022\\\/2024\\\/04\\\/24\\\/ato-em-defesa-do-iamspe-acontece-nesta-quinta-feira-em-sp\\\/\"},\"wordCount\":203,\"commentCount\":0,\"publisher\":{\"@id\":\"https:\\\/\\\/regiaonews.net.br\\\/2022\\\/#organization\"},\"image\":{\"@id\":\"https:\\\/\\\/regiaonews.net.br\\\/2022\\\/2024\\\/04\\\/24\\\/ato-em-defesa-do-iamspe-acontece-nesta-quinta-feira-em-sp\\\/#primaryimage\"},\"thumbnailUrl\":\"https:\\\/\\\/regiaonews.net.br\\\/2022\\\/wp-content\\\/uploads\\\/2024\\\/04\\\/IMG-20240424-WA0309.jpg\",\"articleSection\":[\"Cidades\",\"S\u00e3o Paulo\"],\"inLanguage\":\"pt-BR\",\"potentialAction\":[{\"@type\":\"CommentAction\",\"name\":\"Comment\",\"target\":[\"https:\\\/\\\/regiaonews.net.br\\\/2022\\\/2024\\\/04\\\/24\\\/ato-em-defesa-do-iamspe-acontece-nesta-quinta-feira-em-sp\\\/#respond\"]}]},{\"@type\":\"WebPage\",\"@id\":\"https:\\\/\\\/regiaonews.net.br\\\/2022\\\/2024\\\/04\\\/24\\\/ato-em-defesa-do-iamspe-acontece-nesta-quinta-feira-em-sp\\\/\",\"url\":\"https:\\\/\\\/regiaonews.net.br\\\/2022\\\/2024\\\/04\\\/24\\\/ato-em-defesa-do-iamspe-acontece-nesta-quinta-feira-em-sp\\\/\",\"name\":\"Ato em defesa do IAMSPE acontece nesta quinta-feira em SP - Regi\u00e3o News\",\"isPartOf\":{\"@id\":\"https:\\\/\\\/regiaonews.net.br\\\/2022\\\/#website\"},\"primaryImageOfPage\":{\"@id\":\"https:\\\/\\\/regiaonews.net.br\\\/2022\\\/2024\\\/04\\\/24\\\/ato-em-defesa-do-iamspe-acontece-nesta-quinta-feira-em-sp\\\/#primaryimage\"},\"image\":{\"@id\":\"https:\\\/\\\/regiaonews.net.br\\\/2022\\\/2024\\\/04\\\/24\\\/ato-em-defesa-do-iamspe-acontece-nesta-quinta-feira-em-sp\\\/#primaryimage\"},\"thumbnailUrl\":\"https:\\\/\\\/regiaonews.net.br\\\/2022\\\/wp-content\\\/uploads\\\/2024\\\/04\\\/IMG-20240424-WA0309.jpg\",\"datePublished\":\"2024-04-25T01:46:34+00:00\",\"dateModified\":\"2024-04-25T01:47:18+00:00\",\"breadcrumb\":{\"@id\":\"https:\\\/\\\/regiaonews.net.br\\\/2022\\\/2024\\\/04\\\/24\\\/ato-em-defesa-do-iamspe-acontece-nesta-quinta-feira-em-sp\\\/#breadcrumb\"},\"inLanguage\":\"pt-BR\",\"potentialAction\":[{\"@type\":\"ReadAction\",\"target\":[\"https:\\\/\\\/regiaonews.net.br\\\/2022\\\/2024\\\/04\\\/24\\\/ato-em-defesa-do-iamspe-acontece-nesta-quinta-feira-em-sp\\\/\"]}]},{\"@type\":\"ImageObject\",\"inLanguage\":\"pt-BR\",\"@id\":\"https:\\\/\\\/regiaonews.net.br\\\/2022\\\/2024\\\/04\\\/24\\\/ato-em-defesa-do-iamspe-acontece-nesta-quinta-feira-em-sp\\\/#primaryimage\",\"url\":\"https:\\\/\\\/regiaonews.net.br\\\/2022\\\/wp-content\\\/uploads\\\/2024\\\/04\\\/IMG-20240424-WA0309.jpg\",\"contentUrl\":\"https:\\\/\\\/regiaonews.net.br\\\/2022\\\/wp-content\\\/uploads\\\/2024\\\/04\\\/IMG-20240424-WA0309.jpg\",\"width\":940,\"height\":788},{\"@type\":\"BreadcrumbList\",\"@id\":\"https:\\\/\\\/regiaonews.net.br\\\/2022\\\/2024\\\/04\\\/24\\\/ato-em-defesa-do-iamspe-acontece-nesta-quinta-feira-em-sp\\\/#breadcrumb\",\"itemListElement\":[{\"@type\":\"ListItem\",\"position\":1,\"name\":\"In\u00edcio\",\"item\":\"https:\\\/\\\/regiaonews.net.br\\\/2022\\\/\"},{\"@type\":\"ListItem\",\"position\":2,\"name\":\"Ato em defesa do IAMSPE acontece nesta quinta-feira em SP\"}]},{\"@type\":\"WebSite\",\"@id\":\"https:\\\/\\\/regiaonews.net.br\\\/2022\\\/#website\",\"url\":\"https:\\\/\\\/regiaonews.net.br\\\/2022\\\/\",\"name\":\"Regi\u00e3o News\",\"description\":\"Site de Not\u00edcias de Barretos e regi\u00e3o\",\"publisher\":{\"@id\":\"https:\\\/\\\/regiaonews.net.br\\\/2022\\\/#organization\"},\"potentialAction\":[{\"@type\":\"SearchAction\",\"target\":{\"@type\":\"EntryPoint\",\"urlTemplate\":\"https:\\\/\\\/regiaonews.net.br\\\/2022\\\/?s={search_term_string}\"},\"query-input\":{\"@type\":\"PropertyValueSpecification\",\"valueRequired\":true,\"valueName\":\"search_term_string\"}}],\"inLanguage\":\"pt-BR\"},{\"@type\":\"Organization\",\"@id\":\"https:\\\/\\\/regiaonews.net.br\\\/2022\\\/#organization\",\"name\":\"Regi\u00e3o News\",\"url\":\"https:\\\/\\\/regiaonews.net.br\\\/2022\\\/\",\"logo\":{\"@type\":\"ImageObject\",\"inLanguage\":\"pt-BR\",\"@id\":\"https:\\\/\\\/regiaonews.net.br\\\/2022\\\/#\\\/schema\\\/logo\\\/image\\\/\",\"url\":\"https:\\\/\\\/regiaonews.net.br\\\/2022\\\/wp-content\\\/uploads\\\/2026\\\/03\\\/regiao-13-anos-scaled.jpg\",\"contentUrl\":\"https:\\\/\\\/regiaonews.net.br\\\/2022\\\/wp-content\\\/uploads\\\/2026\\\/03\\\/regiao-13-anos-scaled.jpg\",\"width\":2560,\"height\":635,\"caption\":\"Regi\u00e3o News\"},\"image\":{\"@id\":\"https:\\\/\\\/regiaonews.net.br\\\/2022\\\/#\\\/schema\\\/logo\\\/image\\\/\"}},{\"@type\":\"Person\",\"@id\":\"https:\\\/\\\/regiaonews.net.br\\\/2022\\\/#\\\/schema\\\/person\\\/2d205a608a5aa97ac279d7a5e6d89ad8\",\"name\":\"Roberto\",\"image\":{\"@type\":\"ImageObject\",\"inLanguage\":\"pt-BR\",\"@id\":\"https:\\\/\\\/secure.gravatar.com\\\/avatar\\\/42749d8b712ff9d59ca93dc150494e5b55a44134482993f5baeb97e61b7ecc89?s=96&d=mm&r=g\",\"url\":\"https:\\\/\\\/secure.gravatar.com\\\/avatar\\\/42749d8b712ff9d59ca93dc150494e5b55a44134482993f5baeb97e61b7ecc89?s=96&d=mm&r=g\",\"contentUrl\":\"https:\\\/\\\/secure.gravatar.com\\\/avatar\\\/42749d8b712ff9d59ca93dc150494e5b55a44134482993f5baeb97e61b7ecc89?s=96&d=mm&r=g\",\"caption\":\"Roberto\"},\"url\":\"https:\\\/\\\/regiaonews.net.br\\\/2022\\\/author\\\/roberto\\\/\"}]}<\/script>\n<!-- \/ Yoast SEO plugin. -->","yoast_head_json":{"title":"Ato em defesa do IAMSPE acontece nesta quinta-feira em SP - Regi\u00e3o News","robots":{"index":"index","follow":"follow","max-snippet":"max-snippet:-1","max-image-preview":"max-image-preview:large","max-video-preview":"max-video-preview:-1"},"canonical":"https:\/\/regiaonews.net.br\/2022\/2024\/04\/24\/ato-em-defesa-do-iamspe-acontece-nesta-quinta-feira-em-sp\/","og_locale":"pt_BR","og_type":"article","og_title":"Ato em defesa do IAMSPE acontece nesta quinta-feira em SP - Regi\u00e3o News","og_description":"&nbsp; O funcionalismo p\u00fablico estadual estar\u00e1 reunido nesta quinta (25),","og_url":"https:\/\/regiaonews.net.br\/2022\/2024\/04\/24\/ato-em-defesa-do-iamspe-acontece-nesta-quinta-feira-em-sp\/","og_site_name":"Regi\u00e3o News","article_published_time":"2024-04-25T01:46:34+00:00","article_modified_time":"2024-04-25T01:47:18+00:00","og_image":[{"width":940,"height":788,"url":"https:\/\/regiaonews.net.br\/2022\/wp-content\/uploads\/2024\/04\/IMG-20240424-WA0309.jpg","type":"image\/jpeg"}],"author":"Roberto","twitter_card":"summary_large_image","twitter_misc":{"Escrito por":"Roberto","Est. tempo de leitura":"2 minutos"},"schema":{"@context":"https:\/\/schema.org","@graph":[{"@type":"Article","@id":"https:\/\/regiaonews.net.br\/2022\/2024\/04\/24\/ato-em-defesa-do-iamspe-acontece-nesta-quinta-feira-em-sp\/#article","isPartOf":{"@id":"https:\/\/regiaonews.net.br\/2022\/2024\/04\/24\/ato-em-defesa-do-iamspe-acontece-nesta-quinta-feira-em-sp\/"},"author":{"name":"Roberto","@id":"https:\/\/regiaonews.net.br\/2022\/#\/schema\/person\/2d205a608a5aa97ac279d7a5e6d89ad8"},"headline":"Ato em defesa do IAMSPE acontece nesta quinta-feira em SP","datePublished":"2024-04-25T01:46:34+00:00","dateModified":"2024-04-25T01:47:18+00:00","mainEntityOfPage":{"@id":"https:\/\/regiaonews.net.br\/2022\/2024\/04\/24\/ato-em-defesa-do-iamspe-acontece-nesta-quinta-feira-em-sp\/"},"wordCount":203,"commentCount":0,"publisher":{"@id":"https:\/\/regiaonews.net.br\/2022\/#organization"},"image":{"@id":"https:\/\/regiaonews.net.br\/2022\/2024\/04\/24\/ato-em-defesa-do-iamspe-acontece-nesta-quinta-feira-em-sp\/#primaryimage"},"thumbnailUrl":"https:\/\/regiaonews.net.br\/2022\/wp-content\/uploads\/2024\/04\/IMG-20240424-WA0309.jpg","articleSection":["Cidades","S\u00e3o Paulo"],"inLanguage":"pt-BR","potentialAction":[{"@type":"CommentAction","name":"Comment","target":["https:\/\/regiaonews.net.br\/2022\/2024\/04\/24\/ato-em-defesa-do-iamspe-acontece-nesta-quinta-feira-em-sp\/#respond"]}]},{"@type":"WebPage","@id":"https:\/\/regiaonews.net.br\/2022\/2024\/04\/24\/ato-em-defesa-do-iamspe-acontece-nesta-quinta-feira-em-sp\/","url":"https:\/\/regiaonews.net.br\/2022\/2024\/04\/24\/ato-em-defesa-do-iamspe-acontece-nesta-quinta-feira-em-sp\/","name":"Ato em defesa do IAMSPE acontece nesta quinta-feira em SP - Regi\u00e3o News","isPartOf":{"@id":"https:\/\/regiaonews.net.br\/2022\/#website"},"primaryImageOfPage":{"@id":"https:\/\/regiaonews.net.br\/2022\/2024\/04\/24\/ato-em-defesa-do-iamspe-acontece-nesta-quinta-feira-em-sp\/#primaryimage"},"image":{"@id":"https:\/\/regiaonews.net.br\/2022\/2024\/04\/24\/ato-em-defesa-do-iamspe-acontece-nesta-quinta-feira-em-sp\/#primaryimage"},"thumbnailUrl":"https:\/\/regiaonews.net.br\/2022\/wp-content\/uploads\/2024\/04\/IMG-20240424-WA0309.jpg","datePublished":"2024-04-25T01:46:34+00:00","dateModified":"2024-04-25T01:47:18+00:00","breadcrumb":{"@id":"https:\/\/regiaonews.net.br\/2022\/2024\/04\/24\/ato-em-defesa-do-iamspe-acontece-nesta-quinta-feira-em-sp\/#breadcrumb"},"inLanguage":"pt-BR","potentialAction":[{"@type":"ReadAction","target":["https:\/\/regiaonews.net.br\/2022\/2024\/04\/24\/ato-em-defesa-do-iamspe-acontece-nesta-quinta-feira-em-sp\/"]}]},{"@type":"ImageObject","inLanguage":"pt-BR","@id":"https:\/\/regiaonews.net.br\/2022\/2024\/04\/24\/ato-em-defesa-do-iamspe-acontece-nesta-quinta-feira-em-sp\/#primaryimage","url":"https:\/\/regiaonews.net.br\/2022\/wp-content\/uploads\/2024\/04\/IMG-20240424-WA0309.jpg","contentUrl":"https:\/\/regiaonews.net.br\/2022\/wp-content\/uploads\/2024\/04\/IMG-20240424-WA0309.jpg","width":940,"height":788},{"@type":"BreadcrumbList","@id":"https:\/\/regiaonews.net.br\/2022\/2024\/04\/24\/ato-em-defesa-do-iamspe-acontece-nesta-quinta-feira-em-sp\/#breadcrumb","itemListElement":[{"@type":"ListItem","position":1,"name":"In\u00edcio","item":"https:\/\/regiaonews.net.br\/2022\/"},{"@type":"ListItem","position":2,"name":"Ato em defesa do IAMSPE acontece nesta quinta-feira em SP"}]},{"@type":"WebSite","@id":"https:\/\/regiaonews.net.br\/2022\/#website","url":"https:\/\/regiaonews.net.br\/2022\/","name":"Regi\u00e3o News","description":"Site de Not\u00edcias de Barretos e regi\u00e3o","publisher":{"@id":"https:\/\/regiaonews.net.br\/2022\/#organization"},"potentialAction":[{"@type":"SearchAction","target":{"@type":"EntryPoint","urlTemplate":"https:\/\/regiaonews.net.br\/2022\/?s={search_term_string}"},"query-input":{"@type":"PropertyValueSpecification","valueRequired":true,"valueName":"search_term_string"}}],"inLanguage":"pt-BR"},{"@type":"Organization","@id":"https:\/\/regiaonews.net.br\/2022\/#organization","name":"Regi\u00e3o News","url":"https:\/\/regiaonews.net.br\/2022\/","logo":{"@type":"ImageObject","inLanguage":"pt-BR","@id":"https:\/\/regiaonews.net.br\/2022\/#\/schema\/logo\/image\/","url":"https:\/\/regiaonews.net.br\/2022\/wp-content\/uploads\/2026\/03\/regiao-13-anos-scaled.jpg","contentUrl":"https:\/\/regiaonews.net.br\/2022\/wp-content\/uploads\/2026\/03\/regiao-13-anos-scaled.jpg","width":2560,"height":635,"caption":"Regi\u00e3o News"},"image":{"@id":"https:\/\/regiaonews.net.br\/2022\/#\/schema\/logo\/image\/"}},{"@type":"Person","@id":"https:\/\/regiaonews.net.br\/2022\/#\/schema\/person\/2d205a608a5aa97ac279d7a5e6d89ad8","name":"Roberto","image":{"@type":"ImageObject","inLanguage":"pt-BR","@id":"https:\/\/secure.gravatar.com\/avatar\/42749d8b712ff9d59ca93dc150494e5b55a44134482993f5baeb97e61b7ecc89?s=96&d=mm&r=g","url":"https:\/\/secure.gravatar.com\/avatar\/42749d8b712ff9d59ca93dc150494e5b55a44134482993f5baeb97e61b7ecc89?s=96&d=mm&r=g","contentUrl":"https:\/\/secure.gravatar.com\/avatar\/42749d8b712ff9d59ca93dc150494e5b55a44134482993f5baeb97e61b7ecc89?s=96&d=mm&r=g","caption":"Roberto"},"url":"https:\/\/regiaonews.net.br\/2022\/author\/roberto\/"}]}},"publishpress_future_action":{"enabled":false,"date":"2026-05-04 00:56:50","action":"change-status","newStatus":"draft","terms":[],"taxonomy":"category","extraData":[]},"publishpress_future_workflow_manual_trigger":{"enabledWorkflows":[]},"_links":{"self":[{"href":"https:\/\/regiaonews.net.br\/2022\/wp-json\/wp\/v2\/posts\/104132","targetHints":{"allow":["GET"]}}],"collection":[{"href":"https:\/\/regiaonews.net.br\/2022\/wp-json\/wp\/v2\/posts"}],"about":[{"href":"https:\/\/regiaonews.net.br\/2022\/wp-json\/wp\/v2\/types\/post"}],"author":[{"embeddable":true,"href":"https:\/\/regiaonews.net.br\/2022\/wp-json\/wp\/v2\/users\/2"}],"replies":[{"embeddable":true,"href":"https:\/\/regiaonews.net.br\/2022\/wp-json\/wp\/v2\/comments?post=104132"}],"version-history":[{"count":1,"href":"https:\/\/regiaonews.net.br\/2022\/wp-json\/wp\/v2\/posts\/104132\/revisions"}],"predecessor-version":[{"id":104134,"href":"https:\/\/regiaonews.net.br\/2022\/wp-json\/wp\/v2\/posts\/104132\/revisions\/104134"}],"wp:featuredmedia":[{"embeddable":true,"href":"https:\/\/regiaonews.net.br\/2022\/wp-json\/wp\/v2\/media\/104133"}],"wp:attachment":[{"href":"https:\/\/regiaonews.net.br\/2022\/wp-json\/wp\/v2\/media?parent=104132"}],"wp:term":[{"taxonomy":"category","embeddable":true,"href":"https:\/\/regiaonews.net.br\/2022\/wp-json\/wp\/v2\/categories?post=104132"},{"taxonomy":"post_tag","embeddable":true,"href":"https:\/\/regiaonews.net.br\/2022\/wp-json\/wp\/v2\/tags?post=104132"}],"curies":[{"name":"wp","href":"https:\/\/api.w.org\/{rel}","templated":true}]}}