{"id":104129,"date":"2024-04-24T18:46:18","date_gmt":"2024-04-24T21:46:18","guid":{"rendered":"https:\/\/regiaonews.net.br\/2022\/?p=104129"},"modified":"2024-04-24T18:46:18","modified_gmt":"2024-04-24T21:46:18","slug":"jovens-do-grupo-de-escoteiros-chao-preto-recebem-diplomas-na-camara","status":"publish","type":"post","link":"https:\/\/regiaonews.net.br\/2022\/2024\/04\/24\/jovens-do-grupo-de-escoteiros-chao-preto-recebem-diplomas-na-camara\/","title":{"rendered":"Jovens do grupo de escoteiros Ch\u00e3o Preto recebem diplomas na C\u00e2mara"},"content":{"rendered":"<h3 class=\"mb-4\">Diploma Escoteiro do Ano tem como objetivo reconhecer o trabalho e o aprendizado dos jovens em prol da comunidade barretense.<\/h3>\n<p>Tr\u00eas\u00a0jovens\u00a0do grupo de escoteiros &#8220;Ch\u00e3o Preto&#8221; receberam os\u00a0<strong>Diplomas &#8220;Escoteiro do Ano&#8221; 2024\u00a0<\/strong>durante\u00a0<strong>Sess\u00e3o Solene<\/strong>\u00a0realizada na noite de ter\u00e7a-feira (23\/abr), na C\u00e2mara.<strong>\u00a0<\/strong><\/p>\n<p>A homenagem acontece em cumprimento \u00e0\u00a0<a title=\"\" href=\"http:\/\/consulta.camarabarretos.sp.gov.br\/Documentos\/Documento\/288470\" target=\"_blank\" rel=\"noopener\"><strong>Lei Municipal n\u00ba 5.289, de 06 de abril de 2016<\/strong><\/a>, de autoria da ex-vereadora e atual Prefeita, Paula Lemos,\u00a0em reconhecimento ao trabalho e ao aprendizado desses jovens em prol da comunidade barretense.<\/p>\n<p>Em 2024, os homenageados foram:<\/p>\n<p><u><strong>CATEGORIA ESCOTEIRO:<\/strong><\/u>\u00a0Gabriel Rocha Faria (15 anos)<\/p>\n<p><strong><u>CATEGORIA LOBINHO:\u00a0\u00a0<\/u><\/strong>William de Souza\u00a0(09\u00a0anos).<\/p>\n<p><strong><u>CATEGORIA S\u00caNIOR:\u00a0<\/u><\/strong>Guilherme Yolando Moacir Carboni (18 anos).<\/p>\n<p>Durante a solenidade,\u00a0<strong>a Diretora Presidente do Grupo Escoteiro &#8220;Ch\u00e3o Preto&#8221;,\u00a0Maisa Witzel, fez uma homenagem especial a mais tr\u00eas jovens escoteiros: Bernardo Urzua dos Santos, Gabriel Bas\u00edlio Ferreira e Helena Rocha de Angeli. A pr\u00f3pria Maisa recebeu um buqu\u00ea de flores surpresa dos Lobinhos &#8211; que \u00e9 a categoria com as crian\u00e7as mais jovens do movimento escoteiro.\u00a0<\/strong><\/p>\n<p>Fizeram parte da Mesa de Autoridades: o vice-Presidente da C\u00e2mara<strong>, vereador Gabriel Uchida;\u00a0<\/strong>a Presidente do grupo escoteiro &#8220;Ch\u00e3o Preto&#8221;<strong>, Maisa Rosa Witzel;\u00a0<\/strong>a Chefe dos Lobinhos,\u00a0<strong>Luciana Mara de Souza;\u00a0<\/strong>e o Chefe da Tropa Escoteira,<strong>\u00a0Rafael L\u00e9lis.<\/strong><\/p>\n<p>Tamb\u00e9m participaram da solenidade: o Diretor Administrativo dos Escoteiros,\u00a0<strong>Jo\u00e3o Paulo Vieira dos Santos &#8220;Batata&#8221;;\u00a0<\/strong>a Chefe Assistente dos Lobinhos,\u00a0<strong>Elisa Maria Rocha;\u00a0<\/strong>o Pastor da Assembleia de Deus Minist\u00e9rio do Bel\u00e9m, J<strong>onatas Lazzaroto.<\/strong><\/p>\n<p>Familiares e amigos dos homenageados, al\u00e9m de integrantes do clube de escoteiros &#8220;Ch\u00e3o Preto&#8221;\u00a0 tamb\u00e9m foram ao Plen\u00e1rio da C\u00e2mara para acompanhar a solenidade.<\/p>\n<p>A\u00a0<strong>TV C\u00e2mara Barretos<\/strong>\u00a0transmitiu a homenagem ao vivo pelo\u00a0<strong>canal 31.3, Facebook, Youtube e site.<\/strong><\/p>\n<p>A Sess\u00e3o Solene para a entrega dos\u00a0<strong>Diplomas de Escoteiro do Ano<\/strong>\u00a0acontece em cumprimento \u00e0\u00a0<a title=\"\" href=\"http:\/\/consulta.camarabarretos.sp.gov.br\/Documentos\/Documento\/288470\" target=\"_blank\" rel=\"noopener\"><strong>Lei Municipal n\u00ba 5.289, de 06 de abril de 2016<\/strong><\/a>, de autoria da ex-vereadora e atual Prefeita, Paula Lemos.<\/p>\n<p>A escolha dos homenageados \u00e9 feita pelos chefes dos grupos de escoteiro de Barretos.\u00a0 Entre os crit\u00e9rios para os escoteiros serem homenageados est\u00e3o a\u00a0camaradagem, o esp\u00edrito de corpo, a lealdade e a\u00a0 responsabilidade pessoal.<\/p>\n<p>Os nomes dos indicados s\u00e3o enviados \u00e0 C\u00e2mara juntamente com a documenta\u00e7\u00e3o exigida pela lei. A Mesa Diretora elabora Projeto de Decreto Legislativo, que passa pelas Comiss\u00f5es e posteriormente \u00e9 levado ao Plen\u00e1rio para ser discutido e votado por todos os vereadores.<\/p>\n<p>Este ano, os homenageados foram definidos pelo\u00a0<a href=\"http:\/\/consulta.camarabarretos.sp.gov.br\/Documentos\/Documento\/406387\" target=\"_blank\" rel=\"noopener\"><strong>Decreto Legislativo n\u00ba 05\/202<\/strong>4<\/a><\/p>\n<p>Escotismo \u00e9 um movimento mundial que incentiva, por meio da pr\u00e1tica do trabalho em equipe,\u00a0o desenvolvimento da fraternidade, responsabilidade, respeito e disciplina\u00a0nos\u00a0jovens. Surgiu na Inglaterra,\u00a0em 1907, por iniciativa do\u00a0ex-general Robert Baden-Powell. \u00c9 considerado\u00a0o maior movimento educacional de jovens do mundo.<\/p>\n<p>Em Barretos, o escotismo existe h\u00e1 decadas. J\u00e1 o Grupo Escoteiro Ch\u00e3o Preto &#8211; 375\/SP foi fundado no dia 18 de fevereiro de 2014 e realiza atividades semanais na cidade.<\/p>\n<hr \/>\n<p><strong>HIST\u00d3RICO DE HOMENAGEADOS (2016 a 2024)<\/strong><\/p>\n<p><a href=\"https:\/\/camarabarretos.sp.gov.br\/noticia\/jovens-de-barretos-recebem-diploma-de-escoteiro-do-ano\/4538\" target=\"_blank\" rel=\"noopener\"><strong>2016<\/strong><\/a><\/p>\n<p><strong>GRUPO ESCOTEIRO &#8220;CH\u00c3O PRETO&#8221;<\/strong>\u00a0&#8211;\u00a0<u><strong>CATEGORIA ESCOTEIRO:<\/strong><\/u>\u00a0Byanca Miranda Batista Lopes (13 anos)<strong>; Lobinho:\u00a0<\/strong>Fillipi Marques Souza (10 anos);\u00a0<strong>S\u00eanior:\u00a0<\/strong>\u00a0Bruno Junqueira Gomes Micheli (16 anos)<\/p>\n<p><a href=\"https:\/\/camarabarretos.sp.gov.br\/noticia\/camara-faz-entrega-do-diploma-escoteiro-do-ano-2017\/4667\" target=\"_blank\" rel=\"noopener\"><strong>2017<\/strong><\/a><\/p>\n<p><strong>GRUPO ESCOTEIRO &#8220;CH\u00c3O PRETO&#8221;<\/strong>\u00a0&#8211;\u00a0<u><strong>CATEGORIA ESCOTEIRO:\u00a0<\/strong><\/u>Pedro Mendes Kirchhoff<strong>\u00a0<\/strong>(14 anos)<strong>; Lobinho:\u00a0<\/strong>Anna Beatriz Maraval de Paula (11 anos);\u00a0<strong>S\u00eanior:\u00a0<\/strong>\u00a0Bruno Nogueira de Oliveira (17 anos)<\/p>\n<p><a href=\"https:\/\/camarabarretos.sp.gov.br\/noticia\/camara-entrega-diplomas-de-escoteiro-do-ano-2018\/4750\" target=\"_blank\" rel=\"noopener\"><strong>2018<\/strong><\/a><\/p>\n<p><strong>GRUPO ESCOTEIRO &#8220;CH\u00c3O PRETO&#8221;<\/strong>\u00a0&#8211;\u00a0<u><strong>CATEGORIA ESCOTEIRO:<\/strong><\/u>\u00a0<a href=\"https:\/\/camarabarretos.sp.gov.br\/images\/noticias\/4750\/15265203665afcda2e943e8.jpg\" target=\"_blank\" rel=\"noopener\"><strong>Gabriel Silveira Garcia Silvestre<\/strong><\/a>\u00a0(13 anos)<strong>;\u00a0<u>CATEGORIA LOBINHO:\u00a0<\/u><a href=\"https:\/\/camarabarretos.sp.gov.br\/images\/noticias\/4750\/15265203605afcda281eb7f.jpg\" target=\"_blank\" rel=\"noopener\">Henrique Matias Pacheco de Oliveira<\/a>\u00a0<\/strong>(10 anos);\u00a0<strong><u>CATEGORIA S\u00caNIOR:<\/u>\u00a0<a href=\"https:\/\/camarabarretos.sp.gov.br\/images\/noticias\/4750\/15265203735afcda3544b45.jpg\" target=\"_blank\" rel=\"noopener\">Gabriel Hiro Sato Ribeiro<\/a><\/strong>\u00a0(15 anos);<\/p>\n<p><strong>GRUPO ESCOTEIRO DO AR &#8220;ROSA DOS VENTOS&#8221; &#8211;\u00a0<u>CATEGORIA ESCOTEIRO:<\/u>\u00a0<a href=\"https:\/\/camarabarretos.sp.gov.br\/images\/noticias\/4750\/15265203795afcda3b66ac3.jpg\" target=\"_blank\" rel=\"noopener\">Cec\u00edlia dos Passos Craveiro<\/a><\/strong>\u00a0(11 anos);\u00a0<strong><u>CATEGORIA LOBINHO:<\/u>\u00a0<a href=\"https:\/\/camarabarretos.sp.gov.br\/images\/noticias\/4750\/15265203765afcda3876f2e.jpg\" target=\"_blank\" rel=\"noopener\">Maria Eduarda Lemes Soares<\/a>\u00a0<\/strong>(10 anos);\u00a0<strong><u>CATEGORIA S\u00caNIOR:<\/u>\u00a0<a href=\"https:\/\/camarabarretos.sp.gov.br\/images\/noticias\/4750\/15265203865afcda4256ec9.jpg\" target=\"_blank\" rel=\"noopener\">Matheus Afonso de Oliveira Mendes<\/a><\/strong>\u00a0(15 anos).<\/p>\n<p><a href=\"https:\/\/camarabarretos.sp.gov.br\/noticia\/camara-entrega-diplomas-de-escoteiro-do-ano-2019\/4872\" target=\"_blank\" rel=\"noopener\"><strong>2019\u00a0<\/strong><\/a><\/p>\n<p><strong>GRUPO ESCOTEIRO &#8220;CH\u00c3O PRETO&#8221; &#8211;\u00a0<\/strong><u><strong>CATEGORIA ESCOTEIRO:<\/strong><\/u>\u00a0<strong><a href=\"https:\/\/camarabarretos.sp.gov.br\/images\/noticias\/4872\/alta_15585757295ce5fa71a4f14.jpg\" target=\"_blank\" rel=\"noopener\">Filipe Quito F<\/a><\/strong><a href=\"https:\/\/camarabarretos.sp.gov.br\/images\/noticias\/4872\/alta_15585757295ce5fa71a4f14.jpg\" target=\"_blank\" rel=\"noopener\"><strong>ernandes<\/strong><\/a>\u00a0(13 anos);\u00a0<strong><u>CATEGORIA LOBINHO:\u00a0\u00a0<a href=\"https:\/\/camarabarretos.sp.gov.br\/images\/noticias\/4872\/alta_15585757345ce5fa761fa83.jpg\" target=\"_blank\" rel=\"noopener\">Tarc\u00edsio Vicente Domingos\u00a0<\/a><\/u><\/strong>(09\u00a0anos);\u00a0<strong><u>CATEGORIA S\u00caNIOR:\u00a0<a href=\"https:\/\/camarabarretos.sp.gov.br\/images\/noticias\/4872\/alta_15585757385ce5fa7a190d2.jpg\" target=\"_blank\" rel=\"noopener\">Jo\u00e3o Pedro Aparecido Gon\u00e7alves<\/a><\/u><\/strong><a href=\"https:\/\/camarabarretos.sp.gov.br\/images\/noticias\/4868\/alta_15577948415cda1019af0b0.jpg\" target=\"_blank\" rel=\"noopener\">\u00a0<\/a>(16 anos).<\/p>\n<p><a href=\"http:\/\/consulta.camarabarretos.sp.gov.br\/Documentos\/Documento\/344241\" target=\"_blank\" rel=\"noopener\"><strong>2020<\/strong><\/a>\u00a0( diplomas foram entregues sem a realiza\u00e7\u00e3o de Sess\u00e3o Solene devido \u00e0 pandemia de Covid-19)<\/p>\n<p><strong>GRUPO ESCOTEIRO &#8220;CH\u00c3O PRETO&#8221; &#8211;\u00a0<\/strong><u><strong>CATEGORIA ESCOTEIRO:\u00a0<\/strong><\/u>Gabriella Quito Lima;\u00a0\u00a0<strong><u>CATEGORIA LOBINHO:\u00a0<\/u><\/strong>Pietro Gabriel Candido de Lucas;\u00a0\u00a0<strong><u>CATEGORIA S\u00caNIOR:\u00a0<\/u><\/strong>Amanda Cepellos Freitas (16 anos)<\/p>\n<p><strong>2021\u00a0<\/strong>(Nomes n\u00e3o foram indicados \u00e0 C\u00e2mara)<\/p>\n<p><strong>2022<\/strong>\u00a0(Nomes n\u00e3o foram indicados \u00e0 C\u00e2mara)<\/p>\n<p><strong>2023<\/strong>\u00a0(Nomes n\u00e3o foram indicados \u00e0 C\u00e2mara)<\/p>\n<p><strong>2024\u00a0\u00a0<\/strong><\/p>\n<p><strong>GRUPO ESCOTEIRO &#8220;CH\u00c3O PRETO&#8221; &#8211;\u00a0\u00a0<\/strong><u><strong>CATEGORIA ESCOTEIRO:<\/strong><\/u>\u00a0Gabriel Rocha Faria (15 anos);\u00a0<strong><u>CATEGORIA LOBINHO:\u00a0\u00a0<\/u><\/strong>William de Souza\u00a0(09\u00a0anos);\u00a0<strong><u>CATEGORIA S\u00caNIOR:\u00a0<\/u><\/strong>Guilherme Yolando Moacir Carboni (18 anos).<\/p>\n","protected":false},"excerpt":{"rendered":"<p>Diploma Escoteiro do Ano tem como objetivo reconhecer o trabalho<\/p>\n","protected":false},"author":2,"featured_media":104130,"comment_status":"open","ping_status":"open","sticky":false,"template":"","format":"standard","meta":{"footnotes":""},"categories":[14,25],"tags":[],"class_list":["post-104129","post","type-post","status-publish","format-standard","has-post-thumbnail","hentry","category-barretos","category-cidades"],"yoast_head":"<!-- This site is optimized with the Yoast SEO plugin v27.4 - https:\/\/yoast.com\/product\/yoast-seo-wordpress\/ -->\n<title>Jovens do grupo de escoteiros Ch\u00e3o Preto recebem diplomas na C\u00e2mara - Regi\u00e3o News<\/title>\n<meta name=\"robots\" content=\"index, follow, max-snippet:-1, max-image-preview:large, max-video-preview:-1\" \/>\n<link rel=\"canonical\" href=\"https:\/\/regiaonews.net.br\/2022\/2024\/04\/24\/jovens-do-grupo-de-escoteiros-chao-preto-recebem-diplomas-na-camara\/\" \/>\n<meta property=\"og:locale\" content=\"pt_BR\" \/>\n<meta property=\"og:type\" content=\"article\" \/>\n<meta property=\"og:title\" content=\"Jovens do grupo de escoteiros Ch\u00e3o Preto recebem diplomas na C\u00e2mara - Regi\u00e3o News\" \/>\n<meta property=\"og:description\" content=\"Diploma Escoteiro do Ano tem como objetivo reconhecer o trabalho\" \/>\n<meta property=\"og:url\" content=\"https:\/\/regiaonews.net.br\/2022\/2024\/04\/24\/jovens-do-grupo-de-escoteiros-chao-preto-recebem-diplomas-na-camara\/\" \/>\n<meta property=\"og:site_name\" content=\"Regi\u00e3o News\" \/>\n<meta property=\"article:published_time\" content=\"2024-04-24T21:46:18+00:00\" \/>\n<meta property=\"og:image\" content=\"https:\/\/regiaonews.net.br\/2022\/wp-content\/uploads\/2024\/04\/alta_171392242366286177516ec.jpg\" \/>\n\t<meta property=\"og:image:width\" content=\"2000\" \/>\n\t<meta property=\"og:image:height\" content=\"1115\" \/>\n\t<meta property=\"og:image:type\" content=\"image\/jpeg\" \/>\n<meta name=\"author\" content=\"Roberto\" \/>\n<meta name=\"twitter:card\" content=\"summary_large_image\" \/>\n<meta name=\"twitter:label1\" content=\"Escrito por\" \/>\n\t<meta name=\"twitter:data1\" content=\"Roberto\" \/>\n\t<meta name=\"twitter:label2\" content=\"Est. tempo de leitura\" \/>\n\t<meta name=\"twitter:data2\" content=\"5 minutos\" \/>\n<script type=\"application\/ld+json\" class=\"yoast-schema-graph\">{\"@context\":\"https:\\\/\\\/schema.org\",\"@graph\":[{\"@type\":\"Article\",\"@id\":\"https:\\\/\\\/regiaonews.net.br\\\/2022\\\/2024\\\/04\\\/24\\\/jovens-do-grupo-de-escoteiros-chao-preto-recebem-diplomas-na-camara\\\/#article\",\"isPartOf\":{\"@id\":\"https:\\\/\\\/regiaonews.net.br\\\/2022\\\/2024\\\/04\\\/24\\\/jovens-do-grupo-de-escoteiros-chao-preto-recebem-diplomas-na-camara\\\/\"},\"author\":{\"name\":\"Roberto\",\"@id\":\"https:\\\/\\\/regiaonews.net.br\\\/2022\\\/#\\\/schema\\\/person\\\/2d205a608a5aa97ac279d7a5e6d89ad8\"},\"headline\":\"Jovens do grupo de escoteiros Ch\u00e3o Preto recebem diplomas na C\u00e2mara\",\"datePublished\":\"2024-04-24T21:46:18+00:00\",\"mainEntityOfPage\":{\"@id\":\"https:\\\/\\\/regiaonews.net.br\\\/2022\\\/2024\\\/04\\\/24\\\/jovens-do-grupo-de-escoteiros-chao-preto-recebem-diplomas-na-camara\\\/\"},\"wordCount\":740,\"commentCount\":0,\"publisher\":{\"@id\":\"https:\\\/\\\/regiaonews.net.br\\\/2022\\\/#organization\"},\"image\":{\"@id\":\"https:\\\/\\\/regiaonews.net.br\\\/2022\\\/2024\\\/04\\\/24\\\/jovens-do-grupo-de-escoteiros-chao-preto-recebem-diplomas-na-camara\\\/#primaryimage\"},\"thumbnailUrl\":\"https:\\\/\\\/regiaonews.net.br\\\/2022\\\/wp-content\\\/uploads\\\/2024\\\/04\\\/alta_171392242366286177516ec.jpg\",\"articleSection\":[\"Barretos\",\"Cidades\"],\"inLanguage\":\"pt-BR\",\"potentialAction\":[{\"@type\":\"CommentAction\",\"name\":\"Comment\",\"target\":[\"https:\\\/\\\/regiaonews.net.br\\\/2022\\\/2024\\\/04\\\/24\\\/jovens-do-grupo-de-escoteiros-chao-preto-recebem-diplomas-na-camara\\\/#respond\"]}]},{\"@type\":\"WebPage\",\"@id\":\"https:\\\/\\\/regiaonews.net.br\\\/2022\\\/2024\\\/04\\\/24\\\/jovens-do-grupo-de-escoteiros-chao-preto-recebem-diplomas-na-camara\\\/\",\"url\":\"https:\\\/\\\/regiaonews.net.br\\\/2022\\\/2024\\\/04\\\/24\\\/jovens-do-grupo-de-escoteiros-chao-preto-recebem-diplomas-na-camara\\\/\",\"name\":\"Jovens do grupo de escoteiros Ch\u00e3o Preto recebem diplomas na C\u00e2mara - Regi\u00e3o News\",\"isPartOf\":{\"@id\":\"https:\\\/\\\/regiaonews.net.br\\\/2022\\\/#website\"},\"primaryImageOfPage\":{\"@id\":\"https:\\\/\\\/regiaonews.net.br\\\/2022\\\/2024\\\/04\\\/24\\\/jovens-do-grupo-de-escoteiros-chao-preto-recebem-diplomas-na-camara\\\/#primaryimage\"},\"image\":{\"@id\":\"https:\\\/\\\/regiaonews.net.br\\\/2022\\\/2024\\\/04\\\/24\\\/jovens-do-grupo-de-escoteiros-chao-preto-recebem-diplomas-na-camara\\\/#primaryimage\"},\"thumbnailUrl\":\"https:\\\/\\\/regiaonews.net.br\\\/2022\\\/wp-content\\\/uploads\\\/2024\\\/04\\\/alta_171392242366286177516ec.jpg\",\"datePublished\":\"2024-04-24T21:46:18+00:00\",\"breadcrumb\":{\"@id\":\"https:\\\/\\\/regiaonews.net.br\\\/2022\\\/2024\\\/04\\\/24\\\/jovens-do-grupo-de-escoteiros-chao-preto-recebem-diplomas-na-camara\\\/#breadcrumb\"},\"inLanguage\":\"pt-BR\",\"potentialAction\":[{\"@type\":\"ReadAction\",\"target\":[\"https:\\\/\\\/regiaonews.net.br\\\/2022\\\/2024\\\/04\\\/24\\\/jovens-do-grupo-de-escoteiros-chao-preto-recebem-diplomas-na-camara\\\/\"]}]},{\"@type\":\"ImageObject\",\"inLanguage\":\"pt-BR\",\"@id\":\"https:\\\/\\\/regiaonews.net.br\\\/2022\\\/2024\\\/04\\\/24\\\/jovens-do-grupo-de-escoteiros-chao-preto-recebem-diplomas-na-camara\\\/#primaryimage\",\"url\":\"https:\\\/\\\/regiaonews.net.br\\\/2022\\\/wp-content\\\/uploads\\\/2024\\\/04\\\/alta_171392242366286177516ec.jpg\",\"contentUrl\":\"https:\\\/\\\/regiaonews.net.br\\\/2022\\\/wp-content\\\/uploads\\\/2024\\\/04\\\/alta_171392242366286177516ec.jpg\",\"width\":2000,\"height\":1115},{\"@type\":\"BreadcrumbList\",\"@id\":\"https:\\\/\\\/regiaonews.net.br\\\/2022\\\/2024\\\/04\\\/24\\\/jovens-do-grupo-de-escoteiros-chao-preto-recebem-diplomas-na-camara\\\/#breadcrumb\",\"itemListElement\":[{\"@type\":\"ListItem\",\"position\":1,\"name\":\"In\u00edcio\",\"item\":\"https:\\\/\\\/regiaonews.net.br\\\/2022\\\/\"},{\"@type\":\"ListItem\",\"position\":2,\"name\":\"Jovens do grupo de escoteiros Ch\u00e3o Preto recebem diplomas na C\u00e2mara\"}]},{\"@type\":\"WebSite\",\"@id\":\"https:\\\/\\\/regiaonews.net.br\\\/2022\\\/#website\",\"url\":\"https:\\\/\\\/regiaonews.net.br\\\/2022\\\/\",\"name\":\"Regi\u00e3o News\",\"description\":\"Site de Not\u00edcias de Barretos e regi\u00e3o\",\"publisher\":{\"@id\":\"https:\\\/\\\/regiaonews.net.br\\\/2022\\\/#organization\"},\"potentialAction\":[{\"@type\":\"SearchAction\",\"target\":{\"@type\":\"EntryPoint\",\"urlTemplate\":\"https:\\\/\\\/regiaonews.net.br\\\/2022\\\/?s={search_term_string}\"},\"query-input\":{\"@type\":\"PropertyValueSpecification\",\"valueRequired\":true,\"valueName\":\"search_term_string\"}}],\"inLanguage\":\"pt-BR\"},{\"@type\":\"Organization\",\"@id\":\"https:\\\/\\\/regiaonews.net.br\\\/2022\\\/#organization\",\"name\":\"Regi\u00e3o News\",\"url\":\"https:\\\/\\\/regiaonews.net.br\\\/2022\\\/\",\"logo\":{\"@type\":\"ImageObject\",\"inLanguage\":\"pt-BR\",\"@id\":\"https:\\\/\\\/regiaonews.net.br\\\/2022\\\/#\\\/schema\\\/logo\\\/image\\\/\",\"url\":\"https:\\\/\\\/regiaonews.net.br\\\/2022\\\/wp-content\\\/uploads\\\/2026\\\/03\\\/regiao-13-anos-scaled.jpg\",\"contentUrl\":\"https:\\\/\\\/regiaonews.net.br\\\/2022\\\/wp-content\\\/uploads\\\/2026\\\/03\\\/regiao-13-anos-scaled.jpg\",\"width\":2560,\"height\":635,\"caption\":\"Regi\u00e3o News\"},\"image\":{\"@id\":\"https:\\\/\\\/regiaonews.net.br\\\/2022\\\/#\\\/schema\\\/logo\\\/image\\\/\"}},{\"@type\":\"Person\",\"@id\":\"https:\\\/\\\/regiaonews.net.br\\\/2022\\\/#\\\/schema\\\/person\\\/2d205a608a5aa97ac279d7a5e6d89ad8\",\"name\":\"Roberto\",\"image\":{\"@type\":\"ImageObject\",\"inLanguage\":\"pt-BR\",\"@id\":\"https:\\\/\\\/secure.gravatar.com\\\/avatar\\\/42749d8b712ff9d59ca93dc150494e5b55a44134482993f5baeb97e61b7ecc89?s=96&d=mm&r=g\",\"url\":\"https:\\\/\\\/secure.gravatar.com\\\/avatar\\\/42749d8b712ff9d59ca93dc150494e5b55a44134482993f5baeb97e61b7ecc89?s=96&d=mm&r=g\",\"contentUrl\":\"https:\\\/\\\/secure.gravatar.com\\\/avatar\\\/42749d8b712ff9d59ca93dc150494e5b55a44134482993f5baeb97e61b7ecc89?s=96&d=mm&r=g\",\"caption\":\"Roberto\"},\"url\":\"https:\\\/\\\/regiaonews.net.br\\\/2022\\\/author\\\/roberto\\\/\"}]}<\/script>\n<!-- \/ Yoast SEO plugin. -->","yoast_head_json":{"title":"Jovens do grupo de escoteiros Ch\u00e3o Preto recebem diplomas na C\u00e2mara - Regi\u00e3o News","robots":{"index":"index","follow":"follow","max-snippet":"max-snippet:-1","max-image-preview":"max-image-preview:large","max-video-preview":"max-video-preview:-1"},"canonical":"https:\/\/regiaonews.net.br\/2022\/2024\/04\/24\/jovens-do-grupo-de-escoteiros-chao-preto-recebem-diplomas-na-camara\/","og_locale":"pt_BR","og_type":"article","og_title":"Jovens do grupo de escoteiros Ch\u00e3o Preto recebem diplomas na C\u00e2mara - Regi\u00e3o News","og_description":"Diploma Escoteiro do Ano tem como objetivo reconhecer o trabalho","og_url":"https:\/\/regiaonews.net.br\/2022\/2024\/04\/24\/jovens-do-grupo-de-escoteiros-chao-preto-recebem-diplomas-na-camara\/","og_site_name":"Regi\u00e3o News","article_published_time":"2024-04-24T21:46:18+00:00","og_image":[{"width":2000,"height":1115,"url":"https:\/\/regiaonews.net.br\/2022\/wp-content\/uploads\/2024\/04\/alta_171392242366286177516ec.jpg","type":"image\/jpeg"}],"author":"Roberto","twitter_card":"summary_large_image","twitter_misc":{"Escrito por":"Roberto","Est. tempo de leitura":"5 minutos"},"schema":{"@context":"https:\/\/schema.org","@graph":[{"@type":"Article","@id":"https:\/\/regiaonews.net.br\/2022\/2024\/04\/24\/jovens-do-grupo-de-escoteiros-chao-preto-recebem-diplomas-na-camara\/#article","isPartOf":{"@id":"https:\/\/regiaonews.net.br\/2022\/2024\/04\/24\/jovens-do-grupo-de-escoteiros-chao-preto-recebem-diplomas-na-camara\/"},"author":{"name":"Roberto","@id":"https:\/\/regiaonews.net.br\/2022\/#\/schema\/person\/2d205a608a5aa97ac279d7a5e6d89ad8"},"headline":"Jovens do grupo de escoteiros Ch\u00e3o Preto recebem diplomas na C\u00e2mara","datePublished":"2024-04-24T21:46:18+00:00","mainEntityOfPage":{"@id":"https:\/\/regiaonews.net.br\/2022\/2024\/04\/24\/jovens-do-grupo-de-escoteiros-chao-preto-recebem-diplomas-na-camara\/"},"wordCount":740,"commentCount":0,"publisher":{"@id":"https:\/\/regiaonews.net.br\/2022\/#organization"},"image":{"@id":"https:\/\/regiaonews.net.br\/2022\/2024\/04\/24\/jovens-do-grupo-de-escoteiros-chao-preto-recebem-diplomas-na-camara\/#primaryimage"},"thumbnailUrl":"https:\/\/regiaonews.net.br\/2022\/wp-content\/uploads\/2024\/04\/alta_171392242366286177516ec.jpg","articleSection":["Barretos","Cidades"],"inLanguage":"pt-BR","potentialAction":[{"@type":"CommentAction","name":"Comment","target":["https:\/\/regiaonews.net.br\/2022\/2024\/04\/24\/jovens-do-grupo-de-escoteiros-chao-preto-recebem-diplomas-na-camara\/#respond"]}]},{"@type":"WebPage","@id":"https:\/\/regiaonews.net.br\/2022\/2024\/04\/24\/jovens-do-grupo-de-escoteiros-chao-preto-recebem-diplomas-na-camara\/","url":"https:\/\/regiaonews.net.br\/2022\/2024\/04\/24\/jovens-do-grupo-de-escoteiros-chao-preto-recebem-diplomas-na-camara\/","name":"Jovens do grupo de escoteiros Ch\u00e3o Preto recebem diplomas na C\u00e2mara - Regi\u00e3o News","isPartOf":{"@id":"https:\/\/regiaonews.net.br\/2022\/#website"},"primaryImageOfPage":{"@id":"https:\/\/regiaonews.net.br\/2022\/2024\/04\/24\/jovens-do-grupo-de-escoteiros-chao-preto-recebem-diplomas-na-camara\/#primaryimage"},"image":{"@id":"https:\/\/regiaonews.net.br\/2022\/2024\/04\/24\/jovens-do-grupo-de-escoteiros-chao-preto-recebem-diplomas-na-camara\/#primaryimage"},"thumbnailUrl":"https:\/\/regiaonews.net.br\/2022\/wp-content\/uploads\/2024\/04\/alta_171392242366286177516ec.jpg","datePublished":"2024-04-24T21:46:18+00:00","breadcrumb":{"@id":"https:\/\/regiaonews.net.br\/2022\/2024\/04\/24\/jovens-do-grupo-de-escoteiros-chao-preto-recebem-diplomas-na-camara\/#breadcrumb"},"inLanguage":"pt-BR","potentialAction":[{"@type":"ReadAction","target":["https:\/\/regiaonews.net.br\/2022\/2024\/04\/24\/jovens-do-grupo-de-escoteiros-chao-preto-recebem-diplomas-na-camara\/"]}]},{"@type":"ImageObject","inLanguage":"pt-BR","@id":"https:\/\/regiaonews.net.br\/2022\/2024\/04\/24\/jovens-do-grupo-de-escoteiros-chao-preto-recebem-diplomas-na-camara\/#primaryimage","url":"https:\/\/regiaonews.net.br\/2022\/wp-content\/uploads\/2024\/04\/alta_171392242366286177516ec.jpg","contentUrl":"https:\/\/regiaonews.net.br\/2022\/wp-content\/uploads\/2024\/04\/alta_171392242366286177516ec.jpg","width":2000,"height":1115},{"@type":"BreadcrumbList","@id":"https:\/\/regiaonews.net.br\/2022\/2024\/04\/24\/jovens-do-grupo-de-escoteiros-chao-preto-recebem-diplomas-na-camara\/#breadcrumb","itemListElement":[{"@type":"ListItem","position":1,"name":"In\u00edcio","item":"https:\/\/regiaonews.net.br\/2022\/"},{"@type":"ListItem","position":2,"name":"Jovens do grupo de escoteiros Ch\u00e3o Preto recebem diplomas na C\u00e2mara"}]},{"@type":"WebSite","@id":"https:\/\/regiaonews.net.br\/2022\/#website","url":"https:\/\/regiaonews.net.br\/2022\/","name":"Regi\u00e3o News","description":"Site de Not\u00edcias de Barretos e regi\u00e3o","publisher":{"@id":"https:\/\/regiaonews.net.br\/2022\/#organization"},"potentialAction":[{"@type":"SearchAction","target":{"@type":"EntryPoint","urlTemplate":"https:\/\/regiaonews.net.br\/2022\/?s={search_term_string}"},"query-input":{"@type":"PropertyValueSpecification","valueRequired":true,"valueName":"search_term_string"}}],"inLanguage":"pt-BR"},{"@type":"Organization","@id":"https:\/\/regiaonews.net.br\/2022\/#organization","name":"Regi\u00e3o News","url":"https:\/\/regiaonews.net.br\/2022\/","logo":{"@type":"ImageObject","inLanguage":"pt-BR","@id":"https:\/\/regiaonews.net.br\/2022\/#\/schema\/logo\/image\/","url":"https:\/\/regiaonews.net.br\/2022\/wp-content\/uploads\/2026\/03\/regiao-13-anos-scaled.jpg","contentUrl":"https:\/\/regiaonews.net.br\/2022\/wp-content\/uploads\/2026\/03\/regiao-13-anos-scaled.jpg","width":2560,"height":635,"caption":"Regi\u00e3o News"},"image":{"@id":"https:\/\/regiaonews.net.br\/2022\/#\/schema\/logo\/image\/"}},{"@type":"Person","@id":"https:\/\/regiaonews.net.br\/2022\/#\/schema\/person\/2d205a608a5aa97ac279d7a5e6d89ad8","name":"Roberto","image":{"@type":"ImageObject","inLanguage":"pt-BR","@id":"https:\/\/secure.gravatar.com\/avatar\/42749d8b712ff9d59ca93dc150494e5b55a44134482993f5baeb97e61b7ecc89?s=96&d=mm&r=g","url":"https:\/\/secure.gravatar.com\/avatar\/42749d8b712ff9d59ca93dc150494e5b55a44134482993f5baeb97e61b7ecc89?s=96&d=mm&r=g","contentUrl":"https:\/\/secure.gravatar.com\/avatar\/42749d8b712ff9d59ca93dc150494e5b55a44134482993f5baeb97e61b7ecc89?s=96&d=mm&r=g","caption":"Roberto"},"url":"https:\/\/regiaonews.net.br\/2022\/author\/roberto\/"}]}},"publishpress_future_action":{"enabled":false,"date":"2026-05-04 02:28:28","action":"change-status","newStatus":"draft","terms":[],"taxonomy":"category","extraData":[]},"publishpress_future_workflow_manual_trigger":{"enabledWorkflows":[]},"_links":{"self":[{"href":"https:\/\/regiaonews.net.br\/2022\/wp-json\/wp\/v2\/posts\/104129","targetHints":{"allow":["GET"]}}],"collection":[{"href":"https:\/\/regiaonews.net.br\/2022\/wp-json\/wp\/v2\/posts"}],"about":[{"href":"https:\/\/regiaonews.net.br\/2022\/wp-json\/wp\/v2\/types\/post"}],"author":[{"embeddable":true,"href":"https:\/\/regiaonews.net.br\/2022\/wp-json\/wp\/v2\/users\/2"}],"replies":[{"embeddable":true,"href":"https:\/\/regiaonews.net.br\/2022\/wp-json\/wp\/v2\/comments?post=104129"}],"version-history":[{"count":1,"href":"https:\/\/regiaonews.net.br\/2022\/wp-json\/wp\/v2\/posts\/104129\/revisions"}],"predecessor-version":[{"id":104131,"href":"https:\/\/regiaonews.net.br\/2022\/wp-json\/wp\/v2\/posts\/104129\/revisions\/104131"}],"wp:featuredmedia":[{"embeddable":true,"href":"https:\/\/regiaonews.net.br\/2022\/wp-json\/wp\/v2\/media\/104130"}],"wp:attachment":[{"href":"https:\/\/regiaonews.net.br\/2022\/wp-json\/wp\/v2\/media?parent=104129"}],"wp:term":[{"taxonomy":"category","embeddable":true,"href":"https:\/\/regiaonews.net.br\/2022\/wp-json\/wp\/v2\/categories?post=104129"},{"taxonomy":"post_tag","embeddable":true,"href":"https:\/\/regiaonews.net.br\/2022\/wp-json\/wp\/v2\/tags?post=104129"}],"curies":[{"name":"wp","href":"https:\/\/api.w.org\/{rel}","templated":true}]}}