{"id":104120,"date":"2024-04-24T18:36:01","date_gmt":"2024-04-24T21:36:01","guid":{"rendered":"https:\/\/regiaonews.net.br\/2022\/?p=104120"},"modified":"2024-04-24T18:36:01","modified_gmt":"2024-04-24T21:36:01","slug":"geninho-pede-celeridade-a-ministro-de-portos-e-aeroportos-para-iniciar-licitacao-de-aeroporto-em-olimpia-ainda-em-2024","status":"publish","type":"post","link":"https:\/\/regiaonews.net.br\/2022\/2024\/04\/24\/geninho-pede-celeridade-a-ministro-de-portos-e-aeroportos-para-iniciar-licitacao-de-aeroporto-em-olimpia-ainda-em-2024\/","title":{"rendered":"Geninho pede \u2018celeridade\u2019 a ministro de Portos e Aeroportos para iniciar licita\u00e7\u00e3o de aeroporto em Ol\u00edmpia ainda em 2024"},"content":{"rendered":"<p>Ex-prefeito da est\u00e2ncia tur\u00edstica teme que obra n\u00e3o saia do papel se processo licitat\u00f3rio n\u00e3o come\u00e7ar neste exerc\u00edcio fiscal<\/p>\n<p>Ol\u00edmpia, 24 de abril de 2024 &#8211; Uma comiss\u00e3o formada pelo ex-prefeito e ex-deputado federal, Geninho Zuliani (Uni\u00e3o Brasil) e os deputados federais, Luiz Carlos Motta (PL\/SP) e Fernando Marangoni (Uni\u00e3o Brasil\/SP), se reuniu nesta ter\u00e7a-feira, 23\/04, com o ministro de Portos e Aeroportos, Silvio Costa Filho, para pedir celeridade na abertura do processo licitat\u00f3rio visando a constru\u00e7\u00e3o do aeroporto internacional em Ol\u00edmpia.<\/p>\n<p>A obra, que possui R$ 104 milh\u00f5es assegurados no Or\u00e7amento da Uni\u00e3o, tem \u00e1rea comprada pela Prefeitura local, projetos prontos, outorga da Infraero e est\u00e1 na previs\u00e3o de investimentos do Minist\u00e9rio, por\u00e9m, a comitiva teme que, se n\u00e3o for licitada ainda em 2024, pode ser que n\u00e3o saia do papel.<\/p>\n<p>&#8220;Este aeroporto n\u00e3o \u00e9 apenas uma obra de infraestrutura, mas primordial para o turismo e desenvolvimento econ\u00f4mico regional. Nosso receio \u00e9 que o governo efetue cortes no or\u00e7amento geral da Uni\u00e3o e o investimento no aeroporto seja suspenso e todas as tratativas perdidas, priorizando outros acordos comerciais&#8221;, afirmou o ex-deputado federal, Geninho Zuliani, que j\u00e1 foi prefeito de Ol\u00edmpia por dois mandatos.<\/p>\n<p>Com uma pista de 2.100 metros de extens\u00e3o por 45 metros de largura, podendo no futuro ser expandir para 2.500 metros, o projeto do aeroporto de Ol\u00edmpia estima atender cerca de 1 milh\u00e3o de passageiros por ano, recebendo at\u00e9 grandes aeronaves de carga. O p\u00e1tio de aeronaves previsto \u00e9 de 200 metros para taxiar, simultaneamente, at\u00e9 seis aeronaves tipo boeing ou Airbus.<\/p>\n<p>Parte dos recursos necess\u00e1rios para o investimento j\u00e1 foram garantidos, gra\u00e7as \u00e0 atua\u00e7\u00e3o do deputado federal Luiz Carlos Motta, que \u00e9 de Rio Preto, como relator do Or\u00e7amento Geral da Uni\u00e3o no ano passado. Na \u00e9poca, ele conseguiu aprovar R$ 104 milh\u00f5es em resposta a um pedido de Geninho. &#8220;Temos receio de cortes or\u00e7ament\u00e1rios pelo Governo Federal, o que poderia atrasar ou at\u00e9 impedir o in\u00edcio das obras&#8221;, frisa Motta.<\/p>\n<p>Durante a audi\u00eancia, Costa Filho sugeriu uma reuni\u00e3o com a diretoria da Infraero para que o aeroporto seja assumido pelo \u00f3rg\u00e3o, o que garantiria rapidez no processo licitat\u00f3rio. O encontro ser\u00e1 realizado nesta quarta-feira, com Eduardo Gonzaga da Silva, diretor de Opera\u00e7\u00f5es e Servi\u00e7os T\u00e9cnicos. &#8220;Vamos fazer um esfor\u00e7o coletivo para que essa obra sai do papel, esperamos que ainda neste ano de 2024 possamos dar a ordem de servi\u00e7o que vai alavancar turismo e desenvolvimento de toda a regi\u00e3o\u201d, disse.<\/p>\n","protected":false},"excerpt":{"rendered":"<p>Ex-prefeito da est\u00e2ncia tur\u00edstica teme que obra n\u00e3o saia do<\/p>\n","protected":false},"author":2,"featured_media":104121,"comment_status":"open","ping_status":"open","sticky":false,"template":"","format":"standard","meta":{"footnotes":""},"categories":[25,178],"tags":[],"class_list":["post-104120","post","type-post","status-publish","format-standard","has-post-thumbnail","hentry","category-cidades","category-olimpia-2"],"yoast_head":"<!-- This site is optimized with the Yoast SEO plugin v27.4 - https:\/\/yoast.com\/product\/yoast-seo-wordpress\/ -->\n<title>Geninho pede \u2018celeridade\u2019 a ministro de Portos e Aeroportos para iniciar licita\u00e7\u00e3o de aeroporto em Ol\u00edmpia ainda em 2024 - Regi\u00e3o News<\/title>\n<meta name=\"robots\" content=\"index, follow, max-snippet:-1, max-image-preview:large, max-video-preview:-1\" \/>\n<link rel=\"canonical\" href=\"https:\/\/regiaonews.net.br\/2022\/2024\/04\/24\/geninho-pede-celeridade-a-ministro-de-portos-e-aeroportos-para-iniciar-licitacao-de-aeroporto-em-olimpia-ainda-em-2024\/\" \/>\n<meta property=\"og:locale\" content=\"pt_BR\" \/>\n<meta property=\"og:type\" content=\"article\" \/>\n<meta property=\"og:title\" content=\"Geninho pede \u2018celeridade\u2019 a ministro de Portos e Aeroportos para iniciar licita\u00e7\u00e3o de aeroporto em Ol\u00edmpia ainda em 2024 - Regi\u00e3o News\" \/>\n<meta property=\"og:description\" content=\"Ex-prefeito da est\u00e2ncia tur\u00edstica teme que obra n\u00e3o saia do\" \/>\n<meta property=\"og:url\" content=\"https:\/\/regiaonews.net.br\/2022\/2024\/04\/24\/geninho-pede-celeridade-a-ministro-de-portos-e-aeroportos-para-iniciar-licitacao-de-aeroporto-em-olimpia-ainda-em-2024\/\" \/>\n<meta property=\"og:site_name\" content=\"Regi\u00e3o News\" \/>\n<meta property=\"article:published_time\" content=\"2024-04-24T21:36:01+00:00\" \/>\n<meta property=\"og:image\" content=\"https:\/\/regiaonews.net.br\/2022\/wp-content\/uploads\/2024\/04\/WhatsApp-Image-2024-04-24-at-16.36.05.jpeg\" \/>\n\t<meta property=\"og:image:width\" content=\"1280\" \/>\n\t<meta property=\"og:image:height\" content=\"960\" \/>\n\t<meta property=\"og:image:type\" content=\"image\/jpeg\" \/>\n<meta name=\"author\" content=\"Roberto\" \/>\n<meta name=\"twitter:card\" content=\"summary_large_image\" \/>\n<meta name=\"twitter:label1\" content=\"Escrito por\" \/>\n\t<meta name=\"twitter:data1\" content=\"Roberto\" \/>\n\t<meta name=\"twitter:label2\" content=\"Est. tempo de leitura\" \/>\n\t<meta name=\"twitter:data2\" content=\"3 minutos\" \/>\n<script type=\"application\/ld+json\" class=\"yoast-schema-graph\">{\"@context\":\"https:\\\/\\\/schema.org\",\"@graph\":[{\"@type\":\"Article\",\"@id\":\"https:\\\/\\\/regiaonews.net.br\\\/2022\\\/2024\\\/04\\\/24\\\/geninho-pede-celeridade-a-ministro-de-portos-e-aeroportos-para-iniciar-licitacao-de-aeroporto-em-olimpia-ainda-em-2024\\\/#article\",\"isPartOf\":{\"@id\":\"https:\\\/\\\/regiaonews.net.br\\\/2022\\\/2024\\\/04\\\/24\\\/geninho-pede-celeridade-a-ministro-de-portos-e-aeroportos-para-iniciar-licitacao-de-aeroporto-em-olimpia-ainda-em-2024\\\/\"},\"author\":{\"name\":\"Roberto\",\"@id\":\"https:\\\/\\\/regiaonews.net.br\\\/2022\\\/#\\\/schema\\\/person\\\/2d205a608a5aa97ac279d7a5e6d89ad8\"},\"headline\":\"Geninho pede \u2018celeridade\u2019 a ministro de Portos e Aeroportos para iniciar licita\u00e7\u00e3o de aeroporto em Ol\u00edmpia ainda em 2024\",\"datePublished\":\"2024-04-24T21:36:01+00:00\",\"mainEntityOfPage\":{\"@id\":\"https:\\\/\\\/regiaonews.net.br\\\/2022\\\/2024\\\/04\\\/24\\\/geninho-pede-celeridade-a-ministro-de-portos-e-aeroportos-para-iniciar-licitacao-de-aeroporto-em-olimpia-ainda-em-2024\\\/\"},\"wordCount\":463,\"commentCount\":0,\"publisher\":{\"@id\":\"https:\\\/\\\/regiaonews.net.br\\\/2022\\\/#organization\"},\"image\":{\"@id\":\"https:\\\/\\\/regiaonews.net.br\\\/2022\\\/2024\\\/04\\\/24\\\/geninho-pede-celeridade-a-ministro-de-portos-e-aeroportos-para-iniciar-licitacao-de-aeroporto-em-olimpia-ainda-em-2024\\\/#primaryimage\"},\"thumbnailUrl\":\"https:\\\/\\\/regiaonews.net.br\\\/2022\\\/wp-content\\\/uploads\\\/2024\\\/04\\\/WhatsApp-Image-2024-04-24-at-16.36.05.jpeg\",\"articleSection\":[\"Cidades\",\"Ol\u00edmpia\"],\"inLanguage\":\"pt-BR\",\"potentialAction\":[{\"@type\":\"CommentAction\",\"name\":\"Comment\",\"target\":[\"https:\\\/\\\/regiaonews.net.br\\\/2022\\\/2024\\\/04\\\/24\\\/geninho-pede-celeridade-a-ministro-de-portos-e-aeroportos-para-iniciar-licitacao-de-aeroporto-em-olimpia-ainda-em-2024\\\/#respond\"]}]},{\"@type\":\"WebPage\",\"@id\":\"https:\\\/\\\/regiaonews.net.br\\\/2022\\\/2024\\\/04\\\/24\\\/geninho-pede-celeridade-a-ministro-de-portos-e-aeroportos-para-iniciar-licitacao-de-aeroporto-em-olimpia-ainda-em-2024\\\/\",\"url\":\"https:\\\/\\\/regiaonews.net.br\\\/2022\\\/2024\\\/04\\\/24\\\/geninho-pede-celeridade-a-ministro-de-portos-e-aeroportos-para-iniciar-licitacao-de-aeroporto-em-olimpia-ainda-em-2024\\\/\",\"name\":\"Geninho pede \u2018celeridade\u2019 a ministro de Portos e Aeroportos para iniciar licita\u00e7\u00e3o de aeroporto em Ol\u00edmpia ainda em 2024 - Regi\u00e3o News\",\"isPartOf\":{\"@id\":\"https:\\\/\\\/regiaonews.net.br\\\/2022\\\/#website\"},\"primaryImageOfPage\":{\"@id\":\"https:\\\/\\\/regiaonews.net.br\\\/2022\\\/2024\\\/04\\\/24\\\/geninho-pede-celeridade-a-ministro-de-portos-e-aeroportos-para-iniciar-licitacao-de-aeroporto-em-olimpia-ainda-em-2024\\\/#primaryimage\"},\"image\":{\"@id\":\"https:\\\/\\\/regiaonews.net.br\\\/2022\\\/2024\\\/04\\\/24\\\/geninho-pede-celeridade-a-ministro-de-portos-e-aeroportos-para-iniciar-licitacao-de-aeroporto-em-olimpia-ainda-em-2024\\\/#primaryimage\"},\"thumbnailUrl\":\"https:\\\/\\\/regiaonews.net.br\\\/2022\\\/wp-content\\\/uploads\\\/2024\\\/04\\\/WhatsApp-Image-2024-04-24-at-16.36.05.jpeg\",\"datePublished\":\"2024-04-24T21:36:01+00:00\",\"breadcrumb\":{\"@id\":\"https:\\\/\\\/regiaonews.net.br\\\/2022\\\/2024\\\/04\\\/24\\\/geninho-pede-celeridade-a-ministro-de-portos-e-aeroportos-para-iniciar-licitacao-de-aeroporto-em-olimpia-ainda-em-2024\\\/#breadcrumb\"},\"inLanguage\":\"pt-BR\",\"potentialAction\":[{\"@type\":\"ReadAction\",\"target\":[\"https:\\\/\\\/regiaonews.net.br\\\/2022\\\/2024\\\/04\\\/24\\\/geninho-pede-celeridade-a-ministro-de-portos-e-aeroportos-para-iniciar-licitacao-de-aeroporto-em-olimpia-ainda-em-2024\\\/\"]}]},{\"@type\":\"ImageObject\",\"inLanguage\":\"pt-BR\",\"@id\":\"https:\\\/\\\/regiaonews.net.br\\\/2022\\\/2024\\\/04\\\/24\\\/geninho-pede-celeridade-a-ministro-de-portos-e-aeroportos-para-iniciar-licitacao-de-aeroporto-em-olimpia-ainda-em-2024\\\/#primaryimage\",\"url\":\"https:\\\/\\\/regiaonews.net.br\\\/2022\\\/wp-content\\\/uploads\\\/2024\\\/04\\\/WhatsApp-Image-2024-04-24-at-16.36.05.jpeg\",\"contentUrl\":\"https:\\\/\\\/regiaonews.net.br\\\/2022\\\/wp-content\\\/uploads\\\/2024\\\/04\\\/WhatsApp-Image-2024-04-24-at-16.36.05.jpeg\",\"width\":1280,\"height\":960},{\"@type\":\"BreadcrumbList\",\"@id\":\"https:\\\/\\\/regiaonews.net.br\\\/2022\\\/2024\\\/04\\\/24\\\/geninho-pede-celeridade-a-ministro-de-portos-e-aeroportos-para-iniciar-licitacao-de-aeroporto-em-olimpia-ainda-em-2024\\\/#breadcrumb\",\"itemListElement\":[{\"@type\":\"ListItem\",\"position\":1,\"name\":\"In\u00edcio\",\"item\":\"https:\\\/\\\/regiaonews.net.br\\\/2022\\\/\"},{\"@type\":\"ListItem\",\"position\":2,\"name\":\"Geninho pede \u2018celeridade\u2019 a ministro de Portos e Aeroportos para iniciar licita\u00e7\u00e3o de aeroporto em Ol\u00edmpia ainda em 2024\"}]},{\"@type\":\"WebSite\",\"@id\":\"https:\\\/\\\/regiaonews.net.br\\\/2022\\\/#website\",\"url\":\"https:\\\/\\\/regiaonews.net.br\\\/2022\\\/\",\"name\":\"Regi\u00e3o News\",\"description\":\"Site de Not\u00edcias de Barretos e regi\u00e3o\",\"publisher\":{\"@id\":\"https:\\\/\\\/regiaonews.net.br\\\/2022\\\/#organization\"},\"potentialAction\":[{\"@type\":\"SearchAction\",\"target\":{\"@type\":\"EntryPoint\",\"urlTemplate\":\"https:\\\/\\\/regiaonews.net.br\\\/2022\\\/?s={search_term_string}\"},\"query-input\":{\"@type\":\"PropertyValueSpecification\",\"valueRequired\":true,\"valueName\":\"search_term_string\"}}],\"inLanguage\":\"pt-BR\"},{\"@type\":\"Organization\",\"@id\":\"https:\\\/\\\/regiaonews.net.br\\\/2022\\\/#organization\",\"name\":\"Regi\u00e3o News\",\"url\":\"https:\\\/\\\/regiaonews.net.br\\\/2022\\\/\",\"logo\":{\"@type\":\"ImageObject\",\"inLanguage\":\"pt-BR\",\"@id\":\"https:\\\/\\\/regiaonews.net.br\\\/2022\\\/#\\\/schema\\\/logo\\\/image\\\/\",\"url\":\"https:\\\/\\\/regiaonews.net.br\\\/2022\\\/wp-content\\\/uploads\\\/2026\\\/03\\\/regiao-13-anos-scaled.jpg\",\"contentUrl\":\"https:\\\/\\\/regiaonews.net.br\\\/2022\\\/wp-content\\\/uploads\\\/2026\\\/03\\\/regiao-13-anos-scaled.jpg\",\"width\":2560,\"height\":635,\"caption\":\"Regi\u00e3o News\"},\"image\":{\"@id\":\"https:\\\/\\\/regiaonews.net.br\\\/2022\\\/#\\\/schema\\\/logo\\\/image\\\/\"}},{\"@type\":\"Person\",\"@id\":\"https:\\\/\\\/regiaonews.net.br\\\/2022\\\/#\\\/schema\\\/person\\\/2d205a608a5aa97ac279d7a5e6d89ad8\",\"name\":\"Roberto\",\"image\":{\"@type\":\"ImageObject\",\"inLanguage\":\"pt-BR\",\"@id\":\"https:\\\/\\\/secure.gravatar.com\\\/avatar\\\/42749d8b712ff9d59ca93dc150494e5b55a44134482993f5baeb97e61b7ecc89?s=96&d=mm&r=g\",\"url\":\"https:\\\/\\\/secure.gravatar.com\\\/avatar\\\/42749d8b712ff9d59ca93dc150494e5b55a44134482993f5baeb97e61b7ecc89?s=96&d=mm&r=g\",\"contentUrl\":\"https:\\\/\\\/secure.gravatar.com\\\/avatar\\\/42749d8b712ff9d59ca93dc150494e5b55a44134482993f5baeb97e61b7ecc89?s=96&d=mm&r=g\",\"caption\":\"Roberto\"},\"url\":\"https:\\\/\\\/regiaonews.net.br\\\/2022\\\/author\\\/roberto\\\/\"}]}<\/script>\n<!-- \/ Yoast SEO plugin. -->","yoast_head_json":{"title":"Geninho pede \u2018celeridade\u2019 a ministro de Portos e Aeroportos para iniciar licita\u00e7\u00e3o de aeroporto em Ol\u00edmpia ainda em 2024 - Regi\u00e3o News","robots":{"index":"index","follow":"follow","max-snippet":"max-snippet:-1","max-image-preview":"max-image-preview:large","max-video-preview":"max-video-preview:-1"},"canonical":"https:\/\/regiaonews.net.br\/2022\/2024\/04\/24\/geninho-pede-celeridade-a-ministro-de-portos-e-aeroportos-para-iniciar-licitacao-de-aeroporto-em-olimpia-ainda-em-2024\/","og_locale":"pt_BR","og_type":"article","og_title":"Geninho pede \u2018celeridade\u2019 a ministro de Portos e Aeroportos para iniciar licita\u00e7\u00e3o de aeroporto em Ol\u00edmpia ainda em 2024 - Regi\u00e3o News","og_description":"Ex-prefeito da est\u00e2ncia tur\u00edstica teme que obra n\u00e3o saia do","og_url":"https:\/\/regiaonews.net.br\/2022\/2024\/04\/24\/geninho-pede-celeridade-a-ministro-de-portos-e-aeroportos-para-iniciar-licitacao-de-aeroporto-em-olimpia-ainda-em-2024\/","og_site_name":"Regi\u00e3o News","article_published_time":"2024-04-24T21:36:01+00:00","og_image":[{"width":1280,"height":960,"url":"https:\/\/regiaonews.net.br\/2022\/wp-content\/uploads\/2024\/04\/WhatsApp-Image-2024-04-24-at-16.36.05.jpeg","type":"image\/jpeg"}],"author":"Roberto","twitter_card":"summary_large_image","twitter_misc":{"Escrito por":"Roberto","Est. tempo de leitura":"3 minutos"},"schema":{"@context":"https:\/\/schema.org","@graph":[{"@type":"Article","@id":"https:\/\/regiaonews.net.br\/2022\/2024\/04\/24\/geninho-pede-celeridade-a-ministro-de-portos-e-aeroportos-para-iniciar-licitacao-de-aeroporto-em-olimpia-ainda-em-2024\/#article","isPartOf":{"@id":"https:\/\/regiaonews.net.br\/2022\/2024\/04\/24\/geninho-pede-celeridade-a-ministro-de-portos-e-aeroportos-para-iniciar-licitacao-de-aeroporto-em-olimpia-ainda-em-2024\/"},"author":{"name":"Roberto","@id":"https:\/\/regiaonews.net.br\/2022\/#\/schema\/person\/2d205a608a5aa97ac279d7a5e6d89ad8"},"headline":"Geninho pede \u2018celeridade\u2019 a ministro de Portos e Aeroportos para iniciar licita\u00e7\u00e3o de aeroporto em Ol\u00edmpia ainda em 2024","datePublished":"2024-04-24T21:36:01+00:00","mainEntityOfPage":{"@id":"https:\/\/regiaonews.net.br\/2022\/2024\/04\/24\/geninho-pede-celeridade-a-ministro-de-portos-e-aeroportos-para-iniciar-licitacao-de-aeroporto-em-olimpia-ainda-em-2024\/"},"wordCount":463,"commentCount":0,"publisher":{"@id":"https:\/\/regiaonews.net.br\/2022\/#organization"},"image":{"@id":"https:\/\/regiaonews.net.br\/2022\/2024\/04\/24\/geninho-pede-celeridade-a-ministro-de-portos-e-aeroportos-para-iniciar-licitacao-de-aeroporto-em-olimpia-ainda-em-2024\/#primaryimage"},"thumbnailUrl":"https:\/\/regiaonews.net.br\/2022\/wp-content\/uploads\/2024\/04\/WhatsApp-Image-2024-04-24-at-16.36.05.jpeg","articleSection":["Cidades","Ol\u00edmpia"],"inLanguage":"pt-BR","potentialAction":[{"@type":"CommentAction","name":"Comment","target":["https:\/\/regiaonews.net.br\/2022\/2024\/04\/24\/geninho-pede-celeridade-a-ministro-de-portos-e-aeroportos-para-iniciar-licitacao-de-aeroporto-em-olimpia-ainda-em-2024\/#respond"]}]},{"@type":"WebPage","@id":"https:\/\/regiaonews.net.br\/2022\/2024\/04\/24\/geninho-pede-celeridade-a-ministro-de-portos-e-aeroportos-para-iniciar-licitacao-de-aeroporto-em-olimpia-ainda-em-2024\/","url":"https:\/\/regiaonews.net.br\/2022\/2024\/04\/24\/geninho-pede-celeridade-a-ministro-de-portos-e-aeroportos-para-iniciar-licitacao-de-aeroporto-em-olimpia-ainda-em-2024\/","name":"Geninho pede \u2018celeridade\u2019 a ministro de Portos e Aeroportos para iniciar licita\u00e7\u00e3o de aeroporto em Ol\u00edmpia ainda em 2024 - Regi\u00e3o News","isPartOf":{"@id":"https:\/\/regiaonews.net.br\/2022\/#website"},"primaryImageOfPage":{"@id":"https:\/\/regiaonews.net.br\/2022\/2024\/04\/24\/geninho-pede-celeridade-a-ministro-de-portos-e-aeroportos-para-iniciar-licitacao-de-aeroporto-em-olimpia-ainda-em-2024\/#primaryimage"},"image":{"@id":"https:\/\/regiaonews.net.br\/2022\/2024\/04\/24\/geninho-pede-celeridade-a-ministro-de-portos-e-aeroportos-para-iniciar-licitacao-de-aeroporto-em-olimpia-ainda-em-2024\/#primaryimage"},"thumbnailUrl":"https:\/\/regiaonews.net.br\/2022\/wp-content\/uploads\/2024\/04\/WhatsApp-Image-2024-04-24-at-16.36.05.jpeg","datePublished":"2024-04-24T21:36:01+00:00","breadcrumb":{"@id":"https:\/\/regiaonews.net.br\/2022\/2024\/04\/24\/geninho-pede-celeridade-a-ministro-de-portos-e-aeroportos-para-iniciar-licitacao-de-aeroporto-em-olimpia-ainda-em-2024\/#breadcrumb"},"inLanguage":"pt-BR","potentialAction":[{"@type":"ReadAction","target":["https:\/\/regiaonews.net.br\/2022\/2024\/04\/24\/geninho-pede-celeridade-a-ministro-de-portos-e-aeroportos-para-iniciar-licitacao-de-aeroporto-em-olimpia-ainda-em-2024\/"]}]},{"@type":"ImageObject","inLanguage":"pt-BR","@id":"https:\/\/regiaonews.net.br\/2022\/2024\/04\/24\/geninho-pede-celeridade-a-ministro-de-portos-e-aeroportos-para-iniciar-licitacao-de-aeroporto-em-olimpia-ainda-em-2024\/#primaryimage","url":"https:\/\/regiaonews.net.br\/2022\/wp-content\/uploads\/2024\/04\/WhatsApp-Image-2024-04-24-at-16.36.05.jpeg","contentUrl":"https:\/\/regiaonews.net.br\/2022\/wp-content\/uploads\/2024\/04\/WhatsApp-Image-2024-04-24-at-16.36.05.jpeg","width":1280,"height":960},{"@type":"BreadcrumbList","@id":"https:\/\/regiaonews.net.br\/2022\/2024\/04\/24\/geninho-pede-celeridade-a-ministro-de-portos-e-aeroportos-para-iniciar-licitacao-de-aeroporto-em-olimpia-ainda-em-2024\/#breadcrumb","itemListElement":[{"@type":"ListItem","position":1,"name":"In\u00edcio","item":"https:\/\/regiaonews.net.br\/2022\/"},{"@type":"ListItem","position":2,"name":"Geninho pede \u2018celeridade\u2019 a ministro de Portos e Aeroportos para iniciar licita\u00e7\u00e3o de aeroporto em Ol\u00edmpia ainda em 2024"}]},{"@type":"WebSite","@id":"https:\/\/regiaonews.net.br\/2022\/#website","url":"https:\/\/regiaonews.net.br\/2022\/","name":"Regi\u00e3o News","description":"Site de Not\u00edcias de Barretos e regi\u00e3o","publisher":{"@id":"https:\/\/regiaonews.net.br\/2022\/#organization"},"potentialAction":[{"@type":"SearchAction","target":{"@type":"EntryPoint","urlTemplate":"https:\/\/regiaonews.net.br\/2022\/?s={search_term_string}"},"query-input":{"@type":"PropertyValueSpecification","valueRequired":true,"valueName":"search_term_string"}}],"inLanguage":"pt-BR"},{"@type":"Organization","@id":"https:\/\/regiaonews.net.br\/2022\/#organization","name":"Regi\u00e3o News","url":"https:\/\/regiaonews.net.br\/2022\/","logo":{"@type":"ImageObject","inLanguage":"pt-BR","@id":"https:\/\/regiaonews.net.br\/2022\/#\/schema\/logo\/image\/","url":"https:\/\/regiaonews.net.br\/2022\/wp-content\/uploads\/2026\/03\/regiao-13-anos-scaled.jpg","contentUrl":"https:\/\/regiaonews.net.br\/2022\/wp-content\/uploads\/2026\/03\/regiao-13-anos-scaled.jpg","width":2560,"height":635,"caption":"Regi\u00e3o News"},"image":{"@id":"https:\/\/regiaonews.net.br\/2022\/#\/schema\/logo\/image\/"}},{"@type":"Person","@id":"https:\/\/regiaonews.net.br\/2022\/#\/schema\/person\/2d205a608a5aa97ac279d7a5e6d89ad8","name":"Roberto","image":{"@type":"ImageObject","inLanguage":"pt-BR","@id":"https:\/\/secure.gravatar.com\/avatar\/42749d8b712ff9d59ca93dc150494e5b55a44134482993f5baeb97e61b7ecc89?s=96&d=mm&r=g","url":"https:\/\/secure.gravatar.com\/avatar\/42749d8b712ff9d59ca93dc150494e5b55a44134482993f5baeb97e61b7ecc89?s=96&d=mm&r=g","contentUrl":"https:\/\/secure.gravatar.com\/avatar\/42749d8b712ff9d59ca93dc150494e5b55a44134482993f5baeb97e61b7ecc89?s=96&d=mm&r=g","caption":"Roberto"},"url":"https:\/\/regiaonews.net.br\/2022\/author\/roberto\/"}]}},"publishpress_future_action":{"enabled":false,"date":"2026-05-04 07:01:36","action":"change-status","newStatus":"draft","terms":[],"taxonomy":"category","extraData":[]},"publishpress_future_workflow_manual_trigger":{"enabledWorkflows":[]},"_links":{"self":[{"href":"https:\/\/regiaonews.net.br\/2022\/wp-json\/wp\/v2\/posts\/104120","targetHints":{"allow":["GET"]}}],"collection":[{"href":"https:\/\/regiaonews.net.br\/2022\/wp-json\/wp\/v2\/posts"}],"about":[{"href":"https:\/\/regiaonews.net.br\/2022\/wp-json\/wp\/v2\/types\/post"}],"author":[{"embeddable":true,"href":"https:\/\/regiaonews.net.br\/2022\/wp-json\/wp\/v2\/users\/2"}],"replies":[{"embeddable":true,"href":"https:\/\/regiaonews.net.br\/2022\/wp-json\/wp\/v2\/comments?post=104120"}],"version-history":[{"count":1,"href":"https:\/\/regiaonews.net.br\/2022\/wp-json\/wp\/v2\/posts\/104120\/revisions"}],"predecessor-version":[{"id":104122,"href":"https:\/\/regiaonews.net.br\/2022\/wp-json\/wp\/v2\/posts\/104120\/revisions\/104122"}],"wp:featuredmedia":[{"embeddable":true,"href":"https:\/\/regiaonews.net.br\/2022\/wp-json\/wp\/v2\/media\/104121"}],"wp:attachment":[{"href":"https:\/\/regiaonews.net.br\/2022\/wp-json\/wp\/v2\/media?parent=104120"}],"wp:term":[{"taxonomy":"category","embeddable":true,"href":"https:\/\/regiaonews.net.br\/2022\/wp-json\/wp\/v2\/categories?post=104120"},{"taxonomy":"post_tag","embeddable":true,"href":"https:\/\/regiaonews.net.br\/2022\/wp-json\/wp\/v2\/tags?post=104120"}],"curies":[{"name":"wp","href":"https:\/\/api.w.org\/{rel}","templated":true}]}}