{"id":104113,"date":"2024-04-24T17:46:06","date_gmt":"2024-04-24T20:46:06","guid":{"rendered":"https:\/\/regiaonews.net.br\/2022\/?p=104113"},"modified":"2024-04-24T17:46:54","modified_gmt":"2024-04-24T20:46:54","slug":"colina-e-premiada-na-12a-edicao-do-premio-sebrae-prefeitura-empreendedora","status":"publish","type":"post","link":"https:\/\/regiaonews.net.br\/2022\/2024\/04\/24\/colina-e-premiada-na-12a-edicao-do-premio-sebrae-prefeitura-empreendedora\/","title":{"rendered":"Colina \u00e9 premiada na 12\u00aa edi\u00e7\u00e3o do Pr\u00eamio Sebrae &#8220;Prefeitura Empreendedora&#8221;"},"content":{"rendered":"<header class=\"post-header\"><\/header>\n<div class=\"post-image\"><\/div>\n<div class=\"post-content\">\n<article class=\"post-text\">O Prefeito Municipal de Colina, Dieb Taha, participou da 12\u00aa edi\u00e7\u00e3o do Pr\u00eamio Sebrae \u201cPrefeitura Empreendedora\u201d, realizado na noite do \u00faltimo dia 11 de abril, em S\u00e3o Paulo, onde foi recepcionado pelo Vice-governador do Estado, Fel\u00edcio Ramuth.Por mais um ano consecutivo, o Prefeito Dieb recebeu a placa de reconhecimento pelo excelente trabalho prestado por Colina que, neste ano de 2024, foi no setor de Empreendedorismo, em raz\u00e3o do Projeto Municipal \u201cCooperativismo que Gera Inclus\u00e3o\u201d, destacando a hist\u00f3ria de sucesso das Cooperativas de Costura e de Recicl\u00e1vel, que t\u00eam como o fomento e incentivo ao empreendedorismo local, tendo como resultado a promo\u00e7\u00e3o da economia, gera\u00e7\u00e3o de renda e valoriza\u00e7\u00e3o dos empreendedores municipais. As duas Cooperativas s\u00e3o modelo tanto para os munic\u00edpios da regi\u00e3o, quanto para as demais cidades do Estado de S\u00e3o Paulo.<\/p>\n<p>A solenidade reuniu prefeitos, gestores e vereadores de 235 munic\u00edpios do Estado, selecionados pelo Sebrae SP, que inscreveram seus projetos e concorreram em 10 categorias.<\/p>\n<p>\u201cA Prefeitura de Colina trabalha intensamente para refor\u00e7ar o desenvolvimento e fomentar o empreendedorismo. As Cooperativas geram novas oportunidades profissionais para centenas de moradores da cidade. Para a Administra\u00e7\u00e3o Municipal \u00e9 motivo de orgulho receber, mais uma vez, esta premia\u00e7\u00e3o de uma institui\u00e7\u00e3o de tamanha refer\u00eancia e credibilidade como \u00e9 o Sebrae\u201d, declarou Dieb.<\/p>\n<\/article>\n<\/div>\n","protected":false},"excerpt":{"rendered":"<p>O Prefeito Municipal de Colina, Dieb Taha, participou da 12\u00aa<\/p>\n","protected":false},"author":2,"featured_media":104114,"comment_status":"open","ping_status":"open","sticky":false,"template":"","format":"standard","meta":{"footnotes":""},"categories":[111,29],"tags":[],"class_list":["post-104113","post","type-post","status-publish","format-standard","has-post-thumbnail","hentry","category-cotidiano","category-sao-paulo"],"yoast_head":"<!-- This site is optimized with the Yoast SEO plugin v27.4 - https:\/\/yoast.com\/product\/yoast-seo-wordpress\/ -->\n<title>Colina \u00e9 premiada na 12\u00aa edi\u00e7\u00e3o do Pr\u00eamio Sebrae &quot;Prefeitura Empreendedora&quot; - Regi\u00e3o News<\/title>\n<meta name=\"robots\" content=\"index, follow, max-snippet:-1, max-image-preview:large, max-video-preview:-1\" \/>\n<link rel=\"canonical\" href=\"https:\/\/regiaonews.net.br\/2022\/2024\/04\/24\/colina-e-premiada-na-12a-edicao-do-premio-sebrae-prefeitura-empreendedora\/\" \/>\n<meta property=\"og:locale\" content=\"pt_BR\" \/>\n<meta property=\"og:type\" content=\"article\" \/>\n<meta property=\"og:title\" content=\"Colina \u00e9 premiada na 12\u00aa edi\u00e7\u00e3o do Pr\u00eamio Sebrae &quot;Prefeitura Empreendedora&quot; - Regi\u00e3o News\" \/>\n<meta property=\"og:description\" content=\"O Prefeito Municipal de Colina, Dieb Taha, participou da 12\u00aa\" \/>\n<meta property=\"og:url\" content=\"https:\/\/regiaonews.net.br\/2022\/2024\/04\/24\/colina-e-premiada-na-12a-edicao-do-premio-sebrae-prefeitura-empreendedora\/\" \/>\n<meta property=\"og:site_name\" content=\"Regi\u00e3o News\" \/>\n<meta property=\"article:published_time\" content=\"2024-04-24T20:46:06+00:00\" \/>\n<meta property=\"article:modified_time\" content=\"2024-04-24T20:46:54+00:00\" \/>\n<meta property=\"og:image\" content=\"https:\/\/regiaonews.net.br\/2022\/wp-content\/uploads\/2024\/04\/sebrae-Dieb.jpeg\" \/>\n\t<meta property=\"og:image:width\" content=\"900\" \/>\n\t<meta property=\"og:image:height\" content=\"675\" \/>\n\t<meta property=\"og:image:type\" content=\"image\/jpeg\" \/>\n<meta name=\"author\" content=\"Roberto\" \/>\n<meta name=\"twitter:card\" content=\"summary_large_image\" \/>\n<meta name=\"twitter:label1\" content=\"Escrito por\" \/>\n\t<meta name=\"twitter:data1\" content=\"Roberto\" \/>\n\t<meta name=\"twitter:label2\" content=\"Est. tempo de leitura\" \/>\n\t<meta name=\"twitter:data2\" content=\"2 minutos\" \/>\n<script type=\"application\/ld+json\" class=\"yoast-schema-graph\">{\"@context\":\"https:\\\/\\\/schema.org\",\"@graph\":[{\"@type\":\"Article\",\"@id\":\"https:\\\/\\\/regiaonews.net.br\\\/2022\\\/2024\\\/04\\\/24\\\/colina-e-premiada-na-12a-edicao-do-premio-sebrae-prefeitura-empreendedora\\\/#article\",\"isPartOf\":{\"@id\":\"https:\\\/\\\/regiaonews.net.br\\\/2022\\\/2024\\\/04\\\/24\\\/colina-e-premiada-na-12a-edicao-do-premio-sebrae-prefeitura-empreendedora\\\/\"},\"author\":{\"name\":\"Roberto\",\"@id\":\"https:\\\/\\\/regiaonews.net.br\\\/2022\\\/#\\\/schema\\\/person\\\/2d205a608a5aa97ac279d7a5e6d89ad8\"},\"headline\":\"Colina \u00e9 premiada na 12\u00aa edi\u00e7\u00e3o do Pr\u00eamio Sebrae &#8220;Prefeitura Empreendedora&#8221;\",\"datePublished\":\"2024-04-24T20:46:06+00:00\",\"dateModified\":\"2024-04-24T20:46:54+00:00\",\"mainEntityOfPage\":{\"@id\":\"https:\\\/\\\/regiaonews.net.br\\\/2022\\\/2024\\\/04\\\/24\\\/colina-e-premiada-na-12a-edicao-do-premio-sebrae-prefeitura-empreendedora\\\/\"},\"wordCount\":238,\"commentCount\":0,\"publisher\":{\"@id\":\"https:\\\/\\\/regiaonews.net.br\\\/2022\\\/#organization\"},\"image\":{\"@id\":\"https:\\\/\\\/regiaonews.net.br\\\/2022\\\/2024\\\/04\\\/24\\\/colina-e-premiada-na-12a-edicao-do-premio-sebrae-prefeitura-empreendedora\\\/#primaryimage\"},\"thumbnailUrl\":\"https:\\\/\\\/regiaonews.net.br\\\/2022\\\/wp-content\\\/uploads\\\/2024\\\/04\\\/sebrae-Dieb.jpeg\",\"articleSection\":[\"Cotidiano\",\"S\u00e3o Paulo\"],\"inLanguage\":\"pt-BR\",\"potentialAction\":[{\"@type\":\"CommentAction\",\"name\":\"Comment\",\"target\":[\"https:\\\/\\\/regiaonews.net.br\\\/2022\\\/2024\\\/04\\\/24\\\/colina-e-premiada-na-12a-edicao-do-premio-sebrae-prefeitura-empreendedora\\\/#respond\"]}]},{\"@type\":\"WebPage\",\"@id\":\"https:\\\/\\\/regiaonews.net.br\\\/2022\\\/2024\\\/04\\\/24\\\/colina-e-premiada-na-12a-edicao-do-premio-sebrae-prefeitura-empreendedora\\\/\",\"url\":\"https:\\\/\\\/regiaonews.net.br\\\/2022\\\/2024\\\/04\\\/24\\\/colina-e-premiada-na-12a-edicao-do-premio-sebrae-prefeitura-empreendedora\\\/\",\"name\":\"Colina \u00e9 premiada na 12\u00aa edi\u00e7\u00e3o do Pr\u00eamio Sebrae \\\"Prefeitura Empreendedora\\\" - Regi\u00e3o News\",\"isPartOf\":{\"@id\":\"https:\\\/\\\/regiaonews.net.br\\\/2022\\\/#website\"},\"primaryImageOfPage\":{\"@id\":\"https:\\\/\\\/regiaonews.net.br\\\/2022\\\/2024\\\/04\\\/24\\\/colina-e-premiada-na-12a-edicao-do-premio-sebrae-prefeitura-empreendedora\\\/#primaryimage\"},\"image\":{\"@id\":\"https:\\\/\\\/regiaonews.net.br\\\/2022\\\/2024\\\/04\\\/24\\\/colina-e-premiada-na-12a-edicao-do-premio-sebrae-prefeitura-empreendedora\\\/#primaryimage\"},\"thumbnailUrl\":\"https:\\\/\\\/regiaonews.net.br\\\/2022\\\/wp-content\\\/uploads\\\/2024\\\/04\\\/sebrae-Dieb.jpeg\",\"datePublished\":\"2024-04-24T20:46:06+00:00\",\"dateModified\":\"2024-04-24T20:46:54+00:00\",\"breadcrumb\":{\"@id\":\"https:\\\/\\\/regiaonews.net.br\\\/2022\\\/2024\\\/04\\\/24\\\/colina-e-premiada-na-12a-edicao-do-premio-sebrae-prefeitura-empreendedora\\\/#breadcrumb\"},\"inLanguage\":\"pt-BR\",\"potentialAction\":[{\"@type\":\"ReadAction\",\"target\":[\"https:\\\/\\\/regiaonews.net.br\\\/2022\\\/2024\\\/04\\\/24\\\/colina-e-premiada-na-12a-edicao-do-premio-sebrae-prefeitura-empreendedora\\\/\"]}]},{\"@type\":\"ImageObject\",\"inLanguage\":\"pt-BR\",\"@id\":\"https:\\\/\\\/regiaonews.net.br\\\/2022\\\/2024\\\/04\\\/24\\\/colina-e-premiada-na-12a-edicao-do-premio-sebrae-prefeitura-empreendedora\\\/#primaryimage\",\"url\":\"https:\\\/\\\/regiaonews.net.br\\\/2022\\\/wp-content\\\/uploads\\\/2024\\\/04\\\/sebrae-Dieb.jpeg\",\"contentUrl\":\"https:\\\/\\\/regiaonews.net.br\\\/2022\\\/wp-content\\\/uploads\\\/2024\\\/04\\\/sebrae-Dieb.jpeg\",\"width\":900,\"height\":675},{\"@type\":\"BreadcrumbList\",\"@id\":\"https:\\\/\\\/regiaonews.net.br\\\/2022\\\/2024\\\/04\\\/24\\\/colina-e-premiada-na-12a-edicao-do-premio-sebrae-prefeitura-empreendedora\\\/#breadcrumb\",\"itemListElement\":[{\"@type\":\"ListItem\",\"position\":1,\"name\":\"In\u00edcio\",\"item\":\"https:\\\/\\\/regiaonews.net.br\\\/2022\\\/\"},{\"@type\":\"ListItem\",\"position\":2,\"name\":\"Colina \u00e9 premiada na 12\u00aa edi\u00e7\u00e3o do Pr\u00eamio Sebrae &#8220;Prefeitura Empreendedora&#8221;\"}]},{\"@type\":\"WebSite\",\"@id\":\"https:\\\/\\\/regiaonews.net.br\\\/2022\\\/#website\",\"url\":\"https:\\\/\\\/regiaonews.net.br\\\/2022\\\/\",\"name\":\"Regi\u00e3o News\",\"description\":\"Site de Not\u00edcias de Barretos e regi\u00e3o\",\"publisher\":{\"@id\":\"https:\\\/\\\/regiaonews.net.br\\\/2022\\\/#organization\"},\"potentialAction\":[{\"@type\":\"SearchAction\",\"target\":{\"@type\":\"EntryPoint\",\"urlTemplate\":\"https:\\\/\\\/regiaonews.net.br\\\/2022\\\/?s={search_term_string}\"},\"query-input\":{\"@type\":\"PropertyValueSpecification\",\"valueRequired\":true,\"valueName\":\"search_term_string\"}}],\"inLanguage\":\"pt-BR\"},{\"@type\":\"Organization\",\"@id\":\"https:\\\/\\\/regiaonews.net.br\\\/2022\\\/#organization\",\"name\":\"Regi\u00e3o News\",\"url\":\"https:\\\/\\\/regiaonews.net.br\\\/2022\\\/\",\"logo\":{\"@type\":\"ImageObject\",\"inLanguage\":\"pt-BR\",\"@id\":\"https:\\\/\\\/regiaonews.net.br\\\/2022\\\/#\\\/schema\\\/logo\\\/image\\\/\",\"url\":\"https:\\\/\\\/regiaonews.net.br\\\/2022\\\/wp-content\\\/uploads\\\/2026\\\/03\\\/regiao-13-anos-scaled.jpg\",\"contentUrl\":\"https:\\\/\\\/regiaonews.net.br\\\/2022\\\/wp-content\\\/uploads\\\/2026\\\/03\\\/regiao-13-anos-scaled.jpg\",\"width\":2560,\"height\":635,\"caption\":\"Regi\u00e3o News\"},\"image\":{\"@id\":\"https:\\\/\\\/regiaonews.net.br\\\/2022\\\/#\\\/schema\\\/logo\\\/image\\\/\"}},{\"@type\":\"Person\",\"@id\":\"https:\\\/\\\/regiaonews.net.br\\\/2022\\\/#\\\/schema\\\/person\\\/2d205a608a5aa97ac279d7a5e6d89ad8\",\"name\":\"Roberto\",\"image\":{\"@type\":\"ImageObject\",\"inLanguage\":\"pt-BR\",\"@id\":\"https:\\\/\\\/secure.gravatar.com\\\/avatar\\\/42749d8b712ff9d59ca93dc150494e5b55a44134482993f5baeb97e61b7ecc89?s=96&d=mm&r=g\",\"url\":\"https:\\\/\\\/secure.gravatar.com\\\/avatar\\\/42749d8b712ff9d59ca93dc150494e5b55a44134482993f5baeb97e61b7ecc89?s=96&d=mm&r=g\",\"contentUrl\":\"https:\\\/\\\/secure.gravatar.com\\\/avatar\\\/42749d8b712ff9d59ca93dc150494e5b55a44134482993f5baeb97e61b7ecc89?s=96&d=mm&r=g\",\"caption\":\"Roberto\"},\"url\":\"https:\\\/\\\/regiaonews.net.br\\\/2022\\\/author\\\/roberto\\\/\"}]}<\/script>\n<!-- \/ Yoast SEO plugin. -->","yoast_head_json":{"title":"Colina \u00e9 premiada na 12\u00aa edi\u00e7\u00e3o do Pr\u00eamio Sebrae \"Prefeitura Empreendedora\" - Regi\u00e3o News","robots":{"index":"index","follow":"follow","max-snippet":"max-snippet:-1","max-image-preview":"max-image-preview:large","max-video-preview":"max-video-preview:-1"},"canonical":"https:\/\/regiaonews.net.br\/2022\/2024\/04\/24\/colina-e-premiada-na-12a-edicao-do-premio-sebrae-prefeitura-empreendedora\/","og_locale":"pt_BR","og_type":"article","og_title":"Colina \u00e9 premiada na 12\u00aa edi\u00e7\u00e3o do Pr\u00eamio Sebrae \"Prefeitura Empreendedora\" - Regi\u00e3o News","og_description":"O Prefeito Municipal de Colina, Dieb Taha, participou da 12\u00aa","og_url":"https:\/\/regiaonews.net.br\/2022\/2024\/04\/24\/colina-e-premiada-na-12a-edicao-do-premio-sebrae-prefeitura-empreendedora\/","og_site_name":"Regi\u00e3o News","article_published_time":"2024-04-24T20:46:06+00:00","article_modified_time":"2024-04-24T20:46:54+00:00","og_image":[{"width":900,"height":675,"url":"https:\/\/regiaonews.net.br\/2022\/wp-content\/uploads\/2024\/04\/sebrae-Dieb.jpeg","type":"image\/jpeg"}],"author":"Roberto","twitter_card":"summary_large_image","twitter_misc":{"Escrito por":"Roberto","Est. tempo de leitura":"2 minutos"},"schema":{"@context":"https:\/\/schema.org","@graph":[{"@type":"Article","@id":"https:\/\/regiaonews.net.br\/2022\/2024\/04\/24\/colina-e-premiada-na-12a-edicao-do-premio-sebrae-prefeitura-empreendedora\/#article","isPartOf":{"@id":"https:\/\/regiaonews.net.br\/2022\/2024\/04\/24\/colina-e-premiada-na-12a-edicao-do-premio-sebrae-prefeitura-empreendedora\/"},"author":{"name":"Roberto","@id":"https:\/\/regiaonews.net.br\/2022\/#\/schema\/person\/2d205a608a5aa97ac279d7a5e6d89ad8"},"headline":"Colina \u00e9 premiada na 12\u00aa edi\u00e7\u00e3o do Pr\u00eamio Sebrae &#8220;Prefeitura Empreendedora&#8221;","datePublished":"2024-04-24T20:46:06+00:00","dateModified":"2024-04-24T20:46:54+00:00","mainEntityOfPage":{"@id":"https:\/\/regiaonews.net.br\/2022\/2024\/04\/24\/colina-e-premiada-na-12a-edicao-do-premio-sebrae-prefeitura-empreendedora\/"},"wordCount":238,"commentCount":0,"publisher":{"@id":"https:\/\/regiaonews.net.br\/2022\/#organization"},"image":{"@id":"https:\/\/regiaonews.net.br\/2022\/2024\/04\/24\/colina-e-premiada-na-12a-edicao-do-premio-sebrae-prefeitura-empreendedora\/#primaryimage"},"thumbnailUrl":"https:\/\/regiaonews.net.br\/2022\/wp-content\/uploads\/2024\/04\/sebrae-Dieb.jpeg","articleSection":["Cotidiano","S\u00e3o Paulo"],"inLanguage":"pt-BR","potentialAction":[{"@type":"CommentAction","name":"Comment","target":["https:\/\/regiaonews.net.br\/2022\/2024\/04\/24\/colina-e-premiada-na-12a-edicao-do-premio-sebrae-prefeitura-empreendedora\/#respond"]}]},{"@type":"WebPage","@id":"https:\/\/regiaonews.net.br\/2022\/2024\/04\/24\/colina-e-premiada-na-12a-edicao-do-premio-sebrae-prefeitura-empreendedora\/","url":"https:\/\/regiaonews.net.br\/2022\/2024\/04\/24\/colina-e-premiada-na-12a-edicao-do-premio-sebrae-prefeitura-empreendedora\/","name":"Colina \u00e9 premiada na 12\u00aa edi\u00e7\u00e3o do Pr\u00eamio Sebrae \"Prefeitura Empreendedora\" - Regi\u00e3o News","isPartOf":{"@id":"https:\/\/regiaonews.net.br\/2022\/#website"},"primaryImageOfPage":{"@id":"https:\/\/regiaonews.net.br\/2022\/2024\/04\/24\/colina-e-premiada-na-12a-edicao-do-premio-sebrae-prefeitura-empreendedora\/#primaryimage"},"image":{"@id":"https:\/\/regiaonews.net.br\/2022\/2024\/04\/24\/colina-e-premiada-na-12a-edicao-do-premio-sebrae-prefeitura-empreendedora\/#primaryimage"},"thumbnailUrl":"https:\/\/regiaonews.net.br\/2022\/wp-content\/uploads\/2024\/04\/sebrae-Dieb.jpeg","datePublished":"2024-04-24T20:46:06+00:00","dateModified":"2024-04-24T20:46:54+00:00","breadcrumb":{"@id":"https:\/\/regiaonews.net.br\/2022\/2024\/04\/24\/colina-e-premiada-na-12a-edicao-do-premio-sebrae-prefeitura-empreendedora\/#breadcrumb"},"inLanguage":"pt-BR","potentialAction":[{"@type":"ReadAction","target":["https:\/\/regiaonews.net.br\/2022\/2024\/04\/24\/colina-e-premiada-na-12a-edicao-do-premio-sebrae-prefeitura-empreendedora\/"]}]},{"@type":"ImageObject","inLanguage":"pt-BR","@id":"https:\/\/regiaonews.net.br\/2022\/2024\/04\/24\/colina-e-premiada-na-12a-edicao-do-premio-sebrae-prefeitura-empreendedora\/#primaryimage","url":"https:\/\/regiaonews.net.br\/2022\/wp-content\/uploads\/2024\/04\/sebrae-Dieb.jpeg","contentUrl":"https:\/\/regiaonews.net.br\/2022\/wp-content\/uploads\/2024\/04\/sebrae-Dieb.jpeg","width":900,"height":675},{"@type":"BreadcrumbList","@id":"https:\/\/regiaonews.net.br\/2022\/2024\/04\/24\/colina-e-premiada-na-12a-edicao-do-premio-sebrae-prefeitura-empreendedora\/#breadcrumb","itemListElement":[{"@type":"ListItem","position":1,"name":"In\u00edcio","item":"https:\/\/regiaonews.net.br\/2022\/"},{"@type":"ListItem","position":2,"name":"Colina \u00e9 premiada na 12\u00aa edi\u00e7\u00e3o do Pr\u00eamio Sebrae &#8220;Prefeitura Empreendedora&#8221;"}]},{"@type":"WebSite","@id":"https:\/\/regiaonews.net.br\/2022\/#website","url":"https:\/\/regiaonews.net.br\/2022\/","name":"Regi\u00e3o News","description":"Site de Not\u00edcias de Barretos e regi\u00e3o","publisher":{"@id":"https:\/\/regiaonews.net.br\/2022\/#organization"},"potentialAction":[{"@type":"SearchAction","target":{"@type":"EntryPoint","urlTemplate":"https:\/\/regiaonews.net.br\/2022\/?s={search_term_string}"},"query-input":{"@type":"PropertyValueSpecification","valueRequired":true,"valueName":"search_term_string"}}],"inLanguage":"pt-BR"},{"@type":"Organization","@id":"https:\/\/regiaonews.net.br\/2022\/#organization","name":"Regi\u00e3o News","url":"https:\/\/regiaonews.net.br\/2022\/","logo":{"@type":"ImageObject","inLanguage":"pt-BR","@id":"https:\/\/regiaonews.net.br\/2022\/#\/schema\/logo\/image\/","url":"https:\/\/regiaonews.net.br\/2022\/wp-content\/uploads\/2026\/03\/regiao-13-anos-scaled.jpg","contentUrl":"https:\/\/regiaonews.net.br\/2022\/wp-content\/uploads\/2026\/03\/regiao-13-anos-scaled.jpg","width":2560,"height":635,"caption":"Regi\u00e3o News"},"image":{"@id":"https:\/\/regiaonews.net.br\/2022\/#\/schema\/logo\/image\/"}},{"@type":"Person","@id":"https:\/\/regiaonews.net.br\/2022\/#\/schema\/person\/2d205a608a5aa97ac279d7a5e6d89ad8","name":"Roberto","image":{"@type":"ImageObject","inLanguage":"pt-BR","@id":"https:\/\/secure.gravatar.com\/avatar\/42749d8b712ff9d59ca93dc150494e5b55a44134482993f5baeb97e61b7ecc89?s=96&d=mm&r=g","url":"https:\/\/secure.gravatar.com\/avatar\/42749d8b712ff9d59ca93dc150494e5b55a44134482993f5baeb97e61b7ecc89?s=96&d=mm&r=g","contentUrl":"https:\/\/secure.gravatar.com\/avatar\/42749d8b712ff9d59ca93dc150494e5b55a44134482993f5baeb97e61b7ecc89?s=96&d=mm&r=g","caption":"Roberto"},"url":"https:\/\/regiaonews.net.br\/2022\/author\/roberto\/"}]}},"publishpress_future_action":{"enabled":false,"date":"2026-05-04 09:44:43","action":"change-status","newStatus":"draft","terms":[],"taxonomy":"category","extraData":[]},"publishpress_future_workflow_manual_trigger":{"enabledWorkflows":[]},"_links":{"self":[{"href":"https:\/\/regiaonews.net.br\/2022\/wp-json\/wp\/v2\/posts\/104113","targetHints":{"allow":["GET"]}}],"collection":[{"href":"https:\/\/regiaonews.net.br\/2022\/wp-json\/wp\/v2\/posts"}],"about":[{"href":"https:\/\/regiaonews.net.br\/2022\/wp-json\/wp\/v2\/types\/post"}],"author":[{"embeddable":true,"href":"https:\/\/regiaonews.net.br\/2022\/wp-json\/wp\/v2\/users\/2"}],"replies":[{"embeddable":true,"href":"https:\/\/regiaonews.net.br\/2022\/wp-json\/wp\/v2\/comments?post=104113"}],"version-history":[{"count":2,"href":"https:\/\/regiaonews.net.br\/2022\/wp-json\/wp\/v2\/posts\/104113\/revisions"}],"predecessor-version":[{"id":104116,"href":"https:\/\/regiaonews.net.br\/2022\/wp-json\/wp\/v2\/posts\/104113\/revisions\/104116"}],"wp:featuredmedia":[{"embeddable":true,"href":"https:\/\/regiaonews.net.br\/2022\/wp-json\/wp\/v2\/media\/104114"}],"wp:attachment":[{"href":"https:\/\/regiaonews.net.br\/2022\/wp-json\/wp\/v2\/media?parent=104113"}],"wp:term":[{"taxonomy":"category","embeddable":true,"href":"https:\/\/regiaonews.net.br\/2022\/wp-json\/wp\/v2\/categories?post=104113"},{"taxonomy":"post_tag","embeddable":true,"href":"https:\/\/regiaonews.net.br\/2022\/wp-json\/wp\/v2\/tags?post=104113"}],"curies":[{"name":"wp","href":"https:\/\/api.w.org\/{rel}","templated":true}]}}