{"id":104067,"date":"2024-04-23T19:00:23","date_gmt":"2024-04-23T22:00:23","guid":{"rendered":"https:\/\/regiaonews.net.br\/2022\/?p=104067"},"modified":"2024-04-23T19:00:35","modified_gmt":"2024-04-23T22:00:35","slug":"abril-grena-300-atendimentos-realizados-na-praca-entre-quinta-e-sabado","status":"publish","type":"post","link":"https:\/\/regiaonews.net.br\/2022\/2024\/04\/23\/abril-grena-300-atendimentos-realizados-na-praca-entre-quinta-e-sabado\/","title":{"rendered":"Abril Gren\u00e1: 300 atendimentos realizados na Pra\u00e7a entre quinta e s\u00e1bado"},"content":{"rendered":"<p>&nbsp;<\/p>\n<p>Ainda dentro da programa\u00e7\u00e3o do m\u00eas de preven\u00e7\u00e3o e cuidados de sa\u00fade bucal, os profissionais de odontologia da rede municipal ter\u00e3o uma palestra nesta semana<\/p>\n<p>A Pra\u00e7a Francisco Barreto, ao longo de tr\u00eas dias, foi o local certo para colocar em dia a avalia\u00e7\u00e3o sobre a sa\u00fade bucal. De acordo com a APCD Barretos, 300 pessoas passaram por avalia\u00e7\u00e3o no consult\u00f3rio m\u00f3vel entre quinta-feira (18) e s\u00e1bado (20), na a\u00e7\u00e3o realizada em parceria com a Prefeitura. A a\u00e7\u00e3o especial integrou a campanha Abril Gren\u00e1 \u2013 m\u00eas de preven\u00e7\u00e3o e cuidados de sa\u00fade bucal.<\/p>\n<p>A partir da an\u00e1lise individual, os mun\u00edcipes receberam aconselhamentos e direcionamentos. Ainda foram fornecidas orienta\u00e7\u00f5es gerais sobre preven\u00e7\u00e3o e entregues kits de higiene bucal. \u201cAo longo dos tr\u00eas dias, a popula\u00e7\u00e3o esteve presente na a\u00e7\u00e3o e o resultado foi bastante satisfat\u00f3rio\u201d, ressaltou L\u00facio Pereira, presidente da APCD Barretos. O evento contou com apoio do Hospital de Amor, da Unifeb e do SAAE.<\/p>\n<p>A coordenadora do Departamento de Odontologia da Secretaria Municipal de Sa\u00fade, Alessandra Balbo, lembra que, tamb\u00e9m dentro das a\u00e7\u00f5es especiais deste m\u00eas, os dentistas da rede municipal de sa\u00fade est\u00e3o participando de palestras na APCD Barretos. \u201cNesta semana, o professor Dr. H\u00e9lio Tanimoto, que atua na Unifeb e no Hospital de Amor, vai falar sobre sa\u00fade bucal com os profissionais da rede municipal\u201d, destaca. Na \u00faltima semana, foram abordados os temas anestesia na odontologia e tratamento endod\u00f4ntico com \u00eanfase em abertura coron\u00e1ria.<\/p>\n<p>Ao longo de todo o ano, a popula\u00e7\u00e3o pode procurar a Unidade B\u00e1sica de Sa\u00fade (UBS) mais pr\u00f3xima para manter a sua sa\u00fade bucal em dia. Mais informa\u00e7\u00f5es podem ser obtidas na pr\u00f3pria UBS, de segunda a sexta-feira, a partir das 7h.<\/p>\n","protected":false},"excerpt":{"rendered":"<p>&nbsp; Ainda dentro da programa\u00e7\u00e3o do m\u00eas de preven\u00e7\u00e3o e<\/p>\n","protected":false},"author":2,"featured_media":104068,"comment_status":"open","ping_status":"open","sticky":false,"template":"","format":"standard","meta":{"footnotes":""},"categories":[14,25],"tags":[],"class_list":["post-104067","post","type-post","status-publish","format-standard","has-post-thumbnail","hentry","category-barretos","category-cidades"],"yoast_head":"<!-- This site is optimized with the Yoast SEO plugin v27.4 - https:\/\/yoast.com\/product\/yoast-seo-wordpress\/ -->\n<title>Abril Gren\u00e1: 300 atendimentos realizados na Pra\u00e7a entre quinta e s\u00e1bado - Regi\u00e3o News<\/title>\n<meta name=\"robots\" content=\"index, follow, max-snippet:-1, max-image-preview:large, max-video-preview:-1\" \/>\n<link rel=\"canonical\" href=\"https:\/\/regiaonews.net.br\/2022\/2024\/04\/23\/abril-grena-300-atendimentos-realizados-na-praca-entre-quinta-e-sabado\/\" \/>\n<meta property=\"og:locale\" content=\"pt_BR\" \/>\n<meta property=\"og:type\" content=\"article\" \/>\n<meta property=\"og:title\" content=\"Abril Gren\u00e1: 300 atendimentos realizados na Pra\u00e7a entre quinta e s\u00e1bado - Regi\u00e3o News\" \/>\n<meta property=\"og:description\" content=\"&nbsp; Ainda dentro da programa\u00e7\u00e3o do m\u00eas de preven\u00e7\u00e3o e\" \/>\n<meta property=\"og:url\" content=\"https:\/\/regiaonews.net.br\/2022\/2024\/04\/23\/abril-grena-300-atendimentos-realizados-na-praca-entre-quinta-e-sabado\/\" \/>\n<meta property=\"og:site_name\" content=\"Regi\u00e3o News\" \/>\n<meta property=\"article:published_time\" content=\"2024-04-23T22:00:23+00:00\" \/>\n<meta property=\"article:modified_time\" content=\"2024-04-23T22:00:35+00:00\" \/>\n<meta property=\"og:image\" content=\"https:\/\/regiaonews.net.br\/2022\/wp-content\/uploads\/2024\/04\/WhatsApp-Image-2024-04-23-at-17.58.41.jpeg\" \/>\n\t<meta property=\"og:image:width\" content=\"1600\" \/>\n\t<meta property=\"og:image:height\" content=\"1082\" \/>\n\t<meta property=\"og:image:type\" content=\"image\/jpeg\" \/>\n<meta name=\"author\" content=\"Roberto\" \/>\n<meta name=\"twitter:card\" content=\"summary_large_image\" \/>\n<meta name=\"twitter:label1\" content=\"Escrito por\" \/>\n\t<meta name=\"twitter:data1\" content=\"Roberto\" \/>\n\t<meta name=\"twitter:label2\" content=\"Est. tempo de leitura\" \/>\n\t<meta name=\"twitter:data2\" content=\"2 minutos\" \/>\n<script type=\"application\/ld+json\" class=\"yoast-schema-graph\">{\"@context\":\"https:\\\/\\\/schema.org\",\"@graph\":[{\"@type\":\"Article\",\"@id\":\"https:\\\/\\\/regiaonews.net.br\\\/2022\\\/2024\\\/04\\\/23\\\/abril-grena-300-atendimentos-realizados-na-praca-entre-quinta-e-sabado\\\/#article\",\"isPartOf\":{\"@id\":\"https:\\\/\\\/regiaonews.net.br\\\/2022\\\/2024\\\/04\\\/23\\\/abril-grena-300-atendimentos-realizados-na-praca-entre-quinta-e-sabado\\\/\"},\"author\":{\"name\":\"Roberto\",\"@id\":\"https:\\\/\\\/regiaonews.net.br\\\/2022\\\/#\\\/schema\\\/person\\\/2d205a608a5aa97ac279d7a5e6d89ad8\"},\"headline\":\"Abril Gren\u00e1: 300 atendimentos realizados na Pra\u00e7a entre quinta e s\u00e1bado\",\"datePublished\":\"2024-04-23T22:00:23+00:00\",\"dateModified\":\"2024-04-23T22:00:35+00:00\",\"mainEntityOfPage\":{\"@id\":\"https:\\\/\\\/regiaonews.net.br\\\/2022\\\/2024\\\/04\\\/23\\\/abril-grena-300-atendimentos-realizados-na-praca-entre-quinta-e-sabado\\\/\"},\"wordCount\":332,\"commentCount\":0,\"publisher\":{\"@id\":\"https:\\\/\\\/regiaonews.net.br\\\/2022\\\/#organization\"},\"image\":{\"@id\":\"https:\\\/\\\/regiaonews.net.br\\\/2022\\\/2024\\\/04\\\/23\\\/abril-grena-300-atendimentos-realizados-na-praca-entre-quinta-e-sabado\\\/#primaryimage\"},\"thumbnailUrl\":\"https:\\\/\\\/regiaonews.net.br\\\/2022\\\/wp-content\\\/uploads\\\/2024\\\/04\\\/WhatsApp-Image-2024-04-23-at-17.58.41.jpeg\",\"articleSection\":[\"Barretos\",\"Cidades\"],\"inLanguage\":\"pt-BR\",\"potentialAction\":[{\"@type\":\"CommentAction\",\"name\":\"Comment\",\"target\":[\"https:\\\/\\\/regiaonews.net.br\\\/2022\\\/2024\\\/04\\\/23\\\/abril-grena-300-atendimentos-realizados-na-praca-entre-quinta-e-sabado\\\/#respond\"]}]},{\"@type\":\"WebPage\",\"@id\":\"https:\\\/\\\/regiaonews.net.br\\\/2022\\\/2024\\\/04\\\/23\\\/abril-grena-300-atendimentos-realizados-na-praca-entre-quinta-e-sabado\\\/\",\"url\":\"https:\\\/\\\/regiaonews.net.br\\\/2022\\\/2024\\\/04\\\/23\\\/abril-grena-300-atendimentos-realizados-na-praca-entre-quinta-e-sabado\\\/\",\"name\":\"Abril Gren\u00e1: 300 atendimentos realizados na Pra\u00e7a entre quinta e s\u00e1bado - Regi\u00e3o News\",\"isPartOf\":{\"@id\":\"https:\\\/\\\/regiaonews.net.br\\\/2022\\\/#website\"},\"primaryImageOfPage\":{\"@id\":\"https:\\\/\\\/regiaonews.net.br\\\/2022\\\/2024\\\/04\\\/23\\\/abril-grena-300-atendimentos-realizados-na-praca-entre-quinta-e-sabado\\\/#primaryimage\"},\"image\":{\"@id\":\"https:\\\/\\\/regiaonews.net.br\\\/2022\\\/2024\\\/04\\\/23\\\/abril-grena-300-atendimentos-realizados-na-praca-entre-quinta-e-sabado\\\/#primaryimage\"},\"thumbnailUrl\":\"https:\\\/\\\/regiaonews.net.br\\\/2022\\\/wp-content\\\/uploads\\\/2024\\\/04\\\/WhatsApp-Image-2024-04-23-at-17.58.41.jpeg\",\"datePublished\":\"2024-04-23T22:00:23+00:00\",\"dateModified\":\"2024-04-23T22:00:35+00:00\",\"breadcrumb\":{\"@id\":\"https:\\\/\\\/regiaonews.net.br\\\/2022\\\/2024\\\/04\\\/23\\\/abril-grena-300-atendimentos-realizados-na-praca-entre-quinta-e-sabado\\\/#breadcrumb\"},\"inLanguage\":\"pt-BR\",\"potentialAction\":[{\"@type\":\"ReadAction\",\"target\":[\"https:\\\/\\\/regiaonews.net.br\\\/2022\\\/2024\\\/04\\\/23\\\/abril-grena-300-atendimentos-realizados-na-praca-entre-quinta-e-sabado\\\/\"]}]},{\"@type\":\"ImageObject\",\"inLanguage\":\"pt-BR\",\"@id\":\"https:\\\/\\\/regiaonews.net.br\\\/2022\\\/2024\\\/04\\\/23\\\/abril-grena-300-atendimentos-realizados-na-praca-entre-quinta-e-sabado\\\/#primaryimage\",\"url\":\"https:\\\/\\\/regiaonews.net.br\\\/2022\\\/wp-content\\\/uploads\\\/2024\\\/04\\\/WhatsApp-Image-2024-04-23-at-17.58.41.jpeg\",\"contentUrl\":\"https:\\\/\\\/regiaonews.net.br\\\/2022\\\/wp-content\\\/uploads\\\/2024\\\/04\\\/WhatsApp-Image-2024-04-23-at-17.58.41.jpeg\",\"width\":1600,\"height\":1082},{\"@type\":\"BreadcrumbList\",\"@id\":\"https:\\\/\\\/regiaonews.net.br\\\/2022\\\/2024\\\/04\\\/23\\\/abril-grena-300-atendimentos-realizados-na-praca-entre-quinta-e-sabado\\\/#breadcrumb\",\"itemListElement\":[{\"@type\":\"ListItem\",\"position\":1,\"name\":\"In\u00edcio\",\"item\":\"https:\\\/\\\/regiaonews.net.br\\\/2022\\\/\"},{\"@type\":\"ListItem\",\"position\":2,\"name\":\"Abril Gren\u00e1: 300 atendimentos realizados na Pra\u00e7a entre quinta e s\u00e1bado\"}]},{\"@type\":\"WebSite\",\"@id\":\"https:\\\/\\\/regiaonews.net.br\\\/2022\\\/#website\",\"url\":\"https:\\\/\\\/regiaonews.net.br\\\/2022\\\/\",\"name\":\"Regi\u00e3o News\",\"description\":\"Site de Not\u00edcias de Barretos e regi\u00e3o\",\"publisher\":{\"@id\":\"https:\\\/\\\/regiaonews.net.br\\\/2022\\\/#organization\"},\"potentialAction\":[{\"@type\":\"SearchAction\",\"target\":{\"@type\":\"EntryPoint\",\"urlTemplate\":\"https:\\\/\\\/regiaonews.net.br\\\/2022\\\/?s={search_term_string}\"},\"query-input\":{\"@type\":\"PropertyValueSpecification\",\"valueRequired\":true,\"valueName\":\"search_term_string\"}}],\"inLanguage\":\"pt-BR\"},{\"@type\":\"Organization\",\"@id\":\"https:\\\/\\\/regiaonews.net.br\\\/2022\\\/#organization\",\"name\":\"Regi\u00e3o News\",\"url\":\"https:\\\/\\\/regiaonews.net.br\\\/2022\\\/\",\"logo\":{\"@type\":\"ImageObject\",\"inLanguage\":\"pt-BR\",\"@id\":\"https:\\\/\\\/regiaonews.net.br\\\/2022\\\/#\\\/schema\\\/logo\\\/image\\\/\",\"url\":\"https:\\\/\\\/regiaonews.net.br\\\/2022\\\/wp-content\\\/uploads\\\/2026\\\/03\\\/regiao-13-anos-scaled.jpg\",\"contentUrl\":\"https:\\\/\\\/regiaonews.net.br\\\/2022\\\/wp-content\\\/uploads\\\/2026\\\/03\\\/regiao-13-anos-scaled.jpg\",\"width\":2560,\"height\":635,\"caption\":\"Regi\u00e3o News\"},\"image\":{\"@id\":\"https:\\\/\\\/regiaonews.net.br\\\/2022\\\/#\\\/schema\\\/logo\\\/image\\\/\"}},{\"@type\":\"Person\",\"@id\":\"https:\\\/\\\/regiaonews.net.br\\\/2022\\\/#\\\/schema\\\/person\\\/2d205a608a5aa97ac279d7a5e6d89ad8\",\"name\":\"Roberto\",\"image\":{\"@type\":\"ImageObject\",\"inLanguage\":\"pt-BR\",\"@id\":\"https:\\\/\\\/secure.gravatar.com\\\/avatar\\\/42749d8b712ff9d59ca93dc150494e5b55a44134482993f5baeb97e61b7ecc89?s=96&d=mm&r=g\",\"url\":\"https:\\\/\\\/secure.gravatar.com\\\/avatar\\\/42749d8b712ff9d59ca93dc150494e5b55a44134482993f5baeb97e61b7ecc89?s=96&d=mm&r=g\",\"contentUrl\":\"https:\\\/\\\/secure.gravatar.com\\\/avatar\\\/42749d8b712ff9d59ca93dc150494e5b55a44134482993f5baeb97e61b7ecc89?s=96&d=mm&r=g\",\"caption\":\"Roberto\"},\"url\":\"https:\\\/\\\/regiaonews.net.br\\\/2022\\\/author\\\/roberto\\\/\"}]}<\/script>\n<!-- \/ Yoast SEO plugin. -->","yoast_head_json":{"title":"Abril Gren\u00e1: 300 atendimentos realizados na Pra\u00e7a entre quinta e s\u00e1bado - Regi\u00e3o News","robots":{"index":"index","follow":"follow","max-snippet":"max-snippet:-1","max-image-preview":"max-image-preview:large","max-video-preview":"max-video-preview:-1"},"canonical":"https:\/\/regiaonews.net.br\/2022\/2024\/04\/23\/abril-grena-300-atendimentos-realizados-na-praca-entre-quinta-e-sabado\/","og_locale":"pt_BR","og_type":"article","og_title":"Abril Gren\u00e1: 300 atendimentos realizados na Pra\u00e7a entre quinta e s\u00e1bado - Regi\u00e3o News","og_description":"&nbsp; Ainda dentro da programa\u00e7\u00e3o do m\u00eas de preven\u00e7\u00e3o e","og_url":"https:\/\/regiaonews.net.br\/2022\/2024\/04\/23\/abril-grena-300-atendimentos-realizados-na-praca-entre-quinta-e-sabado\/","og_site_name":"Regi\u00e3o News","article_published_time":"2024-04-23T22:00:23+00:00","article_modified_time":"2024-04-23T22:00:35+00:00","og_image":[{"width":1600,"height":1082,"url":"https:\/\/regiaonews.net.br\/2022\/wp-content\/uploads\/2024\/04\/WhatsApp-Image-2024-04-23-at-17.58.41.jpeg","type":"image\/jpeg"}],"author":"Roberto","twitter_card":"summary_large_image","twitter_misc":{"Escrito por":"Roberto","Est. tempo de leitura":"2 minutos"},"schema":{"@context":"https:\/\/schema.org","@graph":[{"@type":"Article","@id":"https:\/\/regiaonews.net.br\/2022\/2024\/04\/23\/abril-grena-300-atendimentos-realizados-na-praca-entre-quinta-e-sabado\/#article","isPartOf":{"@id":"https:\/\/regiaonews.net.br\/2022\/2024\/04\/23\/abril-grena-300-atendimentos-realizados-na-praca-entre-quinta-e-sabado\/"},"author":{"name":"Roberto","@id":"https:\/\/regiaonews.net.br\/2022\/#\/schema\/person\/2d205a608a5aa97ac279d7a5e6d89ad8"},"headline":"Abril Gren\u00e1: 300 atendimentos realizados na Pra\u00e7a entre quinta e s\u00e1bado","datePublished":"2024-04-23T22:00:23+00:00","dateModified":"2024-04-23T22:00:35+00:00","mainEntityOfPage":{"@id":"https:\/\/regiaonews.net.br\/2022\/2024\/04\/23\/abril-grena-300-atendimentos-realizados-na-praca-entre-quinta-e-sabado\/"},"wordCount":332,"commentCount":0,"publisher":{"@id":"https:\/\/regiaonews.net.br\/2022\/#organization"},"image":{"@id":"https:\/\/regiaonews.net.br\/2022\/2024\/04\/23\/abril-grena-300-atendimentos-realizados-na-praca-entre-quinta-e-sabado\/#primaryimage"},"thumbnailUrl":"https:\/\/regiaonews.net.br\/2022\/wp-content\/uploads\/2024\/04\/WhatsApp-Image-2024-04-23-at-17.58.41.jpeg","articleSection":["Barretos","Cidades"],"inLanguage":"pt-BR","potentialAction":[{"@type":"CommentAction","name":"Comment","target":["https:\/\/regiaonews.net.br\/2022\/2024\/04\/23\/abril-grena-300-atendimentos-realizados-na-praca-entre-quinta-e-sabado\/#respond"]}]},{"@type":"WebPage","@id":"https:\/\/regiaonews.net.br\/2022\/2024\/04\/23\/abril-grena-300-atendimentos-realizados-na-praca-entre-quinta-e-sabado\/","url":"https:\/\/regiaonews.net.br\/2022\/2024\/04\/23\/abril-grena-300-atendimentos-realizados-na-praca-entre-quinta-e-sabado\/","name":"Abril Gren\u00e1: 300 atendimentos realizados na Pra\u00e7a entre quinta e s\u00e1bado - Regi\u00e3o News","isPartOf":{"@id":"https:\/\/regiaonews.net.br\/2022\/#website"},"primaryImageOfPage":{"@id":"https:\/\/regiaonews.net.br\/2022\/2024\/04\/23\/abril-grena-300-atendimentos-realizados-na-praca-entre-quinta-e-sabado\/#primaryimage"},"image":{"@id":"https:\/\/regiaonews.net.br\/2022\/2024\/04\/23\/abril-grena-300-atendimentos-realizados-na-praca-entre-quinta-e-sabado\/#primaryimage"},"thumbnailUrl":"https:\/\/regiaonews.net.br\/2022\/wp-content\/uploads\/2024\/04\/WhatsApp-Image-2024-04-23-at-17.58.41.jpeg","datePublished":"2024-04-23T22:00:23+00:00","dateModified":"2024-04-23T22:00:35+00:00","breadcrumb":{"@id":"https:\/\/regiaonews.net.br\/2022\/2024\/04\/23\/abril-grena-300-atendimentos-realizados-na-praca-entre-quinta-e-sabado\/#breadcrumb"},"inLanguage":"pt-BR","potentialAction":[{"@type":"ReadAction","target":["https:\/\/regiaonews.net.br\/2022\/2024\/04\/23\/abril-grena-300-atendimentos-realizados-na-praca-entre-quinta-e-sabado\/"]}]},{"@type":"ImageObject","inLanguage":"pt-BR","@id":"https:\/\/regiaonews.net.br\/2022\/2024\/04\/23\/abril-grena-300-atendimentos-realizados-na-praca-entre-quinta-e-sabado\/#primaryimage","url":"https:\/\/regiaonews.net.br\/2022\/wp-content\/uploads\/2024\/04\/WhatsApp-Image-2024-04-23-at-17.58.41.jpeg","contentUrl":"https:\/\/regiaonews.net.br\/2022\/wp-content\/uploads\/2024\/04\/WhatsApp-Image-2024-04-23-at-17.58.41.jpeg","width":1600,"height":1082},{"@type":"BreadcrumbList","@id":"https:\/\/regiaonews.net.br\/2022\/2024\/04\/23\/abril-grena-300-atendimentos-realizados-na-praca-entre-quinta-e-sabado\/#breadcrumb","itemListElement":[{"@type":"ListItem","position":1,"name":"In\u00edcio","item":"https:\/\/regiaonews.net.br\/2022\/"},{"@type":"ListItem","position":2,"name":"Abril Gren\u00e1: 300 atendimentos realizados na Pra\u00e7a entre quinta e s\u00e1bado"}]},{"@type":"WebSite","@id":"https:\/\/regiaonews.net.br\/2022\/#website","url":"https:\/\/regiaonews.net.br\/2022\/","name":"Regi\u00e3o News","description":"Site de Not\u00edcias de Barretos e regi\u00e3o","publisher":{"@id":"https:\/\/regiaonews.net.br\/2022\/#organization"},"potentialAction":[{"@type":"SearchAction","target":{"@type":"EntryPoint","urlTemplate":"https:\/\/regiaonews.net.br\/2022\/?s={search_term_string}"},"query-input":{"@type":"PropertyValueSpecification","valueRequired":true,"valueName":"search_term_string"}}],"inLanguage":"pt-BR"},{"@type":"Organization","@id":"https:\/\/regiaonews.net.br\/2022\/#organization","name":"Regi\u00e3o News","url":"https:\/\/regiaonews.net.br\/2022\/","logo":{"@type":"ImageObject","inLanguage":"pt-BR","@id":"https:\/\/regiaonews.net.br\/2022\/#\/schema\/logo\/image\/","url":"https:\/\/regiaonews.net.br\/2022\/wp-content\/uploads\/2026\/03\/regiao-13-anos-scaled.jpg","contentUrl":"https:\/\/regiaonews.net.br\/2022\/wp-content\/uploads\/2026\/03\/regiao-13-anos-scaled.jpg","width":2560,"height":635,"caption":"Regi\u00e3o News"},"image":{"@id":"https:\/\/regiaonews.net.br\/2022\/#\/schema\/logo\/image\/"}},{"@type":"Person","@id":"https:\/\/regiaonews.net.br\/2022\/#\/schema\/person\/2d205a608a5aa97ac279d7a5e6d89ad8","name":"Roberto","image":{"@type":"ImageObject","inLanguage":"pt-BR","@id":"https:\/\/secure.gravatar.com\/avatar\/42749d8b712ff9d59ca93dc150494e5b55a44134482993f5baeb97e61b7ecc89?s=96&d=mm&r=g","url":"https:\/\/secure.gravatar.com\/avatar\/42749d8b712ff9d59ca93dc150494e5b55a44134482993f5baeb97e61b7ecc89?s=96&d=mm&r=g","contentUrl":"https:\/\/secure.gravatar.com\/avatar\/42749d8b712ff9d59ca93dc150494e5b55a44134482993f5baeb97e61b7ecc89?s=96&d=mm&r=g","caption":"Roberto"},"url":"https:\/\/regiaonews.net.br\/2022\/author\/roberto\/"}]}},"publishpress_future_action":{"enabled":false,"date":"2026-05-03 07:28:30","action":"change-status","newStatus":"draft","terms":[],"taxonomy":"category","extraData":[]},"publishpress_future_workflow_manual_trigger":{"enabledWorkflows":[]},"_links":{"self":[{"href":"https:\/\/regiaonews.net.br\/2022\/wp-json\/wp\/v2\/posts\/104067","targetHints":{"allow":["GET"]}}],"collection":[{"href":"https:\/\/regiaonews.net.br\/2022\/wp-json\/wp\/v2\/posts"}],"about":[{"href":"https:\/\/regiaonews.net.br\/2022\/wp-json\/wp\/v2\/types\/post"}],"author":[{"embeddable":true,"href":"https:\/\/regiaonews.net.br\/2022\/wp-json\/wp\/v2\/users\/2"}],"replies":[{"embeddable":true,"href":"https:\/\/regiaonews.net.br\/2022\/wp-json\/wp\/v2\/comments?post=104067"}],"version-history":[{"count":1,"href":"https:\/\/regiaonews.net.br\/2022\/wp-json\/wp\/v2\/posts\/104067\/revisions"}],"predecessor-version":[{"id":104069,"href":"https:\/\/regiaonews.net.br\/2022\/wp-json\/wp\/v2\/posts\/104067\/revisions\/104069"}],"wp:featuredmedia":[{"embeddable":true,"href":"https:\/\/regiaonews.net.br\/2022\/wp-json\/wp\/v2\/media\/104068"}],"wp:attachment":[{"href":"https:\/\/regiaonews.net.br\/2022\/wp-json\/wp\/v2\/media?parent=104067"}],"wp:term":[{"taxonomy":"category","embeddable":true,"href":"https:\/\/regiaonews.net.br\/2022\/wp-json\/wp\/v2\/categories?post=104067"},{"taxonomy":"post_tag","embeddable":true,"href":"https:\/\/regiaonews.net.br\/2022\/wp-json\/wp\/v2\/tags?post=104067"}],"curies":[{"name":"wp","href":"https:\/\/api.w.org\/{rel}","templated":true}]}}