{"id":104056,"date":"2024-04-23T11:13:21","date_gmt":"2024-04-23T14:13:21","guid":{"rendered":"https:\/\/regiaonews.net.br\/2022\/?p=104056"},"modified":"2024-04-23T11:13:21","modified_gmt":"2024-04-23T14:13:21","slug":"republicanos-declara-apoio-a-geninho-ceo-da-mar-e-rio-pescados-se-filia-ao-psd-e-audiencia-publica-debate-guerra-de-gangues-em-rio-preto","status":"publish","type":"post","link":"https:\/\/regiaonews.net.br\/2022\/2024\/04\/23\/republicanos-declara-apoio-a-geninho-ceo-da-mar-e-rio-pescados-se-filia-ao-psd-e-audiencia-publica-debate-guerra-de-gangues-em-rio-preto\/","title":{"rendered":"Republicanos declara apoio a Geninho; CEO da Mar e Rio Pescados se filia ao PSD e audi\u00eancia p\u00fablica debate guerra de gangues em Rio Preto"},"content":{"rendered":"<div>O pr\u00e9-candidato a prefeito do Uni\u00e3o Brasil em Ol\u00edmpia, Geninho Zuliani, recebeu o apoio do Republicanos nesta segunda-feira, 22. Ele se reuniu com o secret\u00e1rio-geral da legenda, Diego Polachini, em S\u00e3o Paulo. \u201cRecebemos hoje em S\u00e3o Paulo o ex-deputado e pr\u00e9-candidato a prefeito de Ol\u00edmpia, Geninho Zuliani. O Republicanos est\u00e1 junto neste projeto\u201d, escreveu Diego nas redes sociais.<\/div>\n<div><\/div>\n<div>\n<div>O empres\u00e1rio e CEO da Mar e Rio Pescados, Julio Cesar Antonio, se filiou ao PSD de Rio Preto, conforme revelou em primeira m\u00e3o a Coluna Bastidores DRL. Ele \u00e9 o megaempres\u00e1rio que desembarcou no partido pelas m\u00e3os do secret\u00e1rio estadual de Sa\u00fade, Eleuses Paiva, e do vice-governador Fel\u00edcio Ramuth, al\u00e9m do diretor regional da Secretaria estadual de Governo, Igor Gon\u00e7alves. Ele \u00e9 um dos trunfos da legenda para participar do processo eleitoral deste ano no munic\u00edpio. Desde quando participou do Podcast Di\u00e1rio do Rodrigo Lima \u2013\u00a0<a href=\"https:\/\/www.youtube.com\/watch?v=I02zvo_DCdI\"><strong>clique aqui para assistir<\/strong>\u00a0<\/a>\u2013 , o megaempres\u00e1rio n\u00e3o esconde que sua prefer\u00eancia pessoal \u00e9 pela pr\u00e9-candidatura\u00a0a prefeito do deputado estadual Itamar Borges (MDB).<\/div>\n<div><\/div>\n<div>\n<div>O PT vai lan\u00e7ar na pr\u00f3xima quinta-feira, 25, a pr\u00e9-candidatura a prefeito do ex-vereador Marco Rillo. O seu filho, o vereador Jo\u00e3o Paulo Rillo (PSOL) participou da grava\u00e7\u00e3o do podcast Di\u00e1rio do Rodrigo Lima e falou sobre qual ser\u00e1 o papel da esquerda na elei\u00e7\u00e3o pela disputa da Prefeitura de Rio Preto. Ele antecipou que espera que o presidente Lula grave v\u00eddeo de apoio ao pr\u00e9-candidato a prefeito do PT na cidade.\u00a0<a href=\"https:\/\/www.youtube.com\/watch?v=g2ZfGW4m6ZA\"><strong>Clique aqui para assistir ao Podcast<\/strong><\/a>.<\/div>\n<div>\n<div>O secret\u00e1rio de Obras, Israel Cestari J\u00fanior, recebeu em seu gabinete os vereadores Jean Charles (MDB), Od\u00e9lio Chaves (Podemos) e Pedro Roberto Gomes (Republicanos) para discutir o projeto executivo de recupera\u00e7\u00e3o do asilo de Engenheiro Schmitt. Essa \u00e9 uma antiga reivindica\u00e7\u00e3o dos moradores do distrito de Rio Preto.<\/div>\n<div><\/div>\n<div>\n<div><strong>Guerra de gangues\u2026<\/strong><\/div>\n<div><\/div>\n<div>A Comiss\u00e3o Permanente de Defesa da Cidadania da C\u00e2mara de S\u00e3o Jos\u00e9 do Rio Preto realizou na tarde desta segunda-feira, dia 22 de abril, uma reuni\u00e3o p\u00fablica para debater a escalada de viol\u00eancia que afeta os jovens de bairros perif\u00e9ricos da cidade e o crescente n\u00famero dos casos de homic\u00eddio nessa faixa da popula\u00e7\u00e3o. Entre os participantes do evento estavam representantes da Comiss\u00e3o de Direitos Humanos da OAB \u2013 Rio Preto, membros da equipe t\u00e9cnica da Vara da Inf\u00e2ncia, servidores das Secretarias de Assist\u00eancia Social e de Cultura, integrantes do Conselho Tutelar, Conselho Estadual da Juventude, Conselho Municipal dos Direitos da Crian\u00e7a e do Adolescente, Defensoria P\u00fablica, profissionais de institui\u00e7\u00f5es que atendem adolescentes e fam\u00edlias que perderam seus jovens para a viol\u00eancia.<\/div>\n<div><\/div>\n<div>\n<p><strong>\u2026em Rio Preto<\/strong><\/p>\n<p>A reuni\u00e3o foi coordenada pelo vereador Jo\u00e3o Paulo Rillo (PSOL), presidente da Comiss\u00e3o de Cidadania. Pedro Roberto (Republicanos) tamb\u00e9m esteve presente. Durante o evento, a advogada Daiana Pessoa, coordenadora da Comiss\u00e3o de Direitos Humanos da OAB, explicou que, pelos relatos de moradores, o aumento do confronto entre jovens n\u00e3o se trata de conflito diretamente relacionado ao tr\u00e1fico de drogas. A situa\u00e7\u00e3o atual, mais aguda, teria se iniciado com uma briga de adolescentes que se ampliou para uma guerra entre bairros. Com isso, o cen\u00e1rio hoje \u00e9 de adolescentes e fam\u00edlias amea\u00e7adas, jovens com medo de estudar em escolas que ficam em bairro rival (gerando evas\u00e3o escolar) e impossibilitados de trabalhar em regi\u00f5es diferentes do local onde moram, diante de perigo e persegui\u00e7\u00f5es.\u00a0<a href=\"https:\/\/www.youtube.com\/watch?v=s6-Uw_zMPyQ\"><strong>Clique aqui para assistir ao Podcast Di\u00e1rio do Rodrigo Lima sobre o assunto<\/strong><\/a>.<\/p>\n<\/div>\n<\/div>\n<\/div>\n<div><\/div>\n<div><\/div>\n<\/div>\n<\/div>\n","protected":false},"excerpt":{"rendered":"<p>O pr\u00e9-candidato a prefeito do Uni\u00e3o Brasil em Ol\u00edmpia, Geninho<\/p>\n","protected":false},"author":2,"featured_media":104057,"comment_status":"open","ping_status":"open","sticky":false,"template":"","format":"standard","meta":{"footnotes":""},"categories":[22,38],"tags":[],"class_list":["post-104056","post","type-post","status-publish","format-standard","has-post-thumbnail","hentry","category-politica","category-sao-jose-do-rio-preto"],"yoast_head":"<!-- This site is optimized with the Yoast SEO plugin v27.4 - https:\/\/yoast.com\/product\/yoast-seo-wordpress\/ -->\n<title>Republicanos declara apoio a Geninho; CEO da Mar e Rio Pescados se filia ao PSD e audi\u00eancia p\u00fablica debate guerra de gangues em Rio Preto - Regi\u00e3o News<\/title>\n<meta name=\"robots\" content=\"index, follow, max-snippet:-1, max-image-preview:large, max-video-preview:-1\" \/>\n<link rel=\"canonical\" href=\"https:\/\/regiaonews.net.br\/2022\/2024\/04\/23\/republicanos-declara-apoio-a-geninho-ceo-da-mar-e-rio-pescados-se-filia-ao-psd-e-audiencia-publica-debate-guerra-de-gangues-em-rio-preto\/\" \/>\n<meta property=\"og:locale\" content=\"pt_BR\" \/>\n<meta property=\"og:type\" content=\"article\" \/>\n<meta property=\"og:title\" content=\"Republicanos declara apoio a Geninho; CEO da Mar e Rio Pescados se filia ao PSD e audi\u00eancia p\u00fablica debate guerra de gangues em Rio Preto - Regi\u00e3o News\" \/>\n<meta property=\"og:description\" content=\"O pr\u00e9-candidato a prefeito do Uni\u00e3o Brasil em Ol\u00edmpia, Geninho\" \/>\n<meta property=\"og:url\" content=\"https:\/\/regiaonews.net.br\/2022\/2024\/04\/23\/republicanos-declara-apoio-a-geninho-ceo-da-mar-e-rio-pescados-se-filia-ao-psd-e-audiencia-publica-debate-guerra-de-gangues-em-rio-preto\/\" \/>\n<meta property=\"og:site_name\" content=\"Regi\u00e3o News\" \/>\n<meta property=\"article:published_time\" content=\"2024-04-23T14:13:21+00:00\" \/>\n<meta property=\"og:image\" content=\"https:\/\/regiaonews.net.br\/2022\/wp-content\/uploads\/2024\/04\/IMG_9276-300x246-1.jpg\" \/>\n\t<meta property=\"og:image:width\" content=\"300\" \/>\n\t<meta property=\"og:image:height\" content=\"246\" \/>\n\t<meta property=\"og:image:type\" content=\"image\/jpeg\" \/>\n<meta name=\"author\" content=\"Roberto\" \/>\n<meta name=\"twitter:card\" content=\"summary_large_image\" \/>\n<meta name=\"twitter:label1\" content=\"Escrito por\" \/>\n\t<meta name=\"twitter:data1\" content=\"Roberto\" \/>\n\t<meta name=\"twitter:label2\" content=\"Est. tempo de leitura\" \/>\n\t<meta name=\"twitter:data2\" content=\"4 minutos\" \/>\n<script type=\"application\/ld+json\" class=\"yoast-schema-graph\">{\"@context\":\"https:\\\/\\\/schema.org\",\"@graph\":[{\"@type\":\"Article\",\"@id\":\"https:\\\/\\\/regiaonews.net.br\\\/2022\\\/2024\\\/04\\\/23\\\/republicanos-declara-apoio-a-geninho-ceo-da-mar-e-rio-pescados-se-filia-ao-psd-e-audiencia-publica-debate-guerra-de-gangues-em-rio-preto\\\/#article\",\"isPartOf\":{\"@id\":\"https:\\\/\\\/regiaonews.net.br\\\/2022\\\/2024\\\/04\\\/23\\\/republicanos-declara-apoio-a-geninho-ceo-da-mar-e-rio-pescados-se-filia-ao-psd-e-audiencia-publica-debate-guerra-de-gangues-em-rio-preto\\\/\"},\"author\":{\"name\":\"Roberto\",\"@id\":\"https:\\\/\\\/regiaonews.net.br\\\/2022\\\/#\\\/schema\\\/person\\\/2d205a608a5aa97ac279d7a5e6d89ad8\"},\"headline\":\"Republicanos declara apoio a Geninho; CEO da Mar e Rio Pescados se filia ao PSD e audi\u00eancia p\u00fablica debate guerra de gangues em Rio Preto\",\"datePublished\":\"2024-04-23T14:13:21+00:00\",\"mainEntityOfPage\":{\"@id\":\"https:\\\/\\\/regiaonews.net.br\\\/2022\\\/2024\\\/04\\\/23\\\/republicanos-declara-apoio-a-geninho-ceo-da-mar-e-rio-pescados-se-filia-ao-psd-e-audiencia-publica-debate-guerra-de-gangues-em-rio-preto\\\/\"},\"wordCount\":645,\"commentCount\":0,\"publisher\":{\"@id\":\"https:\\\/\\\/regiaonews.net.br\\\/2022\\\/#organization\"},\"image\":{\"@id\":\"https:\\\/\\\/regiaonews.net.br\\\/2022\\\/2024\\\/04\\\/23\\\/republicanos-declara-apoio-a-geninho-ceo-da-mar-e-rio-pescados-se-filia-ao-psd-e-audiencia-publica-debate-guerra-de-gangues-em-rio-preto\\\/#primaryimage\"},\"thumbnailUrl\":\"https:\\\/\\\/regiaonews.net.br\\\/2022\\\/wp-content\\\/uploads\\\/2024\\\/04\\\/IMG_9276-300x246-1.jpg\",\"articleSection\":[\"Pol\u00edtica\",\"S\u00e3o Jos\u00e9 do RIo Preto\"],\"inLanguage\":\"pt-BR\",\"potentialAction\":[{\"@type\":\"CommentAction\",\"name\":\"Comment\",\"target\":[\"https:\\\/\\\/regiaonews.net.br\\\/2022\\\/2024\\\/04\\\/23\\\/republicanos-declara-apoio-a-geninho-ceo-da-mar-e-rio-pescados-se-filia-ao-psd-e-audiencia-publica-debate-guerra-de-gangues-em-rio-preto\\\/#respond\"]}]},{\"@type\":\"WebPage\",\"@id\":\"https:\\\/\\\/regiaonews.net.br\\\/2022\\\/2024\\\/04\\\/23\\\/republicanos-declara-apoio-a-geninho-ceo-da-mar-e-rio-pescados-se-filia-ao-psd-e-audiencia-publica-debate-guerra-de-gangues-em-rio-preto\\\/\",\"url\":\"https:\\\/\\\/regiaonews.net.br\\\/2022\\\/2024\\\/04\\\/23\\\/republicanos-declara-apoio-a-geninho-ceo-da-mar-e-rio-pescados-se-filia-ao-psd-e-audiencia-publica-debate-guerra-de-gangues-em-rio-preto\\\/\",\"name\":\"Republicanos declara apoio a Geninho; CEO da Mar e Rio Pescados se filia ao PSD e audi\u00eancia p\u00fablica debate guerra de gangues em Rio Preto - Regi\u00e3o News\",\"isPartOf\":{\"@id\":\"https:\\\/\\\/regiaonews.net.br\\\/2022\\\/#website\"},\"primaryImageOfPage\":{\"@id\":\"https:\\\/\\\/regiaonews.net.br\\\/2022\\\/2024\\\/04\\\/23\\\/republicanos-declara-apoio-a-geninho-ceo-da-mar-e-rio-pescados-se-filia-ao-psd-e-audiencia-publica-debate-guerra-de-gangues-em-rio-preto\\\/#primaryimage\"},\"image\":{\"@id\":\"https:\\\/\\\/regiaonews.net.br\\\/2022\\\/2024\\\/04\\\/23\\\/republicanos-declara-apoio-a-geninho-ceo-da-mar-e-rio-pescados-se-filia-ao-psd-e-audiencia-publica-debate-guerra-de-gangues-em-rio-preto\\\/#primaryimage\"},\"thumbnailUrl\":\"https:\\\/\\\/regiaonews.net.br\\\/2022\\\/wp-content\\\/uploads\\\/2024\\\/04\\\/IMG_9276-300x246-1.jpg\",\"datePublished\":\"2024-04-23T14:13:21+00:00\",\"breadcrumb\":{\"@id\":\"https:\\\/\\\/regiaonews.net.br\\\/2022\\\/2024\\\/04\\\/23\\\/republicanos-declara-apoio-a-geninho-ceo-da-mar-e-rio-pescados-se-filia-ao-psd-e-audiencia-publica-debate-guerra-de-gangues-em-rio-preto\\\/#breadcrumb\"},\"inLanguage\":\"pt-BR\",\"potentialAction\":[{\"@type\":\"ReadAction\",\"target\":[\"https:\\\/\\\/regiaonews.net.br\\\/2022\\\/2024\\\/04\\\/23\\\/republicanos-declara-apoio-a-geninho-ceo-da-mar-e-rio-pescados-se-filia-ao-psd-e-audiencia-publica-debate-guerra-de-gangues-em-rio-preto\\\/\"]}]},{\"@type\":\"ImageObject\",\"inLanguage\":\"pt-BR\",\"@id\":\"https:\\\/\\\/regiaonews.net.br\\\/2022\\\/2024\\\/04\\\/23\\\/republicanos-declara-apoio-a-geninho-ceo-da-mar-e-rio-pescados-se-filia-ao-psd-e-audiencia-publica-debate-guerra-de-gangues-em-rio-preto\\\/#primaryimage\",\"url\":\"https:\\\/\\\/regiaonews.net.br\\\/2022\\\/wp-content\\\/uploads\\\/2024\\\/04\\\/IMG_9276-300x246-1.jpg\",\"contentUrl\":\"https:\\\/\\\/regiaonews.net.br\\\/2022\\\/wp-content\\\/uploads\\\/2024\\\/04\\\/IMG_9276-300x246-1.jpg\",\"width\":300,\"height\":246},{\"@type\":\"BreadcrumbList\",\"@id\":\"https:\\\/\\\/regiaonews.net.br\\\/2022\\\/2024\\\/04\\\/23\\\/republicanos-declara-apoio-a-geninho-ceo-da-mar-e-rio-pescados-se-filia-ao-psd-e-audiencia-publica-debate-guerra-de-gangues-em-rio-preto\\\/#breadcrumb\",\"itemListElement\":[{\"@type\":\"ListItem\",\"position\":1,\"name\":\"In\u00edcio\",\"item\":\"https:\\\/\\\/regiaonews.net.br\\\/2022\\\/\"},{\"@type\":\"ListItem\",\"position\":2,\"name\":\"Republicanos declara apoio a Geninho; CEO da Mar e Rio Pescados se filia ao PSD e audi\u00eancia p\u00fablica debate guerra de gangues em Rio Preto\"}]},{\"@type\":\"WebSite\",\"@id\":\"https:\\\/\\\/regiaonews.net.br\\\/2022\\\/#website\",\"url\":\"https:\\\/\\\/regiaonews.net.br\\\/2022\\\/\",\"name\":\"Regi\u00e3o News\",\"description\":\"Site de Not\u00edcias de Barretos e regi\u00e3o\",\"publisher\":{\"@id\":\"https:\\\/\\\/regiaonews.net.br\\\/2022\\\/#organization\"},\"potentialAction\":[{\"@type\":\"SearchAction\",\"target\":{\"@type\":\"EntryPoint\",\"urlTemplate\":\"https:\\\/\\\/regiaonews.net.br\\\/2022\\\/?s={search_term_string}\"},\"query-input\":{\"@type\":\"PropertyValueSpecification\",\"valueRequired\":true,\"valueName\":\"search_term_string\"}}],\"inLanguage\":\"pt-BR\"},{\"@type\":\"Organization\",\"@id\":\"https:\\\/\\\/regiaonews.net.br\\\/2022\\\/#organization\",\"name\":\"Regi\u00e3o News\",\"url\":\"https:\\\/\\\/regiaonews.net.br\\\/2022\\\/\",\"logo\":{\"@type\":\"ImageObject\",\"inLanguage\":\"pt-BR\",\"@id\":\"https:\\\/\\\/regiaonews.net.br\\\/2022\\\/#\\\/schema\\\/logo\\\/image\\\/\",\"url\":\"https:\\\/\\\/regiaonews.net.br\\\/2022\\\/wp-content\\\/uploads\\\/2026\\\/03\\\/regiao-13-anos-scaled.jpg\",\"contentUrl\":\"https:\\\/\\\/regiaonews.net.br\\\/2022\\\/wp-content\\\/uploads\\\/2026\\\/03\\\/regiao-13-anos-scaled.jpg\",\"width\":2560,\"height\":635,\"caption\":\"Regi\u00e3o News\"},\"image\":{\"@id\":\"https:\\\/\\\/regiaonews.net.br\\\/2022\\\/#\\\/schema\\\/logo\\\/image\\\/\"}},{\"@type\":\"Person\",\"@id\":\"https:\\\/\\\/regiaonews.net.br\\\/2022\\\/#\\\/schema\\\/person\\\/2d205a608a5aa97ac279d7a5e6d89ad8\",\"name\":\"Roberto\",\"image\":{\"@type\":\"ImageObject\",\"inLanguage\":\"pt-BR\",\"@id\":\"https:\\\/\\\/secure.gravatar.com\\\/avatar\\\/42749d8b712ff9d59ca93dc150494e5b55a44134482993f5baeb97e61b7ecc89?s=96&d=mm&r=g\",\"url\":\"https:\\\/\\\/secure.gravatar.com\\\/avatar\\\/42749d8b712ff9d59ca93dc150494e5b55a44134482993f5baeb97e61b7ecc89?s=96&d=mm&r=g\",\"contentUrl\":\"https:\\\/\\\/secure.gravatar.com\\\/avatar\\\/42749d8b712ff9d59ca93dc150494e5b55a44134482993f5baeb97e61b7ecc89?s=96&d=mm&r=g\",\"caption\":\"Roberto\"},\"url\":\"https:\\\/\\\/regiaonews.net.br\\\/2022\\\/author\\\/roberto\\\/\"}]}<\/script>\n<!-- \/ Yoast SEO plugin. -->","yoast_head_json":{"title":"Republicanos declara apoio a Geninho; CEO da Mar e Rio Pescados se filia ao PSD e audi\u00eancia p\u00fablica debate guerra de gangues em Rio Preto - Regi\u00e3o News","robots":{"index":"index","follow":"follow","max-snippet":"max-snippet:-1","max-image-preview":"max-image-preview:large","max-video-preview":"max-video-preview:-1"},"canonical":"https:\/\/regiaonews.net.br\/2022\/2024\/04\/23\/republicanos-declara-apoio-a-geninho-ceo-da-mar-e-rio-pescados-se-filia-ao-psd-e-audiencia-publica-debate-guerra-de-gangues-em-rio-preto\/","og_locale":"pt_BR","og_type":"article","og_title":"Republicanos declara apoio a Geninho; CEO da Mar e Rio Pescados se filia ao PSD e audi\u00eancia p\u00fablica debate guerra de gangues em Rio Preto - Regi\u00e3o News","og_description":"O pr\u00e9-candidato a prefeito do Uni\u00e3o Brasil em Ol\u00edmpia, Geninho","og_url":"https:\/\/regiaonews.net.br\/2022\/2024\/04\/23\/republicanos-declara-apoio-a-geninho-ceo-da-mar-e-rio-pescados-se-filia-ao-psd-e-audiencia-publica-debate-guerra-de-gangues-em-rio-preto\/","og_site_name":"Regi\u00e3o News","article_published_time":"2024-04-23T14:13:21+00:00","og_image":[{"width":300,"height":246,"url":"https:\/\/regiaonews.net.br\/2022\/wp-content\/uploads\/2024\/04\/IMG_9276-300x246-1.jpg","type":"image\/jpeg"}],"author":"Roberto","twitter_card":"summary_large_image","twitter_misc":{"Escrito por":"Roberto","Est. tempo de leitura":"4 minutos"},"schema":{"@context":"https:\/\/schema.org","@graph":[{"@type":"Article","@id":"https:\/\/regiaonews.net.br\/2022\/2024\/04\/23\/republicanos-declara-apoio-a-geninho-ceo-da-mar-e-rio-pescados-se-filia-ao-psd-e-audiencia-publica-debate-guerra-de-gangues-em-rio-preto\/#article","isPartOf":{"@id":"https:\/\/regiaonews.net.br\/2022\/2024\/04\/23\/republicanos-declara-apoio-a-geninho-ceo-da-mar-e-rio-pescados-se-filia-ao-psd-e-audiencia-publica-debate-guerra-de-gangues-em-rio-preto\/"},"author":{"name":"Roberto","@id":"https:\/\/regiaonews.net.br\/2022\/#\/schema\/person\/2d205a608a5aa97ac279d7a5e6d89ad8"},"headline":"Republicanos declara apoio a Geninho; CEO da Mar e Rio Pescados se filia ao PSD e audi\u00eancia p\u00fablica debate guerra de gangues em Rio Preto","datePublished":"2024-04-23T14:13:21+00:00","mainEntityOfPage":{"@id":"https:\/\/regiaonews.net.br\/2022\/2024\/04\/23\/republicanos-declara-apoio-a-geninho-ceo-da-mar-e-rio-pescados-se-filia-ao-psd-e-audiencia-publica-debate-guerra-de-gangues-em-rio-preto\/"},"wordCount":645,"commentCount":0,"publisher":{"@id":"https:\/\/regiaonews.net.br\/2022\/#organization"},"image":{"@id":"https:\/\/regiaonews.net.br\/2022\/2024\/04\/23\/republicanos-declara-apoio-a-geninho-ceo-da-mar-e-rio-pescados-se-filia-ao-psd-e-audiencia-publica-debate-guerra-de-gangues-em-rio-preto\/#primaryimage"},"thumbnailUrl":"https:\/\/regiaonews.net.br\/2022\/wp-content\/uploads\/2024\/04\/IMG_9276-300x246-1.jpg","articleSection":["Pol\u00edtica","S\u00e3o Jos\u00e9 do RIo Preto"],"inLanguage":"pt-BR","potentialAction":[{"@type":"CommentAction","name":"Comment","target":["https:\/\/regiaonews.net.br\/2022\/2024\/04\/23\/republicanos-declara-apoio-a-geninho-ceo-da-mar-e-rio-pescados-se-filia-ao-psd-e-audiencia-publica-debate-guerra-de-gangues-em-rio-preto\/#respond"]}]},{"@type":"WebPage","@id":"https:\/\/regiaonews.net.br\/2022\/2024\/04\/23\/republicanos-declara-apoio-a-geninho-ceo-da-mar-e-rio-pescados-se-filia-ao-psd-e-audiencia-publica-debate-guerra-de-gangues-em-rio-preto\/","url":"https:\/\/regiaonews.net.br\/2022\/2024\/04\/23\/republicanos-declara-apoio-a-geninho-ceo-da-mar-e-rio-pescados-se-filia-ao-psd-e-audiencia-publica-debate-guerra-de-gangues-em-rio-preto\/","name":"Republicanos declara apoio a Geninho; CEO da Mar e Rio Pescados se filia ao PSD e audi\u00eancia p\u00fablica debate guerra de gangues em Rio Preto - Regi\u00e3o News","isPartOf":{"@id":"https:\/\/regiaonews.net.br\/2022\/#website"},"primaryImageOfPage":{"@id":"https:\/\/regiaonews.net.br\/2022\/2024\/04\/23\/republicanos-declara-apoio-a-geninho-ceo-da-mar-e-rio-pescados-se-filia-ao-psd-e-audiencia-publica-debate-guerra-de-gangues-em-rio-preto\/#primaryimage"},"image":{"@id":"https:\/\/regiaonews.net.br\/2022\/2024\/04\/23\/republicanos-declara-apoio-a-geninho-ceo-da-mar-e-rio-pescados-se-filia-ao-psd-e-audiencia-publica-debate-guerra-de-gangues-em-rio-preto\/#primaryimage"},"thumbnailUrl":"https:\/\/regiaonews.net.br\/2022\/wp-content\/uploads\/2024\/04\/IMG_9276-300x246-1.jpg","datePublished":"2024-04-23T14:13:21+00:00","breadcrumb":{"@id":"https:\/\/regiaonews.net.br\/2022\/2024\/04\/23\/republicanos-declara-apoio-a-geninho-ceo-da-mar-e-rio-pescados-se-filia-ao-psd-e-audiencia-publica-debate-guerra-de-gangues-em-rio-preto\/#breadcrumb"},"inLanguage":"pt-BR","potentialAction":[{"@type":"ReadAction","target":["https:\/\/regiaonews.net.br\/2022\/2024\/04\/23\/republicanos-declara-apoio-a-geninho-ceo-da-mar-e-rio-pescados-se-filia-ao-psd-e-audiencia-publica-debate-guerra-de-gangues-em-rio-preto\/"]}]},{"@type":"ImageObject","inLanguage":"pt-BR","@id":"https:\/\/regiaonews.net.br\/2022\/2024\/04\/23\/republicanos-declara-apoio-a-geninho-ceo-da-mar-e-rio-pescados-se-filia-ao-psd-e-audiencia-publica-debate-guerra-de-gangues-em-rio-preto\/#primaryimage","url":"https:\/\/regiaonews.net.br\/2022\/wp-content\/uploads\/2024\/04\/IMG_9276-300x246-1.jpg","contentUrl":"https:\/\/regiaonews.net.br\/2022\/wp-content\/uploads\/2024\/04\/IMG_9276-300x246-1.jpg","width":300,"height":246},{"@type":"BreadcrumbList","@id":"https:\/\/regiaonews.net.br\/2022\/2024\/04\/23\/republicanos-declara-apoio-a-geninho-ceo-da-mar-e-rio-pescados-se-filia-ao-psd-e-audiencia-publica-debate-guerra-de-gangues-em-rio-preto\/#breadcrumb","itemListElement":[{"@type":"ListItem","position":1,"name":"In\u00edcio","item":"https:\/\/regiaonews.net.br\/2022\/"},{"@type":"ListItem","position":2,"name":"Republicanos declara apoio a Geninho; CEO da Mar e Rio Pescados se filia ao PSD e audi\u00eancia p\u00fablica debate guerra de gangues em Rio Preto"}]},{"@type":"WebSite","@id":"https:\/\/regiaonews.net.br\/2022\/#website","url":"https:\/\/regiaonews.net.br\/2022\/","name":"Regi\u00e3o News","description":"Site de Not\u00edcias de Barretos e regi\u00e3o","publisher":{"@id":"https:\/\/regiaonews.net.br\/2022\/#organization"},"potentialAction":[{"@type":"SearchAction","target":{"@type":"EntryPoint","urlTemplate":"https:\/\/regiaonews.net.br\/2022\/?s={search_term_string}"},"query-input":{"@type":"PropertyValueSpecification","valueRequired":true,"valueName":"search_term_string"}}],"inLanguage":"pt-BR"},{"@type":"Organization","@id":"https:\/\/regiaonews.net.br\/2022\/#organization","name":"Regi\u00e3o News","url":"https:\/\/regiaonews.net.br\/2022\/","logo":{"@type":"ImageObject","inLanguage":"pt-BR","@id":"https:\/\/regiaonews.net.br\/2022\/#\/schema\/logo\/image\/","url":"https:\/\/regiaonews.net.br\/2022\/wp-content\/uploads\/2026\/03\/regiao-13-anos-scaled.jpg","contentUrl":"https:\/\/regiaonews.net.br\/2022\/wp-content\/uploads\/2026\/03\/regiao-13-anos-scaled.jpg","width":2560,"height":635,"caption":"Regi\u00e3o News"},"image":{"@id":"https:\/\/regiaonews.net.br\/2022\/#\/schema\/logo\/image\/"}},{"@type":"Person","@id":"https:\/\/regiaonews.net.br\/2022\/#\/schema\/person\/2d205a608a5aa97ac279d7a5e6d89ad8","name":"Roberto","image":{"@type":"ImageObject","inLanguage":"pt-BR","@id":"https:\/\/secure.gravatar.com\/avatar\/42749d8b712ff9d59ca93dc150494e5b55a44134482993f5baeb97e61b7ecc89?s=96&d=mm&r=g","url":"https:\/\/secure.gravatar.com\/avatar\/42749d8b712ff9d59ca93dc150494e5b55a44134482993f5baeb97e61b7ecc89?s=96&d=mm&r=g","contentUrl":"https:\/\/secure.gravatar.com\/avatar\/42749d8b712ff9d59ca93dc150494e5b55a44134482993f5baeb97e61b7ecc89?s=96&d=mm&r=g","caption":"Roberto"},"url":"https:\/\/regiaonews.net.br\/2022\/author\/roberto\/"}]}},"publishpress_future_action":{"enabled":false,"date":"2026-05-03 04:16:01","action":"change-status","newStatus":"draft","terms":[],"taxonomy":"category","extraData":[]},"publishpress_future_workflow_manual_trigger":{"enabledWorkflows":[]},"_links":{"self":[{"href":"https:\/\/regiaonews.net.br\/2022\/wp-json\/wp\/v2\/posts\/104056","targetHints":{"allow":["GET"]}}],"collection":[{"href":"https:\/\/regiaonews.net.br\/2022\/wp-json\/wp\/v2\/posts"}],"about":[{"href":"https:\/\/regiaonews.net.br\/2022\/wp-json\/wp\/v2\/types\/post"}],"author":[{"embeddable":true,"href":"https:\/\/regiaonews.net.br\/2022\/wp-json\/wp\/v2\/users\/2"}],"replies":[{"embeddable":true,"href":"https:\/\/regiaonews.net.br\/2022\/wp-json\/wp\/v2\/comments?post=104056"}],"version-history":[{"count":1,"href":"https:\/\/regiaonews.net.br\/2022\/wp-json\/wp\/v2\/posts\/104056\/revisions"}],"predecessor-version":[{"id":104058,"href":"https:\/\/regiaonews.net.br\/2022\/wp-json\/wp\/v2\/posts\/104056\/revisions\/104058"}],"wp:featuredmedia":[{"embeddable":true,"href":"https:\/\/regiaonews.net.br\/2022\/wp-json\/wp\/v2\/media\/104057"}],"wp:attachment":[{"href":"https:\/\/regiaonews.net.br\/2022\/wp-json\/wp\/v2\/media?parent=104056"}],"wp:term":[{"taxonomy":"category","embeddable":true,"href":"https:\/\/regiaonews.net.br\/2022\/wp-json\/wp\/v2\/categories?post=104056"},{"taxonomy":"post_tag","embeddable":true,"href":"https:\/\/regiaonews.net.br\/2022\/wp-json\/wp\/v2\/tags?post=104056"}],"curies":[{"name":"wp","href":"https:\/\/api.w.org\/{rel}","templated":true}]}}