{"id":103921,"date":"2024-04-19T11:17:27","date_gmt":"2024-04-19T14:17:27","guid":{"rendered":"https:\/\/regiaonews.net.br\/2022\/?p=103921"},"modified":"2024-04-19T11:17:27","modified_gmt":"2024-04-19T14:17:27","slug":"dois-containers-de-coleta-de-residuos-sao-incendiados-esta-semana-em-barretos","status":"publish","type":"post","link":"https:\/\/regiaonews.net.br\/2022\/2024\/04\/19\/dois-containers-de-coleta-de-residuos-sao-incendiados-esta-semana-em-barretos\/","title":{"rendered":"Dois containers de coleta de res\u00edduos s\u00e3o incendiados esta semana em Barretos"},"content":{"rendered":"<h3 style=\"text-align: center;\">Vandalismo compromete a iniciativa e os esfor\u00e7os da Prefeitura e do SAAEB em promover a sustentabilidade no munic\u00edpio<\/h3>\n<p>A recente iniciativa da Prefeitura da Est\u00e2ncia Tur\u00edstica de Barretos, por meio do Servi\u00e7o Aut\u00f4nomo de \u00c1gua e Esgoto (SAAEB), de instalar novos containers de coleta de res\u00edduos em locais estrat\u00e9gicos do munic\u00edpio sofreu um duro golpe nesta semana, com dois casos de vandalismo que resultaram na destrui\u00e7\u00e3o de parte do novo equipamento.<\/p>\n<p>Os incidentes ocorreram na segunda-feira, dia 15, no conjunto habitacional Luis Spina, e ontem (18), nas Contendas. As a\u00e7\u00f5es n\u00e3o apenas atrasam o projeto, mas tamb\u00e9m acarretam preju\u00edzos financeiros significativos, com dinheiro p\u00fablico sendo necess\u00e1rio para a restaura\u00e7\u00e3o dos containers incendiados.<\/p>\n<p>O impacto ambiental desses atos de vandalismo \u00e9 consider\u00e1vel. Ao destruir esses pontos de coleta, os v\u00e2ndalos comprometem a efic\u00e1cia do sistema de manejo de res\u00edduos, aumentando o risco de descarte irregular que pode contaminar o solo e as \u00e1guas. Ademais, a comunidade perde recursos valiosos destinados \u00e0 promo\u00e7\u00e3o de uma cidade mais limpa e sustent\u00e1vel.<\/p>\n<p>O SAAEB apela \u00e0 comunidade para que respeite e cuide das novas instala\u00e7\u00f5es. Os containers s\u00e3o ferramentas essenciais para o servi\u00e7o de coleta e ajudam na segrega\u00e7\u00e3o adequada do lixo.<\/p>\n<p>Marcelo Borges, superintendente do SAAEB, lamentou o ocorrido. &#8220;\u00c9 desanimador ver esfor\u00e7os voltados para a melhoria da qualidade de vida e do meio ambiente serem minados por atos de vandalismo. Essas n\u00e3o s\u00e3o apenas perdas materiais; elas representam um retrocesso na nossa luta por uma Barretos mais sustent\u00e1vel. E n\u00e3o \u00e9 a primeira vez que tais incidentes acontecem\u201d, declara Marcelo.<\/p>\n<p>A autarquia lembra que o cronograma de coleta e mais informa\u00e7\u00f5es sobre como separar corretamente os res\u00edduos est\u00e3o dispon\u00edveis no site do SAAEB (https:\/\/saaeb.com.br\/coleta-de-residuos\/), e no Instagram (@saaebarretos) h\u00e1 um destaque pr\u00f3prio para os seguidores identificarem os dias da coleta seletiva.<\/p>\n","protected":false},"excerpt":{"rendered":"<p>Vandalismo compromete a iniciativa e os esfor\u00e7os da Prefeitura e<\/p>\n","protected":false},"author":2,"featured_media":103922,"comment_status":"open","ping_status":"open","sticky":false,"template":"","format":"standard","meta":{"footnotes":""},"categories":[14,3],"tags":[],"class_list":["post-103921","post","type-post","status-publish","format-standard","has-post-thumbnail","hentry","category-barretos","category-geral"],"yoast_head":"<!-- This site is optimized with the Yoast SEO plugin v27.4 - https:\/\/yoast.com\/product\/yoast-seo-wordpress\/ -->\n<title>Dois containers de coleta de res\u00edduos s\u00e3o incendiados esta semana em Barretos - Regi\u00e3o News<\/title>\n<meta name=\"robots\" content=\"index, follow, max-snippet:-1, max-image-preview:large, max-video-preview:-1\" \/>\n<link rel=\"canonical\" href=\"https:\/\/regiaonews.net.br\/2022\/2024\/04\/19\/dois-containers-de-coleta-de-residuos-sao-incendiados-esta-semana-em-barretos\/\" \/>\n<meta property=\"og:locale\" content=\"pt_BR\" \/>\n<meta property=\"og:type\" content=\"article\" \/>\n<meta property=\"og:title\" content=\"Dois containers de coleta de res\u00edduos s\u00e3o incendiados esta semana em Barretos - Regi\u00e3o News\" \/>\n<meta property=\"og:description\" content=\"Vandalismo compromete a iniciativa e os esfor\u00e7os da Prefeitura e\" \/>\n<meta property=\"og:url\" content=\"https:\/\/regiaonews.net.br\/2022\/2024\/04\/19\/dois-containers-de-coleta-de-residuos-sao-incendiados-esta-semana-em-barretos\/\" \/>\n<meta property=\"og:site_name\" content=\"Regi\u00e3o News\" \/>\n<meta property=\"article:published_time\" content=\"2024-04-19T14:17:27+00:00\" \/>\n<meta property=\"og:image\" content=\"https:\/\/regiaonews.net.br\/2022\/wp-content\/uploads\/2024\/04\/Imagem-do-WhatsApp-de-2024-04-19-as-11.09.10_f9351175.jpg\" \/>\n\t<meta property=\"og:image:width\" content=\"720\" \/>\n\t<meta property=\"og:image:height\" content=\"1280\" \/>\n\t<meta property=\"og:image:type\" content=\"image\/jpeg\" \/>\n<meta name=\"author\" content=\"Roberto\" \/>\n<meta name=\"twitter:card\" content=\"summary_large_image\" \/>\n<meta name=\"twitter:label1\" content=\"Escrito por\" \/>\n\t<meta name=\"twitter:data1\" content=\"Roberto\" \/>\n\t<meta name=\"twitter:label2\" content=\"Est. tempo de leitura\" \/>\n\t<meta name=\"twitter:data2\" content=\"2 minutos\" \/>\n<script type=\"application\/ld+json\" class=\"yoast-schema-graph\">{\"@context\":\"https:\\\/\\\/schema.org\",\"@graph\":[{\"@type\":\"Article\",\"@id\":\"https:\\\/\\\/regiaonews.net.br\\\/2022\\\/2024\\\/04\\\/19\\\/dois-containers-de-coleta-de-residuos-sao-incendiados-esta-semana-em-barretos\\\/#article\",\"isPartOf\":{\"@id\":\"https:\\\/\\\/regiaonews.net.br\\\/2022\\\/2024\\\/04\\\/19\\\/dois-containers-de-coleta-de-residuos-sao-incendiados-esta-semana-em-barretos\\\/\"},\"author\":{\"name\":\"Roberto\",\"@id\":\"https:\\\/\\\/regiaonews.net.br\\\/2022\\\/#\\\/schema\\\/person\\\/2d205a608a5aa97ac279d7a5e6d89ad8\"},\"headline\":\"Dois containers de coleta de res\u00edduos s\u00e3o incendiados esta semana em Barretos\",\"datePublished\":\"2024-04-19T14:17:27+00:00\",\"mainEntityOfPage\":{\"@id\":\"https:\\\/\\\/regiaonews.net.br\\\/2022\\\/2024\\\/04\\\/19\\\/dois-containers-de-coleta-de-residuos-sao-incendiados-esta-semana-em-barretos\\\/\"},\"wordCount\":347,\"commentCount\":0,\"publisher\":{\"@id\":\"https:\\\/\\\/regiaonews.net.br\\\/2022\\\/#organization\"},\"image\":{\"@id\":\"https:\\\/\\\/regiaonews.net.br\\\/2022\\\/2024\\\/04\\\/19\\\/dois-containers-de-coleta-de-residuos-sao-incendiados-esta-semana-em-barretos\\\/#primaryimage\"},\"thumbnailUrl\":\"https:\\\/\\\/regiaonews.net.br\\\/2022\\\/wp-content\\\/uploads\\\/2024\\\/04\\\/Imagem-do-WhatsApp-de-2024-04-19-as-11.09.10_f9351175.jpg\",\"articleSection\":[\"Barretos\",\"Geral\"],\"inLanguage\":\"pt-BR\",\"potentialAction\":[{\"@type\":\"CommentAction\",\"name\":\"Comment\",\"target\":[\"https:\\\/\\\/regiaonews.net.br\\\/2022\\\/2024\\\/04\\\/19\\\/dois-containers-de-coleta-de-residuos-sao-incendiados-esta-semana-em-barretos\\\/#respond\"]}]},{\"@type\":\"WebPage\",\"@id\":\"https:\\\/\\\/regiaonews.net.br\\\/2022\\\/2024\\\/04\\\/19\\\/dois-containers-de-coleta-de-residuos-sao-incendiados-esta-semana-em-barretos\\\/\",\"url\":\"https:\\\/\\\/regiaonews.net.br\\\/2022\\\/2024\\\/04\\\/19\\\/dois-containers-de-coleta-de-residuos-sao-incendiados-esta-semana-em-barretos\\\/\",\"name\":\"Dois containers de coleta de res\u00edduos s\u00e3o incendiados esta semana em Barretos - Regi\u00e3o News\",\"isPartOf\":{\"@id\":\"https:\\\/\\\/regiaonews.net.br\\\/2022\\\/#website\"},\"primaryImageOfPage\":{\"@id\":\"https:\\\/\\\/regiaonews.net.br\\\/2022\\\/2024\\\/04\\\/19\\\/dois-containers-de-coleta-de-residuos-sao-incendiados-esta-semana-em-barretos\\\/#primaryimage\"},\"image\":{\"@id\":\"https:\\\/\\\/regiaonews.net.br\\\/2022\\\/2024\\\/04\\\/19\\\/dois-containers-de-coleta-de-residuos-sao-incendiados-esta-semana-em-barretos\\\/#primaryimage\"},\"thumbnailUrl\":\"https:\\\/\\\/regiaonews.net.br\\\/2022\\\/wp-content\\\/uploads\\\/2024\\\/04\\\/Imagem-do-WhatsApp-de-2024-04-19-as-11.09.10_f9351175.jpg\",\"datePublished\":\"2024-04-19T14:17:27+00:00\",\"breadcrumb\":{\"@id\":\"https:\\\/\\\/regiaonews.net.br\\\/2022\\\/2024\\\/04\\\/19\\\/dois-containers-de-coleta-de-residuos-sao-incendiados-esta-semana-em-barretos\\\/#breadcrumb\"},\"inLanguage\":\"pt-BR\",\"potentialAction\":[{\"@type\":\"ReadAction\",\"target\":[\"https:\\\/\\\/regiaonews.net.br\\\/2022\\\/2024\\\/04\\\/19\\\/dois-containers-de-coleta-de-residuos-sao-incendiados-esta-semana-em-barretos\\\/\"]}]},{\"@type\":\"ImageObject\",\"inLanguage\":\"pt-BR\",\"@id\":\"https:\\\/\\\/regiaonews.net.br\\\/2022\\\/2024\\\/04\\\/19\\\/dois-containers-de-coleta-de-residuos-sao-incendiados-esta-semana-em-barretos\\\/#primaryimage\",\"url\":\"https:\\\/\\\/regiaonews.net.br\\\/2022\\\/wp-content\\\/uploads\\\/2024\\\/04\\\/Imagem-do-WhatsApp-de-2024-04-19-as-11.09.10_f9351175.jpg\",\"contentUrl\":\"https:\\\/\\\/regiaonews.net.br\\\/2022\\\/wp-content\\\/uploads\\\/2024\\\/04\\\/Imagem-do-WhatsApp-de-2024-04-19-as-11.09.10_f9351175.jpg\",\"width\":720,\"height\":1280},{\"@type\":\"BreadcrumbList\",\"@id\":\"https:\\\/\\\/regiaonews.net.br\\\/2022\\\/2024\\\/04\\\/19\\\/dois-containers-de-coleta-de-residuos-sao-incendiados-esta-semana-em-barretos\\\/#breadcrumb\",\"itemListElement\":[{\"@type\":\"ListItem\",\"position\":1,\"name\":\"In\u00edcio\",\"item\":\"https:\\\/\\\/regiaonews.net.br\\\/2022\\\/\"},{\"@type\":\"ListItem\",\"position\":2,\"name\":\"Dois containers de coleta de res\u00edduos s\u00e3o incendiados esta semana em Barretos\"}]},{\"@type\":\"WebSite\",\"@id\":\"https:\\\/\\\/regiaonews.net.br\\\/2022\\\/#website\",\"url\":\"https:\\\/\\\/regiaonews.net.br\\\/2022\\\/\",\"name\":\"Regi\u00e3o News\",\"description\":\"Site de Not\u00edcias de Barretos e regi\u00e3o\",\"publisher\":{\"@id\":\"https:\\\/\\\/regiaonews.net.br\\\/2022\\\/#organization\"},\"potentialAction\":[{\"@type\":\"SearchAction\",\"target\":{\"@type\":\"EntryPoint\",\"urlTemplate\":\"https:\\\/\\\/regiaonews.net.br\\\/2022\\\/?s={search_term_string}\"},\"query-input\":{\"@type\":\"PropertyValueSpecification\",\"valueRequired\":true,\"valueName\":\"search_term_string\"}}],\"inLanguage\":\"pt-BR\"},{\"@type\":\"Organization\",\"@id\":\"https:\\\/\\\/regiaonews.net.br\\\/2022\\\/#organization\",\"name\":\"Regi\u00e3o News\",\"url\":\"https:\\\/\\\/regiaonews.net.br\\\/2022\\\/\",\"logo\":{\"@type\":\"ImageObject\",\"inLanguage\":\"pt-BR\",\"@id\":\"https:\\\/\\\/regiaonews.net.br\\\/2022\\\/#\\\/schema\\\/logo\\\/image\\\/\",\"url\":\"https:\\\/\\\/regiaonews.net.br\\\/2022\\\/wp-content\\\/uploads\\\/2026\\\/03\\\/regiao-13-anos-scaled.jpg\",\"contentUrl\":\"https:\\\/\\\/regiaonews.net.br\\\/2022\\\/wp-content\\\/uploads\\\/2026\\\/03\\\/regiao-13-anos-scaled.jpg\",\"width\":2560,\"height\":635,\"caption\":\"Regi\u00e3o News\"},\"image\":{\"@id\":\"https:\\\/\\\/regiaonews.net.br\\\/2022\\\/#\\\/schema\\\/logo\\\/image\\\/\"}},{\"@type\":\"Person\",\"@id\":\"https:\\\/\\\/regiaonews.net.br\\\/2022\\\/#\\\/schema\\\/person\\\/2d205a608a5aa97ac279d7a5e6d89ad8\",\"name\":\"Roberto\",\"image\":{\"@type\":\"ImageObject\",\"inLanguage\":\"pt-BR\",\"@id\":\"https:\\\/\\\/secure.gravatar.com\\\/avatar\\\/42749d8b712ff9d59ca93dc150494e5b55a44134482993f5baeb97e61b7ecc89?s=96&d=mm&r=g\",\"url\":\"https:\\\/\\\/secure.gravatar.com\\\/avatar\\\/42749d8b712ff9d59ca93dc150494e5b55a44134482993f5baeb97e61b7ecc89?s=96&d=mm&r=g\",\"contentUrl\":\"https:\\\/\\\/secure.gravatar.com\\\/avatar\\\/42749d8b712ff9d59ca93dc150494e5b55a44134482993f5baeb97e61b7ecc89?s=96&d=mm&r=g\",\"caption\":\"Roberto\"},\"url\":\"https:\\\/\\\/regiaonews.net.br\\\/2022\\\/author\\\/roberto\\\/\"}]}<\/script>\n<!-- \/ Yoast SEO plugin. -->","yoast_head_json":{"title":"Dois containers de coleta de res\u00edduos s\u00e3o incendiados esta semana em Barretos - Regi\u00e3o News","robots":{"index":"index","follow":"follow","max-snippet":"max-snippet:-1","max-image-preview":"max-image-preview:large","max-video-preview":"max-video-preview:-1"},"canonical":"https:\/\/regiaonews.net.br\/2022\/2024\/04\/19\/dois-containers-de-coleta-de-residuos-sao-incendiados-esta-semana-em-barretos\/","og_locale":"pt_BR","og_type":"article","og_title":"Dois containers de coleta de res\u00edduos s\u00e3o incendiados esta semana em Barretos - Regi\u00e3o News","og_description":"Vandalismo compromete a iniciativa e os esfor\u00e7os da Prefeitura e","og_url":"https:\/\/regiaonews.net.br\/2022\/2024\/04\/19\/dois-containers-de-coleta-de-residuos-sao-incendiados-esta-semana-em-barretos\/","og_site_name":"Regi\u00e3o News","article_published_time":"2024-04-19T14:17:27+00:00","og_image":[{"width":720,"height":1280,"url":"https:\/\/regiaonews.net.br\/2022\/wp-content\/uploads\/2024\/04\/Imagem-do-WhatsApp-de-2024-04-19-as-11.09.10_f9351175.jpg","type":"image\/jpeg"}],"author":"Roberto","twitter_card":"summary_large_image","twitter_misc":{"Escrito por":"Roberto","Est. tempo de leitura":"2 minutos"},"schema":{"@context":"https:\/\/schema.org","@graph":[{"@type":"Article","@id":"https:\/\/regiaonews.net.br\/2022\/2024\/04\/19\/dois-containers-de-coleta-de-residuos-sao-incendiados-esta-semana-em-barretos\/#article","isPartOf":{"@id":"https:\/\/regiaonews.net.br\/2022\/2024\/04\/19\/dois-containers-de-coleta-de-residuos-sao-incendiados-esta-semana-em-barretos\/"},"author":{"name":"Roberto","@id":"https:\/\/regiaonews.net.br\/2022\/#\/schema\/person\/2d205a608a5aa97ac279d7a5e6d89ad8"},"headline":"Dois containers de coleta de res\u00edduos s\u00e3o incendiados esta semana em Barretos","datePublished":"2024-04-19T14:17:27+00:00","mainEntityOfPage":{"@id":"https:\/\/regiaonews.net.br\/2022\/2024\/04\/19\/dois-containers-de-coleta-de-residuos-sao-incendiados-esta-semana-em-barretos\/"},"wordCount":347,"commentCount":0,"publisher":{"@id":"https:\/\/regiaonews.net.br\/2022\/#organization"},"image":{"@id":"https:\/\/regiaonews.net.br\/2022\/2024\/04\/19\/dois-containers-de-coleta-de-residuos-sao-incendiados-esta-semana-em-barretos\/#primaryimage"},"thumbnailUrl":"https:\/\/regiaonews.net.br\/2022\/wp-content\/uploads\/2024\/04\/Imagem-do-WhatsApp-de-2024-04-19-as-11.09.10_f9351175.jpg","articleSection":["Barretos","Geral"],"inLanguage":"pt-BR","potentialAction":[{"@type":"CommentAction","name":"Comment","target":["https:\/\/regiaonews.net.br\/2022\/2024\/04\/19\/dois-containers-de-coleta-de-residuos-sao-incendiados-esta-semana-em-barretos\/#respond"]}]},{"@type":"WebPage","@id":"https:\/\/regiaonews.net.br\/2022\/2024\/04\/19\/dois-containers-de-coleta-de-residuos-sao-incendiados-esta-semana-em-barretos\/","url":"https:\/\/regiaonews.net.br\/2022\/2024\/04\/19\/dois-containers-de-coleta-de-residuos-sao-incendiados-esta-semana-em-barretos\/","name":"Dois containers de coleta de res\u00edduos s\u00e3o incendiados esta semana em Barretos - Regi\u00e3o News","isPartOf":{"@id":"https:\/\/regiaonews.net.br\/2022\/#website"},"primaryImageOfPage":{"@id":"https:\/\/regiaonews.net.br\/2022\/2024\/04\/19\/dois-containers-de-coleta-de-residuos-sao-incendiados-esta-semana-em-barretos\/#primaryimage"},"image":{"@id":"https:\/\/regiaonews.net.br\/2022\/2024\/04\/19\/dois-containers-de-coleta-de-residuos-sao-incendiados-esta-semana-em-barretos\/#primaryimage"},"thumbnailUrl":"https:\/\/regiaonews.net.br\/2022\/wp-content\/uploads\/2024\/04\/Imagem-do-WhatsApp-de-2024-04-19-as-11.09.10_f9351175.jpg","datePublished":"2024-04-19T14:17:27+00:00","breadcrumb":{"@id":"https:\/\/regiaonews.net.br\/2022\/2024\/04\/19\/dois-containers-de-coleta-de-residuos-sao-incendiados-esta-semana-em-barretos\/#breadcrumb"},"inLanguage":"pt-BR","potentialAction":[{"@type":"ReadAction","target":["https:\/\/regiaonews.net.br\/2022\/2024\/04\/19\/dois-containers-de-coleta-de-residuos-sao-incendiados-esta-semana-em-barretos\/"]}]},{"@type":"ImageObject","inLanguage":"pt-BR","@id":"https:\/\/regiaonews.net.br\/2022\/2024\/04\/19\/dois-containers-de-coleta-de-residuos-sao-incendiados-esta-semana-em-barretos\/#primaryimage","url":"https:\/\/regiaonews.net.br\/2022\/wp-content\/uploads\/2024\/04\/Imagem-do-WhatsApp-de-2024-04-19-as-11.09.10_f9351175.jpg","contentUrl":"https:\/\/regiaonews.net.br\/2022\/wp-content\/uploads\/2024\/04\/Imagem-do-WhatsApp-de-2024-04-19-as-11.09.10_f9351175.jpg","width":720,"height":1280},{"@type":"BreadcrumbList","@id":"https:\/\/regiaonews.net.br\/2022\/2024\/04\/19\/dois-containers-de-coleta-de-residuos-sao-incendiados-esta-semana-em-barretos\/#breadcrumb","itemListElement":[{"@type":"ListItem","position":1,"name":"In\u00edcio","item":"https:\/\/regiaonews.net.br\/2022\/"},{"@type":"ListItem","position":2,"name":"Dois containers de coleta de res\u00edduos s\u00e3o incendiados esta semana em Barretos"}]},{"@type":"WebSite","@id":"https:\/\/regiaonews.net.br\/2022\/#website","url":"https:\/\/regiaonews.net.br\/2022\/","name":"Regi\u00e3o News","description":"Site de Not\u00edcias de Barretos e regi\u00e3o","publisher":{"@id":"https:\/\/regiaonews.net.br\/2022\/#organization"},"potentialAction":[{"@type":"SearchAction","target":{"@type":"EntryPoint","urlTemplate":"https:\/\/regiaonews.net.br\/2022\/?s={search_term_string}"},"query-input":{"@type":"PropertyValueSpecification","valueRequired":true,"valueName":"search_term_string"}}],"inLanguage":"pt-BR"},{"@type":"Organization","@id":"https:\/\/regiaonews.net.br\/2022\/#organization","name":"Regi\u00e3o News","url":"https:\/\/regiaonews.net.br\/2022\/","logo":{"@type":"ImageObject","inLanguage":"pt-BR","@id":"https:\/\/regiaonews.net.br\/2022\/#\/schema\/logo\/image\/","url":"https:\/\/regiaonews.net.br\/2022\/wp-content\/uploads\/2026\/03\/regiao-13-anos-scaled.jpg","contentUrl":"https:\/\/regiaonews.net.br\/2022\/wp-content\/uploads\/2026\/03\/regiao-13-anos-scaled.jpg","width":2560,"height":635,"caption":"Regi\u00e3o News"},"image":{"@id":"https:\/\/regiaonews.net.br\/2022\/#\/schema\/logo\/image\/"}},{"@type":"Person","@id":"https:\/\/regiaonews.net.br\/2022\/#\/schema\/person\/2d205a608a5aa97ac279d7a5e6d89ad8","name":"Roberto","image":{"@type":"ImageObject","inLanguage":"pt-BR","@id":"https:\/\/secure.gravatar.com\/avatar\/42749d8b712ff9d59ca93dc150494e5b55a44134482993f5baeb97e61b7ecc89?s=96&d=mm&r=g","url":"https:\/\/secure.gravatar.com\/avatar\/42749d8b712ff9d59ca93dc150494e5b55a44134482993f5baeb97e61b7ecc89?s=96&d=mm&r=g","contentUrl":"https:\/\/secure.gravatar.com\/avatar\/42749d8b712ff9d59ca93dc150494e5b55a44134482993f5baeb97e61b7ecc89?s=96&d=mm&r=g","caption":"Roberto"},"url":"https:\/\/regiaonews.net.br\/2022\/author\/roberto\/"}]}},"publishpress_future_action":{"enabled":false,"date":"2026-05-03 07:43:07","action":"change-status","newStatus":"draft","terms":[],"taxonomy":"category","extraData":[]},"publishpress_future_workflow_manual_trigger":{"enabledWorkflows":[]},"_links":{"self":[{"href":"https:\/\/regiaonews.net.br\/2022\/wp-json\/wp\/v2\/posts\/103921","targetHints":{"allow":["GET"]}}],"collection":[{"href":"https:\/\/regiaonews.net.br\/2022\/wp-json\/wp\/v2\/posts"}],"about":[{"href":"https:\/\/regiaonews.net.br\/2022\/wp-json\/wp\/v2\/types\/post"}],"author":[{"embeddable":true,"href":"https:\/\/regiaonews.net.br\/2022\/wp-json\/wp\/v2\/users\/2"}],"replies":[{"embeddable":true,"href":"https:\/\/regiaonews.net.br\/2022\/wp-json\/wp\/v2\/comments?post=103921"}],"version-history":[{"count":1,"href":"https:\/\/regiaonews.net.br\/2022\/wp-json\/wp\/v2\/posts\/103921\/revisions"}],"predecessor-version":[{"id":103923,"href":"https:\/\/regiaonews.net.br\/2022\/wp-json\/wp\/v2\/posts\/103921\/revisions\/103923"}],"wp:featuredmedia":[{"embeddable":true,"href":"https:\/\/regiaonews.net.br\/2022\/wp-json\/wp\/v2\/media\/103922"}],"wp:attachment":[{"href":"https:\/\/regiaonews.net.br\/2022\/wp-json\/wp\/v2\/media?parent=103921"}],"wp:term":[{"taxonomy":"category","embeddable":true,"href":"https:\/\/regiaonews.net.br\/2022\/wp-json\/wp\/v2\/categories?post=103921"},{"taxonomy":"post_tag","embeddable":true,"href":"https:\/\/regiaonews.net.br\/2022\/wp-json\/wp\/v2\/tags?post=103921"}],"curies":[{"name":"wp","href":"https:\/\/api.w.org\/{rel}","templated":true}]}}