{"id":103918,"date":"2024-04-19T11:16:46","date_gmt":"2024-04-19T14:16:46","guid":{"rendered":"https:\/\/regiaonews.net.br\/2022\/?p=103918"},"modified":"2024-04-19T11:16:46","modified_gmt":"2024-04-19T14:16:46","slug":"qualifica-sp-meu-primeiro-emprego-jovens-de-barretos-podem-se-inscrever-ate-dia-24-de-abril","status":"publish","type":"post","link":"https:\/\/regiaonews.net.br\/2022\/2024\/04\/19\/qualifica-sp-meu-primeiro-emprego-jovens-de-barretos-podem-se-inscrever-ate-dia-24-de-abril\/","title":{"rendered":"Qualifica SP \u2013 Meu Primeiro Emprego: Jovens de Barretos podem se inscrever at\u00e9 dia 24 de abril"},"content":{"rendered":"<h3 style=\"text-align: center;\">Programa oferece seis op\u00e7\u00f5es de cursos gratuitos na \u00e1rea de Gest\u00e3o e Neg\u00f3cios; aulas ser\u00e3o em formato online<\/h3>\n<p>Est\u00e3o abertas at\u00e9 a pr\u00f3xima quarta-feira, 24 de abril, as inscri\u00e7\u00f5es para 4.275 vagas em cursos de qualifica\u00e7\u00e3o profissional, gratuitos, oferecidos por meio do programa Qualifica SP \u2013 Meu Primeiro Emprego, para jovens de 16 a 24 anos que queiram ingressar no mercado de trabalho.<\/p>\n<p>S\u00e3o seis cursos na \u00e1rea de Gest\u00e3o e Neg\u00f3cios, com aulas em formato online e ao vivo, ministradas entre os meses de maio e agosto, carga hor\u00e1ria total de 120 horas e certifica\u00e7\u00e3o garantida. Confira as op\u00e7\u00f5es:<\/p>\n<p>\u2022 Ajudante de Log\u00edstica;<br \/>\n\u2022 Assistente Financeiro;<br \/>\n\u2022 Excel Aplicado \u00e0 \u00c1rea Administrativa;<br \/>\n\u2022 Gest\u00e3o de Pequenos Neg\u00f3cios;<br \/>\n\u2022 Marketing Digital e Vendas em Redes Sociais;<br \/>\n\u2022 Office 2019.<\/p>\n<p>Para participar do Qualifica SP \u2013 Meu Primeiro Emprego \u00e9 necess\u00e1rio ter Ensino Fundamental completo e residir no Estado de S\u00e3o Paulo. A inscri\u00e7\u00e3o deve ser feita pelo site www.qualificasp.sp.gov.br e o jovem pode indicar, al\u00e9m do turno, o hor\u00e1rio de aula que mais atende suas necessidades.<\/p>\n<p>\u201cO Conecta Barretos e a Secretaria de Desenvolvimento Econ\u00f4mico est\u00e3o de portas abertas para ajudar os interessados nos cursos com as inscri\u00e7\u00f5es. O Qualifica-SP \u00e9 um \u00f3timo programa de apoio e preparo da juventude para o mercado de trabalho\u201d, disse a secret\u00e1ria Dra. Juliana Luciano.<\/p>\n","protected":false},"excerpt":{"rendered":"<p>Programa oferece seis op\u00e7\u00f5es de cursos gratuitos na \u00e1rea de<\/p>\n","protected":false},"author":2,"featured_media":103919,"comment_status":"open","ping_status":"open","sticky":false,"template":"","format":"standard","meta":{"footnotes":""},"categories":[14,3],"tags":[],"class_list":["post-103918","post","type-post","status-publish","format-standard","has-post-thumbnail","hentry","category-barretos","category-geral"],"yoast_head":"<!-- This site is optimized with the Yoast SEO plugin v27.4 - https:\/\/yoast.com\/product\/yoast-seo-wordpress\/ -->\n<title>Qualifica SP \u2013 Meu Primeiro Emprego: Jovens de Barretos podem se inscrever at\u00e9 dia 24 de abril - Regi\u00e3o News<\/title>\n<meta name=\"robots\" content=\"index, follow, max-snippet:-1, max-image-preview:large, max-video-preview:-1\" \/>\n<link rel=\"canonical\" href=\"https:\/\/regiaonews.net.br\/2022\/2024\/04\/19\/qualifica-sp-meu-primeiro-emprego-jovens-de-barretos-podem-se-inscrever-ate-dia-24-de-abril\/\" \/>\n<meta property=\"og:locale\" content=\"pt_BR\" \/>\n<meta property=\"og:type\" content=\"article\" \/>\n<meta property=\"og:title\" content=\"Qualifica SP \u2013 Meu Primeiro Emprego: Jovens de Barretos podem se inscrever at\u00e9 dia 24 de abril - Regi\u00e3o News\" \/>\n<meta property=\"og:description\" content=\"Programa oferece seis op\u00e7\u00f5es de cursos gratuitos na \u00e1rea de\" \/>\n<meta property=\"og:url\" content=\"https:\/\/regiaonews.net.br\/2022\/2024\/04\/19\/qualifica-sp-meu-primeiro-emprego-jovens-de-barretos-podem-se-inscrever-ate-dia-24-de-abril\/\" \/>\n<meta property=\"og:site_name\" content=\"Regi\u00e3o News\" \/>\n<meta property=\"article:published_time\" content=\"2024-04-19T14:16:46+00:00\" \/>\n<meta property=\"og:image\" content=\"https:\/\/regiaonews.net.br\/2022\/wp-content\/uploads\/2024\/04\/Imagem-do-WhatsApp-de-2024-04-19-as-10.59.11_434ed881.jpg\" \/>\n\t<meta property=\"og:image:width\" content=\"1087\" \/>\n\t<meta property=\"og:image:height\" content=\"1088\" \/>\n\t<meta property=\"og:image:type\" content=\"image\/jpeg\" \/>\n<meta name=\"author\" content=\"Roberto\" \/>\n<meta name=\"twitter:card\" content=\"summary_large_image\" \/>\n<meta name=\"twitter:label1\" content=\"Escrito por\" \/>\n\t<meta name=\"twitter:data1\" content=\"Roberto\" \/>\n\t<meta name=\"twitter:label2\" content=\"Est. tempo de leitura\" \/>\n\t<meta name=\"twitter:data2\" content=\"2 minutos\" \/>\n<script type=\"application\/ld+json\" class=\"yoast-schema-graph\">{\"@context\":\"https:\\\/\\\/schema.org\",\"@graph\":[{\"@type\":\"Article\",\"@id\":\"https:\\\/\\\/regiaonews.net.br\\\/2022\\\/2024\\\/04\\\/19\\\/qualifica-sp-meu-primeiro-emprego-jovens-de-barretos-podem-se-inscrever-ate-dia-24-de-abril\\\/#article\",\"isPartOf\":{\"@id\":\"https:\\\/\\\/regiaonews.net.br\\\/2022\\\/2024\\\/04\\\/19\\\/qualifica-sp-meu-primeiro-emprego-jovens-de-barretos-podem-se-inscrever-ate-dia-24-de-abril\\\/\"},\"author\":{\"name\":\"Roberto\",\"@id\":\"https:\\\/\\\/regiaonews.net.br\\\/2022\\\/#\\\/schema\\\/person\\\/2d205a608a5aa97ac279d7a5e6d89ad8\"},\"headline\":\"Qualifica SP \u2013 Meu Primeiro Emprego: Jovens de Barretos podem se inscrever at\u00e9 dia 24 de abril\",\"datePublished\":\"2024-04-19T14:16:46+00:00\",\"mainEntityOfPage\":{\"@id\":\"https:\\\/\\\/regiaonews.net.br\\\/2022\\\/2024\\\/04\\\/19\\\/qualifica-sp-meu-primeiro-emprego-jovens-de-barretos-podem-se-inscrever-ate-dia-24-de-abril\\\/\"},\"wordCount\":249,\"commentCount\":0,\"publisher\":{\"@id\":\"https:\\\/\\\/regiaonews.net.br\\\/2022\\\/#organization\"},\"image\":{\"@id\":\"https:\\\/\\\/regiaonews.net.br\\\/2022\\\/2024\\\/04\\\/19\\\/qualifica-sp-meu-primeiro-emprego-jovens-de-barretos-podem-se-inscrever-ate-dia-24-de-abril\\\/#primaryimage\"},\"thumbnailUrl\":\"https:\\\/\\\/regiaonews.net.br\\\/2022\\\/wp-content\\\/uploads\\\/2024\\\/04\\\/Imagem-do-WhatsApp-de-2024-04-19-as-10.59.11_434ed881.jpg\",\"articleSection\":[\"Barretos\",\"Geral\"],\"inLanguage\":\"pt-BR\",\"potentialAction\":[{\"@type\":\"CommentAction\",\"name\":\"Comment\",\"target\":[\"https:\\\/\\\/regiaonews.net.br\\\/2022\\\/2024\\\/04\\\/19\\\/qualifica-sp-meu-primeiro-emprego-jovens-de-barretos-podem-se-inscrever-ate-dia-24-de-abril\\\/#respond\"]}]},{\"@type\":\"WebPage\",\"@id\":\"https:\\\/\\\/regiaonews.net.br\\\/2022\\\/2024\\\/04\\\/19\\\/qualifica-sp-meu-primeiro-emprego-jovens-de-barretos-podem-se-inscrever-ate-dia-24-de-abril\\\/\",\"url\":\"https:\\\/\\\/regiaonews.net.br\\\/2022\\\/2024\\\/04\\\/19\\\/qualifica-sp-meu-primeiro-emprego-jovens-de-barretos-podem-se-inscrever-ate-dia-24-de-abril\\\/\",\"name\":\"Qualifica SP \u2013 Meu Primeiro Emprego: Jovens de Barretos podem se inscrever at\u00e9 dia 24 de abril - Regi\u00e3o News\",\"isPartOf\":{\"@id\":\"https:\\\/\\\/regiaonews.net.br\\\/2022\\\/#website\"},\"primaryImageOfPage\":{\"@id\":\"https:\\\/\\\/regiaonews.net.br\\\/2022\\\/2024\\\/04\\\/19\\\/qualifica-sp-meu-primeiro-emprego-jovens-de-barretos-podem-se-inscrever-ate-dia-24-de-abril\\\/#primaryimage\"},\"image\":{\"@id\":\"https:\\\/\\\/regiaonews.net.br\\\/2022\\\/2024\\\/04\\\/19\\\/qualifica-sp-meu-primeiro-emprego-jovens-de-barretos-podem-se-inscrever-ate-dia-24-de-abril\\\/#primaryimage\"},\"thumbnailUrl\":\"https:\\\/\\\/regiaonews.net.br\\\/2022\\\/wp-content\\\/uploads\\\/2024\\\/04\\\/Imagem-do-WhatsApp-de-2024-04-19-as-10.59.11_434ed881.jpg\",\"datePublished\":\"2024-04-19T14:16:46+00:00\",\"breadcrumb\":{\"@id\":\"https:\\\/\\\/regiaonews.net.br\\\/2022\\\/2024\\\/04\\\/19\\\/qualifica-sp-meu-primeiro-emprego-jovens-de-barretos-podem-se-inscrever-ate-dia-24-de-abril\\\/#breadcrumb\"},\"inLanguage\":\"pt-BR\",\"potentialAction\":[{\"@type\":\"ReadAction\",\"target\":[\"https:\\\/\\\/regiaonews.net.br\\\/2022\\\/2024\\\/04\\\/19\\\/qualifica-sp-meu-primeiro-emprego-jovens-de-barretos-podem-se-inscrever-ate-dia-24-de-abril\\\/\"]}]},{\"@type\":\"ImageObject\",\"inLanguage\":\"pt-BR\",\"@id\":\"https:\\\/\\\/regiaonews.net.br\\\/2022\\\/2024\\\/04\\\/19\\\/qualifica-sp-meu-primeiro-emprego-jovens-de-barretos-podem-se-inscrever-ate-dia-24-de-abril\\\/#primaryimage\",\"url\":\"https:\\\/\\\/regiaonews.net.br\\\/2022\\\/wp-content\\\/uploads\\\/2024\\\/04\\\/Imagem-do-WhatsApp-de-2024-04-19-as-10.59.11_434ed881.jpg\",\"contentUrl\":\"https:\\\/\\\/regiaonews.net.br\\\/2022\\\/wp-content\\\/uploads\\\/2024\\\/04\\\/Imagem-do-WhatsApp-de-2024-04-19-as-10.59.11_434ed881.jpg\",\"width\":1087,\"height\":1088},{\"@type\":\"BreadcrumbList\",\"@id\":\"https:\\\/\\\/regiaonews.net.br\\\/2022\\\/2024\\\/04\\\/19\\\/qualifica-sp-meu-primeiro-emprego-jovens-de-barretos-podem-se-inscrever-ate-dia-24-de-abril\\\/#breadcrumb\",\"itemListElement\":[{\"@type\":\"ListItem\",\"position\":1,\"name\":\"In\u00edcio\",\"item\":\"https:\\\/\\\/regiaonews.net.br\\\/2022\\\/\"},{\"@type\":\"ListItem\",\"position\":2,\"name\":\"Qualifica SP \u2013 Meu Primeiro Emprego: Jovens de Barretos podem se inscrever at\u00e9 dia 24 de abril\"}]},{\"@type\":\"WebSite\",\"@id\":\"https:\\\/\\\/regiaonews.net.br\\\/2022\\\/#website\",\"url\":\"https:\\\/\\\/regiaonews.net.br\\\/2022\\\/\",\"name\":\"Regi\u00e3o News\",\"description\":\"Site de Not\u00edcias de Barretos e regi\u00e3o\",\"publisher\":{\"@id\":\"https:\\\/\\\/regiaonews.net.br\\\/2022\\\/#organization\"},\"potentialAction\":[{\"@type\":\"SearchAction\",\"target\":{\"@type\":\"EntryPoint\",\"urlTemplate\":\"https:\\\/\\\/regiaonews.net.br\\\/2022\\\/?s={search_term_string}\"},\"query-input\":{\"@type\":\"PropertyValueSpecification\",\"valueRequired\":true,\"valueName\":\"search_term_string\"}}],\"inLanguage\":\"pt-BR\"},{\"@type\":\"Organization\",\"@id\":\"https:\\\/\\\/regiaonews.net.br\\\/2022\\\/#organization\",\"name\":\"Regi\u00e3o News\",\"url\":\"https:\\\/\\\/regiaonews.net.br\\\/2022\\\/\",\"logo\":{\"@type\":\"ImageObject\",\"inLanguage\":\"pt-BR\",\"@id\":\"https:\\\/\\\/regiaonews.net.br\\\/2022\\\/#\\\/schema\\\/logo\\\/image\\\/\",\"url\":\"https:\\\/\\\/regiaonews.net.br\\\/2022\\\/wp-content\\\/uploads\\\/2026\\\/03\\\/regiao-13-anos-scaled.jpg\",\"contentUrl\":\"https:\\\/\\\/regiaonews.net.br\\\/2022\\\/wp-content\\\/uploads\\\/2026\\\/03\\\/regiao-13-anos-scaled.jpg\",\"width\":2560,\"height\":635,\"caption\":\"Regi\u00e3o News\"},\"image\":{\"@id\":\"https:\\\/\\\/regiaonews.net.br\\\/2022\\\/#\\\/schema\\\/logo\\\/image\\\/\"}},{\"@type\":\"Person\",\"@id\":\"https:\\\/\\\/regiaonews.net.br\\\/2022\\\/#\\\/schema\\\/person\\\/2d205a608a5aa97ac279d7a5e6d89ad8\",\"name\":\"Roberto\",\"image\":{\"@type\":\"ImageObject\",\"inLanguage\":\"pt-BR\",\"@id\":\"https:\\\/\\\/secure.gravatar.com\\\/avatar\\\/42749d8b712ff9d59ca93dc150494e5b55a44134482993f5baeb97e61b7ecc89?s=96&d=mm&r=g\",\"url\":\"https:\\\/\\\/secure.gravatar.com\\\/avatar\\\/42749d8b712ff9d59ca93dc150494e5b55a44134482993f5baeb97e61b7ecc89?s=96&d=mm&r=g\",\"contentUrl\":\"https:\\\/\\\/secure.gravatar.com\\\/avatar\\\/42749d8b712ff9d59ca93dc150494e5b55a44134482993f5baeb97e61b7ecc89?s=96&d=mm&r=g\",\"caption\":\"Roberto\"},\"url\":\"https:\\\/\\\/regiaonews.net.br\\\/2022\\\/author\\\/roberto\\\/\"}]}<\/script>\n<!-- \/ Yoast SEO plugin. -->","yoast_head_json":{"title":"Qualifica SP \u2013 Meu Primeiro Emprego: Jovens de Barretos podem se inscrever at\u00e9 dia 24 de abril - Regi\u00e3o News","robots":{"index":"index","follow":"follow","max-snippet":"max-snippet:-1","max-image-preview":"max-image-preview:large","max-video-preview":"max-video-preview:-1"},"canonical":"https:\/\/regiaonews.net.br\/2022\/2024\/04\/19\/qualifica-sp-meu-primeiro-emprego-jovens-de-barretos-podem-se-inscrever-ate-dia-24-de-abril\/","og_locale":"pt_BR","og_type":"article","og_title":"Qualifica SP \u2013 Meu Primeiro Emprego: Jovens de Barretos podem se inscrever at\u00e9 dia 24 de abril - Regi\u00e3o News","og_description":"Programa oferece seis op\u00e7\u00f5es de cursos gratuitos na \u00e1rea de","og_url":"https:\/\/regiaonews.net.br\/2022\/2024\/04\/19\/qualifica-sp-meu-primeiro-emprego-jovens-de-barretos-podem-se-inscrever-ate-dia-24-de-abril\/","og_site_name":"Regi\u00e3o News","article_published_time":"2024-04-19T14:16:46+00:00","og_image":[{"width":1087,"height":1088,"url":"https:\/\/regiaonews.net.br\/2022\/wp-content\/uploads\/2024\/04\/Imagem-do-WhatsApp-de-2024-04-19-as-10.59.11_434ed881.jpg","type":"image\/jpeg"}],"author":"Roberto","twitter_card":"summary_large_image","twitter_misc":{"Escrito por":"Roberto","Est. tempo de leitura":"2 minutos"},"schema":{"@context":"https:\/\/schema.org","@graph":[{"@type":"Article","@id":"https:\/\/regiaonews.net.br\/2022\/2024\/04\/19\/qualifica-sp-meu-primeiro-emprego-jovens-de-barretos-podem-se-inscrever-ate-dia-24-de-abril\/#article","isPartOf":{"@id":"https:\/\/regiaonews.net.br\/2022\/2024\/04\/19\/qualifica-sp-meu-primeiro-emprego-jovens-de-barretos-podem-se-inscrever-ate-dia-24-de-abril\/"},"author":{"name":"Roberto","@id":"https:\/\/regiaonews.net.br\/2022\/#\/schema\/person\/2d205a608a5aa97ac279d7a5e6d89ad8"},"headline":"Qualifica SP \u2013 Meu Primeiro Emprego: Jovens de Barretos podem se inscrever at\u00e9 dia 24 de abril","datePublished":"2024-04-19T14:16:46+00:00","mainEntityOfPage":{"@id":"https:\/\/regiaonews.net.br\/2022\/2024\/04\/19\/qualifica-sp-meu-primeiro-emprego-jovens-de-barretos-podem-se-inscrever-ate-dia-24-de-abril\/"},"wordCount":249,"commentCount":0,"publisher":{"@id":"https:\/\/regiaonews.net.br\/2022\/#organization"},"image":{"@id":"https:\/\/regiaonews.net.br\/2022\/2024\/04\/19\/qualifica-sp-meu-primeiro-emprego-jovens-de-barretos-podem-se-inscrever-ate-dia-24-de-abril\/#primaryimage"},"thumbnailUrl":"https:\/\/regiaonews.net.br\/2022\/wp-content\/uploads\/2024\/04\/Imagem-do-WhatsApp-de-2024-04-19-as-10.59.11_434ed881.jpg","articleSection":["Barretos","Geral"],"inLanguage":"pt-BR","potentialAction":[{"@type":"CommentAction","name":"Comment","target":["https:\/\/regiaonews.net.br\/2022\/2024\/04\/19\/qualifica-sp-meu-primeiro-emprego-jovens-de-barretos-podem-se-inscrever-ate-dia-24-de-abril\/#respond"]}]},{"@type":"WebPage","@id":"https:\/\/regiaonews.net.br\/2022\/2024\/04\/19\/qualifica-sp-meu-primeiro-emprego-jovens-de-barretos-podem-se-inscrever-ate-dia-24-de-abril\/","url":"https:\/\/regiaonews.net.br\/2022\/2024\/04\/19\/qualifica-sp-meu-primeiro-emprego-jovens-de-barretos-podem-se-inscrever-ate-dia-24-de-abril\/","name":"Qualifica SP \u2013 Meu Primeiro Emprego: Jovens de Barretos podem se inscrever at\u00e9 dia 24 de abril - Regi\u00e3o News","isPartOf":{"@id":"https:\/\/regiaonews.net.br\/2022\/#website"},"primaryImageOfPage":{"@id":"https:\/\/regiaonews.net.br\/2022\/2024\/04\/19\/qualifica-sp-meu-primeiro-emprego-jovens-de-barretos-podem-se-inscrever-ate-dia-24-de-abril\/#primaryimage"},"image":{"@id":"https:\/\/regiaonews.net.br\/2022\/2024\/04\/19\/qualifica-sp-meu-primeiro-emprego-jovens-de-barretos-podem-se-inscrever-ate-dia-24-de-abril\/#primaryimage"},"thumbnailUrl":"https:\/\/regiaonews.net.br\/2022\/wp-content\/uploads\/2024\/04\/Imagem-do-WhatsApp-de-2024-04-19-as-10.59.11_434ed881.jpg","datePublished":"2024-04-19T14:16:46+00:00","breadcrumb":{"@id":"https:\/\/regiaonews.net.br\/2022\/2024\/04\/19\/qualifica-sp-meu-primeiro-emprego-jovens-de-barretos-podem-se-inscrever-ate-dia-24-de-abril\/#breadcrumb"},"inLanguage":"pt-BR","potentialAction":[{"@type":"ReadAction","target":["https:\/\/regiaonews.net.br\/2022\/2024\/04\/19\/qualifica-sp-meu-primeiro-emprego-jovens-de-barretos-podem-se-inscrever-ate-dia-24-de-abril\/"]}]},{"@type":"ImageObject","inLanguage":"pt-BR","@id":"https:\/\/regiaonews.net.br\/2022\/2024\/04\/19\/qualifica-sp-meu-primeiro-emprego-jovens-de-barretos-podem-se-inscrever-ate-dia-24-de-abril\/#primaryimage","url":"https:\/\/regiaonews.net.br\/2022\/wp-content\/uploads\/2024\/04\/Imagem-do-WhatsApp-de-2024-04-19-as-10.59.11_434ed881.jpg","contentUrl":"https:\/\/regiaonews.net.br\/2022\/wp-content\/uploads\/2024\/04\/Imagem-do-WhatsApp-de-2024-04-19-as-10.59.11_434ed881.jpg","width":1087,"height":1088},{"@type":"BreadcrumbList","@id":"https:\/\/regiaonews.net.br\/2022\/2024\/04\/19\/qualifica-sp-meu-primeiro-emprego-jovens-de-barretos-podem-se-inscrever-ate-dia-24-de-abril\/#breadcrumb","itemListElement":[{"@type":"ListItem","position":1,"name":"In\u00edcio","item":"https:\/\/regiaonews.net.br\/2022\/"},{"@type":"ListItem","position":2,"name":"Qualifica SP \u2013 Meu Primeiro Emprego: Jovens de Barretos podem se inscrever at\u00e9 dia 24 de abril"}]},{"@type":"WebSite","@id":"https:\/\/regiaonews.net.br\/2022\/#website","url":"https:\/\/regiaonews.net.br\/2022\/","name":"Regi\u00e3o News","description":"Site de Not\u00edcias de Barretos e regi\u00e3o","publisher":{"@id":"https:\/\/regiaonews.net.br\/2022\/#organization"},"potentialAction":[{"@type":"SearchAction","target":{"@type":"EntryPoint","urlTemplate":"https:\/\/regiaonews.net.br\/2022\/?s={search_term_string}"},"query-input":{"@type":"PropertyValueSpecification","valueRequired":true,"valueName":"search_term_string"}}],"inLanguage":"pt-BR"},{"@type":"Organization","@id":"https:\/\/regiaonews.net.br\/2022\/#organization","name":"Regi\u00e3o News","url":"https:\/\/regiaonews.net.br\/2022\/","logo":{"@type":"ImageObject","inLanguage":"pt-BR","@id":"https:\/\/regiaonews.net.br\/2022\/#\/schema\/logo\/image\/","url":"https:\/\/regiaonews.net.br\/2022\/wp-content\/uploads\/2026\/03\/regiao-13-anos-scaled.jpg","contentUrl":"https:\/\/regiaonews.net.br\/2022\/wp-content\/uploads\/2026\/03\/regiao-13-anos-scaled.jpg","width":2560,"height":635,"caption":"Regi\u00e3o News"},"image":{"@id":"https:\/\/regiaonews.net.br\/2022\/#\/schema\/logo\/image\/"}},{"@type":"Person","@id":"https:\/\/regiaonews.net.br\/2022\/#\/schema\/person\/2d205a608a5aa97ac279d7a5e6d89ad8","name":"Roberto","image":{"@type":"ImageObject","inLanguage":"pt-BR","@id":"https:\/\/secure.gravatar.com\/avatar\/42749d8b712ff9d59ca93dc150494e5b55a44134482993f5baeb97e61b7ecc89?s=96&d=mm&r=g","url":"https:\/\/secure.gravatar.com\/avatar\/42749d8b712ff9d59ca93dc150494e5b55a44134482993f5baeb97e61b7ecc89?s=96&d=mm&r=g","contentUrl":"https:\/\/secure.gravatar.com\/avatar\/42749d8b712ff9d59ca93dc150494e5b55a44134482993f5baeb97e61b7ecc89?s=96&d=mm&r=g","caption":"Roberto"},"url":"https:\/\/regiaonews.net.br\/2022\/author\/roberto\/"}]}},"publishpress_future_action":{"enabled":false,"date":"2026-05-03 05:53:14","action":"change-status","newStatus":"draft","terms":[],"taxonomy":"category","extraData":[]},"publishpress_future_workflow_manual_trigger":{"enabledWorkflows":[]},"_links":{"self":[{"href":"https:\/\/regiaonews.net.br\/2022\/wp-json\/wp\/v2\/posts\/103918","targetHints":{"allow":["GET"]}}],"collection":[{"href":"https:\/\/regiaonews.net.br\/2022\/wp-json\/wp\/v2\/posts"}],"about":[{"href":"https:\/\/regiaonews.net.br\/2022\/wp-json\/wp\/v2\/types\/post"}],"author":[{"embeddable":true,"href":"https:\/\/regiaonews.net.br\/2022\/wp-json\/wp\/v2\/users\/2"}],"replies":[{"embeddable":true,"href":"https:\/\/regiaonews.net.br\/2022\/wp-json\/wp\/v2\/comments?post=103918"}],"version-history":[{"count":1,"href":"https:\/\/regiaonews.net.br\/2022\/wp-json\/wp\/v2\/posts\/103918\/revisions"}],"predecessor-version":[{"id":103920,"href":"https:\/\/regiaonews.net.br\/2022\/wp-json\/wp\/v2\/posts\/103918\/revisions\/103920"}],"wp:featuredmedia":[{"embeddable":true,"href":"https:\/\/regiaonews.net.br\/2022\/wp-json\/wp\/v2\/media\/103919"}],"wp:attachment":[{"href":"https:\/\/regiaonews.net.br\/2022\/wp-json\/wp\/v2\/media?parent=103918"}],"wp:term":[{"taxonomy":"category","embeddable":true,"href":"https:\/\/regiaonews.net.br\/2022\/wp-json\/wp\/v2\/categories?post=103918"},{"taxonomy":"post_tag","embeddable":true,"href":"https:\/\/regiaonews.net.br\/2022\/wp-json\/wp\/v2\/tags?post=103918"}],"curies":[{"name":"wp","href":"https:\/\/api.w.org\/{rel}","templated":true}]}}