{"id":103891,"date":"2024-04-18T19:03:15","date_gmt":"2024-04-18T22:03:15","guid":{"rendered":"https:\/\/regiaonews.net.br\/2022\/?p=103891"},"modified":"2024-04-18T19:03:15","modified_gmt":"2024-04-18T22:03:15","slug":"barretos-sedia-6-treinamento-preparatorio-para-operacao-sao-paulo-sem-fogo-2024","status":"publish","type":"post","link":"https:\/\/regiaonews.net.br\/2022\/2024\/04\/18\/barretos-sedia-6-treinamento-preparatorio-para-operacao-sao-paulo-sem-fogo-2024\/","title":{"rendered":"Barretos sedia 6\u00b0 Treinamento Preparat\u00f3rio para Opera\u00e7\u00e3o S\u00e3o Paulo Sem Fogo 2024"},"content":{"rendered":"<p>Encontros ocorrem nesta quinta e sexta-feira, 18 e 19 de abril, no IFSP, para representantes de 19 munic\u00edpios da regi\u00e3o<\/p>\n<p>Teve in\u00edcio nesta quinta-feira, 18 de abril, no IFSP, o 6\u00b0 Treinamento Preparat\u00f3rio para a Opera\u00e7\u00e3o S\u00e3o Paulo Sem Fogo 2024 para capacitar as 19 cidades da Regi\u00e3o de Barretos a atuarem preventivamente durante o per\u00edodo de estiagem. A oficina \u00e9 promovida pela Coordenadoria de Prote\u00e7\u00e3o e Defesa Civil do Estado de S\u00e3o Paulo, em parceria com seus representantes regionais, Defesa Civil de Barretos e o 9\u00b0 Grupamento de Bombeiros.<br \/>\nOs dois dias de capacita\u00e7\u00e3o contar\u00e3o com instru\u00e7\u00f5es t\u00e9cnicas e pr\u00e1ticas e um dos objetivos \u00e9 a forma\u00e7\u00e3o de brigadas municipais para combate a inc\u00eandios em cobertura vegetal. \u201cTeremos tamb\u00e9m a quest\u00e3o da sa\u00fade p\u00fablica para aqueles que atuam no combate e para a popula\u00e7\u00e3o em geral que \u00e9 acometida. No segundo dia, n\u00f3s temos um treinamento pr\u00e1tico com o Corpo de Bombeiros, que ensinar\u00e3o t\u00e9cnicas de combate a inc\u00eandios em vegeta\u00e7\u00e3o\u201d, explicou a Cap. PM Lidiara Beatriz Kurachi Lenarduzzi, Chefe da Divis\u00e3o de Prepara\u00e7\u00e3o da Coordenadoria Estadual de Prote\u00e7\u00e3o e Defesa Civil.<br \/>\nA prefeita Paula Lemos participou da abertura do evento e agradeceu \u00e0 Defesa Civil por todo apoio recebido pela cidade na ocasi\u00e3o das fortes chuvas do dia 6 de janeiro de 2022. \u201cA Defesa Civil foi de fundamental import\u00e2ncia, junto com os nossos agentes de seguran\u00e7a, para que a gente pudesse restabelecer a ordem na nossa cidade\u201d, disse.<br \/>\nRog\u00e9rio Valverde, secret\u00e1rio de Seguran\u00e7a P\u00fablica de Bebedouro, destacou a import\u00e2ncia de a\u00e7\u00f5es como esta. \u201cA amplitude de atua\u00e7\u00e3o da Defesa Civil \u00e9 muito grande e, portanto, treinamentos como esse s\u00e3o de extrema import\u00e2ncia para que a gente tenha realmente agentes capacitados para lidar com todas as adversidades\u201d, comentou.<br \/>\nO 1\u00ba Ten. PM Jo\u00e3o Paulo Bortholin, Comandante do Corpo de Bombeiros, o 1\u00ba Ten. PM Ricardo Henrique da Silva, Comandante da Pol\u00edcia Militar Ambiental, os secret\u00e1rios municipais de Ordem P\u00fablica e Defesa Civil, Ten. Edson Costa, e de Obras e Servi\u00e7os Urbanos, Fernando Fernandes, o superintendente do SAAEB, Marcelo Borges, e a Profa. Dra. Juliana de Carvalho Pimenta, Diretora Geral do IFSP, tamb\u00e9m compuseram a mesa de autoridades.<\/p>\n","protected":false},"excerpt":{"rendered":"<p>Encontros ocorrem nesta quinta e sexta-feira, 18 e 19 de<\/p>\n","protected":false},"author":2,"featured_media":103892,"comment_status":"open","ping_status":"open","sticky":false,"template":"","format":"standard","meta":{"footnotes":""},"categories":[14,25],"tags":[],"class_list":["post-103891","post","type-post","status-publish","format-standard","has-post-thumbnail","hentry","category-barretos","category-cidades"],"yoast_head":"<!-- This site is optimized with the Yoast SEO plugin v27.4 - https:\/\/yoast.com\/product\/yoast-seo-wordpress\/ -->\n<title>Barretos sedia 6\u00b0 Treinamento Preparat\u00f3rio para Opera\u00e7\u00e3o S\u00e3o Paulo Sem Fogo 2024 - Regi\u00e3o News<\/title>\n<meta name=\"robots\" content=\"index, follow, max-snippet:-1, max-image-preview:large, max-video-preview:-1\" \/>\n<link rel=\"canonical\" href=\"https:\/\/regiaonews.net.br\/2022\/2024\/04\/18\/barretos-sedia-6-treinamento-preparatorio-para-operacao-sao-paulo-sem-fogo-2024\/\" \/>\n<meta property=\"og:locale\" content=\"pt_BR\" \/>\n<meta property=\"og:type\" content=\"article\" \/>\n<meta property=\"og:title\" content=\"Barretos sedia 6\u00b0 Treinamento Preparat\u00f3rio para Opera\u00e7\u00e3o S\u00e3o Paulo Sem Fogo 2024 - Regi\u00e3o News\" \/>\n<meta property=\"og:description\" content=\"Encontros ocorrem nesta quinta e sexta-feira, 18 e 19 de\" \/>\n<meta property=\"og:url\" content=\"https:\/\/regiaonews.net.br\/2022\/2024\/04\/18\/barretos-sedia-6-treinamento-preparatorio-para-operacao-sao-paulo-sem-fogo-2024\/\" \/>\n<meta property=\"og:site_name\" content=\"Regi\u00e3o News\" \/>\n<meta property=\"article:published_time\" content=\"2024-04-18T22:03:15+00:00\" \/>\n<meta property=\"og:image\" content=\"https:\/\/regiaonews.net.br\/2022\/wp-content\/uploads\/2024\/04\/WhatsApp-Image-2024-04-18-at-17.41.22.jpeg\" \/>\n\t<meta property=\"og:image:width\" content=\"1600\" \/>\n\t<meta property=\"og:image:height\" content=\"758\" \/>\n\t<meta property=\"og:image:type\" content=\"image\/jpeg\" \/>\n<meta name=\"author\" content=\"Roberto\" \/>\n<meta name=\"twitter:card\" content=\"summary_large_image\" \/>\n<meta name=\"twitter:label1\" content=\"Escrito por\" \/>\n\t<meta name=\"twitter:data1\" content=\"Roberto\" \/>\n\t<meta name=\"twitter:label2\" content=\"Est. tempo de leitura\" \/>\n\t<meta name=\"twitter:data2\" content=\"3 minutos\" \/>\n<script type=\"application\/ld+json\" class=\"yoast-schema-graph\">{\"@context\":\"https:\\\/\\\/schema.org\",\"@graph\":[{\"@type\":\"Article\",\"@id\":\"https:\\\/\\\/regiaonews.net.br\\\/2022\\\/2024\\\/04\\\/18\\\/barretos-sedia-6-treinamento-preparatorio-para-operacao-sao-paulo-sem-fogo-2024\\\/#article\",\"isPartOf\":{\"@id\":\"https:\\\/\\\/regiaonews.net.br\\\/2022\\\/2024\\\/04\\\/18\\\/barretos-sedia-6-treinamento-preparatorio-para-operacao-sao-paulo-sem-fogo-2024\\\/\"},\"author\":{\"name\":\"Roberto\",\"@id\":\"https:\\\/\\\/regiaonews.net.br\\\/2022\\\/#\\\/schema\\\/person\\\/2d205a608a5aa97ac279d7a5e6d89ad8\"},\"headline\":\"Barretos sedia 6\u00b0 Treinamento Preparat\u00f3rio para Opera\u00e7\u00e3o S\u00e3o Paulo Sem Fogo 2024\",\"datePublished\":\"2024-04-18T22:03:15+00:00\",\"mainEntityOfPage\":{\"@id\":\"https:\\\/\\\/regiaonews.net.br\\\/2022\\\/2024\\\/04\\\/18\\\/barretos-sedia-6-treinamento-preparatorio-para-operacao-sao-paulo-sem-fogo-2024\\\/\"},\"wordCount\":404,\"commentCount\":0,\"publisher\":{\"@id\":\"https:\\\/\\\/regiaonews.net.br\\\/2022\\\/#organization\"},\"image\":{\"@id\":\"https:\\\/\\\/regiaonews.net.br\\\/2022\\\/2024\\\/04\\\/18\\\/barretos-sedia-6-treinamento-preparatorio-para-operacao-sao-paulo-sem-fogo-2024\\\/#primaryimage\"},\"thumbnailUrl\":\"https:\\\/\\\/regiaonews.net.br\\\/2022\\\/wp-content\\\/uploads\\\/2024\\\/04\\\/WhatsApp-Image-2024-04-18-at-17.41.22.jpeg\",\"articleSection\":[\"Barretos\",\"Cidades\"],\"inLanguage\":\"pt-BR\",\"potentialAction\":[{\"@type\":\"CommentAction\",\"name\":\"Comment\",\"target\":[\"https:\\\/\\\/regiaonews.net.br\\\/2022\\\/2024\\\/04\\\/18\\\/barretos-sedia-6-treinamento-preparatorio-para-operacao-sao-paulo-sem-fogo-2024\\\/#respond\"]}]},{\"@type\":\"WebPage\",\"@id\":\"https:\\\/\\\/regiaonews.net.br\\\/2022\\\/2024\\\/04\\\/18\\\/barretos-sedia-6-treinamento-preparatorio-para-operacao-sao-paulo-sem-fogo-2024\\\/\",\"url\":\"https:\\\/\\\/regiaonews.net.br\\\/2022\\\/2024\\\/04\\\/18\\\/barretos-sedia-6-treinamento-preparatorio-para-operacao-sao-paulo-sem-fogo-2024\\\/\",\"name\":\"Barretos sedia 6\u00b0 Treinamento Preparat\u00f3rio para Opera\u00e7\u00e3o S\u00e3o Paulo Sem Fogo 2024 - Regi\u00e3o News\",\"isPartOf\":{\"@id\":\"https:\\\/\\\/regiaonews.net.br\\\/2022\\\/#website\"},\"primaryImageOfPage\":{\"@id\":\"https:\\\/\\\/regiaonews.net.br\\\/2022\\\/2024\\\/04\\\/18\\\/barretos-sedia-6-treinamento-preparatorio-para-operacao-sao-paulo-sem-fogo-2024\\\/#primaryimage\"},\"image\":{\"@id\":\"https:\\\/\\\/regiaonews.net.br\\\/2022\\\/2024\\\/04\\\/18\\\/barretos-sedia-6-treinamento-preparatorio-para-operacao-sao-paulo-sem-fogo-2024\\\/#primaryimage\"},\"thumbnailUrl\":\"https:\\\/\\\/regiaonews.net.br\\\/2022\\\/wp-content\\\/uploads\\\/2024\\\/04\\\/WhatsApp-Image-2024-04-18-at-17.41.22.jpeg\",\"datePublished\":\"2024-04-18T22:03:15+00:00\",\"breadcrumb\":{\"@id\":\"https:\\\/\\\/regiaonews.net.br\\\/2022\\\/2024\\\/04\\\/18\\\/barretos-sedia-6-treinamento-preparatorio-para-operacao-sao-paulo-sem-fogo-2024\\\/#breadcrumb\"},\"inLanguage\":\"pt-BR\",\"potentialAction\":[{\"@type\":\"ReadAction\",\"target\":[\"https:\\\/\\\/regiaonews.net.br\\\/2022\\\/2024\\\/04\\\/18\\\/barretos-sedia-6-treinamento-preparatorio-para-operacao-sao-paulo-sem-fogo-2024\\\/\"]}]},{\"@type\":\"ImageObject\",\"inLanguage\":\"pt-BR\",\"@id\":\"https:\\\/\\\/regiaonews.net.br\\\/2022\\\/2024\\\/04\\\/18\\\/barretos-sedia-6-treinamento-preparatorio-para-operacao-sao-paulo-sem-fogo-2024\\\/#primaryimage\",\"url\":\"https:\\\/\\\/regiaonews.net.br\\\/2022\\\/wp-content\\\/uploads\\\/2024\\\/04\\\/WhatsApp-Image-2024-04-18-at-17.41.22.jpeg\",\"contentUrl\":\"https:\\\/\\\/regiaonews.net.br\\\/2022\\\/wp-content\\\/uploads\\\/2024\\\/04\\\/WhatsApp-Image-2024-04-18-at-17.41.22.jpeg\",\"width\":1600,\"height\":758},{\"@type\":\"BreadcrumbList\",\"@id\":\"https:\\\/\\\/regiaonews.net.br\\\/2022\\\/2024\\\/04\\\/18\\\/barretos-sedia-6-treinamento-preparatorio-para-operacao-sao-paulo-sem-fogo-2024\\\/#breadcrumb\",\"itemListElement\":[{\"@type\":\"ListItem\",\"position\":1,\"name\":\"In\u00edcio\",\"item\":\"https:\\\/\\\/regiaonews.net.br\\\/2022\\\/\"},{\"@type\":\"ListItem\",\"position\":2,\"name\":\"Barretos sedia 6\u00b0 Treinamento Preparat\u00f3rio para Opera\u00e7\u00e3o S\u00e3o Paulo Sem Fogo 2024\"}]},{\"@type\":\"WebSite\",\"@id\":\"https:\\\/\\\/regiaonews.net.br\\\/2022\\\/#website\",\"url\":\"https:\\\/\\\/regiaonews.net.br\\\/2022\\\/\",\"name\":\"Regi\u00e3o News\",\"description\":\"Site de Not\u00edcias de Barretos e regi\u00e3o\",\"publisher\":{\"@id\":\"https:\\\/\\\/regiaonews.net.br\\\/2022\\\/#organization\"},\"potentialAction\":[{\"@type\":\"SearchAction\",\"target\":{\"@type\":\"EntryPoint\",\"urlTemplate\":\"https:\\\/\\\/regiaonews.net.br\\\/2022\\\/?s={search_term_string}\"},\"query-input\":{\"@type\":\"PropertyValueSpecification\",\"valueRequired\":true,\"valueName\":\"search_term_string\"}}],\"inLanguage\":\"pt-BR\"},{\"@type\":\"Organization\",\"@id\":\"https:\\\/\\\/regiaonews.net.br\\\/2022\\\/#organization\",\"name\":\"Regi\u00e3o News\",\"url\":\"https:\\\/\\\/regiaonews.net.br\\\/2022\\\/\",\"logo\":{\"@type\":\"ImageObject\",\"inLanguage\":\"pt-BR\",\"@id\":\"https:\\\/\\\/regiaonews.net.br\\\/2022\\\/#\\\/schema\\\/logo\\\/image\\\/\",\"url\":\"https:\\\/\\\/regiaonews.net.br\\\/2022\\\/wp-content\\\/uploads\\\/2026\\\/03\\\/regiao-13-anos-scaled.jpg\",\"contentUrl\":\"https:\\\/\\\/regiaonews.net.br\\\/2022\\\/wp-content\\\/uploads\\\/2026\\\/03\\\/regiao-13-anos-scaled.jpg\",\"width\":2560,\"height\":635,\"caption\":\"Regi\u00e3o News\"},\"image\":{\"@id\":\"https:\\\/\\\/regiaonews.net.br\\\/2022\\\/#\\\/schema\\\/logo\\\/image\\\/\"}},{\"@type\":\"Person\",\"@id\":\"https:\\\/\\\/regiaonews.net.br\\\/2022\\\/#\\\/schema\\\/person\\\/2d205a608a5aa97ac279d7a5e6d89ad8\",\"name\":\"Roberto\",\"image\":{\"@type\":\"ImageObject\",\"inLanguage\":\"pt-BR\",\"@id\":\"https:\\\/\\\/secure.gravatar.com\\\/avatar\\\/42749d8b712ff9d59ca93dc150494e5b55a44134482993f5baeb97e61b7ecc89?s=96&d=mm&r=g\",\"url\":\"https:\\\/\\\/secure.gravatar.com\\\/avatar\\\/42749d8b712ff9d59ca93dc150494e5b55a44134482993f5baeb97e61b7ecc89?s=96&d=mm&r=g\",\"contentUrl\":\"https:\\\/\\\/secure.gravatar.com\\\/avatar\\\/42749d8b712ff9d59ca93dc150494e5b55a44134482993f5baeb97e61b7ecc89?s=96&d=mm&r=g\",\"caption\":\"Roberto\"},\"url\":\"https:\\\/\\\/regiaonews.net.br\\\/2022\\\/author\\\/roberto\\\/\"}]}<\/script>\n<!-- \/ Yoast SEO plugin. -->","yoast_head_json":{"title":"Barretos sedia 6\u00b0 Treinamento Preparat\u00f3rio para Opera\u00e7\u00e3o S\u00e3o Paulo Sem Fogo 2024 - Regi\u00e3o News","robots":{"index":"index","follow":"follow","max-snippet":"max-snippet:-1","max-image-preview":"max-image-preview:large","max-video-preview":"max-video-preview:-1"},"canonical":"https:\/\/regiaonews.net.br\/2022\/2024\/04\/18\/barretos-sedia-6-treinamento-preparatorio-para-operacao-sao-paulo-sem-fogo-2024\/","og_locale":"pt_BR","og_type":"article","og_title":"Barretos sedia 6\u00b0 Treinamento Preparat\u00f3rio para Opera\u00e7\u00e3o S\u00e3o Paulo Sem Fogo 2024 - Regi\u00e3o News","og_description":"Encontros ocorrem nesta quinta e sexta-feira, 18 e 19 de","og_url":"https:\/\/regiaonews.net.br\/2022\/2024\/04\/18\/barretos-sedia-6-treinamento-preparatorio-para-operacao-sao-paulo-sem-fogo-2024\/","og_site_name":"Regi\u00e3o News","article_published_time":"2024-04-18T22:03:15+00:00","og_image":[{"width":1600,"height":758,"url":"https:\/\/regiaonews.net.br\/2022\/wp-content\/uploads\/2024\/04\/WhatsApp-Image-2024-04-18-at-17.41.22.jpeg","type":"image\/jpeg"}],"author":"Roberto","twitter_card":"summary_large_image","twitter_misc":{"Escrito por":"Roberto","Est. tempo de leitura":"3 minutos"},"schema":{"@context":"https:\/\/schema.org","@graph":[{"@type":"Article","@id":"https:\/\/regiaonews.net.br\/2022\/2024\/04\/18\/barretos-sedia-6-treinamento-preparatorio-para-operacao-sao-paulo-sem-fogo-2024\/#article","isPartOf":{"@id":"https:\/\/regiaonews.net.br\/2022\/2024\/04\/18\/barretos-sedia-6-treinamento-preparatorio-para-operacao-sao-paulo-sem-fogo-2024\/"},"author":{"name":"Roberto","@id":"https:\/\/regiaonews.net.br\/2022\/#\/schema\/person\/2d205a608a5aa97ac279d7a5e6d89ad8"},"headline":"Barretos sedia 6\u00b0 Treinamento Preparat\u00f3rio para Opera\u00e7\u00e3o S\u00e3o Paulo Sem Fogo 2024","datePublished":"2024-04-18T22:03:15+00:00","mainEntityOfPage":{"@id":"https:\/\/regiaonews.net.br\/2022\/2024\/04\/18\/barretos-sedia-6-treinamento-preparatorio-para-operacao-sao-paulo-sem-fogo-2024\/"},"wordCount":404,"commentCount":0,"publisher":{"@id":"https:\/\/regiaonews.net.br\/2022\/#organization"},"image":{"@id":"https:\/\/regiaonews.net.br\/2022\/2024\/04\/18\/barretos-sedia-6-treinamento-preparatorio-para-operacao-sao-paulo-sem-fogo-2024\/#primaryimage"},"thumbnailUrl":"https:\/\/regiaonews.net.br\/2022\/wp-content\/uploads\/2024\/04\/WhatsApp-Image-2024-04-18-at-17.41.22.jpeg","articleSection":["Barretos","Cidades"],"inLanguage":"pt-BR","potentialAction":[{"@type":"CommentAction","name":"Comment","target":["https:\/\/regiaonews.net.br\/2022\/2024\/04\/18\/barretos-sedia-6-treinamento-preparatorio-para-operacao-sao-paulo-sem-fogo-2024\/#respond"]}]},{"@type":"WebPage","@id":"https:\/\/regiaonews.net.br\/2022\/2024\/04\/18\/barretos-sedia-6-treinamento-preparatorio-para-operacao-sao-paulo-sem-fogo-2024\/","url":"https:\/\/regiaonews.net.br\/2022\/2024\/04\/18\/barretos-sedia-6-treinamento-preparatorio-para-operacao-sao-paulo-sem-fogo-2024\/","name":"Barretos sedia 6\u00b0 Treinamento Preparat\u00f3rio para Opera\u00e7\u00e3o S\u00e3o Paulo Sem Fogo 2024 - Regi\u00e3o News","isPartOf":{"@id":"https:\/\/regiaonews.net.br\/2022\/#website"},"primaryImageOfPage":{"@id":"https:\/\/regiaonews.net.br\/2022\/2024\/04\/18\/barretos-sedia-6-treinamento-preparatorio-para-operacao-sao-paulo-sem-fogo-2024\/#primaryimage"},"image":{"@id":"https:\/\/regiaonews.net.br\/2022\/2024\/04\/18\/barretos-sedia-6-treinamento-preparatorio-para-operacao-sao-paulo-sem-fogo-2024\/#primaryimage"},"thumbnailUrl":"https:\/\/regiaonews.net.br\/2022\/wp-content\/uploads\/2024\/04\/WhatsApp-Image-2024-04-18-at-17.41.22.jpeg","datePublished":"2024-04-18T22:03:15+00:00","breadcrumb":{"@id":"https:\/\/regiaonews.net.br\/2022\/2024\/04\/18\/barretos-sedia-6-treinamento-preparatorio-para-operacao-sao-paulo-sem-fogo-2024\/#breadcrumb"},"inLanguage":"pt-BR","potentialAction":[{"@type":"ReadAction","target":["https:\/\/regiaonews.net.br\/2022\/2024\/04\/18\/barretos-sedia-6-treinamento-preparatorio-para-operacao-sao-paulo-sem-fogo-2024\/"]}]},{"@type":"ImageObject","inLanguage":"pt-BR","@id":"https:\/\/regiaonews.net.br\/2022\/2024\/04\/18\/barretos-sedia-6-treinamento-preparatorio-para-operacao-sao-paulo-sem-fogo-2024\/#primaryimage","url":"https:\/\/regiaonews.net.br\/2022\/wp-content\/uploads\/2024\/04\/WhatsApp-Image-2024-04-18-at-17.41.22.jpeg","contentUrl":"https:\/\/regiaonews.net.br\/2022\/wp-content\/uploads\/2024\/04\/WhatsApp-Image-2024-04-18-at-17.41.22.jpeg","width":1600,"height":758},{"@type":"BreadcrumbList","@id":"https:\/\/regiaonews.net.br\/2022\/2024\/04\/18\/barretos-sedia-6-treinamento-preparatorio-para-operacao-sao-paulo-sem-fogo-2024\/#breadcrumb","itemListElement":[{"@type":"ListItem","position":1,"name":"In\u00edcio","item":"https:\/\/regiaonews.net.br\/2022\/"},{"@type":"ListItem","position":2,"name":"Barretos sedia 6\u00b0 Treinamento Preparat\u00f3rio para Opera\u00e7\u00e3o S\u00e3o Paulo Sem Fogo 2024"}]},{"@type":"WebSite","@id":"https:\/\/regiaonews.net.br\/2022\/#website","url":"https:\/\/regiaonews.net.br\/2022\/","name":"Regi\u00e3o News","description":"Site de Not\u00edcias de Barretos e regi\u00e3o","publisher":{"@id":"https:\/\/regiaonews.net.br\/2022\/#organization"},"potentialAction":[{"@type":"SearchAction","target":{"@type":"EntryPoint","urlTemplate":"https:\/\/regiaonews.net.br\/2022\/?s={search_term_string}"},"query-input":{"@type":"PropertyValueSpecification","valueRequired":true,"valueName":"search_term_string"}}],"inLanguage":"pt-BR"},{"@type":"Organization","@id":"https:\/\/regiaonews.net.br\/2022\/#organization","name":"Regi\u00e3o News","url":"https:\/\/regiaonews.net.br\/2022\/","logo":{"@type":"ImageObject","inLanguage":"pt-BR","@id":"https:\/\/regiaonews.net.br\/2022\/#\/schema\/logo\/image\/","url":"https:\/\/regiaonews.net.br\/2022\/wp-content\/uploads\/2026\/03\/regiao-13-anos-scaled.jpg","contentUrl":"https:\/\/regiaonews.net.br\/2022\/wp-content\/uploads\/2026\/03\/regiao-13-anos-scaled.jpg","width":2560,"height":635,"caption":"Regi\u00e3o News"},"image":{"@id":"https:\/\/regiaonews.net.br\/2022\/#\/schema\/logo\/image\/"}},{"@type":"Person","@id":"https:\/\/regiaonews.net.br\/2022\/#\/schema\/person\/2d205a608a5aa97ac279d7a5e6d89ad8","name":"Roberto","image":{"@type":"ImageObject","inLanguage":"pt-BR","@id":"https:\/\/secure.gravatar.com\/avatar\/42749d8b712ff9d59ca93dc150494e5b55a44134482993f5baeb97e61b7ecc89?s=96&d=mm&r=g","url":"https:\/\/secure.gravatar.com\/avatar\/42749d8b712ff9d59ca93dc150494e5b55a44134482993f5baeb97e61b7ecc89?s=96&d=mm&r=g","contentUrl":"https:\/\/secure.gravatar.com\/avatar\/42749d8b712ff9d59ca93dc150494e5b55a44134482993f5baeb97e61b7ecc89?s=96&d=mm&r=g","caption":"Roberto"},"url":"https:\/\/regiaonews.net.br\/2022\/author\/roberto\/"}]}},"publishpress_future_action":{"enabled":false,"date":"2026-05-03 02:53:35","action":"change-status","newStatus":"draft","terms":[],"taxonomy":"category","extraData":[]},"publishpress_future_workflow_manual_trigger":{"enabledWorkflows":[]},"_links":{"self":[{"href":"https:\/\/regiaonews.net.br\/2022\/wp-json\/wp\/v2\/posts\/103891","targetHints":{"allow":["GET"]}}],"collection":[{"href":"https:\/\/regiaonews.net.br\/2022\/wp-json\/wp\/v2\/posts"}],"about":[{"href":"https:\/\/regiaonews.net.br\/2022\/wp-json\/wp\/v2\/types\/post"}],"author":[{"embeddable":true,"href":"https:\/\/regiaonews.net.br\/2022\/wp-json\/wp\/v2\/users\/2"}],"replies":[{"embeddable":true,"href":"https:\/\/regiaonews.net.br\/2022\/wp-json\/wp\/v2\/comments?post=103891"}],"version-history":[{"count":1,"href":"https:\/\/regiaonews.net.br\/2022\/wp-json\/wp\/v2\/posts\/103891\/revisions"}],"predecessor-version":[{"id":103893,"href":"https:\/\/regiaonews.net.br\/2022\/wp-json\/wp\/v2\/posts\/103891\/revisions\/103893"}],"wp:featuredmedia":[{"embeddable":true,"href":"https:\/\/regiaonews.net.br\/2022\/wp-json\/wp\/v2\/media\/103892"}],"wp:attachment":[{"href":"https:\/\/regiaonews.net.br\/2022\/wp-json\/wp\/v2\/media?parent=103891"}],"wp:term":[{"taxonomy":"category","embeddable":true,"href":"https:\/\/regiaonews.net.br\/2022\/wp-json\/wp\/v2\/categories?post=103891"},{"taxonomy":"post_tag","embeddable":true,"href":"https:\/\/regiaonews.net.br\/2022\/wp-json\/wp\/v2\/tags?post=103891"}],"curies":[{"name":"wp","href":"https:\/\/api.w.org\/{rel}","templated":true}]}}