{"id":103884,"date":"2024-04-18T18:59:37","date_gmt":"2024-04-18T21:59:37","guid":{"rendered":"https:\/\/regiaonews.net.br\/2022\/?p=103884"},"modified":"2024-04-19T09:22:44","modified_gmt":"2024-04-19T12:22:44","slug":"barretenses-garante-3o-lugar-no-masculino-e-feminino-no-circuito-de-volei-de-praia","status":"publish","type":"post","link":"https:\/\/regiaonews.net.br\/2022\/2024\/04\/18\/barretenses-garante-3o-lugar-no-masculino-e-feminino-no-circuito-de-volei-de-praia\/","title":{"rendered":"Barretenses garantem 3\u00ba lugar no masculino e feminino no Circuito de V\u00f4lei de Praia"},"content":{"rendered":"<p><a href=\"https:\/\/regiaonews.net.br\/2022\/wp-content\/uploads\/2024\/04\/WhatsApp-Image-2024-04-18-at-18.09.42.jpeg\"><img loading=\"lazy\" decoding=\"async\" class=\"alignnone size-medium wp-image-103885\" src=\"https:\/\/regiaonews.net.br\/2022\/wp-content\/uploads\/2024\/04\/WhatsApp-Image-2024-04-18-at-18.09.42-300x234.jpeg\" alt=\"\" width=\"300\" height=\"234\" srcset=\"https:\/\/regiaonews.net.br\/2022\/wp-content\/uploads\/2024\/04\/WhatsApp-Image-2024-04-18-at-18.09.42-300x234.jpeg 300w, https:\/\/regiaonews.net.br\/2022\/wp-content\/uploads\/2024\/04\/WhatsApp-Image-2024-04-18-at-18.09.42-250x195.jpeg 250w, https:\/\/regiaonews.net.br\/2022\/wp-content\/uploads\/2024\/04\/WhatsApp-Image-2024-04-18-at-18.09.42.jpeg 334w\" sizes=\"auto, (max-width: 300px) 100vw, 300px\" \/><\/a> <a href=\"https:\/\/regiaonews.net.br\/2022\/wp-content\/uploads\/2024\/04\/WhatsApp-Image-2024-04-18-at-18.09.42-1.jpeg\"><img loading=\"lazy\" decoding=\"async\" class=\"alignnone size-medium wp-image-103886\" src=\"https:\/\/regiaonews.net.br\/2022\/wp-content\/uploads\/2024\/04\/WhatsApp-Image-2024-04-18-at-18.09.42-1-300x239.jpeg\" alt=\"\" width=\"300\" height=\"239\" srcset=\"https:\/\/regiaonews.net.br\/2022\/wp-content\/uploads\/2024\/04\/WhatsApp-Image-2024-04-18-at-18.09.42-1-300x239.jpeg 300w, https:\/\/regiaonews.net.br\/2022\/wp-content\/uploads\/2024\/04\/WhatsApp-Image-2024-04-18-at-18.09.42-1-250x199.jpeg 250w, https:\/\/regiaonews.net.br\/2022\/wp-content\/uploads\/2024\/04\/WhatsApp-Image-2024-04-18-at-18.09.42-1.jpeg 337w\" sizes=\"auto, (max-width: 300px) 100vw, 300px\" \/><\/a><\/p>\n<p>A cidade de Barretos esteve representada em mais uma etapa do Circuito Estadual de V\u00f4lei de Praia da APV, realizado no \u00faltimo domingo dia 14, na cidade Santa Rita de Passo Quatro. Na competi\u00e7\u00e3o, duas duplas de Barretos, representando a Secretaria de Esportes, ficaram entre os primeiros colocados na categoria Sub-15. No masculino a dupla composta por Daniel e<br \/>\nKau\u00e3, ficando atr\u00e1s de Rio Claro e Leme e no feminino a dupla Maria Eduarda Bono e Thais Alejo ficaram em terceiro lugar, atr\u00e1s das cidades de Santa Rosa do Viterbo e Leme.<br \/>\nO coordenador do Projeto V\u00f4lei de Praia Barretos, Max, afirmou que os alunos conseguiram resultados muito significativos, pois tanto no masculino como no feminino, estiveram pr\u00f3ximos de conseguirem o segundo lugar<\/p>\n","protected":false},"excerpt":{"rendered":"<p>A cidade de Barretos esteve representada em mais uma etapa<\/p>\n","protected":false},"author":2,"featured_media":103885,"comment_status":"open","ping_status":"open","sticky":false,"template":"","format":"standard","meta":{"footnotes":""},"categories":[14,21],"tags":[],"class_list":["post-103884","post","type-post","status-publish","format-standard","has-post-thumbnail","hentry","category-barretos","category-esporte"],"yoast_head":"<!-- This site is optimized with the Yoast SEO plugin v27.4 - https:\/\/yoast.com\/product\/yoast-seo-wordpress\/ -->\n<title>Barretenses garantem 3\u00ba lugar no masculino e feminino no Circuito de V\u00f4lei de Praia - Regi\u00e3o News<\/title>\n<meta name=\"robots\" content=\"index, follow, max-snippet:-1, max-image-preview:large, max-video-preview:-1\" \/>\n<link rel=\"canonical\" href=\"https:\/\/regiaonews.net.br\/2022\/2024\/04\/18\/barretenses-garante-3o-lugar-no-masculino-e-feminino-no-circuito-de-volei-de-praia\/\" \/>\n<meta property=\"og:locale\" content=\"pt_BR\" \/>\n<meta property=\"og:type\" content=\"article\" \/>\n<meta property=\"og:title\" content=\"Barretenses garantem 3\u00ba lugar no masculino e feminino no Circuito de V\u00f4lei de Praia - Regi\u00e3o News\" \/>\n<meta property=\"og:description\" content=\"A cidade de Barretos esteve representada em mais uma etapa\" \/>\n<meta property=\"og:url\" content=\"https:\/\/regiaonews.net.br\/2022\/2024\/04\/18\/barretenses-garante-3o-lugar-no-masculino-e-feminino-no-circuito-de-volei-de-praia\/\" \/>\n<meta property=\"og:site_name\" content=\"Regi\u00e3o News\" \/>\n<meta property=\"article:published_time\" content=\"2024-04-18T21:59:37+00:00\" \/>\n<meta property=\"article:modified_time\" content=\"2024-04-19T12:22:44+00:00\" \/>\n<meta property=\"og:image\" content=\"https:\/\/regiaonews.net.br\/2022\/wp-content\/uploads\/2024\/04\/WhatsApp-Image-2024-04-18-at-18.09.42.jpeg\" \/>\n\t<meta property=\"og:image:width\" content=\"334\" \/>\n\t<meta property=\"og:image:height\" content=\"261\" \/>\n\t<meta property=\"og:image:type\" content=\"image\/jpeg\" \/>\n<meta name=\"author\" content=\"Roberto\" \/>\n<meta name=\"twitter:card\" content=\"summary_large_image\" \/>\n<meta name=\"twitter:label1\" content=\"Escrito por\" \/>\n\t<meta name=\"twitter:data1\" content=\"Roberto\" \/>\n\t<meta name=\"twitter:label2\" content=\"Est. tempo de leitura\" \/>\n\t<meta name=\"twitter:data2\" content=\"2 minutos\" \/>\n<script type=\"application\/ld+json\" class=\"yoast-schema-graph\">{\"@context\":\"https:\\\/\\\/schema.org\",\"@graph\":[{\"@type\":\"Article\",\"@id\":\"https:\\\/\\\/regiaonews.net.br\\\/2022\\\/2024\\\/04\\\/18\\\/barretenses-garante-3o-lugar-no-masculino-e-feminino-no-circuito-de-volei-de-praia\\\/#article\",\"isPartOf\":{\"@id\":\"https:\\\/\\\/regiaonews.net.br\\\/2022\\\/2024\\\/04\\\/18\\\/barretenses-garante-3o-lugar-no-masculino-e-feminino-no-circuito-de-volei-de-praia\\\/\"},\"author\":{\"name\":\"Roberto\",\"@id\":\"https:\\\/\\\/regiaonews.net.br\\\/2022\\\/#\\\/schema\\\/person\\\/2d205a608a5aa97ac279d7a5e6d89ad8\"},\"headline\":\"Barretenses garantem 3\u00ba lugar no masculino e feminino no Circuito de V\u00f4lei de Praia\",\"datePublished\":\"2024-04-18T21:59:37+00:00\",\"dateModified\":\"2024-04-19T12:22:44+00:00\",\"mainEntityOfPage\":{\"@id\":\"https:\\\/\\\/regiaonews.net.br\\\/2022\\\/2024\\\/04\\\/18\\\/barretenses-garante-3o-lugar-no-masculino-e-feminino-no-circuito-de-volei-de-praia\\\/\"},\"wordCount\":142,\"commentCount\":0,\"publisher\":{\"@id\":\"https:\\\/\\\/regiaonews.net.br\\\/2022\\\/#organization\"},\"image\":{\"@id\":\"https:\\\/\\\/regiaonews.net.br\\\/2022\\\/2024\\\/04\\\/18\\\/barretenses-garante-3o-lugar-no-masculino-e-feminino-no-circuito-de-volei-de-praia\\\/#primaryimage\"},\"thumbnailUrl\":\"https:\\\/\\\/regiaonews.net.br\\\/2022\\\/wp-content\\\/uploads\\\/2024\\\/04\\\/WhatsApp-Image-2024-04-18-at-18.09.42.jpeg\",\"articleSection\":[\"Barretos\",\"Esporte\"],\"inLanguage\":\"pt-BR\",\"potentialAction\":[{\"@type\":\"CommentAction\",\"name\":\"Comment\",\"target\":[\"https:\\\/\\\/regiaonews.net.br\\\/2022\\\/2024\\\/04\\\/18\\\/barretenses-garante-3o-lugar-no-masculino-e-feminino-no-circuito-de-volei-de-praia\\\/#respond\"]}]},{\"@type\":\"WebPage\",\"@id\":\"https:\\\/\\\/regiaonews.net.br\\\/2022\\\/2024\\\/04\\\/18\\\/barretenses-garante-3o-lugar-no-masculino-e-feminino-no-circuito-de-volei-de-praia\\\/\",\"url\":\"https:\\\/\\\/regiaonews.net.br\\\/2022\\\/2024\\\/04\\\/18\\\/barretenses-garante-3o-lugar-no-masculino-e-feminino-no-circuito-de-volei-de-praia\\\/\",\"name\":\"Barretenses garantem 3\u00ba lugar no masculino e feminino no Circuito de V\u00f4lei de Praia - Regi\u00e3o News\",\"isPartOf\":{\"@id\":\"https:\\\/\\\/regiaonews.net.br\\\/2022\\\/#website\"},\"primaryImageOfPage\":{\"@id\":\"https:\\\/\\\/regiaonews.net.br\\\/2022\\\/2024\\\/04\\\/18\\\/barretenses-garante-3o-lugar-no-masculino-e-feminino-no-circuito-de-volei-de-praia\\\/#primaryimage\"},\"image\":{\"@id\":\"https:\\\/\\\/regiaonews.net.br\\\/2022\\\/2024\\\/04\\\/18\\\/barretenses-garante-3o-lugar-no-masculino-e-feminino-no-circuito-de-volei-de-praia\\\/#primaryimage\"},\"thumbnailUrl\":\"https:\\\/\\\/regiaonews.net.br\\\/2022\\\/wp-content\\\/uploads\\\/2024\\\/04\\\/WhatsApp-Image-2024-04-18-at-18.09.42.jpeg\",\"datePublished\":\"2024-04-18T21:59:37+00:00\",\"dateModified\":\"2024-04-19T12:22:44+00:00\",\"breadcrumb\":{\"@id\":\"https:\\\/\\\/regiaonews.net.br\\\/2022\\\/2024\\\/04\\\/18\\\/barretenses-garante-3o-lugar-no-masculino-e-feminino-no-circuito-de-volei-de-praia\\\/#breadcrumb\"},\"inLanguage\":\"pt-BR\",\"potentialAction\":[{\"@type\":\"ReadAction\",\"target\":[\"https:\\\/\\\/regiaonews.net.br\\\/2022\\\/2024\\\/04\\\/18\\\/barretenses-garante-3o-lugar-no-masculino-e-feminino-no-circuito-de-volei-de-praia\\\/\"]}]},{\"@type\":\"ImageObject\",\"inLanguage\":\"pt-BR\",\"@id\":\"https:\\\/\\\/regiaonews.net.br\\\/2022\\\/2024\\\/04\\\/18\\\/barretenses-garante-3o-lugar-no-masculino-e-feminino-no-circuito-de-volei-de-praia\\\/#primaryimage\",\"url\":\"https:\\\/\\\/regiaonews.net.br\\\/2022\\\/wp-content\\\/uploads\\\/2024\\\/04\\\/WhatsApp-Image-2024-04-18-at-18.09.42.jpeg\",\"contentUrl\":\"https:\\\/\\\/regiaonews.net.br\\\/2022\\\/wp-content\\\/uploads\\\/2024\\\/04\\\/WhatsApp-Image-2024-04-18-at-18.09.42.jpeg\",\"width\":334,\"height\":261},{\"@type\":\"BreadcrumbList\",\"@id\":\"https:\\\/\\\/regiaonews.net.br\\\/2022\\\/2024\\\/04\\\/18\\\/barretenses-garante-3o-lugar-no-masculino-e-feminino-no-circuito-de-volei-de-praia\\\/#breadcrumb\",\"itemListElement\":[{\"@type\":\"ListItem\",\"position\":1,\"name\":\"In\u00edcio\",\"item\":\"https:\\\/\\\/regiaonews.net.br\\\/2022\\\/\"},{\"@type\":\"ListItem\",\"position\":2,\"name\":\"Barretenses garantem 3\u00ba lugar no masculino e feminino no Circuito de V\u00f4lei de Praia\"}]},{\"@type\":\"WebSite\",\"@id\":\"https:\\\/\\\/regiaonews.net.br\\\/2022\\\/#website\",\"url\":\"https:\\\/\\\/regiaonews.net.br\\\/2022\\\/\",\"name\":\"Regi\u00e3o News\",\"description\":\"Site de Not\u00edcias de Barretos e regi\u00e3o\",\"publisher\":{\"@id\":\"https:\\\/\\\/regiaonews.net.br\\\/2022\\\/#organization\"},\"potentialAction\":[{\"@type\":\"SearchAction\",\"target\":{\"@type\":\"EntryPoint\",\"urlTemplate\":\"https:\\\/\\\/regiaonews.net.br\\\/2022\\\/?s={search_term_string}\"},\"query-input\":{\"@type\":\"PropertyValueSpecification\",\"valueRequired\":true,\"valueName\":\"search_term_string\"}}],\"inLanguage\":\"pt-BR\"},{\"@type\":\"Organization\",\"@id\":\"https:\\\/\\\/regiaonews.net.br\\\/2022\\\/#organization\",\"name\":\"Regi\u00e3o News\",\"url\":\"https:\\\/\\\/regiaonews.net.br\\\/2022\\\/\",\"logo\":{\"@type\":\"ImageObject\",\"inLanguage\":\"pt-BR\",\"@id\":\"https:\\\/\\\/regiaonews.net.br\\\/2022\\\/#\\\/schema\\\/logo\\\/image\\\/\",\"url\":\"https:\\\/\\\/regiaonews.net.br\\\/2022\\\/wp-content\\\/uploads\\\/2026\\\/03\\\/regiao-13-anos-scaled.jpg\",\"contentUrl\":\"https:\\\/\\\/regiaonews.net.br\\\/2022\\\/wp-content\\\/uploads\\\/2026\\\/03\\\/regiao-13-anos-scaled.jpg\",\"width\":2560,\"height\":635,\"caption\":\"Regi\u00e3o News\"},\"image\":{\"@id\":\"https:\\\/\\\/regiaonews.net.br\\\/2022\\\/#\\\/schema\\\/logo\\\/image\\\/\"}},{\"@type\":\"Person\",\"@id\":\"https:\\\/\\\/regiaonews.net.br\\\/2022\\\/#\\\/schema\\\/person\\\/2d205a608a5aa97ac279d7a5e6d89ad8\",\"name\":\"Roberto\",\"image\":{\"@type\":\"ImageObject\",\"inLanguage\":\"pt-BR\",\"@id\":\"https:\\\/\\\/secure.gravatar.com\\\/avatar\\\/42749d8b712ff9d59ca93dc150494e5b55a44134482993f5baeb97e61b7ecc89?s=96&d=mm&r=g\",\"url\":\"https:\\\/\\\/secure.gravatar.com\\\/avatar\\\/42749d8b712ff9d59ca93dc150494e5b55a44134482993f5baeb97e61b7ecc89?s=96&d=mm&r=g\",\"contentUrl\":\"https:\\\/\\\/secure.gravatar.com\\\/avatar\\\/42749d8b712ff9d59ca93dc150494e5b55a44134482993f5baeb97e61b7ecc89?s=96&d=mm&r=g\",\"caption\":\"Roberto\"},\"url\":\"https:\\\/\\\/regiaonews.net.br\\\/2022\\\/author\\\/roberto\\\/\"}]}<\/script>\n<!-- \/ Yoast SEO plugin. -->","yoast_head_json":{"title":"Barretenses garantem 3\u00ba lugar no masculino e feminino no Circuito de V\u00f4lei de Praia - Regi\u00e3o News","robots":{"index":"index","follow":"follow","max-snippet":"max-snippet:-1","max-image-preview":"max-image-preview:large","max-video-preview":"max-video-preview:-1"},"canonical":"https:\/\/regiaonews.net.br\/2022\/2024\/04\/18\/barretenses-garante-3o-lugar-no-masculino-e-feminino-no-circuito-de-volei-de-praia\/","og_locale":"pt_BR","og_type":"article","og_title":"Barretenses garantem 3\u00ba lugar no masculino e feminino no Circuito de V\u00f4lei de Praia - Regi\u00e3o News","og_description":"A cidade de Barretos esteve representada em mais uma etapa","og_url":"https:\/\/regiaonews.net.br\/2022\/2024\/04\/18\/barretenses-garante-3o-lugar-no-masculino-e-feminino-no-circuito-de-volei-de-praia\/","og_site_name":"Regi\u00e3o News","article_published_time":"2024-04-18T21:59:37+00:00","article_modified_time":"2024-04-19T12:22:44+00:00","og_image":[{"width":334,"height":261,"url":"https:\/\/regiaonews.net.br\/2022\/wp-content\/uploads\/2024\/04\/WhatsApp-Image-2024-04-18-at-18.09.42.jpeg","type":"image\/jpeg"}],"author":"Roberto","twitter_card":"summary_large_image","twitter_misc":{"Escrito por":"Roberto","Est. tempo de leitura":"2 minutos"},"schema":{"@context":"https:\/\/schema.org","@graph":[{"@type":"Article","@id":"https:\/\/regiaonews.net.br\/2022\/2024\/04\/18\/barretenses-garante-3o-lugar-no-masculino-e-feminino-no-circuito-de-volei-de-praia\/#article","isPartOf":{"@id":"https:\/\/regiaonews.net.br\/2022\/2024\/04\/18\/barretenses-garante-3o-lugar-no-masculino-e-feminino-no-circuito-de-volei-de-praia\/"},"author":{"name":"Roberto","@id":"https:\/\/regiaonews.net.br\/2022\/#\/schema\/person\/2d205a608a5aa97ac279d7a5e6d89ad8"},"headline":"Barretenses garantem 3\u00ba lugar no masculino e feminino no Circuito de V\u00f4lei de Praia","datePublished":"2024-04-18T21:59:37+00:00","dateModified":"2024-04-19T12:22:44+00:00","mainEntityOfPage":{"@id":"https:\/\/regiaonews.net.br\/2022\/2024\/04\/18\/barretenses-garante-3o-lugar-no-masculino-e-feminino-no-circuito-de-volei-de-praia\/"},"wordCount":142,"commentCount":0,"publisher":{"@id":"https:\/\/regiaonews.net.br\/2022\/#organization"},"image":{"@id":"https:\/\/regiaonews.net.br\/2022\/2024\/04\/18\/barretenses-garante-3o-lugar-no-masculino-e-feminino-no-circuito-de-volei-de-praia\/#primaryimage"},"thumbnailUrl":"https:\/\/regiaonews.net.br\/2022\/wp-content\/uploads\/2024\/04\/WhatsApp-Image-2024-04-18-at-18.09.42.jpeg","articleSection":["Barretos","Esporte"],"inLanguage":"pt-BR","potentialAction":[{"@type":"CommentAction","name":"Comment","target":["https:\/\/regiaonews.net.br\/2022\/2024\/04\/18\/barretenses-garante-3o-lugar-no-masculino-e-feminino-no-circuito-de-volei-de-praia\/#respond"]}]},{"@type":"WebPage","@id":"https:\/\/regiaonews.net.br\/2022\/2024\/04\/18\/barretenses-garante-3o-lugar-no-masculino-e-feminino-no-circuito-de-volei-de-praia\/","url":"https:\/\/regiaonews.net.br\/2022\/2024\/04\/18\/barretenses-garante-3o-lugar-no-masculino-e-feminino-no-circuito-de-volei-de-praia\/","name":"Barretenses garantem 3\u00ba lugar no masculino e feminino no Circuito de V\u00f4lei de Praia - Regi\u00e3o News","isPartOf":{"@id":"https:\/\/regiaonews.net.br\/2022\/#website"},"primaryImageOfPage":{"@id":"https:\/\/regiaonews.net.br\/2022\/2024\/04\/18\/barretenses-garante-3o-lugar-no-masculino-e-feminino-no-circuito-de-volei-de-praia\/#primaryimage"},"image":{"@id":"https:\/\/regiaonews.net.br\/2022\/2024\/04\/18\/barretenses-garante-3o-lugar-no-masculino-e-feminino-no-circuito-de-volei-de-praia\/#primaryimage"},"thumbnailUrl":"https:\/\/regiaonews.net.br\/2022\/wp-content\/uploads\/2024\/04\/WhatsApp-Image-2024-04-18-at-18.09.42.jpeg","datePublished":"2024-04-18T21:59:37+00:00","dateModified":"2024-04-19T12:22:44+00:00","breadcrumb":{"@id":"https:\/\/regiaonews.net.br\/2022\/2024\/04\/18\/barretenses-garante-3o-lugar-no-masculino-e-feminino-no-circuito-de-volei-de-praia\/#breadcrumb"},"inLanguage":"pt-BR","potentialAction":[{"@type":"ReadAction","target":["https:\/\/regiaonews.net.br\/2022\/2024\/04\/18\/barretenses-garante-3o-lugar-no-masculino-e-feminino-no-circuito-de-volei-de-praia\/"]}]},{"@type":"ImageObject","inLanguage":"pt-BR","@id":"https:\/\/regiaonews.net.br\/2022\/2024\/04\/18\/barretenses-garante-3o-lugar-no-masculino-e-feminino-no-circuito-de-volei-de-praia\/#primaryimage","url":"https:\/\/regiaonews.net.br\/2022\/wp-content\/uploads\/2024\/04\/WhatsApp-Image-2024-04-18-at-18.09.42.jpeg","contentUrl":"https:\/\/regiaonews.net.br\/2022\/wp-content\/uploads\/2024\/04\/WhatsApp-Image-2024-04-18-at-18.09.42.jpeg","width":334,"height":261},{"@type":"BreadcrumbList","@id":"https:\/\/regiaonews.net.br\/2022\/2024\/04\/18\/barretenses-garante-3o-lugar-no-masculino-e-feminino-no-circuito-de-volei-de-praia\/#breadcrumb","itemListElement":[{"@type":"ListItem","position":1,"name":"In\u00edcio","item":"https:\/\/regiaonews.net.br\/2022\/"},{"@type":"ListItem","position":2,"name":"Barretenses garantem 3\u00ba lugar no masculino e feminino no Circuito de V\u00f4lei de Praia"}]},{"@type":"WebSite","@id":"https:\/\/regiaonews.net.br\/2022\/#website","url":"https:\/\/regiaonews.net.br\/2022\/","name":"Regi\u00e3o News","description":"Site de Not\u00edcias de Barretos e regi\u00e3o","publisher":{"@id":"https:\/\/regiaonews.net.br\/2022\/#organization"},"potentialAction":[{"@type":"SearchAction","target":{"@type":"EntryPoint","urlTemplate":"https:\/\/regiaonews.net.br\/2022\/?s={search_term_string}"},"query-input":{"@type":"PropertyValueSpecification","valueRequired":true,"valueName":"search_term_string"}}],"inLanguage":"pt-BR"},{"@type":"Organization","@id":"https:\/\/regiaonews.net.br\/2022\/#organization","name":"Regi\u00e3o News","url":"https:\/\/regiaonews.net.br\/2022\/","logo":{"@type":"ImageObject","inLanguage":"pt-BR","@id":"https:\/\/regiaonews.net.br\/2022\/#\/schema\/logo\/image\/","url":"https:\/\/regiaonews.net.br\/2022\/wp-content\/uploads\/2026\/03\/regiao-13-anos-scaled.jpg","contentUrl":"https:\/\/regiaonews.net.br\/2022\/wp-content\/uploads\/2026\/03\/regiao-13-anos-scaled.jpg","width":2560,"height":635,"caption":"Regi\u00e3o News"},"image":{"@id":"https:\/\/regiaonews.net.br\/2022\/#\/schema\/logo\/image\/"}},{"@type":"Person","@id":"https:\/\/regiaonews.net.br\/2022\/#\/schema\/person\/2d205a608a5aa97ac279d7a5e6d89ad8","name":"Roberto","image":{"@type":"ImageObject","inLanguage":"pt-BR","@id":"https:\/\/secure.gravatar.com\/avatar\/42749d8b712ff9d59ca93dc150494e5b55a44134482993f5baeb97e61b7ecc89?s=96&d=mm&r=g","url":"https:\/\/secure.gravatar.com\/avatar\/42749d8b712ff9d59ca93dc150494e5b55a44134482993f5baeb97e61b7ecc89?s=96&d=mm&r=g","contentUrl":"https:\/\/secure.gravatar.com\/avatar\/42749d8b712ff9d59ca93dc150494e5b55a44134482993f5baeb97e61b7ecc89?s=96&d=mm&r=g","caption":"Roberto"},"url":"https:\/\/regiaonews.net.br\/2022\/author\/roberto\/"}]}},"publishpress_future_action":{"enabled":false,"date":"2026-05-03 06:20:28","action":"change-status","newStatus":"draft","terms":[],"taxonomy":"category","extraData":[]},"publishpress_future_workflow_manual_trigger":{"enabledWorkflows":[]},"_links":{"self":[{"href":"https:\/\/regiaonews.net.br\/2022\/wp-json\/wp\/v2\/posts\/103884","targetHints":{"allow":["GET"]}}],"collection":[{"href":"https:\/\/regiaonews.net.br\/2022\/wp-json\/wp\/v2\/posts"}],"about":[{"href":"https:\/\/regiaonews.net.br\/2022\/wp-json\/wp\/v2\/types\/post"}],"author":[{"embeddable":true,"href":"https:\/\/regiaonews.net.br\/2022\/wp-json\/wp\/v2\/users\/2"}],"replies":[{"embeddable":true,"href":"https:\/\/regiaonews.net.br\/2022\/wp-json\/wp\/v2\/comments?post=103884"}],"version-history":[{"count":2,"href":"https:\/\/regiaonews.net.br\/2022\/wp-json\/wp\/v2\/posts\/103884\/revisions"}],"predecessor-version":[{"id":103903,"href":"https:\/\/regiaonews.net.br\/2022\/wp-json\/wp\/v2\/posts\/103884\/revisions\/103903"}],"wp:featuredmedia":[{"embeddable":true,"href":"https:\/\/regiaonews.net.br\/2022\/wp-json\/wp\/v2\/media\/103885"}],"wp:attachment":[{"href":"https:\/\/regiaonews.net.br\/2022\/wp-json\/wp\/v2\/media?parent=103884"}],"wp:term":[{"taxonomy":"category","embeddable":true,"href":"https:\/\/regiaonews.net.br\/2022\/wp-json\/wp\/v2\/categories?post=103884"},{"taxonomy":"post_tag","embeddable":true,"href":"https:\/\/regiaonews.net.br\/2022\/wp-json\/wp\/v2\/tags?post=103884"}],"curies":[{"name":"wp","href":"https:\/\/api.w.org\/{rel}","templated":true}]}}