{"id":103862,"date":"2024-04-18T11:22:21","date_gmt":"2024-04-18T14:22:21","guid":{"rendered":"https:\/\/regiaonews.net.br\/2022\/?p=103862"},"modified":"2024-04-18T11:22:21","modified_gmt":"2024-04-18T14:22:21","slug":"foragido-da-quadrilha-novo-cangaco-e-preso-pelo-deic-em-sp","status":"publish","type":"post","link":"https:\/\/regiaonews.net.br\/2022\/2024\/04\/18\/foragido-da-quadrilha-novo-cangaco-e-preso-pelo-deic-em-sp\/","title":{"rendered":"Foragido da quadrilha \u2018novo canga\u00e7o\u2019 \u00e9 preso pelo Deic em SP"},"content":{"rendered":"<div class=\"col-lg-12 mt-2\">\n<h3 style=\"text-align: center;\">Suspeito era procurado no Paran\u00e1 desde 2022 por ataque \u00e0 ag\u00eancia banc\u00e1ria<\/h3>\n<div>A Pol\u00edcia Civil prendeu um foragido da Justi\u00e7a investigado por integrar uma quadrilha de ataques a bancos, conhecida como \u201cnovo canga\u00e7o\u201d. A deten\u00e7\u00e3o do criminoso, foragido desde 2022, aconteceu em um condom\u00ednio no bairro Cap\u00e3o Redondo, na zona sul de S\u00e3o Paulo, na quarta-feira (17).<\/div>\n<div><\/div>\n<div>Os policiais da 1\u00aa Delegacia de Patrim\u00f4nio (investiga\u00e7\u00f5es sobre roubo e latroc\u00ednio), do Departamento Estadual de Investiga\u00e7\u00f5es Criminais (Deic), receberam a informa\u00e7\u00e3o de que o criminoso estava escondido em uma casa da zona sul da capital paulista.<\/div>\n<div><\/div>\n<div>Ao chegar na casa, os investigadores encontraram o fugitivo, que, ao perceber a a\u00e7\u00e3o da pol\u00edcia, tentou se livrar de por\u00e7\u00f5es de drogas que guardava no local. Ele foi preso e encaminhado \u00e0 sede do Deic.<\/div>\n<div><\/div>\n<div>De acordo com as informa\u00e7\u00f5es, o criminoso era procurado por crimes do \u201cnovo canga\u00e7o\u201d. Em 2022, a quadrilha que ele integrava atacou uma ag\u00eancia banc\u00e1ria em Guarapuava, no Paran\u00e1. Na a\u00e7\u00e3o, os bandidos mataram um policial militar e deixaram outros dois feridos.<\/div>\n<div><\/div>\n<div>O secret\u00e1rio da Seguran\u00e7a P\u00fablica do Paran\u00e1, Hudson Teixeira, destacou que, desde o crime, as Pol\u00edcias Civil dos dois estados est\u00e3o trabalhando conjuntamente no monitoramento dessas quadrilhas que agem nas regi\u00f5es de divisa.<\/div>\n<\/div>\n<div class=\"col-lg-12\"><\/div>\n","protected":false},"excerpt":{"rendered":"<p>Suspeito era procurado no Paran\u00e1 desde 2022 por ataque \u00e0<\/p>\n","protected":false},"author":2,"featured_media":103863,"comment_status":"open","ping_status":"open","sticky":false,"template":"","format":"standard","meta":{"footnotes":""},"categories":[7,23],"tags":[],"class_list":["post-103862","post","type-post","status-publish","format-standard","has-post-thumbnail","hentry","category-estado-de-sao-paulo","category-policia"],"yoast_head":"<!-- This site is optimized with the Yoast SEO plugin v27.4 - https:\/\/yoast.com\/product\/yoast-seo-wordpress\/ -->\n<title>Foragido da quadrilha \u2018novo canga\u00e7o\u2019 \u00e9 preso pelo Deic em SP - Regi\u00e3o News<\/title>\n<meta name=\"robots\" content=\"index, follow, max-snippet:-1, max-image-preview:large, max-video-preview:-1\" \/>\n<link rel=\"canonical\" href=\"https:\/\/regiaonews.net.br\/2022\/2024\/04\/18\/foragido-da-quadrilha-novo-cangaco-e-preso-pelo-deic-em-sp\/\" \/>\n<meta property=\"og:locale\" content=\"pt_BR\" \/>\n<meta property=\"og:type\" content=\"article\" \/>\n<meta property=\"og:title\" content=\"Foragido da quadrilha \u2018novo canga\u00e7o\u2019 \u00e9 preso pelo Deic em SP - Regi\u00e3o News\" \/>\n<meta property=\"og:description\" content=\"Suspeito era procurado no Paran\u00e1 desde 2022 por ataque \u00e0\" \/>\n<meta property=\"og:url\" content=\"https:\/\/regiaonews.net.br\/2022\/2024\/04\/18\/foragido-da-quadrilha-novo-cangaco-e-preso-pelo-deic-em-sp\/\" \/>\n<meta property=\"og:site_name\" content=\"Regi\u00e3o News\" \/>\n<meta property=\"article:published_time\" content=\"2024-04-18T14:22:21+00:00\" \/>\n<meta property=\"og:image\" content=\"https:\/\/regiaonews.net.br\/2022\/wp-content\/uploads\/2024\/04\/00054130.jpeg\" \/>\n\t<meta property=\"og:image:width\" content=\"1600\" \/>\n\t<meta property=\"og:image:height\" content=\"904\" \/>\n\t<meta property=\"og:image:type\" content=\"image\/jpeg\" \/>\n<meta name=\"author\" content=\"Roberto\" \/>\n<meta name=\"twitter:card\" content=\"summary_large_image\" \/>\n<meta name=\"twitter:label1\" content=\"Escrito por\" \/>\n\t<meta name=\"twitter:data1\" content=\"Roberto\" \/>\n\t<meta name=\"twitter:label2\" content=\"Est. tempo de leitura\" \/>\n\t<meta name=\"twitter:data2\" content=\"2 minutos\" \/>\n<script type=\"application\/ld+json\" class=\"yoast-schema-graph\">{\"@context\":\"https:\\\/\\\/schema.org\",\"@graph\":[{\"@type\":\"Article\",\"@id\":\"https:\\\/\\\/regiaonews.net.br\\\/2022\\\/2024\\\/04\\\/18\\\/foragido-da-quadrilha-novo-cangaco-e-preso-pelo-deic-em-sp\\\/#article\",\"isPartOf\":{\"@id\":\"https:\\\/\\\/regiaonews.net.br\\\/2022\\\/2024\\\/04\\\/18\\\/foragido-da-quadrilha-novo-cangaco-e-preso-pelo-deic-em-sp\\\/\"},\"author\":{\"name\":\"Roberto\",\"@id\":\"https:\\\/\\\/regiaonews.net.br\\\/2022\\\/#\\\/schema\\\/person\\\/2d205a608a5aa97ac279d7a5e6d89ad8\"},\"headline\":\"Foragido da quadrilha \u2018novo canga\u00e7o\u2019 \u00e9 preso pelo Deic em SP\",\"datePublished\":\"2024-04-18T14:22:21+00:00\",\"mainEntityOfPage\":{\"@id\":\"https:\\\/\\\/regiaonews.net.br\\\/2022\\\/2024\\\/04\\\/18\\\/foragido-da-quadrilha-novo-cangaco-e-preso-pelo-deic-em-sp\\\/\"},\"wordCount\":237,\"commentCount\":0,\"publisher\":{\"@id\":\"https:\\\/\\\/regiaonews.net.br\\\/2022\\\/#organization\"},\"image\":{\"@id\":\"https:\\\/\\\/regiaonews.net.br\\\/2022\\\/2024\\\/04\\\/18\\\/foragido-da-quadrilha-novo-cangaco-e-preso-pelo-deic-em-sp\\\/#primaryimage\"},\"thumbnailUrl\":\"https:\\\/\\\/regiaonews.net.br\\\/2022\\\/wp-content\\\/uploads\\\/2024\\\/04\\\/00054130.jpeg\",\"articleSection\":[\"Estado de S\u00e3o Paulo\",\"Policia\"],\"inLanguage\":\"pt-BR\",\"potentialAction\":[{\"@type\":\"CommentAction\",\"name\":\"Comment\",\"target\":[\"https:\\\/\\\/regiaonews.net.br\\\/2022\\\/2024\\\/04\\\/18\\\/foragido-da-quadrilha-novo-cangaco-e-preso-pelo-deic-em-sp\\\/#respond\"]}]},{\"@type\":\"WebPage\",\"@id\":\"https:\\\/\\\/regiaonews.net.br\\\/2022\\\/2024\\\/04\\\/18\\\/foragido-da-quadrilha-novo-cangaco-e-preso-pelo-deic-em-sp\\\/\",\"url\":\"https:\\\/\\\/regiaonews.net.br\\\/2022\\\/2024\\\/04\\\/18\\\/foragido-da-quadrilha-novo-cangaco-e-preso-pelo-deic-em-sp\\\/\",\"name\":\"Foragido da quadrilha \u2018novo canga\u00e7o\u2019 \u00e9 preso pelo Deic em SP - Regi\u00e3o News\",\"isPartOf\":{\"@id\":\"https:\\\/\\\/regiaonews.net.br\\\/2022\\\/#website\"},\"primaryImageOfPage\":{\"@id\":\"https:\\\/\\\/regiaonews.net.br\\\/2022\\\/2024\\\/04\\\/18\\\/foragido-da-quadrilha-novo-cangaco-e-preso-pelo-deic-em-sp\\\/#primaryimage\"},\"image\":{\"@id\":\"https:\\\/\\\/regiaonews.net.br\\\/2022\\\/2024\\\/04\\\/18\\\/foragido-da-quadrilha-novo-cangaco-e-preso-pelo-deic-em-sp\\\/#primaryimage\"},\"thumbnailUrl\":\"https:\\\/\\\/regiaonews.net.br\\\/2022\\\/wp-content\\\/uploads\\\/2024\\\/04\\\/00054130.jpeg\",\"datePublished\":\"2024-04-18T14:22:21+00:00\",\"breadcrumb\":{\"@id\":\"https:\\\/\\\/regiaonews.net.br\\\/2022\\\/2024\\\/04\\\/18\\\/foragido-da-quadrilha-novo-cangaco-e-preso-pelo-deic-em-sp\\\/#breadcrumb\"},\"inLanguage\":\"pt-BR\",\"potentialAction\":[{\"@type\":\"ReadAction\",\"target\":[\"https:\\\/\\\/regiaonews.net.br\\\/2022\\\/2024\\\/04\\\/18\\\/foragido-da-quadrilha-novo-cangaco-e-preso-pelo-deic-em-sp\\\/\"]}]},{\"@type\":\"ImageObject\",\"inLanguage\":\"pt-BR\",\"@id\":\"https:\\\/\\\/regiaonews.net.br\\\/2022\\\/2024\\\/04\\\/18\\\/foragido-da-quadrilha-novo-cangaco-e-preso-pelo-deic-em-sp\\\/#primaryimage\",\"url\":\"https:\\\/\\\/regiaonews.net.br\\\/2022\\\/wp-content\\\/uploads\\\/2024\\\/04\\\/00054130.jpeg\",\"contentUrl\":\"https:\\\/\\\/regiaonews.net.br\\\/2022\\\/wp-content\\\/uploads\\\/2024\\\/04\\\/00054130.jpeg\",\"width\":1600,\"height\":904},{\"@type\":\"BreadcrumbList\",\"@id\":\"https:\\\/\\\/regiaonews.net.br\\\/2022\\\/2024\\\/04\\\/18\\\/foragido-da-quadrilha-novo-cangaco-e-preso-pelo-deic-em-sp\\\/#breadcrumb\",\"itemListElement\":[{\"@type\":\"ListItem\",\"position\":1,\"name\":\"In\u00edcio\",\"item\":\"https:\\\/\\\/regiaonews.net.br\\\/2022\\\/\"},{\"@type\":\"ListItem\",\"position\":2,\"name\":\"Foragido da quadrilha \u2018novo canga\u00e7o\u2019 \u00e9 preso pelo Deic em SP\"}]},{\"@type\":\"WebSite\",\"@id\":\"https:\\\/\\\/regiaonews.net.br\\\/2022\\\/#website\",\"url\":\"https:\\\/\\\/regiaonews.net.br\\\/2022\\\/\",\"name\":\"Regi\u00e3o News\",\"description\":\"Site de Not\u00edcias de Barretos e regi\u00e3o\",\"publisher\":{\"@id\":\"https:\\\/\\\/regiaonews.net.br\\\/2022\\\/#organization\"},\"potentialAction\":[{\"@type\":\"SearchAction\",\"target\":{\"@type\":\"EntryPoint\",\"urlTemplate\":\"https:\\\/\\\/regiaonews.net.br\\\/2022\\\/?s={search_term_string}\"},\"query-input\":{\"@type\":\"PropertyValueSpecification\",\"valueRequired\":true,\"valueName\":\"search_term_string\"}}],\"inLanguage\":\"pt-BR\"},{\"@type\":\"Organization\",\"@id\":\"https:\\\/\\\/regiaonews.net.br\\\/2022\\\/#organization\",\"name\":\"Regi\u00e3o News\",\"url\":\"https:\\\/\\\/regiaonews.net.br\\\/2022\\\/\",\"logo\":{\"@type\":\"ImageObject\",\"inLanguage\":\"pt-BR\",\"@id\":\"https:\\\/\\\/regiaonews.net.br\\\/2022\\\/#\\\/schema\\\/logo\\\/image\\\/\",\"url\":\"https:\\\/\\\/regiaonews.net.br\\\/2022\\\/wp-content\\\/uploads\\\/2026\\\/03\\\/regiao-13-anos-scaled.jpg\",\"contentUrl\":\"https:\\\/\\\/regiaonews.net.br\\\/2022\\\/wp-content\\\/uploads\\\/2026\\\/03\\\/regiao-13-anos-scaled.jpg\",\"width\":2560,\"height\":635,\"caption\":\"Regi\u00e3o News\"},\"image\":{\"@id\":\"https:\\\/\\\/regiaonews.net.br\\\/2022\\\/#\\\/schema\\\/logo\\\/image\\\/\"}},{\"@type\":\"Person\",\"@id\":\"https:\\\/\\\/regiaonews.net.br\\\/2022\\\/#\\\/schema\\\/person\\\/2d205a608a5aa97ac279d7a5e6d89ad8\",\"name\":\"Roberto\",\"image\":{\"@type\":\"ImageObject\",\"inLanguage\":\"pt-BR\",\"@id\":\"https:\\\/\\\/secure.gravatar.com\\\/avatar\\\/42749d8b712ff9d59ca93dc150494e5b55a44134482993f5baeb97e61b7ecc89?s=96&d=mm&r=g\",\"url\":\"https:\\\/\\\/secure.gravatar.com\\\/avatar\\\/42749d8b712ff9d59ca93dc150494e5b55a44134482993f5baeb97e61b7ecc89?s=96&d=mm&r=g\",\"contentUrl\":\"https:\\\/\\\/secure.gravatar.com\\\/avatar\\\/42749d8b712ff9d59ca93dc150494e5b55a44134482993f5baeb97e61b7ecc89?s=96&d=mm&r=g\",\"caption\":\"Roberto\"},\"url\":\"https:\\\/\\\/regiaonews.net.br\\\/2022\\\/author\\\/roberto\\\/\"}]}<\/script>\n<!-- \/ Yoast SEO plugin. -->","yoast_head_json":{"title":"Foragido da quadrilha \u2018novo canga\u00e7o\u2019 \u00e9 preso pelo Deic em SP - Regi\u00e3o News","robots":{"index":"index","follow":"follow","max-snippet":"max-snippet:-1","max-image-preview":"max-image-preview:large","max-video-preview":"max-video-preview:-1"},"canonical":"https:\/\/regiaonews.net.br\/2022\/2024\/04\/18\/foragido-da-quadrilha-novo-cangaco-e-preso-pelo-deic-em-sp\/","og_locale":"pt_BR","og_type":"article","og_title":"Foragido da quadrilha \u2018novo canga\u00e7o\u2019 \u00e9 preso pelo Deic em SP - Regi\u00e3o News","og_description":"Suspeito era procurado no Paran\u00e1 desde 2022 por ataque \u00e0","og_url":"https:\/\/regiaonews.net.br\/2022\/2024\/04\/18\/foragido-da-quadrilha-novo-cangaco-e-preso-pelo-deic-em-sp\/","og_site_name":"Regi\u00e3o News","article_published_time":"2024-04-18T14:22:21+00:00","og_image":[{"width":1600,"height":904,"url":"https:\/\/regiaonews.net.br\/2022\/wp-content\/uploads\/2024\/04\/00054130.jpeg","type":"image\/jpeg"}],"author":"Roberto","twitter_card":"summary_large_image","twitter_misc":{"Escrito por":"Roberto","Est. tempo de leitura":"2 minutos"},"schema":{"@context":"https:\/\/schema.org","@graph":[{"@type":"Article","@id":"https:\/\/regiaonews.net.br\/2022\/2024\/04\/18\/foragido-da-quadrilha-novo-cangaco-e-preso-pelo-deic-em-sp\/#article","isPartOf":{"@id":"https:\/\/regiaonews.net.br\/2022\/2024\/04\/18\/foragido-da-quadrilha-novo-cangaco-e-preso-pelo-deic-em-sp\/"},"author":{"name":"Roberto","@id":"https:\/\/regiaonews.net.br\/2022\/#\/schema\/person\/2d205a608a5aa97ac279d7a5e6d89ad8"},"headline":"Foragido da quadrilha \u2018novo canga\u00e7o\u2019 \u00e9 preso pelo Deic em SP","datePublished":"2024-04-18T14:22:21+00:00","mainEntityOfPage":{"@id":"https:\/\/regiaonews.net.br\/2022\/2024\/04\/18\/foragido-da-quadrilha-novo-cangaco-e-preso-pelo-deic-em-sp\/"},"wordCount":237,"commentCount":0,"publisher":{"@id":"https:\/\/regiaonews.net.br\/2022\/#organization"},"image":{"@id":"https:\/\/regiaonews.net.br\/2022\/2024\/04\/18\/foragido-da-quadrilha-novo-cangaco-e-preso-pelo-deic-em-sp\/#primaryimage"},"thumbnailUrl":"https:\/\/regiaonews.net.br\/2022\/wp-content\/uploads\/2024\/04\/00054130.jpeg","articleSection":["Estado de S\u00e3o Paulo","Policia"],"inLanguage":"pt-BR","potentialAction":[{"@type":"CommentAction","name":"Comment","target":["https:\/\/regiaonews.net.br\/2022\/2024\/04\/18\/foragido-da-quadrilha-novo-cangaco-e-preso-pelo-deic-em-sp\/#respond"]}]},{"@type":"WebPage","@id":"https:\/\/regiaonews.net.br\/2022\/2024\/04\/18\/foragido-da-quadrilha-novo-cangaco-e-preso-pelo-deic-em-sp\/","url":"https:\/\/regiaonews.net.br\/2022\/2024\/04\/18\/foragido-da-quadrilha-novo-cangaco-e-preso-pelo-deic-em-sp\/","name":"Foragido da quadrilha \u2018novo canga\u00e7o\u2019 \u00e9 preso pelo Deic em SP - Regi\u00e3o News","isPartOf":{"@id":"https:\/\/regiaonews.net.br\/2022\/#website"},"primaryImageOfPage":{"@id":"https:\/\/regiaonews.net.br\/2022\/2024\/04\/18\/foragido-da-quadrilha-novo-cangaco-e-preso-pelo-deic-em-sp\/#primaryimage"},"image":{"@id":"https:\/\/regiaonews.net.br\/2022\/2024\/04\/18\/foragido-da-quadrilha-novo-cangaco-e-preso-pelo-deic-em-sp\/#primaryimage"},"thumbnailUrl":"https:\/\/regiaonews.net.br\/2022\/wp-content\/uploads\/2024\/04\/00054130.jpeg","datePublished":"2024-04-18T14:22:21+00:00","breadcrumb":{"@id":"https:\/\/regiaonews.net.br\/2022\/2024\/04\/18\/foragido-da-quadrilha-novo-cangaco-e-preso-pelo-deic-em-sp\/#breadcrumb"},"inLanguage":"pt-BR","potentialAction":[{"@type":"ReadAction","target":["https:\/\/regiaonews.net.br\/2022\/2024\/04\/18\/foragido-da-quadrilha-novo-cangaco-e-preso-pelo-deic-em-sp\/"]}]},{"@type":"ImageObject","inLanguage":"pt-BR","@id":"https:\/\/regiaonews.net.br\/2022\/2024\/04\/18\/foragido-da-quadrilha-novo-cangaco-e-preso-pelo-deic-em-sp\/#primaryimage","url":"https:\/\/regiaonews.net.br\/2022\/wp-content\/uploads\/2024\/04\/00054130.jpeg","contentUrl":"https:\/\/regiaonews.net.br\/2022\/wp-content\/uploads\/2024\/04\/00054130.jpeg","width":1600,"height":904},{"@type":"BreadcrumbList","@id":"https:\/\/regiaonews.net.br\/2022\/2024\/04\/18\/foragido-da-quadrilha-novo-cangaco-e-preso-pelo-deic-em-sp\/#breadcrumb","itemListElement":[{"@type":"ListItem","position":1,"name":"In\u00edcio","item":"https:\/\/regiaonews.net.br\/2022\/"},{"@type":"ListItem","position":2,"name":"Foragido da quadrilha \u2018novo canga\u00e7o\u2019 \u00e9 preso pelo Deic em SP"}]},{"@type":"WebSite","@id":"https:\/\/regiaonews.net.br\/2022\/#website","url":"https:\/\/regiaonews.net.br\/2022\/","name":"Regi\u00e3o News","description":"Site de Not\u00edcias de Barretos e regi\u00e3o","publisher":{"@id":"https:\/\/regiaonews.net.br\/2022\/#organization"},"potentialAction":[{"@type":"SearchAction","target":{"@type":"EntryPoint","urlTemplate":"https:\/\/regiaonews.net.br\/2022\/?s={search_term_string}"},"query-input":{"@type":"PropertyValueSpecification","valueRequired":true,"valueName":"search_term_string"}}],"inLanguage":"pt-BR"},{"@type":"Organization","@id":"https:\/\/regiaonews.net.br\/2022\/#organization","name":"Regi\u00e3o News","url":"https:\/\/regiaonews.net.br\/2022\/","logo":{"@type":"ImageObject","inLanguage":"pt-BR","@id":"https:\/\/regiaonews.net.br\/2022\/#\/schema\/logo\/image\/","url":"https:\/\/regiaonews.net.br\/2022\/wp-content\/uploads\/2026\/03\/regiao-13-anos-scaled.jpg","contentUrl":"https:\/\/regiaonews.net.br\/2022\/wp-content\/uploads\/2026\/03\/regiao-13-anos-scaled.jpg","width":2560,"height":635,"caption":"Regi\u00e3o News"},"image":{"@id":"https:\/\/regiaonews.net.br\/2022\/#\/schema\/logo\/image\/"}},{"@type":"Person","@id":"https:\/\/regiaonews.net.br\/2022\/#\/schema\/person\/2d205a608a5aa97ac279d7a5e6d89ad8","name":"Roberto","image":{"@type":"ImageObject","inLanguage":"pt-BR","@id":"https:\/\/secure.gravatar.com\/avatar\/42749d8b712ff9d59ca93dc150494e5b55a44134482993f5baeb97e61b7ecc89?s=96&d=mm&r=g","url":"https:\/\/secure.gravatar.com\/avatar\/42749d8b712ff9d59ca93dc150494e5b55a44134482993f5baeb97e61b7ecc89?s=96&d=mm&r=g","contentUrl":"https:\/\/secure.gravatar.com\/avatar\/42749d8b712ff9d59ca93dc150494e5b55a44134482993f5baeb97e61b7ecc89?s=96&d=mm&r=g","caption":"Roberto"},"url":"https:\/\/regiaonews.net.br\/2022\/author\/roberto\/"}]}},"publishpress_future_action":{"enabled":false,"date":"2026-05-03 10:53:37","action":"change-status","newStatus":"draft","terms":[],"taxonomy":"category","extraData":[]},"publishpress_future_workflow_manual_trigger":{"enabledWorkflows":[]},"_links":{"self":[{"href":"https:\/\/regiaonews.net.br\/2022\/wp-json\/wp\/v2\/posts\/103862","targetHints":{"allow":["GET"]}}],"collection":[{"href":"https:\/\/regiaonews.net.br\/2022\/wp-json\/wp\/v2\/posts"}],"about":[{"href":"https:\/\/regiaonews.net.br\/2022\/wp-json\/wp\/v2\/types\/post"}],"author":[{"embeddable":true,"href":"https:\/\/regiaonews.net.br\/2022\/wp-json\/wp\/v2\/users\/2"}],"replies":[{"embeddable":true,"href":"https:\/\/regiaonews.net.br\/2022\/wp-json\/wp\/v2\/comments?post=103862"}],"version-history":[{"count":1,"href":"https:\/\/regiaonews.net.br\/2022\/wp-json\/wp\/v2\/posts\/103862\/revisions"}],"predecessor-version":[{"id":103864,"href":"https:\/\/regiaonews.net.br\/2022\/wp-json\/wp\/v2\/posts\/103862\/revisions\/103864"}],"wp:featuredmedia":[{"embeddable":true,"href":"https:\/\/regiaonews.net.br\/2022\/wp-json\/wp\/v2\/media\/103863"}],"wp:attachment":[{"href":"https:\/\/regiaonews.net.br\/2022\/wp-json\/wp\/v2\/media?parent=103862"}],"wp:term":[{"taxonomy":"category","embeddable":true,"href":"https:\/\/regiaonews.net.br\/2022\/wp-json\/wp\/v2\/categories?post=103862"},{"taxonomy":"post_tag","embeddable":true,"href":"https:\/\/regiaonews.net.br\/2022\/wp-json\/wp\/v2\/tags?post=103862"}],"curies":[{"name":"wp","href":"https:\/\/api.w.org\/{rel}","templated":true}]}}