{"id":103858,"date":"2024-04-18T11:21:24","date_gmt":"2024-04-18T14:21:24","guid":{"rendered":"https:\/\/regiaonews.net.br\/2022\/?p=103858"},"modified":"2024-04-18T11:21:24","modified_gmt":"2024-04-18T14:21:24","slug":"mais-de-1-600-doses-de-vacinas-foram-aplicadas-no-dia-d","status":"publish","type":"post","link":"https:\/\/regiaonews.net.br\/2022\/2024\/04\/18\/mais-de-1-600-doses-de-vacinas-foram-aplicadas-no-dia-d\/","title":{"rendered":"Mais de 1.600 doses de vacinas foram aplicadas no Dia D"},"content":{"rendered":"<h3 style=\"text-align: center;\">Pessoas idosas, crian\u00e7as, gestantes e profissionais do grupo priorit\u00e1rio receberam a vacina contra gripe<\/h3>\n<p>Capit\u00e3o Am\u00e9rica e Huck. Com esses super-her\u00f3is estampados na camiseta, os irm\u00e3os Samuel, 6, e Giovani, 4 anos, tomaram vacina logo cedo no Dia D, realizado em Barretos no \u00faltimo s\u00e1bado, 13 de abril. Eles e todas as demais crian\u00e7as levadas a uma Unidade B\u00e1sica de Sa\u00fade (UBS) para colocar a vacina\u00e7\u00e3o em dia tiveram sua coragem reconhecida com um certificado.<\/p>\n<p>Al\u00e9m da prote\u00e7\u00e3o para se manterem saud\u00e1veis, as crian\u00e7as ganharam pipoca, algod\u00e3o doce e o adesivo \u201cvacinei, estou protegido\u201d. Puderam tamb\u00e9m tirar foto de Z\u00e9 Gotinha. Conforme balan\u00e7o divulgado pela Secretaria Municipal de Sa\u00fade nesta quinta-feira, 18, foram aplicadas 1.637 doses de vacina no Dia D.<\/p>\n<p>\u201cEu dei todas as vacinas no meu filho porque quem ama, vacina. M\u00e3es, vacina \u00e9 prote\u00e7\u00e3o! O Brasil acabou com doen\u00e7as como a paralisia infantil. N\u00f3s n\u00e3o podemos permitir que problemas como esse sejam retomados no nosso Pa\u00eds\u201d, ressaltou a prefeita Paula Lemos, ao acompanhar o in\u00edcio da vacina\u00e7\u00e3o no Barretos II.<\/p>\n<p>A prefeita lembrou que, mesmo ap\u00f3s o Dia D, gestantes, crian\u00e7as, adolescentes, adultos e pessoas idosas podem procurar a UBS mais pr\u00f3xima para a atualiza\u00e7\u00e3o da carteirinha. Todas as unidades aplicam vacinas de segunda a sexta-feira, das 8 \u00e0s 16h.<\/p>\n<p><strong>Gripe<\/strong><\/p>\n<p>No Dia D, o maior n\u00famero de doses foi dentro da campanha contra a gripe. Entre quem fazem parte do grupo priorit\u00e1rio e se protegeu do v\u00edrus influenza nesse dia est\u00e3o 423 pessoas com mais de 60 anos, 336 crian\u00e7as de 6 meses a menores de 5 anos, 88 profissionais da educa\u00e7\u00e3o e 51 trabalhadores da sa\u00fade. Gestantes, pessoa com defici\u00eancia, caminhoneiros e outros profissionais de grupos priorit\u00e1rios tamb\u00e9m se vacinaram.<\/p>\n<p>&#8220;Estou em dia com todas as vacinas que tem que tomar e todos os anos tomo a vacina contra a gripe. A campanha come\u00e7ou esses dias e, como a UBS est\u00e1 aberta, j\u00e1 aproveitei para vir&#8221;, afirmou Isabel Cristina dos Santos, 59 anos, que est\u00e1 no grupo priorit\u00e1rio por causa do diabetes.<\/p>\n<p>A campanha de vacina\u00e7\u00e3o contra a gripe est\u00e1 prevista at\u00e9 31 de maio e destinada aos p\u00fablicos priorit\u00e1rios, como estabelecido pelo Minist\u00e9rio da Sa\u00fade.<\/p>\n<p>Fotos: Tininho Jr.<\/p>\n","protected":false},"excerpt":{"rendered":"<p>Pessoas idosas, crian\u00e7as, gestantes e profissionais do grupo priorit\u00e1rio receberam<\/p>\n","protected":false},"author":2,"featured_media":103860,"comment_status":"open","ping_status":"open","sticky":false,"template":"","format":"standard","meta":{"footnotes":""},"categories":[14,3],"tags":[],"class_list":["post-103858","post","type-post","status-publish","format-standard","has-post-thumbnail","hentry","category-barretos","category-geral"],"yoast_head":"<!-- This site is optimized with the Yoast SEO plugin v27.4 - https:\/\/yoast.com\/product\/yoast-seo-wordpress\/ -->\n<title>Mais de 1.600 doses de vacinas foram aplicadas no Dia D - Regi\u00e3o News<\/title>\n<meta name=\"robots\" content=\"index, follow, max-snippet:-1, max-image-preview:large, max-video-preview:-1\" \/>\n<link rel=\"canonical\" href=\"https:\/\/regiaonews.net.br\/2022\/2024\/04\/18\/mais-de-1-600-doses-de-vacinas-foram-aplicadas-no-dia-d\/\" \/>\n<meta property=\"og:locale\" content=\"pt_BR\" \/>\n<meta property=\"og:type\" content=\"article\" \/>\n<meta property=\"og:title\" content=\"Mais de 1.600 doses de vacinas foram aplicadas no Dia D - Regi\u00e3o News\" \/>\n<meta property=\"og:description\" content=\"Pessoas idosas, crian\u00e7as, gestantes e profissionais do grupo priorit\u00e1rio receberam\" \/>\n<meta property=\"og:url\" content=\"https:\/\/regiaonews.net.br\/2022\/2024\/04\/18\/mais-de-1-600-doses-de-vacinas-foram-aplicadas-no-dia-d\/\" \/>\n<meta property=\"og:site_name\" content=\"Regi\u00e3o News\" \/>\n<meta property=\"article:published_time\" content=\"2024-04-18T14:21:24+00:00\" \/>\n<meta property=\"og:image\" content=\"https:\/\/regiaonews.net.br\/2022\/wp-content\/uploads\/2024\/04\/Imagem-do-WhatsApp-de-2024-04-18-as-10.45.15_5635a41b.jpg\" \/>\n\t<meta property=\"og:image:width\" content=\"1600\" \/>\n\t<meta property=\"og:image:height\" content=\"1097\" \/>\n\t<meta property=\"og:image:type\" content=\"image\/jpeg\" \/>\n<meta name=\"author\" content=\"Roberto\" \/>\n<meta name=\"twitter:card\" content=\"summary_large_image\" \/>\n<meta name=\"twitter:label1\" content=\"Escrito por\" \/>\n\t<meta name=\"twitter:data1\" content=\"Roberto\" \/>\n\t<meta name=\"twitter:label2\" content=\"Est. tempo de leitura\" \/>\n\t<meta name=\"twitter:data2\" content=\"3 minutos\" \/>\n<script type=\"application\/ld+json\" class=\"yoast-schema-graph\">{\"@context\":\"https:\\\/\\\/schema.org\",\"@graph\":[{\"@type\":\"Article\",\"@id\":\"https:\\\/\\\/regiaonews.net.br\\\/2022\\\/2024\\\/04\\\/18\\\/mais-de-1-600-doses-de-vacinas-foram-aplicadas-no-dia-d\\\/#article\",\"isPartOf\":{\"@id\":\"https:\\\/\\\/regiaonews.net.br\\\/2022\\\/2024\\\/04\\\/18\\\/mais-de-1-600-doses-de-vacinas-foram-aplicadas-no-dia-d\\\/\"},\"author\":{\"name\":\"Roberto\",\"@id\":\"https:\\\/\\\/regiaonews.net.br\\\/2022\\\/#\\\/schema\\\/person\\\/2d205a608a5aa97ac279d7a5e6d89ad8\"},\"headline\":\"Mais de 1.600 doses de vacinas foram aplicadas no Dia D\",\"datePublished\":\"2024-04-18T14:21:24+00:00\",\"mainEntityOfPage\":{\"@id\":\"https:\\\/\\\/regiaonews.net.br\\\/2022\\\/2024\\\/04\\\/18\\\/mais-de-1-600-doses-de-vacinas-foram-aplicadas-no-dia-d\\\/\"},\"wordCount\":406,\"commentCount\":0,\"publisher\":{\"@id\":\"https:\\\/\\\/regiaonews.net.br\\\/2022\\\/#organization\"},\"image\":{\"@id\":\"https:\\\/\\\/regiaonews.net.br\\\/2022\\\/2024\\\/04\\\/18\\\/mais-de-1-600-doses-de-vacinas-foram-aplicadas-no-dia-d\\\/#primaryimage\"},\"thumbnailUrl\":\"https:\\\/\\\/regiaonews.net.br\\\/2022\\\/wp-content\\\/uploads\\\/2024\\\/04\\\/Imagem-do-WhatsApp-de-2024-04-18-as-10.45.15_5635a41b.jpg\",\"articleSection\":[\"Barretos\",\"Geral\"],\"inLanguage\":\"pt-BR\",\"potentialAction\":[{\"@type\":\"CommentAction\",\"name\":\"Comment\",\"target\":[\"https:\\\/\\\/regiaonews.net.br\\\/2022\\\/2024\\\/04\\\/18\\\/mais-de-1-600-doses-de-vacinas-foram-aplicadas-no-dia-d\\\/#respond\"]}]},{\"@type\":\"WebPage\",\"@id\":\"https:\\\/\\\/regiaonews.net.br\\\/2022\\\/2024\\\/04\\\/18\\\/mais-de-1-600-doses-de-vacinas-foram-aplicadas-no-dia-d\\\/\",\"url\":\"https:\\\/\\\/regiaonews.net.br\\\/2022\\\/2024\\\/04\\\/18\\\/mais-de-1-600-doses-de-vacinas-foram-aplicadas-no-dia-d\\\/\",\"name\":\"Mais de 1.600 doses de vacinas foram aplicadas no Dia D - Regi\u00e3o News\",\"isPartOf\":{\"@id\":\"https:\\\/\\\/regiaonews.net.br\\\/2022\\\/#website\"},\"primaryImageOfPage\":{\"@id\":\"https:\\\/\\\/regiaonews.net.br\\\/2022\\\/2024\\\/04\\\/18\\\/mais-de-1-600-doses-de-vacinas-foram-aplicadas-no-dia-d\\\/#primaryimage\"},\"image\":{\"@id\":\"https:\\\/\\\/regiaonews.net.br\\\/2022\\\/2024\\\/04\\\/18\\\/mais-de-1-600-doses-de-vacinas-foram-aplicadas-no-dia-d\\\/#primaryimage\"},\"thumbnailUrl\":\"https:\\\/\\\/regiaonews.net.br\\\/2022\\\/wp-content\\\/uploads\\\/2024\\\/04\\\/Imagem-do-WhatsApp-de-2024-04-18-as-10.45.15_5635a41b.jpg\",\"datePublished\":\"2024-04-18T14:21:24+00:00\",\"breadcrumb\":{\"@id\":\"https:\\\/\\\/regiaonews.net.br\\\/2022\\\/2024\\\/04\\\/18\\\/mais-de-1-600-doses-de-vacinas-foram-aplicadas-no-dia-d\\\/#breadcrumb\"},\"inLanguage\":\"pt-BR\",\"potentialAction\":[{\"@type\":\"ReadAction\",\"target\":[\"https:\\\/\\\/regiaonews.net.br\\\/2022\\\/2024\\\/04\\\/18\\\/mais-de-1-600-doses-de-vacinas-foram-aplicadas-no-dia-d\\\/\"]}]},{\"@type\":\"ImageObject\",\"inLanguage\":\"pt-BR\",\"@id\":\"https:\\\/\\\/regiaonews.net.br\\\/2022\\\/2024\\\/04\\\/18\\\/mais-de-1-600-doses-de-vacinas-foram-aplicadas-no-dia-d\\\/#primaryimage\",\"url\":\"https:\\\/\\\/regiaonews.net.br\\\/2022\\\/wp-content\\\/uploads\\\/2024\\\/04\\\/Imagem-do-WhatsApp-de-2024-04-18-as-10.45.15_5635a41b.jpg\",\"contentUrl\":\"https:\\\/\\\/regiaonews.net.br\\\/2022\\\/wp-content\\\/uploads\\\/2024\\\/04\\\/Imagem-do-WhatsApp-de-2024-04-18-as-10.45.15_5635a41b.jpg\",\"width\":1600,\"height\":1097},{\"@type\":\"BreadcrumbList\",\"@id\":\"https:\\\/\\\/regiaonews.net.br\\\/2022\\\/2024\\\/04\\\/18\\\/mais-de-1-600-doses-de-vacinas-foram-aplicadas-no-dia-d\\\/#breadcrumb\",\"itemListElement\":[{\"@type\":\"ListItem\",\"position\":1,\"name\":\"In\u00edcio\",\"item\":\"https:\\\/\\\/regiaonews.net.br\\\/2022\\\/\"},{\"@type\":\"ListItem\",\"position\":2,\"name\":\"Mais de 1.600 doses de vacinas foram aplicadas no Dia D\"}]},{\"@type\":\"WebSite\",\"@id\":\"https:\\\/\\\/regiaonews.net.br\\\/2022\\\/#website\",\"url\":\"https:\\\/\\\/regiaonews.net.br\\\/2022\\\/\",\"name\":\"Regi\u00e3o News\",\"description\":\"Site de Not\u00edcias de Barretos e regi\u00e3o\",\"publisher\":{\"@id\":\"https:\\\/\\\/regiaonews.net.br\\\/2022\\\/#organization\"},\"potentialAction\":[{\"@type\":\"SearchAction\",\"target\":{\"@type\":\"EntryPoint\",\"urlTemplate\":\"https:\\\/\\\/regiaonews.net.br\\\/2022\\\/?s={search_term_string}\"},\"query-input\":{\"@type\":\"PropertyValueSpecification\",\"valueRequired\":true,\"valueName\":\"search_term_string\"}}],\"inLanguage\":\"pt-BR\"},{\"@type\":\"Organization\",\"@id\":\"https:\\\/\\\/regiaonews.net.br\\\/2022\\\/#organization\",\"name\":\"Regi\u00e3o News\",\"url\":\"https:\\\/\\\/regiaonews.net.br\\\/2022\\\/\",\"logo\":{\"@type\":\"ImageObject\",\"inLanguage\":\"pt-BR\",\"@id\":\"https:\\\/\\\/regiaonews.net.br\\\/2022\\\/#\\\/schema\\\/logo\\\/image\\\/\",\"url\":\"https:\\\/\\\/regiaonews.net.br\\\/2022\\\/wp-content\\\/uploads\\\/2026\\\/03\\\/regiao-13-anos-scaled.jpg\",\"contentUrl\":\"https:\\\/\\\/regiaonews.net.br\\\/2022\\\/wp-content\\\/uploads\\\/2026\\\/03\\\/regiao-13-anos-scaled.jpg\",\"width\":2560,\"height\":635,\"caption\":\"Regi\u00e3o News\"},\"image\":{\"@id\":\"https:\\\/\\\/regiaonews.net.br\\\/2022\\\/#\\\/schema\\\/logo\\\/image\\\/\"}},{\"@type\":\"Person\",\"@id\":\"https:\\\/\\\/regiaonews.net.br\\\/2022\\\/#\\\/schema\\\/person\\\/2d205a608a5aa97ac279d7a5e6d89ad8\",\"name\":\"Roberto\",\"image\":{\"@type\":\"ImageObject\",\"inLanguage\":\"pt-BR\",\"@id\":\"https:\\\/\\\/secure.gravatar.com\\\/avatar\\\/42749d8b712ff9d59ca93dc150494e5b55a44134482993f5baeb97e61b7ecc89?s=96&d=mm&r=g\",\"url\":\"https:\\\/\\\/secure.gravatar.com\\\/avatar\\\/42749d8b712ff9d59ca93dc150494e5b55a44134482993f5baeb97e61b7ecc89?s=96&d=mm&r=g\",\"contentUrl\":\"https:\\\/\\\/secure.gravatar.com\\\/avatar\\\/42749d8b712ff9d59ca93dc150494e5b55a44134482993f5baeb97e61b7ecc89?s=96&d=mm&r=g\",\"caption\":\"Roberto\"},\"url\":\"https:\\\/\\\/regiaonews.net.br\\\/2022\\\/author\\\/roberto\\\/\"}]}<\/script>\n<!-- \/ Yoast SEO plugin. -->","yoast_head_json":{"title":"Mais de 1.600 doses de vacinas foram aplicadas no Dia D - Regi\u00e3o News","robots":{"index":"index","follow":"follow","max-snippet":"max-snippet:-1","max-image-preview":"max-image-preview:large","max-video-preview":"max-video-preview:-1"},"canonical":"https:\/\/regiaonews.net.br\/2022\/2024\/04\/18\/mais-de-1-600-doses-de-vacinas-foram-aplicadas-no-dia-d\/","og_locale":"pt_BR","og_type":"article","og_title":"Mais de 1.600 doses de vacinas foram aplicadas no Dia D - Regi\u00e3o News","og_description":"Pessoas idosas, crian\u00e7as, gestantes e profissionais do grupo priorit\u00e1rio receberam","og_url":"https:\/\/regiaonews.net.br\/2022\/2024\/04\/18\/mais-de-1-600-doses-de-vacinas-foram-aplicadas-no-dia-d\/","og_site_name":"Regi\u00e3o News","article_published_time":"2024-04-18T14:21:24+00:00","og_image":[{"width":1600,"height":1097,"url":"https:\/\/regiaonews.net.br\/2022\/wp-content\/uploads\/2024\/04\/Imagem-do-WhatsApp-de-2024-04-18-as-10.45.15_5635a41b.jpg","type":"image\/jpeg"}],"author":"Roberto","twitter_card":"summary_large_image","twitter_misc":{"Escrito por":"Roberto","Est. tempo de leitura":"3 minutos"},"schema":{"@context":"https:\/\/schema.org","@graph":[{"@type":"Article","@id":"https:\/\/regiaonews.net.br\/2022\/2024\/04\/18\/mais-de-1-600-doses-de-vacinas-foram-aplicadas-no-dia-d\/#article","isPartOf":{"@id":"https:\/\/regiaonews.net.br\/2022\/2024\/04\/18\/mais-de-1-600-doses-de-vacinas-foram-aplicadas-no-dia-d\/"},"author":{"name":"Roberto","@id":"https:\/\/regiaonews.net.br\/2022\/#\/schema\/person\/2d205a608a5aa97ac279d7a5e6d89ad8"},"headline":"Mais de 1.600 doses de vacinas foram aplicadas no Dia D","datePublished":"2024-04-18T14:21:24+00:00","mainEntityOfPage":{"@id":"https:\/\/regiaonews.net.br\/2022\/2024\/04\/18\/mais-de-1-600-doses-de-vacinas-foram-aplicadas-no-dia-d\/"},"wordCount":406,"commentCount":0,"publisher":{"@id":"https:\/\/regiaonews.net.br\/2022\/#organization"},"image":{"@id":"https:\/\/regiaonews.net.br\/2022\/2024\/04\/18\/mais-de-1-600-doses-de-vacinas-foram-aplicadas-no-dia-d\/#primaryimage"},"thumbnailUrl":"https:\/\/regiaonews.net.br\/2022\/wp-content\/uploads\/2024\/04\/Imagem-do-WhatsApp-de-2024-04-18-as-10.45.15_5635a41b.jpg","articleSection":["Barretos","Geral"],"inLanguage":"pt-BR","potentialAction":[{"@type":"CommentAction","name":"Comment","target":["https:\/\/regiaonews.net.br\/2022\/2024\/04\/18\/mais-de-1-600-doses-de-vacinas-foram-aplicadas-no-dia-d\/#respond"]}]},{"@type":"WebPage","@id":"https:\/\/regiaonews.net.br\/2022\/2024\/04\/18\/mais-de-1-600-doses-de-vacinas-foram-aplicadas-no-dia-d\/","url":"https:\/\/regiaonews.net.br\/2022\/2024\/04\/18\/mais-de-1-600-doses-de-vacinas-foram-aplicadas-no-dia-d\/","name":"Mais de 1.600 doses de vacinas foram aplicadas no Dia D - Regi\u00e3o News","isPartOf":{"@id":"https:\/\/regiaonews.net.br\/2022\/#website"},"primaryImageOfPage":{"@id":"https:\/\/regiaonews.net.br\/2022\/2024\/04\/18\/mais-de-1-600-doses-de-vacinas-foram-aplicadas-no-dia-d\/#primaryimage"},"image":{"@id":"https:\/\/regiaonews.net.br\/2022\/2024\/04\/18\/mais-de-1-600-doses-de-vacinas-foram-aplicadas-no-dia-d\/#primaryimage"},"thumbnailUrl":"https:\/\/regiaonews.net.br\/2022\/wp-content\/uploads\/2024\/04\/Imagem-do-WhatsApp-de-2024-04-18-as-10.45.15_5635a41b.jpg","datePublished":"2024-04-18T14:21:24+00:00","breadcrumb":{"@id":"https:\/\/regiaonews.net.br\/2022\/2024\/04\/18\/mais-de-1-600-doses-de-vacinas-foram-aplicadas-no-dia-d\/#breadcrumb"},"inLanguage":"pt-BR","potentialAction":[{"@type":"ReadAction","target":["https:\/\/regiaonews.net.br\/2022\/2024\/04\/18\/mais-de-1-600-doses-de-vacinas-foram-aplicadas-no-dia-d\/"]}]},{"@type":"ImageObject","inLanguage":"pt-BR","@id":"https:\/\/regiaonews.net.br\/2022\/2024\/04\/18\/mais-de-1-600-doses-de-vacinas-foram-aplicadas-no-dia-d\/#primaryimage","url":"https:\/\/regiaonews.net.br\/2022\/wp-content\/uploads\/2024\/04\/Imagem-do-WhatsApp-de-2024-04-18-as-10.45.15_5635a41b.jpg","contentUrl":"https:\/\/regiaonews.net.br\/2022\/wp-content\/uploads\/2024\/04\/Imagem-do-WhatsApp-de-2024-04-18-as-10.45.15_5635a41b.jpg","width":1600,"height":1097},{"@type":"BreadcrumbList","@id":"https:\/\/regiaonews.net.br\/2022\/2024\/04\/18\/mais-de-1-600-doses-de-vacinas-foram-aplicadas-no-dia-d\/#breadcrumb","itemListElement":[{"@type":"ListItem","position":1,"name":"In\u00edcio","item":"https:\/\/regiaonews.net.br\/2022\/"},{"@type":"ListItem","position":2,"name":"Mais de 1.600 doses de vacinas foram aplicadas no Dia D"}]},{"@type":"WebSite","@id":"https:\/\/regiaonews.net.br\/2022\/#website","url":"https:\/\/regiaonews.net.br\/2022\/","name":"Regi\u00e3o News","description":"Site de Not\u00edcias de Barretos e regi\u00e3o","publisher":{"@id":"https:\/\/regiaonews.net.br\/2022\/#organization"},"potentialAction":[{"@type":"SearchAction","target":{"@type":"EntryPoint","urlTemplate":"https:\/\/regiaonews.net.br\/2022\/?s={search_term_string}"},"query-input":{"@type":"PropertyValueSpecification","valueRequired":true,"valueName":"search_term_string"}}],"inLanguage":"pt-BR"},{"@type":"Organization","@id":"https:\/\/regiaonews.net.br\/2022\/#organization","name":"Regi\u00e3o News","url":"https:\/\/regiaonews.net.br\/2022\/","logo":{"@type":"ImageObject","inLanguage":"pt-BR","@id":"https:\/\/regiaonews.net.br\/2022\/#\/schema\/logo\/image\/","url":"https:\/\/regiaonews.net.br\/2022\/wp-content\/uploads\/2026\/03\/regiao-13-anos-scaled.jpg","contentUrl":"https:\/\/regiaonews.net.br\/2022\/wp-content\/uploads\/2026\/03\/regiao-13-anos-scaled.jpg","width":2560,"height":635,"caption":"Regi\u00e3o News"},"image":{"@id":"https:\/\/regiaonews.net.br\/2022\/#\/schema\/logo\/image\/"}},{"@type":"Person","@id":"https:\/\/regiaonews.net.br\/2022\/#\/schema\/person\/2d205a608a5aa97ac279d7a5e6d89ad8","name":"Roberto","image":{"@type":"ImageObject","inLanguage":"pt-BR","@id":"https:\/\/secure.gravatar.com\/avatar\/42749d8b712ff9d59ca93dc150494e5b55a44134482993f5baeb97e61b7ecc89?s=96&d=mm&r=g","url":"https:\/\/secure.gravatar.com\/avatar\/42749d8b712ff9d59ca93dc150494e5b55a44134482993f5baeb97e61b7ecc89?s=96&d=mm&r=g","contentUrl":"https:\/\/secure.gravatar.com\/avatar\/42749d8b712ff9d59ca93dc150494e5b55a44134482993f5baeb97e61b7ecc89?s=96&d=mm&r=g","caption":"Roberto"},"url":"https:\/\/regiaonews.net.br\/2022\/author\/roberto\/"}]}},"publishpress_future_action":{"enabled":false,"date":"2026-05-03 12:34:57","action":"change-status","newStatus":"draft","terms":[],"taxonomy":"category","extraData":[]},"publishpress_future_workflow_manual_trigger":{"enabledWorkflows":[]},"_links":{"self":[{"href":"https:\/\/regiaonews.net.br\/2022\/wp-json\/wp\/v2\/posts\/103858","targetHints":{"allow":["GET"]}}],"collection":[{"href":"https:\/\/regiaonews.net.br\/2022\/wp-json\/wp\/v2\/posts"}],"about":[{"href":"https:\/\/regiaonews.net.br\/2022\/wp-json\/wp\/v2\/types\/post"}],"author":[{"embeddable":true,"href":"https:\/\/regiaonews.net.br\/2022\/wp-json\/wp\/v2\/users\/2"}],"replies":[{"embeddable":true,"href":"https:\/\/regiaonews.net.br\/2022\/wp-json\/wp\/v2\/comments?post=103858"}],"version-history":[{"count":1,"href":"https:\/\/regiaonews.net.br\/2022\/wp-json\/wp\/v2\/posts\/103858\/revisions"}],"predecessor-version":[{"id":103861,"href":"https:\/\/regiaonews.net.br\/2022\/wp-json\/wp\/v2\/posts\/103858\/revisions\/103861"}],"wp:featuredmedia":[{"embeddable":true,"href":"https:\/\/regiaonews.net.br\/2022\/wp-json\/wp\/v2\/media\/103860"}],"wp:attachment":[{"href":"https:\/\/regiaonews.net.br\/2022\/wp-json\/wp\/v2\/media?parent=103858"}],"wp:term":[{"taxonomy":"category","embeddable":true,"href":"https:\/\/regiaonews.net.br\/2022\/wp-json\/wp\/v2\/categories?post=103858"},{"taxonomy":"post_tag","embeddable":true,"href":"https:\/\/regiaonews.net.br\/2022\/wp-json\/wp\/v2\/tags?post=103858"}],"curies":[{"name":"wp","href":"https:\/\/api.w.org\/{rel}","templated":true}]}}