{"id":103855,"date":"2024-04-18T11:20:19","date_gmt":"2024-04-18T14:20:19","guid":{"rendered":"https:\/\/regiaonews.net.br\/2022\/?p=103855"},"modified":"2024-04-18T11:20:19","modified_gmt":"2024-04-18T14:20:19","slug":"saae-barretos-viabiliza-venda-de-materiais-reciclaveis-e-reforca-compromisso-ambiental","status":"publish","type":"post","link":"https:\/\/regiaonews.net.br\/2022\/2024\/04\/18\/saae-barretos-viabiliza-venda-de-materiais-reciclaveis-e-reforca-compromisso-ambiental\/","title":{"rendered":"SAAE Barretos viabiliza venda de materiais recicl\u00e1veis e refor\u00e7a compromisso ambiental"},"content":{"rendered":"<p>Com a venda de papel\u00e3o e pl\u00e1stico, autarquia estimula a reciclagem e a economia local, refletindo o impacto positivo da separa\u00e7\u00e3o de res\u00edduos pela comunidade<\/p>\n<p>Atrav\u00e9s da empresa terceirizada respons\u00e1vel pela coleta seletiva no munic\u00edpio, o SAAE Barretos promoveu a venda de papel\u00e3o e papel de escrit\u00f3rio (incluindo cadernos e folhas de sulfite), num total de 11.130 kg no \u00faltimo dia 08 de abril. No dia 10 de abril, foram comercializadas 5.368,5 kg de diversos tipos de pl\u00e1stico.<\/p>\n<p>Estes materiais, ap\u00f3s um processo cuidadoso de separa\u00e7\u00e3o e prensagem, foram vendidos, contribuindo para o ciclo de vida sustent\u00e1vel dos res\u00edduos e evitando o ac\u00famulo de res\u00edduos no aterro sanit\u00e1rio.<\/p>\n<p>&#8220;Cada folha de papel, peda\u00e7o de papel\u00e3o, pl\u00e1stico, entre outros materiais recicl\u00e1veis separados na Usina de Triagem, representa um passo em dire\u00e7\u00e3o a um futuro mais sustent\u00e1vel. Continuemos a contribuir com a coleta seletiva; o envolvimento de todos \u00e9 fundamental para o sucesso desta iniciativa em Barretos&#8221;, enfatiza Marcelo Borges, superintendente do SAAE Barretos.<\/p>\n<p>O tempo de decomposi\u00e7\u00e3o de materiais como papel, papel\u00e3o e pl\u00e1stico varia significativamente, refletindo a import\u00e2ncia de pr\u00e1ticas adequadas de descarte e reciclagem. O papel pode decompor-se em cerca de 2 a 6 semanas em condi\u00e7\u00f5es ideais, enquanto o papel\u00e3o leva aproximadamente dois meses. Por outro lado, o pl\u00e1stico pode levar centenas de anos para se decompor completamente, dependendo do tipo e das condi\u00e7\u00f5es ambientais. Apesar do papel e do papel\u00e3o se decomporem mais rapidamente, a reciclagem desses materiais \u00e9 crucial para a preserva\u00e7\u00e3o ambiental. A reciclagem reduz a necessidade de extra\u00e7\u00e3o de novas mat\u00e9rias-primas, como a madeira, diminuindo assim o corte de \u00e1rvores e o consumo de \u00e1gua necess\u00e1rios para a produ\u00e7\u00e3o de novas folhas de papel.<\/p>\n<p>\u201cOptar pela reciclagem n\u00e3o apenas minimiza o uso de recursos naturais e a destrui\u00e7\u00e3o de habitats, mas tamb\u00e9m representa uma economia significativa de energia e materiais, alinhando-se com pr\u00e1ticas mais sustent\u00e1veis e respons\u00e1veis\u201d, completa Marcelo.<\/p>\n<p>A venda destes materiais resultou em um montante significativo de R$ 12.280,10, que s\u00e3o descontados do valor que \u00e9 repassado \u00e0 empresa terceirizada. Este valor ressalta o potencial econ\u00f4mico da reciclagem e sublinha a import\u00e2ncia de sustentar e desenvolver ainda mais essas pr\u00e1ticas essenciais para o meio ambiente e para a economia local.<\/p>\n<p>www.saaeb.com.br<\/p>\n","protected":false},"excerpt":{"rendered":"<p>Com a venda de papel\u00e3o e pl\u00e1stico, autarquia estimula a<\/p>\n","protected":false},"author":2,"featured_media":103856,"comment_status":"open","ping_status":"open","sticky":false,"template":"","format":"standard","meta":{"footnotes":""},"categories":[14,3],"tags":[],"class_list":["post-103855","post","type-post","status-publish","format-standard","has-post-thumbnail","hentry","category-barretos","category-geral"],"yoast_head":"<!-- This site is optimized with the Yoast SEO plugin v27.4 - https:\/\/yoast.com\/product\/yoast-seo-wordpress\/ -->\n<title>SAAE Barretos viabiliza venda de materiais recicl\u00e1veis e refor\u00e7a compromisso ambiental - Regi\u00e3o News<\/title>\n<meta name=\"robots\" content=\"index, follow, max-snippet:-1, max-image-preview:large, max-video-preview:-1\" \/>\n<link rel=\"canonical\" href=\"https:\/\/regiaonews.net.br\/2022\/2024\/04\/18\/saae-barretos-viabiliza-venda-de-materiais-reciclaveis-e-reforca-compromisso-ambiental\/\" \/>\n<meta property=\"og:locale\" content=\"pt_BR\" \/>\n<meta property=\"og:type\" content=\"article\" \/>\n<meta property=\"og:title\" content=\"SAAE Barretos viabiliza venda de materiais recicl\u00e1veis e refor\u00e7a compromisso ambiental - Regi\u00e3o News\" \/>\n<meta property=\"og:description\" content=\"Com a venda de papel\u00e3o e pl\u00e1stico, autarquia estimula a\" \/>\n<meta property=\"og:url\" content=\"https:\/\/regiaonews.net.br\/2022\/2024\/04\/18\/saae-barretos-viabiliza-venda-de-materiais-reciclaveis-e-reforca-compromisso-ambiental\/\" \/>\n<meta property=\"og:site_name\" content=\"Regi\u00e3o News\" \/>\n<meta property=\"article:published_time\" content=\"2024-04-18T14:20:19+00:00\" \/>\n<meta property=\"og:image\" content=\"https:\/\/regiaonews.net.br\/2022\/wp-content\/uploads\/2024\/04\/Imagem-do-WhatsApp-de-2024-04-18-as-10.45.15_51b26028.jpg\" \/>\n\t<meta property=\"og:image:width\" content=\"1599\" \/>\n\t<meta property=\"og:image:height\" content=\"899\" \/>\n\t<meta property=\"og:image:type\" content=\"image\/jpeg\" \/>\n<meta name=\"author\" content=\"Roberto\" \/>\n<meta name=\"twitter:card\" content=\"summary_large_image\" \/>\n<meta name=\"twitter:label1\" content=\"Escrito por\" \/>\n\t<meta name=\"twitter:data1\" content=\"Roberto\" \/>\n\t<meta name=\"twitter:label2\" content=\"Est. tempo de leitura\" \/>\n\t<meta name=\"twitter:data2\" content=\"3 minutos\" \/>\n<script type=\"application\/ld+json\" class=\"yoast-schema-graph\">{\"@context\":\"https:\\\/\\\/schema.org\",\"@graph\":[{\"@type\":\"Article\",\"@id\":\"https:\\\/\\\/regiaonews.net.br\\\/2022\\\/2024\\\/04\\\/18\\\/saae-barretos-viabiliza-venda-de-materiais-reciclaveis-e-reforca-compromisso-ambiental\\\/#article\",\"isPartOf\":{\"@id\":\"https:\\\/\\\/regiaonews.net.br\\\/2022\\\/2024\\\/04\\\/18\\\/saae-barretos-viabiliza-venda-de-materiais-reciclaveis-e-reforca-compromisso-ambiental\\\/\"},\"author\":{\"name\":\"Roberto\",\"@id\":\"https:\\\/\\\/regiaonews.net.br\\\/2022\\\/#\\\/schema\\\/person\\\/2d205a608a5aa97ac279d7a5e6d89ad8\"},\"headline\":\"SAAE Barretos viabiliza venda de materiais recicl\u00e1veis e refor\u00e7a compromisso ambiental\",\"datePublished\":\"2024-04-18T14:20:19+00:00\",\"mainEntityOfPage\":{\"@id\":\"https:\\\/\\\/regiaonews.net.br\\\/2022\\\/2024\\\/04\\\/18\\\/saae-barretos-viabiliza-venda-de-materiais-reciclaveis-e-reforca-compromisso-ambiental\\\/\"},\"wordCount\":422,\"commentCount\":0,\"publisher\":{\"@id\":\"https:\\\/\\\/regiaonews.net.br\\\/2022\\\/#organization\"},\"image\":{\"@id\":\"https:\\\/\\\/regiaonews.net.br\\\/2022\\\/2024\\\/04\\\/18\\\/saae-barretos-viabiliza-venda-de-materiais-reciclaveis-e-reforca-compromisso-ambiental\\\/#primaryimage\"},\"thumbnailUrl\":\"https:\\\/\\\/regiaonews.net.br\\\/2022\\\/wp-content\\\/uploads\\\/2024\\\/04\\\/Imagem-do-WhatsApp-de-2024-04-18-as-10.45.15_51b26028.jpg\",\"articleSection\":[\"Barretos\",\"Geral\"],\"inLanguage\":\"pt-BR\",\"potentialAction\":[{\"@type\":\"CommentAction\",\"name\":\"Comment\",\"target\":[\"https:\\\/\\\/regiaonews.net.br\\\/2022\\\/2024\\\/04\\\/18\\\/saae-barretos-viabiliza-venda-de-materiais-reciclaveis-e-reforca-compromisso-ambiental\\\/#respond\"]}]},{\"@type\":\"WebPage\",\"@id\":\"https:\\\/\\\/regiaonews.net.br\\\/2022\\\/2024\\\/04\\\/18\\\/saae-barretos-viabiliza-venda-de-materiais-reciclaveis-e-reforca-compromisso-ambiental\\\/\",\"url\":\"https:\\\/\\\/regiaonews.net.br\\\/2022\\\/2024\\\/04\\\/18\\\/saae-barretos-viabiliza-venda-de-materiais-reciclaveis-e-reforca-compromisso-ambiental\\\/\",\"name\":\"SAAE Barretos viabiliza venda de materiais recicl\u00e1veis e refor\u00e7a compromisso ambiental - Regi\u00e3o News\",\"isPartOf\":{\"@id\":\"https:\\\/\\\/regiaonews.net.br\\\/2022\\\/#website\"},\"primaryImageOfPage\":{\"@id\":\"https:\\\/\\\/regiaonews.net.br\\\/2022\\\/2024\\\/04\\\/18\\\/saae-barretos-viabiliza-venda-de-materiais-reciclaveis-e-reforca-compromisso-ambiental\\\/#primaryimage\"},\"image\":{\"@id\":\"https:\\\/\\\/regiaonews.net.br\\\/2022\\\/2024\\\/04\\\/18\\\/saae-barretos-viabiliza-venda-de-materiais-reciclaveis-e-reforca-compromisso-ambiental\\\/#primaryimage\"},\"thumbnailUrl\":\"https:\\\/\\\/regiaonews.net.br\\\/2022\\\/wp-content\\\/uploads\\\/2024\\\/04\\\/Imagem-do-WhatsApp-de-2024-04-18-as-10.45.15_51b26028.jpg\",\"datePublished\":\"2024-04-18T14:20:19+00:00\",\"breadcrumb\":{\"@id\":\"https:\\\/\\\/regiaonews.net.br\\\/2022\\\/2024\\\/04\\\/18\\\/saae-barretos-viabiliza-venda-de-materiais-reciclaveis-e-reforca-compromisso-ambiental\\\/#breadcrumb\"},\"inLanguage\":\"pt-BR\",\"potentialAction\":[{\"@type\":\"ReadAction\",\"target\":[\"https:\\\/\\\/regiaonews.net.br\\\/2022\\\/2024\\\/04\\\/18\\\/saae-barretos-viabiliza-venda-de-materiais-reciclaveis-e-reforca-compromisso-ambiental\\\/\"]}]},{\"@type\":\"ImageObject\",\"inLanguage\":\"pt-BR\",\"@id\":\"https:\\\/\\\/regiaonews.net.br\\\/2022\\\/2024\\\/04\\\/18\\\/saae-barretos-viabiliza-venda-de-materiais-reciclaveis-e-reforca-compromisso-ambiental\\\/#primaryimage\",\"url\":\"https:\\\/\\\/regiaonews.net.br\\\/2022\\\/wp-content\\\/uploads\\\/2024\\\/04\\\/Imagem-do-WhatsApp-de-2024-04-18-as-10.45.15_51b26028.jpg\",\"contentUrl\":\"https:\\\/\\\/regiaonews.net.br\\\/2022\\\/wp-content\\\/uploads\\\/2024\\\/04\\\/Imagem-do-WhatsApp-de-2024-04-18-as-10.45.15_51b26028.jpg\",\"width\":1599,\"height\":899},{\"@type\":\"BreadcrumbList\",\"@id\":\"https:\\\/\\\/regiaonews.net.br\\\/2022\\\/2024\\\/04\\\/18\\\/saae-barretos-viabiliza-venda-de-materiais-reciclaveis-e-reforca-compromisso-ambiental\\\/#breadcrumb\",\"itemListElement\":[{\"@type\":\"ListItem\",\"position\":1,\"name\":\"In\u00edcio\",\"item\":\"https:\\\/\\\/regiaonews.net.br\\\/2022\\\/\"},{\"@type\":\"ListItem\",\"position\":2,\"name\":\"SAAE Barretos viabiliza venda de materiais recicl\u00e1veis e refor\u00e7a compromisso ambiental\"}]},{\"@type\":\"WebSite\",\"@id\":\"https:\\\/\\\/regiaonews.net.br\\\/2022\\\/#website\",\"url\":\"https:\\\/\\\/regiaonews.net.br\\\/2022\\\/\",\"name\":\"Regi\u00e3o News\",\"description\":\"Site de Not\u00edcias de Barretos e regi\u00e3o\",\"publisher\":{\"@id\":\"https:\\\/\\\/regiaonews.net.br\\\/2022\\\/#organization\"},\"potentialAction\":[{\"@type\":\"SearchAction\",\"target\":{\"@type\":\"EntryPoint\",\"urlTemplate\":\"https:\\\/\\\/regiaonews.net.br\\\/2022\\\/?s={search_term_string}\"},\"query-input\":{\"@type\":\"PropertyValueSpecification\",\"valueRequired\":true,\"valueName\":\"search_term_string\"}}],\"inLanguage\":\"pt-BR\"},{\"@type\":\"Organization\",\"@id\":\"https:\\\/\\\/regiaonews.net.br\\\/2022\\\/#organization\",\"name\":\"Regi\u00e3o News\",\"url\":\"https:\\\/\\\/regiaonews.net.br\\\/2022\\\/\",\"logo\":{\"@type\":\"ImageObject\",\"inLanguage\":\"pt-BR\",\"@id\":\"https:\\\/\\\/regiaonews.net.br\\\/2022\\\/#\\\/schema\\\/logo\\\/image\\\/\",\"url\":\"https:\\\/\\\/regiaonews.net.br\\\/2022\\\/wp-content\\\/uploads\\\/2026\\\/03\\\/regiao-13-anos-scaled.jpg\",\"contentUrl\":\"https:\\\/\\\/regiaonews.net.br\\\/2022\\\/wp-content\\\/uploads\\\/2026\\\/03\\\/regiao-13-anos-scaled.jpg\",\"width\":2560,\"height\":635,\"caption\":\"Regi\u00e3o News\"},\"image\":{\"@id\":\"https:\\\/\\\/regiaonews.net.br\\\/2022\\\/#\\\/schema\\\/logo\\\/image\\\/\"}},{\"@type\":\"Person\",\"@id\":\"https:\\\/\\\/regiaonews.net.br\\\/2022\\\/#\\\/schema\\\/person\\\/2d205a608a5aa97ac279d7a5e6d89ad8\",\"name\":\"Roberto\",\"image\":{\"@type\":\"ImageObject\",\"inLanguage\":\"pt-BR\",\"@id\":\"https:\\\/\\\/secure.gravatar.com\\\/avatar\\\/42749d8b712ff9d59ca93dc150494e5b55a44134482993f5baeb97e61b7ecc89?s=96&d=mm&r=g\",\"url\":\"https:\\\/\\\/secure.gravatar.com\\\/avatar\\\/42749d8b712ff9d59ca93dc150494e5b55a44134482993f5baeb97e61b7ecc89?s=96&d=mm&r=g\",\"contentUrl\":\"https:\\\/\\\/secure.gravatar.com\\\/avatar\\\/42749d8b712ff9d59ca93dc150494e5b55a44134482993f5baeb97e61b7ecc89?s=96&d=mm&r=g\",\"caption\":\"Roberto\"},\"url\":\"https:\\\/\\\/regiaonews.net.br\\\/2022\\\/author\\\/roberto\\\/\"}]}<\/script>\n<!-- \/ Yoast SEO plugin. -->","yoast_head_json":{"title":"SAAE Barretos viabiliza venda de materiais recicl\u00e1veis e refor\u00e7a compromisso ambiental - Regi\u00e3o News","robots":{"index":"index","follow":"follow","max-snippet":"max-snippet:-1","max-image-preview":"max-image-preview:large","max-video-preview":"max-video-preview:-1"},"canonical":"https:\/\/regiaonews.net.br\/2022\/2024\/04\/18\/saae-barretos-viabiliza-venda-de-materiais-reciclaveis-e-reforca-compromisso-ambiental\/","og_locale":"pt_BR","og_type":"article","og_title":"SAAE Barretos viabiliza venda de materiais recicl\u00e1veis e refor\u00e7a compromisso ambiental - Regi\u00e3o News","og_description":"Com a venda de papel\u00e3o e pl\u00e1stico, autarquia estimula a","og_url":"https:\/\/regiaonews.net.br\/2022\/2024\/04\/18\/saae-barretos-viabiliza-venda-de-materiais-reciclaveis-e-reforca-compromisso-ambiental\/","og_site_name":"Regi\u00e3o News","article_published_time":"2024-04-18T14:20:19+00:00","og_image":[{"width":1599,"height":899,"url":"https:\/\/regiaonews.net.br\/2022\/wp-content\/uploads\/2024\/04\/Imagem-do-WhatsApp-de-2024-04-18-as-10.45.15_51b26028.jpg","type":"image\/jpeg"}],"author":"Roberto","twitter_card":"summary_large_image","twitter_misc":{"Escrito por":"Roberto","Est. tempo de leitura":"3 minutos"},"schema":{"@context":"https:\/\/schema.org","@graph":[{"@type":"Article","@id":"https:\/\/regiaonews.net.br\/2022\/2024\/04\/18\/saae-barretos-viabiliza-venda-de-materiais-reciclaveis-e-reforca-compromisso-ambiental\/#article","isPartOf":{"@id":"https:\/\/regiaonews.net.br\/2022\/2024\/04\/18\/saae-barretos-viabiliza-venda-de-materiais-reciclaveis-e-reforca-compromisso-ambiental\/"},"author":{"name":"Roberto","@id":"https:\/\/regiaonews.net.br\/2022\/#\/schema\/person\/2d205a608a5aa97ac279d7a5e6d89ad8"},"headline":"SAAE Barretos viabiliza venda de materiais recicl\u00e1veis e refor\u00e7a compromisso ambiental","datePublished":"2024-04-18T14:20:19+00:00","mainEntityOfPage":{"@id":"https:\/\/regiaonews.net.br\/2022\/2024\/04\/18\/saae-barretos-viabiliza-venda-de-materiais-reciclaveis-e-reforca-compromisso-ambiental\/"},"wordCount":422,"commentCount":0,"publisher":{"@id":"https:\/\/regiaonews.net.br\/2022\/#organization"},"image":{"@id":"https:\/\/regiaonews.net.br\/2022\/2024\/04\/18\/saae-barretos-viabiliza-venda-de-materiais-reciclaveis-e-reforca-compromisso-ambiental\/#primaryimage"},"thumbnailUrl":"https:\/\/regiaonews.net.br\/2022\/wp-content\/uploads\/2024\/04\/Imagem-do-WhatsApp-de-2024-04-18-as-10.45.15_51b26028.jpg","articleSection":["Barretos","Geral"],"inLanguage":"pt-BR","potentialAction":[{"@type":"CommentAction","name":"Comment","target":["https:\/\/regiaonews.net.br\/2022\/2024\/04\/18\/saae-barretos-viabiliza-venda-de-materiais-reciclaveis-e-reforca-compromisso-ambiental\/#respond"]}]},{"@type":"WebPage","@id":"https:\/\/regiaonews.net.br\/2022\/2024\/04\/18\/saae-barretos-viabiliza-venda-de-materiais-reciclaveis-e-reforca-compromisso-ambiental\/","url":"https:\/\/regiaonews.net.br\/2022\/2024\/04\/18\/saae-barretos-viabiliza-venda-de-materiais-reciclaveis-e-reforca-compromisso-ambiental\/","name":"SAAE Barretos viabiliza venda de materiais recicl\u00e1veis e refor\u00e7a compromisso ambiental - Regi\u00e3o News","isPartOf":{"@id":"https:\/\/regiaonews.net.br\/2022\/#website"},"primaryImageOfPage":{"@id":"https:\/\/regiaonews.net.br\/2022\/2024\/04\/18\/saae-barretos-viabiliza-venda-de-materiais-reciclaveis-e-reforca-compromisso-ambiental\/#primaryimage"},"image":{"@id":"https:\/\/regiaonews.net.br\/2022\/2024\/04\/18\/saae-barretos-viabiliza-venda-de-materiais-reciclaveis-e-reforca-compromisso-ambiental\/#primaryimage"},"thumbnailUrl":"https:\/\/regiaonews.net.br\/2022\/wp-content\/uploads\/2024\/04\/Imagem-do-WhatsApp-de-2024-04-18-as-10.45.15_51b26028.jpg","datePublished":"2024-04-18T14:20:19+00:00","breadcrumb":{"@id":"https:\/\/regiaonews.net.br\/2022\/2024\/04\/18\/saae-barretos-viabiliza-venda-de-materiais-reciclaveis-e-reforca-compromisso-ambiental\/#breadcrumb"},"inLanguage":"pt-BR","potentialAction":[{"@type":"ReadAction","target":["https:\/\/regiaonews.net.br\/2022\/2024\/04\/18\/saae-barretos-viabiliza-venda-de-materiais-reciclaveis-e-reforca-compromisso-ambiental\/"]}]},{"@type":"ImageObject","inLanguage":"pt-BR","@id":"https:\/\/regiaonews.net.br\/2022\/2024\/04\/18\/saae-barretos-viabiliza-venda-de-materiais-reciclaveis-e-reforca-compromisso-ambiental\/#primaryimage","url":"https:\/\/regiaonews.net.br\/2022\/wp-content\/uploads\/2024\/04\/Imagem-do-WhatsApp-de-2024-04-18-as-10.45.15_51b26028.jpg","contentUrl":"https:\/\/regiaonews.net.br\/2022\/wp-content\/uploads\/2024\/04\/Imagem-do-WhatsApp-de-2024-04-18-as-10.45.15_51b26028.jpg","width":1599,"height":899},{"@type":"BreadcrumbList","@id":"https:\/\/regiaonews.net.br\/2022\/2024\/04\/18\/saae-barretos-viabiliza-venda-de-materiais-reciclaveis-e-reforca-compromisso-ambiental\/#breadcrumb","itemListElement":[{"@type":"ListItem","position":1,"name":"In\u00edcio","item":"https:\/\/regiaonews.net.br\/2022\/"},{"@type":"ListItem","position":2,"name":"SAAE Barretos viabiliza venda de materiais recicl\u00e1veis e refor\u00e7a compromisso ambiental"}]},{"@type":"WebSite","@id":"https:\/\/regiaonews.net.br\/2022\/#website","url":"https:\/\/regiaonews.net.br\/2022\/","name":"Regi\u00e3o News","description":"Site de Not\u00edcias de Barretos e regi\u00e3o","publisher":{"@id":"https:\/\/regiaonews.net.br\/2022\/#organization"},"potentialAction":[{"@type":"SearchAction","target":{"@type":"EntryPoint","urlTemplate":"https:\/\/regiaonews.net.br\/2022\/?s={search_term_string}"},"query-input":{"@type":"PropertyValueSpecification","valueRequired":true,"valueName":"search_term_string"}}],"inLanguage":"pt-BR"},{"@type":"Organization","@id":"https:\/\/regiaonews.net.br\/2022\/#organization","name":"Regi\u00e3o News","url":"https:\/\/regiaonews.net.br\/2022\/","logo":{"@type":"ImageObject","inLanguage":"pt-BR","@id":"https:\/\/regiaonews.net.br\/2022\/#\/schema\/logo\/image\/","url":"https:\/\/regiaonews.net.br\/2022\/wp-content\/uploads\/2026\/03\/regiao-13-anos-scaled.jpg","contentUrl":"https:\/\/regiaonews.net.br\/2022\/wp-content\/uploads\/2026\/03\/regiao-13-anos-scaled.jpg","width":2560,"height":635,"caption":"Regi\u00e3o News"},"image":{"@id":"https:\/\/regiaonews.net.br\/2022\/#\/schema\/logo\/image\/"}},{"@type":"Person","@id":"https:\/\/regiaonews.net.br\/2022\/#\/schema\/person\/2d205a608a5aa97ac279d7a5e6d89ad8","name":"Roberto","image":{"@type":"ImageObject","inLanguage":"pt-BR","@id":"https:\/\/secure.gravatar.com\/avatar\/42749d8b712ff9d59ca93dc150494e5b55a44134482993f5baeb97e61b7ecc89?s=96&d=mm&r=g","url":"https:\/\/secure.gravatar.com\/avatar\/42749d8b712ff9d59ca93dc150494e5b55a44134482993f5baeb97e61b7ecc89?s=96&d=mm&r=g","contentUrl":"https:\/\/secure.gravatar.com\/avatar\/42749d8b712ff9d59ca93dc150494e5b55a44134482993f5baeb97e61b7ecc89?s=96&d=mm&r=g","caption":"Roberto"},"url":"https:\/\/regiaonews.net.br\/2022\/author\/roberto\/"}]}},"publishpress_future_action":{"enabled":false,"date":"2026-05-03 14:03:35","action":"change-status","newStatus":"draft","terms":[],"taxonomy":"category","extraData":[]},"publishpress_future_workflow_manual_trigger":{"enabledWorkflows":[]},"_links":{"self":[{"href":"https:\/\/regiaonews.net.br\/2022\/wp-json\/wp\/v2\/posts\/103855","targetHints":{"allow":["GET"]}}],"collection":[{"href":"https:\/\/regiaonews.net.br\/2022\/wp-json\/wp\/v2\/posts"}],"about":[{"href":"https:\/\/regiaonews.net.br\/2022\/wp-json\/wp\/v2\/types\/post"}],"author":[{"embeddable":true,"href":"https:\/\/regiaonews.net.br\/2022\/wp-json\/wp\/v2\/users\/2"}],"replies":[{"embeddable":true,"href":"https:\/\/regiaonews.net.br\/2022\/wp-json\/wp\/v2\/comments?post=103855"}],"version-history":[{"count":1,"href":"https:\/\/regiaonews.net.br\/2022\/wp-json\/wp\/v2\/posts\/103855\/revisions"}],"predecessor-version":[{"id":103857,"href":"https:\/\/regiaonews.net.br\/2022\/wp-json\/wp\/v2\/posts\/103855\/revisions\/103857"}],"wp:featuredmedia":[{"embeddable":true,"href":"https:\/\/regiaonews.net.br\/2022\/wp-json\/wp\/v2\/media\/103856"}],"wp:attachment":[{"href":"https:\/\/regiaonews.net.br\/2022\/wp-json\/wp\/v2\/media?parent=103855"}],"wp:term":[{"taxonomy":"category","embeddable":true,"href":"https:\/\/regiaonews.net.br\/2022\/wp-json\/wp\/v2\/categories?post=103855"},{"taxonomy":"post_tag","embeddable":true,"href":"https:\/\/regiaonews.net.br\/2022\/wp-json\/wp\/v2\/tags?post=103855"}],"curies":[{"name":"wp","href":"https:\/\/api.w.org\/{rel}","templated":true}]}}