{"id":103837,"date":"2024-04-17T19:39:42","date_gmt":"2024-04-17T22:39:42","guid":{"rendered":"https:\/\/regiaonews.net.br\/2022\/?p=103837"},"modified":"2024-04-17T19:39:42","modified_gmt":"2024-04-17T22:39:42","slug":"camara-economiza-e-devolve-r-300-mil-ao-municipio-no-primeiro-bimestre-de-2024","status":"publish","type":"post","link":"https:\/\/regiaonews.net.br\/2022\/2024\/04\/17\/camara-economiza-e-devolve-r-300-mil-ao-municipio-no-primeiro-bimestre-de-2024\/","title":{"rendered":"C\u00e2mara economiza e devolve R$ 300 mil ao Munic\u00edpio no primeiro bimestre de 2024"},"content":{"rendered":"<h3 class=\"mb-4\">Transfer\u00eancia foi realizada na tarde de segunda-feira (15\/abr). Dinheiro poder\u00e1 ser utilizado pela Prefeitura para melhorias em diversas \u00e1reas da cidade.<\/h3>\n<p dir=\"ltr\">A C\u00e2mara de Barretos devolveu\u00a0<strong>R$ 300 mil\u00a0<\/strong>\u00e0 Prefeitura na tarde de segunda-feira (15\/abr). O valor \u00e9 referente \u00e0s economias dos duod\u00e9cimos feitas pela\u00a0<a title=\"\" href=\"https:\/\/camarabarretos.sp.gov.br\/mesa-diretora\" target=\"_blank\" rel=\"noopener\">Mesa Diretora<\/a>\u00a0\u00a0do Legislativo entre janeiro e fevereiro de 2024.<\/p>\n<p dir=\"ltr\">\n<p dir=\"ltr\"><strong>O\u00a0dinheiro foi enviado por transfer\u00eancia banc\u00e1ria e poder\u00e1 ser utilizado pela Prefeitura para a realiza\u00e7\u00e3o de melhorias em diversas \u00e1reas da cidade<\/strong>.<\/p>\n<p dir=\"ltr\">\n<p dir=\"ltr\">De acordo com Constitui\u00e7\u00e3o Federal, os valores que a C\u00e2mara recebe da Prefeitura por meio dos \u201cduod\u00e9cimos\u201d (repasses mensais at\u00e9 o dia 20) e que n\u00e3o forem utilizados no decorrer do Exerc\u00edcio, precisam ser devolvidos aos cofres do Munic\u00edpio at\u00e9 o \u00faltimo dia \u00fatil do ano.\u00a0Por\u00e9m,\u00a0<strong>o Presidente da C\u00e2mara, vereador Lu\u00eds Paulo Vieira &#8211; Lupa (REPUBLICANOS) anunciou que a partir de agora vai fazer as devolu\u00e7\u00f5es \u00e0 Prefeitura de forma bimestral.\u00a0<\/strong><\/p>\n<p dir=\"ltr\">\n<p dir=\"ltr\">A expectativa \u00e9 que outra devolu\u00e7\u00e3o seja realizada at\u00e9 o in\u00edcio de maio.<\/p>\n<p dir=\"ltr\">\n<p dir=\"ltr\">\n<hr \/>\n<p dir=\"ltr\">\n<p dir=\"ltr\"><strong><u>MAIS ECONOMIA:\u00a0<\/u>REDU\u00c7\u00c3O IMEDIATA \u00a0DE R$ 7,7\u00a0\u00a0MILH\u00d5ES NO OR\u00c7AMENTO PARA 2024<\/strong><\/p>\n<p dir=\"ltr\">No final de 2023, os vereadores aprovaram a\u00a0<strong>redu\u00e7\u00e3o no valor do Or\u00e7amento da C\u00e2mara para 2024.\u00a0<\/strong><\/p>\n<p dir=\"ltr\">\n<p dir=\"ltr\">De acordo com o\u00a0<a href=\"https:\/\/www.jusbrasil.com.br\/topicos\/27997295\/artigo-29a-da-constituicao-federal-de-1988\" target=\"_blank\" rel=\"noopener\">Inciso II do Art. 29-A da Constitui\u00e7\u00e3o Federal<\/a>,\u00a0<strong>nas cidades com popula\u00e7\u00e3o entre 100 mil e 300 mil habitantes<\/strong>, o valor do Or\u00e7amento da C\u00e2mara\u00a0<strong>n\u00e3o pode ser maior que 6% da Receita Tribut\u00e1ria do Munic\u00edpio (valores arrecadados com impostos, tributos e outros) referente ao ano anterior.<\/strong><\/p>\n<p dir=\"ltr\">\n<p dir=\"ltr\"><strong>Sendo assim, para 2024, o Or\u00e7amento da C\u00e2mara de Barretos poderia ser de at\u00e9 R$ 25,2 milh\u00f5es (6%). Por\u00e9m, a Mesa Diretora &#8211; com o apoio de todos os vereadores &#8211; fixou o valor em R$ 17,5 milh\u00f5es, ou seja, apenas 4,16 % do permitido. Em n\u00fameros, ocorre uma economia imediata de R$ 7,7 milh\u00f5es para a cidade.<\/strong><\/p>\n<p dir=\"ltr\">\n","protected":false},"excerpt":{"rendered":"<p>Transfer\u00eancia foi realizada na tarde de segunda-feira (15\/abr). Dinheiro poder\u00e1<\/p>\n","protected":false},"author":2,"featured_media":103838,"comment_status":"open","ping_status":"open","sticky":false,"template":"","format":"standard","meta":{"footnotes":""},"categories":[14,25],"tags":[],"class_list":["post-103837","post","type-post","status-publish","format-standard","has-post-thumbnail","hentry","category-barretos","category-cidades"],"yoast_head":"<!-- This site is optimized with the Yoast SEO plugin v27.4 - https:\/\/yoast.com\/product\/yoast-seo-wordpress\/ -->\n<title>C\u00e2mara economiza e devolve R$ 300 mil ao Munic\u00edpio no primeiro bimestre de 2024 - Regi\u00e3o News<\/title>\n<meta name=\"robots\" content=\"index, follow, max-snippet:-1, max-image-preview:large, max-video-preview:-1\" \/>\n<link rel=\"canonical\" href=\"https:\/\/regiaonews.net.br\/2022\/2024\/04\/17\/camara-economiza-e-devolve-r-300-mil-ao-municipio-no-primeiro-bimestre-de-2024\/\" \/>\n<meta property=\"og:locale\" content=\"pt_BR\" \/>\n<meta property=\"og:type\" content=\"article\" \/>\n<meta property=\"og:title\" content=\"C\u00e2mara economiza e devolve R$ 300 mil ao Munic\u00edpio no primeiro bimestre de 2024 - Regi\u00e3o News\" \/>\n<meta property=\"og:description\" content=\"Transfer\u00eancia foi realizada na tarde de segunda-feira (15\/abr). Dinheiro poder\u00e1\" \/>\n<meta property=\"og:url\" content=\"https:\/\/regiaonews.net.br\/2022\/2024\/04\/17\/camara-economiza-e-devolve-r-300-mil-ao-municipio-no-primeiro-bimestre-de-2024\/\" \/>\n<meta property=\"og:site_name\" content=\"Regi\u00e3o News\" \/>\n<meta property=\"article:published_time\" content=\"2024-04-17T22:39:42+00:00\" \/>\n<meta property=\"og:image\" content=\"https:\/\/regiaonews.net.br\/2022\/wp-content\/uploads\/2024\/04\/alta_1713363534661fda4ed07b0.jpg\" \/>\n\t<meta property=\"og:image:width\" content=\"1920\" \/>\n\t<meta property=\"og:image:height\" content=\"1080\" \/>\n\t<meta property=\"og:image:type\" content=\"image\/jpeg\" \/>\n<meta name=\"author\" content=\"Roberto\" \/>\n<meta name=\"twitter:card\" content=\"summary_large_image\" \/>\n<meta name=\"twitter:label1\" content=\"Escrito por\" \/>\n\t<meta name=\"twitter:data1\" content=\"Roberto\" \/>\n\t<meta name=\"twitter:label2\" content=\"Est. tempo de leitura\" \/>\n\t<meta name=\"twitter:data2\" content=\"2 minutos\" \/>\n<script type=\"application\/ld+json\" class=\"yoast-schema-graph\">{\"@context\":\"https:\\\/\\\/schema.org\",\"@graph\":[{\"@type\":\"Article\",\"@id\":\"https:\\\/\\\/regiaonews.net.br\\\/2022\\\/2024\\\/04\\\/17\\\/camara-economiza-e-devolve-r-300-mil-ao-municipio-no-primeiro-bimestre-de-2024\\\/#article\",\"isPartOf\":{\"@id\":\"https:\\\/\\\/regiaonews.net.br\\\/2022\\\/2024\\\/04\\\/17\\\/camara-economiza-e-devolve-r-300-mil-ao-municipio-no-primeiro-bimestre-de-2024\\\/\"},\"author\":{\"name\":\"Roberto\",\"@id\":\"https:\\\/\\\/regiaonews.net.br\\\/2022\\\/#\\\/schema\\\/person\\\/2d205a608a5aa97ac279d7a5e6d89ad8\"},\"headline\":\"C\u00e2mara economiza e devolve R$ 300 mil ao Munic\u00edpio no primeiro bimestre de 2024\",\"datePublished\":\"2024-04-17T22:39:42+00:00\",\"mainEntityOfPage\":{\"@id\":\"https:\\\/\\\/regiaonews.net.br\\\/2022\\\/2024\\\/04\\\/17\\\/camara-economiza-e-devolve-r-300-mil-ao-municipio-no-primeiro-bimestre-de-2024\\\/\"},\"wordCount\":334,\"commentCount\":0,\"publisher\":{\"@id\":\"https:\\\/\\\/regiaonews.net.br\\\/2022\\\/#organization\"},\"image\":{\"@id\":\"https:\\\/\\\/regiaonews.net.br\\\/2022\\\/2024\\\/04\\\/17\\\/camara-economiza-e-devolve-r-300-mil-ao-municipio-no-primeiro-bimestre-de-2024\\\/#primaryimage\"},\"thumbnailUrl\":\"https:\\\/\\\/regiaonews.net.br\\\/2022\\\/wp-content\\\/uploads\\\/2024\\\/04\\\/alta_1713363534661fda4ed07b0.jpg\",\"articleSection\":[\"Barretos\",\"Cidades\"],\"inLanguage\":\"pt-BR\",\"potentialAction\":[{\"@type\":\"CommentAction\",\"name\":\"Comment\",\"target\":[\"https:\\\/\\\/regiaonews.net.br\\\/2022\\\/2024\\\/04\\\/17\\\/camara-economiza-e-devolve-r-300-mil-ao-municipio-no-primeiro-bimestre-de-2024\\\/#respond\"]}]},{\"@type\":\"WebPage\",\"@id\":\"https:\\\/\\\/regiaonews.net.br\\\/2022\\\/2024\\\/04\\\/17\\\/camara-economiza-e-devolve-r-300-mil-ao-municipio-no-primeiro-bimestre-de-2024\\\/\",\"url\":\"https:\\\/\\\/regiaonews.net.br\\\/2022\\\/2024\\\/04\\\/17\\\/camara-economiza-e-devolve-r-300-mil-ao-municipio-no-primeiro-bimestre-de-2024\\\/\",\"name\":\"C\u00e2mara economiza e devolve R$ 300 mil ao Munic\u00edpio no primeiro bimestre de 2024 - Regi\u00e3o News\",\"isPartOf\":{\"@id\":\"https:\\\/\\\/regiaonews.net.br\\\/2022\\\/#website\"},\"primaryImageOfPage\":{\"@id\":\"https:\\\/\\\/regiaonews.net.br\\\/2022\\\/2024\\\/04\\\/17\\\/camara-economiza-e-devolve-r-300-mil-ao-municipio-no-primeiro-bimestre-de-2024\\\/#primaryimage\"},\"image\":{\"@id\":\"https:\\\/\\\/regiaonews.net.br\\\/2022\\\/2024\\\/04\\\/17\\\/camara-economiza-e-devolve-r-300-mil-ao-municipio-no-primeiro-bimestre-de-2024\\\/#primaryimage\"},\"thumbnailUrl\":\"https:\\\/\\\/regiaonews.net.br\\\/2022\\\/wp-content\\\/uploads\\\/2024\\\/04\\\/alta_1713363534661fda4ed07b0.jpg\",\"datePublished\":\"2024-04-17T22:39:42+00:00\",\"breadcrumb\":{\"@id\":\"https:\\\/\\\/regiaonews.net.br\\\/2022\\\/2024\\\/04\\\/17\\\/camara-economiza-e-devolve-r-300-mil-ao-municipio-no-primeiro-bimestre-de-2024\\\/#breadcrumb\"},\"inLanguage\":\"pt-BR\",\"potentialAction\":[{\"@type\":\"ReadAction\",\"target\":[\"https:\\\/\\\/regiaonews.net.br\\\/2022\\\/2024\\\/04\\\/17\\\/camara-economiza-e-devolve-r-300-mil-ao-municipio-no-primeiro-bimestre-de-2024\\\/\"]}]},{\"@type\":\"ImageObject\",\"inLanguage\":\"pt-BR\",\"@id\":\"https:\\\/\\\/regiaonews.net.br\\\/2022\\\/2024\\\/04\\\/17\\\/camara-economiza-e-devolve-r-300-mil-ao-municipio-no-primeiro-bimestre-de-2024\\\/#primaryimage\",\"url\":\"https:\\\/\\\/regiaonews.net.br\\\/2022\\\/wp-content\\\/uploads\\\/2024\\\/04\\\/alta_1713363534661fda4ed07b0.jpg\",\"contentUrl\":\"https:\\\/\\\/regiaonews.net.br\\\/2022\\\/wp-content\\\/uploads\\\/2024\\\/04\\\/alta_1713363534661fda4ed07b0.jpg\",\"width\":1920,\"height\":1080},{\"@type\":\"BreadcrumbList\",\"@id\":\"https:\\\/\\\/regiaonews.net.br\\\/2022\\\/2024\\\/04\\\/17\\\/camara-economiza-e-devolve-r-300-mil-ao-municipio-no-primeiro-bimestre-de-2024\\\/#breadcrumb\",\"itemListElement\":[{\"@type\":\"ListItem\",\"position\":1,\"name\":\"In\u00edcio\",\"item\":\"https:\\\/\\\/regiaonews.net.br\\\/2022\\\/\"},{\"@type\":\"ListItem\",\"position\":2,\"name\":\"C\u00e2mara economiza e devolve R$ 300 mil ao Munic\u00edpio no primeiro bimestre de 2024\"}]},{\"@type\":\"WebSite\",\"@id\":\"https:\\\/\\\/regiaonews.net.br\\\/2022\\\/#website\",\"url\":\"https:\\\/\\\/regiaonews.net.br\\\/2022\\\/\",\"name\":\"Regi\u00e3o News\",\"description\":\"Site de Not\u00edcias de Barretos e regi\u00e3o\",\"publisher\":{\"@id\":\"https:\\\/\\\/regiaonews.net.br\\\/2022\\\/#organization\"},\"potentialAction\":[{\"@type\":\"SearchAction\",\"target\":{\"@type\":\"EntryPoint\",\"urlTemplate\":\"https:\\\/\\\/regiaonews.net.br\\\/2022\\\/?s={search_term_string}\"},\"query-input\":{\"@type\":\"PropertyValueSpecification\",\"valueRequired\":true,\"valueName\":\"search_term_string\"}}],\"inLanguage\":\"pt-BR\"},{\"@type\":\"Organization\",\"@id\":\"https:\\\/\\\/regiaonews.net.br\\\/2022\\\/#organization\",\"name\":\"Regi\u00e3o News\",\"url\":\"https:\\\/\\\/regiaonews.net.br\\\/2022\\\/\",\"logo\":{\"@type\":\"ImageObject\",\"inLanguage\":\"pt-BR\",\"@id\":\"https:\\\/\\\/regiaonews.net.br\\\/2022\\\/#\\\/schema\\\/logo\\\/image\\\/\",\"url\":\"https:\\\/\\\/regiaonews.net.br\\\/2022\\\/wp-content\\\/uploads\\\/2026\\\/03\\\/regiao-13-anos-scaled.jpg\",\"contentUrl\":\"https:\\\/\\\/regiaonews.net.br\\\/2022\\\/wp-content\\\/uploads\\\/2026\\\/03\\\/regiao-13-anos-scaled.jpg\",\"width\":2560,\"height\":635,\"caption\":\"Regi\u00e3o News\"},\"image\":{\"@id\":\"https:\\\/\\\/regiaonews.net.br\\\/2022\\\/#\\\/schema\\\/logo\\\/image\\\/\"}},{\"@type\":\"Person\",\"@id\":\"https:\\\/\\\/regiaonews.net.br\\\/2022\\\/#\\\/schema\\\/person\\\/2d205a608a5aa97ac279d7a5e6d89ad8\",\"name\":\"Roberto\",\"image\":{\"@type\":\"ImageObject\",\"inLanguage\":\"pt-BR\",\"@id\":\"https:\\\/\\\/secure.gravatar.com\\\/avatar\\\/42749d8b712ff9d59ca93dc150494e5b55a44134482993f5baeb97e61b7ecc89?s=96&d=mm&r=g\",\"url\":\"https:\\\/\\\/secure.gravatar.com\\\/avatar\\\/42749d8b712ff9d59ca93dc150494e5b55a44134482993f5baeb97e61b7ecc89?s=96&d=mm&r=g\",\"contentUrl\":\"https:\\\/\\\/secure.gravatar.com\\\/avatar\\\/42749d8b712ff9d59ca93dc150494e5b55a44134482993f5baeb97e61b7ecc89?s=96&d=mm&r=g\",\"caption\":\"Roberto\"},\"url\":\"https:\\\/\\\/regiaonews.net.br\\\/2022\\\/author\\\/roberto\\\/\"}]}<\/script>\n<!-- \/ Yoast SEO plugin. -->","yoast_head_json":{"title":"C\u00e2mara economiza e devolve R$ 300 mil ao Munic\u00edpio no primeiro bimestre de 2024 - Regi\u00e3o News","robots":{"index":"index","follow":"follow","max-snippet":"max-snippet:-1","max-image-preview":"max-image-preview:large","max-video-preview":"max-video-preview:-1"},"canonical":"https:\/\/regiaonews.net.br\/2022\/2024\/04\/17\/camara-economiza-e-devolve-r-300-mil-ao-municipio-no-primeiro-bimestre-de-2024\/","og_locale":"pt_BR","og_type":"article","og_title":"C\u00e2mara economiza e devolve R$ 300 mil ao Munic\u00edpio no primeiro bimestre de 2024 - Regi\u00e3o News","og_description":"Transfer\u00eancia foi realizada na tarde de segunda-feira (15\/abr). Dinheiro poder\u00e1","og_url":"https:\/\/regiaonews.net.br\/2022\/2024\/04\/17\/camara-economiza-e-devolve-r-300-mil-ao-municipio-no-primeiro-bimestre-de-2024\/","og_site_name":"Regi\u00e3o News","article_published_time":"2024-04-17T22:39:42+00:00","og_image":[{"width":1920,"height":1080,"url":"https:\/\/regiaonews.net.br\/2022\/wp-content\/uploads\/2024\/04\/alta_1713363534661fda4ed07b0.jpg","type":"image\/jpeg"}],"author":"Roberto","twitter_card":"summary_large_image","twitter_misc":{"Escrito por":"Roberto","Est. tempo de leitura":"2 minutos"},"schema":{"@context":"https:\/\/schema.org","@graph":[{"@type":"Article","@id":"https:\/\/regiaonews.net.br\/2022\/2024\/04\/17\/camara-economiza-e-devolve-r-300-mil-ao-municipio-no-primeiro-bimestre-de-2024\/#article","isPartOf":{"@id":"https:\/\/regiaonews.net.br\/2022\/2024\/04\/17\/camara-economiza-e-devolve-r-300-mil-ao-municipio-no-primeiro-bimestre-de-2024\/"},"author":{"name":"Roberto","@id":"https:\/\/regiaonews.net.br\/2022\/#\/schema\/person\/2d205a608a5aa97ac279d7a5e6d89ad8"},"headline":"C\u00e2mara economiza e devolve R$ 300 mil ao Munic\u00edpio no primeiro bimestre de 2024","datePublished":"2024-04-17T22:39:42+00:00","mainEntityOfPage":{"@id":"https:\/\/regiaonews.net.br\/2022\/2024\/04\/17\/camara-economiza-e-devolve-r-300-mil-ao-municipio-no-primeiro-bimestre-de-2024\/"},"wordCount":334,"commentCount":0,"publisher":{"@id":"https:\/\/regiaonews.net.br\/2022\/#organization"},"image":{"@id":"https:\/\/regiaonews.net.br\/2022\/2024\/04\/17\/camara-economiza-e-devolve-r-300-mil-ao-municipio-no-primeiro-bimestre-de-2024\/#primaryimage"},"thumbnailUrl":"https:\/\/regiaonews.net.br\/2022\/wp-content\/uploads\/2024\/04\/alta_1713363534661fda4ed07b0.jpg","articleSection":["Barretos","Cidades"],"inLanguage":"pt-BR","potentialAction":[{"@type":"CommentAction","name":"Comment","target":["https:\/\/regiaonews.net.br\/2022\/2024\/04\/17\/camara-economiza-e-devolve-r-300-mil-ao-municipio-no-primeiro-bimestre-de-2024\/#respond"]}]},{"@type":"WebPage","@id":"https:\/\/regiaonews.net.br\/2022\/2024\/04\/17\/camara-economiza-e-devolve-r-300-mil-ao-municipio-no-primeiro-bimestre-de-2024\/","url":"https:\/\/regiaonews.net.br\/2022\/2024\/04\/17\/camara-economiza-e-devolve-r-300-mil-ao-municipio-no-primeiro-bimestre-de-2024\/","name":"C\u00e2mara economiza e devolve R$ 300 mil ao Munic\u00edpio no primeiro bimestre de 2024 - Regi\u00e3o News","isPartOf":{"@id":"https:\/\/regiaonews.net.br\/2022\/#website"},"primaryImageOfPage":{"@id":"https:\/\/regiaonews.net.br\/2022\/2024\/04\/17\/camara-economiza-e-devolve-r-300-mil-ao-municipio-no-primeiro-bimestre-de-2024\/#primaryimage"},"image":{"@id":"https:\/\/regiaonews.net.br\/2022\/2024\/04\/17\/camara-economiza-e-devolve-r-300-mil-ao-municipio-no-primeiro-bimestre-de-2024\/#primaryimage"},"thumbnailUrl":"https:\/\/regiaonews.net.br\/2022\/wp-content\/uploads\/2024\/04\/alta_1713363534661fda4ed07b0.jpg","datePublished":"2024-04-17T22:39:42+00:00","breadcrumb":{"@id":"https:\/\/regiaonews.net.br\/2022\/2024\/04\/17\/camara-economiza-e-devolve-r-300-mil-ao-municipio-no-primeiro-bimestre-de-2024\/#breadcrumb"},"inLanguage":"pt-BR","potentialAction":[{"@type":"ReadAction","target":["https:\/\/regiaonews.net.br\/2022\/2024\/04\/17\/camara-economiza-e-devolve-r-300-mil-ao-municipio-no-primeiro-bimestre-de-2024\/"]}]},{"@type":"ImageObject","inLanguage":"pt-BR","@id":"https:\/\/regiaonews.net.br\/2022\/2024\/04\/17\/camara-economiza-e-devolve-r-300-mil-ao-municipio-no-primeiro-bimestre-de-2024\/#primaryimage","url":"https:\/\/regiaonews.net.br\/2022\/wp-content\/uploads\/2024\/04\/alta_1713363534661fda4ed07b0.jpg","contentUrl":"https:\/\/regiaonews.net.br\/2022\/wp-content\/uploads\/2024\/04\/alta_1713363534661fda4ed07b0.jpg","width":1920,"height":1080},{"@type":"BreadcrumbList","@id":"https:\/\/regiaonews.net.br\/2022\/2024\/04\/17\/camara-economiza-e-devolve-r-300-mil-ao-municipio-no-primeiro-bimestre-de-2024\/#breadcrumb","itemListElement":[{"@type":"ListItem","position":1,"name":"In\u00edcio","item":"https:\/\/regiaonews.net.br\/2022\/"},{"@type":"ListItem","position":2,"name":"C\u00e2mara economiza e devolve R$ 300 mil ao Munic\u00edpio no primeiro bimestre de 2024"}]},{"@type":"WebSite","@id":"https:\/\/regiaonews.net.br\/2022\/#website","url":"https:\/\/regiaonews.net.br\/2022\/","name":"Regi\u00e3o News","description":"Site de Not\u00edcias de Barretos e regi\u00e3o","publisher":{"@id":"https:\/\/regiaonews.net.br\/2022\/#organization"},"potentialAction":[{"@type":"SearchAction","target":{"@type":"EntryPoint","urlTemplate":"https:\/\/regiaonews.net.br\/2022\/?s={search_term_string}"},"query-input":{"@type":"PropertyValueSpecification","valueRequired":true,"valueName":"search_term_string"}}],"inLanguage":"pt-BR"},{"@type":"Organization","@id":"https:\/\/regiaonews.net.br\/2022\/#organization","name":"Regi\u00e3o News","url":"https:\/\/regiaonews.net.br\/2022\/","logo":{"@type":"ImageObject","inLanguage":"pt-BR","@id":"https:\/\/regiaonews.net.br\/2022\/#\/schema\/logo\/image\/","url":"https:\/\/regiaonews.net.br\/2022\/wp-content\/uploads\/2026\/03\/regiao-13-anos-scaled.jpg","contentUrl":"https:\/\/regiaonews.net.br\/2022\/wp-content\/uploads\/2026\/03\/regiao-13-anos-scaled.jpg","width":2560,"height":635,"caption":"Regi\u00e3o News"},"image":{"@id":"https:\/\/regiaonews.net.br\/2022\/#\/schema\/logo\/image\/"}},{"@type":"Person","@id":"https:\/\/regiaonews.net.br\/2022\/#\/schema\/person\/2d205a608a5aa97ac279d7a5e6d89ad8","name":"Roberto","image":{"@type":"ImageObject","inLanguage":"pt-BR","@id":"https:\/\/secure.gravatar.com\/avatar\/42749d8b712ff9d59ca93dc150494e5b55a44134482993f5baeb97e61b7ecc89?s=96&d=mm&r=g","url":"https:\/\/secure.gravatar.com\/avatar\/42749d8b712ff9d59ca93dc150494e5b55a44134482993f5baeb97e61b7ecc89?s=96&d=mm&r=g","contentUrl":"https:\/\/secure.gravatar.com\/avatar\/42749d8b712ff9d59ca93dc150494e5b55a44134482993f5baeb97e61b7ecc89?s=96&d=mm&r=g","caption":"Roberto"},"url":"https:\/\/regiaonews.net.br\/2022\/author\/roberto\/"}]}},"publishpress_future_action":{"enabled":false,"date":"2026-05-03 17:35:45","action":"change-status","newStatus":"draft","terms":[],"taxonomy":"category","extraData":[]},"publishpress_future_workflow_manual_trigger":{"enabledWorkflows":[]},"_links":{"self":[{"href":"https:\/\/regiaonews.net.br\/2022\/wp-json\/wp\/v2\/posts\/103837","targetHints":{"allow":["GET"]}}],"collection":[{"href":"https:\/\/regiaonews.net.br\/2022\/wp-json\/wp\/v2\/posts"}],"about":[{"href":"https:\/\/regiaonews.net.br\/2022\/wp-json\/wp\/v2\/types\/post"}],"author":[{"embeddable":true,"href":"https:\/\/regiaonews.net.br\/2022\/wp-json\/wp\/v2\/users\/2"}],"replies":[{"embeddable":true,"href":"https:\/\/regiaonews.net.br\/2022\/wp-json\/wp\/v2\/comments?post=103837"}],"version-history":[{"count":1,"href":"https:\/\/regiaonews.net.br\/2022\/wp-json\/wp\/v2\/posts\/103837\/revisions"}],"predecessor-version":[{"id":103839,"href":"https:\/\/regiaonews.net.br\/2022\/wp-json\/wp\/v2\/posts\/103837\/revisions\/103839"}],"wp:featuredmedia":[{"embeddable":true,"href":"https:\/\/regiaonews.net.br\/2022\/wp-json\/wp\/v2\/media\/103838"}],"wp:attachment":[{"href":"https:\/\/regiaonews.net.br\/2022\/wp-json\/wp\/v2\/media?parent=103837"}],"wp:term":[{"taxonomy":"category","embeddable":true,"href":"https:\/\/regiaonews.net.br\/2022\/wp-json\/wp\/v2\/categories?post=103837"},{"taxonomy":"post_tag","embeddable":true,"href":"https:\/\/regiaonews.net.br\/2022\/wp-json\/wp\/v2\/tags?post=103837"}],"curies":[{"name":"wp","href":"https:\/\/api.w.org\/{rel}","templated":true}]}}