{"id":103799,"date":"2024-04-17T11:20:51","date_gmt":"2024-04-17T14:20:51","guid":{"rendered":"https:\/\/regiaonews.net.br\/2022\/?p=103799"},"modified":"2024-04-17T11:20:51","modified_gmt":"2024-04-17T14:20:51","slug":"campanha-mae-meu-porto-seguro-do-north-shopping-comeca-nesta-quinta-18","status":"publish","type":"post","link":"https:\/\/regiaonews.net.br\/2022\/2024\/04\/17\/campanha-mae-meu-porto-seguro-do-north-shopping-comeca-nesta-quinta-18\/","title":{"rendered":"Campanha \u201cM\u00e3e, meu Porto Seguro!\u201d do North Shopping come\u00e7a nesta quinta, 18"},"content":{"rendered":"<h3 style=\"text-align: center;\">A cada R$ 250 consumidos nas opera\u00e7\u00f5es do shopping, o cliente troca os cupons fiscais pelo cupom da campanha e concorrer a viagens para Porto Seguro, na Bahia<\/h3>\n<p>O North Shopping Barretos come\u00e7a nesta quinta, 18 de abril, a campanha \u201cM\u00e3e, meu Porto Seguro!\u201d, primeira fase da dobradinha de datas comemorativas, que traz duas das principais \u00e9pocas do ano para o com\u00e9rcio: M\u00e3es e Namorados. At\u00e9 o dia 12 de junho, os clientes poder\u00e3o trocar cupons e notas fiscais, com valores somados acima de R$ 250 por cupons da campanha que vai sortear oito pacotes tur\u00edsticos da Azul Viagens para Porto Seguro, na Bahia, com direito a acompanhante e com tudo pago. Nas compras realizadas de segunda a quarta os cupons s\u00e3o em dobro.<\/p>\n<p>A campanha publicit\u00e1ria Dia das M\u00e3es 2024 tem como modelos a mam\u00e3e e influencer Amanda Alves Pires Savegnago, sua m\u00e3e Iris Pires e a pequena Mait\u00ea de um ano e tr\u00eas meses. Amanda, que \u00e9 nascida em Belo Horizonte\/MG, hoje mora em Sert\u00e3ozinho, casada com o empres\u00e1rio e diretor de marketing Murilo Savegnago, e quando realizou as fotos estava gr\u00e1vida e ainda no m\u00eas de abril chegar\u00e1 ao mundo a Celina.<\/p>\n<p><strong>A premia\u00e7\u00e3o<\/strong><\/p>\n<p>Juntas, as duas campanhas v\u00e3o sortear oito pacotes tur\u00edsticos da Azul Viagens, incluindo passagens a\u00e9reas de ida e volta, hospedagem de sete noites, com pens\u00e3o completa (caf\u00e9 da manh\u00e3, almo\u00e7o e jantar), para Porto Seguro, na Bahia, al\u00e9m de outros benef\u00edcios que prometem tornar a viagem inesquec\u00edvel. Toda premia\u00e7\u00e3o da campanha tem valor superior a R$ 55.000,00, tendo cada pacote o valor de R$ 6.900,00.<\/p>\n<p>O primeiro sorteio da dupla campanha acontece no dia 13 de maio, \u00e0s 11h, na Pra\u00e7a de Alimenta\u00e7\u00e3o do centro de compras, entre os cupons colocados nas urnas at\u00e9 \u00e0s 10h30. Neste dia ser\u00e3o sorteados quatro pacotes tur\u00edsticos. No fechamento da campanha, no dia 13 de junho, acontece, tamb\u00e9m \u00e0s 11h, o segundo e \u00faltimo sorteio, com todos os cupons participantes at\u00e9 o dia 12 de junho. Neste, ser\u00e3o sorteados os \u00faltimos quatro pacotes tur\u00edsticos. O regulamento da campanha pode ser encontrado no site www.northshoppingbarretos.com.br e o ponto de trocas dos cupons estar\u00e1 localizado defronte\u00a0a\u00a0Golfe\u00a0Class.<\/p>\n","protected":false},"excerpt":{"rendered":"<p>A cada R$ 250 consumidos nas opera\u00e7\u00f5es do shopping, o<\/p>\n","protected":false},"author":2,"featured_media":103800,"comment_status":"open","ping_status":"open","sticky":false,"template":"","format":"standard","meta":{"footnotes":""},"categories":[14,3],"tags":[],"class_list":["post-103799","post","type-post","status-publish","format-standard","has-post-thumbnail","hentry","category-barretos","category-geral"],"yoast_head":"<!-- This site is optimized with the Yoast SEO plugin v27.4 - https:\/\/yoast.com\/product\/yoast-seo-wordpress\/ -->\n<title>Campanha \u201cM\u00e3e, meu Porto Seguro!\u201d do North Shopping come\u00e7a nesta quinta, 18 - Regi\u00e3o News<\/title>\n<meta name=\"robots\" content=\"index, follow, max-snippet:-1, max-image-preview:large, max-video-preview:-1\" \/>\n<link rel=\"canonical\" href=\"https:\/\/regiaonews.net.br\/2022\/2024\/04\/17\/campanha-mae-meu-porto-seguro-do-north-shopping-comeca-nesta-quinta-18\/\" \/>\n<meta property=\"og:locale\" content=\"pt_BR\" \/>\n<meta property=\"og:type\" content=\"article\" \/>\n<meta property=\"og:title\" content=\"Campanha \u201cM\u00e3e, meu Porto Seguro!\u201d do North Shopping come\u00e7a nesta quinta, 18 - Regi\u00e3o News\" \/>\n<meta property=\"og:description\" content=\"A cada R$ 250 consumidos nas opera\u00e7\u00f5es do shopping, o\" \/>\n<meta property=\"og:url\" content=\"https:\/\/regiaonews.net.br\/2022\/2024\/04\/17\/campanha-mae-meu-porto-seguro-do-north-shopping-comeca-nesta-quinta-18\/\" \/>\n<meta property=\"og:site_name\" content=\"Regi\u00e3o News\" \/>\n<meta property=\"article:published_time\" content=\"2024-04-17T14:20:51+00:00\" \/>\n<meta property=\"og:image\" content=\"https:\/\/regiaonews.net.br\/2022\/wp-content\/uploads\/2024\/04\/Imagem-do-WhatsApp-de-2024-04-17-as-09.38.01_0d381505.jpg\" \/>\n\t<meta property=\"og:image:width\" content=\"1600\" \/>\n\t<meta property=\"og:image:height\" content=\"1066\" \/>\n\t<meta property=\"og:image:type\" content=\"image\/jpeg\" \/>\n<meta name=\"author\" content=\"Roberto\" \/>\n<meta name=\"twitter:card\" content=\"summary_large_image\" \/>\n<meta name=\"twitter:label1\" content=\"Escrito por\" \/>\n\t<meta name=\"twitter:data1\" content=\"Roberto\" \/>\n\t<meta name=\"twitter:label2\" content=\"Est. tempo de leitura\" \/>\n\t<meta name=\"twitter:data2\" content=\"2 minutos\" \/>\n<script type=\"application\/ld+json\" class=\"yoast-schema-graph\">{\"@context\":\"https:\\\/\\\/schema.org\",\"@graph\":[{\"@type\":\"Article\",\"@id\":\"https:\\\/\\\/regiaonews.net.br\\\/2022\\\/2024\\\/04\\\/17\\\/campanha-mae-meu-porto-seguro-do-north-shopping-comeca-nesta-quinta-18\\\/#article\",\"isPartOf\":{\"@id\":\"https:\\\/\\\/regiaonews.net.br\\\/2022\\\/2024\\\/04\\\/17\\\/campanha-mae-meu-porto-seguro-do-north-shopping-comeca-nesta-quinta-18\\\/\"},\"author\":{\"name\":\"Roberto\",\"@id\":\"https:\\\/\\\/regiaonews.net.br\\\/2022\\\/#\\\/schema\\\/person\\\/2d205a608a5aa97ac279d7a5e6d89ad8\"},\"headline\":\"Campanha \u201cM\u00e3e, meu Porto Seguro!\u201d do North Shopping come\u00e7a nesta quinta, 18\",\"datePublished\":\"2024-04-17T14:20:51+00:00\",\"mainEntityOfPage\":{\"@id\":\"https:\\\/\\\/regiaonews.net.br\\\/2022\\\/2024\\\/04\\\/17\\\/campanha-mae-meu-porto-seguro-do-north-shopping-comeca-nesta-quinta-18\\\/\"},\"wordCount\":400,\"commentCount\":0,\"publisher\":{\"@id\":\"https:\\\/\\\/regiaonews.net.br\\\/2022\\\/#organization\"},\"image\":{\"@id\":\"https:\\\/\\\/regiaonews.net.br\\\/2022\\\/2024\\\/04\\\/17\\\/campanha-mae-meu-porto-seguro-do-north-shopping-comeca-nesta-quinta-18\\\/#primaryimage\"},\"thumbnailUrl\":\"https:\\\/\\\/regiaonews.net.br\\\/2022\\\/wp-content\\\/uploads\\\/2024\\\/04\\\/Imagem-do-WhatsApp-de-2024-04-17-as-09.38.01_0d381505.jpg\",\"articleSection\":[\"Barretos\",\"Geral\"],\"inLanguage\":\"pt-BR\",\"potentialAction\":[{\"@type\":\"CommentAction\",\"name\":\"Comment\",\"target\":[\"https:\\\/\\\/regiaonews.net.br\\\/2022\\\/2024\\\/04\\\/17\\\/campanha-mae-meu-porto-seguro-do-north-shopping-comeca-nesta-quinta-18\\\/#respond\"]}]},{\"@type\":\"WebPage\",\"@id\":\"https:\\\/\\\/regiaonews.net.br\\\/2022\\\/2024\\\/04\\\/17\\\/campanha-mae-meu-porto-seguro-do-north-shopping-comeca-nesta-quinta-18\\\/\",\"url\":\"https:\\\/\\\/regiaonews.net.br\\\/2022\\\/2024\\\/04\\\/17\\\/campanha-mae-meu-porto-seguro-do-north-shopping-comeca-nesta-quinta-18\\\/\",\"name\":\"Campanha \u201cM\u00e3e, meu Porto Seguro!\u201d do North Shopping come\u00e7a nesta quinta, 18 - Regi\u00e3o News\",\"isPartOf\":{\"@id\":\"https:\\\/\\\/regiaonews.net.br\\\/2022\\\/#website\"},\"primaryImageOfPage\":{\"@id\":\"https:\\\/\\\/regiaonews.net.br\\\/2022\\\/2024\\\/04\\\/17\\\/campanha-mae-meu-porto-seguro-do-north-shopping-comeca-nesta-quinta-18\\\/#primaryimage\"},\"image\":{\"@id\":\"https:\\\/\\\/regiaonews.net.br\\\/2022\\\/2024\\\/04\\\/17\\\/campanha-mae-meu-porto-seguro-do-north-shopping-comeca-nesta-quinta-18\\\/#primaryimage\"},\"thumbnailUrl\":\"https:\\\/\\\/regiaonews.net.br\\\/2022\\\/wp-content\\\/uploads\\\/2024\\\/04\\\/Imagem-do-WhatsApp-de-2024-04-17-as-09.38.01_0d381505.jpg\",\"datePublished\":\"2024-04-17T14:20:51+00:00\",\"breadcrumb\":{\"@id\":\"https:\\\/\\\/regiaonews.net.br\\\/2022\\\/2024\\\/04\\\/17\\\/campanha-mae-meu-porto-seguro-do-north-shopping-comeca-nesta-quinta-18\\\/#breadcrumb\"},\"inLanguage\":\"pt-BR\",\"potentialAction\":[{\"@type\":\"ReadAction\",\"target\":[\"https:\\\/\\\/regiaonews.net.br\\\/2022\\\/2024\\\/04\\\/17\\\/campanha-mae-meu-porto-seguro-do-north-shopping-comeca-nesta-quinta-18\\\/\"]}]},{\"@type\":\"ImageObject\",\"inLanguage\":\"pt-BR\",\"@id\":\"https:\\\/\\\/regiaonews.net.br\\\/2022\\\/2024\\\/04\\\/17\\\/campanha-mae-meu-porto-seguro-do-north-shopping-comeca-nesta-quinta-18\\\/#primaryimage\",\"url\":\"https:\\\/\\\/regiaonews.net.br\\\/2022\\\/wp-content\\\/uploads\\\/2024\\\/04\\\/Imagem-do-WhatsApp-de-2024-04-17-as-09.38.01_0d381505.jpg\",\"contentUrl\":\"https:\\\/\\\/regiaonews.net.br\\\/2022\\\/wp-content\\\/uploads\\\/2024\\\/04\\\/Imagem-do-WhatsApp-de-2024-04-17-as-09.38.01_0d381505.jpg\",\"width\":1600,\"height\":1066},{\"@type\":\"BreadcrumbList\",\"@id\":\"https:\\\/\\\/regiaonews.net.br\\\/2022\\\/2024\\\/04\\\/17\\\/campanha-mae-meu-porto-seguro-do-north-shopping-comeca-nesta-quinta-18\\\/#breadcrumb\",\"itemListElement\":[{\"@type\":\"ListItem\",\"position\":1,\"name\":\"In\u00edcio\",\"item\":\"https:\\\/\\\/regiaonews.net.br\\\/2022\\\/\"},{\"@type\":\"ListItem\",\"position\":2,\"name\":\"Campanha \u201cM\u00e3e, meu Porto Seguro!\u201d do North Shopping come\u00e7a nesta quinta, 18\"}]},{\"@type\":\"WebSite\",\"@id\":\"https:\\\/\\\/regiaonews.net.br\\\/2022\\\/#website\",\"url\":\"https:\\\/\\\/regiaonews.net.br\\\/2022\\\/\",\"name\":\"Regi\u00e3o News\",\"description\":\"Site de Not\u00edcias de Barretos e regi\u00e3o\",\"publisher\":{\"@id\":\"https:\\\/\\\/regiaonews.net.br\\\/2022\\\/#organization\"},\"potentialAction\":[{\"@type\":\"SearchAction\",\"target\":{\"@type\":\"EntryPoint\",\"urlTemplate\":\"https:\\\/\\\/regiaonews.net.br\\\/2022\\\/?s={search_term_string}\"},\"query-input\":{\"@type\":\"PropertyValueSpecification\",\"valueRequired\":true,\"valueName\":\"search_term_string\"}}],\"inLanguage\":\"pt-BR\"},{\"@type\":\"Organization\",\"@id\":\"https:\\\/\\\/regiaonews.net.br\\\/2022\\\/#organization\",\"name\":\"Regi\u00e3o News\",\"url\":\"https:\\\/\\\/regiaonews.net.br\\\/2022\\\/\",\"logo\":{\"@type\":\"ImageObject\",\"inLanguage\":\"pt-BR\",\"@id\":\"https:\\\/\\\/regiaonews.net.br\\\/2022\\\/#\\\/schema\\\/logo\\\/image\\\/\",\"url\":\"https:\\\/\\\/regiaonews.net.br\\\/2022\\\/wp-content\\\/uploads\\\/2026\\\/03\\\/regiao-13-anos-scaled.jpg\",\"contentUrl\":\"https:\\\/\\\/regiaonews.net.br\\\/2022\\\/wp-content\\\/uploads\\\/2026\\\/03\\\/regiao-13-anos-scaled.jpg\",\"width\":2560,\"height\":635,\"caption\":\"Regi\u00e3o News\"},\"image\":{\"@id\":\"https:\\\/\\\/regiaonews.net.br\\\/2022\\\/#\\\/schema\\\/logo\\\/image\\\/\"}},{\"@type\":\"Person\",\"@id\":\"https:\\\/\\\/regiaonews.net.br\\\/2022\\\/#\\\/schema\\\/person\\\/2d205a608a5aa97ac279d7a5e6d89ad8\",\"name\":\"Roberto\",\"image\":{\"@type\":\"ImageObject\",\"inLanguage\":\"pt-BR\",\"@id\":\"https:\\\/\\\/secure.gravatar.com\\\/avatar\\\/42749d8b712ff9d59ca93dc150494e5b55a44134482993f5baeb97e61b7ecc89?s=96&d=mm&r=g\",\"url\":\"https:\\\/\\\/secure.gravatar.com\\\/avatar\\\/42749d8b712ff9d59ca93dc150494e5b55a44134482993f5baeb97e61b7ecc89?s=96&d=mm&r=g\",\"contentUrl\":\"https:\\\/\\\/secure.gravatar.com\\\/avatar\\\/42749d8b712ff9d59ca93dc150494e5b55a44134482993f5baeb97e61b7ecc89?s=96&d=mm&r=g\",\"caption\":\"Roberto\"},\"url\":\"https:\\\/\\\/regiaonews.net.br\\\/2022\\\/author\\\/roberto\\\/\"}]}<\/script>\n<!-- \/ Yoast SEO plugin. -->","yoast_head_json":{"title":"Campanha \u201cM\u00e3e, meu Porto Seguro!\u201d do North Shopping come\u00e7a nesta quinta, 18 - Regi\u00e3o News","robots":{"index":"index","follow":"follow","max-snippet":"max-snippet:-1","max-image-preview":"max-image-preview:large","max-video-preview":"max-video-preview:-1"},"canonical":"https:\/\/regiaonews.net.br\/2022\/2024\/04\/17\/campanha-mae-meu-porto-seguro-do-north-shopping-comeca-nesta-quinta-18\/","og_locale":"pt_BR","og_type":"article","og_title":"Campanha \u201cM\u00e3e, meu Porto Seguro!\u201d do North Shopping come\u00e7a nesta quinta, 18 - Regi\u00e3o News","og_description":"A cada R$ 250 consumidos nas opera\u00e7\u00f5es do shopping, o","og_url":"https:\/\/regiaonews.net.br\/2022\/2024\/04\/17\/campanha-mae-meu-porto-seguro-do-north-shopping-comeca-nesta-quinta-18\/","og_site_name":"Regi\u00e3o News","article_published_time":"2024-04-17T14:20:51+00:00","og_image":[{"width":1600,"height":1066,"url":"https:\/\/regiaonews.net.br\/2022\/wp-content\/uploads\/2024\/04\/Imagem-do-WhatsApp-de-2024-04-17-as-09.38.01_0d381505.jpg","type":"image\/jpeg"}],"author":"Roberto","twitter_card":"summary_large_image","twitter_misc":{"Escrito por":"Roberto","Est. tempo de leitura":"2 minutos"},"schema":{"@context":"https:\/\/schema.org","@graph":[{"@type":"Article","@id":"https:\/\/regiaonews.net.br\/2022\/2024\/04\/17\/campanha-mae-meu-porto-seguro-do-north-shopping-comeca-nesta-quinta-18\/#article","isPartOf":{"@id":"https:\/\/regiaonews.net.br\/2022\/2024\/04\/17\/campanha-mae-meu-porto-seguro-do-north-shopping-comeca-nesta-quinta-18\/"},"author":{"name":"Roberto","@id":"https:\/\/regiaonews.net.br\/2022\/#\/schema\/person\/2d205a608a5aa97ac279d7a5e6d89ad8"},"headline":"Campanha \u201cM\u00e3e, meu Porto Seguro!\u201d do North Shopping come\u00e7a nesta quinta, 18","datePublished":"2024-04-17T14:20:51+00:00","mainEntityOfPage":{"@id":"https:\/\/regiaonews.net.br\/2022\/2024\/04\/17\/campanha-mae-meu-porto-seguro-do-north-shopping-comeca-nesta-quinta-18\/"},"wordCount":400,"commentCount":0,"publisher":{"@id":"https:\/\/regiaonews.net.br\/2022\/#organization"},"image":{"@id":"https:\/\/regiaonews.net.br\/2022\/2024\/04\/17\/campanha-mae-meu-porto-seguro-do-north-shopping-comeca-nesta-quinta-18\/#primaryimage"},"thumbnailUrl":"https:\/\/regiaonews.net.br\/2022\/wp-content\/uploads\/2024\/04\/Imagem-do-WhatsApp-de-2024-04-17-as-09.38.01_0d381505.jpg","articleSection":["Barretos","Geral"],"inLanguage":"pt-BR","potentialAction":[{"@type":"CommentAction","name":"Comment","target":["https:\/\/regiaonews.net.br\/2022\/2024\/04\/17\/campanha-mae-meu-porto-seguro-do-north-shopping-comeca-nesta-quinta-18\/#respond"]}]},{"@type":"WebPage","@id":"https:\/\/regiaonews.net.br\/2022\/2024\/04\/17\/campanha-mae-meu-porto-seguro-do-north-shopping-comeca-nesta-quinta-18\/","url":"https:\/\/regiaonews.net.br\/2022\/2024\/04\/17\/campanha-mae-meu-porto-seguro-do-north-shopping-comeca-nesta-quinta-18\/","name":"Campanha \u201cM\u00e3e, meu Porto Seguro!\u201d do North Shopping come\u00e7a nesta quinta, 18 - Regi\u00e3o News","isPartOf":{"@id":"https:\/\/regiaonews.net.br\/2022\/#website"},"primaryImageOfPage":{"@id":"https:\/\/regiaonews.net.br\/2022\/2024\/04\/17\/campanha-mae-meu-porto-seguro-do-north-shopping-comeca-nesta-quinta-18\/#primaryimage"},"image":{"@id":"https:\/\/regiaonews.net.br\/2022\/2024\/04\/17\/campanha-mae-meu-porto-seguro-do-north-shopping-comeca-nesta-quinta-18\/#primaryimage"},"thumbnailUrl":"https:\/\/regiaonews.net.br\/2022\/wp-content\/uploads\/2024\/04\/Imagem-do-WhatsApp-de-2024-04-17-as-09.38.01_0d381505.jpg","datePublished":"2024-04-17T14:20:51+00:00","breadcrumb":{"@id":"https:\/\/regiaonews.net.br\/2022\/2024\/04\/17\/campanha-mae-meu-porto-seguro-do-north-shopping-comeca-nesta-quinta-18\/#breadcrumb"},"inLanguage":"pt-BR","potentialAction":[{"@type":"ReadAction","target":["https:\/\/regiaonews.net.br\/2022\/2024\/04\/17\/campanha-mae-meu-porto-seguro-do-north-shopping-comeca-nesta-quinta-18\/"]}]},{"@type":"ImageObject","inLanguage":"pt-BR","@id":"https:\/\/regiaonews.net.br\/2022\/2024\/04\/17\/campanha-mae-meu-porto-seguro-do-north-shopping-comeca-nesta-quinta-18\/#primaryimage","url":"https:\/\/regiaonews.net.br\/2022\/wp-content\/uploads\/2024\/04\/Imagem-do-WhatsApp-de-2024-04-17-as-09.38.01_0d381505.jpg","contentUrl":"https:\/\/regiaonews.net.br\/2022\/wp-content\/uploads\/2024\/04\/Imagem-do-WhatsApp-de-2024-04-17-as-09.38.01_0d381505.jpg","width":1600,"height":1066},{"@type":"BreadcrumbList","@id":"https:\/\/regiaonews.net.br\/2022\/2024\/04\/17\/campanha-mae-meu-porto-seguro-do-north-shopping-comeca-nesta-quinta-18\/#breadcrumb","itemListElement":[{"@type":"ListItem","position":1,"name":"In\u00edcio","item":"https:\/\/regiaonews.net.br\/2022\/"},{"@type":"ListItem","position":2,"name":"Campanha \u201cM\u00e3e, meu Porto Seguro!\u201d do North Shopping come\u00e7a nesta quinta, 18"}]},{"@type":"WebSite","@id":"https:\/\/regiaonews.net.br\/2022\/#website","url":"https:\/\/regiaonews.net.br\/2022\/","name":"Regi\u00e3o News","description":"Site de Not\u00edcias de Barretos e regi\u00e3o","publisher":{"@id":"https:\/\/regiaonews.net.br\/2022\/#organization"},"potentialAction":[{"@type":"SearchAction","target":{"@type":"EntryPoint","urlTemplate":"https:\/\/regiaonews.net.br\/2022\/?s={search_term_string}"},"query-input":{"@type":"PropertyValueSpecification","valueRequired":true,"valueName":"search_term_string"}}],"inLanguage":"pt-BR"},{"@type":"Organization","@id":"https:\/\/regiaonews.net.br\/2022\/#organization","name":"Regi\u00e3o News","url":"https:\/\/regiaonews.net.br\/2022\/","logo":{"@type":"ImageObject","inLanguage":"pt-BR","@id":"https:\/\/regiaonews.net.br\/2022\/#\/schema\/logo\/image\/","url":"https:\/\/regiaonews.net.br\/2022\/wp-content\/uploads\/2026\/03\/regiao-13-anos-scaled.jpg","contentUrl":"https:\/\/regiaonews.net.br\/2022\/wp-content\/uploads\/2026\/03\/regiao-13-anos-scaled.jpg","width":2560,"height":635,"caption":"Regi\u00e3o News"},"image":{"@id":"https:\/\/regiaonews.net.br\/2022\/#\/schema\/logo\/image\/"}},{"@type":"Person","@id":"https:\/\/regiaonews.net.br\/2022\/#\/schema\/person\/2d205a608a5aa97ac279d7a5e6d89ad8","name":"Roberto","image":{"@type":"ImageObject","inLanguage":"pt-BR","@id":"https:\/\/secure.gravatar.com\/avatar\/42749d8b712ff9d59ca93dc150494e5b55a44134482993f5baeb97e61b7ecc89?s=96&d=mm&r=g","url":"https:\/\/secure.gravatar.com\/avatar\/42749d8b712ff9d59ca93dc150494e5b55a44134482993f5baeb97e61b7ecc89?s=96&d=mm&r=g","contentUrl":"https:\/\/secure.gravatar.com\/avatar\/42749d8b712ff9d59ca93dc150494e5b55a44134482993f5baeb97e61b7ecc89?s=96&d=mm&r=g","caption":"Roberto"},"url":"https:\/\/regiaonews.net.br\/2022\/author\/roberto\/"}]}},"publishpress_future_action":{"enabled":false,"date":"2026-05-04 03:29:19","action":"change-status","newStatus":"draft","terms":[],"taxonomy":"category","extraData":[]},"publishpress_future_workflow_manual_trigger":{"enabledWorkflows":[]},"_links":{"self":[{"href":"https:\/\/regiaonews.net.br\/2022\/wp-json\/wp\/v2\/posts\/103799","targetHints":{"allow":["GET"]}}],"collection":[{"href":"https:\/\/regiaonews.net.br\/2022\/wp-json\/wp\/v2\/posts"}],"about":[{"href":"https:\/\/regiaonews.net.br\/2022\/wp-json\/wp\/v2\/types\/post"}],"author":[{"embeddable":true,"href":"https:\/\/regiaonews.net.br\/2022\/wp-json\/wp\/v2\/users\/2"}],"replies":[{"embeddable":true,"href":"https:\/\/regiaonews.net.br\/2022\/wp-json\/wp\/v2\/comments?post=103799"}],"version-history":[{"count":1,"href":"https:\/\/regiaonews.net.br\/2022\/wp-json\/wp\/v2\/posts\/103799\/revisions"}],"predecessor-version":[{"id":103801,"href":"https:\/\/regiaonews.net.br\/2022\/wp-json\/wp\/v2\/posts\/103799\/revisions\/103801"}],"wp:featuredmedia":[{"embeddable":true,"href":"https:\/\/regiaonews.net.br\/2022\/wp-json\/wp\/v2\/media\/103800"}],"wp:attachment":[{"href":"https:\/\/regiaonews.net.br\/2022\/wp-json\/wp\/v2\/media?parent=103799"}],"wp:term":[{"taxonomy":"category","embeddable":true,"href":"https:\/\/regiaonews.net.br\/2022\/wp-json\/wp\/v2\/categories?post=103799"},{"taxonomy":"post_tag","embeddable":true,"href":"https:\/\/regiaonews.net.br\/2022\/wp-json\/wp\/v2\/tags?post=103799"}],"curies":[{"name":"wp","href":"https:\/\/api.w.org\/{rel}","templated":true}]}}