{"id":103796,"date":"2024-04-17T11:20:00","date_gmt":"2024-04-17T14:20:00","guid":{"rendered":"https:\/\/regiaonews.net.br\/2022\/?p=103796"},"modified":"2024-04-17T11:20:00","modified_gmt":"2024-04-17T14:20:00","slug":"sp-sem-fogo-defesa-civil-realiza-treinamento-na-quinta-e-sexta-feira","status":"publish","type":"post","link":"https:\/\/regiaonews.net.br\/2022\/2024\/04\/17\/sp-sem-fogo-defesa-civil-realiza-treinamento-na-quinta-e-sexta-feira\/","title":{"rendered":"SP Sem Fogo: Defesa Civil realiza treinamento na quinta e sexta-feira"},"content":{"rendered":"<h3 style=\"text-align: center;\">Est\u00e3o abertas as inscri\u00e7\u00f5es para a oficina, realizada em a\u00e7\u00e3o conjunta entre Estado e Prefeitura<\/h3>\n<p>A Defesa Civil realiza nesta semana o treinamento preparat\u00f3rio para a Opera\u00e7\u00e3o S\u00e3o Paulo Sem Fogo 2024. A etapa regional em Barretos, realizada no Campus urbano do IFSP, ser\u00e1 na quinta e sexta-feira, dias 18 e 19, com abertura oficial no primeiro dia, \u00e0s 9h.<\/p>\n<p>A oficina busca especializar os agentes municipais de prote\u00e7\u00e3o e defesa civil para atua\u00e7\u00e3o nas ocorr\u00eancias t\u00edpicas da estiagem e demais a\u00e7\u00f5es preventivas, de mitiga\u00e7\u00e3o e resposta.<\/p>\n<p>As inscri\u00e7\u00f5es devem ser feitas atrav\u00e9s do site da Escola de Defesa Civil: escola.defesacivil.sp.gov.br, clicando no m\u00f3dulo correspondente ao curso. No mesmo site, ficar\u00e1 dispon\u00edvel o certificado de conclus\u00e3o da oficina.<\/p>\n<p>Ao longo dos dois dias da capacita\u00e7\u00e3o, que tem formato presencial, s\u00e3o apresentados os temas:<br \/>\n&#8211; Plano de Conting\u00eancia e Previs\u00e3o Meteorol\u00f3gica,<br \/>\n&#8211; Emiss\u00e3o de Alertas e Comunica\u00e7\u00e3o no Desastre,<br \/>\n&#8211; Inc\u00eandios Florestais e a Fauna Silvestre,<br \/>\n&#8211; Sa\u00fade P\u00fablica no per\u00edodo de Estiagem,<br \/>\n&#8211; Regras de Seguran\u00e7a em deslocamento no terreno e<br \/>\n&#8211; Bases de treinamentos pr\u00e1ticos com t\u00e9cnicas de combate direto (fogo e abafadores) e t\u00e9cnicas de combate indireto (abertura de aceiros).<\/p>\n<p>Tamb\u00e9m h\u00e1 exposi\u00e7\u00e3o de materiais b\u00e1sicos para uma equipe de combate a inc\u00eandio em coberturas vegetais.<\/p>\n","protected":false},"excerpt":{"rendered":"<p>Est\u00e3o abertas as inscri\u00e7\u00f5es para a oficina, realizada em a\u00e7\u00e3o<\/p>\n","protected":false},"author":2,"featured_media":103797,"comment_status":"open","ping_status":"open","sticky":false,"template":"","format":"standard","meta":{"footnotes":""},"categories":[14,3],"tags":[],"class_list":["post-103796","post","type-post","status-publish","format-standard","has-post-thumbnail","hentry","category-barretos","category-geral"],"yoast_head":"<!-- This site is optimized with the Yoast SEO plugin v27.4 - https:\/\/yoast.com\/product\/yoast-seo-wordpress\/ -->\n<title>SP Sem Fogo: Defesa Civil realiza treinamento na quinta e sexta-feira - Regi\u00e3o News<\/title>\n<meta name=\"robots\" content=\"index, follow, max-snippet:-1, max-image-preview:large, max-video-preview:-1\" \/>\n<link rel=\"canonical\" href=\"https:\/\/regiaonews.net.br\/2022\/2024\/04\/17\/sp-sem-fogo-defesa-civil-realiza-treinamento-na-quinta-e-sexta-feira\/\" \/>\n<meta property=\"og:locale\" content=\"pt_BR\" \/>\n<meta property=\"og:type\" content=\"article\" \/>\n<meta property=\"og:title\" content=\"SP Sem Fogo: Defesa Civil realiza treinamento na quinta e sexta-feira - Regi\u00e3o News\" \/>\n<meta property=\"og:description\" content=\"Est\u00e3o abertas as inscri\u00e7\u00f5es para a oficina, realizada em a\u00e7\u00e3o\" \/>\n<meta property=\"og:url\" content=\"https:\/\/regiaonews.net.br\/2022\/2024\/04\/17\/sp-sem-fogo-defesa-civil-realiza-treinamento-na-quinta-e-sexta-feira\/\" \/>\n<meta property=\"og:site_name\" content=\"Regi\u00e3o News\" \/>\n<meta property=\"article:published_time\" content=\"2024-04-17T14:20:00+00:00\" \/>\n<meta property=\"og:image\" content=\"https:\/\/regiaonews.net.br\/2022\/wp-content\/uploads\/2024\/04\/Imagem-do-WhatsApp-de-2024-04-17-as-09.14.23_2380d4e1.jpg\" \/>\n\t<meta property=\"og:image:width\" content=\"1080\" \/>\n\t<meta property=\"og:image:height\" content=\"1080\" \/>\n\t<meta property=\"og:image:type\" content=\"image\/jpeg\" \/>\n<meta name=\"author\" content=\"Roberto\" \/>\n<meta name=\"twitter:card\" content=\"summary_large_image\" \/>\n<meta name=\"twitter:label1\" content=\"Escrito por\" \/>\n\t<meta name=\"twitter:data1\" content=\"Roberto\" \/>\n\t<meta name=\"twitter:label2\" content=\"Est. tempo de leitura\" \/>\n\t<meta name=\"twitter:data2\" content=\"2 minutos\" \/>\n<script type=\"application\/ld+json\" class=\"yoast-schema-graph\">{\"@context\":\"https:\\\/\\\/schema.org\",\"@graph\":[{\"@type\":\"Article\",\"@id\":\"https:\\\/\\\/regiaonews.net.br\\\/2022\\\/2024\\\/04\\\/17\\\/sp-sem-fogo-defesa-civil-realiza-treinamento-na-quinta-e-sexta-feira\\\/#article\",\"isPartOf\":{\"@id\":\"https:\\\/\\\/regiaonews.net.br\\\/2022\\\/2024\\\/04\\\/17\\\/sp-sem-fogo-defesa-civil-realiza-treinamento-na-quinta-e-sexta-feira\\\/\"},\"author\":{\"name\":\"Roberto\",\"@id\":\"https:\\\/\\\/regiaonews.net.br\\\/2022\\\/#\\\/schema\\\/person\\\/2d205a608a5aa97ac279d7a5e6d89ad8\"},\"headline\":\"SP Sem Fogo: Defesa Civil realiza treinamento na quinta e sexta-feira\",\"datePublished\":\"2024-04-17T14:20:00+00:00\",\"mainEntityOfPage\":{\"@id\":\"https:\\\/\\\/regiaonews.net.br\\\/2022\\\/2024\\\/04\\\/17\\\/sp-sem-fogo-defesa-civil-realiza-treinamento-na-quinta-e-sexta-feira\\\/\"},\"wordCount\":256,\"commentCount\":0,\"publisher\":{\"@id\":\"https:\\\/\\\/regiaonews.net.br\\\/2022\\\/#organization\"},\"image\":{\"@id\":\"https:\\\/\\\/regiaonews.net.br\\\/2022\\\/2024\\\/04\\\/17\\\/sp-sem-fogo-defesa-civil-realiza-treinamento-na-quinta-e-sexta-feira\\\/#primaryimage\"},\"thumbnailUrl\":\"https:\\\/\\\/regiaonews.net.br\\\/2022\\\/wp-content\\\/uploads\\\/2024\\\/04\\\/Imagem-do-WhatsApp-de-2024-04-17-as-09.14.23_2380d4e1.jpg\",\"articleSection\":[\"Barretos\",\"Geral\"],\"inLanguage\":\"pt-BR\",\"potentialAction\":[{\"@type\":\"CommentAction\",\"name\":\"Comment\",\"target\":[\"https:\\\/\\\/regiaonews.net.br\\\/2022\\\/2024\\\/04\\\/17\\\/sp-sem-fogo-defesa-civil-realiza-treinamento-na-quinta-e-sexta-feira\\\/#respond\"]}]},{\"@type\":\"WebPage\",\"@id\":\"https:\\\/\\\/regiaonews.net.br\\\/2022\\\/2024\\\/04\\\/17\\\/sp-sem-fogo-defesa-civil-realiza-treinamento-na-quinta-e-sexta-feira\\\/\",\"url\":\"https:\\\/\\\/regiaonews.net.br\\\/2022\\\/2024\\\/04\\\/17\\\/sp-sem-fogo-defesa-civil-realiza-treinamento-na-quinta-e-sexta-feira\\\/\",\"name\":\"SP Sem Fogo: Defesa Civil realiza treinamento na quinta e sexta-feira - Regi\u00e3o News\",\"isPartOf\":{\"@id\":\"https:\\\/\\\/regiaonews.net.br\\\/2022\\\/#website\"},\"primaryImageOfPage\":{\"@id\":\"https:\\\/\\\/regiaonews.net.br\\\/2022\\\/2024\\\/04\\\/17\\\/sp-sem-fogo-defesa-civil-realiza-treinamento-na-quinta-e-sexta-feira\\\/#primaryimage\"},\"image\":{\"@id\":\"https:\\\/\\\/regiaonews.net.br\\\/2022\\\/2024\\\/04\\\/17\\\/sp-sem-fogo-defesa-civil-realiza-treinamento-na-quinta-e-sexta-feira\\\/#primaryimage\"},\"thumbnailUrl\":\"https:\\\/\\\/regiaonews.net.br\\\/2022\\\/wp-content\\\/uploads\\\/2024\\\/04\\\/Imagem-do-WhatsApp-de-2024-04-17-as-09.14.23_2380d4e1.jpg\",\"datePublished\":\"2024-04-17T14:20:00+00:00\",\"breadcrumb\":{\"@id\":\"https:\\\/\\\/regiaonews.net.br\\\/2022\\\/2024\\\/04\\\/17\\\/sp-sem-fogo-defesa-civil-realiza-treinamento-na-quinta-e-sexta-feira\\\/#breadcrumb\"},\"inLanguage\":\"pt-BR\",\"potentialAction\":[{\"@type\":\"ReadAction\",\"target\":[\"https:\\\/\\\/regiaonews.net.br\\\/2022\\\/2024\\\/04\\\/17\\\/sp-sem-fogo-defesa-civil-realiza-treinamento-na-quinta-e-sexta-feira\\\/\"]}]},{\"@type\":\"ImageObject\",\"inLanguage\":\"pt-BR\",\"@id\":\"https:\\\/\\\/regiaonews.net.br\\\/2022\\\/2024\\\/04\\\/17\\\/sp-sem-fogo-defesa-civil-realiza-treinamento-na-quinta-e-sexta-feira\\\/#primaryimage\",\"url\":\"https:\\\/\\\/regiaonews.net.br\\\/2022\\\/wp-content\\\/uploads\\\/2024\\\/04\\\/Imagem-do-WhatsApp-de-2024-04-17-as-09.14.23_2380d4e1.jpg\",\"contentUrl\":\"https:\\\/\\\/regiaonews.net.br\\\/2022\\\/wp-content\\\/uploads\\\/2024\\\/04\\\/Imagem-do-WhatsApp-de-2024-04-17-as-09.14.23_2380d4e1.jpg\",\"width\":1080,\"height\":1080},{\"@type\":\"BreadcrumbList\",\"@id\":\"https:\\\/\\\/regiaonews.net.br\\\/2022\\\/2024\\\/04\\\/17\\\/sp-sem-fogo-defesa-civil-realiza-treinamento-na-quinta-e-sexta-feira\\\/#breadcrumb\",\"itemListElement\":[{\"@type\":\"ListItem\",\"position\":1,\"name\":\"In\u00edcio\",\"item\":\"https:\\\/\\\/regiaonews.net.br\\\/2022\\\/\"},{\"@type\":\"ListItem\",\"position\":2,\"name\":\"SP Sem Fogo: Defesa Civil realiza treinamento na quinta e sexta-feira\"}]},{\"@type\":\"WebSite\",\"@id\":\"https:\\\/\\\/regiaonews.net.br\\\/2022\\\/#website\",\"url\":\"https:\\\/\\\/regiaonews.net.br\\\/2022\\\/\",\"name\":\"Regi\u00e3o News\",\"description\":\"Site de Not\u00edcias de Barretos e regi\u00e3o\",\"publisher\":{\"@id\":\"https:\\\/\\\/regiaonews.net.br\\\/2022\\\/#organization\"},\"potentialAction\":[{\"@type\":\"SearchAction\",\"target\":{\"@type\":\"EntryPoint\",\"urlTemplate\":\"https:\\\/\\\/regiaonews.net.br\\\/2022\\\/?s={search_term_string}\"},\"query-input\":{\"@type\":\"PropertyValueSpecification\",\"valueRequired\":true,\"valueName\":\"search_term_string\"}}],\"inLanguage\":\"pt-BR\"},{\"@type\":\"Organization\",\"@id\":\"https:\\\/\\\/regiaonews.net.br\\\/2022\\\/#organization\",\"name\":\"Regi\u00e3o News\",\"url\":\"https:\\\/\\\/regiaonews.net.br\\\/2022\\\/\",\"logo\":{\"@type\":\"ImageObject\",\"inLanguage\":\"pt-BR\",\"@id\":\"https:\\\/\\\/regiaonews.net.br\\\/2022\\\/#\\\/schema\\\/logo\\\/image\\\/\",\"url\":\"https:\\\/\\\/regiaonews.net.br\\\/2022\\\/wp-content\\\/uploads\\\/2026\\\/03\\\/regiao-13-anos-scaled.jpg\",\"contentUrl\":\"https:\\\/\\\/regiaonews.net.br\\\/2022\\\/wp-content\\\/uploads\\\/2026\\\/03\\\/regiao-13-anos-scaled.jpg\",\"width\":2560,\"height\":635,\"caption\":\"Regi\u00e3o News\"},\"image\":{\"@id\":\"https:\\\/\\\/regiaonews.net.br\\\/2022\\\/#\\\/schema\\\/logo\\\/image\\\/\"}},{\"@type\":\"Person\",\"@id\":\"https:\\\/\\\/regiaonews.net.br\\\/2022\\\/#\\\/schema\\\/person\\\/2d205a608a5aa97ac279d7a5e6d89ad8\",\"name\":\"Roberto\",\"image\":{\"@type\":\"ImageObject\",\"inLanguage\":\"pt-BR\",\"@id\":\"https:\\\/\\\/secure.gravatar.com\\\/avatar\\\/42749d8b712ff9d59ca93dc150494e5b55a44134482993f5baeb97e61b7ecc89?s=96&d=mm&r=g\",\"url\":\"https:\\\/\\\/secure.gravatar.com\\\/avatar\\\/42749d8b712ff9d59ca93dc150494e5b55a44134482993f5baeb97e61b7ecc89?s=96&d=mm&r=g\",\"contentUrl\":\"https:\\\/\\\/secure.gravatar.com\\\/avatar\\\/42749d8b712ff9d59ca93dc150494e5b55a44134482993f5baeb97e61b7ecc89?s=96&d=mm&r=g\",\"caption\":\"Roberto\"},\"url\":\"https:\\\/\\\/regiaonews.net.br\\\/2022\\\/author\\\/roberto\\\/\"}]}<\/script>\n<!-- \/ Yoast SEO plugin. -->","yoast_head_json":{"title":"SP Sem Fogo: Defesa Civil realiza treinamento na quinta e sexta-feira - Regi\u00e3o News","robots":{"index":"index","follow":"follow","max-snippet":"max-snippet:-1","max-image-preview":"max-image-preview:large","max-video-preview":"max-video-preview:-1"},"canonical":"https:\/\/regiaonews.net.br\/2022\/2024\/04\/17\/sp-sem-fogo-defesa-civil-realiza-treinamento-na-quinta-e-sexta-feira\/","og_locale":"pt_BR","og_type":"article","og_title":"SP Sem Fogo: Defesa Civil realiza treinamento na quinta e sexta-feira - Regi\u00e3o News","og_description":"Est\u00e3o abertas as inscri\u00e7\u00f5es para a oficina, realizada em a\u00e7\u00e3o","og_url":"https:\/\/regiaonews.net.br\/2022\/2024\/04\/17\/sp-sem-fogo-defesa-civil-realiza-treinamento-na-quinta-e-sexta-feira\/","og_site_name":"Regi\u00e3o News","article_published_time":"2024-04-17T14:20:00+00:00","og_image":[{"width":1080,"height":1080,"url":"https:\/\/regiaonews.net.br\/2022\/wp-content\/uploads\/2024\/04\/Imagem-do-WhatsApp-de-2024-04-17-as-09.14.23_2380d4e1.jpg","type":"image\/jpeg"}],"author":"Roberto","twitter_card":"summary_large_image","twitter_misc":{"Escrito por":"Roberto","Est. tempo de leitura":"2 minutos"},"schema":{"@context":"https:\/\/schema.org","@graph":[{"@type":"Article","@id":"https:\/\/regiaonews.net.br\/2022\/2024\/04\/17\/sp-sem-fogo-defesa-civil-realiza-treinamento-na-quinta-e-sexta-feira\/#article","isPartOf":{"@id":"https:\/\/regiaonews.net.br\/2022\/2024\/04\/17\/sp-sem-fogo-defesa-civil-realiza-treinamento-na-quinta-e-sexta-feira\/"},"author":{"name":"Roberto","@id":"https:\/\/regiaonews.net.br\/2022\/#\/schema\/person\/2d205a608a5aa97ac279d7a5e6d89ad8"},"headline":"SP Sem Fogo: Defesa Civil realiza treinamento na quinta e sexta-feira","datePublished":"2024-04-17T14:20:00+00:00","mainEntityOfPage":{"@id":"https:\/\/regiaonews.net.br\/2022\/2024\/04\/17\/sp-sem-fogo-defesa-civil-realiza-treinamento-na-quinta-e-sexta-feira\/"},"wordCount":256,"commentCount":0,"publisher":{"@id":"https:\/\/regiaonews.net.br\/2022\/#organization"},"image":{"@id":"https:\/\/regiaonews.net.br\/2022\/2024\/04\/17\/sp-sem-fogo-defesa-civil-realiza-treinamento-na-quinta-e-sexta-feira\/#primaryimage"},"thumbnailUrl":"https:\/\/regiaonews.net.br\/2022\/wp-content\/uploads\/2024\/04\/Imagem-do-WhatsApp-de-2024-04-17-as-09.14.23_2380d4e1.jpg","articleSection":["Barretos","Geral"],"inLanguage":"pt-BR","potentialAction":[{"@type":"CommentAction","name":"Comment","target":["https:\/\/regiaonews.net.br\/2022\/2024\/04\/17\/sp-sem-fogo-defesa-civil-realiza-treinamento-na-quinta-e-sexta-feira\/#respond"]}]},{"@type":"WebPage","@id":"https:\/\/regiaonews.net.br\/2022\/2024\/04\/17\/sp-sem-fogo-defesa-civil-realiza-treinamento-na-quinta-e-sexta-feira\/","url":"https:\/\/regiaonews.net.br\/2022\/2024\/04\/17\/sp-sem-fogo-defesa-civil-realiza-treinamento-na-quinta-e-sexta-feira\/","name":"SP Sem Fogo: Defesa Civil realiza treinamento na quinta e sexta-feira - Regi\u00e3o News","isPartOf":{"@id":"https:\/\/regiaonews.net.br\/2022\/#website"},"primaryImageOfPage":{"@id":"https:\/\/regiaonews.net.br\/2022\/2024\/04\/17\/sp-sem-fogo-defesa-civil-realiza-treinamento-na-quinta-e-sexta-feira\/#primaryimage"},"image":{"@id":"https:\/\/regiaonews.net.br\/2022\/2024\/04\/17\/sp-sem-fogo-defesa-civil-realiza-treinamento-na-quinta-e-sexta-feira\/#primaryimage"},"thumbnailUrl":"https:\/\/regiaonews.net.br\/2022\/wp-content\/uploads\/2024\/04\/Imagem-do-WhatsApp-de-2024-04-17-as-09.14.23_2380d4e1.jpg","datePublished":"2024-04-17T14:20:00+00:00","breadcrumb":{"@id":"https:\/\/regiaonews.net.br\/2022\/2024\/04\/17\/sp-sem-fogo-defesa-civil-realiza-treinamento-na-quinta-e-sexta-feira\/#breadcrumb"},"inLanguage":"pt-BR","potentialAction":[{"@type":"ReadAction","target":["https:\/\/regiaonews.net.br\/2022\/2024\/04\/17\/sp-sem-fogo-defesa-civil-realiza-treinamento-na-quinta-e-sexta-feira\/"]}]},{"@type":"ImageObject","inLanguage":"pt-BR","@id":"https:\/\/regiaonews.net.br\/2022\/2024\/04\/17\/sp-sem-fogo-defesa-civil-realiza-treinamento-na-quinta-e-sexta-feira\/#primaryimage","url":"https:\/\/regiaonews.net.br\/2022\/wp-content\/uploads\/2024\/04\/Imagem-do-WhatsApp-de-2024-04-17-as-09.14.23_2380d4e1.jpg","contentUrl":"https:\/\/regiaonews.net.br\/2022\/wp-content\/uploads\/2024\/04\/Imagem-do-WhatsApp-de-2024-04-17-as-09.14.23_2380d4e1.jpg","width":1080,"height":1080},{"@type":"BreadcrumbList","@id":"https:\/\/regiaonews.net.br\/2022\/2024\/04\/17\/sp-sem-fogo-defesa-civil-realiza-treinamento-na-quinta-e-sexta-feira\/#breadcrumb","itemListElement":[{"@type":"ListItem","position":1,"name":"In\u00edcio","item":"https:\/\/regiaonews.net.br\/2022\/"},{"@type":"ListItem","position":2,"name":"SP Sem Fogo: Defesa Civil realiza treinamento na quinta e sexta-feira"}]},{"@type":"WebSite","@id":"https:\/\/regiaonews.net.br\/2022\/#website","url":"https:\/\/regiaonews.net.br\/2022\/","name":"Regi\u00e3o News","description":"Site de Not\u00edcias de Barretos e regi\u00e3o","publisher":{"@id":"https:\/\/regiaonews.net.br\/2022\/#organization"},"potentialAction":[{"@type":"SearchAction","target":{"@type":"EntryPoint","urlTemplate":"https:\/\/regiaonews.net.br\/2022\/?s={search_term_string}"},"query-input":{"@type":"PropertyValueSpecification","valueRequired":true,"valueName":"search_term_string"}}],"inLanguage":"pt-BR"},{"@type":"Organization","@id":"https:\/\/regiaonews.net.br\/2022\/#organization","name":"Regi\u00e3o News","url":"https:\/\/regiaonews.net.br\/2022\/","logo":{"@type":"ImageObject","inLanguage":"pt-BR","@id":"https:\/\/regiaonews.net.br\/2022\/#\/schema\/logo\/image\/","url":"https:\/\/regiaonews.net.br\/2022\/wp-content\/uploads\/2026\/03\/regiao-13-anos-scaled.jpg","contentUrl":"https:\/\/regiaonews.net.br\/2022\/wp-content\/uploads\/2026\/03\/regiao-13-anos-scaled.jpg","width":2560,"height":635,"caption":"Regi\u00e3o News"},"image":{"@id":"https:\/\/regiaonews.net.br\/2022\/#\/schema\/logo\/image\/"}},{"@type":"Person","@id":"https:\/\/regiaonews.net.br\/2022\/#\/schema\/person\/2d205a608a5aa97ac279d7a5e6d89ad8","name":"Roberto","image":{"@type":"ImageObject","inLanguage":"pt-BR","@id":"https:\/\/secure.gravatar.com\/avatar\/42749d8b712ff9d59ca93dc150494e5b55a44134482993f5baeb97e61b7ecc89?s=96&d=mm&r=g","url":"https:\/\/secure.gravatar.com\/avatar\/42749d8b712ff9d59ca93dc150494e5b55a44134482993f5baeb97e61b7ecc89?s=96&d=mm&r=g","contentUrl":"https:\/\/secure.gravatar.com\/avatar\/42749d8b712ff9d59ca93dc150494e5b55a44134482993f5baeb97e61b7ecc89?s=96&d=mm&r=g","caption":"Roberto"},"url":"https:\/\/regiaonews.net.br\/2022\/author\/roberto\/"}]}},"publishpress_future_action":{"enabled":false,"date":"2026-05-04 05:05:01","action":"change-status","newStatus":"draft","terms":[],"taxonomy":"category","extraData":[]},"publishpress_future_workflow_manual_trigger":{"enabledWorkflows":[]},"_links":{"self":[{"href":"https:\/\/regiaonews.net.br\/2022\/wp-json\/wp\/v2\/posts\/103796","targetHints":{"allow":["GET"]}}],"collection":[{"href":"https:\/\/regiaonews.net.br\/2022\/wp-json\/wp\/v2\/posts"}],"about":[{"href":"https:\/\/regiaonews.net.br\/2022\/wp-json\/wp\/v2\/types\/post"}],"author":[{"embeddable":true,"href":"https:\/\/regiaonews.net.br\/2022\/wp-json\/wp\/v2\/users\/2"}],"replies":[{"embeddable":true,"href":"https:\/\/regiaonews.net.br\/2022\/wp-json\/wp\/v2\/comments?post=103796"}],"version-history":[{"count":1,"href":"https:\/\/regiaonews.net.br\/2022\/wp-json\/wp\/v2\/posts\/103796\/revisions"}],"predecessor-version":[{"id":103798,"href":"https:\/\/regiaonews.net.br\/2022\/wp-json\/wp\/v2\/posts\/103796\/revisions\/103798"}],"wp:featuredmedia":[{"embeddable":true,"href":"https:\/\/regiaonews.net.br\/2022\/wp-json\/wp\/v2\/media\/103797"}],"wp:attachment":[{"href":"https:\/\/regiaonews.net.br\/2022\/wp-json\/wp\/v2\/media?parent=103796"}],"wp:term":[{"taxonomy":"category","embeddable":true,"href":"https:\/\/regiaonews.net.br\/2022\/wp-json\/wp\/v2\/categories?post=103796"},{"taxonomy":"post_tag","embeddable":true,"href":"https:\/\/regiaonews.net.br\/2022\/wp-json\/wp\/v2\/tags?post=103796"}],"curies":[{"name":"wp","href":"https:\/\/api.w.org\/{rel}","templated":true}]}}