{"id":103793,"date":"2024-04-17T11:11:00","date_gmt":"2024-04-17T14:11:00","guid":{"rendered":"https:\/\/regiaonews.net.br\/2022\/?p=103793"},"modified":"2024-04-17T11:11:00","modified_gmt":"2024-04-17T14:11:00","slug":"preservacao-da-amazonia-demanda-global-conta-local","status":"publish","type":"post","link":"https:\/\/regiaonews.net.br\/2022\/2024\/04\/17\/preservacao-da-amazonia-demanda-global-conta-local\/","title":{"rendered":"Preserva\u00e7\u00e3o da Amaz\u00f4nia: demanda global, conta local"},"content":{"rendered":"<p>Em novembro de 2025 o Brasil sediar\u00e1 30\u00aa Confer\u00eancia das Partes da Conven\u00e7\u00e3o-Quadro das Na\u00e7\u00f5es Unidas sobre Mudan\u00e7a do Clima (COP 30), que ser\u00e1 realizada pela primeira vez em uma cidade amaz\u00f4nica. Ser\u00e1 uma oportunidade \u00fanica para os representantes do mundo todo conhecerem de perto a realidade da maior floresta tropical do planeta e discutirem quest\u00f5es preservacionistas.<\/p>\n<p>At\u00e9 a realiza\u00e7\u00e3o desse grande evento mundial do clima, os pr\u00f3ximos 19 meses devem servir para uma profunda reflex\u00e3o nacional sobre a regi\u00e3o amaz\u00f4nica brasileira, seu est\u00e1gio de preserva\u00e7\u00e3o, suas possibilidades de desenvolvimento sustent\u00e1vel e sobre a qualidade de vida da popula\u00e7\u00e3o daquela \u00e1rea.<\/p>\n<p>\u00c9 fundamental revelar ao Brasil (e ao planeta) a ren\u00fancia econ\u00f4mica do povo amaz\u00f4nida a favor de todos os brasileiros e da popula\u00e7\u00e3o mundial ao longo dos 524 anos do descobrimento do Brasil e dos 135 anos da Proclama\u00e7\u00e3o da Rep\u00fablica. Nesse longo per\u00edodo, a preserva\u00e7\u00e3o de 84% a 85% da floresta tropical da Amaz\u00f4nia brasileira tem sido feita \u00fanica e exclusivamente pelos habitantes daquela regi\u00e3o, gra\u00e7as ao seu desmedido amor pela floresta, rios, fauna e flora, ao custo injusto de seu acentuado empobrecimento.<\/p>\n<p>Os governos do Brasil dos \u00faltimos 35 anos quase nada fizeram em favor da Amaz\u00f4nia e seus habitantes. Os fatos e os n\u00fameros oficiais comprovam isso. Dos 15,5% a 16% do desmatamento da floresta amaz\u00f4nica brasileira,<\/p>\n<p>cerca de 41% aconteceram nos \u00faltimos 20 anos, justamente o per\u00edodo em que se montou uma estrutura burocr\u00e1tica com \u00f3rg\u00e3os como Minist\u00e9rio, Ibama, ICM-BIO e secretarias especiais cuja atua\u00e7\u00e3o teve efeito p\u00edfio nos locais alvos de sua atua\u00e7\u00e3o.<\/p>\n<p>As desigualdades regionais e sociais t\u00eam sido ignoradas pelos governos das mais variadas matizes, embora apare\u00e7am sistematicamente como promessas nas campanhas eleitorais, sempre descritas como prioridades que, no entanto, nunca se concretizam.<\/p>\n<p>A renda m\u00e9dia da popula\u00e7\u00e3o amaz\u00f4nica \u00e9 cerca de 36% menor do que a m\u00e9dia nacional. E este n\u00e3o \u00e9 o \u00fanico indicador da situa\u00e7\u00e3o. A regi\u00e3o Norte, com sete estados \u2013 Acre, Amap\u00e1, Amazonas, Par\u00e1, Rond\u00f4nia, Roraima e Tocantins \u2013 ocupa 45,85% da \u00e1rea territorial brasileira, mas sua popula\u00e7\u00e3o corresponde a apenas 9% dos habitantes do pa\u00eds e sua express\u00e3o econ\u00f4mica \u00e9 m\u00ednima: participa com apenas 6,2% do PIB nacional.<\/p>\n<p>A despropor\u00e7\u00e3o \u00e9 gritante. A regi\u00e3o Sudeste, com 89 milh\u00f5es de pessoas (ou 43,6% da popula\u00e7\u00e3o brasileira), ocupa menos de 11% do territ\u00f3rio nacional e responde por 55,2% do PIB.<\/p>\n<p>Essa deforma\u00e7\u00e3o fica mais evidente quando se nota que o estado de S\u00e3o Paulo, apesar de ocupar apenas 2,97% do territ\u00f3rio nacional, \u00e9 habitado por 22% da popula\u00e7\u00e3o brasileira e, sozinho, \u00e9 respons\u00e1vel por quase 32% do PIB nacional.<\/p>\n<p>Ironicamente, as regi\u00f5es Sul e Sudeste \u2013 as mais desenvolvidas do Pa\u00eds \u2013 s\u00e3o beneficiadas com mais de 65% dos gastos tribut\u00e1rios da Uni\u00e3o, traduzidos em ren\u00fancias fiscais que, pela Constitui\u00e7\u00e3o Federal de 1988 (artigos 3\u00ba, 43, 145, 151, 155 e 165, par\u00e1grafos 6\u00b0 e 7\u00b0), deveriam ser destinadas a reduzir as desigualdades regionais e sociais.<\/p>\n<p>N\u00e3o \u00e9 de se estranhar que s\u00f3 aumente o j\u00e1 enorme fosso no grau de desenvolvimento das regi\u00f5es. \u00c9 um reflexo da destina\u00e7\u00e3o equivocada feita pelos governos das \u00faltimas d\u00e9cadas, respons\u00e1veis por significativas ren\u00fancias fiscais dos tributos federais, que saltaram de 1,47% do PIB em 2001 para 4,8% do PIB em 2023, valor que corresponde a R$ 520 bilh\u00f5es por ano.<\/p>\n<p>Os governos das \u00faltimas d\u00e9cadas ignoraram que na regi\u00e3o amaz\u00f4nica cerca de 18 milh\u00f5es de brasileiros vivem em situa\u00e7\u00e3o prec\u00e1ria. S\u00e3o cidad\u00e3os simples, em sua maioria sem instru\u00e7\u00e3o e sem nenhuma oportunidade proporcionada pelos governos, os quais v\u00eam pagando o custo alto da ren\u00fancia econ\u00f4mica em favor dos demais brasileiros. Eles ainda sofrem com imposi\u00e7\u00f5es de \u00e1reas de uso restrito porque dos 56,10% da Amaz\u00f4nia brasileira, 25,87% s\u00e3o terras ind\u00edgenas demarcadas, 14,97% s\u00e3o unidades de conserva\u00e7\u00e3o federal, outros 12,13% s\u00e3o unidades de conserva\u00e7\u00e3o estadual e 1,13% comp\u00f5e unidades de conserva\u00e7\u00e3o municipais.<\/p>\n<p>Ribeirinhos, caboclos e ind\u00edgenas dedicam suas vidas a preservar esse imenso bioma de import\u00e2ncia vital para o clima da Terra, com a maior bacia hidrogr\u00e1fica do mundo (o Rio Amazonas e seus mais de 1.100 afluentes), 15% das \u00e1guas doces superficiais e n\u00e3o congeladas do planeta. Os 175 milh\u00f5es de litros de \u00e1gua despejados no mar a cada segundo ajudam a entender a grandiosidade dessa bacia hidrogr\u00e1fica.<\/p>\n<p>Gra\u00e7as a esse povo, de 84% a 85% da floresta ainda permanecerm inteiramente preservados. O mundo depende disso porque a Floresta Amaz\u00f4nica responde por mais da metade (53%) das florestas tropicais remanescentes no planeta.<\/p>\n<p>Em territ\u00f3rio brasileiro est\u00e3o 62% da Floresta Amaz\u00f4nica, que tem papel fundamental no combate ao aquecimento global e \u00e0s mudan\u00e7as clim\u00e1ticas. Respons\u00e1vel por 15% da \u00e1gua doce do planeta, boa parte garantido pelo Sistema Aqu\u00edfero Grande Amaz\u00f4nia (SAGA), o maior aqu\u00edfero do mundo,<\/p>\n<p>registra \u00edndice pluviom\u00e9trico que varia entre 1.400 e 3.500 mm por ano. Os rios voadores s\u00e3o essenciais para a agricultura do Centro-Oeste e do Sudeste.<\/p>\n<p>A biodiversidade da Amaz\u00f4nia \u00e9 incompar\u00e1vel. Re\u00fane mais de 1.300 esp\u00e9cies de aves, mais de 3.000 esp\u00e9cies de peixes, mais de 30.000 esp\u00e9cies de plantas, mais de 1.800 esp\u00e9cies de borboletas, 378 esp\u00e9cies de r\u00e9pteis, 427 esp\u00e9cies de anf\u00edbios e 311 esp\u00e9cies de mam\u00edferos, entre outras.<\/p>\n<p>Nem \u00e9 preciso destacar o papel fundamental que a Amaz\u00f4nia desempenha para a agricultura \u2013 que n\u00e3o prospera sem \u00e1gua -, e para a produ\u00e7\u00e3o de energia barata, renov\u00e1vel e confi\u00e1vel.<\/p>\n<p>Por tudo isso, fundamental a manuten\u00e7\u00e3o da floresta em p\u00e9, fonte de vida e diversidade e pe\u00e7a essencial no xadrez da economia nacional.<\/p>\n<p>Estudo do Banco Mundial divulgado em 10 de maio de 2023 pelo jornal O Globo demonstra que a preserva\u00e7\u00e3o da Floresta Amaz\u00f4nica, sem explora\u00e7\u00e3o, deixa de gerar cerca de US$ 317 bilh\u00f5es por ano. O tamanho da ren\u00fancia econ\u00f4mica dos habitantes da Amaz\u00f4nia seria, ent\u00e3o, de US$ 196,54 bilh\u00f5es por ano (US$ 317 bilh\u00f5es x 62%), algo totamente ignorado pelos governos do Brasil nas \u00faltimas d\u00e9cadas, com a omiss\u00e3o conveniente do G7, o grupo dos sete pa\u00edses de maior economia do mundo, com PIB de US$ 47,30 trilh\u00f5es\/ano.<\/p>\n<p>O mundo precisa entender que uma \u00e1rea de magnitude de mais de 3,8 milh\u00f5es de km\u00b2, localizada a milhares de quil\u00f4metros da capital Bras\u00edlia, n\u00e3o ser\u00e1 preservada por aqueles que participam de semin\u00e1rios, congressos e debates sobre o tema ou pelos que fazem as leis ou deflagram a\u00e7\u00f5es policiais. Tamb\u00e9m n\u00e3o o ser\u00e1 por aqueles que vivem na m\u00eddia denunciando a Amaz\u00f4nia em chamas. As a\u00e7\u00f5es pr\u00e1ticas h\u00e1 muito tempo s\u00e3o, efetivamente, dos 18 milh\u00f5es de habitantes da regi\u00e3o amaz\u00f4nica que n\u00e3o podem sofrer eternamente com a pobreza.<\/p>\n<p>O mundo precisa da floresta em p\u00e9 para o equil\u00edbrio clim\u00e1tico, mas precisa entender que isso n\u00e3o pode se dar a custo zero para as na\u00e7\u00f5es beneficiadas. O presidente norte-americano John Biden j\u00e1 fez um l\u00facido pronunciamento nesse sentido, o que deveria ser aproveitado pelo governo brasileiro para apresentar um plano de preserva\u00e7\u00e3o da floresta incluindo os custos da ren\u00fancia econ\u00f4mica da popula\u00e7\u00e3o amaz\u00f4nida que o Banco Mundial estimou em US$ 317 bilh\u00f5es por ano, valor equivalente a apenas 0,65% a 0,67% do PIB m\u00e9dio dos pa\u00edses do G7. Se essas na\u00e7\u00f5es destinassem para esse fim meros 0,1% de seu PIB, a preserva\u00e7\u00e3o da floresta teria recursos garantidos de US$ 47 bilh\u00f5es por ano. O Brasil responderia por 62% desse montante, ou cerca de US$ 29 bilh\u00f5es por ano.<\/p>\n<p>O c\u00e1lculo de reposi\u00e7\u00e3o direta tamb\u00e9m \u00e9 claro. A ren\u00fancia econ\u00f4mica dos 18 milh\u00f5es de amaz\u00f4nidas, considerando-se seu PIB 36% menor que a m\u00e9dia nacional, chega a US$ 68 bilh\u00f5es\/ano. Os caminhos s\u00e3o muitos, menos custo zero.<\/p>\n<p>\u00c9 sempre bom lembrar tamb\u00e9m que o agrobusiness brasileiro \u00e9 respons\u00e1vel pela gera\u00e7\u00e3o de US$ 600 bilh\u00f5es\/ano e por mais de US$ 150 bilh\u00f5es de super\u00e1vit comercial anual. Portanto, a prote\u00e7\u00e3o da floresta amaz\u00f4nica em raz\u00e3o do regime de chuvas no Centro-Oeste e Sudeste \u00e9 tamb\u00e9m um projeto de desenvolvimento econ\u00f4mico e social.<\/p>\n<p>A grandeza da ren\u00fancia dos amaz\u00f4nidas se evidencia pela n\u00e3o ocupa\u00e7\u00e3o f\u00edsica e pela n\u00e3o explora\u00e7\u00e3o da floresta, da\u00ed ser ocupada por somente 18 milh\u00f5es de habitantes, gerando PIB de apenas US$ 132 bilh\u00f5es ano em \u00e1rea de aproximados 3,88 milh\u00f5es de km\u00b2, equivalente \u00e0 \u00e1rea de 27 pa\u00edses europeus, inclusive os de maior destaque, onde residem 488 milh\u00f5es de pessoas, gerando riqueza (PIB) de US$ 19,20 trilh\u00f5es.<\/p>\n<p>Por outro lado, o Fundo Amaz\u00f4nia \u00e9 insignificante para a repara\u00e7\u00e3o do brutal empobrecimento da popula\u00e7\u00e3o da regi\u00e3o. Desde sua cria\u00e7\u00e3o, foram aplicados menos de R$ 5 bilh\u00f5es em mais de uma centena de projetos. O resultado: valor baixo, grande pulveriza\u00e7\u00e3o de recursos e nenhuma transpar\u00eancia sobre o resultado desses projetos em rela\u00e7\u00e3o \u00e0 gera\u00e7\u00e3o de renda e de ocupa\u00e7\u00e3o econ\u00f4mica.<\/p>\n<p>O diagn\u00f3stico \u00e9 claro. A solu\u00e7\u00e3o n\u00e3o pode depender de discuss\u00f5es est\u00e9reis e sem pragmatismo algum. A Amaz\u00f4nia, sem d\u00favida, precisa de um plano governamental cujo ponto de partida deve ser o que nunca foi feito: o invent\u00e1rio florestal da biodiversidade, seguido de metas, com prazos e transpar\u00eancia, al\u00e9m do financiamento internacional. Sem prescindir, \u00e9 claro, da dr\u00e1stica redu\u00e7\u00e3o das desigualdes regionais que castigam a popula\u00e7\u00e3o local.<\/p>\n<p>A COP 30 est\u00e1 chegando. A midia brasileira precisa, desde j\u00e1, divulgar esta realidade para que os l\u00edderes mundiais, reunidos em 2025 no Par\u00e1, consigam, de perto, enxergar melhor a realidade e se sensibilizarem com essa quest\u00e3o urgente.<\/p>\n<p>**Samuel Hanan \u00e9 engenheiro com especializa\u00e7\u00e3o nas \u00e1reas de macroeconomia, administra\u00e7\u00e3o de empresas e finan\u00e7as, empres\u00e1rio, e foi vice-governador do Amazonas (1999-2002). Autor dos livros \u201cBrasil, um pa\u00eds \u00e0 deriva\u201d e \u201cCaminhos para um pa\u00eds sem rumo\u201d. Site: https:\/\/samuelhanan.com.br<\/p>\n","protected":false},"excerpt":{"rendered":"<p>Em novembro de 2025 o Brasil sediar\u00e1 30\u00aa Confer\u00eancia das<\/p>\n","protected":false},"author":2,"featured_media":103794,"comment_status":"open","ping_status":"open","sticky":false,"template":"","format":"standard","meta":{"footnotes":""},"categories":[79,24,111],"tags":[],"class_list":["post-103793","post","type-post","status-publish","format-standard","has-post-thumbnail","hentry","category-artigo","category-brasil","category-cotidiano"],"yoast_head":"<!-- This site is optimized with the Yoast SEO plugin v27.4 - https:\/\/yoast.com\/product\/yoast-seo-wordpress\/ -->\n<title>Preserva\u00e7\u00e3o da Amaz\u00f4nia: demanda global, conta local - Regi\u00e3o News<\/title>\n<meta name=\"robots\" content=\"index, follow, max-snippet:-1, max-image-preview:large, max-video-preview:-1\" \/>\n<link rel=\"canonical\" href=\"https:\/\/regiaonews.net.br\/2022\/2024\/04\/17\/preservacao-da-amazonia-demanda-global-conta-local\/\" \/>\n<meta property=\"og:locale\" content=\"pt_BR\" \/>\n<meta property=\"og:type\" content=\"article\" \/>\n<meta property=\"og:title\" content=\"Preserva\u00e7\u00e3o da Amaz\u00f4nia: demanda global, conta local - Regi\u00e3o News\" \/>\n<meta property=\"og:description\" content=\"Em novembro de 2025 o Brasil sediar\u00e1 30\u00aa Confer\u00eancia das\" \/>\n<meta property=\"og:url\" content=\"https:\/\/regiaonews.net.br\/2022\/2024\/04\/17\/preservacao-da-amazonia-demanda-global-conta-local\/\" \/>\n<meta property=\"og:site_name\" content=\"Regi\u00e3o News\" \/>\n<meta property=\"article:published_time\" content=\"2024-04-17T14:11:00+00:00\" \/>\n<meta property=\"og:image\" content=\"https:\/\/regiaonews.net.br\/2022\/wp-content\/uploads\/2024\/04\/3x4.2-Samuel-Hanan.jpg\" \/>\n\t<meta property=\"og:image:width\" content=\"1712\" \/>\n\t<meta property=\"og:image:height\" content=\"2283\" \/>\n\t<meta property=\"og:image:type\" content=\"image\/jpeg\" \/>\n<meta name=\"author\" content=\"Roberto\" \/>\n<meta name=\"twitter:card\" content=\"summary_large_image\" \/>\n<meta name=\"twitter:label1\" content=\"Escrito por\" \/>\n\t<meta name=\"twitter:data1\" content=\"Roberto\" \/>\n\t<meta name=\"twitter:label2\" content=\"Est. tempo de leitura\" \/>\n\t<meta name=\"twitter:data2\" content=\"9 minutos\" \/>\n<script type=\"application\/ld+json\" class=\"yoast-schema-graph\">{\"@context\":\"https:\\\/\\\/schema.org\",\"@graph\":[{\"@type\":\"Article\",\"@id\":\"https:\\\/\\\/regiaonews.net.br\\\/2022\\\/2024\\\/04\\\/17\\\/preservacao-da-amazonia-demanda-global-conta-local\\\/#article\",\"isPartOf\":{\"@id\":\"https:\\\/\\\/regiaonews.net.br\\\/2022\\\/2024\\\/04\\\/17\\\/preservacao-da-amazonia-demanda-global-conta-local\\\/\"},\"author\":{\"name\":\"Roberto\",\"@id\":\"https:\\\/\\\/regiaonews.net.br\\\/2022\\\/#\\\/schema\\\/person\\\/2d205a608a5aa97ac279d7a5e6d89ad8\"},\"headline\":\"Preserva\u00e7\u00e3o da Amaz\u00f4nia: demanda global, conta local\",\"datePublished\":\"2024-04-17T14:11:00+00:00\",\"mainEntityOfPage\":{\"@id\":\"https:\\\/\\\/regiaonews.net.br\\\/2022\\\/2024\\\/04\\\/17\\\/preservacao-da-amazonia-demanda-global-conta-local\\\/\"},\"wordCount\":1724,\"commentCount\":0,\"publisher\":{\"@id\":\"https:\\\/\\\/regiaonews.net.br\\\/2022\\\/#organization\"},\"image\":{\"@id\":\"https:\\\/\\\/regiaonews.net.br\\\/2022\\\/2024\\\/04\\\/17\\\/preservacao-da-amazonia-demanda-global-conta-local\\\/#primaryimage\"},\"thumbnailUrl\":\"https:\\\/\\\/regiaonews.net.br\\\/2022\\\/wp-content\\\/uploads\\\/2024\\\/04\\\/3x4.2-Samuel-Hanan.jpg\",\"articleSection\":[\"Artigo\",\"Brasil\",\"Cotidiano\"],\"inLanguage\":\"pt-BR\",\"potentialAction\":[{\"@type\":\"CommentAction\",\"name\":\"Comment\",\"target\":[\"https:\\\/\\\/regiaonews.net.br\\\/2022\\\/2024\\\/04\\\/17\\\/preservacao-da-amazonia-demanda-global-conta-local\\\/#respond\"]}]},{\"@type\":\"WebPage\",\"@id\":\"https:\\\/\\\/regiaonews.net.br\\\/2022\\\/2024\\\/04\\\/17\\\/preservacao-da-amazonia-demanda-global-conta-local\\\/\",\"url\":\"https:\\\/\\\/regiaonews.net.br\\\/2022\\\/2024\\\/04\\\/17\\\/preservacao-da-amazonia-demanda-global-conta-local\\\/\",\"name\":\"Preserva\u00e7\u00e3o da Amaz\u00f4nia: demanda global, conta local - Regi\u00e3o News\",\"isPartOf\":{\"@id\":\"https:\\\/\\\/regiaonews.net.br\\\/2022\\\/#website\"},\"primaryImageOfPage\":{\"@id\":\"https:\\\/\\\/regiaonews.net.br\\\/2022\\\/2024\\\/04\\\/17\\\/preservacao-da-amazonia-demanda-global-conta-local\\\/#primaryimage\"},\"image\":{\"@id\":\"https:\\\/\\\/regiaonews.net.br\\\/2022\\\/2024\\\/04\\\/17\\\/preservacao-da-amazonia-demanda-global-conta-local\\\/#primaryimage\"},\"thumbnailUrl\":\"https:\\\/\\\/regiaonews.net.br\\\/2022\\\/wp-content\\\/uploads\\\/2024\\\/04\\\/3x4.2-Samuel-Hanan.jpg\",\"datePublished\":\"2024-04-17T14:11:00+00:00\",\"breadcrumb\":{\"@id\":\"https:\\\/\\\/regiaonews.net.br\\\/2022\\\/2024\\\/04\\\/17\\\/preservacao-da-amazonia-demanda-global-conta-local\\\/#breadcrumb\"},\"inLanguage\":\"pt-BR\",\"potentialAction\":[{\"@type\":\"ReadAction\",\"target\":[\"https:\\\/\\\/regiaonews.net.br\\\/2022\\\/2024\\\/04\\\/17\\\/preservacao-da-amazonia-demanda-global-conta-local\\\/\"]}]},{\"@type\":\"ImageObject\",\"inLanguage\":\"pt-BR\",\"@id\":\"https:\\\/\\\/regiaonews.net.br\\\/2022\\\/2024\\\/04\\\/17\\\/preservacao-da-amazonia-demanda-global-conta-local\\\/#primaryimage\",\"url\":\"https:\\\/\\\/regiaonews.net.br\\\/2022\\\/wp-content\\\/uploads\\\/2024\\\/04\\\/3x4.2-Samuel-Hanan.jpg\",\"contentUrl\":\"https:\\\/\\\/regiaonews.net.br\\\/2022\\\/wp-content\\\/uploads\\\/2024\\\/04\\\/3x4.2-Samuel-Hanan.jpg\",\"width\":1712,\"height\":2283},{\"@type\":\"BreadcrumbList\",\"@id\":\"https:\\\/\\\/regiaonews.net.br\\\/2022\\\/2024\\\/04\\\/17\\\/preservacao-da-amazonia-demanda-global-conta-local\\\/#breadcrumb\",\"itemListElement\":[{\"@type\":\"ListItem\",\"position\":1,\"name\":\"In\u00edcio\",\"item\":\"https:\\\/\\\/regiaonews.net.br\\\/2022\\\/\"},{\"@type\":\"ListItem\",\"position\":2,\"name\":\"Preserva\u00e7\u00e3o da Amaz\u00f4nia: demanda global, conta local\"}]},{\"@type\":\"WebSite\",\"@id\":\"https:\\\/\\\/regiaonews.net.br\\\/2022\\\/#website\",\"url\":\"https:\\\/\\\/regiaonews.net.br\\\/2022\\\/\",\"name\":\"Regi\u00e3o News\",\"description\":\"Site de Not\u00edcias de Barretos e regi\u00e3o\",\"publisher\":{\"@id\":\"https:\\\/\\\/regiaonews.net.br\\\/2022\\\/#organization\"},\"potentialAction\":[{\"@type\":\"SearchAction\",\"target\":{\"@type\":\"EntryPoint\",\"urlTemplate\":\"https:\\\/\\\/regiaonews.net.br\\\/2022\\\/?s={search_term_string}\"},\"query-input\":{\"@type\":\"PropertyValueSpecification\",\"valueRequired\":true,\"valueName\":\"search_term_string\"}}],\"inLanguage\":\"pt-BR\"},{\"@type\":\"Organization\",\"@id\":\"https:\\\/\\\/regiaonews.net.br\\\/2022\\\/#organization\",\"name\":\"Regi\u00e3o News\",\"url\":\"https:\\\/\\\/regiaonews.net.br\\\/2022\\\/\",\"logo\":{\"@type\":\"ImageObject\",\"inLanguage\":\"pt-BR\",\"@id\":\"https:\\\/\\\/regiaonews.net.br\\\/2022\\\/#\\\/schema\\\/logo\\\/image\\\/\",\"url\":\"https:\\\/\\\/regiaonews.net.br\\\/2022\\\/wp-content\\\/uploads\\\/2026\\\/03\\\/regiao-13-anos-scaled.jpg\",\"contentUrl\":\"https:\\\/\\\/regiaonews.net.br\\\/2022\\\/wp-content\\\/uploads\\\/2026\\\/03\\\/regiao-13-anos-scaled.jpg\",\"width\":2560,\"height\":635,\"caption\":\"Regi\u00e3o News\"},\"image\":{\"@id\":\"https:\\\/\\\/regiaonews.net.br\\\/2022\\\/#\\\/schema\\\/logo\\\/image\\\/\"}},{\"@type\":\"Person\",\"@id\":\"https:\\\/\\\/regiaonews.net.br\\\/2022\\\/#\\\/schema\\\/person\\\/2d205a608a5aa97ac279d7a5e6d89ad8\",\"name\":\"Roberto\",\"image\":{\"@type\":\"ImageObject\",\"inLanguage\":\"pt-BR\",\"@id\":\"https:\\\/\\\/secure.gravatar.com\\\/avatar\\\/42749d8b712ff9d59ca93dc150494e5b55a44134482993f5baeb97e61b7ecc89?s=96&d=mm&r=g\",\"url\":\"https:\\\/\\\/secure.gravatar.com\\\/avatar\\\/42749d8b712ff9d59ca93dc150494e5b55a44134482993f5baeb97e61b7ecc89?s=96&d=mm&r=g\",\"contentUrl\":\"https:\\\/\\\/secure.gravatar.com\\\/avatar\\\/42749d8b712ff9d59ca93dc150494e5b55a44134482993f5baeb97e61b7ecc89?s=96&d=mm&r=g\",\"caption\":\"Roberto\"},\"url\":\"https:\\\/\\\/regiaonews.net.br\\\/2022\\\/author\\\/roberto\\\/\"}]}<\/script>\n<!-- \/ Yoast SEO plugin. -->","yoast_head_json":{"title":"Preserva\u00e7\u00e3o da Amaz\u00f4nia: demanda global, conta local - Regi\u00e3o News","robots":{"index":"index","follow":"follow","max-snippet":"max-snippet:-1","max-image-preview":"max-image-preview:large","max-video-preview":"max-video-preview:-1"},"canonical":"https:\/\/regiaonews.net.br\/2022\/2024\/04\/17\/preservacao-da-amazonia-demanda-global-conta-local\/","og_locale":"pt_BR","og_type":"article","og_title":"Preserva\u00e7\u00e3o da Amaz\u00f4nia: demanda global, conta local - Regi\u00e3o News","og_description":"Em novembro de 2025 o Brasil sediar\u00e1 30\u00aa Confer\u00eancia das","og_url":"https:\/\/regiaonews.net.br\/2022\/2024\/04\/17\/preservacao-da-amazonia-demanda-global-conta-local\/","og_site_name":"Regi\u00e3o News","article_published_time":"2024-04-17T14:11:00+00:00","og_image":[{"width":1712,"height":2283,"url":"https:\/\/regiaonews.net.br\/2022\/wp-content\/uploads\/2024\/04\/3x4.2-Samuel-Hanan.jpg","type":"image\/jpeg"}],"author":"Roberto","twitter_card":"summary_large_image","twitter_misc":{"Escrito por":"Roberto","Est. tempo de leitura":"9 minutos"},"schema":{"@context":"https:\/\/schema.org","@graph":[{"@type":"Article","@id":"https:\/\/regiaonews.net.br\/2022\/2024\/04\/17\/preservacao-da-amazonia-demanda-global-conta-local\/#article","isPartOf":{"@id":"https:\/\/regiaonews.net.br\/2022\/2024\/04\/17\/preservacao-da-amazonia-demanda-global-conta-local\/"},"author":{"name":"Roberto","@id":"https:\/\/regiaonews.net.br\/2022\/#\/schema\/person\/2d205a608a5aa97ac279d7a5e6d89ad8"},"headline":"Preserva\u00e7\u00e3o da Amaz\u00f4nia: demanda global, conta local","datePublished":"2024-04-17T14:11:00+00:00","mainEntityOfPage":{"@id":"https:\/\/regiaonews.net.br\/2022\/2024\/04\/17\/preservacao-da-amazonia-demanda-global-conta-local\/"},"wordCount":1724,"commentCount":0,"publisher":{"@id":"https:\/\/regiaonews.net.br\/2022\/#organization"},"image":{"@id":"https:\/\/regiaonews.net.br\/2022\/2024\/04\/17\/preservacao-da-amazonia-demanda-global-conta-local\/#primaryimage"},"thumbnailUrl":"https:\/\/regiaonews.net.br\/2022\/wp-content\/uploads\/2024\/04\/3x4.2-Samuel-Hanan.jpg","articleSection":["Artigo","Brasil","Cotidiano"],"inLanguage":"pt-BR","potentialAction":[{"@type":"CommentAction","name":"Comment","target":["https:\/\/regiaonews.net.br\/2022\/2024\/04\/17\/preservacao-da-amazonia-demanda-global-conta-local\/#respond"]}]},{"@type":"WebPage","@id":"https:\/\/regiaonews.net.br\/2022\/2024\/04\/17\/preservacao-da-amazonia-demanda-global-conta-local\/","url":"https:\/\/regiaonews.net.br\/2022\/2024\/04\/17\/preservacao-da-amazonia-demanda-global-conta-local\/","name":"Preserva\u00e7\u00e3o da Amaz\u00f4nia: demanda global, conta local - Regi\u00e3o News","isPartOf":{"@id":"https:\/\/regiaonews.net.br\/2022\/#website"},"primaryImageOfPage":{"@id":"https:\/\/regiaonews.net.br\/2022\/2024\/04\/17\/preservacao-da-amazonia-demanda-global-conta-local\/#primaryimage"},"image":{"@id":"https:\/\/regiaonews.net.br\/2022\/2024\/04\/17\/preservacao-da-amazonia-demanda-global-conta-local\/#primaryimage"},"thumbnailUrl":"https:\/\/regiaonews.net.br\/2022\/wp-content\/uploads\/2024\/04\/3x4.2-Samuel-Hanan.jpg","datePublished":"2024-04-17T14:11:00+00:00","breadcrumb":{"@id":"https:\/\/regiaonews.net.br\/2022\/2024\/04\/17\/preservacao-da-amazonia-demanda-global-conta-local\/#breadcrumb"},"inLanguage":"pt-BR","potentialAction":[{"@type":"ReadAction","target":["https:\/\/regiaonews.net.br\/2022\/2024\/04\/17\/preservacao-da-amazonia-demanda-global-conta-local\/"]}]},{"@type":"ImageObject","inLanguage":"pt-BR","@id":"https:\/\/regiaonews.net.br\/2022\/2024\/04\/17\/preservacao-da-amazonia-demanda-global-conta-local\/#primaryimage","url":"https:\/\/regiaonews.net.br\/2022\/wp-content\/uploads\/2024\/04\/3x4.2-Samuel-Hanan.jpg","contentUrl":"https:\/\/regiaonews.net.br\/2022\/wp-content\/uploads\/2024\/04\/3x4.2-Samuel-Hanan.jpg","width":1712,"height":2283},{"@type":"BreadcrumbList","@id":"https:\/\/regiaonews.net.br\/2022\/2024\/04\/17\/preservacao-da-amazonia-demanda-global-conta-local\/#breadcrumb","itemListElement":[{"@type":"ListItem","position":1,"name":"In\u00edcio","item":"https:\/\/regiaonews.net.br\/2022\/"},{"@type":"ListItem","position":2,"name":"Preserva\u00e7\u00e3o da Amaz\u00f4nia: demanda global, conta local"}]},{"@type":"WebSite","@id":"https:\/\/regiaonews.net.br\/2022\/#website","url":"https:\/\/regiaonews.net.br\/2022\/","name":"Regi\u00e3o News","description":"Site de Not\u00edcias de Barretos e regi\u00e3o","publisher":{"@id":"https:\/\/regiaonews.net.br\/2022\/#organization"},"potentialAction":[{"@type":"SearchAction","target":{"@type":"EntryPoint","urlTemplate":"https:\/\/regiaonews.net.br\/2022\/?s={search_term_string}"},"query-input":{"@type":"PropertyValueSpecification","valueRequired":true,"valueName":"search_term_string"}}],"inLanguage":"pt-BR"},{"@type":"Organization","@id":"https:\/\/regiaonews.net.br\/2022\/#organization","name":"Regi\u00e3o News","url":"https:\/\/regiaonews.net.br\/2022\/","logo":{"@type":"ImageObject","inLanguage":"pt-BR","@id":"https:\/\/regiaonews.net.br\/2022\/#\/schema\/logo\/image\/","url":"https:\/\/regiaonews.net.br\/2022\/wp-content\/uploads\/2026\/03\/regiao-13-anos-scaled.jpg","contentUrl":"https:\/\/regiaonews.net.br\/2022\/wp-content\/uploads\/2026\/03\/regiao-13-anos-scaled.jpg","width":2560,"height":635,"caption":"Regi\u00e3o News"},"image":{"@id":"https:\/\/regiaonews.net.br\/2022\/#\/schema\/logo\/image\/"}},{"@type":"Person","@id":"https:\/\/regiaonews.net.br\/2022\/#\/schema\/person\/2d205a608a5aa97ac279d7a5e6d89ad8","name":"Roberto","image":{"@type":"ImageObject","inLanguage":"pt-BR","@id":"https:\/\/secure.gravatar.com\/avatar\/42749d8b712ff9d59ca93dc150494e5b55a44134482993f5baeb97e61b7ecc89?s=96&d=mm&r=g","url":"https:\/\/secure.gravatar.com\/avatar\/42749d8b712ff9d59ca93dc150494e5b55a44134482993f5baeb97e61b7ecc89?s=96&d=mm&r=g","contentUrl":"https:\/\/secure.gravatar.com\/avatar\/42749d8b712ff9d59ca93dc150494e5b55a44134482993f5baeb97e61b7ecc89?s=96&d=mm&r=g","caption":"Roberto"},"url":"https:\/\/regiaonews.net.br\/2022\/author\/roberto\/"}]}},"publishpress_future_action":{"enabled":false,"date":"2026-05-04 06:29:45","action":"change-status","newStatus":"draft","terms":[],"taxonomy":"category","extraData":[]},"publishpress_future_workflow_manual_trigger":{"enabledWorkflows":[]},"_links":{"self":[{"href":"https:\/\/regiaonews.net.br\/2022\/wp-json\/wp\/v2\/posts\/103793","targetHints":{"allow":["GET"]}}],"collection":[{"href":"https:\/\/regiaonews.net.br\/2022\/wp-json\/wp\/v2\/posts"}],"about":[{"href":"https:\/\/regiaonews.net.br\/2022\/wp-json\/wp\/v2\/types\/post"}],"author":[{"embeddable":true,"href":"https:\/\/regiaonews.net.br\/2022\/wp-json\/wp\/v2\/users\/2"}],"replies":[{"embeddable":true,"href":"https:\/\/regiaonews.net.br\/2022\/wp-json\/wp\/v2\/comments?post=103793"}],"version-history":[{"count":1,"href":"https:\/\/regiaonews.net.br\/2022\/wp-json\/wp\/v2\/posts\/103793\/revisions"}],"predecessor-version":[{"id":103795,"href":"https:\/\/regiaonews.net.br\/2022\/wp-json\/wp\/v2\/posts\/103793\/revisions\/103795"}],"wp:featuredmedia":[{"embeddable":true,"href":"https:\/\/regiaonews.net.br\/2022\/wp-json\/wp\/v2\/media\/103794"}],"wp:attachment":[{"href":"https:\/\/regiaonews.net.br\/2022\/wp-json\/wp\/v2\/media?parent=103793"}],"wp:term":[{"taxonomy":"category","embeddable":true,"href":"https:\/\/regiaonews.net.br\/2022\/wp-json\/wp\/v2\/categories?post=103793"},{"taxonomy":"post_tag","embeddable":true,"href":"https:\/\/regiaonews.net.br\/2022\/wp-json\/wp\/v2\/tags?post=103793"}],"curies":[{"name":"wp","href":"https:\/\/api.w.org\/{rel}","templated":true}]}}