{"id":103760,"date":"2024-04-16T19:25:11","date_gmt":"2024-04-16T22:25:11","guid":{"rendered":"https:\/\/regiaonews.net.br\/2022\/?p=103760"},"modified":"2024-04-16T19:25:11","modified_gmt":"2024-04-16T22:25:11","slug":"policia-cientifica-de-barretos-inaugura-nova-sede","status":"publish","type":"post","link":"https:\/\/regiaonews.net.br\/2022\/2024\/04\/16\/policia-cientifica-de-barretos-inaugura-nova-sede\/","title":{"rendered":"Pol\u00edcia Cient\u00edfica de Barretos inaugura nova sede"},"content":{"rendered":"<p>Prefeitura mant\u00e9m conv\u00eanio para custeio da loca\u00e7\u00e3o do im\u00f3vel e cess\u00e3o de servidores para trabalhos administrativos<\/p>\n<p>A nova sede da Pol\u00edcia Cient\u00edfica foi inaugurada na tarde desta ter\u00e7a-feira, 16 de abril, em uma solenidade que contou com a presen\u00e7a de autoridades das pol\u00edcias Civil e Militar e dos poderes Executivo e Legislativo.<br \/>\nO im\u00f3vel, localizado na Rua 26, n\u00b0 630, no Centro, passou por adequa\u00e7\u00f5es para melhor atender a Equipe de Per\u00edcias Criminal\u00edsticas e tem sua loca\u00e7\u00e3o custeada por meio de conv\u00eanio firmado com a Prefeitura de Barretos. \u201cTemos um grande compromisso com a pol\u00edcia da nossa cidade, com a seguran\u00e7a e com a justi\u00e7a. E a Pol\u00edcia Cient\u00edfica \u00e9 a concretiza\u00e7\u00e3o da justi\u00e7a, porque eles fazem os laudos t\u00e9cnicos. \u00c9 um pr\u00e9dio bem no centro da cidade, com espa\u00e7o de laborat\u00f3rio para fazer os testes que t\u00eam que ser feitos\u201d, comentou a Prefeita Paula Lemos.<br \/>\nO conv\u00eanio com a Prefeitura tamb\u00e9m contempla a cess\u00e3o de tr\u00eas servidores para servi\u00e7os administrativos.<br \/>\nDra. Carla de Souza Silva, Perito Criminal Chefe da Equipe, falou das novas instala\u00e7\u00f5es. \u201cS\u00e3o salas mais apropriadas, distribuindo os computadores de trabalho, os equipamentos, a parte t\u00e9cnica, laborat\u00f3rios. Isso traz um conforto f\u00edsico, onde os profissionais da Per\u00edcia de Barretos v\u00e3o poder trabalhar melhor\u201d, disse.<br \/>\nAl\u00e9m de Barretos, a Equipe de Per\u00edcias Criminal\u00edsticas abrange as cidades de Altair, Cajobi, Colina, Col\u00f4mbia, Emba\u00faba, Gua\u00edra, Guaraci, Jaborandi, Ol\u00edmpia e Sever\u00ednia, com atendimento de cerca de tr\u00eas mil casos por ano nas mais diversas \u00e1reas.<br \/>\nO Perito Criminal Diretor do Centro de Per\u00edcias do Instituto de Criminal\u00edstica do Estado de S\u00e3o Paulo, Dr. Ricardo Lopes Ortega, parabenizou a Prefeitura pela parceria. \u201cSem d\u00favida alguma \u00e9 uma sede que representa o anseio de justi\u00e7a da sociedade da regi\u00e3o. Ent\u00e3o a Pol\u00edcia Cient\u00edfica fica honrada de ter essa parceria tanto com a Prefeitura, quanto com a Pol\u00edcia Civil e com os nossos colegas da Pol\u00edcia Militar\u201d, disse.<br \/>\nHomenagem<br \/>\nDurante a inaugura\u00e7\u00e3o, a Sala de Reda\u00e7\u00e3o de Laudos recebeu o nome do Perito Criminal Dr. Wilson Moriguchi, que exerceu suas fun\u00e7\u00f5es na Equipe de Per\u00edcias de Barretos por 29 anos e faleceu em 2020, v\u00edtima de Covid-19. A esposa, Sueli, e filhos tamb\u00e9m estiveram presentes.<br \/>\nTamb\u00e9m participaram da solenidade o Delegado Seccional de Pol\u00edcia de Barretos, Dr. Ant\u00f4nio Mestre Junior; o Major PM Paulo Cesar Frugeri, o Capit\u00e3o PM Israel Pigossi; e os vereadores Dr. Chafei e Nestor Leonel.<\/p>\n","protected":false},"excerpt":{"rendered":"<p>Prefeitura mant\u00e9m conv\u00eanio para custeio da loca\u00e7\u00e3o do im\u00f3vel e<\/p>\n","protected":false},"author":2,"featured_media":103761,"comment_status":"open","ping_status":"open","sticky":false,"template":"","format":"standard","meta":{"footnotes":""},"categories":[14,25],"tags":[],"class_list":["post-103760","post","type-post","status-publish","format-standard","has-post-thumbnail","hentry","category-barretos","category-cidades"],"yoast_head":"<!-- This site is optimized with the Yoast SEO plugin v27.4 - https:\/\/yoast.com\/product\/yoast-seo-wordpress\/ -->\n<title>Pol\u00edcia Cient\u00edfica de Barretos inaugura nova sede - Regi\u00e3o News<\/title>\n<meta name=\"robots\" content=\"index, follow, max-snippet:-1, max-image-preview:large, max-video-preview:-1\" \/>\n<link rel=\"canonical\" href=\"https:\/\/regiaonews.net.br\/2022\/2024\/04\/16\/policia-cientifica-de-barretos-inaugura-nova-sede\/\" \/>\n<meta property=\"og:locale\" content=\"pt_BR\" \/>\n<meta property=\"og:type\" content=\"article\" \/>\n<meta property=\"og:title\" content=\"Pol\u00edcia Cient\u00edfica de Barretos inaugura nova sede - Regi\u00e3o News\" \/>\n<meta property=\"og:description\" content=\"Prefeitura mant\u00e9m conv\u00eanio para custeio da loca\u00e7\u00e3o do im\u00f3vel e\" \/>\n<meta property=\"og:url\" content=\"https:\/\/regiaonews.net.br\/2022\/2024\/04\/16\/policia-cientifica-de-barretos-inaugura-nova-sede\/\" \/>\n<meta property=\"og:site_name\" content=\"Regi\u00e3o News\" \/>\n<meta property=\"article:published_time\" content=\"2024-04-16T22:25:11+00:00\" \/>\n<meta property=\"og:image\" content=\"https:\/\/regiaonews.net.br\/2022\/wp-content\/uploads\/2024\/04\/WhatsApp-Image-2024-04-16-at-18.15.20.jpeg\" \/>\n\t<meta property=\"og:image:width\" content=\"1600\" \/>\n\t<meta property=\"og:image:height\" content=\"900\" \/>\n\t<meta property=\"og:image:type\" content=\"image\/jpeg\" \/>\n<meta name=\"author\" content=\"Roberto\" \/>\n<meta name=\"twitter:card\" content=\"summary_large_image\" \/>\n<meta name=\"twitter:label1\" content=\"Escrito por\" \/>\n\t<meta name=\"twitter:data1\" content=\"Roberto\" \/>\n\t<meta name=\"twitter:label2\" content=\"Est. tempo de leitura\" \/>\n\t<meta name=\"twitter:data2\" content=\"3 minutos\" \/>\n<script type=\"application\/ld+json\" class=\"yoast-schema-graph\">{\"@context\":\"https:\\\/\\\/schema.org\",\"@graph\":[{\"@type\":\"Article\",\"@id\":\"https:\\\/\\\/regiaonews.net.br\\\/2022\\\/2024\\\/04\\\/16\\\/policia-cientifica-de-barretos-inaugura-nova-sede\\\/#article\",\"isPartOf\":{\"@id\":\"https:\\\/\\\/regiaonews.net.br\\\/2022\\\/2024\\\/04\\\/16\\\/policia-cientifica-de-barretos-inaugura-nova-sede\\\/\"},\"author\":{\"name\":\"Roberto\",\"@id\":\"https:\\\/\\\/regiaonews.net.br\\\/2022\\\/#\\\/schema\\\/person\\\/2d205a608a5aa97ac279d7a5e6d89ad8\"},\"headline\":\"Pol\u00edcia Cient\u00edfica de Barretos inaugura nova sede\",\"datePublished\":\"2024-04-16T22:25:11+00:00\",\"mainEntityOfPage\":{\"@id\":\"https:\\\/\\\/regiaonews.net.br\\\/2022\\\/2024\\\/04\\\/16\\\/policia-cientifica-de-barretos-inaugura-nova-sede\\\/\"},\"wordCount\":466,\"commentCount\":0,\"publisher\":{\"@id\":\"https:\\\/\\\/regiaonews.net.br\\\/2022\\\/#organization\"},\"image\":{\"@id\":\"https:\\\/\\\/regiaonews.net.br\\\/2022\\\/2024\\\/04\\\/16\\\/policia-cientifica-de-barretos-inaugura-nova-sede\\\/#primaryimage\"},\"thumbnailUrl\":\"https:\\\/\\\/regiaonews.net.br\\\/2022\\\/wp-content\\\/uploads\\\/2024\\\/04\\\/WhatsApp-Image-2024-04-16-at-18.15.20.jpeg\",\"articleSection\":[\"Barretos\",\"Cidades\"],\"inLanguage\":\"pt-BR\",\"potentialAction\":[{\"@type\":\"CommentAction\",\"name\":\"Comment\",\"target\":[\"https:\\\/\\\/regiaonews.net.br\\\/2022\\\/2024\\\/04\\\/16\\\/policia-cientifica-de-barretos-inaugura-nova-sede\\\/#respond\"]}]},{\"@type\":\"WebPage\",\"@id\":\"https:\\\/\\\/regiaonews.net.br\\\/2022\\\/2024\\\/04\\\/16\\\/policia-cientifica-de-barretos-inaugura-nova-sede\\\/\",\"url\":\"https:\\\/\\\/regiaonews.net.br\\\/2022\\\/2024\\\/04\\\/16\\\/policia-cientifica-de-barretos-inaugura-nova-sede\\\/\",\"name\":\"Pol\u00edcia Cient\u00edfica de Barretos inaugura nova sede - Regi\u00e3o News\",\"isPartOf\":{\"@id\":\"https:\\\/\\\/regiaonews.net.br\\\/2022\\\/#website\"},\"primaryImageOfPage\":{\"@id\":\"https:\\\/\\\/regiaonews.net.br\\\/2022\\\/2024\\\/04\\\/16\\\/policia-cientifica-de-barretos-inaugura-nova-sede\\\/#primaryimage\"},\"image\":{\"@id\":\"https:\\\/\\\/regiaonews.net.br\\\/2022\\\/2024\\\/04\\\/16\\\/policia-cientifica-de-barretos-inaugura-nova-sede\\\/#primaryimage\"},\"thumbnailUrl\":\"https:\\\/\\\/regiaonews.net.br\\\/2022\\\/wp-content\\\/uploads\\\/2024\\\/04\\\/WhatsApp-Image-2024-04-16-at-18.15.20.jpeg\",\"datePublished\":\"2024-04-16T22:25:11+00:00\",\"breadcrumb\":{\"@id\":\"https:\\\/\\\/regiaonews.net.br\\\/2022\\\/2024\\\/04\\\/16\\\/policia-cientifica-de-barretos-inaugura-nova-sede\\\/#breadcrumb\"},\"inLanguage\":\"pt-BR\",\"potentialAction\":[{\"@type\":\"ReadAction\",\"target\":[\"https:\\\/\\\/regiaonews.net.br\\\/2022\\\/2024\\\/04\\\/16\\\/policia-cientifica-de-barretos-inaugura-nova-sede\\\/\"]}]},{\"@type\":\"ImageObject\",\"inLanguage\":\"pt-BR\",\"@id\":\"https:\\\/\\\/regiaonews.net.br\\\/2022\\\/2024\\\/04\\\/16\\\/policia-cientifica-de-barretos-inaugura-nova-sede\\\/#primaryimage\",\"url\":\"https:\\\/\\\/regiaonews.net.br\\\/2022\\\/wp-content\\\/uploads\\\/2024\\\/04\\\/WhatsApp-Image-2024-04-16-at-18.15.20.jpeg\",\"contentUrl\":\"https:\\\/\\\/regiaonews.net.br\\\/2022\\\/wp-content\\\/uploads\\\/2024\\\/04\\\/WhatsApp-Image-2024-04-16-at-18.15.20.jpeg\",\"width\":1600,\"height\":900},{\"@type\":\"BreadcrumbList\",\"@id\":\"https:\\\/\\\/regiaonews.net.br\\\/2022\\\/2024\\\/04\\\/16\\\/policia-cientifica-de-barretos-inaugura-nova-sede\\\/#breadcrumb\",\"itemListElement\":[{\"@type\":\"ListItem\",\"position\":1,\"name\":\"In\u00edcio\",\"item\":\"https:\\\/\\\/regiaonews.net.br\\\/2022\\\/\"},{\"@type\":\"ListItem\",\"position\":2,\"name\":\"Pol\u00edcia Cient\u00edfica de Barretos inaugura nova sede\"}]},{\"@type\":\"WebSite\",\"@id\":\"https:\\\/\\\/regiaonews.net.br\\\/2022\\\/#website\",\"url\":\"https:\\\/\\\/regiaonews.net.br\\\/2022\\\/\",\"name\":\"Regi\u00e3o News\",\"description\":\"Site de Not\u00edcias de Barretos e regi\u00e3o\",\"publisher\":{\"@id\":\"https:\\\/\\\/regiaonews.net.br\\\/2022\\\/#organization\"},\"potentialAction\":[{\"@type\":\"SearchAction\",\"target\":{\"@type\":\"EntryPoint\",\"urlTemplate\":\"https:\\\/\\\/regiaonews.net.br\\\/2022\\\/?s={search_term_string}\"},\"query-input\":{\"@type\":\"PropertyValueSpecification\",\"valueRequired\":true,\"valueName\":\"search_term_string\"}}],\"inLanguage\":\"pt-BR\"},{\"@type\":\"Organization\",\"@id\":\"https:\\\/\\\/regiaonews.net.br\\\/2022\\\/#organization\",\"name\":\"Regi\u00e3o News\",\"url\":\"https:\\\/\\\/regiaonews.net.br\\\/2022\\\/\",\"logo\":{\"@type\":\"ImageObject\",\"inLanguage\":\"pt-BR\",\"@id\":\"https:\\\/\\\/regiaonews.net.br\\\/2022\\\/#\\\/schema\\\/logo\\\/image\\\/\",\"url\":\"https:\\\/\\\/regiaonews.net.br\\\/2022\\\/wp-content\\\/uploads\\\/2026\\\/03\\\/regiao-13-anos-scaled.jpg\",\"contentUrl\":\"https:\\\/\\\/regiaonews.net.br\\\/2022\\\/wp-content\\\/uploads\\\/2026\\\/03\\\/regiao-13-anos-scaled.jpg\",\"width\":2560,\"height\":635,\"caption\":\"Regi\u00e3o News\"},\"image\":{\"@id\":\"https:\\\/\\\/regiaonews.net.br\\\/2022\\\/#\\\/schema\\\/logo\\\/image\\\/\"}},{\"@type\":\"Person\",\"@id\":\"https:\\\/\\\/regiaonews.net.br\\\/2022\\\/#\\\/schema\\\/person\\\/2d205a608a5aa97ac279d7a5e6d89ad8\",\"name\":\"Roberto\",\"image\":{\"@type\":\"ImageObject\",\"inLanguage\":\"pt-BR\",\"@id\":\"https:\\\/\\\/secure.gravatar.com\\\/avatar\\\/42749d8b712ff9d59ca93dc150494e5b55a44134482993f5baeb97e61b7ecc89?s=96&d=mm&r=g\",\"url\":\"https:\\\/\\\/secure.gravatar.com\\\/avatar\\\/42749d8b712ff9d59ca93dc150494e5b55a44134482993f5baeb97e61b7ecc89?s=96&d=mm&r=g\",\"contentUrl\":\"https:\\\/\\\/secure.gravatar.com\\\/avatar\\\/42749d8b712ff9d59ca93dc150494e5b55a44134482993f5baeb97e61b7ecc89?s=96&d=mm&r=g\",\"caption\":\"Roberto\"},\"url\":\"https:\\\/\\\/regiaonews.net.br\\\/2022\\\/author\\\/roberto\\\/\"}]}<\/script>\n<!-- \/ Yoast SEO plugin. -->","yoast_head_json":{"title":"Pol\u00edcia Cient\u00edfica de Barretos inaugura nova sede - Regi\u00e3o News","robots":{"index":"index","follow":"follow","max-snippet":"max-snippet:-1","max-image-preview":"max-image-preview:large","max-video-preview":"max-video-preview:-1"},"canonical":"https:\/\/regiaonews.net.br\/2022\/2024\/04\/16\/policia-cientifica-de-barretos-inaugura-nova-sede\/","og_locale":"pt_BR","og_type":"article","og_title":"Pol\u00edcia Cient\u00edfica de Barretos inaugura nova sede - Regi\u00e3o News","og_description":"Prefeitura mant\u00e9m conv\u00eanio para custeio da loca\u00e7\u00e3o do im\u00f3vel e","og_url":"https:\/\/regiaonews.net.br\/2022\/2024\/04\/16\/policia-cientifica-de-barretos-inaugura-nova-sede\/","og_site_name":"Regi\u00e3o News","article_published_time":"2024-04-16T22:25:11+00:00","og_image":[{"width":1600,"height":900,"url":"https:\/\/regiaonews.net.br\/2022\/wp-content\/uploads\/2024\/04\/WhatsApp-Image-2024-04-16-at-18.15.20.jpeg","type":"image\/jpeg"}],"author":"Roberto","twitter_card":"summary_large_image","twitter_misc":{"Escrito por":"Roberto","Est. tempo de leitura":"3 minutos"},"schema":{"@context":"https:\/\/schema.org","@graph":[{"@type":"Article","@id":"https:\/\/regiaonews.net.br\/2022\/2024\/04\/16\/policia-cientifica-de-barretos-inaugura-nova-sede\/#article","isPartOf":{"@id":"https:\/\/regiaonews.net.br\/2022\/2024\/04\/16\/policia-cientifica-de-barretos-inaugura-nova-sede\/"},"author":{"name":"Roberto","@id":"https:\/\/regiaonews.net.br\/2022\/#\/schema\/person\/2d205a608a5aa97ac279d7a5e6d89ad8"},"headline":"Pol\u00edcia Cient\u00edfica de Barretos inaugura nova sede","datePublished":"2024-04-16T22:25:11+00:00","mainEntityOfPage":{"@id":"https:\/\/regiaonews.net.br\/2022\/2024\/04\/16\/policia-cientifica-de-barretos-inaugura-nova-sede\/"},"wordCount":466,"commentCount":0,"publisher":{"@id":"https:\/\/regiaonews.net.br\/2022\/#organization"},"image":{"@id":"https:\/\/regiaonews.net.br\/2022\/2024\/04\/16\/policia-cientifica-de-barretos-inaugura-nova-sede\/#primaryimage"},"thumbnailUrl":"https:\/\/regiaonews.net.br\/2022\/wp-content\/uploads\/2024\/04\/WhatsApp-Image-2024-04-16-at-18.15.20.jpeg","articleSection":["Barretos","Cidades"],"inLanguage":"pt-BR","potentialAction":[{"@type":"CommentAction","name":"Comment","target":["https:\/\/regiaonews.net.br\/2022\/2024\/04\/16\/policia-cientifica-de-barretos-inaugura-nova-sede\/#respond"]}]},{"@type":"WebPage","@id":"https:\/\/regiaonews.net.br\/2022\/2024\/04\/16\/policia-cientifica-de-barretos-inaugura-nova-sede\/","url":"https:\/\/regiaonews.net.br\/2022\/2024\/04\/16\/policia-cientifica-de-barretos-inaugura-nova-sede\/","name":"Pol\u00edcia Cient\u00edfica de Barretos inaugura nova sede - Regi\u00e3o News","isPartOf":{"@id":"https:\/\/regiaonews.net.br\/2022\/#website"},"primaryImageOfPage":{"@id":"https:\/\/regiaonews.net.br\/2022\/2024\/04\/16\/policia-cientifica-de-barretos-inaugura-nova-sede\/#primaryimage"},"image":{"@id":"https:\/\/regiaonews.net.br\/2022\/2024\/04\/16\/policia-cientifica-de-barretos-inaugura-nova-sede\/#primaryimage"},"thumbnailUrl":"https:\/\/regiaonews.net.br\/2022\/wp-content\/uploads\/2024\/04\/WhatsApp-Image-2024-04-16-at-18.15.20.jpeg","datePublished":"2024-04-16T22:25:11+00:00","breadcrumb":{"@id":"https:\/\/regiaonews.net.br\/2022\/2024\/04\/16\/policia-cientifica-de-barretos-inaugura-nova-sede\/#breadcrumb"},"inLanguage":"pt-BR","potentialAction":[{"@type":"ReadAction","target":["https:\/\/regiaonews.net.br\/2022\/2024\/04\/16\/policia-cientifica-de-barretos-inaugura-nova-sede\/"]}]},{"@type":"ImageObject","inLanguage":"pt-BR","@id":"https:\/\/regiaonews.net.br\/2022\/2024\/04\/16\/policia-cientifica-de-barretos-inaugura-nova-sede\/#primaryimage","url":"https:\/\/regiaonews.net.br\/2022\/wp-content\/uploads\/2024\/04\/WhatsApp-Image-2024-04-16-at-18.15.20.jpeg","contentUrl":"https:\/\/regiaonews.net.br\/2022\/wp-content\/uploads\/2024\/04\/WhatsApp-Image-2024-04-16-at-18.15.20.jpeg","width":1600,"height":900},{"@type":"BreadcrumbList","@id":"https:\/\/regiaonews.net.br\/2022\/2024\/04\/16\/policia-cientifica-de-barretos-inaugura-nova-sede\/#breadcrumb","itemListElement":[{"@type":"ListItem","position":1,"name":"In\u00edcio","item":"https:\/\/regiaonews.net.br\/2022\/"},{"@type":"ListItem","position":2,"name":"Pol\u00edcia Cient\u00edfica de Barretos inaugura nova sede"}]},{"@type":"WebSite","@id":"https:\/\/regiaonews.net.br\/2022\/#website","url":"https:\/\/regiaonews.net.br\/2022\/","name":"Regi\u00e3o News","description":"Site de Not\u00edcias de Barretos e regi\u00e3o","publisher":{"@id":"https:\/\/regiaonews.net.br\/2022\/#organization"},"potentialAction":[{"@type":"SearchAction","target":{"@type":"EntryPoint","urlTemplate":"https:\/\/regiaonews.net.br\/2022\/?s={search_term_string}"},"query-input":{"@type":"PropertyValueSpecification","valueRequired":true,"valueName":"search_term_string"}}],"inLanguage":"pt-BR"},{"@type":"Organization","@id":"https:\/\/regiaonews.net.br\/2022\/#organization","name":"Regi\u00e3o News","url":"https:\/\/regiaonews.net.br\/2022\/","logo":{"@type":"ImageObject","inLanguage":"pt-BR","@id":"https:\/\/regiaonews.net.br\/2022\/#\/schema\/logo\/image\/","url":"https:\/\/regiaonews.net.br\/2022\/wp-content\/uploads\/2026\/03\/regiao-13-anos-scaled.jpg","contentUrl":"https:\/\/regiaonews.net.br\/2022\/wp-content\/uploads\/2026\/03\/regiao-13-anos-scaled.jpg","width":2560,"height":635,"caption":"Regi\u00e3o News"},"image":{"@id":"https:\/\/regiaonews.net.br\/2022\/#\/schema\/logo\/image\/"}},{"@type":"Person","@id":"https:\/\/regiaonews.net.br\/2022\/#\/schema\/person\/2d205a608a5aa97ac279d7a5e6d89ad8","name":"Roberto","image":{"@type":"ImageObject","inLanguage":"pt-BR","@id":"https:\/\/secure.gravatar.com\/avatar\/42749d8b712ff9d59ca93dc150494e5b55a44134482993f5baeb97e61b7ecc89?s=96&d=mm&r=g","url":"https:\/\/secure.gravatar.com\/avatar\/42749d8b712ff9d59ca93dc150494e5b55a44134482993f5baeb97e61b7ecc89?s=96&d=mm&r=g","contentUrl":"https:\/\/secure.gravatar.com\/avatar\/42749d8b712ff9d59ca93dc150494e5b55a44134482993f5baeb97e61b7ecc89?s=96&d=mm&r=g","caption":"Roberto"},"url":"https:\/\/regiaonews.net.br\/2022\/author\/roberto\/"}]}},"publishpress_future_action":{"enabled":false,"date":"2026-05-03 18:57:49","action":"change-status","newStatus":"draft","terms":[],"taxonomy":"category","extraData":[]},"publishpress_future_workflow_manual_trigger":{"enabledWorkflows":[]},"_links":{"self":[{"href":"https:\/\/regiaonews.net.br\/2022\/wp-json\/wp\/v2\/posts\/103760","targetHints":{"allow":["GET"]}}],"collection":[{"href":"https:\/\/regiaonews.net.br\/2022\/wp-json\/wp\/v2\/posts"}],"about":[{"href":"https:\/\/regiaonews.net.br\/2022\/wp-json\/wp\/v2\/types\/post"}],"author":[{"embeddable":true,"href":"https:\/\/regiaonews.net.br\/2022\/wp-json\/wp\/v2\/users\/2"}],"replies":[{"embeddable":true,"href":"https:\/\/regiaonews.net.br\/2022\/wp-json\/wp\/v2\/comments?post=103760"}],"version-history":[{"count":1,"href":"https:\/\/regiaonews.net.br\/2022\/wp-json\/wp\/v2\/posts\/103760\/revisions"}],"predecessor-version":[{"id":103762,"href":"https:\/\/regiaonews.net.br\/2022\/wp-json\/wp\/v2\/posts\/103760\/revisions\/103762"}],"wp:featuredmedia":[{"embeddable":true,"href":"https:\/\/regiaonews.net.br\/2022\/wp-json\/wp\/v2\/media\/103761"}],"wp:attachment":[{"href":"https:\/\/regiaonews.net.br\/2022\/wp-json\/wp\/v2\/media?parent=103760"}],"wp:term":[{"taxonomy":"category","embeddable":true,"href":"https:\/\/regiaonews.net.br\/2022\/wp-json\/wp\/v2\/categories?post=103760"},{"taxonomy":"post_tag","embeddable":true,"href":"https:\/\/regiaonews.net.br\/2022\/wp-json\/wp\/v2\/tags?post=103760"}],"curies":[{"name":"wp","href":"https:\/\/api.w.org\/{rel}","templated":true}]}}