{"id":103744,"date":"2024-04-16T11:42:49","date_gmt":"2024-04-16T14:42:49","guid":{"rendered":"https:\/\/regiaonews.net.br\/2022\/?p=103744"},"modified":"2024-04-16T13:32:33","modified_gmt":"2024-04-16T16:32:33","slug":"policia-civil-desencadeia-operacao-interestadual-de-combate-ao-desvio-de-cargas","status":"publish","type":"post","link":"https:\/\/regiaonews.net.br\/2022\/2024\/04\/16\/policia-civil-desencadeia-operacao-interestadual-de-combate-ao-desvio-de-cargas\/","title":{"rendered":"Pol\u00edcia Civil desencadeia Opera\u00e7\u00e3o Interestadual de combate ao desvio de cargas"},"content":{"rendered":"<p>2 homens foram presos. Mandados foram cumpridos em SP, GO e MG<\/p>\n<p>A Pol\u00edcia Civil do Estado de S\u00e3o Paulo, por interm\u00e9dio da DIG (Delegacia de Investiga\u00e7\u00f5es Gerais) de Barretos, desencadeou, na manh\u00e3 de hoje, opera\u00e7\u00e3o interestadual, denominada &#8220;Falso Frete&#8221;, visando \u00e0 desarticula\u00e7\u00e3o de organiza\u00e7\u00e3o criminosa destinada a desvios de carga. A opera\u00e7\u00e3o ocorreu nos estados de S\u00e3o Paulo, Goi\u00e1s e Minas Gerais.<\/p>\n<p>A a\u00e7\u00e3o contou com apoio de agentes da DISE (Delegacia de Investiga\u00e7\u00f5es sobre Entorpecentes), do GOE (Grupo de Opera\u00e7\u00f5es Especiais) de Barretos, da DIG (Delegacia de Investiga\u00e7\u00f5es Gerais) de S\u00e3o Carlos\/SP, bem como da Pol\u00edcia Civil de Minas Gerais (Delegacia Regional de Uberl\u00e2ndia) e da Pol\u00edcia Civil de Goi\u00e1s (1\u00ba Distrito Policial de Trindade\/MG).<\/p>\n<p>As investiga\u00e7\u00f5es se iniciaram a partir do registro de uma ocorr\u00eancia policial de um suposto roubo de carga de transformadores el\u00e9tricos, avaliada em mais de R$ 700.000,00 (setecentos mil reais). Na ocasi\u00e3o, em maio de 2023, o motorista que havia sido roubado na cidade de Barretos.<\/p>\n<p>Com a utiliza\u00e7\u00e3o de modernas t\u00e9cnicas de investiga\u00e7\u00e3o, os agentes conseguiram descobrir que o roubo noticiado n\u00e3o ocorreu, tratando-se, na verdade, de desvio de carga com conluio do motorista, um homem de 43 anos, morador da cidade de Trindade\/GO. Para efetuar o carregamento dos transformadores, o homem utilizou documentos falsos.<\/p>\n<p>Tamb\u00e9m foi poss\u00edvel apurar o envolvimento de outro homem, de 40 anos, morador da cidade de Uberl\u00e2ndia\/MG, que seria o respons\u00e1vel pela intermedia\u00e7\u00e3o e venda fraudulenta da carga.<\/p>\n<p>A investiga\u00e7\u00e3o tamb\u00e9m conseguiu demonstrar que a carga teria sido transbordada na cidade de S\u00e3o Carlos\/SP.<\/p>\n<p>Diante disso, a autoridade policial respons\u00e1vel pela investiga\u00e7\u00e3o representou ao Poder Judici\u00e1rio de Barretos pela pris\u00e3o tempor\u00e1ria dos dois homens e pela expedi\u00e7\u00e3o de 4 (quatro) mandados de busca e apreens\u00e3o.<\/p>\n<p>Na manh\u00e3 de hoje, os agentes, com aux\u00edlio da Pol\u00edcia Civil de Goi\u00e1s, conseguiram prender o motorista na cidade de Trindade\/MG, no Setor Maysa. O outro homem foi preso na cidade de Uberl\u00e2ndia\/MG, no Bairro Maravilha. Na ocasi\u00e3o, tamb\u00e9m foram cumpridos mandados de busca e apreens\u00e3o nestas cidades e tamb\u00e9m no munic\u00edpio de S\u00e3o Carlos.<\/p>\n<p>Os homens responder\u00e3o pelos crimes de furto qualificado, falsifica\u00e7\u00e3o de documento, falsa comunica\u00e7\u00e3o de crime e organiza\u00e7\u00e3o criminosa.<\/p>\n<p>As investiga\u00e7\u00f5es prosseguem para apurar o envolvimento de outras pessoas com os crimes aqui apurados, bem como para verificar se eles praticaram outras infra\u00e7\u00f5es penais semelhantes.<\/p>\n<div style=\"width: 640px;\" class=\"wp-video\"><video class=\"wp-video-shortcode\" id=\"video-103744-1\" width=\"640\" height=\"361\" preload=\"metadata\" controls=\"controls\"><source type=\"video\/mp4\" src=\"https:\/\/regiaonews.net.br\/2022\/wp-content\/uploads\/2024\/04\/VID-20240416-WA0270.mp4?_=1\" \/><a href=\"https:\/\/regiaonews.net.br\/2022\/wp-content\/uploads\/2024\/04\/VID-20240416-WA0270.mp4\">https:\/\/regiaonews.net.br\/2022\/wp-content\/uploads\/2024\/04\/VID-20240416-WA0270.mp4<\/a><\/video><\/div>\n","protected":false},"excerpt":{"rendered":"<p>2 homens foram presos. Mandados foram cumpridos em SP, GO<\/p>\n","protected":false},"author":2,"featured_media":103745,"comment_status":"open","ping_status":"open","sticky":false,"template":"","format":"standard","meta":{"footnotes":""},"categories":[14,23,105],"tags":[],"class_list":["post-103744","post","type-post","status-publish","format-standard","has-post-thumbnail","hentry","category-barretos","category-policia","category-sao-carlos"],"yoast_head":"<!-- This site is optimized with the Yoast SEO plugin v27.4 - https:\/\/yoast.com\/product\/yoast-seo-wordpress\/ -->\n<title>Pol\u00edcia Civil desencadeia Opera\u00e7\u00e3o Interestadual de combate ao desvio de cargas - Regi\u00e3o News<\/title>\n<meta name=\"robots\" content=\"index, follow, max-snippet:-1, max-image-preview:large, max-video-preview:-1\" \/>\n<link rel=\"canonical\" href=\"https:\/\/regiaonews.net.br\/2022\/2024\/04\/16\/policia-civil-desencadeia-operacao-interestadual-de-combate-ao-desvio-de-cargas\/\" \/>\n<meta property=\"og:locale\" content=\"pt_BR\" \/>\n<meta property=\"og:type\" content=\"article\" \/>\n<meta property=\"og:title\" content=\"Pol\u00edcia Civil desencadeia Opera\u00e7\u00e3o Interestadual de combate ao desvio de cargas - Regi\u00e3o News\" \/>\n<meta property=\"og:description\" content=\"2 homens foram presos. Mandados foram cumpridos em SP, GO\" \/>\n<meta property=\"og:url\" content=\"https:\/\/regiaonews.net.br\/2022\/2024\/04\/16\/policia-civil-desencadeia-operacao-interestadual-de-combate-ao-desvio-de-cargas\/\" \/>\n<meta property=\"og:site_name\" content=\"Regi\u00e3o News\" \/>\n<meta property=\"article:published_time\" content=\"2024-04-16T14:42:49+00:00\" \/>\n<meta property=\"article:modified_time\" content=\"2024-04-16T16:32:33+00:00\" \/>\n<meta property=\"og:image\" content=\"https:\/\/regiaonews.net.br\/2022\/wp-content\/uploads\/2024\/04\/Operacao.jpg\" \/>\n\t<meta property=\"og:image:width\" content=\"745\" \/>\n\t<meta property=\"og:image:height\" content=\"428\" \/>\n\t<meta property=\"og:image:type\" content=\"image\/jpeg\" \/>\n<meta name=\"author\" content=\"Roberto\" \/>\n<meta name=\"twitter:card\" content=\"summary_large_image\" \/>\n<meta name=\"twitter:label1\" content=\"Escrito por\" \/>\n\t<meta name=\"twitter:data1\" content=\"Roberto\" \/>\n\t<meta name=\"twitter:label2\" content=\"Est. tempo de leitura\" \/>\n\t<meta name=\"twitter:data2\" content=\"3 minutos\" \/>\n<script type=\"application\/ld+json\" class=\"yoast-schema-graph\">{\"@context\":\"https:\\\/\\\/schema.org\",\"@graph\":[{\"@type\":\"Article\",\"@id\":\"https:\\\/\\\/regiaonews.net.br\\\/2022\\\/2024\\\/04\\\/16\\\/policia-civil-desencadeia-operacao-interestadual-de-combate-ao-desvio-de-cargas\\\/#article\",\"isPartOf\":{\"@id\":\"https:\\\/\\\/regiaonews.net.br\\\/2022\\\/2024\\\/04\\\/16\\\/policia-civil-desencadeia-operacao-interestadual-de-combate-ao-desvio-de-cargas\\\/\"},\"author\":{\"name\":\"Roberto\",\"@id\":\"https:\\\/\\\/regiaonews.net.br\\\/2022\\\/#\\\/schema\\\/person\\\/2d205a608a5aa97ac279d7a5e6d89ad8\"},\"headline\":\"Pol\u00edcia Civil desencadeia Opera\u00e7\u00e3o Interestadual de combate ao desvio de cargas\",\"datePublished\":\"2024-04-16T14:42:49+00:00\",\"dateModified\":\"2024-04-16T16:32:33+00:00\",\"mainEntityOfPage\":{\"@id\":\"https:\\\/\\\/regiaonews.net.br\\\/2022\\\/2024\\\/04\\\/16\\\/policia-civil-desencadeia-operacao-interestadual-de-combate-ao-desvio-de-cargas\\\/\"},\"wordCount\":471,\"commentCount\":0,\"publisher\":{\"@id\":\"https:\\\/\\\/regiaonews.net.br\\\/2022\\\/#organization\"},\"image\":{\"@id\":\"https:\\\/\\\/regiaonews.net.br\\\/2022\\\/2024\\\/04\\\/16\\\/policia-civil-desencadeia-operacao-interestadual-de-combate-ao-desvio-de-cargas\\\/#primaryimage\"},\"thumbnailUrl\":\"https:\\\/\\\/regiaonews.net.br\\\/2022\\\/wp-content\\\/uploads\\\/2024\\\/04\\\/Operacao.jpg\",\"articleSection\":[\"Barretos\",\"Policia\",\"S\u00e3o Carlos\"],\"inLanguage\":\"pt-BR\",\"potentialAction\":[{\"@type\":\"CommentAction\",\"name\":\"Comment\",\"target\":[\"https:\\\/\\\/regiaonews.net.br\\\/2022\\\/2024\\\/04\\\/16\\\/policia-civil-desencadeia-operacao-interestadual-de-combate-ao-desvio-de-cargas\\\/#respond\"]}]},{\"@type\":\"WebPage\",\"@id\":\"https:\\\/\\\/regiaonews.net.br\\\/2022\\\/2024\\\/04\\\/16\\\/policia-civil-desencadeia-operacao-interestadual-de-combate-ao-desvio-de-cargas\\\/\",\"url\":\"https:\\\/\\\/regiaonews.net.br\\\/2022\\\/2024\\\/04\\\/16\\\/policia-civil-desencadeia-operacao-interestadual-de-combate-ao-desvio-de-cargas\\\/\",\"name\":\"Pol\u00edcia Civil desencadeia Opera\u00e7\u00e3o Interestadual de combate ao desvio de cargas - Regi\u00e3o News\",\"isPartOf\":{\"@id\":\"https:\\\/\\\/regiaonews.net.br\\\/2022\\\/#website\"},\"primaryImageOfPage\":{\"@id\":\"https:\\\/\\\/regiaonews.net.br\\\/2022\\\/2024\\\/04\\\/16\\\/policia-civil-desencadeia-operacao-interestadual-de-combate-ao-desvio-de-cargas\\\/#primaryimage\"},\"image\":{\"@id\":\"https:\\\/\\\/regiaonews.net.br\\\/2022\\\/2024\\\/04\\\/16\\\/policia-civil-desencadeia-operacao-interestadual-de-combate-ao-desvio-de-cargas\\\/#primaryimage\"},\"thumbnailUrl\":\"https:\\\/\\\/regiaonews.net.br\\\/2022\\\/wp-content\\\/uploads\\\/2024\\\/04\\\/Operacao.jpg\",\"datePublished\":\"2024-04-16T14:42:49+00:00\",\"dateModified\":\"2024-04-16T16:32:33+00:00\",\"breadcrumb\":{\"@id\":\"https:\\\/\\\/regiaonews.net.br\\\/2022\\\/2024\\\/04\\\/16\\\/policia-civil-desencadeia-operacao-interestadual-de-combate-ao-desvio-de-cargas\\\/#breadcrumb\"},\"inLanguage\":\"pt-BR\",\"potentialAction\":[{\"@type\":\"ReadAction\",\"target\":[\"https:\\\/\\\/regiaonews.net.br\\\/2022\\\/2024\\\/04\\\/16\\\/policia-civil-desencadeia-operacao-interestadual-de-combate-ao-desvio-de-cargas\\\/\"]}]},{\"@type\":\"ImageObject\",\"inLanguage\":\"pt-BR\",\"@id\":\"https:\\\/\\\/regiaonews.net.br\\\/2022\\\/2024\\\/04\\\/16\\\/policia-civil-desencadeia-operacao-interestadual-de-combate-ao-desvio-de-cargas\\\/#primaryimage\",\"url\":\"https:\\\/\\\/regiaonews.net.br\\\/2022\\\/wp-content\\\/uploads\\\/2024\\\/04\\\/Operacao.jpg\",\"contentUrl\":\"https:\\\/\\\/regiaonews.net.br\\\/2022\\\/wp-content\\\/uploads\\\/2024\\\/04\\\/Operacao.jpg\",\"width\":745,\"height\":428},{\"@type\":\"BreadcrumbList\",\"@id\":\"https:\\\/\\\/regiaonews.net.br\\\/2022\\\/2024\\\/04\\\/16\\\/policia-civil-desencadeia-operacao-interestadual-de-combate-ao-desvio-de-cargas\\\/#breadcrumb\",\"itemListElement\":[{\"@type\":\"ListItem\",\"position\":1,\"name\":\"In\u00edcio\",\"item\":\"https:\\\/\\\/regiaonews.net.br\\\/2022\\\/\"},{\"@type\":\"ListItem\",\"position\":2,\"name\":\"Pol\u00edcia Civil desencadeia Opera\u00e7\u00e3o Interestadual de combate ao desvio de cargas\"}]},{\"@type\":\"WebSite\",\"@id\":\"https:\\\/\\\/regiaonews.net.br\\\/2022\\\/#website\",\"url\":\"https:\\\/\\\/regiaonews.net.br\\\/2022\\\/\",\"name\":\"Regi\u00e3o News\",\"description\":\"Site de Not\u00edcias de Barretos e regi\u00e3o\",\"publisher\":{\"@id\":\"https:\\\/\\\/regiaonews.net.br\\\/2022\\\/#organization\"},\"potentialAction\":[{\"@type\":\"SearchAction\",\"target\":{\"@type\":\"EntryPoint\",\"urlTemplate\":\"https:\\\/\\\/regiaonews.net.br\\\/2022\\\/?s={search_term_string}\"},\"query-input\":{\"@type\":\"PropertyValueSpecification\",\"valueRequired\":true,\"valueName\":\"search_term_string\"}}],\"inLanguage\":\"pt-BR\"},{\"@type\":\"Organization\",\"@id\":\"https:\\\/\\\/regiaonews.net.br\\\/2022\\\/#organization\",\"name\":\"Regi\u00e3o News\",\"url\":\"https:\\\/\\\/regiaonews.net.br\\\/2022\\\/\",\"logo\":{\"@type\":\"ImageObject\",\"inLanguage\":\"pt-BR\",\"@id\":\"https:\\\/\\\/regiaonews.net.br\\\/2022\\\/#\\\/schema\\\/logo\\\/image\\\/\",\"url\":\"https:\\\/\\\/regiaonews.net.br\\\/2022\\\/wp-content\\\/uploads\\\/2026\\\/03\\\/regiao-13-anos-scaled.jpg\",\"contentUrl\":\"https:\\\/\\\/regiaonews.net.br\\\/2022\\\/wp-content\\\/uploads\\\/2026\\\/03\\\/regiao-13-anos-scaled.jpg\",\"width\":2560,\"height\":635,\"caption\":\"Regi\u00e3o News\"},\"image\":{\"@id\":\"https:\\\/\\\/regiaonews.net.br\\\/2022\\\/#\\\/schema\\\/logo\\\/image\\\/\"}},{\"@type\":\"Person\",\"@id\":\"https:\\\/\\\/regiaonews.net.br\\\/2022\\\/#\\\/schema\\\/person\\\/2d205a608a5aa97ac279d7a5e6d89ad8\",\"name\":\"Roberto\",\"image\":{\"@type\":\"ImageObject\",\"inLanguage\":\"pt-BR\",\"@id\":\"https:\\\/\\\/secure.gravatar.com\\\/avatar\\\/42749d8b712ff9d59ca93dc150494e5b55a44134482993f5baeb97e61b7ecc89?s=96&d=mm&r=g\",\"url\":\"https:\\\/\\\/secure.gravatar.com\\\/avatar\\\/42749d8b712ff9d59ca93dc150494e5b55a44134482993f5baeb97e61b7ecc89?s=96&d=mm&r=g\",\"contentUrl\":\"https:\\\/\\\/secure.gravatar.com\\\/avatar\\\/42749d8b712ff9d59ca93dc150494e5b55a44134482993f5baeb97e61b7ecc89?s=96&d=mm&r=g\",\"caption\":\"Roberto\"},\"url\":\"https:\\\/\\\/regiaonews.net.br\\\/2022\\\/author\\\/roberto\\\/\"}]}<\/script>\n<!-- \/ Yoast SEO plugin. -->","yoast_head_json":{"title":"Pol\u00edcia Civil desencadeia Opera\u00e7\u00e3o Interestadual de combate ao desvio de cargas - Regi\u00e3o News","robots":{"index":"index","follow":"follow","max-snippet":"max-snippet:-1","max-image-preview":"max-image-preview:large","max-video-preview":"max-video-preview:-1"},"canonical":"https:\/\/regiaonews.net.br\/2022\/2024\/04\/16\/policia-civil-desencadeia-operacao-interestadual-de-combate-ao-desvio-de-cargas\/","og_locale":"pt_BR","og_type":"article","og_title":"Pol\u00edcia Civil desencadeia Opera\u00e7\u00e3o Interestadual de combate ao desvio de cargas - Regi\u00e3o News","og_description":"2 homens foram presos. Mandados foram cumpridos em SP, GO","og_url":"https:\/\/regiaonews.net.br\/2022\/2024\/04\/16\/policia-civil-desencadeia-operacao-interestadual-de-combate-ao-desvio-de-cargas\/","og_site_name":"Regi\u00e3o News","article_published_time":"2024-04-16T14:42:49+00:00","article_modified_time":"2024-04-16T16:32:33+00:00","og_image":[{"width":745,"height":428,"url":"https:\/\/regiaonews.net.br\/2022\/wp-content\/uploads\/2024\/04\/Operacao.jpg","type":"image\/jpeg"}],"author":"Roberto","twitter_card":"summary_large_image","twitter_misc":{"Escrito por":"Roberto","Est. tempo de leitura":"3 minutos"},"schema":{"@context":"https:\/\/schema.org","@graph":[{"@type":"Article","@id":"https:\/\/regiaonews.net.br\/2022\/2024\/04\/16\/policia-civil-desencadeia-operacao-interestadual-de-combate-ao-desvio-de-cargas\/#article","isPartOf":{"@id":"https:\/\/regiaonews.net.br\/2022\/2024\/04\/16\/policia-civil-desencadeia-operacao-interestadual-de-combate-ao-desvio-de-cargas\/"},"author":{"name":"Roberto","@id":"https:\/\/regiaonews.net.br\/2022\/#\/schema\/person\/2d205a608a5aa97ac279d7a5e6d89ad8"},"headline":"Pol\u00edcia Civil desencadeia Opera\u00e7\u00e3o Interestadual de combate ao desvio de cargas","datePublished":"2024-04-16T14:42:49+00:00","dateModified":"2024-04-16T16:32:33+00:00","mainEntityOfPage":{"@id":"https:\/\/regiaonews.net.br\/2022\/2024\/04\/16\/policia-civil-desencadeia-operacao-interestadual-de-combate-ao-desvio-de-cargas\/"},"wordCount":471,"commentCount":0,"publisher":{"@id":"https:\/\/regiaonews.net.br\/2022\/#organization"},"image":{"@id":"https:\/\/regiaonews.net.br\/2022\/2024\/04\/16\/policia-civil-desencadeia-operacao-interestadual-de-combate-ao-desvio-de-cargas\/#primaryimage"},"thumbnailUrl":"https:\/\/regiaonews.net.br\/2022\/wp-content\/uploads\/2024\/04\/Operacao.jpg","articleSection":["Barretos","Policia","S\u00e3o Carlos"],"inLanguage":"pt-BR","potentialAction":[{"@type":"CommentAction","name":"Comment","target":["https:\/\/regiaonews.net.br\/2022\/2024\/04\/16\/policia-civil-desencadeia-operacao-interestadual-de-combate-ao-desvio-de-cargas\/#respond"]}]},{"@type":"WebPage","@id":"https:\/\/regiaonews.net.br\/2022\/2024\/04\/16\/policia-civil-desencadeia-operacao-interestadual-de-combate-ao-desvio-de-cargas\/","url":"https:\/\/regiaonews.net.br\/2022\/2024\/04\/16\/policia-civil-desencadeia-operacao-interestadual-de-combate-ao-desvio-de-cargas\/","name":"Pol\u00edcia Civil desencadeia Opera\u00e7\u00e3o Interestadual de combate ao desvio de cargas - Regi\u00e3o News","isPartOf":{"@id":"https:\/\/regiaonews.net.br\/2022\/#website"},"primaryImageOfPage":{"@id":"https:\/\/regiaonews.net.br\/2022\/2024\/04\/16\/policia-civil-desencadeia-operacao-interestadual-de-combate-ao-desvio-de-cargas\/#primaryimage"},"image":{"@id":"https:\/\/regiaonews.net.br\/2022\/2024\/04\/16\/policia-civil-desencadeia-operacao-interestadual-de-combate-ao-desvio-de-cargas\/#primaryimage"},"thumbnailUrl":"https:\/\/regiaonews.net.br\/2022\/wp-content\/uploads\/2024\/04\/Operacao.jpg","datePublished":"2024-04-16T14:42:49+00:00","dateModified":"2024-04-16T16:32:33+00:00","breadcrumb":{"@id":"https:\/\/regiaonews.net.br\/2022\/2024\/04\/16\/policia-civil-desencadeia-operacao-interestadual-de-combate-ao-desvio-de-cargas\/#breadcrumb"},"inLanguage":"pt-BR","potentialAction":[{"@type":"ReadAction","target":["https:\/\/regiaonews.net.br\/2022\/2024\/04\/16\/policia-civil-desencadeia-operacao-interestadual-de-combate-ao-desvio-de-cargas\/"]}]},{"@type":"ImageObject","inLanguage":"pt-BR","@id":"https:\/\/regiaonews.net.br\/2022\/2024\/04\/16\/policia-civil-desencadeia-operacao-interestadual-de-combate-ao-desvio-de-cargas\/#primaryimage","url":"https:\/\/regiaonews.net.br\/2022\/wp-content\/uploads\/2024\/04\/Operacao.jpg","contentUrl":"https:\/\/regiaonews.net.br\/2022\/wp-content\/uploads\/2024\/04\/Operacao.jpg","width":745,"height":428},{"@type":"BreadcrumbList","@id":"https:\/\/regiaonews.net.br\/2022\/2024\/04\/16\/policia-civil-desencadeia-operacao-interestadual-de-combate-ao-desvio-de-cargas\/#breadcrumb","itemListElement":[{"@type":"ListItem","position":1,"name":"In\u00edcio","item":"https:\/\/regiaonews.net.br\/2022\/"},{"@type":"ListItem","position":2,"name":"Pol\u00edcia Civil desencadeia Opera\u00e7\u00e3o Interestadual de combate ao desvio de cargas"}]},{"@type":"WebSite","@id":"https:\/\/regiaonews.net.br\/2022\/#website","url":"https:\/\/regiaonews.net.br\/2022\/","name":"Regi\u00e3o News","description":"Site de Not\u00edcias de Barretos e regi\u00e3o","publisher":{"@id":"https:\/\/regiaonews.net.br\/2022\/#organization"},"potentialAction":[{"@type":"SearchAction","target":{"@type":"EntryPoint","urlTemplate":"https:\/\/regiaonews.net.br\/2022\/?s={search_term_string}"},"query-input":{"@type":"PropertyValueSpecification","valueRequired":true,"valueName":"search_term_string"}}],"inLanguage":"pt-BR"},{"@type":"Organization","@id":"https:\/\/regiaonews.net.br\/2022\/#organization","name":"Regi\u00e3o News","url":"https:\/\/regiaonews.net.br\/2022\/","logo":{"@type":"ImageObject","inLanguage":"pt-BR","@id":"https:\/\/regiaonews.net.br\/2022\/#\/schema\/logo\/image\/","url":"https:\/\/regiaonews.net.br\/2022\/wp-content\/uploads\/2026\/03\/regiao-13-anos-scaled.jpg","contentUrl":"https:\/\/regiaonews.net.br\/2022\/wp-content\/uploads\/2026\/03\/regiao-13-anos-scaled.jpg","width":2560,"height":635,"caption":"Regi\u00e3o News"},"image":{"@id":"https:\/\/regiaonews.net.br\/2022\/#\/schema\/logo\/image\/"}},{"@type":"Person","@id":"https:\/\/regiaonews.net.br\/2022\/#\/schema\/person\/2d205a608a5aa97ac279d7a5e6d89ad8","name":"Roberto","image":{"@type":"ImageObject","inLanguage":"pt-BR","@id":"https:\/\/secure.gravatar.com\/avatar\/42749d8b712ff9d59ca93dc150494e5b55a44134482993f5baeb97e61b7ecc89?s=96&d=mm&r=g","url":"https:\/\/secure.gravatar.com\/avatar\/42749d8b712ff9d59ca93dc150494e5b55a44134482993f5baeb97e61b7ecc89?s=96&d=mm&r=g","contentUrl":"https:\/\/secure.gravatar.com\/avatar\/42749d8b712ff9d59ca93dc150494e5b55a44134482993f5baeb97e61b7ecc89?s=96&d=mm&r=g","caption":"Roberto"},"url":"https:\/\/regiaonews.net.br\/2022\/author\/roberto\/"}]}},"publishpress_future_action":{"enabled":false,"date":"2026-05-03 12:34:57","action":"change-status","newStatus":"draft","terms":[],"taxonomy":"category","extraData":[]},"publishpress_future_workflow_manual_trigger":{"enabledWorkflows":[]},"_links":{"self":[{"href":"https:\/\/regiaonews.net.br\/2022\/wp-json\/wp\/v2\/posts\/103744","targetHints":{"allow":["GET"]}}],"collection":[{"href":"https:\/\/regiaonews.net.br\/2022\/wp-json\/wp\/v2\/posts"}],"about":[{"href":"https:\/\/regiaonews.net.br\/2022\/wp-json\/wp\/v2\/types\/post"}],"author":[{"embeddable":true,"href":"https:\/\/regiaonews.net.br\/2022\/wp-json\/wp\/v2\/users\/2"}],"replies":[{"embeddable":true,"href":"https:\/\/regiaonews.net.br\/2022\/wp-json\/wp\/v2\/comments?post=103744"}],"version-history":[{"count":3,"href":"https:\/\/regiaonews.net.br\/2022\/wp-json\/wp\/v2\/posts\/103744\/revisions"}],"predecessor-version":[{"id":103749,"href":"https:\/\/regiaonews.net.br\/2022\/wp-json\/wp\/v2\/posts\/103744\/revisions\/103749"}],"wp:featuredmedia":[{"embeddable":true,"href":"https:\/\/regiaonews.net.br\/2022\/wp-json\/wp\/v2\/media\/103745"}],"wp:attachment":[{"href":"https:\/\/regiaonews.net.br\/2022\/wp-json\/wp\/v2\/media?parent=103744"}],"wp:term":[{"taxonomy":"category","embeddable":true,"href":"https:\/\/regiaonews.net.br\/2022\/wp-json\/wp\/v2\/categories?post=103744"},{"taxonomy":"post_tag","embeddable":true,"href":"https:\/\/regiaonews.net.br\/2022\/wp-json\/wp\/v2\/tags?post=103744"}],"curies":[{"name":"wp","href":"https:\/\/api.w.org\/{rel}","templated":true}]}}