{"id":103737,"date":"2024-04-16T11:05:15","date_gmt":"2024-04-16T14:05:15","guid":{"rendered":"https:\/\/regiaonews.net.br\/2022\/?p=103737"},"modified":"2024-04-16T11:05:15","modified_gmt":"2024-04-16T14:05:15","slug":"confira-os-resultados-da-sessao-ordinaria-realizada-nesta-segunda-feira-15-de-abril","status":"publish","type":"post","link":"https:\/\/regiaonews.net.br\/2022\/2024\/04\/16\/confira-os-resultados-da-sessao-ordinaria-realizada-nesta-segunda-feira-15-de-abril\/","title":{"rendered":"Confira os resultados da Sess\u00e3o Ordin\u00e1ria realizada nesta segunda-feira, 15 de abril"},"content":{"rendered":"<h3 class=\"mb-4\" style=\"text-align: center;\">Vereadores discutiram 22 mat\u00e9rias.<\/h3>\n<p>A\u00a0C\u00e2mara de Barretos realizou nesta segunda-feira\u00a0<strong>(15\/abr),\u00a0<\/strong><strong>\u00a0<\/strong>a\u00a0<strong>11\u00aa Sess\u00e3o Ordin\u00e1ria de 2024.<\/strong><strong>\u00a0<\/strong>\u00a0Ao todo,\u00a0\u00a0<strong>22\u00a0 mat\u00e9rias\u00a0<\/strong>foram\u00a0discutidas e votadas\u00a0pelos vereadores:\u00a0<strong>15<\/strong>\u00a0<strong>Projetos de Lei, 01 Parecer do Tribunal de Contas do Estado de S\u00e3o Paulo,\u00a0 03 Pareceres da Comiss\u00e3o de Justi\u00e7a e Reda\u00e7\u00e3o e 03 Balancetes.<\/strong><\/p>\n<p>Os vereadores tamb\u00e9m apresentaram\u00a0<strong>62 Requerimentos e 02 Indica\u00e7\u00f5es<\/strong>\u00a0para a Sess\u00e3o.<\/p>\n<p><strong>Os assuntos APROVADOS foram:<\/strong><\/p>\n<ul>\n<li>Cria\u00e7\u00e3o da Certifica\u00e7\u00e3o &#8220;Empresa Amiga da Juventude&#8221;<\/li>\n<\/ul>\n<p>Aberturas de Cr\u00e9ditos que somam\u00a0<strong>R$ 1.104.224,58<\/strong>:<\/p>\n<ul>\n<li>Abertura de Cr\u00e9dito Adicional Suplementar: R$ 7,4 mil para a Santa Casa de Miseric\u00f3rdia;<\/li>\n<\/ul>\n<ul>\n<li>Abertura de Cr\u00e9dito Adicional Suplementar: R$ 11,5 mil para a Santa Casa de Miseric\u00f3rdia;<\/li>\n<\/ul>\n<ul>\n<li>Abertura de Cr\u00e9dito Adicional Suplementar: R$ 153,7 mil para a Santa Casa de Miseric\u00f3rdia;<\/li>\n<\/ul>\n<ul>\n<li>Abertura de Cr\u00e9dito Adicional Suplementar: R$ 85,3 mil para a Santa Casa de Miseric\u00f3rdia;<\/li>\n<\/ul>\n<ul>\n<li>Abertura de Cr\u00e9dito Adicional Suplementar: R$ 111,1 mil para Repasse da Assist\u00eancia Farmac\u00eautica &#8211; Bloco de Aten\u00e7\u00e3o B\u00e1sica;<\/li>\n<\/ul>\n<ul>\n<li>Abertura de Cr\u00e9dito Adicional Suplementar: R$ 3,6 mil para medicamentos do programa Dose Certa;<\/li>\n<\/ul>\n<ul>\n<li>Abertura de Cr\u00e9dito Adicional Suplementar: R$ 595,7 mil para a Santa Casa de Miseric\u00f3rdia;<\/li>\n<\/ul>\n<ul>\n<li>Abertura de Cr\u00e9dito Adicional Suplementar: R$ 103,8 mil para a Santa Casa de Miseric\u00f3rdia;<\/li>\n<\/ul>\n<ul>\n<li>Abertura de Cr\u00e9dito Adicional Suplementar: R$ 31,7 mil para a Santa Casa de Miseric\u00f3rdia;<\/li>\n<\/ul>\n<ul>\n<li>Abertura de Saldo Remanescente de Cr\u00e9dito Adicional Especial: R$ 4,7 mil para constru\u00e7\u00e3o de pra\u00e7a no Conjunto Habitacional Nadir Kenan;<\/li>\n<\/ul>\n<ul>\n<li>Balancete do SAAEB referente ao m\u00eas de Mar\u00e7o de 2024<\/li>\n<\/ul>\n<ul>\n<li>Balancete e Anexo \u00danico do Instituto de Previd\u00eancia referente ao m\u00eas de Janeiro de 2024<\/li>\n<\/ul>\n<ul>\n<li>Balancete e Anexo \u00danico do Instituto de Previd\u00eancia referente ao m\u00eas de Fevereiro de 2024<\/li>\n<\/ul>\n<p>&nbsp;<\/p>\n<p><strong>Os assuntos APROVADOS EM 1\u00aa DISCUSS\u00c3O\u00a0 foram:<\/strong><\/p>\n<ul>\n<li>D\u00e1 denomina\u00e7\u00e3o de &#8220;Roberto de \u00c1vila Lima&#8221; \u00e0 rotat\u00f3ria no bairro San Diego (Avenidas Aristides Jos\u00e9 Anast\u00e1cio, SD 11 Marcolino Borges, Antonio Machado das Dores, Umberto Bortolo, Walveir Armado Alves)<\/li>\n<\/ul>\n<ul>\n<li>D\u00e1 denomina\u00e7\u00e3o de &#8220;Alice de Paula Dias&#8221; \u00e0 Pista de Caminhada na Avenida Jo\u00e3o Batista da Rocha, entre a Rodovia Brigadeiro Faria Lima e a Rua Braulino Maria Barbosa.<\/li>\n<\/ul>\n<p><strong>O assunto COM PEDIDO DE VISTA\u00a0 foi:<\/strong><\/p>\n<ul>\n<li>Parecer do Tribunal de Contas do Estado de S\u00e3o Paulo favor\u00e1vel (com recomenda\u00e7\u00e3o) \u00e0s contas da Prefeitura de Barretos de 2021;<\/li>\n<\/ul>\n<p><strong>Os assuntos COM PEDIDO DE ADIAMENTO\u00a0 foram:<\/strong><\/p>\n<ul>\n<li>Parecer da Comiss\u00e3o de Justi\u00e7a e Reda\u00e7\u00e3o pela Inconstitucionalidade em Projeto de Lei que d\u00e1 prefer\u00eancia \u00e0s mulheres v\u00edtimas de viol\u00eancia dom\u00e9stica a matricular e transferir os filhos na rede municipal de ensino; [30 dias]<\/li>\n<\/ul>\n<ul>\n<li>Parecer da Comiss\u00e3o de Justi\u00e7a e Reda\u00e7\u00e3o pela Inconstitucionalidade em Projeto de Lei que cria o programa de assist\u00eancia psicol\u00f3gica aos pais ou tutores de crian\u00e7as autistas; [30 dias]<\/li>\n<\/ul>\n<p>&nbsp;<\/p>\n<ul>\n<li>Parecer da Comiss\u00e3o de Justi\u00e7a e Reda\u00e7\u00e3o pela Inconstitucionalidade em Projeto de Lei que concede isen\u00e7\u00e3o de 100% \u00e0s casas de caridade, sociedades de socorros m\u00fatuos, entidades filantr\u00f3picas,\u00a0 estabelecimentos de fins humanit\u00e1rios e assistenciais sem fins lucrativos declarados de utilidade p\u00fablica no Munic\u00edpio no o pagamento de contas de \u00e1gua e esgoto; [30 dias]<\/li>\n<\/ul>\n<ul>\n<li>Cassa\u00e7\u00e3o do alvar\u00e1 de licen\u00e7a e funcionamento das empresas que comercializarem produtos provindos de roubos ou furtos.[120 dias]<\/li>\n<\/ul>\n<div class=\"news-btn d-flex justify-content-between mb-5 py-2 px-3 rounded\">\n<div class=\"share\">\n<div class=\"a2a_kit a2a_kit_size_32 a2a_default_style\"><\/div>\n<\/div>\n<\/div>\n","protected":false},"excerpt":{"rendered":"<p>Vereadores discutiram 22 mat\u00e9rias. A\u00a0C\u00e2mara de Barretos realizou nesta segunda-feira\u00a0(15\/abr),\u00a0\u00a0a\u00a011\u00aa<\/p>\n","protected":false},"author":2,"featured_media":103738,"comment_status":"open","ping_status":"open","sticky":false,"template":"","format":"standard","meta":{"footnotes":""},"categories":[14,22],"tags":[],"class_list":["post-103737","post","type-post","status-publish","format-standard","has-post-thumbnail","hentry","category-barretos","category-politica"],"yoast_head":"<!-- This site is optimized with the Yoast SEO plugin v27.4 - https:\/\/yoast.com\/product\/yoast-seo-wordpress\/ -->\n<title>Confira os resultados da Sess\u00e3o Ordin\u00e1ria realizada nesta segunda-feira, 15 de abril - Regi\u00e3o News<\/title>\n<meta name=\"robots\" content=\"index, follow, max-snippet:-1, max-image-preview:large, max-video-preview:-1\" \/>\n<link rel=\"canonical\" href=\"https:\/\/regiaonews.net.br\/2022\/2024\/04\/16\/confira-os-resultados-da-sessao-ordinaria-realizada-nesta-segunda-feira-15-de-abril\/\" \/>\n<meta property=\"og:locale\" content=\"pt_BR\" \/>\n<meta property=\"og:type\" content=\"article\" \/>\n<meta property=\"og:title\" content=\"Confira os resultados da Sess\u00e3o Ordin\u00e1ria realizada nesta segunda-feira, 15 de abril - Regi\u00e3o News\" \/>\n<meta property=\"og:description\" content=\"Vereadores discutiram 22 mat\u00e9rias. A\u00a0C\u00e2mara de Barretos realizou nesta segunda-feira\u00a0(15\/abr),\u00a0\u00a0a\u00a011\u00aa\" \/>\n<meta property=\"og:url\" content=\"https:\/\/regiaonews.net.br\/2022\/2024\/04\/16\/confira-os-resultados-da-sessao-ordinaria-realizada-nesta-segunda-feira-15-de-abril\/\" \/>\n<meta property=\"og:site_name\" content=\"Regi\u00e3o News\" \/>\n<meta property=\"article:published_time\" content=\"2024-04-16T14:05:15+00:00\" \/>\n<meta property=\"og:image\" content=\"https:\/\/regiaonews.net.br\/2022\/wp-content\/uploads\/2024\/04\/alta_1713232876661ddbec7187f.jpg\" \/>\n\t<meta property=\"og:image:width\" content=\"1280\" \/>\n\t<meta property=\"og:image:height\" content=\"720\" \/>\n\t<meta property=\"og:image:type\" content=\"image\/jpeg\" \/>\n<meta name=\"author\" content=\"Roberto\" \/>\n<meta name=\"twitter:card\" content=\"summary_large_image\" \/>\n<meta name=\"twitter:label1\" content=\"Escrito por\" \/>\n\t<meta name=\"twitter:data1\" content=\"Roberto\" \/>\n\t<meta name=\"twitter:label2\" content=\"Est. tempo de leitura\" \/>\n\t<meta name=\"twitter:data2\" content=\"4 minutos\" \/>\n<script type=\"application\/ld+json\" class=\"yoast-schema-graph\">{\"@context\":\"https:\\\/\\\/schema.org\",\"@graph\":[{\"@type\":\"Article\",\"@id\":\"https:\\\/\\\/regiaonews.net.br\\\/2022\\\/2024\\\/04\\\/16\\\/confira-os-resultados-da-sessao-ordinaria-realizada-nesta-segunda-feira-15-de-abril\\\/#article\",\"isPartOf\":{\"@id\":\"https:\\\/\\\/regiaonews.net.br\\\/2022\\\/2024\\\/04\\\/16\\\/confira-os-resultados-da-sessao-ordinaria-realizada-nesta-segunda-feira-15-de-abril\\\/\"},\"author\":{\"name\":\"Roberto\",\"@id\":\"https:\\\/\\\/regiaonews.net.br\\\/2022\\\/#\\\/schema\\\/person\\\/2d205a608a5aa97ac279d7a5e6d89ad8\"},\"headline\":\"Confira os resultados da Sess\u00e3o Ordin\u00e1ria realizada nesta segunda-feira, 15 de abril\",\"datePublished\":\"2024-04-16T14:05:15+00:00\",\"mainEntityOfPage\":{\"@id\":\"https:\\\/\\\/regiaonews.net.br\\\/2022\\\/2024\\\/04\\\/16\\\/confira-os-resultados-da-sessao-ordinaria-realizada-nesta-segunda-feira-15-de-abril\\\/\"},\"wordCount\":570,\"commentCount\":0,\"publisher\":{\"@id\":\"https:\\\/\\\/regiaonews.net.br\\\/2022\\\/#organization\"},\"image\":{\"@id\":\"https:\\\/\\\/regiaonews.net.br\\\/2022\\\/2024\\\/04\\\/16\\\/confira-os-resultados-da-sessao-ordinaria-realizada-nesta-segunda-feira-15-de-abril\\\/#primaryimage\"},\"thumbnailUrl\":\"https:\\\/\\\/regiaonews.net.br\\\/2022\\\/wp-content\\\/uploads\\\/2024\\\/04\\\/alta_1713232876661ddbec7187f.jpg\",\"articleSection\":[\"Barretos\",\"Pol\u00edtica\"],\"inLanguage\":\"pt-BR\",\"potentialAction\":[{\"@type\":\"CommentAction\",\"name\":\"Comment\",\"target\":[\"https:\\\/\\\/regiaonews.net.br\\\/2022\\\/2024\\\/04\\\/16\\\/confira-os-resultados-da-sessao-ordinaria-realizada-nesta-segunda-feira-15-de-abril\\\/#respond\"]}]},{\"@type\":\"WebPage\",\"@id\":\"https:\\\/\\\/regiaonews.net.br\\\/2022\\\/2024\\\/04\\\/16\\\/confira-os-resultados-da-sessao-ordinaria-realizada-nesta-segunda-feira-15-de-abril\\\/\",\"url\":\"https:\\\/\\\/regiaonews.net.br\\\/2022\\\/2024\\\/04\\\/16\\\/confira-os-resultados-da-sessao-ordinaria-realizada-nesta-segunda-feira-15-de-abril\\\/\",\"name\":\"Confira os resultados da Sess\u00e3o Ordin\u00e1ria realizada nesta segunda-feira, 15 de abril - Regi\u00e3o News\",\"isPartOf\":{\"@id\":\"https:\\\/\\\/regiaonews.net.br\\\/2022\\\/#website\"},\"primaryImageOfPage\":{\"@id\":\"https:\\\/\\\/regiaonews.net.br\\\/2022\\\/2024\\\/04\\\/16\\\/confira-os-resultados-da-sessao-ordinaria-realizada-nesta-segunda-feira-15-de-abril\\\/#primaryimage\"},\"image\":{\"@id\":\"https:\\\/\\\/regiaonews.net.br\\\/2022\\\/2024\\\/04\\\/16\\\/confira-os-resultados-da-sessao-ordinaria-realizada-nesta-segunda-feira-15-de-abril\\\/#primaryimage\"},\"thumbnailUrl\":\"https:\\\/\\\/regiaonews.net.br\\\/2022\\\/wp-content\\\/uploads\\\/2024\\\/04\\\/alta_1713232876661ddbec7187f.jpg\",\"datePublished\":\"2024-04-16T14:05:15+00:00\",\"breadcrumb\":{\"@id\":\"https:\\\/\\\/regiaonews.net.br\\\/2022\\\/2024\\\/04\\\/16\\\/confira-os-resultados-da-sessao-ordinaria-realizada-nesta-segunda-feira-15-de-abril\\\/#breadcrumb\"},\"inLanguage\":\"pt-BR\",\"potentialAction\":[{\"@type\":\"ReadAction\",\"target\":[\"https:\\\/\\\/regiaonews.net.br\\\/2022\\\/2024\\\/04\\\/16\\\/confira-os-resultados-da-sessao-ordinaria-realizada-nesta-segunda-feira-15-de-abril\\\/\"]}]},{\"@type\":\"ImageObject\",\"inLanguage\":\"pt-BR\",\"@id\":\"https:\\\/\\\/regiaonews.net.br\\\/2022\\\/2024\\\/04\\\/16\\\/confira-os-resultados-da-sessao-ordinaria-realizada-nesta-segunda-feira-15-de-abril\\\/#primaryimage\",\"url\":\"https:\\\/\\\/regiaonews.net.br\\\/2022\\\/wp-content\\\/uploads\\\/2024\\\/04\\\/alta_1713232876661ddbec7187f.jpg\",\"contentUrl\":\"https:\\\/\\\/regiaonews.net.br\\\/2022\\\/wp-content\\\/uploads\\\/2024\\\/04\\\/alta_1713232876661ddbec7187f.jpg\",\"width\":1280,\"height\":720},{\"@type\":\"BreadcrumbList\",\"@id\":\"https:\\\/\\\/regiaonews.net.br\\\/2022\\\/2024\\\/04\\\/16\\\/confira-os-resultados-da-sessao-ordinaria-realizada-nesta-segunda-feira-15-de-abril\\\/#breadcrumb\",\"itemListElement\":[{\"@type\":\"ListItem\",\"position\":1,\"name\":\"In\u00edcio\",\"item\":\"https:\\\/\\\/regiaonews.net.br\\\/2022\\\/\"},{\"@type\":\"ListItem\",\"position\":2,\"name\":\"Confira os resultados da Sess\u00e3o Ordin\u00e1ria realizada nesta segunda-feira, 15 de abril\"}]},{\"@type\":\"WebSite\",\"@id\":\"https:\\\/\\\/regiaonews.net.br\\\/2022\\\/#website\",\"url\":\"https:\\\/\\\/regiaonews.net.br\\\/2022\\\/\",\"name\":\"Regi\u00e3o News\",\"description\":\"Site de Not\u00edcias de Barretos e regi\u00e3o\",\"publisher\":{\"@id\":\"https:\\\/\\\/regiaonews.net.br\\\/2022\\\/#organization\"},\"potentialAction\":[{\"@type\":\"SearchAction\",\"target\":{\"@type\":\"EntryPoint\",\"urlTemplate\":\"https:\\\/\\\/regiaonews.net.br\\\/2022\\\/?s={search_term_string}\"},\"query-input\":{\"@type\":\"PropertyValueSpecification\",\"valueRequired\":true,\"valueName\":\"search_term_string\"}}],\"inLanguage\":\"pt-BR\"},{\"@type\":\"Organization\",\"@id\":\"https:\\\/\\\/regiaonews.net.br\\\/2022\\\/#organization\",\"name\":\"Regi\u00e3o News\",\"url\":\"https:\\\/\\\/regiaonews.net.br\\\/2022\\\/\",\"logo\":{\"@type\":\"ImageObject\",\"inLanguage\":\"pt-BR\",\"@id\":\"https:\\\/\\\/regiaonews.net.br\\\/2022\\\/#\\\/schema\\\/logo\\\/image\\\/\",\"url\":\"https:\\\/\\\/regiaonews.net.br\\\/2022\\\/wp-content\\\/uploads\\\/2026\\\/03\\\/regiao-13-anos-scaled.jpg\",\"contentUrl\":\"https:\\\/\\\/regiaonews.net.br\\\/2022\\\/wp-content\\\/uploads\\\/2026\\\/03\\\/regiao-13-anos-scaled.jpg\",\"width\":2560,\"height\":635,\"caption\":\"Regi\u00e3o News\"},\"image\":{\"@id\":\"https:\\\/\\\/regiaonews.net.br\\\/2022\\\/#\\\/schema\\\/logo\\\/image\\\/\"}},{\"@type\":\"Person\",\"@id\":\"https:\\\/\\\/regiaonews.net.br\\\/2022\\\/#\\\/schema\\\/person\\\/2d205a608a5aa97ac279d7a5e6d89ad8\",\"name\":\"Roberto\",\"image\":{\"@type\":\"ImageObject\",\"inLanguage\":\"pt-BR\",\"@id\":\"https:\\\/\\\/secure.gravatar.com\\\/avatar\\\/42749d8b712ff9d59ca93dc150494e5b55a44134482993f5baeb97e61b7ecc89?s=96&d=mm&r=g\",\"url\":\"https:\\\/\\\/secure.gravatar.com\\\/avatar\\\/42749d8b712ff9d59ca93dc150494e5b55a44134482993f5baeb97e61b7ecc89?s=96&d=mm&r=g\",\"contentUrl\":\"https:\\\/\\\/secure.gravatar.com\\\/avatar\\\/42749d8b712ff9d59ca93dc150494e5b55a44134482993f5baeb97e61b7ecc89?s=96&d=mm&r=g\",\"caption\":\"Roberto\"},\"url\":\"https:\\\/\\\/regiaonews.net.br\\\/2022\\\/author\\\/roberto\\\/\"}]}<\/script>\n<!-- \/ Yoast SEO plugin. -->","yoast_head_json":{"title":"Confira os resultados da Sess\u00e3o Ordin\u00e1ria realizada nesta segunda-feira, 15 de abril - Regi\u00e3o News","robots":{"index":"index","follow":"follow","max-snippet":"max-snippet:-1","max-image-preview":"max-image-preview:large","max-video-preview":"max-video-preview:-1"},"canonical":"https:\/\/regiaonews.net.br\/2022\/2024\/04\/16\/confira-os-resultados-da-sessao-ordinaria-realizada-nesta-segunda-feira-15-de-abril\/","og_locale":"pt_BR","og_type":"article","og_title":"Confira os resultados da Sess\u00e3o Ordin\u00e1ria realizada nesta segunda-feira, 15 de abril - Regi\u00e3o News","og_description":"Vereadores discutiram 22 mat\u00e9rias. A\u00a0C\u00e2mara de Barretos realizou nesta segunda-feira\u00a0(15\/abr),\u00a0\u00a0a\u00a011\u00aa","og_url":"https:\/\/regiaonews.net.br\/2022\/2024\/04\/16\/confira-os-resultados-da-sessao-ordinaria-realizada-nesta-segunda-feira-15-de-abril\/","og_site_name":"Regi\u00e3o News","article_published_time":"2024-04-16T14:05:15+00:00","og_image":[{"width":1280,"height":720,"url":"https:\/\/regiaonews.net.br\/2022\/wp-content\/uploads\/2024\/04\/alta_1713232876661ddbec7187f.jpg","type":"image\/jpeg"}],"author":"Roberto","twitter_card":"summary_large_image","twitter_misc":{"Escrito por":"Roberto","Est. tempo de leitura":"4 minutos"},"schema":{"@context":"https:\/\/schema.org","@graph":[{"@type":"Article","@id":"https:\/\/regiaonews.net.br\/2022\/2024\/04\/16\/confira-os-resultados-da-sessao-ordinaria-realizada-nesta-segunda-feira-15-de-abril\/#article","isPartOf":{"@id":"https:\/\/regiaonews.net.br\/2022\/2024\/04\/16\/confira-os-resultados-da-sessao-ordinaria-realizada-nesta-segunda-feira-15-de-abril\/"},"author":{"name":"Roberto","@id":"https:\/\/regiaonews.net.br\/2022\/#\/schema\/person\/2d205a608a5aa97ac279d7a5e6d89ad8"},"headline":"Confira os resultados da Sess\u00e3o Ordin\u00e1ria realizada nesta segunda-feira, 15 de abril","datePublished":"2024-04-16T14:05:15+00:00","mainEntityOfPage":{"@id":"https:\/\/regiaonews.net.br\/2022\/2024\/04\/16\/confira-os-resultados-da-sessao-ordinaria-realizada-nesta-segunda-feira-15-de-abril\/"},"wordCount":570,"commentCount":0,"publisher":{"@id":"https:\/\/regiaonews.net.br\/2022\/#organization"},"image":{"@id":"https:\/\/regiaonews.net.br\/2022\/2024\/04\/16\/confira-os-resultados-da-sessao-ordinaria-realizada-nesta-segunda-feira-15-de-abril\/#primaryimage"},"thumbnailUrl":"https:\/\/regiaonews.net.br\/2022\/wp-content\/uploads\/2024\/04\/alta_1713232876661ddbec7187f.jpg","articleSection":["Barretos","Pol\u00edtica"],"inLanguage":"pt-BR","potentialAction":[{"@type":"CommentAction","name":"Comment","target":["https:\/\/regiaonews.net.br\/2022\/2024\/04\/16\/confira-os-resultados-da-sessao-ordinaria-realizada-nesta-segunda-feira-15-de-abril\/#respond"]}]},{"@type":"WebPage","@id":"https:\/\/regiaonews.net.br\/2022\/2024\/04\/16\/confira-os-resultados-da-sessao-ordinaria-realizada-nesta-segunda-feira-15-de-abril\/","url":"https:\/\/regiaonews.net.br\/2022\/2024\/04\/16\/confira-os-resultados-da-sessao-ordinaria-realizada-nesta-segunda-feira-15-de-abril\/","name":"Confira os resultados da Sess\u00e3o Ordin\u00e1ria realizada nesta segunda-feira, 15 de abril - Regi\u00e3o News","isPartOf":{"@id":"https:\/\/regiaonews.net.br\/2022\/#website"},"primaryImageOfPage":{"@id":"https:\/\/regiaonews.net.br\/2022\/2024\/04\/16\/confira-os-resultados-da-sessao-ordinaria-realizada-nesta-segunda-feira-15-de-abril\/#primaryimage"},"image":{"@id":"https:\/\/regiaonews.net.br\/2022\/2024\/04\/16\/confira-os-resultados-da-sessao-ordinaria-realizada-nesta-segunda-feira-15-de-abril\/#primaryimage"},"thumbnailUrl":"https:\/\/regiaonews.net.br\/2022\/wp-content\/uploads\/2024\/04\/alta_1713232876661ddbec7187f.jpg","datePublished":"2024-04-16T14:05:15+00:00","breadcrumb":{"@id":"https:\/\/regiaonews.net.br\/2022\/2024\/04\/16\/confira-os-resultados-da-sessao-ordinaria-realizada-nesta-segunda-feira-15-de-abril\/#breadcrumb"},"inLanguage":"pt-BR","potentialAction":[{"@type":"ReadAction","target":["https:\/\/regiaonews.net.br\/2022\/2024\/04\/16\/confira-os-resultados-da-sessao-ordinaria-realizada-nesta-segunda-feira-15-de-abril\/"]}]},{"@type":"ImageObject","inLanguage":"pt-BR","@id":"https:\/\/regiaonews.net.br\/2022\/2024\/04\/16\/confira-os-resultados-da-sessao-ordinaria-realizada-nesta-segunda-feira-15-de-abril\/#primaryimage","url":"https:\/\/regiaonews.net.br\/2022\/wp-content\/uploads\/2024\/04\/alta_1713232876661ddbec7187f.jpg","contentUrl":"https:\/\/regiaonews.net.br\/2022\/wp-content\/uploads\/2024\/04\/alta_1713232876661ddbec7187f.jpg","width":1280,"height":720},{"@type":"BreadcrumbList","@id":"https:\/\/regiaonews.net.br\/2022\/2024\/04\/16\/confira-os-resultados-da-sessao-ordinaria-realizada-nesta-segunda-feira-15-de-abril\/#breadcrumb","itemListElement":[{"@type":"ListItem","position":1,"name":"In\u00edcio","item":"https:\/\/regiaonews.net.br\/2022\/"},{"@type":"ListItem","position":2,"name":"Confira os resultados da Sess\u00e3o Ordin\u00e1ria realizada nesta segunda-feira, 15 de abril"}]},{"@type":"WebSite","@id":"https:\/\/regiaonews.net.br\/2022\/#website","url":"https:\/\/regiaonews.net.br\/2022\/","name":"Regi\u00e3o News","description":"Site de Not\u00edcias de Barretos e regi\u00e3o","publisher":{"@id":"https:\/\/regiaonews.net.br\/2022\/#organization"},"potentialAction":[{"@type":"SearchAction","target":{"@type":"EntryPoint","urlTemplate":"https:\/\/regiaonews.net.br\/2022\/?s={search_term_string}"},"query-input":{"@type":"PropertyValueSpecification","valueRequired":true,"valueName":"search_term_string"}}],"inLanguage":"pt-BR"},{"@type":"Organization","@id":"https:\/\/regiaonews.net.br\/2022\/#organization","name":"Regi\u00e3o News","url":"https:\/\/regiaonews.net.br\/2022\/","logo":{"@type":"ImageObject","inLanguage":"pt-BR","@id":"https:\/\/regiaonews.net.br\/2022\/#\/schema\/logo\/image\/","url":"https:\/\/regiaonews.net.br\/2022\/wp-content\/uploads\/2026\/03\/regiao-13-anos-scaled.jpg","contentUrl":"https:\/\/regiaonews.net.br\/2022\/wp-content\/uploads\/2026\/03\/regiao-13-anos-scaled.jpg","width":2560,"height":635,"caption":"Regi\u00e3o News"},"image":{"@id":"https:\/\/regiaonews.net.br\/2022\/#\/schema\/logo\/image\/"}},{"@type":"Person","@id":"https:\/\/regiaonews.net.br\/2022\/#\/schema\/person\/2d205a608a5aa97ac279d7a5e6d89ad8","name":"Roberto","image":{"@type":"ImageObject","inLanguage":"pt-BR","@id":"https:\/\/secure.gravatar.com\/avatar\/42749d8b712ff9d59ca93dc150494e5b55a44134482993f5baeb97e61b7ecc89?s=96&d=mm&r=g","url":"https:\/\/secure.gravatar.com\/avatar\/42749d8b712ff9d59ca93dc150494e5b55a44134482993f5baeb97e61b7ecc89?s=96&d=mm&r=g","contentUrl":"https:\/\/secure.gravatar.com\/avatar\/42749d8b712ff9d59ca93dc150494e5b55a44134482993f5baeb97e61b7ecc89?s=96&d=mm&r=g","caption":"Roberto"},"url":"https:\/\/regiaonews.net.br\/2022\/author\/roberto\/"}]}},"publishpress_future_action":{"enabled":false,"date":"2026-05-03 15:34:35","action":"change-status","newStatus":"draft","terms":[],"taxonomy":"category","extraData":[]},"publishpress_future_workflow_manual_trigger":{"enabledWorkflows":[]},"_links":{"self":[{"href":"https:\/\/regiaonews.net.br\/2022\/wp-json\/wp\/v2\/posts\/103737","targetHints":{"allow":["GET"]}}],"collection":[{"href":"https:\/\/regiaonews.net.br\/2022\/wp-json\/wp\/v2\/posts"}],"about":[{"href":"https:\/\/regiaonews.net.br\/2022\/wp-json\/wp\/v2\/types\/post"}],"author":[{"embeddable":true,"href":"https:\/\/regiaonews.net.br\/2022\/wp-json\/wp\/v2\/users\/2"}],"replies":[{"embeddable":true,"href":"https:\/\/regiaonews.net.br\/2022\/wp-json\/wp\/v2\/comments?post=103737"}],"version-history":[{"count":1,"href":"https:\/\/regiaonews.net.br\/2022\/wp-json\/wp\/v2\/posts\/103737\/revisions"}],"predecessor-version":[{"id":103739,"href":"https:\/\/regiaonews.net.br\/2022\/wp-json\/wp\/v2\/posts\/103737\/revisions\/103739"}],"wp:featuredmedia":[{"embeddable":true,"href":"https:\/\/regiaonews.net.br\/2022\/wp-json\/wp\/v2\/media\/103738"}],"wp:attachment":[{"href":"https:\/\/regiaonews.net.br\/2022\/wp-json\/wp\/v2\/media?parent=103737"}],"wp:term":[{"taxonomy":"category","embeddable":true,"href":"https:\/\/regiaonews.net.br\/2022\/wp-json\/wp\/v2\/categories?post=103737"},{"taxonomy":"post_tag","embeddable":true,"href":"https:\/\/regiaonews.net.br\/2022\/wp-json\/wp\/v2\/tags?post=103737"}],"curies":[{"name":"wp","href":"https:\/\/api.w.org\/{rel}","templated":true}]}}