{"id":103731,"date":"2024-04-16T11:03:44","date_gmt":"2024-04-16T14:03:44","guid":{"rendered":"https:\/\/regiaonews.net.br\/2022\/?p=103731"},"modified":"2024-04-16T11:03:44","modified_gmt":"2024-04-16T14:03:44","slug":"saae-barretos-participa-de-evento-sobre-atualizacoes-do-setor-de-saneamento-basico-na-sede-da-ares-pcj-em-americana","status":"publish","type":"post","link":"https:\/\/regiaonews.net.br\/2022\/2024\/04\/16\/saae-barretos-participa-de-evento-sobre-atualizacoes-do-setor-de-saneamento-basico-na-sede-da-ares-pcj-em-americana\/","title":{"rendered":"SAAE Barretos participa de evento sobre atualiza\u00e7\u00f5es do setor de Saneamento B\u00e1sico na sede da ARES-PCJ em Americana"},"content":{"rendered":"<h3 style=\"text-align: center;\">Evento contou com mais de 170 participantes<\/h3>\n<p>A Associa\u00e7\u00e3o Nacional dos Servi\u00e7os Municipais de Saneamento (ASSEMAE) Regional S\u00e3o Paulo em parceria com a Ag\u00eancia Reguladora de Saneamento das Bacias do Piracicaba, Capivari e Jundia\u00ed (ARES-PCJ) realizou, no \u00faltimo dia 11, o evento &#8220;Atualiza\u00e7\u00f5es do Setor de Saneamento B\u00e1sico&#8221;. A sede da ARES-PCJ recebeu cerca de 170 participantes de diversos munic\u00edpios do interior de S\u00e3o Paulo em sua sede em Americana (SP).<\/p>\n<p>O SAAE Barretos esteve representado por Carlos Roberto Ferreira, diretor administrativo, comercial e financeiro da autarquia, e por Marcelo Borges, que al\u00e9m de ser o superintendente do SAAEB \u00e9 o presidente da ASSEMAE Regional S\u00e3o Paulo.<\/p>\n<p>A participa\u00e7\u00e3o de Carlos e Marcelo refor\u00e7a a representatividade e o comprometimento da Prefeitura da Est\u00e2ncia Tur\u00edstica de Barretos, por meio da autarquia, com as atualiza\u00e7\u00f5es e melhorias no setor de saneamento.<\/p>\n<p>O evento destacou-se pela discuss\u00e3o de temas fundamentais para a universaliza\u00e7\u00e3o dos servi\u00e7os de saneamento.<\/p>\n<p>ARES-PCJ<br \/>\nFundada em 2011 com a ades\u00e3o inicial de 25 cidades, a ARES-PCJ agora conta com 73 munic\u00edpios associados, incluindo \u00e1reas al\u00e9m da bacia do PCJ, como Ribeir\u00e3o Preto, S\u00e3o Jos\u00e9 do Rio Preto e Sorocaba.<\/p>\n<p>Durante o evento em Americana, Marcelo Borges comentou sobre a import\u00e2ncia do evento. &#8220;Este evento \u00e9 um marco para todos que participaram, pois al\u00e9m de nos aproximarmos da ARES-PCJ, refor\u00e7a a necessidade de trabalhar conjuntamente para enfrentar os desafios do saneamento b\u00e1sico em nossos munic\u00edpios&#8221;, destacou.<\/p>\n<p>ASSEMAE<br \/>\nA ASSEMAE, entidade apartid\u00e1ria que completa 40 anos em 2024, defende a uni\u00e3o dos servi\u00e7os municipais de saneamento para fortalecer a capta\u00e7\u00e3o de recursos e a representa\u00e7\u00e3o junto aos governos e outras inst\u00e2ncias. A associa\u00e7\u00e3o \u00e9 vista como um pilar para o fortalecimento e a melhoria dos servi\u00e7os de saneamento, como explicou Francisco dos Santos Lopes, Secret\u00e1rio Executivo da ASSEMAE. &#8220;A uni\u00e3o pela ASSEMAE \u00e9 fundamental. Juntos, temos mais for\u00e7a para obter recursos e representa\u00e7\u00e3o, o que \u00e9 essencial para melhorar nossos servi\u00e7os&#8221;, disse.<\/p>\n<p>www.saaeb.com.br<\/p>\n","protected":false},"excerpt":{"rendered":"<p>Evento contou com mais de 170 participantes A Associa\u00e7\u00e3o Nacional<\/p>\n","protected":false},"author":2,"featured_media":103732,"comment_status":"open","ping_status":"open","sticky":false,"template":"","format":"standard","meta":{"footnotes":""},"categories":[14,3],"tags":[],"class_list":["post-103731","post","type-post","status-publish","format-standard","has-post-thumbnail","hentry","category-barretos","category-geral"],"yoast_head":"<!-- This site is optimized with the Yoast SEO plugin v27.4 - https:\/\/yoast.com\/product\/yoast-seo-wordpress\/ -->\n<title>SAAE Barretos participa de evento sobre atualiza\u00e7\u00f5es do setor de Saneamento B\u00e1sico na sede da ARES-PCJ em Americana - Regi\u00e3o News<\/title>\n<meta name=\"robots\" content=\"index, follow, max-snippet:-1, max-image-preview:large, max-video-preview:-1\" \/>\n<link rel=\"canonical\" href=\"https:\/\/regiaonews.net.br\/2022\/2024\/04\/16\/saae-barretos-participa-de-evento-sobre-atualizacoes-do-setor-de-saneamento-basico-na-sede-da-ares-pcj-em-americana\/\" \/>\n<meta property=\"og:locale\" content=\"pt_BR\" \/>\n<meta property=\"og:type\" content=\"article\" \/>\n<meta property=\"og:title\" content=\"SAAE Barretos participa de evento sobre atualiza\u00e7\u00f5es do setor de Saneamento B\u00e1sico na sede da ARES-PCJ em Americana - Regi\u00e3o News\" \/>\n<meta property=\"og:description\" content=\"Evento contou com mais de 170 participantes A Associa\u00e7\u00e3o Nacional\" \/>\n<meta property=\"og:url\" content=\"https:\/\/regiaonews.net.br\/2022\/2024\/04\/16\/saae-barretos-participa-de-evento-sobre-atualizacoes-do-setor-de-saneamento-basico-na-sede-da-ares-pcj-em-americana\/\" \/>\n<meta property=\"og:site_name\" content=\"Regi\u00e3o News\" \/>\n<meta property=\"article:published_time\" content=\"2024-04-16T14:03:44+00:00\" \/>\n<meta property=\"og:image\" content=\"https:\/\/regiaonews.net.br\/2022\/wp-content\/uploads\/2024\/04\/Imagem-do-WhatsApp-de-2024-04-16-as-09.38.28_a41b0143.jpg\" \/>\n\t<meta property=\"og:image:width\" content=\"1600\" \/>\n\t<meta property=\"og:image:height\" content=\"1066\" \/>\n\t<meta property=\"og:image:type\" content=\"image\/jpeg\" \/>\n<meta name=\"author\" content=\"Roberto\" \/>\n<meta name=\"twitter:card\" content=\"summary_large_image\" \/>\n<meta name=\"twitter:label1\" content=\"Escrito por\" \/>\n\t<meta name=\"twitter:data1\" content=\"Roberto\" \/>\n\t<meta name=\"twitter:label2\" content=\"Est. tempo de leitura\" \/>\n\t<meta name=\"twitter:data2\" content=\"2 minutos\" \/>\n<script type=\"application\/ld+json\" class=\"yoast-schema-graph\">{\"@context\":\"https:\\\/\\\/schema.org\",\"@graph\":[{\"@type\":\"Article\",\"@id\":\"https:\\\/\\\/regiaonews.net.br\\\/2022\\\/2024\\\/04\\\/16\\\/saae-barretos-participa-de-evento-sobre-atualizacoes-do-setor-de-saneamento-basico-na-sede-da-ares-pcj-em-americana\\\/#article\",\"isPartOf\":{\"@id\":\"https:\\\/\\\/regiaonews.net.br\\\/2022\\\/2024\\\/04\\\/16\\\/saae-barretos-participa-de-evento-sobre-atualizacoes-do-setor-de-saneamento-basico-na-sede-da-ares-pcj-em-americana\\\/\"},\"author\":{\"name\":\"Roberto\",\"@id\":\"https:\\\/\\\/regiaonews.net.br\\\/2022\\\/#\\\/schema\\\/person\\\/2d205a608a5aa97ac279d7a5e6d89ad8\"},\"headline\":\"SAAE Barretos participa de evento sobre atualiza\u00e7\u00f5es do setor de Saneamento B\u00e1sico na sede da ARES-PCJ em Americana\",\"datePublished\":\"2024-04-16T14:03:44+00:00\",\"mainEntityOfPage\":{\"@id\":\"https:\\\/\\\/regiaonews.net.br\\\/2022\\\/2024\\\/04\\\/16\\\/saae-barretos-participa-de-evento-sobre-atualizacoes-do-setor-de-saneamento-basico-na-sede-da-ares-pcj-em-americana\\\/\"},\"wordCount\":373,\"commentCount\":0,\"publisher\":{\"@id\":\"https:\\\/\\\/regiaonews.net.br\\\/2022\\\/#organization\"},\"image\":{\"@id\":\"https:\\\/\\\/regiaonews.net.br\\\/2022\\\/2024\\\/04\\\/16\\\/saae-barretos-participa-de-evento-sobre-atualizacoes-do-setor-de-saneamento-basico-na-sede-da-ares-pcj-em-americana\\\/#primaryimage\"},\"thumbnailUrl\":\"https:\\\/\\\/regiaonews.net.br\\\/2022\\\/wp-content\\\/uploads\\\/2024\\\/04\\\/Imagem-do-WhatsApp-de-2024-04-16-as-09.38.28_a41b0143.jpg\",\"articleSection\":[\"Barretos\",\"Geral\"],\"inLanguage\":\"pt-BR\",\"potentialAction\":[{\"@type\":\"CommentAction\",\"name\":\"Comment\",\"target\":[\"https:\\\/\\\/regiaonews.net.br\\\/2022\\\/2024\\\/04\\\/16\\\/saae-barretos-participa-de-evento-sobre-atualizacoes-do-setor-de-saneamento-basico-na-sede-da-ares-pcj-em-americana\\\/#respond\"]}]},{\"@type\":\"WebPage\",\"@id\":\"https:\\\/\\\/regiaonews.net.br\\\/2022\\\/2024\\\/04\\\/16\\\/saae-barretos-participa-de-evento-sobre-atualizacoes-do-setor-de-saneamento-basico-na-sede-da-ares-pcj-em-americana\\\/\",\"url\":\"https:\\\/\\\/regiaonews.net.br\\\/2022\\\/2024\\\/04\\\/16\\\/saae-barretos-participa-de-evento-sobre-atualizacoes-do-setor-de-saneamento-basico-na-sede-da-ares-pcj-em-americana\\\/\",\"name\":\"SAAE Barretos participa de evento sobre atualiza\u00e7\u00f5es do setor de Saneamento B\u00e1sico na sede da ARES-PCJ em Americana - Regi\u00e3o News\",\"isPartOf\":{\"@id\":\"https:\\\/\\\/regiaonews.net.br\\\/2022\\\/#website\"},\"primaryImageOfPage\":{\"@id\":\"https:\\\/\\\/regiaonews.net.br\\\/2022\\\/2024\\\/04\\\/16\\\/saae-barretos-participa-de-evento-sobre-atualizacoes-do-setor-de-saneamento-basico-na-sede-da-ares-pcj-em-americana\\\/#primaryimage\"},\"image\":{\"@id\":\"https:\\\/\\\/regiaonews.net.br\\\/2022\\\/2024\\\/04\\\/16\\\/saae-barretos-participa-de-evento-sobre-atualizacoes-do-setor-de-saneamento-basico-na-sede-da-ares-pcj-em-americana\\\/#primaryimage\"},\"thumbnailUrl\":\"https:\\\/\\\/regiaonews.net.br\\\/2022\\\/wp-content\\\/uploads\\\/2024\\\/04\\\/Imagem-do-WhatsApp-de-2024-04-16-as-09.38.28_a41b0143.jpg\",\"datePublished\":\"2024-04-16T14:03:44+00:00\",\"breadcrumb\":{\"@id\":\"https:\\\/\\\/regiaonews.net.br\\\/2022\\\/2024\\\/04\\\/16\\\/saae-barretos-participa-de-evento-sobre-atualizacoes-do-setor-de-saneamento-basico-na-sede-da-ares-pcj-em-americana\\\/#breadcrumb\"},\"inLanguage\":\"pt-BR\",\"potentialAction\":[{\"@type\":\"ReadAction\",\"target\":[\"https:\\\/\\\/regiaonews.net.br\\\/2022\\\/2024\\\/04\\\/16\\\/saae-barretos-participa-de-evento-sobre-atualizacoes-do-setor-de-saneamento-basico-na-sede-da-ares-pcj-em-americana\\\/\"]}]},{\"@type\":\"ImageObject\",\"inLanguage\":\"pt-BR\",\"@id\":\"https:\\\/\\\/regiaonews.net.br\\\/2022\\\/2024\\\/04\\\/16\\\/saae-barretos-participa-de-evento-sobre-atualizacoes-do-setor-de-saneamento-basico-na-sede-da-ares-pcj-em-americana\\\/#primaryimage\",\"url\":\"https:\\\/\\\/regiaonews.net.br\\\/2022\\\/wp-content\\\/uploads\\\/2024\\\/04\\\/Imagem-do-WhatsApp-de-2024-04-16-as-09.38.28_a41b0143.jpg\",\"contentUrl\":\"https:\\\/\\\/regiaonews.net.br\\\/2022\\\/wp-content\\\/uploads\\\/2024\\\/04\\\/Imagem-do-WhatsApp-de-2024-04-16-as-09.38.28_a41b0143.jpg\",\"width\":1600,\"height\":1066},{\"@type\":\"BreadcrumbList\",\"@id\":\"https:\\\/\\\/regiaonews.net.br\\\/2022\\\/2024\\\/04\\\/16\\\/saae-barretos-participa-de-evento-sobre-atualizacoes-do-setor-de-saneamento-basico-na-sede-da-ares-pcj-em-americana\\\/#breadcrumb\",\"itemListElement\":[{\"@type\":\"ListItem\",\"position\":1,\"name\":\"In\u00edcio\",\"item\":\"https:\\\/\\\/regiaonews.net.br\\\/2022\\\/\"},{\"@type\":\"ListItem\",\"position\":2,\"name\":\"SAAE Barretos participa de evento sobre atualiza\u00e7\u00f5es do setor de Saneamento B\u00e1sico na sede da ARES-PCJ em Americana\"}]},{\"@type\":\"WebSite\",\"@id\":\"https:\\\/\\\/regiaonews.net.br\\\/2022\\\/#website\",\"url\":\"https:\\\/\\\/regiaonews.net.br\\\/2022\\\/\",\"name\":\"Regi\u00e3o News\",\"description\":\"Site de Not\u00edcias de Barretos e regi\u00e3o\",\"publisher\":{\"@id\":\"https:\\\/\\\/regiaonews.net.br\\\/2022\\\/#organization\"},\"potentialAction\":[{\"@type\":\"SearchAction\",\"target\":{\"@type\":\"EntryPoint\",\"urlTemplate\":\"https:\\\/\\\/regiaonews.net.br\\\/2022\\\/?s={search_term_string}\"},\"query-input\":{\"@type\":\"PropertyValueSpecification\",\"valueRequired\":true,\"valueName\":\"search_term_string\"}}],\"inLanguage\":\"pt-BR\"},{\"@type\":\"Organization\",\"@id\":\"https:\\\/\\\/regiaonews.net.br\\\/2022\\\/#organization\",\"name\":\"Regi\u00e3o News\",\"url\":\"https:\\\/\\\/regiaonews.net.br\\\/2022\\\/\",\"logo\":{\"@type\":\"ImageObject\",\"inLanguage\":\"pt-BR\",\"@id\":\"https:\\\/\\\/regiaonews.net.br\\\/2022\\\/#\\\/schema\\\/logo\\\/image\\\/\",\"url\":\"https:\\\/\\\/regiaonews.net.br\\\/2022\\\/wp-content\\\/uploads\\\/2026\\\/03\\\/regiao-13-anos-scaled.jpg\",\"contentUrl\":\"https:\\\/\\\/regiaonews.net.br\\\/2022\\\/wp-content\\\/uploads\\\/2026\\\/03\\\/regiao-13-anos-scaled.jpg\",\"width\":2560,\"height\":635,\"caption\":\"Regi\u00e3o News\"},\"image\":{\"@id\":\"https:\\\/\\\/regiaonews.net.br\\\/2022\\\/#\\\/schema\\\/logo\\\/image\\\/\"}},{\"@type\":\"Person\",\"@id\":\"https:\\\/\\\/regiaonews.net.br\\\/2022\\\/#\\\/schema\\\/person\\\/2d205a608a5aa97ac279d7a5e6d89ad8\",\"name\":\"Roberto\",\"image\":{\"@type\":\"ImageObject\",\"inLanguage\":\"pt-BR\",\"@id\":\"https:\\\/\\\/secure.gravatar.com\\\/avatar\\\/42749d8b712ff9d59ca93dc150494e5b55a44134482993f5baeb97e61b7ecc89?s=96&d=mm&r=g\",\"url\":\"https:\\\/\\\/secure.gravatar.com\\\/avatar\\\/42749d8b712ff9d59ca93dc150494e5b55a44134482993f5baeb97e61b7ecc89?s=96&d=mm&r=g\",\"contentUrl\":\"https:\\\/\\\/secure.gravatar.com\\\/avatar\\\/42749d8b712ff9d59ca93dc150494e5b55a44134482993f5baeb97e61b7ecc89?s=96&d=mm&r=g\",\"caption\":\"Roberto\"},\"url\":\"https:\\\/\\\/regiaonews.net.br\\\/2022\\\/author\\\/roberto\\\/\"}]}<\/script>\n<!-- \/ Yoast SEO plugin. -->","yoast_head_json":{"title":"SAAE Barretos participa de evento sobre atualiza\u00e7\u00f5es do setor de Saneamento B\u00e1sico na sede da ARES-PCJ em Americana - Regi\u00e3o News","robots":{"index":"index","follow":"follow","max-snippet":"max-snippet:-1","max-image-preview":"max-image-preview:large","max-video-preview":"max-video-preview:-1"},"canonical":"https:\/\/regiaonews.net.br\/2022\/2024\/04\/16\/saae-barretos-participa-de-evento-sobre-atualizacoes-do-setor-de-saneamento-basico-na-sede-da-ares-pcj-em-americana\/","og_locale":"pt_BR","og_type":"article","og_title":"SAAE Barretos participa de evento sobre atualiza\u00e7\u00f5es do setor de Saneamento B\u00e1sico na sede da ARES-PCJ em Americana - Regi\u00e3o News","og_description":"Evento contou com mais de 170 participantes A Associa\u00e7\u00e3o Nacional","og_url":"https:\/\/regiaonews.net.br\/2022\/2024\/04\/16\/saae-barretos-participa-de-evento-sobre-atualizacoes-do-setor-de-saneamento-basico-na-sede-da-ares-pcj-em-americana\/","og_site_name":"Regi\u00e3o News","article_published_time":"2024-04-16T14:03:44+00:00","og_image":[{"width":1600,"height":1066,"url":"https:\/\/regiaonews.net.br\/2022\/wp-content\/uploads\/2024\/04\/Imagem-do-WhatsApp-de-2024-04-16-as-09.38.28_a41b0143.jpg","type":"image\/jpeg"}],"author":"Roberto","twitter_card":"summary_large_image","twitter_misc":{"Escrito por":"Roberto","Est. tempo de leitura":"2 minutos"},"schema":{"@context":"https:\/\/schema.org","@graph":[{"@type":"Article","@id":"https:\/\/regiaonews.net.br\/2022\/2024\/04\/16\/saae-barretos-participa-de-evento-sobre-atualizacoes-do-setor-de-saneamento-basico-na-sede-da-ares-pcj-em-americana\/#article","isPartOf":{"@id":"https:\/\/regiaonews.net.br\/2022\/2024\/04\/16\/saae-barretos-participa-de-evento-sobre-atualizacoes-do-setor-de-saneamento-basico-na-sede-da-ares-pcj-em-americana\/"},"author":{"name":"Roberto","@id":"https:\/\/regiaonews.net.br\/2022\/#\/schema\/person\/2d205a608a5aa97ac279d7a5e6d89ad8"},"headline":"SAAE Barretos participa de evento sobre atualiza\u00e7\u00f5es do setor de Saneamento B\u00e1sico na sede da ARES-PCJ em Americana","datePublished":"2024-04-16T14:03:44+00:00","mainEntityOfPage":{"@id":"https:\/\/regiaonews.net.br\/2022\/2024\/04\/16\/saae-barretos-participa-de-evento-sobre-atualizacoes-do-setor-de-saneamento-basico-na-sede-da-ares-pcj-em-americana\/"},"wordCount":373,"commentCount":0,"publisher":{"@id":"https:\/\/regiaonews.net.br\/2022\/#organization"},"image":{"@id":"https:\/\/regiaonews.net.br\/2022\/2024\/04\/16\/saae-barretos-participa-de-evento-sobre-atualizacoes-do-setor-de-saneamento-basico-na-sede-da-ares-pcj-em-americana\/#primaryimage"},"thumbnailUrl":"https:\/\/regiaonews.net.br\/2022\/wp-content\/uploads\/2024\/04\/Imagem-do-WhatsApp-de-2024-04-16-as-09.38.28_a41b0143.jpg","articleSection":["Barretos","Geral"],"inLanguage":"pt-BR","potentialAction":[{"@type":"CommentAction","name":"Comment","target":["https:\/\/regiaonews.net.br\/2022\/2024\/04\/16\/saae-barretos-participa-de-evento-sobre-atualizacoes-do-setor-de-saneamento-basico-na-sede-da-ares-pcj-em-americana\/#respond"]}]},{"@type":"WebPage","@id":"https:\/\/regiaonews.net.br\/2022\/2024\/04\/16\/saae-barretos-participa-de-evento-sobre-atualizacoes-do-setor-de-saneamento-basico-na-sede-da-ares-pcj-em-americana\/","url":"https:\/\/regiaonews.net.br\/2022\/2024\/04\/16\/saae-barretos-participa-de-evento-sobre-atualizacoes-do-setor-de-saneamento-basico-na-sede-da-ares-pcj-em-americana\/","name":"SAAE Barretos participa de evento sobre atualiza\u00e7\u00f5es do setor de Saneamento B\u00e1sico na sede da ARES-PCJ em Americana - Regi\u00e3o News","isPartOf":{"@id":"https:\/\/regiaonews.net.br\/2022\/#website"},"primaryImageOfPage":{"@id":"https:\/\/regiaonews.net.br\/2022\/2024\/04\/16\/saae-barretos-participa-de-evento-sobre-atualizacoes-do-setor-de-saneamento-basico-na-sede-da-ares-pcj-em-americana\/#primaryimage"},"image":{"@id":"https:\/\/regiaonews.net.br\/2022\/2024\/04\/16\/saae-barretos-participa-de-evento-sobre-atualizacoes-do-setor-de-saneamento-basico-na-sede-da-ares-pcj-em-americana\/#primaryimage"},"thumbnailUrl":"https:\/\/regiaonews.net.br\/2022\/wp-content\/uploads\/2024\/04\/Imagem-do-WhatsApp-de-2024-04-16-as-09.38.28_a41b0143.jpg","datePublished":"2024-04-16T14:03:44+00:00","breadcrumb":{"@id":"https:\/\/regiaonews.net.br\/2022\/2024\/04\/16\/saae-barretos-participa-de-evento-sobre-atualizacoes-do-setor-de-saneamento-basico-na-sede-da-ares-pcj-em-americana\/#breadcrumb"},"inLanguage":"pt-BR","potentialAction":[{"@type":"ReadAction","target":["https:\/\/regiaonews.net.br\/2022\/2024\/04\/16\/saae-barretos-participa-de-evento-sobre-atualizacoes-do-setor-de-saneamento-basico-na-sede-da-ares-pcj-em-americana\/"]}]},{"@type":"ImageObject","inLanguage":"pt-BR","@id":"https:\/\/regiaonews.net.br\/2022\/2024\/04\/16\/saae-barretos-participa-de-evento-sobre-atualizacoes-do-setor-de-saneamento-basico-na-sede-da-ares-pcj-em-americana\/#primaryimage","url":"https:\/\/regiaonews.net.br\/2022\/wp-content\/uploads\/2024\/04\/Imagem-do-WhatsApp-de-2024-04-16-as-09.38.28_a41b0143.jpg","contentUrl":"https:\/\/regiaonews.net.br\/2022\/wp-content\/uploads\/2024\/04\/Imagem-do-WhatsApp-de-2024-04-16-as-09.38.28_a41b0143.jpg","width":1600,"height":1066},{"@type":"BreadcrumbList","@id":"https:\/\/regiaonews.net.br\/2022\/2024\/04\/16\/saae-barretos-participa-de-evento-sobre-atualizacoes-do-setor-de-saneamento-basico-na-sede-da-ares-pcj-em-americana\/#breadcrumb","itemListElement":[{"@type":"ListItem","position":1,"name":"In\u00edcio","item":"https:\/\/regiaonews.net.br\/2022\/"},{"@type":"ListItem","position":2,"name":"SAAE Barretos participa de evento sobre atualiza\u00e7\u00f5es do setor de Saneamento B\u00e1sico na sede da ARES-PCJ em Americana"}]},{"@type":"WebSite","@id":"https:\/\/regiaonews.net.br\/2022\/#website","url":"https:\/\/regiaonews.net.br\/2022\/","name":"Regi\u00e3o News","description":"Site de Not\u00edcias de Barretos e regi\u00e3o","publisher":{"@id":"https:\/\/regiaonews.net.br\/2022\/#organization"},"potentialAction":[{"@type":"SearchAction","target":{"@type":"EntryPoint","urlTemplate":"https:\/\/regiaonews.net.br\/2022\/?s={search_term_string}"},"query-input":{"@type":"PropertyValueSpecification","valueRequired":true,"valueName":"search_term_string"}}],"inLanguage":"pt-BR"},{"@type":"Organization","@id":"https:\/\/regiaonews.net.br\/2022\/#organization","name":"Regi\u00e3o News","url":"https:\/\/regiaonews.net.br\/2022\/","logo":{"@type":"ImageObject","inLanguage":"pt-BR","@id":"https:\/\/regiaonews.net.br\/2022\/#\/schema\/logo\/image\/","url":"https:\/\/regiaonews.net.br\/2022\/wp-content\/uploads\/2026\/03\/regiao-13-anos-scaled.jpg","contentUrl":"https:\/\/regiaonews.net.br\/2022\/wp-content\/uploads\/2026\/03\/regiao-13-anos-scaled.jpg","width":2560,"height":635,"caption":"Regi\u00e3o News"},"image":{"@id":"https:\/\/regiaonews.net.br\/2022\/#\/schema\/logo\/image\/"}},{"@type":"Person","@id":"https:\/\/regiaonews.net.br\/2022\/#\/schema\/person\/2d205a608a5aa97ac279d7a5e6d89ad8","name":"Roberto","image":{"@type":"ImageObject","inLanguage":"pt-BR","@id":"https:\/\/secure.gravatar.com\/avatar\/42749d8b712ff9d59ca93dc150494e5b55a44134482993f5baeb97e61b7ecc89?s=96&d=mm&r=g","url":"https:\/\/secure.gravatar.com\/avatar\/42749d8b712ff9d59ca93dc150494e5b55a44134482993f5baeb97e61b7ecc89?s=96&d=mm&r=g","contentUrl":"https:\/\/secure.gravatar.com\/avatar\/42749d8b712ff9d59ca93dc150494e5b55a44134482993f5baeb97e61b7ecc89?s=96&d=mm&r=g","caption":"Roberto"},"url":"https:\/\/regiaonews.net.br\/2022\/author\/roberto\/"}]}},"publishpress_future_action":{"enabled":false,"date":"2026-05-03 18:58:14","action":"change-status","newStatus":"draft","terms":[],"taxonomy":"category","extraData":[]},"publishpress_future_workflow_manual_trigger":{"enabledWorkflows":[]},"_links":{"self":[{"href":"https:\/\/regiaonews.net.br\/2022\/wp-json\/wp\/v2\/posts\/103731","targetHints":{"allow":["GET"]}}],"collection":[{"href":"https:\/\/regiaonews.net.br\/2022\/wp-json\/wp\/v2\/posts"}],"about":[{"href":"https:\/\/regiaonews.net.br\/2022\/wp-json\/wp\/v2\/types\/post"}],"author":[{"embeddable":true,"href":"https:\/\/regiaonews.net.br\/2022\/wp-json\/wp\/v2\/users\/2"}],"replies":[{"embeddable":true,"href":"https:\/\/regiaonews.net.br\/2022\/wp-json\/wp\/v2\/comments?post=103731"}],"version-history":[{"count":1,"href":"https:\/\/regiaonews.net.br\/2022\/wp-json\/wp\/v2\/posts\/103731\/revisions"}],"predecessor-version":[{"id":103733,"href":"https:\/\/regiaonews.net.br\/2022\/wp-json\/wp\/v2\/posts\/103731\/revisions\/103733"}],"wp:featuredmedia":[{"embeddable":true,"href":"https:\/\/regiaonews.net.br\/2022\/wp-json\/wp\/v2\/media\/103732"}],"wp:attachment":[{"href":"https:\/\/regiaonews.net.br\/2022\/wp-json\/wp\/v2\/media?parent=103731"}],"wp:term":[{"taxonomy":"category","embeddable":true,"href":"https:\/\/regiaonews.net.br\/2022\/wp-json\/wp\/v2\/categories?post=103731"},{"taxonomy":"post_tag","embeddable":true,"href":"https:\/\/regiaonews.net.br\/2022\/wp-json\/wp\/v2\/tags?post=103731"}],"curies":[{"name":"wp","href":"https:\/\/api.w.org\/{rel}","templated":true}]}}