{"id":103699,"date":"2024-04-15T18:48:33","date_gmt":"2024-04-15T21:48:33","guid":{"rendered":"https:\/\/regiaonews.net.br\/2022\/?p=103699"},"modified":"2024-04-15T18:48:33","modified_gmt":"2024-04-15T21:48:33","slug":"barretos-park-hotel-avanca-na-implantacao-do-protocolo-nao-se-cale","status":"publish","type":"post","link":"https:\/\/regiaonews.net.br\/2022\/2024\/04\/15\/barretos-park-hotel-avanca-na-implantacao-do-protocolo-nao-se-cale\/","title":{"rendered":"Barretos Park Hotel avan\u00e7a na implanta\u00e7\u00e3o do protocolo \u201cN\u00e3o Se Cale\u201d"},"content":{"rendered":"<p>A ades\u00e3o \u00e0 pol\u00edtica p\u00fablica criada pelo governo de S\u00e3o Paulo para combater a viol\u00eancia contra a mulher, protocolo \u201cN\u00e3o se Cale\u201d, tem avan\u00e7ado no Barretos Park Hotel, \u00fanico empreendimento localizado anexo ao Parque do Pe\u00e3o de Barretos (SP), com a realiza\u00e7\u00e3o de palestras de especialistas da \u00e1rea para conscientiza\u00e7\u00e3o de todos os profissionais que atuam no hotel. Na \u00faltima sexta-feira (12), a coordenadora do Centro de Refer\u00eancia e Atendimento \u00e0 Mulher (CRAM), Fernanda Nogueira esteve no empreendimento para esclarecer sobre a viol\u00eancia contra a mulher e seu impacto na sa\u00fade mental.<br \/>\nDurante sua palestra, a coordenadora do CRAM e psic\u00f3loga, Fernanda Nogueira, apresentou o cen\u00e1rio da viol\u00eancia no Brasil, falou sobre os ciclos da viol\u00eancia, formas de ajudar, servi\u00e7os p\u00fablicos dispon\u00edveis como o disk 100, pol\u00edcia militar e delegacias, al\u00e9m do atendimento oferecido pelo CRAM, que engloba apoio psicol\u00f3gico, jur\u00eddico e social.<br \/>\n\u00c0 frente das a\u00e7\u00f5es no Barretos Park Hotel, a gestora de Recursos Humanos, Priscyla Napoli Viana, reafirmou sobre a import\u00e2ncia da conscientiza\u00e7\u00e3o das mulheres em rela\u00e7\u00e3o aos seus direitos e tamb\u00e9m dos homens, \u201c\u00e9 nossa miss\u00e3o conscientizar de forma permanente para que todos saibam identificar e combater situa\u00e7\u00f5es de ass\u00e9dio e cultura da viol\u00eancia\u201d, disse. A pr\u00f3xima atividade do ciclo de palestras, acontecer\u00e1 em breve e contar\u00e1 com a participa\u00e7\u00e3o de profissionais da Delegacia de Defesa da Mulher de Barretos<\/p>\n","protected":false},"excerpt":{"rendered":"<p>A ades\u00e3o \u00e0 pol\u00edtica p\u00fablica criada pelo governo de S\u00e3o<\/p>\n","protected":false},"author":2,"featured_media":103700,"comment_status":"open","ping_status":"open","sticky":false,"template":"","format":"standard","meta":{"footnotes":""},"categories":[14,25],"tags":[],"class_list":["post-103699","post","type-post","status-publish","format-standard","has-post-thumbnail","hentry","category-barretos","category-cidades"],"yoast_head":"<!-- This site is optimized with the Yoast SEO plugin v27.4 - https:\/\/yoast.com\/product\/yoast-seo-wordpress\/ -->\n<title>Barretos Park Hotel avan\u00e7a na implanta\u00e7\u00e3o do protocolo \u201cN\u00e3o Se Cale\u201d - Regi\u00e3o News<\/title>\n<meta name=\"robots\" content=\"index, follow, max-snippet:-1, max-image-preview:large, max-video-preview:-1\" \/>\n<link rel=\"canonical\" href=\"https:\/\/regiaonews.net.br\/2022\/2024\/04\/15\/barretos-park-hotel-avanca-na-implantacao-do-protocolo-nao-se-cale\/\" \/>\n<meta property=\"og:locale\" content=\"pt_BR\" \/>\n<meta property=\"og:type\" content=\"article\" \/>\n<meta property=\"og:title\" content=\"Barretos Park Hotel avan\u00e7a na implanta\u00e7\u00e3o do protocolo \u201cN\u00e3o Se Cale\u201d - Regi\u00e3o News\" \/>\n<meta property=\"og:description\" content=\"A ades\u00e3o \u00e0 pol\u00edtica p\u00fablica criada pelo governo de S\u00e3o\" \/>\n<meta property=\"og:url\" content=\"https:\/\/regiaonews.net.br\/2022\/2024\/04\/15\/barretos-park-hotel-avanca-na-implantacao-do-protocolo-nao-se-cale\/\" \/>\n<meta property=\"og:site_name\" content=\"Regi\u00e3o News\" \/>\n<meta property=\"article:published_time\" content=\"2024-04-15T21:48:33+00:00\" \/>\n<meta property=\"og:image\" content=\"https:\/\/regiaonews.net.br\/2022\/wp-content\/uploads\/2024\/04\/WhatsApp-Image-2024-04-15-at-18.11.50.jpeg\" \/>\n\t<meta property=\"og:image:width\" content=\"1600\" \/>\n\t<meta property=\"og:image:height\" content=\"1200\" \/>\n\t<meta property=\"og:image:type\" content=\"image\/jpeg\" \/>\n<meta name=\"author\" content=\"Roberto\" \/>\n<meta name=\"twitter:card\" content=\"summary_large_image\" \/>\n<meta name=\"twitter:label1\" content=\"Escrito por\" \/>\n\t<meta name=\"twitter:data1\" content=\"Roberto\" \/>\n\t<meta name=\"twitter:label2\" content=\"Est. tempo de leitura\" \/>\n\t<meta name=\"twitter:data2\" content=\"2 minutos\" \/>\n<script type=\"application\/ld+json\" class=\"yoast-schema-graph\">{\"@context\":\"https:\\\/\\\/schema.org\",\"@graph\":[{\"@type\":\"Article\",\"@id\":\"https:\\\/\\\/regiaonews.net.br\\\/2022\\\/2024\\\/04\\\/15\\\/barretos-park-hotel-avanca-na-implantacao-do-protocolo-nao-se-cale\\\/#article\",\"isPartOf\":{\"@id\":\"https:\\\/\\\/regiaonews.net.br\\\/2022\\\/2024\\\/04\\\/15\\\/barretos-park-hotel-avanca-na-implantacao-do-protocolo-nao-se-cale\\\/\"},\"author\":{\"name\":\"Roberto\",\"@id\":\"https:\\\/\\\/regiaonews.net.br\\\/2022\\\/#\\\/schema\\\/person\\\/2d205a608a5aa97ac279d7a5e6d89ad8\"},\"headline\":\"Barretos Park Hotel avan\u00e7a na implanta\u00e7\u00e3o do protocolo \u201cN\u00e3o Se Cale\u201d\",\"datePublished\":\"2024-04-15T21:48:33+00:00\",\"mainEntityOfPage\":{\"@id\":\"https:\\\/\\\/regiaonews.net.br\\\/2022\\\/2024\\\/04\\\/15\\\/barretos-park-hotel-avanca-na-implantacao-do-protocolo-nao-se-cale\\\/\"},\"wordCount\":266,\"commentCount\":0,\"publisher\":{\"@id\":\"https:\\\/\\\/regiaonews.net.br\\\/2022\\\/#organization\"},\"image\":{\"@id\":\"https:\\\/\\\/regiaonews.net.br\\\/2022\\\/2024\\\/04\\\/15\\\/barretos-park-hotel-avanca-na-implantacao-do-protocolo-nao-se-cale\\\/#primaryimage\"},\"thumbnailUrl\":\"https:\\\/\\\/regiaonews.net.br\\\/2022\\\/wp-content\\\/uploads\\\/2024\\\/04\\\/WhatsApp-Image-2024-04-15-at-18.11.50.jpeg\",\"articleSection\":[\"Barretos\",\"Cidades\"],\"inLanguage\":\"pt-BR\",\"potentialAction\":[{\"@type\":\"CommentAction\",\"name\":\"Comment\",\"target\":[\"https:\\\/\\\/regiaonews.net.br\\\/2022\\\/2024\\\/04\\\/15\\\/barretos-park-hotel-avanca-na-implantacao-do-protocolo-nao-se-cale\\\/#respond\"]}]},{\"@type\":\"WebPage\",\"@id\":\"https:\\\/\\\/regiaonews.net.br\\\/2022\\\/2024\\\/04\\\/15\\\/barretos-park-hotel-avanca-na-implantacao-do-protocolo-nao-se-cale\\\/\",\"url\":\"https:\\\/\\\/regiaonews.net.br\\\/2022\\\/2024\\\/04\\\/15\\\/barretos-park-hotel-avanca-na-implantacao-do-protocolo-nao-se-cale\\\/\",\"name\":\"Barretos Park Hotel avan\u00e7a na implanta\u00e7\u00e3o do protocolo \u201cN\u00e3o Se Cale\u201d - Regi\u00e3o News\",\"isPartOf\":{\"@id\":\"https:\\\/\\\/regiaonews.net.br\\\/2022\\\/#website\"},\"primaryImageOfPage\":{\"@id\":\"https:\\\/\\\/regiaonews.net.br\\\/2022\\\/2024\\\/04\\\/15\\\/barretos-park-hotel-avanca-na-implantacao-do-protocolo-nao-se-cale\\\/#primaryimage\"},\"image\":{\"@id\":\"https:\\\/\\\/regiaonews.net.br\\\/2022\\\/2024\\\/04\\\/15\\\/barretos-park-hotel-avanca-na-implantacao-do-protocolo-nao-se-cale\\\/#primaryimage\"},\"thumbnailUrl\":\"https:\\\/\\\/regiaonews.net.br\\\/2022\\\/wp-content\\\/uploads\\\/2024\\\/04\\\/WhatsApp-Image-2024-04-15-at-18.11.50.jpeg\",\"datePublished\":\"2024-04-15T21:48:33+00:00\",\"breadcrumb\":{\"@id\":\"https:\\\/\\\/regiaonews.net.br\\\/2022\\\/2024\\\/04\\\/15\\\/barretos-park-hotel-avanca-na-implantacao-do-protocolo-nao-se-cale\\\/#breadcrumb\"},\"inLanguage\":\"pt-BR\",\"potentialAction\":[{\"@type\":\"ReadAction\",\"target\":[\"https:\\\/\\\/regiaonews.net.br\\\/2022\\\/2024\\\/04\\\/15\\\/barretos-park-hotel-avanca-na-implantacao-do-protocolo-nao-se-cale\\\/\"]}]},{\"@type\":\"ImageObject\",\"inLanguage\":\"pt-BR\",\"@id\":\"https:\\\/\\\/regiaonews.net.br\\\/2022\\\/2024\\\/04\\\/15\\\/barretos-park-hotel-avanca-na-implantacao-do-protocolo-nao-se-cale\\\/#primaryimage\",\"url\":\"https:\\\/\\\/regiaonews.net.br\\\/2022\\\/wp-content\\\/uploads\\\/2024\\\/04\\\/WhatsApp-Image-2024-04-15-at-18.11.50.jpeg\",\"contentUrl\":\"https:\\\/\\\/regiaonews.net.br\\\/2022\\\/wp-content\\\/uploads\\\/2024\\\/04\\\/WhatsApp-Image-2024-04-15-at-18.11.50.jpeg\",\"width\":1600,\"height\":1200},{\"@type\":\"BreadcrumbList\",\"@id\":\"https:\\\/\\\/regiaonews.net.br\\\/2022\\\/2024\\\/04\\\/15\\\/barretos-park-hotel-avanca-na-implantacao-do-protocolo-nao-se-cale\\\/#breadcrumb\",\"itemListElement\":[{\"@type\":\"ListItem\",\"position\":1,\"name\":\"In\u00edcio\",\"item\":\"https:\\\/\\\/regiaonews.net.br\\\/2022\\\/\"},{\"@type\":\"ListItem\",\"position\":2,\"name\":\"Barretos Park Hotel avan\u00e7a na implanta\u00e7\u00e3o do protocolo \u201cN\u00e3o Se Cale\u201d\"}]},{\"@type\":\"WebSite\",\"@id\":\"https:\\\/\\\/regiaonews.net.br\\\/2022\\\/#website\",\"url\":\"https:\\\/\\\/regiaonews.net.br\\\/2022\\\/\",\"name\":\"Regi\u00e3o News\",\"description\":\"Site de Not\u00edcias de Barretos e regi\u00e3o\",\"publisher\":{\"@id\":\"https:\\\/\\\/regiaonews.net.br\\\/2022\\\/#organization\"},\"potentialAction\":[{\"@type\":\"SearchAction\",\"target\":{\"@type\":\"EntryPoint\",\"urlTemplate\":\"https:\\\/\\\/regiaonews.net.br\\\/2022\\\/?s={search_term_string}\"},\"query-input\":{\"@type\":\"PropertyValueSpecification\",\"valueRequired\":true,\"valueName\":\"search_term_string\"}}],\"inLanguage\":\"pt-BR\"},{\"@type\":\"Organization\",\"@id\":\"https:\\\/\\\/regiaonews.net.br\\\/2022\\\/#organization\",\"name\":\"Regi\u00e3o News\",\"url\":\"https:\\\/\\\/regiaonews.net.br\\\/2022\\\/\",\"logo\":{\"@type\":\"ImageObject\",\"inLanguage\":\"pt-BR\",\"@id\":\"https:\\\/\\\/regiaonews.net.br\\\/2022\\\/#\\\/schema\\\/logo\\\/image\\\/\",\"url\":\"https:\\\/\\\/regiaonews.net.br\\\/2022\\\/wp-content\\\/uploads\\\/2026\\\/03\\\/regiao-13-anos-scaled.jpg\",\"contentUrl\":\"https:\\\/\\\/regiaonews.net.br\\\/2022\\\/wp-content\\\/uploads\\\/2026\\\/03\\\/regiao-13-anos-scaled.jpg\",\"width\":2560,\"height\":635,\"caption\":\"Regi\u00e3o News\"},\"image\":{\"@id\":\"https:\\\/\\\/regiaonews.net.br\\\/2022\\\/#\\\/schema\\\/logo\\\/image\\\/\"}},{\"@type\":\"Person\",\"@id\":\"https:\\\/\\\/regiaonews.net.br\\\/2022\\\/#\\\/schema\\\/person\\\/2d205a608a5aa97ac279d7a5e6d89ad8\",\"name\":\"Roberto\",\"image\":{\"@type\":\"ImageObject\",\"inLanguage\":\"pt-BR\",\"@id\":\"https:\\\/\\\/secure.gravatar.com\\\/avatar\\\/42749d8b712ff9d59ca93dc150494e5b55a44134482993f5baeb97e61b7ecc89?s=96&d=mm&r=g\",\"url\":\"https:\\\/\\\/secure.gravatar.com\\\/avatar\\\/42749d8b712ff9d59ca93dc150494e5b55a44134482993f5baeb97e61b7ecc89?s=96&d=mm&r=g\",\"contentUrl\":\"https:\\\/\\\/secure.gravatar.com\\\/avatar\\\/42749d8b712ff9d59ca93dc150494e5b55a44134482993f5baeb97e61b7ecc89?s=96&d=mm&r=g\",\"caption\":\"Roberto\"},\"url\":\"https:\\\/\\\/regiaonews.net.br\\\/2022\\\/author\\\/roberto\\\/\"}]}<\/script>\n<!-- \/ Yoast SEO plugin. -->","yoast_head_json":{"title":"Barretos Park Hotel avan\u00e7a na implanta\u00e7\u00e3o do protocolo \u201cN\u00e3o Se Cale\u201d - Regi\u00e3o News","robots":{"index":"index","follow":"follow","max-snippet":"max-snippet:-1","max-image-preview":"max-image-preview:large","max-video-preview":"max-video-preview:-1"},"canonical":"https:\/\/regiaonews.net.br\/2022\/2024\/04\/15\/barretos-park-hotel-avanca-na-implantacao-do-protocolo-nao-se-cale\/","og_locale":"pt_BR","og_type":"article","og_title":"Barretos Park Hotel avan\u00e7a na implanta\u00e7\u00e3o do protocolo \u201cN\u00e3o Se Cale\u201d - Regi\u00e3o News","og_description":"A ades\u00e3o \u00e0 pol\u00edtica p\u00fablica criada pelo governo de S\u00e3o","og_url":"https:\/\/regiaonews.net.br\/2022\/2024\/04\/15\/barretos-park-hotel-avanca-na-implantacao-do-protocolo-nao-se-cale\/","og_site_name":"Regi\u00e3o News","article_published_time":"2024-04-15T21:48:33+00:00","og_image":[{"width":1600,"height":1200,"url":"https:\/\/regiaonews.net.br\/2022\/wp-content\/uploads\/2024\/04\/WhatsApp-Image-2024-04-15-at-18.11.50.jpeg","type":"image\/jpeg"}],"author":"Roberto","twitter_card":"summary_large_image","twitter_misc":{"Escrito por":"Roberto","Est. tempo de leitura":"2 minutos"},"schema":{"@context":"https:\/\/schema.org","@graph":[{"@type":"Article","@id":"https:\/\/regiaonews.net.br\/2022\/2024\/04\/15\/barretos-park-hotel-avanca-na-implantacao-do-protocolo-nao-se-cale\/#article","isPartOf":{"@id":"https:\/\/regiaonews.net.br\/2022\/2024\/04\/15\/barretos-park-hotel-avanca-na-implantacao-do-protocolo-nao-se-cale\/"},"author":{"name":"Roberto","@id":"https:\/\/regiaonews.net.br\/2022\/#\/schema\/person\/2d205a608a5aa97ac279d7a5e6d89ad8"},"headline":"Barretos Park Hotel avan\u00e7a na implanta\u00e7\u00e3o do protocolo \u201cN\u00e3o Se Cale\u201d","datePublished":"2024-04-15T21:48:33+00:00","mainEntityOfPage":{"@id":"https:\/\/regiaonews.net.br\/2022\/2024\/04\/15\/barretos-park-hotel-avanca-na-implantacao-do-protocolo-nao-se-cale\/"},"wordCount":266,"commentCount":0,"publisher":{"@id":"https:\/\/regiaonews.net.br\/2022\/#organization"},"image":{"@id":"https:\/\/regiaonews.net.br\/2022\/2024\/04\/15\/barretos-park-hotel-avanca-na-implantacao-do-protocolo-nao-se-cale\/#primaryimage"},"thumbnailUrl":"https:\/\/regiaonews.net.br\/2022\/wp-content\/uploads\/2024\/04\/WhatsApp-Image-2024-04-15-at-18.11.50.jpeg","articleSection":["Barretos","Cidades"],"inLanguage":"pt-BR","potentialAction":[{"@type":"CommentAction","name":"Comment","target":["https:\/\/regiaonews.net.br\/2022\/2024\/04\/15\/barretos-park-hotel-avanca-na-implantacao-do-protocolo-nao-se-cale\/#respond"]}]},{"@type":"WebPage","@id":"https:\/\/regiaonews.net.br\/2022\/2024\/04\/15\/barretos-park-hotel-avanca-na-implantacao-do-protocolo-nao-se-cale\/","url":"https:\/\/regiaonews.net.br\/2022\/2024\/04\/15\/barretos-park-hotel-avanca-na-implantacao-do-protocolo-nao-se-cale\/","name":"Barretos Park Hotel avan\u00e7a na implanta\u00e7\u00e3o do protocolo \u201cN\u00e3o Se Cale\u201d - Regi\u00e3o News","isPartOf":{"@id":"https:\/\/regiaonews.net.br\/2022\/#website"},"primaryImageOfPage":{"@id":"https:\/\/regiaonews.net.br\/2022\/2024\/04\/15\/barretos-park-hotel-avanca-na-implantacao-do-protocolo-nao-se-cale\/#primaryimage"},"image":{"@id":"https:\/\/regiaonews.net.br\/2022\/2024\/04\/15\/barretos-park-hotel-avanca-na-implantacao-do-protocolo-nao-se-cale\/#primaryimage"},"thumbnailUrl":"https:\/\/regiaonews.net.br\/2022\/wp-content\/uploads\/2024\/04\/WhatsApp-Image-2024-04-15-at-18.11.50.jpeg","datePublished":"2024-04-15T21:48:33+00:00","breadcrumb":{"@id":"https:\/\/regiaonews.net.br\/2022\/2024\/04\/15\/barretos-park-hotel-avanca-na-implantacao-do-protocolo-nao-se-cale\/#breadcrumb"},"inLanguage":"pt-BR","potentialAction":[{"@type":"ReadAction","target":["https:\/\/regiaonews.net.br\/2022\/2024\/04\/15\/barretos-park-hotel-avanca-na-implantacao-do-protocolo-nao-se-cale\/"]}]},{"@type":"ImageObject","inLanguage":"pt-BR","@id":"https:\/\/regiaonews.net.br\/2022\/2024\/04\/15\/barretos-park-hotel-avanca-na-implantacao-do-protocolo-nao-se-cale\/#primaryimage","url":"https:\/\/regiaonews.net.br\/2022\/wp-content\/uploads\/2024\/04\/WhatsApp-Image-2024-04-15-at-18.11.50.jpeg","contentUrl":"https:\/\/regiaonews.net.br\/2022\/wp-content\/uploads\/2024\/04\/WhatsApp-Image-2024-04-15-at-18.11.50.jpeg","width":1600,"height":1200},{"@type":"BreadcrumbList","@id":"https:\/\/regiaonews.net.br\/2022\/2024\/04\/15\/barretos-park-hotel-avanca-na-implantacao-do-protocolo-nao-se-cale\/#breadcrumb","itemListElement":[{"@type":"ListItem","position":1,"name":"In\u00edcio","item":"https:\/\/regiaonews.net.br\/2022\/"},{"@type":"ListItem","position":2,"name":"Barretos Park Hotel avan\u00e7a na implanta\u00e7\u00e3o do protocolo \u201cN\u00e3o Se Cale\u201d"}]},{"@type":"WebSite","@id":"https:\/\/regiaonews.net.br\/2022\/#website","url":"https:\/\/regiaonews.net.br\/2022\/","name":"Regi\u00e3o News","description":"Site de Not\u00edcias de Barretos e regi\u00e3o","publisher":{"@id":"https:\/\/regiaonews.net.br\/2022\/#organization"},"potentialAction":[{"@type":"SearchAction","target":{"@type":"EntryPoint","urlTemplate":"https:\/\/regiaonews.net.br\/2022\/?s={search_term_string}"},"query-input":{"@type":"PropertyValueSpecification","valueRequired":true,"valueName":"search_term_string"}}],"inLanguage":"pt-BR"},{"@type":"Organization","@id":"https:\/\/regiaonews.net.br\/2022\/#organization","name":"Regi\u00e3o News","url":"https:\/\/regiaonews.net.br\/2022\/","logo":{"@type":"ImageObject","inLanguage":"pt-BR","@id":"https:\/\/regiaonews.net.br\/2022\/#\/schema\/logo\/image\/","url":"https:\/\/regiaonews.net.br\/2022\/wp-content\/uploads\/2026\/03\/regiao-13-anos-scaled.jpg","contentUrl":"https:\/\/regiaonews.net.br\/2022\/wp-content\/uploads\/2026\/03\/regiao-13-anos-scaled.jpg","width":2560,"height":635,"caption":"Regi\u00e3o News"},"image":{"@id":"https:\/\/regiaonews.net.br\/2022\/#\/schema\/logo\/image\/"}},{"@type":"Person","@id":"https:\/\/regiaonews.net.br\/2022\/#\/schema\/person\/2d205a608a5aa97ac279d7a5e6d89ad8","name":"Roberto","image":{"@type":"ImageObject","inLanguage":"pt-BR","@id":"https:\/\/secure.gravatar.com\/avatar\/42749d8b712ff9d59ca93dc150494e5b55a44134482993f5baeb97e61b7ecc89?s=96&d=mm&r=g","url":"https:\/\/secure.gravatar.com\/avatar\/42749d8b712ff9d59ca93dc150494e5b55a44134482993f5baeb97e61b7ecc89?s=96&d=mm&r=g","contentUrl":"https:\/\/secure.gravatar.com\/avatar\/42749d8b712ff9d59ca93dc150494e5b55a44134482993f5baeb97e61b7ecc89?s=96&d=mm&r=g","caption":"Roberto"},"url":"https:\/\/regiaonews.net.br\/2022\/author\/roberto\/"}]}},"publishpress_future_action":{"enabled":false,"date":"2026-05-03 10:53:02","action":"change-status","newStatus":"draft","terms":[],"taxonomy":"category","extraData":[]},"publishpress_future_workflow_manual_trigger":{"enabledWorkflows":[]},"_links":{"self":[{"href":"https:\/\/regiaonews.net.br\/2022\/wp-json\/wp\/v2\/posts\/103699","targetHints":{"allow":["GET"]}}],"collection":[{"href":"https:\/\/regiaonews.net.br\/2022\/wp-json\/wp\/v2\/posts"}],"about":[{"href":"https:\/\/regiaonews.net.br\/2022\/wp-json\/wp\/v2\/types\/post"}],"author":[{"embeddable":true,"href":"https:\/\/regiaonews.net.br\/2022\/wp-json\/wp\/v2\/users\/2"}],"replies":[{"embeddable":true,"href":"https:\/\/regiaonews.net.br\/2022\/wp-json\/wp\/v2\/comments?post=103699"}],"version-history":[{"count":1,"href":"https:\/\/regiaonews.net.br\/2022\/wp-json\/wp\/v2\/posts\/103699\/revisions"}],"predecessor-version":[{"id":103701,"href":"https:\/\/regiaonews.net.br\/2022\/wp-json\/wp\/v2\/posts\/103699\/revisions\/103701"}],"wp:featuredmedia":[{"embeddable":true,"href":"https:\/\/regiaonews.net.br\/2022\/wp-json\/wp\/v2\/media\/103700"}],"wp:attachment":[{"href":"https:\/\/regiaonews.net.br\/2022\/wp-json\/wp\/v2\/media?parent=103699"}],"wp:term":[{"taxonomy":"category","embeddable":true,"href":"https:\/\/regiaonews.net.br\/2022\/wp-json\/wp\/v2\/categories?post=103699"},{"taxonomy":"post_tag","embeddable":true,"href":"https:\/\/regiaonews.net.br\/2022\/wp-json\/wp\/v2\/tags?post=103699"}],"curies":[{"name":"wp","href":"https:\/\/api.w.org\/{rel}","templated":true}]}}