{"id":103693,"date":"2024-04-15T18:44:28","date_gmt":"2024-04-15T21:44:28","guid":{"rendered":"https:\/\/regiaonews.net.br\/2022\/?p=103693"},"modified":"2024-04-15T18:44:28","modified_gmt":"2024-04-15T21:44:28","slug":"equipes-barretenses-conquistam-10-medalhas-na-5a-etapa-do-campeonato-paulista-de-karate-2024","status":"publish","type":"post","link":"https:\/\/regiaonews.net.br\/2022\/2024\/04\/15\/equipes-barretenses-conquistam-10-medalhas-na-5a-etapa-do-campeonato-paulista-de-karate-2024\/","title":{"rendered":"Equipes barretenses conquistam 10 medalhas na 5\u00aa Etapa do Campeonato Paulista de Karat\u00ea 2024"},"content":{"rendered":"<p>Evento esportivo ocorreu nos dias 13 e 14 de abril, na cidade de S\u00e3o Jos\u00e9 do Rio Preto, reunindo mais de 1.600 atletas<\/p>\n<p>Os atletas barretenses que competiram na 5\u00aa Etapa do Campeonato Paulista de Karat\u00ea 2024 neste final de semana trouxeram 10 medalhas para a cidade. Realizado em S\u00e3o Jos\u00e9 do Rio Preto, o evento esportivo teve mais de 1.600 inscri\u00e7\u00f5es e mais de 60 munic\u00edpios participantes, de acordo com a Federa\u00e7\u00e3o Paulista de Karat\u00ea.<br \/>\nNo s\u00e1bado, 13 de abril, a equipe do Projeto Karat\u00ea \u201cCombatendo o bom combate\u201d, treinada pelo educador f\u00edsico e Sensei Vitor Rodrigues, conquistou uma medalha de ouro, tr\u00eas de prata e tr\u00eas de bronze. Shihan Silvio, coordenador do projeto, agradeceu a atual gest\u00e3o pela parceria. \u201cDesde j\u00e1 agradecemos a Prefeitura pela oportunidade de oferecer a modalidade para os barretenses da terceira idade, que competiram nesse evento, na modalidade Kata, al\u00e9m das crian\u00e7as\u201d, disse. O Projeto Karat\u00ea \u00e9 realizado por meio de parceria entre a Prefeitura de Barretos e Associa\u00e7\u00e3o Impacto.<br \/>\nJ\u00e1 a equipe da Secretaria Municipal de Esportes e Lazer representou a cidade com seis atletas. Os karatecas conquistaram tr\u00eas medalhas, sendo uma de ouro, uma de prata e uma de bronze, al\u00e9m de duas quintas coloca\u00e7\u00f5es e um s\u00e9timo lugar. \u201cOs seis est\u00e3o classificados para as finais do Estadual. Agrade\u00e7o todo apoio da Secretaria de Esportes e da Prefeitura\u201d, disse o professor e t\u00e9cnico da SMEL, F\u00e1bio Beirigo.<\/p>\n<p>Resultados Projeto Karat\u00ea (todos os atletas classificados para as finais):<br \/>\nEQUIPE MASTER<br \/>\nEdvaldo Goncalves: Prata<br \/>\nMarcio Minozzo: Ouro<br \/>\nNora Rosa L. Rodrigues: Bronze<br \/>\nTais Minozzo: Prata<br \/>\nCATEGORIA INFANTIL<br \/>\nFelipe Sienna: Bronze<br \/>\nHenrique Silva, 8 anos, 5\u00b0 lugar<br \/>\nCATEGORIA J\u00daNIOR<br \/>\nOlivia Gon\u00e7alves: Bronze<br \/>\nCategoria Sub 21<br \/>\nSara Gomes: Prata<\/p>\n<p>Resultados Equipe SMEL: (todos os atletas classificados para as finais):<br \/>\nKumite sub 12 \u2013 Adriana Romeiro: Ouro<br \/>\nKumite sub 21 (at\u00e9 75 kg) \u2013 Jo\u00e3o Guilherme Neto: Prata<br \/>\nKumite sub 21 (at\u00e9 84 kg) \u2013 Eduardo Ara\u00fajo: Bronze<br \/>\nS\u00eanior (faixa preta at\u00e9 84 kg) \u2013 C\u00edcero Rodrigues: 5\u00b0 Lugar<br \/>\nKumite J\u00fanior (at\u00e9 53 kg) \u2013 Maria Eduarda Lemos: 5\u00b0 Lugar<br \/>\nKata J\u00fanior \u2013 Izabela Gomes: 7\u00b0 lugar<\/p>\n","protected":false},"excerpt":{"rendered":"<p>Evento esportivo ocorreu nos dias 13 e 14 de abril,<\/p>\n","protected":false},"author":2,"featured_media":103694,"comment_status":"open","ping_status":"open","sticky":false,"template":"","format":"standard","meta":{"footnotes":""},"categories":[14,21],"tags":[],"class_list":["post-103693","post","type-post","status-publish","format-standard","has-post-thumbnail","hentry","category-barretos","category-esporte"],"yoast_head":"<!-- This site is optimized with the Yoast SEO plugin v27.4 - https:\/\/yoast.com\/product\/yoast-seo-wordpress\/ -->\n<title>Equipes barretenses conquistam 10 medalhas na 5\u00aa Etapa do Campeonato Paulista de Karat\u00ea 2024 - Regi\u00e3o News<\/title>\n<meta name=\"robots\" content=\"index, follow, max-snippet:-1, max-image-preview:large, max-video-preview:-1\" \/>\n<link rel=\"canonical\" href=\"https:\/\/regiaonews.net.br\/2022\/2024\/04\/15\/equipes-barretenses-conquistam-10-medalhas-na-5a-etapa-do-campeonato-paulista-de-karate-2024\/\" \/>\n<meta property=\"og:locale\" content=\"pt_BR\" \/>\n<meta property=\"og:type\" content=\"article\" \/>\n<meta property=\"og:title\" content=\"Equipes barretenses conquistam 10 medalhas na 5\u00aa Etapa do Campeonato Paulista de Karat\u00ea 2024 - Regi\u00e3o News\" \/>\n<meta property=\"og:description\" content=\"Evento esportivo ocorreu nos dias 13 e 14 de abril,\" \/>\n<meta property=\"og:url\" content=\"https:\/\/regiaonews.net.br\/2022\/2024\/04\/15\/equipes-barretenses-conquistam-10-medalhas-na-5a-etapa-do-campeonato-paulista-de-karate-2024\/\" \/>\n<meta property=\"og:site_name\" content=\"Regi\u00e3o News\" \/>\n<meta property=\"article:published_time\" content=\"2024-04-15T21:44:28+00:00\" \/>\n<meta property=\"og:image\" content=\"https:\/\/regiaonews.net.br\/2022\/wp-content\/uploads\/2024\/04\/WhatsApp-Image-2024-04-15-at-18.25.29.jpeg\" \/>\n\t<meta property=\"og:image:width\" content=\"1599\" \/>\n\t<meta property=\"og:image:height\" content=\"899\" \/>\n\t<meta property=\"og:image:type\" content=\"image\/jpeg\" \/>\n<meta name=\"author\" content=\"Roberto\" \/>\n<meta name=\"twitter:card\" content=\"summary_large_image\" \/>\n<meta name=\"twitter:label1\" content=\"Escrito por\" \/>\n\t<meta name=\"twitter:data1\" content=\"Roberto\" \/>\n\t<meta name=\"twitter:label2\" content=\"Est. tempo de leitura\" \/>\n\t<meta name=\"twitter:data2\" content=\"3 minutos\" \/>\n<script type=\"application\/ld+json\" class=\"yoast-schema-graph\">{\"@context\":\"https:\\\/\\\/schema.org\",\"@graph\":[{\"@type\":\"Article\",\"@id\":\"https:\\\/\\\/regiaonews.net.br\\\/2022\\\/2024\\\/04\\\/15\\\/equipes-barretenses-conquistam-10-medalhas-na-5a-etapa-do-campeonato-paulista-de-karate-2024\\\/#article\",\"isPartOf\":{\"@id\":\"https:\\\/\\\/regiaonews.net.br\\\/2022\\\/2024\\\/04\\\/15\\\/equipes-barretenses-conquistam-10-medalhas-na-5a-etapa-do-campeonato-paulista-de-karate-2024\\\/\"},\"author\":{\"name\":\"Roberto\",\"@id\":\"https:\\\/\\\/regiaonews.net.br\\\/2022\\\/#\\\/schema\\\/person\\\/2d205a608a5aa97ac279d7a5e6d89ad8\"},\"headline\":\"Equipes barretenses conquistam 10 medalhas na 5\u00aa Etapa do Campeonato Paulista de Karat\u00ea 2024\",\"datePublished\":\"2024-04-15T21:44:28+00:00\",\"mainEntityOfPage\":{\"@id\":\"https:\\\/\\\/regiaonews.net.br\\\/2022\\\/2024\\\/04\\\/15\\\/equipes-barretenses-conquistam-10-medalhas-na-5a-etapa-do-campeonato-paulista-de-karate-2024\\\/\"},\"wordCount\":361,\"commentCount\":0,\"publisher\":{\"@id\":\"https:\\\/\\\/regiaonews.net.br\\\/2022\\\/#organization\"},\"image\":{\"@id\":\"https:\\\/\\\/regiaonews.net.br\\\/2022\\\/2024\\\/04\\\/15\\\/equipes-barretenses-conquistam-10-medalhas-na-5a-etapa-do-campeonato-paulista-de-karate-2024\\\/#primaryimage\"},\"thumbnailUrl\":\"https:\\\/\\\/regiaonews.net.br\\\/2022\\\/wp-content\\\/uploads\\\/2024\\\/04\\\/WhatsApp-Image-2024-04-15-at-18.25.29.jpeg\",\"articleSection\":[\"Barretos\",\"Esporte\"],\"inLanguage\":\"pt-BR\",\"potentialAction\":[{\"@type\":\"CommentAction\",\"name\":\"Comment\",\"target\":[\"https:\\\/\\\/regiaonews.net.br\\\/2022\\\/2024\\\/04\\\/15\\\/equipes-barretenses-conquistam-10-medalhas-na-5a-etapa-do-campeonato-paulista-de-karate-2024\\\/#respond\"]}]},{\"@type\":\"WebPage\",\"@id\":\"https:\\\/\\\/regiaonews.net.br\\\/2022\\\/2024\\\/04\\\/15\\\/equipes-barretenses-conquistam-10-medalhas-na-5a-etapa-do-campeonato-paulista-de-karate-2024\\\/\",\"url\":\"https:\\\/\\\/regiaonews.net.br\\\/2022\\\/2024\\\/04\\\/15\\\/equipes-barretenses-conquistam-10-medalhas-na-5a-etapa-do-campeonato-paulista-de-karate-2024\\\/\",\"name\":\"Equipes barretenses conquistam 10 medalhas na 5\u00aa Etapa do Campeonato Paulista de Karat\u00ea 2024 - Regi\u00e3o News\",\"isPartOf\":{\"@id\":\"https:\\\/\\\/regiaonews.net.br\\\/2022\\\/#website\"},\"primaryImageOfPage\":{\"@id\":\"https:\\\/\\\/regiaonews.net.br\\\/2022\\\/2024\\\/04\\\/15\\\/equipes-barretenses-conquistam-10-medalhas-na-5a-etapa-do-campeonato-paulista-de-karate-2024\\\/#primaryimage\"},\"image\":{\"@id\":\"https:\\\/\\\/regiaonews.net.br\\\/2022\\\/2024\\\/04\\\/15\\\/equipes-barretenses-conquistam-10-medalhas-na-5a-etapa-do-campeonato-paulista-de-karate-2024\\\/#primaryimage\"},\"thumbnailUrl\":\"https:\\\/\\\/regiaonews.net.br\\\/2022\\\/wp-content\\\/uploads\\\/2024\\\/04\\\/WhatsApp-Image-2024-04-15-at-18.25.29.jpeg\",\"datePublished\":\"2024-04-15T21:44:28+00:00\",\"breadcrumb\":{\"@id\":\"https:\\\/\\\/regiaonews.net.br\\\/2022\\\/2024\\\/04\\\/15\\\/equipes-barretenses-conquistam-10-medalhas-na-5a-etapa-do-campeonato-paulista-de-karate-2024\\\/#breadcrumb\"},\"inLanguage\":\"pt-BR\",\"potentialAction\":[{\"@type\":\"ReadAction\",\"target\":[\"https:\\\/\\\/regiaonews.net.br\\\/2022\\\/2024\\\/04\\\/15\\\/equipes-barretenses-conquistam-10-medalhas-na-5a-etapa-do-campeonato-paulista-de-karate-2024\\\/\"]}]},{\"@type\":\"ImageObject\",\"inLanguage\":\"pt-BR\",\"@id\":\"https:\\\/\\\/regiaonews.net.br\\\/2022\\\/2024\\\/04\\\/15\\\/equipes-barretenses-conquistam-10-medalhas-na-5a-etapa-do-campeonato-paulista-de-karate-2024\\\/#primaryimage\",\"url\":\"https:\\\/\\\/regiaonews.net.br\\\/2022\\\/wp-content\\\/uploads\\\/2024\\\/04\\\/WhatsApp-Image-2024-04-15-at-18.25.29.jpeg\",\"contentUrl\":\"https:\\\/\\\/regiaonews.net.br\\\/2022\\\/wp-content\\\/uploads\\\/2024\\\/04\\\/WhatsApp-Image-2024-04-15-at-18.25.29.jpeg\",\"width\":1599,\"height\":899},{\"@type\":\"BreadcrumbList\",\"@id\":\"https:\\\/\\\/regiaonews.net.br\\\/2022\\\/2024\\\/04\\\/15\\\/equipes-barretenses-conquistam-10-medalhas-na-5a-etapa-do-campeonato-paulista-de-karate-2024\\\/#breadcrumb\",\"itemListElement\":[{\"@type\":\"ListItem\",\"position\":1,\"name\":\"In\u00edcio\",\"item\":\"https:\\\/\\\/regiaonews.net.br\\\/2022\\\/\"},{\"@type\":\"ListItem\",\"position\":2,\"name\":\"Equipes barretenses conquistam 10 medalhas na 5\u00aa Etapa do Campeonato Paulista de Karat\u00ea 2024\"}]},{\"@type\":\"WebSite\",\"@id\":\"https:\\\/\\\/regiaonews.net.br\\\/2022\\\/#website\",\"url\":\"https:\\\/\\\/regiaonews.net.br\\\/2022\\\/\",\"name\":\"Regi\u00e3o News\",\"description\":\"Site de Not\u00edcias de Barretos e regi\u00e3o\",\"publisher\":{\"@id\":\"https:\\\/\\\/regiaonews.net.br\\\/2022\\\/#organization\"},\"potentialAction\":[{\"@type\":\"SearchAction\",\"target\":{\"@type\":\"EntryPoint\",\"urlTemplate\":\"https:\\\/\\\/regiaonews.net.br\\\/2022\\\/?s={search_term_string}\"},\"query-input\":{\"@type\":\"PropertyValueSpecification\",\"valueRequired\":true,\"valueName\":\"search_term_string\"}}],\"inLanguage\":\"pt-BR\"},{\"@type\":\"Organization\",\"@id\":\"https:\\\/\\\/regiaonews.net.br\\\/2022\\\/#organization\",\"name\":\"Regi\u00e3o News\",\"url\":\"https:\\\/\\\/regiaonews.net.br\\\/2022\\\/\",\"logo\":{\"@type\":\"ImageObject\",\"inLanguage\":\"pt-BR\",\"@id\":\"https:\\\/\\\/regiaonews.net.br\\\/2022\\\/#\\\/schema\\\/logo\\\/image\\\/\",\"url\":\"https:\\\/\\\/regiaonews.net.br\\\/2022\\\/wp-content\\\/uploads\\\/2026\\\/03\\\/regiao-13-anos-scaled.jpg\",\"contentUrl\":\"https:\\\/\\\/regiaonews.net.br\\\/2022\\\/wp-content\\\/uploads\\\/2026\\\/03\\\/regiao-13-anos-scaled.jpg\",\"width\":2560,\"height\":635,\"caption\":\"Regi\u00e3o News\"},\"image\":{\"@id\":\"https:\\\/\\\/regiaonews.net.br\\\/2022\\\/#\\\/schema\\\/logo\\\/image\\\/\"}},{\"@type\":\"Person\",\"@id\":\"https:\\\/\\\/regiaonews.net.br\\\/2022\\\/#\\\/schema\\\/person\\\/2d205a608a5aa97ac279d7a5e6d89ad8\",\"name\":\"Roberto\",\"image\":{\"@type\":\"ImageObject\",\"inLanguage\":\"pt-BR\",\"@id\":\"https:\\\/\\\/secure.gravatar.com\\\/avatar\\\/42749d8b712ff9d59ca93dc150494e5b55a44134482993f5baeb97e61b7ecc89?s=96&d=mm&r=g\",\"url\":\"https:\\\/\\\/secure.gravatar.com\\\/avatar\\\/42749d8b712ff9d59ca93dc150494e5b55a44134482993f5baeb97e61b7ecc89?s=96&d=mm&r=g\",\"contentUrl\":\"https:\\\/\\\/secure.gravatar.com\\\/avatar\\\/42749d8b712ff9d59ca93dc150494e5b55a44134482993f5baeb97e61b7ecc89?s=96&d=mm&r=g\",\"caption\":\"Roberto\"},\"url\":\"https:\\\/\\\/regiaonews.net.br\\\/2022\\\/author\\\/roberto\\\/\"}]}<\/script>\n<!-- \/ Yoast SEO plugin. -->","yoast_head_json":{"title":"Equipes barretenses conquistam 10 medalhas na 5\u00aa Etapa do Campeonato Paulista de Karat\u00ea 2024 - Regi\u00e3o News","robots":{"index":"index","follow":"follow","max-snippet":"max-snippet:-1","max-image-preview":"max-image-preview:large","max-video-preview":"max-video-preview:-1"},"canonical":"https:\/\/regiaonews.net.br\/2022\/2024\/04\/15\/equipes-barretenses-conquistam-10-medalhas-na-5a-etapa-do-campeonato-paulista-de-karate-2024\/","og_locale":"pt_BR","og_type":"article","og_title":"Equipes barretenses conquistam 10 medalhas na 5\u00aa Etapa do Campeonato Paulista de Karat\u00ea 2024 - Regi\u00e3o News","og_description":"Evento esportivo ocorreu nos dias 13 e 14 de abril,","og_url":"https:\/\/regiaonews.net.br\/2022\/2024\/04\/15\/equipes-barretenses-conquistam-10-medalhas-na-5a-etapa-do-campeonato-paulista-de-karate-2024\/","og_site_name":"Regi\u00e3o News","article_published_time":"2024-04-15T21:44:28+00:00","og_image":[{"width":1599,"height":899,"url":"https:\/\/regiaonews.net.br\/2022\/wp-content\/uploads\/2024\/04\/WhatsApp-Image-2024-04-15-at-18.25.29.jpeg","type":"image\/jpeg"}],"author":"Roberto","twitter_card":"summary_large_image","twitter_misc":{"Escrito por":"Roberto","Est. tempo de leitura":"3 minutos"},"schema":{"@context":"https:\/\/schema.org","@graph":[{"@type":"Article","@id":"https:\/\/regiaonews.net.br\/2022\/2024\/04\/15\/equipes-barretenses-conquistam-10-medalhas-na-5a-etapa-do-campeonato-paulista-de-karate-2024\/#article","isPartOf":{"@id":"https:\/\/regiaonews.net.br\/2022\/2024\/04\/15\/equipes-barretenses-conquistam-10-medalhas-na-5a-etapa-do-campeonato-paulista-de-karate-2024\/"},"author":{"name":"Roberto","@id":"https:\/\/regiaonews.net.br\/2022\/#\/schema\/person\/2d205a608a5aa97ac279d7a5e6d89ad8"},"headline":"Equipes barretenses conquistam 10 medalhas na 5\u00aa Etapa do Campeonato Paulista de Karat\u00ea 2024","datePublished":"2024-04-15T21:44:28+00:00","mainEntityOfPage":{"@id":"https:\/\/regiaonews.net.br\/2022\/2024\/04\/15\/equipes-barretenses-conquistam-10-medalhas-na-5a-etapa-do-campeonato-paulista-de-karate-2024\/"},"wordCount":361,"commentCount":0,"publisher":{"@id":"https:\/\/regiaonews.net.br\/2022\/#organization"},"image":{"@id":"https:\/\/regiaonews.net.br\/2022\/2024\/04\/15\/equipes-barretenses-conquistam-10-medalhas-na-5a-etapa-do-campeonato-paulista-de-karate-2024\/#primaryimage"},"thumbnailUrl":"https:\/\/regiaonews.net.br\/2022\/wp-content\/uploads\/2024\/04\/WhatsApp-Image-2024-04-15-at-18.25.29.jpeg","articleSection":["Barretos","Esporte"],"inLanguage":"pt-BR","potentialAction":[{"@type":"CommentAction","name":"Comment","target":["https:\/\/regiaonews.net.br\/2022\/2024\/04\/15\/equipes-barretenses-conquistam-10-medalhas-na-5a-etapa-do-campeonato-paulista-de-karate-2024\/#respond"]}]},{"@type":"WebPage","@id":"https:\/\/regiaonews.net.br\/2022\/2024\/04\/15\/equipes-barretenses-conquistam-10-medalhas-na-5a-etapa-do-campeonato-paulista-de-karate-2024\/","url":"https:\/\/regiaonews.net.br\/2022\/2024\/04\/15\/equipes-barretenses-conquistam-10-medalhas-na-5a-etapa-do-campeonato-paulista-de-karate-2024\/","name":"Equipes barretenses conquistam 10 medalhas na 5\u00aa Etapa do Campeonato Paulista de Karat\u00ea 2024 - Regi\u00e3o News","isPartOf":{"@id":"https:\/\/regiaonews.net.br\/2022\/#website"},"primaryImageOfPage":{"@id":"https:\/\/regiaonews.net.br\/2022\/2024\/04\/15\/equipes-barretenses-conquistam-10-medalhas-na-5a-etapa-do-campeonato-paulista-de-karate-2024\/#primaryimage"},"image":{"@id":"https:\/\/regiaonews.net.br\/2022\/2024\/04\/15\/equipes-barretenses-conquistam-10-medalhas-na-5a-etapa-do-campeonato-paulista-de-karate-2024\/#primaryimage"},"thumbnailUrl":"https:\/\/regiaonews.net.br\/2022\/wp-content\/uploads\/2024\/04\/WhatsApp-Image-2024-04-15-at-18.25.29.jpeg","datePublished":"2024-04-15T21:44:28+00:00","breadcrumb":{"@id":"https:\/\/regiaonews.net.br\/2022\/2024\/04\/15\/equipes-barretenses-conquistam-10-medalhas-na-5a-etapa-do-campeonato-paulista-de-karate-2024\/#breadcrumb"},"inLanguage":"pt-BR","potentialAction":[{"@type":"ReadAction","target":["https:\/\/regiaonews.net.br\/2022\/2024\/04\/15\/equipes-barretenses-conquistam-10-medalhas-na-5a-etapa-do-campeonato-paulista-de-karate-2024\/"]}]},{"@type":"ImageObject","inLanguage":"pt-BR","@id":"https:\/\/regiaonews.net.br\/2022\/2024\/04\/15\/equipes-barretenses-conquistam-10-medalhas-na-5a-etapa-do-campeonato-paulista-de-karate-2024\/#primaryimage","url":"https:\/\/regiaonews.net.br\/2022\/wp-content\/uploads\/2024\/04\/WhatsApp-Image-2024-04-15-at-18.25.29.jpeg","contentUrl":"https:\/\/regiaonews.net.br\/2022\/wp-content\/uploads\/2024\/04\/WhatsApp-Image-2024-04-15-at-18.25.29.jpeg","width":1599,"height":899},{"@type":"BreadcrumbList","@id":"https:\/\/regiaonews.net.br\/2022\/2024\/04\/15\/equipes-barretenses-conquistam-10-medalhas-na-5a-etapa-do-campeonato-paulista-de-karate-2024\/#breadcrumb","itemListElement":[{"@type":"ListItem","position":1,"name":"In\u00edcio","item":"https:\/\/regiaonews.net.br\/2022\/"},{"@type":"ListItem","position":2,"name":"Equipes barretenses conquistam 10 medalhas na 5\u00aa Etapa do Campeonato Paulista de Karat\u00ea 2024"}]},{"@type":"WebSite","@id":"https:\/\/regiaonews.net.br\/2022\/#website","url":"https:\/\/regiaonews.net.br\/2022\/","name":"Regi\u00e3o News","description":"Site de Not\u00edcias de Barretos e regi\u00e3o","publisher":{"@id":"https:\/\/regiaonews.net.br\/2022\/#organization"},"potentialAction":[{"@type":"SearchAction","target":{"@type":"EntryPoint","urlTemplate":"https:\/\/regiaonews.net.br\/2022\/?s={search_term_string}"},"query-input":{"@type":"PropertyValueSpecification","valueRequired":true,"valueName":"search_term_string"}}],"inLanguage":"pt-BR"},{"@type":"Organization","@id":"https:\/\/regiaonews.net.br\/2022\/#organization","name":"Regi\u00e3o News","url":"https:\/\/regiaonews.net.br\/2022\/","logo":{"@type":"ImageObject","inLanguage":"pt-BR","@id":"https:\/\/regiaonews.net.br\/2022\/#\/schema\/logo\/image\/","url":"https:\/\/regiaonews.net.br\/2022\/wp-content\/uploads\/2026\/03\/regiao-13-anos-scaled.jpg","contentUrl":"https:\/\/regiaonews.net.br\/2022\/wp-content\/uploads\/2026\/03\/regiao-13-anos-scaled.jpg","width":2560,"height":635,"caption":"Regi\u00e3o News"},"image":{"@id":"https:\/\/regiaonews.net.br\/2022\/#\/schema\/logo\/image\/"}},{"@type":"Person","@id":"https:\/\/regiaonews.net.br\/2022\/#\/schema\/person\/2d205a608a5aa97ac279d7a5e6d89ad8","name":"Roberto","image":{"@type":"ImageObject","inLanguage":"pt-BR","@id":"https:\/\/secure.gravatar.com\/avatar\/42749d8b712ff9d59ca93dc150494e5b55a44134482993f5baeb97e61b7ecc89?s=96&d=mm&r=g","url":"https:\/\/secure.gravatar.com\/avatar\/42749d8b712ff9d59ca93dc150494e5b55a44134482993f5baeb97e61b7ecc89?s=96&d=mm&r=g","contentUrl":"https:\/\/secure.gravatar.com\/avatar\/42749d8b712ff9d59ca93dc150494e5b55a44134482993f5baeb97e61b7ecc89?s=96&d=mm&r=g","caption":"Roberto"},"url":"https:\/\/regiaonews.net.br\/2022\/author\/roberto\/"}]}},"publishpress_future_action":{"enabled":false,"date":"2026-05-03 07:42:04","action":"change-status","newStatus":"draft","terms":[],"taxonomy":"category","extraData":[]},"publishpress_future_workflow_manual_trigger":{"enabledWorkflows":[]},"_links":{"self":[{"href":"https:\/\/regiaonews.net.br\/2022\/wp-json\/wp\/v2\/posts\/103693","targetHints":{"allow":["GET"]}}],"collection":[{"href":"https:\/\/regiaonews.net.br\/2022\/wp-json\/wp\/v2\/posts"}],"about":[{"href":"https:\/\/regiaonews.net.br\/2022\/wp-json\/wp\/v2\/types\/post"}],"author":[{"embeddable":true,"href":"https:\/\/regiaonews.net.br\/2022\/wp-json\/wp\/v2\/users\/2"}],"replies":[{"embeddable":true,"href":"https:\/\/regiaonews.net.br\/2022\/wp-json\/wp\/v2\/comments?post=103693"}],"version-history":[{"count":1,"href":"https:\/\/regiaonews.net.br\/2022\/wp-json\/wp\/v2\/posts\/103693\/revisions"}],"predecessor-version":[{"id":103695,"href":"https:\/\/regiaonews.net.br\/2022\/wp-json\/wp\/v2\/posts\/103693\/revisions\/103695"}],"wp:featuredmedia":[{"embeddable":true,"href":"https:\/\/regiaonews.net.br\/2022\/wp-json\/wp\/v2\/media\/103694"}],"wp:attachment":[{"href":"https:\/\/regiaonews.net.br\/2022\/wp-json\/wp\/v2\/media?parent=103693"}],"wp:term":[{"taxonomy":"category","embeddable":true,"href":"https:\/\/regiaonews.net.br\/2022\/wp-json\/wp\/v2\/categories?post=103693"},{"taxonomy":"post_tag","embeddable":true,"href":"https:\/\/regiaonews.net.br\/2022\/wp-json\/wp\/v2\/tags?post=103693"}],"curies":[{"name":"wp","href":"https:\/\/api.w.org\/{rel}","templated":true}]}}