{"id":103646,"date":"2024-04-14T13:38:24","date_gmt":"2024-04-14T16:38:24","guid":{"rendered":"https:\/\/regiaonews.net.br\/2022\/?p=103646"},"modified":"2024-04-14T13:38:24","modified_gmt":"2024-04-14T16:38:24","slug":"velo-clube-e-campeao-da-serie-a2","status":"publish","type":"post","link":"https:\/\/regiaonews.net.br\/2022\/2024\/04\/14\/velo-clube-e-campeao-da-serie-a2\/","title":{"rendered":"Velo Clube \u00e9 campe\u00e3o da S\u00e9rie A2"},"content":{"rendered":"<header>\n<div class=\"wrapper\"><\/div>\n<\/header>\n<section class=\"main\">\n<div class=\"interna pag-noticias-int\">\n<div class=\"wrapper\">\n<div class=\"row col-equal-h clear\">\n<div class=\"post col-md-9 col-sm-12\">O Velo Clube levanta a ta\u00e7a de campe\u00e3o do Paulist\u00e3o A2 Sicredi. Neste s\u00e1bado (13), no Benit\u00e3o, no segundo jogo da final, o time de Rio Claro ficou no empate por 1 a 1 diante do Noroeste. Como havia vencido o jogo da ida, em Bauru, por 1 a 0, o Velo Clube ficou com o t\u00edtulo devido ao placar agregado de 2 a 1.<\/p>\n<p>O primeiro t\u00edtulo do Velo Clube foi em 1925, quando conquistou o Campeonato do Interior, equivalente a A2 atualmente. O primeiro t\u00edtulo da equipe da competi\u00e7\u00e3o desde a Lei do Acesso coroa uma segunda fase espetacular da equipe de Rio Claro. Ap\u00f3s terminar a primeira fase em s\u00e9timo, se classificando na \u00faltima rodada, o Velo Clube eliminou o favorito S\u00e3o Jos\u00e9 nas quartas e derrotou o Juventus nas semifinais.<\/p>\n<p>FICHA T\u00c9CNICA<\/p>\n<p>VELO CLUBE 1 X 1 NOROESTE<\/p>\n<p><strong>VELO CLUBE<\/strong>\u00a0&#8211; Gabriel F\u00e9lix; J\u00falio Vaz, Gabriel Mancha (Miguel Alc\u00e2ntara), Lucas Cezane e L\u00e9o Campos; Norton, Mizael (Samoel Pizzi), Martineli e Felipinho; Lucas Duni (Guilherme Garr\u00e9) e Caio Mancha (Mayco F\u00e9lix). T\u00e9cnico: Guilherme Alves.<\/p>\n<p><strong>NOROESTE<\/strong>\u00a0&#8211; Reynaldo; Balardin, Luiz\u00e3o (Lucas Douglas) e Maycon; PH, Diego Maia, Jonatas Paulista (Denner), Matheus Blade (Bala) e Rodolfo (Pereira); Carl\u00e3o e Pedro Felipe (Isael). T\u00e9cnico: Mois\u00e9s Egert.<\/p>\n<p>GOLS &#8211; J\u00falio Vaz, 1&#8242;; Isael, 59&#8242;.<\/p>\n<p>\u00c1RBITRO &#8211; Jo\u00e3o Vitor Gobi (SP).<\/p>\n<p>CART\u00d5ES AMARELOS &#8211;\u00a0Lucas Cezane, Martinelli, Caio Mancha e Mizael (Velo Clube);\u00a0Blade, Lucas Douglas e Rodolfo (Noroeste).<\/p>\n<p>CART\u00c3O VERMELHO &#8211; Isael\u00a0(Noroeste).<\/p>\n<p>P\u00daBLICO &#8211;\u00a05.391 pagantes.<\/p>\n<p>RENDA &#8211; R$ 174.180,00<\/p>\n<p>LOCAL &#8211; Est\u00e1dio Benit\u00e3o, em Rio Claro (SP)<\/p><\/div>\n<\/div>\n<\/div>\n<\/div>\n<\/section>\n","protected":false},"excerpt":{"rendered":"<p>O Velo Clube levanta a ta\u00e7a de campe\u00e3o do Paulist\u00e3o<\/p>\n","protected":false},"author":2,"featured_media":103647,"comment_status":"open","ping_status":"open","sticky":false,"template":"","format":"standard","meta":{"footnotes":""},"categories":[183,21],"tags":[],"class_list":["post-103646","post","type-post","status-publish","format-standard","has-post-thumbnail","hentry","category-campeonato-paulista","category-esporte"],"yoast_head":"<!-- This site is optimized with the Yoast SEO plugin v27.4 - https:\/\/yoast.com\/product\/yoast-seo-wordpress\/ -->\n<title>Velo Clube \u00e9 campe\u00e3o da S\u00e9rie A2 - Regi\u00e3o News<\/title>\n<meta name=\"robots\" content=\"index, follow, max-snippet:-1, max-image-preview:large, max-video-preview:-1\" \/>\n<link rel=\"canonical\" href=\"https:\/\/regiaonews.net.br\/2022\/2024\/04\/14\/velo-clube-e-campeao-da-serie-a2\/\" \/>\n<meta property=\"og:locale\" content=\"pt_BR\" \/>\n<meta property=\"og:type\" content=\"article\" \/>\n<meta property=\"og:title\" content=\"Velo Clube \u00e9 campe\u00e3o da S\u00e9rie A2 - Regi\u00e3o News\" \/>\n<meta property=\"og:description\" content=\"O Velo Clube levanta a ta\u00e7a de campe\u00e3o do Paulist\u00e3o\" \/>\n<meta property=\"og:url\" content=\"https:\/\/regiaonews.net.br\/2022\/2024\/04\/14\/velo-clube-e-campeao-da-serie-a2\/\" \/>\n<meta property=\"og:site_name\" content=\"Regi\u00e3o News\" \/>\n<meta property=\"article:published_time\" content=\"2024-04-14T16:38:24+00:00\" \/>\n<meta property=\"og:image\" content=\"https:\/\/regiaonews.net.br\/2022\/wp-content\/uploads\/2024\/04\/images-6.jpeg\" \/>\n\t<meta property=\"og:image:width\" content=\"678\" \/>\n\t<meta property=\"og:image:height\" content=\"452\" \/>\n\t<meta property=\"og:image:type\" content=\"image\/jpeg\" \/>\n<meta name=\"author\" content=\"Roberto\" \/>\n<meta name=\"twitter:card\" content=\"summary_large_image\" \/>\n<meta name=\"twitter:label1\" content=\"Escrito por\" \/>\n\t<meta name=\"twitter:data1\" content=\"Roberto\" \/>\n\t<meta name=\"twitter:label2\" content=\"Est. tempo de leitura\" \/>\n\t<meta name=\"twitter:data2\" content=\"2 minutos\" \/>\n<script type=\"application\/ld+json\" class=\"yoast-schema-graph\">{\"@context\":\"https:\\\/\\\/schema.org\",\"@graph\":[{\"@type\":\"Article\",\"@id\":\"https:\\\/\\\/regiaonews.net.br\\\/2022\\\/2024\\\/04\\\/14\\\/velo-clube-e-campeao-da-serie-a2\\\/#article\",\"isPartOf\":{\"@id\":\"https:\\\/\\\/regiaonews.net.br\\\/2022\\\/2024\\\/04\\\/14\\\/velo-clube-e-campeao-da-serie-a2\\\/\"},\"author\":{\"name\":\"Roberto\",\"@id\":\"https:\\\/\\\/regiaonews.net.br\\\/2022\\\/#\\\/schema\\\/person\\\/2d205a608a5aa97ac279d7a5e6d89ad8\"},\"headline\":\"Velo Clube \u00e9 campe\u00e3o da S\u00e9rie A2\",\"datePublished\":\"2024-04-14T16:38:24+00:00\",\"mainEntityOfPage\":{\"@id\":\"https:\\\/\\\/regiaonews.net.br\\\/2022\\\/2024\\\/04\\\/14\\\/velo-clube-e-campeao-da-serie-a2\\\/\"},\"wordCount\":282,\"commentCount\":0,\"publisher\":{\"@id\":\"https:\\\/\\\/regiaonews.net.br\\\/2022\\\/#organization\"},\"image\":{\"@id\":\"https:\\\/\\\/regiaonews.net.br\\\/2022\\\/2024\\\/04\\\/14\\\/velo-clube-e-campeao-da-serie-a2\\\/#primaryimage\"},\"thumbnailUrl\":\"https:\\\/\\\/regiaonews.net.br\\\/2022\\\/wp-content\\\/uploads\\\/2024\\\/04\\\/images-6.jpeg\",\"articleSection\":[\"Campeonato Paulista\",\"Esporte\"],\"inLanguage\":\"pt-BR\",\"potentialAction\":[{\"@type\":\"CommentAction\",\"name\":\"Comment\",\"target\":[\"https:\\\/\\\/regiaonews.net.br\\\/2022\\\/2024\\\/04\\\/14\\\/velo-clube-e-campeao-da-serie-a2\\\/#respond\"]}]},{\"@type\":\"WebPage\",\"@id\":\"https:\\\/\\\/regiaonews.net.br\\\/2022\\\/2024\\\/04\\\/14\\\/velo-clube-e-campeao-da-serie-a2\\\/\",\"url\":\"https:\\\/\\\/regiaonews.net.br\\\/2022\\\/2024\\\/04\\\/14\\\/velo-clube-e-campeao-da-serie-a2\\\/\",\"name\":\"Velo Clube \u00e9 campe\u00e3o da S\u00e9rie A2 - Regi\u00e3o News\",\"isPartOf\":{\"@id\":\"https:\\\/\\\/regiaonews.net.br\\\/2022\\\/#website\"},\"primaryImageOfPage\":{\"@id\":\"https:\\\/\\\/regiaonews.net.br\\\/2022\\\/2024\\\/04\\\/14\\\/velo-clube-e-campeao-da-serie-a2\\\/#primaryimage\"},\"image\":{\"@id\":\"https:\\\/\\\/regiaonews.net.br\\\/2022\\\/2024\\\/04\\\/14\\\/velo-clube-e-campeao-da-serie-a2\\\/#primaryimage\"},\"thumbnailUrl\":\"https:\\\/\\\/regiaonews.net.br\\\/2022\\\/wp-content\\\/uploads\\\/2024\\\/04\\\/images-6.jpeg\",\"datePublished\":\"2024-04-14T16:38:24+00:00\",\"breadcrumb\":{\"@id\":\"https:\\\/\\\/regiaonews.net.br\\\/2022\\\/2024\\\/04\\\/14\\\/velo-clube-e-campeao-da-serie-a2\\\/#breadcrumb\"},\"inLanguage\":\"pt-BR\",\"potentialAction\":[{\"@type\":\"ReadAction\",\"target\":[\"https:\\\/\\\/regiaonews.net.br\\\/2022\\\/2024\\\/04\\\/14\\\/velo-clube-e-campeao-da-serie-a2\\\/\"]}]},{\"@type\":\"ImageObject\",\"inLanguage\":\"pt-BR\",\"@id\":\"https:\\\/\\\/regiaonews.net.br\\\/2022\\\/2024\\\/04\\\/14\\\/velo-clube-e-campeao-da-serie-a2\\\/#primaryimage\",\"url\":\"https:\\\/\\\/regiaonews.net.br\\\/2022\\\/wp-content\\\/uploads\\\/2024\\\/04\\\/images-6.jpeg\",\"contentUrl\":\"https:\\\/\\\/regiaonews.net.br\\\/2022\\\/wp-content\\\/uploads\\\/2024\\\/04\\\/images-6.jpeg\",\"width\":678,\"height\":452},{\"@type\":\"BreadcrumbList\",\"@id\":\"https:\\\/\\\/regiaonews.net.br\\\/2022\\\/2024\\\/04\\\/14\\\/velo-clube-e-campeao-da-serie-a2\\\/#breadcrumb\",\"itemListElement\":[{\"@type\":\"ListItem\",\"position\":1,\"name\":\"In\u00edcio\",\"item\":\"https:\\\/\\\/regiaonews.net.br\\\/2022\\\/\"},{\"@type\":\"ListItem\",\"position\":2,\"name\":\"Velo Clube \u00e9 campe\u00e3o da S\u00e9rie A2\"}]},{\"@type\":\"WebSite\",\"@id\":\"https:\\\/\\\/regiaonews.net.br\\\/2022\\\/#website\",\"url\":\"https:\\\/\\\/regiaonews.net.br\\\/2022\\\/\",\"name\":\"Regi\u00e3o News\",\"description\":\"Site de Not\u00edcias de Barretos e regi\u00e3o\",\"publisher\":{\"@id\":\"https:\\\/\\\/regiaonews.net.br\\\/2022\\\/#organization\"},\"potentialAction\":[{\"@type\":\"SearchAction\",\"target\":{\"@type\":\"EntryPoint\",\"urlTemplate\":\"https:\\\/\\\/regiaonews.net.br\\\/2022\\\/?s={search_term_string}\"},\"query-input\":{\"@type\":\"PropertyValueSpecification\",\"valueRequired\":true,\"valueName\":\"search_term_string\"}}],\"inLanguage\":\"pt-BR\"},{\"@type\":\"Organization\",\"@id\":\"https:\\\/\\\/regiaonews.net.br\\\/2022\\\/#organization\",\"name\":\"Regi\u00e3o News\",\"url\":\"https:\\\/\\\/regiaonews.net.br\\\/2022\\\/\",\"logo\":{\"@type\":\"ImageObject\",\"inLanguage\":\"pt-BR\",\"@id\":\"https:\\\/\\\/regiaonews.net.br\\\/2022\\\/#\\\/schema\\\/logo\\\/image\\\/\",\"url\":\"https:\\\/\\\/regiaonews.net.br\\\/2022\\\/wp-content\\\/uploads\\\/2026\\\/03\\\/regiao-13-anos-scaled.jpg\",\"contentUrl\":\"https:\\\/\\\/regiaonews.net.br\\\/2022\\\/wp-content\\\/uploads\\\/2026\\\/03\\\/regiao-13-anos-scaled.jpg\",\"width\":2560,\"height\":635,\"caption\":\"Regi\u00e3o News\"},\"image\":{\"@id\":\"https:\\\/\\\/regiaonews.net.br\\\/2022\\\/#\\\/schema\\\/logo\\\/image\\\/\"}},{\"@type\":\"Person\",\"@id\":\"https:\\\/\\\/regiaonews.net.br\\\/2022\\\/#\\\/schema\\\/person\\\/2d205a608a5aa97ac279d7a5e6d89ad8\",\"name\":\"Roberto\",\"image\":{\"@type\":\"ImageObject\",\"inLanguage\":\"pt-BR\",\"@id\":\"https:\\\/\\\/secure.gravatar.com\\\/avatar\\\/42749d8b712ff9d59ca93dc150494e5b55a44134482993f5baeb97e61b7ecc89?s=96&d=mm&r=g\",\"url\":\"https:\\\/\\\/secure.gravatar.com\\\/avatar\\\/42749d8b712ff9d59ca93dc150494e5b55a44134482993f5baeb97e61b7ecc89?s=96&d=mm&r=g\",\"contentUrl\":\"https:\\\/\\\/secure.gravatar.com\\\/avatar\\\/42749d8b712ff9d59ca93dc150494e5b55a44134482993f5baeb97e61b7ecc89?s=96&d=mm&r=g\",\"caption\":\"Roberto\"},\"url\":\"https:\\\/\\\/regiaonews.net.br\\\/2022\\\/author\\\/roberto\\\/\"}]}<\/script>\n<!-- \/ Yoast SEO plugin. -->","yoast_head_json":{"title":"Velo Clube \u00e9 campe\u00e3o da S\u00e9rie A2 - Regi\u00e3o News","robots":{"index":"index","follow":"follow","max-snippet":"max-snippet:-1","max-image-preview":"max-image-preview:large","max-video-preview":"max-video-preview:-1"},"canonical":"https:\/\/regiaonews.net.br\/2022\/2024\/04\/14\/velo-clube-e-campeao-da-serie-a2\/","og_locale":"pt_BR","og_type":"article","og_title":"Velo Clube \u00e9 campe\u00e3o da S\u00e9rie A2 - Regi\u00e3o News","og_description":"O Velo Clube levanta a ta\u00e7a de campe\u00e3o do Paulist\u00e3o","og_url":"https:\/\/regiaonews.net.br\/2022\/2024\/04\/14\/velo-clube-e-campeao-da-serie-a2\/","og_site_name":"Regi\u00e3o News","article_published_time":"2024-04-14T16:38:24+00:00","og_image":[{"width":678,"height":452,"url":"https:\/\/regiaonews.net.br\/2022\/wp-content\/uploads\/2024\/04\/images-6.jpeg","type":"image\/jpeg"}],"author":"Roberto","twitter_card":"summary_large_image","twitter_misc":{"Escrito por":"Roberto","Est. tempo de leitura":"2 minutos"},"schema":{"@context":"https:\/\/schema.org","@graph":[{"@type":"Article","@id":"https:\/\/regiaonews.net.br\/2022\/2024\/04\/14\/velo-clube-e-campeao-da-serie-a2\/#article","isPartOf":{"@id":"https:\/\/regiaonews.net.br\/2022\/2024\/04\/14\/velo-clube-e-campeao-da-serie-a2\/"},"author":{"name":"Roberto","@id":"https:\/\/regiaonews.net.br\/2022\/#\/schema\/person\/2d205a608a5aa97ac279d7a5e6d89ad8"},"headline":"Velo Clube \u00e9 campe\u00e3o da S\u00e9rie A2","datePublished":"2024-04-14T16:38:24+00:00","mainEntityOfPage":{"@id":"https:\/\/regiaonews.net.br\/2022\/2024\/04\/14\/velo-clube-e-campeao-da-serie-a2\/"},"wordCount":282,"commentCount":0,"publisher":{"@id":"https:\/\/regiaonews.net.br\/2022\/#organization"},"image":{"@id":"https:\/\/regiaonews.net.br\/2022\/2024\/04\/14\/velo-clube-e-campeao-da-serie-a2\/#primaryimage"},"thumbnailUrl":"https:\/\/regiaonews.net.br\/2022\/wp-content\/uploads\/2024\/04\/images-6.jpeg","articleSection":["Campeonato Paulista","Esporte"],"inLanguage":"pt-BR","potentialAction":[{"@type":"CommentAction","name":"Comment","target":["https:\/\/regiaonews.net.br\/2022\/2024\/04\/14\/velo-clube-e-campeao-da-serie-a2\/#respond"]}]},{"@type":"WebPage","@id":"https:\/\/regiaonews.net.br\/2022\/2024\/04\/14\/velo-clube-e-campeao-da-serie-a2\/","url":"https:\/\/regiaonews.net.br\/2022\/2024\/04\/14\/velo-clube-e-campeao-da-serie-a2\/","name":"Velo Clube \u00e9 campe\u00e3o da S\u00e9rie A2 - Regi\u00e3o News","isPartOf":{"@id":"https:\/\/regiaonews.net.br\/2022\/#website"},"primaryImageOfPage":{"@id":"https:\/\/regiaonews.net.br\/2022\/2024\/04\/14\/velo-clube-e-campeao-da-serie-a2\/#primaryimage"},"image":{"@id":"https:\/\/regiaonews.net.br\/2022\/2024\/04\/14\/velo-clube-e-campeao-da-serie-a2\/#primaryimage"},"thumbnailUrl":"https:\/\/regiaonews.net.br\/2022\/wp-content\/uploads\/2024\/04\/images-6.jpeg","datePublished":"2024-04-14T16:38:24+00:00","breadcrumb":{"@id":"https:\/\/regiaonews.net.br\/2022\/2024\/04\/14\/velo-clube-e-campeao-da-serie-a2\/#breadcrumb"},"inLanguage":"pt-BR","potentialAction":[{"@type":"ReadAction","target":["https:\/\/regiaonews.net.br\/2022\/2024\/04\/14\/velo-clube-e-campeao-da-serie-a2\/"]}]},{"@type":"ImageObject","inLanguage":"pt-BR","@id":"https:\/\/regiaonews.net.br\/2022\/2024\/04\/14\/velo-clube-e-campeao-da-serie-a2\/#primaryimage","url":"https:\/\/regiaonews.net.br\/2022\/wp-content\/uploads\/2024\/04\/images-6.jpeg","contentUrl":"https:\/\/regiaonews.net.br\/2022\/wp-content\/uploads\/2024\/04\/images-6.jpeg","width":678,"height":452},{"@type":"BreadcrumbList","@id":"https:\/\/regiaonews.net.br\/2022\/2024\/04\/14\/velo-clube-e-campeao-da-serie-a2\/#breadcrumb","itemListElement":[{"@type":"ListItem","position":1,"name":"In\u00edcio","item":"https:\/\/regiaonews.net.br\/2022\/"},{"@type":"ListItem","position":2,"name":"Velo Clube \u00e9 campe\u00e3o da S\u00e9rie A2"}]},{"@type":"WebSite","@id":"https:\/\/regiaonews.net.br\/2022\/#website","url":"https:\/\/regiaonews.net.br\/2022\/","name":"Regi\u00e3o News","description":"Site de Not\u00edcias de Barretos e regi\u00e3o","publisher":{"@id":"https:\/\/regiaonews.net.br\/2022\/#organization"},"potentialAction":[{"@type":"SearchAction","target":{"@type":"EntryPoint","urlTemplate":"https:\/\/regiaonews.net.br\/2022\/?s={search_term_string}"},"query-input":{"@type":"PropertyValueSpecification","valueRequired":true,"valueName":"search_term_string"}}],"inLanguage":"pt-BR"},{"@type":"Organization","@id":"https:\/\/regiaonews.net.br\/2022\/#organization","name":"Regi\u00e3o News","url":"https:\/\/regiaonews.net.br\/2022\/","logo":{"@type":"ImageObject","inLanguage":"pt-BR","@id":"https:\/\/regiaonews.net.br\/2022\/#\/schema\/logo\/image\/","url":"https:\/\/regiaonews.net.br\/2022\/wp-content\/uploads\/2026\/03\/regiao-13-anos-scaled.jpg","contentUrl":"https:\/\/regiaonews.net.br\/2022\/wp-content\/uploads\/2026\/03\/regiao-13-anos-scaled.jpg","width":2560,"height":635,"caption":"Regi\u00e3o News"},"image":{"@id":"https:\/\/regiaonews.net.br\/2022\/#\/schema\/logo\/image\/"}},{"@type":"Person","@id":"https:\/\/regiaonews.net.br\/2022\/#\/schema\/person\/2d205a608a5aa97ac279d7a5e6d89ad8","name":"Roberto","image":{"@type":"ImageObject","inLanguage":"pt-BR","@id":"https:\/\/secure.gravatar.com\/avatar\/42749d8b712ff9d59ca93dc150494e5b55a44134482993f5baeb97e61b7ecc89?s=96&d=mm&r=g","url":"https:\/\/secure.gravatar.com\/avatar\/42749d8b712ff9d59ca93dc150494e5b55a44134482993f5baeb97e61b7ecc89?s=96&d=mm&r=g","contentUrl":"https:\/\/secure.gravatar.com\/avatar\/42749d8b712ff9d59ca93dc150494e5b55a44134482993f5baeb97e61b7ecc89?s=96&d=mm&r=g","caption":"Roberto"},"url":"https:\/\/regiaonews.net.br\/2022\/author\/roberto\/"}]}},"publishpress_future_action":{"enabled":false,"date":"2026-05-03 02:31:08","action":"change-status","newStatus":"draft","terms":[],"taxonomy":"category","extraData":[]},"publishpress_future_workflow_manual_trigger":{"enabledWorkflows":[]},"_links":{"self":[{"href":"https:\/\/regiaonews.net.br\/2022\/wp-json\/wp\/v2\/posts\/103646","targetHints":{"allow":["GET"]}}],"collection":[{"href":"https:\/\/regiaonews.net.br\/2022\/wp-json\/wp\/v2\/posts"}],"about":[{"href":"https:\/\/regiaonews.net.br\/2022\/wp-json\/wp\/v2\/types\/post"}],"author":[{"embeddable":true,"href":"https:\/\/regiaonews.net.br\/2022\/wp-json\/wp\/v2\/users\/2"}],"replies":[{"embeddable":true,"href":"https:\/\/regiaonews.net.br\/2022\/wp-json\/wp\/v2\/comments?post=103646"}],"version-history":[{"count":1,"href":"https:\/\/regiaonews.net.br\/2022\/wp-json\/wp\/v2\/posts\/103646\/revisions"}],"predecessor-version":[{"id":103648,"href":"https:\/\/regiaonews.net.br\/2022\/wp-json\/wp\/v2\/posts\/103646\/revisions\/103648"}],"wp:featuredmedia":[{"embeddable":true,"href":"https:\/\/regiaonews.net.br\/2022\/wp-json\/wp\/v2\/media\/103647"}],"wp:attachment":[{"href":"https:\/\/regiaonews.net.br\/2022\/wp-json\/wp\/v2\/media?parent=103646"}],"wp:term":[{"taxonomy":"category","embeddable":true,"href":"https:\/\/regiaonews.net.br\/2022\/wp-json\/wp\/v2\/categories?post=103646"},{"taxonomy":"post_tag","embeddable":true,"href":"https:\/\/regiaonews.net.br\/2022\/wp-json\/wp\/v2\/tags?post=103646"}],"curies":[{"name":"wp","href":"https:\/\/api.w.org\/{rel}","templated":true}]}}