{"id":103616,"date":"2024-04-13T14:14:59","date_gmt":"2024-04-13T17:14:59","guid":{"rendered":"https:\/\/regiaonews.net.br\/2022\/?p=103616"},"modified":"2024-04-13T14:56:40","modified_gmt":"2024-04-13T17:56:40","slug":"acusada-de-matar-companheiro-e-presa-pelo-crime-de-homicidio-pela-dig-de-barretos","status":"publish","type":"post","link":"https:\/\/regiaonews.net.br\/2022\/2024\/04\/13\/acusada-de-matar-companheiro-e-presa-pelo-crime-de-homicidio-pela-dig-de-barretos\/","title":{"rendered":"Acusada de matar companheiro \u00e9 presa pelo crime de homic\u00eddio pela DIG de Barretos"},"content":{"rendered":"<p>&nbsp;<\/p>\n<p>A Pol\u00edcia Civil do Estado de S\u00e3o Paulo, por interm\u00e9dio da DIG (Delegacia de Investiga\u00e7\u00f5es Gerais) de Barretos, prendeu em flagrante, na manh\u00e3 deste s\u00e1bado, uma mulher de 44 anos pela pr\u00e1tica do crime de homic\u00eddio.<\/p>\n<p>Os policiais tomaram conhecimento, atrav\u00e9s do Plant\u00e3o Policial que, no in\u00edcio da manh\u00e3 de hoje, um homem havia dado entrada na Santa Casa de Barretos, com uma perfura\u00e7\u00e3o no pesco\u00e7o causada por um golpe de faca.<\/p>\n<p>As informa\u00e7\u00f5es davam conta de que o homem, de 49 anos, havia se envolvido em uma briga com sua companheira, a qual, de posse de uma faca havia golpeado o pesco\u00e7o dele. Os fatos teriam ocorrido em uma resid\u00eancia no Bairro Pimenta.<\/p>\n<p>Mais tarde, o hospital informou que o homem havia falecido, em raz\u00e3o do golpe.<\/p>\n<p>Os policiais da DIG iniciaram imediatamente as dilig\u00eancias, conseguindo identificar a autora. Ao mesmo tempo, receberam informa\u00e7\u00e3o de que ela se encontrava homiziada em uma resid\u00eancia no Bairro Cristiano de Carvalho.<\/p>\n<p>Diante disso, os policiais se dirigiram at\u00e9 o im\u00f3vel, onde se depararam com a mulher em um colch\u00e3o na sala do im\u00f3vel. Ela foi presa em flagrante pelo crime de homic\u00eddio e ser\u00e1 transferida para a Cadeia P\u00fablica de Bebedouro, onde ficar\u00e1 \u00e0 disposi\u00e7\u00e3o da Justi\u00e7a.<\/p>\n<p>O delegado da DIG, Dr. Rafael Faria Domingos, deu mais informa\u00e7\u00f5es sobre o esclarecimento do crime.<\/p>\n<div style=\"width: 640px;\" class=\"wp-video\"><video class=\"wp-video-shortcode\" id=\"video-103616-1\" width=\"640\" height=\"361\" preload=\"metadata\" controls=\"controls\"><source type=\"video\/mp4\" src=\"https:\/\/regiaonews.net.br\/2022\/wp-content\/uploads\/2024\/04\/VID-20240413-WA0253.mp4?_=1\" \/><a href=\"https:\/\/regiaonews.net.br\/2022\/wp-content\/uploads\/2024\/04\/VID-20240413-WA0253.mp4\">https:\/\/regiaonews.net.br\/2022\/wp-content\/uploads\/2024\/04\/VID-20240413-WA0253.mp4<\/a><\/video><\/div>\n<p>&nbsp;<\/p>\n<div style=\"width: 640px;\" class=\"wp-video\"><video class=\"wp-video-shortcode\" id=\"video-103616-2\" width=\"640\" height=\"361\" preload=\"metadata\" controls=\"controls\"><source type=\"video\/mp4\" src=\"https:\/\/regiaonews.net.br\/2022\/wp-content\/uploads\/2024\/04\/VID-20240413-WA0349.mp4?_=2\" \/><a href=\"https:\/\/regiaonews.net.br\/2022\/wp-content\/uploads\/2024\/04\/VID-20240413-WA0349.mp4\">https:\/\/regiaonews.net.br\/2022\/wp-content\/uploads\/2024\/04\/VID-20240413-WA0349.mp4<\/a><\/video><\/div>\n","protected":false},"excerpt":{"rendered":"<p>&nbsp; A Pol\u00edcia Civil do Estado de S\u00e3o Paulo, por<\/p>\n","protected":false},"author":2,"featured_media":103618,"comment_status":"open","ping_status":"open","sticky":false,"template":"","format":"standard","meta":{"footnotes":""},"categories":[14,23],"tags":[],"class_list":["post-103616","post","type-post","status-publish","format-standard","has-post-thumbnail","hentry","category-barretos","category-policia"],"yoast_head":"<!-- This site is optimized with the Yoast SEO plugin v27.4 - https:\/\/yoast.com\/product\/yoast-seo-wordpress\/ -->\n<title>Acusada de matar companheiro \u00e9 presa pelo crime de homic\u00eddio pela DIG de Barretos - Regi\u00e3o News<\/title>\n<meta name=\"robots\" content=\"index, follow, max-snippet:-1, max-image-preview:large, max-video-preview:-1\" \/>\n<link rel=\"canonical\" href=\"https:\/\/regiaonews.net.br\/2022\/2024\/04\/13\/acusada-de-matar-companheiro-e-presa-pelo-crime-de-homicidio-pela-dig-de-barretos\/\" \/>\n<meta property=\"og:locale\" content=\"pt_BR\" \/>\n<meta property=\"og:type\" content=\"article\" \/>\n<meta property=\"og:title\" content=\"Acusada de matar companheiro \u00e9 presa pelo crime de homic\u00eddio pela DIG de Barretos - Regi\u00e3o News\" \/>\n<meta property=\"og:description\" content=\"&nbsp; A Pol\u00edcia Civil do Estado de S\u00e3o Paulo, por\" \/>\n<meta property=\"og:url\" content=\"https:\/\/regiaonews.net.br\/2022\/2024\/04\/13\/acusada-de-matar-companheiro-e-presa-pelo-crime-de-homicidio-pela-dig-de-barretos\/\" \/>\n<meta property=\"og:site_name\" content=\"Regi\u00e3o News\" \/>\n<meta property=\"article:published_time\" content=\"2024-04-13T17:14:59+00:00\" \/>\n<meta property=\"article:modified_time\" content=\"2024-04-13T17:56:40+00:00\" \/>\n<meta property=\"og:image\" content=\"https:\/\/regiaonews.net.br\/2022\/wp-content\/uploads\/2024\/04\/IMG-20240413-WA0255.jpg\" \/>\n\t<meta property=\"og:image:width\" content=\"1600\" \/>\n\t<meta property=\"og:image:height\" content=\"926\" \/>\n\t<meta property=\"og:image:type\" content=\"image\/jpeg\" \/>\n<meta name=\"author\" content=\"Roberto\" \/>\n<meta name=\"twitter:card\" content=\"summary_large_image\" \/>\n<meta name=\"twitter:label1\" content=\"Escrito por\" \/>\n\t<meta name=\"twitter:data1\" content=\"Roberto\" \/>\n\t<meta name=\"twitter:label2\" content=\"Est. tempo de leitura\" \/>\n\t<meta name=\"twitter:data2\" content=\"2 minutos\" \/>\n<script type=\"application\/ld+json\" class=\"yoast-schema-graph\">{\"@context\":\"https:\\\/\\\/schema.org\",\"@graph\":[{\"@type\":\"Article\",\"@id\":\"https:\\\/\\\/regiaonews.net.br\\\/2022\\\/2024\\\/04\\\/13\\\/acusada-de-matar-companheiro-e-presa-pelo-crime-de-homicidio-pela-dig-de-barretos\\\/#article\",\"isPartOf\":{\"@id\":\"https:\\\/\\\/regiaonews.net.br\\\/2022\\\/2024\\\/04\\\/13\\\/acusada-de-matar-companheiro-e-presa-pelo-crime-de-homicidio-pela-dig-de-barretos\\\/\"},\"author\":{\"name\":\"Roberto\",\"@id\":\"https:\\\/\\\/regiaonews.net.br\\\/2022\\\/#\\\/schema\\\/person\\\/2d205a608a5aa97ac279d7a5e6d89ad8\"},\"headline\":\"Acusada de matar companheiro \u00e9 presa pelo crime de homic\u00eddio pela DIG de Barretos\",\"datePublished\":\"2024-04-13T17:14:59+00:00\",\"dateModified\":\"2024-04-13T17:56:40+00:00\",\"mainEntityOfPage\":{\"@id\":\"https:\\\/\\\/regiaonews.net.br\\\/2022\\\/2024\\\/04\\\/13\\\/acusada-de-matar-companheiro-e-presa-pelo-crime-de-homicidio-pela-dig-de-barretos\\\/\"},\"wordCount\":289,\"commentCount\":0,\"publisher\":{\"@id\":\"https:\\\/\\\/regiaonews.net.br\\\/2022\\\/#organization\"},\"image\":{\"@id\":\"https:\\\/\\\/regiaonews.net.br\\\/2022\\\/2024\\\/04\\\/13\\\/acusada-de-matar-companheiro-e-presa-pelo-crime-de-homicidio-pela-dig-de-barretos\\\/#primaryimage\"},\"thumbnailUrl\":\"https:\\\/\\\/regiaonews.net.br\\\/2022\\\/wp-content\\\/uploads\\\/2024\\\/04\\\/IMG-20240413-WA0255.jpg\",\"articleSection\":[\"Barretos\",\"Policia\"],\"inLanguage\":\"pt-BR\",\"potentialAction\":[{\"@type\":\"CommentAction\",\"name\":\"Comment\",\"target\":[\"https:\\\/\\\/regiaonews.net.br\\\/2022\\\/2024\\\/04\\\/13\\\/acusada-de-matar-companheiro-e-presa-pelo-crime-de-homicidio-pela-dig-de-barretos\\\/#respond\"]}]},{\"@type\":\"WebPage\",\"@id\":\"https:\\\/\\\/regiaonews.net.br\\\/2022\\\/2024\\\/04\\\/13\\\/acusada-de-matar-companheiro-e-presa-pelo-crime-de-homicidio-pela-dig-de-barretos\\\/\",\"url\":\"https:\\\/\\\/regiaonews.net.br\\\/2022\\\/2024\\\/04\\\/13\\\/acusada-de-matar-companheiro-e-presa-pelo-crime-de-homicidio-pela-dig-de-barretos\\\/\",\"name\":\"Acusada de matar companheiro \u00e9 presa pelo crime de homic\u00eddio pela DIG de Barretos - Regi\u00e3o News\",\"isPartOf\":{\"@id\":\"https:\\\/\\\/regiaonews.net.br\\\/2022\\\/#website\"},\"primaryImageOfPage\":{\"@id\":\"https:\\\/\\\/regiaonews.net.br\\\/2022\\\/2024\\\/04\\\/13\\\/acusada-de-matar-companheiro-e-presa-pelo-crime-de-homicidio-pela-dig-de-barretos\\\/#primaryimage\"},\"image\":{\"@id\":\"https:\\\/\\\/regiaonews.net.br\\\/2022\\\/2024\\\/04\\\/13\\\/acusada-de-matar-companheiro-e-presa-pelo-crime-de-homicidio-pela-dig-de-barretos\\\/#primaryimage\"},\"thumbnailUrl\":\"https:\\\/\\\/regiaonews.net.br\\\/2022\\\/wp-content\\\/uploads\\\/2024\\\/04\\\/IMG-20240413-WA0255.jpg\",\"datePublished\":\"2024-04-13T17:14:59+00:00\",\"dateModified\":\"2024-04-13T17:56:40+00:00\",\"breadcrumb\":{\"@id\":\"https:\\\/\\\/regiaonews.net.br\\\/2022\\\/2024\\\/04\\\/13\\\/acusada-de-matar-companheiro-e-presa-pelo-crime-de-homicidio-pela-dig-de-barretos\\\/#breadcrumb\"},\"inLanguage\":\"pt-BR\",\"potentialAction\":[{\"@type\":\"ReadAction\",\"target\":[\"https:\\\/\\\/regiaonews.net.br\\\/2022\\\/2024\\\/04\\\/13\\\/acusada-de-matar-companheiro-e-presa-pelo-crime-de-homicidio-pela-dig-de-barretos\\\/\"]}]},{\"@type\":\"ImageObject\",\"inLanguage\":\"pt-BR\",\"@id\":\"https:\\\/\\\/regiaonews.net.br\\\/2022\\\/2024\\\/04\\\/13\\\/acusada-de-matar-companheiro-e-presa-pelo-crime-de-homicidio-pela-dig-de-barretos\\\/#primaryimage\",\"url\":\"https:\\\/\\\/regiaonews.net.br\\\/2022\\\/wp-content\\\/uploads\\\/2024\\\/04\\\/IMG-20240413-WA0255.jpg\",\"contentUrl\":\"https:\\\/\\\/regiaonews.net.br\\\/2022\\\/wp-content\\\/uploads\\\/2024\\\/04\\\/IMG-20240413-WA0255.jpg\",\"width\":1600,\"height\":926},{\"@type\":\"BreadcrumbList\",\"@id\":\"https:\\\/\\\/regiaonews.net.br\\\/2022\\\/2024\\\/04\\\/13\\\/acusada-de-matar-companheiro-e-presa-pelo-crime-de-homicidio-pela-dig-de-barretos\\\/#breadcrumb\",\"itemListElement\":[{\"@type\":\"ListItem\",\"position\":1,\"name\":\"In\u00edcio\",\"item\":\"https:\\\/\\\/regiaonews.net.br\\\/2022\\\/\"},{\"@type\":\"ListItem\",\"position\":2,\"name\":\"Acusada de matar companheiro \u00e9 presa pelo crime de homic\u00eddio pela DIG de Barretos\"}]},{\"@type\":\"WebSite\",\"@id\":\"https:\\\/\\\/regiaonews.net.br\\\/2022\\\/#website\",\"url\":\"https:\\\/\\\/regiaonews.net.br\\\/2022\\\/\",\"name\":\"Regi\u00e3o News\",\"description\":\"Site de Not\u00edcias de Barretos e regi\u00e3o\",\"publisher\":{\"@id\":\"https:\\\/\\\/regiaonews.net.br\\\/2022\\\/#organization\"},\"potentialAction\":[{\"@type\":\"SearchAction\",\"target\":{\"@type\":\"EntryPoint\",\"urlTemplate\":\"https:\\\/\\\/regiaonews.net.br\\\/2022\\\/?s={search_term_string}\"},\"query-input\":{\"@type\":\"PropertyValueSpecification\",\"valueRequired\":true,\"valueName\":\"search_term_string\"}}],\"inLanguage\":\"pt-BR\"},{\"@type\":\"Organization\",\"@id\":\"https:\\\/\\\/regiaonews.net.br\\\/2022\\\/#organization\",\"name\":\"Regi\u00e3o News\",\"url\":\"https:\\\/\\\/regiaonews.net.br\\\/2022\\\/\",\"logo\":{\"@type\":\"ImageObject\",\"inLanguage\":\"pt-BR\",\"@id\":\"https:\\\/\\\/regiaonews.net.br\\\/2022\\\/#\\\/schema\\\/logo\\\/image\\\/\",\"url\":\"https:\\\/\\\/regiaonews.net.br\\\/2022\\\/wp-content\\\/uploads\\\/2026\\\/03\\\/regiao-13-anos-scaled.jpg\",\"contentUrl\":\"https:\\\/\\\/regiaonews.net.br\\\/2022\\\/wp-content\\\/uploads\\\/2026\\\/03\\\/regiao-13-anos-scaled.jpg\",\"width\":2560,\"height\":635,\"caption\":\"Regi\u00e3o News\"},\"image\":{\"@id\":\"https:\\\/\\\/regiaonews.net.br\\\/2022\\\/#\\\/schema\\\/logo\\\/image\\\/\"}},{\"@type\":\"Person\",\"@id\":\"https:\\\/\\\/regiaonews.net.br\\\/2022\\\/#\\\/schema\\\/person\\\/2d205a608a5aa97ac279d7a5e6d89ad8\",\"name\":\"Roberto\",\"image\":{\"@type\":\"ImageObject\",\"inLanguage\":\"pt-BR\",\"@id\":\"https:\\\/\\\/secure.gravatar.com\\\/avatar\\\/42749d8b712ff9d59ca93dc150494e5b55a44134482993f5baeb97e61b7ecc89?s=96&d=mm&r=g\",\"url\":\"https:\\\/\\\/secure.gravatar.com\\\/avatar\\\/42749d8b712ff9d59ca93dc150494e5b55a44134482993f5baeb97e61b7ecc89?s=96&d=mm&r=g\",\"contentUrl\":\"https:\\\/\\\/secure.gravatar.com\\\/avatar\\\/42749d8b712ff9d59ca93dc150494e5b55a44134482993f5baeb97e61b7ecc89?s=96&d=mm&r=g\",\"caption\":\"Roberto\"},\"url\":\"https:\\\/\\\/regiaonews.net.br\\\/2022\\\/author\\\/roberto\\\/\"}]}<\/script>\n<!-- \/ Yoast SEO plugin. -->","yoast_head_json":{"title":"Acusada de matar companheiro \u00e9 presa pelo crime de homic\u00eddio pela DIG de Barretos - Regi\u00e3o News","robots":{"index":"index","follow":"follow","max-snippet":"max-snippet:-1","max-image-preview":"max-image-preview:large","max-video-preview":"max-video-preview:-1"},"canonical":"https:\/\/regiaonews.net.br\/2022\/2024\/04\/13\/acusada-de-matar-companheiro-e-presa-pelo-crime-de-homicidio-pela-dig-de-barretos\/","og_locale":"pt_BR","og_type":"article","og_title":"Acusada de matar companheiro \u00e9 presa pelo crime de homic\u00eddio pela DIG de Barretos - Regi\u00e3o News","og_description":"&nbsp; A Pol\u00edcia Civil do Estado de S\u00e3o Paulo, por","og_url":"https:\/\/regiaonews.net.br\/2022\/2024\/04\/13\/acusada-de-matar-companheiro-e-presa-pelo-crime-de-homicidio-pela-dig-de-barretos\/","og_site_name":"Regi\u00e3o News","article_published_time":"2024-04-13T17:14:59+00:00","article_modified_time":"2024-04-13T17:56:40+00:00","og_image":[{"width":1600,"height":926,"url":"https:\/\/regiaonews.net.br\/2022\/wp-content\/uploads\/2024\/04\/IMG-20240413-WA0255.jpg","type":"image\/jpeg"}],"author":"Roberto","twitter_card":"summary_large_image","twitter_misc":{"Escrito por":"Roberto","Est. tempo de leitura":"2 minutos"},"schema":{"@context":"https:\/\/schema.org","@graph":[{"@type":"Article","@id":"https:\/\/regiaonews.net.br\/2022\/2024\/04\/13\/acusada-de-matar-companheiro-e-presa-pelo-crime-de-homicidio-pela-dig-de-barretos\/#article","isPartOf":{"@id":"https:\/\/regiaonews.net.br\/2022\/2024\/04\/13\/acusada-de-matar-companheiro-e-presa-pelo-crime-de-homicidio-pela-dig-de-barretos\/"},"author":{"name":"Roberto","@id":"https:\/\/regiaonews.net.br\/2022\/#\/schema\/person\/2d205a608a5aa97ac279d7a5e6d89ad8"},"headline":"Acusada de matar companheiro \u00e9 presa pelo crime de homic\u00eddio pela DIG de Barretos","datePublished":"2024-04-13T17:14:59+00:00","dateModified":"2024-04-13T17:56:40+00:00","mainEntityOfPage":{"@id":"https:\/\/regiaonews.net.br\/2022\/2024\/04\/13\/acusada-de-matar-companheiro-e-presa-pelo-crime-de-homicidio-pela-dig-de-barretos\/"},"wordCount":289,"commentCount":0,"publisher":{"@id":"https:\/\/regiaonews.net.br\/2022\/#organization"},"image":{"@id":"https:\/\/regiaonews.net.br\/2022\/2024\/04\/13\/acusada-de-matar-companheiro-e-presa-pelo-crime-de-homicidio-pela-dig-de-barretos\/#primaryimage"},"thumbnailUrl":"https:\/\/regiaonews.net.br\/2022\/wp-content\/uploads\/2024\/04\/IMG-20240413-WA0255.jpg","articleSection":["Barretos","Policia"],"inLanguage":"pt-BR","potentialAction":[{"@type":"CommentAction","name":"Comment","target":["https:\/\/regiaonews.net.br\/2022\/2024\/04\/13\/acusada-de-matar-companheiro-e-presa-pelo-crime-de-homicidio-pela-dig-de-barretos\/#respond"]}]},{"@type":"WebPage","@id":"https:\/\/regiaonews.net.br\/2022\/2024\/04\/13\/acusada-de-matar-companheiro-e-presa-pelo-crime-de-homicidio-pela-dig-de-barretos\/","url":"https:\/\/regiaonews.net.br\/2022\/2024\/04\/13\/acusada-de-matar-companheiro-e-presa-pelo-crime-de-homicidio-pela-dig-de-barretos\/","name":"Acusada de matar companheiro \u00e9 presa pelo crime de homic\u00eddio pela DIG de Barretos - Regi\u00e3o News","isPartOf":{"@id":"https:\/\/regiaonews.net.br\/2022\/#website"},"primaryImageOfPage":{"@id":"https:\/\/regiaonews.net.br\/2022\/2024\/04\/13\/acusada-de-matar-companheiro-e-presa-pelo-crime-de-homicidio-pela-dig-de-barretos\/#primaryimage"},"image":{"@id":"https:\/\/regiaonews.net.br\/2022\/2024\/04\/13\/acusada-de-matar-companheiro-e-presa-pelo-crime-de-homicidio-pela-dig-de-barretos\/#primaryimage"},"thumbnailUrl":"https:\/\/regiaonews.net.br\/2022\/wp-content\/uploads\/2024\/04\/IMG-20240413-WA0255.jpg","datePublished":"2024-04-13T17:14:59+00:00","dateModified":"2024-04-13T17:56:40+00:00","breadcrumb":{"@id":"https:\/\/regiaonews.net.br\/2022\/2024\/04\/13\/acusada-de-matar-companheiro-e-presa-pelo-crime-de-homicidio-pela-dig-de-barretos\/#breadcrumb"},"inLanguage":"pt-BR","potentialAction":[{"@type":"ReadAction","target":["https:\/\/regiaonews.net.br\/2022\/2024\/04\/13\/acusada-de-matar-companheiro-e-presa-pelo-crime-de-homicidio-pela-dig-de-barretos\/"]}]},{"@type":"ImageObject","inLanguage":"pt-BR","@id":"https:\/\/regiaonews.net.br\/2022\/2024\/04\/13\/acusada-de-matar-companheiro-e-presa-pelo-crime-de-homicidio-pela-dig-de-barretos\/#primaryimage","url":"https:\/\/regiaonews.net.br\/2022\/wp-content\/uploads\/2024\/04\/IMG-20240413-WA0255.jpg","contentUrl":"https:\/\/regiaonews.net.br\/2022\/wp-content\/uploads\/2024\/04\/IMG-20240413-WA0255.jpg","width":1600,"height":926},{"@type":"BreadcrumbList","@id":"https:\/\/regiaonews.net.br\/2022\/2024\/04\/13\/acusada-de-matar-companheiro-e-presa-pelo-crime-de-homicidio-pela-dig-de-barretos\/#breadcrumb","itemListElement":[{"@type":"ListItem","position":1,"name":"In\u00edcio","item":"https:\/\/regiaonews.net.br\/2022\/"},{"@type":"ListItem","position":2,"name":"Acusada de matar companheiro \u00e9 presa pelo crime de homic\u00eddio pela DIG de Barretos"}]},{"@type":"WebSite","@id":"https:\/\/regiaonews.net.br\/2022\/#website","url":"https:\/\/regiaonews.net.br\/2022\/","name":"Regi\u00e3o News","description":"Site de Not\u00edcias de Barretos e regi\u00e3o","publisher":{"@id":"https:\/\/regiaonews.net.br\/2022\/#organization"},"potentialAction":[{"@type":"SearchAction","target":{"@type":"EntryPoint","urlTemplate":"https:\/\/regiaonews.net.br\/2022\/?s={search_term_string}"},"query-input":{"@type":"PropertyValueSpecification","valueRequired":true,"valueName":"search_term_string"}}],"inLanguage":"pt-BR"},{"@type":"Organization","@id":"https:\/\/regiaonews.net.br\/2022\/#organization","name":"Regi\u00e3o News","url":"https:\/\/regiaonews.net.br\/2022\/","logo":{"@type":"ImageObject","inLanguage":"pt-BR","@id":"https:\/\/regiaonews.net.br\/2022\/#\/schema\/logo\/image\/","url":"https:\/\/regiaonews.net.br\/2022\/wp-content\/uploads\/2026\/03\/regiao-13-anos-scaled.jpg","contentUrl":"https:\/\/regiaonews.net.br\/2022\/wp-content\/uploads\/2026\/03\/regiao-13-anos-scaled.jpg","width":2560,"height":635,"caption":"Regi\u00e3o News"},"image":{"@id":"https:\/\/regiaonews.net.br\/2022\/#\/schema\/logo\/image\/"}},{"@type":"Person","@id":"https:\/\/regiaonews.net.br\/2022\/#\/schema\/person\/2d205a608a5aa97ac279d7a5e6d89ad8","name":"Roberto","image":{"@type":"ImageObject","inLanguage":"pt-BR","@id":"https:\/\/secure.gravatar.com\/avatar\/42749d8b712ff9d59ca93dc150494e5b55a44134482993f5baeb97e61b7ecc89?s=96&d=mm&r=g","url":"https:\/\/secure.gravatar.com\/avatar\/42749d8b712ff9d59ca93dc150494e5b55a44134482993f5baeb97e61b7ecc89?s=96&d=mm&r=g","contentUrl":"https:\/\/secure.gravatar.com\/avatar\/42749d8b712ff9d59ca93dc150494e5b55a44134482993f5baeb97e61b7ecc89?s=96&d=mm&r=g","caption":"Roberto"},"url":"https:\/\/regiaonews.net.br\/2022\/author\/roberto\/"}]}},"publishpress_future_action":{"enabled":false,"date":"2026-05-03 05:51:46","action":"change-status","newStatus":"draft","terms":[],"taxonomy":"category","extraData":[]},"publishpress_future_workflow_manual_trigger":{"enabledWorkflows":[]},"_links":{"self":[{"href":"https:\/\/regiaonews.net.br\/2022\/wp-json\/wp\/v2\/posts\/103616","targetHints":{"allow":["GET"]}}],"collection":[{"href":"https:\/\/regiaonews.net.br\/2022\/wp-json\/wp\/v2\/posts"}],"about":[{"href":"https:\/\/regiaonews.net.br\/2022\/wp-json\/wp\/v2\/types\/post"}],"author":[{"embeddable":true,"href":"https:\/\/regiaonews.net.br\/2022\/wp-json\/wp\/v2\/users\/2"}],"replies":[{"embeddable":true,"href":"https:\/\/regiaonews.net.br\/2022\/wp-json\/wp\/v2\/comments?post=103616"}],"version-history":[{"count":4,"href":"https:\/\/regiaonews.net.br\/2022\/wp-json\/wp\/v2\/posts\/103616\/revisions"}],"predecessor-version":[{"id":103623,"href":"https:\/\/regiaonews.net.br\/2022\/wp-json\/wp\/v2\/posts\/103616\/revisions\/103623"}],"wp:featuredmedia":[{"embeddable":true,"href":"https:\/\/regiaonews.net.br\/2022\/wp-json\/wp\/v2\/media\/103618"}],"wp:attachment":[{"href":"https:\/\/regiaonews.net.br\/2022\/wp-json\/wp\/v2\/media?parent=103616"}],"wp:term":[{"taxonomy":"category","embeddable":true,"href":"https:\/\/regiaonews.net.br\/2022\/wp-json\/wp\/v2\/categories?post=103616"},{"taxonomy":"post_tag","embeddable":true,"href":"https:\/\/regiaonews.net.br\/2022\/wp-json\/wp\/v2\/tags?post=103616"}],"curies":[{"name":"wp","href":"https:\/\/api.w.org\/{rel}","templated":true}]}}