{"id":103580,"date":"2024-04-12T18:44:02","date_gmt":"2024-04-12T21:44:02","guid":{"rendered":"https:\/\/regiaonews.net.br\/2022\/?p=103580"},"modified":"2024-04-12T18:44:02","modified_gmt":"2024-04-12T21:44:02","slug":"prefeitura-envia-projeto-de-lei-que-autoriza-repasse-de-complemento-do-piso-aos-profissionais-da-enfermagem-a-camara-municipal","status":"publish","type":"post","link":"https:\/\/regiaonews.net.br\/2022\/2024\/04\/12\/prefeitura-envia-projeto-de-lei-que-autoriza-repasse-de-complemento-do-piso-aos-profissionais-da-enfermagem-a-camara-municipal\/","title":{"rendered":"Prefeitura envia Projeto de Lei que autoriza repasse de complemento do piso aos profissionais da enfermagem \u00e0 C\u00e2mara Municipal"},"content":{"rendered":"<p>Recursos s\u00e3o referentes ao m\u00eas de mar\u00e7o e devem ser pagos ainda em abril<\/p>\n<p>O Projeto de Lei 122\/2024, que autoriza o Executivo a abrir cr\u00e9dito adicional suplementar para o cumprimento do piso salarial nacional de enfermeiros, t\u00e9cnicos de enfermagem e auxiliares de enfermagem, referente ao m\u00eas de mar\u00e7o deste ano, foi enviado \u00e0 C\u00e2mara Municipal de Barretos e deve ser votado na sess\u00e3o desta segunda-feira, 15 de abril.<br \/>\nDe acordo com o projeto de autoria da Prefeita Paula Lemos, o cr\u00e9dito no valor de R$477.865,59 ser\u00e1 coberto com recursos provenientes da Portaria GM\/MS n.\u00ba 3.416, de 25 de mar\u00e7o de 2024, do Minist\u00e9rio da Sa\u00fade.<br \/>\nAp\u00f3s a aprova\u00e7\u00e3o, a Prefeitura seguir\u00e1 com os tr\u00e2mites para repasse nos termos da Lei Federal. Os pagamentos devem ser efetuados ainda no m\u00eas de abril.<\/p>\n","protected":false},"excerpt":{"rendered":"<p>Recursos s\u00e3o referentes ao m\u00eas de mar\u00e7o e devem ser<\/p>\n","protected":false},"author":2,"featured_media":103581,"comment_status":"open","ping_status":"open","sticky":false,"template":"","format":"standard","meta":{"footnotes":""},"categories":[14,25],"tags":[],"class_list":["post-103580","post","type-post","status-publish","format-standard","has-post-thumbnail","hentry","category-barretos","category-cidades"],"yoast_head":"<!-- This site is optimized with the Yoast SEO plugin v27.4 - https:\/\/yoast.com\/product\/yoast-seo-wordpress\/ -->\n<title>Prefeitura envia Projeto de Lei que autoriza repasse de complemento do piso aos profissionais da enfermagem \u00e0 C\u00e2mara Municipal - Regi\u00e3o News<\/title>\n<meta name=\"robots\" content=\"index, follow, max-snippet:-1, max-image-preview:large, max-video-preview:-1\" \/>\n<link rel=\"canonical\" href=\"https:\/\/regiaonews.net.br\/2022\/2024\/04\/12\/prefeitura-envia-projeto-de-lei-que-autoriza-repasse-de-complemento-do-piso-aos-profissionais-da-enfermagem-a-camara-municipal\/\" \/>\n<meta property=\"og:locale\" content=\"pt_BR\" \/>\n<meta property=\"og:type\" content=\"article\" \/>\n<meta property=\"og:title\" content=\"Prefeitura envia Projeto de Lei que autoriza repasse de complemento do piso aos profissionais da enfermagem \u00e0 C\u00e2mara Municipal - Regi\u00e3o News\" \/>\n<meta property=\"og:description\" content=\"Recursos s\u00e3o referentes ao m\u00eas de mar\u00e7o e devem ser\" \/>\n<meta property=\"og:url\" content=\"https:\/\/regiaonews.net.br\/2022\/2024\/04\/12\/prefeitura-envia-projeto-de-lei-que-autoriza-repasse-de-complemento-do-piso-aos-profissionais-da-enfermagem-a-camara-municipal\/\" \/>\n<meta property=\"og:site_name\" content=\"Regi\u00e3o News\" \/>\n<meta property=\"article:published_time\" content=\"2024-04-12T21:44:02+00:00\" \/>\n<meta property=\"og:image\" content=\"https:\/\/regiaonews.net.br\/2022\/wp-content\/uploads\/2024\/04\/WhatsApp-Image-2024-04-12-at-15.09.12.jpeg\" \/>\n\t<meta property=\"og:image:width\" content=\"1024\" \/>\n\t<meta property=\"og:image:height\" content=\"679\" \/>\n\t<meta property=\"og:image:type\" content=\"image\/jpeg\" \/>\n<meta name=\"author\" content=\"Roberto\" \/>\n<meta name=\"twitter:card\" content=\"summary_large_image\" \/>\n<meta name=\"twitter:label1\" content=\"Escrito por\" \/>\n\t<meta name=\"twitter:data1\" content=\"Roberto\" \/>\n\t<meta name=\"twitter:label2\" content=\"Est. tempo de leitura\" \/>\n\t<meta name=\"twitter:data2\" content=\"1 minuto\" \/>\n<script type=\"application\/ld+json\" class=\"yoast-schema-graph\">{\"@context\":\"https:\\\/\\\/schema.org\",\"@graph\":[{\"@type\":\"Article\",\"@id\":\"https:\\\/\\\/regiaonews.net.br\\\/2022\\\/2024\\\/04\\\/12\\\/prefeitura-envia-projeto-de-lei-que-autoriza-repasse-de-complemento-do-piso-aos-profissionais-da-enfermagem-a-camara-municipal\\\/#article\",\"isPartOf\":{\"@id\":\"https:\\\/\\\/regiaonews.net.br\\\/2022\\\/2024\\\/04\\\/12\\\/prefeitura-envia-projeto-de-lei-que-autoriza-repasse-de-complemento-do-piso-aos-profissionais-da-enfermagem-a-camara-municipal\\\/\"},\"author\":{\"name\":\"Roberto\",\"@id\":\"https:\\\/\\\/regiaonews.net.br\\\/2022\\\/#\\\/schema\\\/person\\\/2d205a608a5aa97ac279d7a5e6d89ad8\"},\"headline\":\"Prefeitura envia Projeto de Lei que autoriza repasse de complemento do piso aos profissionais da enfermagem \u00e0 C\u00e2mara Municipal\",\"datePublished\":\"2024-04-12T21:44:02+00:00\",\"mainEntityOfPage\":{\"@id\":\"https:\\\/\\\/regiaonews.net.br\\\/2022\\\/2024\\\/04\\\/12\\\/prefeitura-envia-projeto-de-lei-que-autoriza-repasse-de-complemento-do-piso-aos-profissionais-da-enfermagem-a-camara-municipal\\\/\"},\"wordCount\":163,\"commentCount\":0,\"publisher\":{\"@id\":\"https:\\\/\\\/regiaonews.net.br\\\/2022\\\/#organization\"},\"image\":{\"@id\":\"https:\\\/\\\/regiaonews.net.br\\\/2022\\\/2024\\\/04\\\/12\\\/prefeitura-envia-projeto-de-lei-que-autoriza-repasse-de-complemento-do-piso-aos-profissionais-da-enfermagem-a-camara-municipal\\\/#primaryimage\"},\"thumbnailUrl\":\"https:\\\/\\\/regiaonews.net.br\\\/2022\\\/wp-content\\\/uploads\\\/2024\\\/04\\\/WhatsApp-Image-2024-04-12-at-15.09.12.jpeg\",\"articleSection\":[\"Barretos\",\"Cidades\"],\"inLanguage\":\"pt-BR\",\"potentialAction\":[{\"@type\":\"CommentAction\",\"name\":\"Comment\",\"target\":[\"https:\\\/\\\/regiaonews.net.br\\\/2022\\\/2024\\\/04\\\/12\\\/prefeitura-envia-projeto-de-lei-que-autoriza-repasse-de-complemento-do-piso-aos-profissionais-da-enfermagem-a-camara-municipal\\\/#respond\"]}]},{\"@type\":\"WebPage\",\"@id\":\"https:\\\/\\\/regiaonews.net.br\\\/2022\\\/2024\\\/04\\\/12\\\/prefeitura-envia-projeto-de-lei-que-autoriza-repasse-de-complemento-do-piso-aos-profissionais-da-enfermagem-a-camara-municipal\\\/\",\"url\":\"https:\\\/\\\/regiaonews.net.br\\\/2022\\\/2024\\\/04\\\/12\\\/prefeitura-envia-projeto-de-lei-que-autoriza-repasse-de-complemento-do-piso-aos-profissionais-da-enfermagem-a-camara-municipal\\\/\",\"name\":\"Prefeitura envia Projeto de Lei que autoriza repasse de complemento do piso aos profissionais da enfermagem \u00e0 C\u00e2mara Municipal - Regi\u00e3o News\",\"isPartOf\":{\"@id\":\"https:\\\/\\\/regiaonews.net.br\\\/2022\\\/#website\"},\"primaryImageOfPage\":{\"@id\":\"https:\\\/\\\/regiaonews.net.br\\\/2022\\\/2024\\\/04\\\/12\\\/prefeitura-envia-projeto-de-lei-que-autoriza-repasse-de-complemento-do-piso-aos-profissionais-da-enfermagem-a-camara-municipal\\\/#primaryimage\"},\"image\":{\"@id\":\"https:\\\/\\\/regiaonews.net.br\\\/2022\\\/2024\\\/04\\\/12\\\/prefeitura-envia-projeto-de-lei-que-autoriza-repasse-de-complemento-do-piso-aos-profissionais-da-enfermagem-a-camara-municipal\\\/#primaryimage\"},\"thumbnailUrl\":\"https:\\\/\\\/regiaonews.net.br\\\/2022\\\/wp-content\\\/uploads\\\/2024\\\/04\\\/WhatsApp-Image-2024-04-12-at-15.09.12.jpeg\",\"datePublished\":\"2024-04-12T21:44:02+00:00\",\"breadcrumb\":{\"@id\":\"https:\\\/\\\/regiaonews.net.br\\\/2022\\\/2024\\\/04\\\/12\\\/prefeitura-envia-projeto-de-lei-que-autoriza-repasse-de-complemento-do-piso-aos-profissionais-da-enfermagem-a-camara-municipal\\\/#breadcrumb\"},\"inLanguage\":\"pt-BR\",\"potentialAction\":[{\"@type\":\"ReadAction\",\"target\":[\"https:\\\/\\\/regiaonews.net.br\\\/2022\\\/2024\\\/04\\\/12\\\/prefeitura-envia-projeto-de-lei-que-autoriza-repasse-de-complemento-do-piso-aos-profissionais-da-enfermagem-a-camara-municipal\\\/\"]}]},{\"@type\":\"ImageObject\",\"inLanguage\":\"pt-BR\",\"@id\":\"https:\\\/\\\/regiaonews.net.br\\\/2022\\\/2024\\\/04\\\/12\\\/prefeitura-envia-projeto-de-lei-que-autoriza-repasse-de-complemento-do-piso-aos-profissionais-da-enfermagem-a-camara-municipal\\\/#primaryimage\",\"url\":\"https:\\\/\\\/regiaonews.net.br\\\/2022\\\/wp-content\\\/uploads\\\/2024\\\/04\\\/WhatsApp-Image-2024-04-12-at-15.09.12.jpeg\",\"contentUrl\":\"https:\\\/\\\/regiaonews.net.br\\\/2022\\\/wp-content\\\/uploads\\\/2024\\\/04\\\/WhatsApp-Image-2024-04-12-at-15.09.12.jpeg\",\"width\":1024,\"height\":679},{\"@type\":\"BreadcrumbList\",\"@id\":\"https:\\\/\\\/regiaonews.net.br\\\/2022\\\/2024\\\/04\\\/12\\\/prefeitura-envia-projeto-de-lei-que-autoriza-repasse-de-complemento-do-piso-aos-profissionais-da-enfermagem-a-camara-municipal\\\/#breadcrumb\",\"itemListElement\":[{\"@type\":\"ListItem\",\"position\":1,\"name\":\"In\u00edcio\",\"item\":\"https:\\\/\\\/regiaonews.net.br\\\/2022\\\/\"},{\"@type\":\"ListItem\",\"position\":2,\"name\":\"Prefeitura envia Projeto de Lei que autoriza repasse de complemento do piso aos profissionais da enfermagem \u00e0 C\u00e2mara Municipal\"}]},{\"@type\":\"WebSite\",\"@id\":\"https:\\\/\\\/regiaonews.net.br\\\/2022\\\/#website\",\"url\":\"https:\\\/\\\/regiaonews.net.br\\\/2022\\\/\",\"name\":\"Regi\u00e3o News\",\"description\":\"Site de Not\u00edcias de Barretos e regi\u00e3o\",\"publisher\":{\"@id\":\"https:\\\/\\\/regiaonews.net.br\\\/2022\\\/#organization\"},\"potentialAction\":[{\"@type\":\"SearchAction\",\"target\":{\"@type\":\"EntryPoint\",\"urlTemplate\":\"https:\\\/\\\/regiaonews.net.br\\\/2022\\\/?s={search_term_string}\"},\"query-input\":{\"@type\":\"PropertyValueSpecification\",\"valueRequired\":true,\"valueName\":\"search_term_string\"}}],\"inLanguage\":\"pt-BR\"},{\"@type\":\"Organization\",\"@id\":\"https:\\\/\\\/regiaonews.net.br\\\/2022\\\/#organization\",\"name\":\"Regi\u00e3o News\",\"url\":\"https:\\\/\\\/regiaonews.net.br\\\/2022\\\/\",\"logo\":{\"@type\":\"ImageObject\",\"inLanguage\":\"pt-BR\",\"@id\":\"https:\\\/\\\/regiaonews.net.br\\\/2022\\\/#\\\/schema\\\/logo\\\/image\\\/\",\"url\":\"https:\\\/\\\/regiaonews.net.br\\\/2022\\\/wp-content\\\/uploads\\\/2026\\\/03\\\/regiao-13-anos-scaled.jpg\",\"contentUrl\":\"https:\\\/\\\/regiaonews.net.br\\\/2022\\\/wp-content\\\/uploads\\\/2026\\\/03\\\/regiao-13-anos-scaled.jpg\",\"width\":2560,\"height\":635,\"caption\":\"Regi\u00e3o News\"},\"image\":{\"@id\":\"https:\\\/\\\/regiaonews.net.br\\\/2022\\\/#\\\/schema\\\/logo\\\/image\\\/\"}},{\"@type\":\"Person\",\"@id\":\"https:\\\/\\\/regiaonews.net.br\\\/2022\\\/#\\\/schema\\\/person\\\/2d205a608a5aa97ac279d7a5e6d89ad8\",\"name\":\"Roberto\",\"image\":{\"@type\":\"ImageObject\",\"inLanguage\":\"pt-BR\",\"@id\":\"https:\\\/\\\/secure.gravatar.com\\\/avatar\\\/42749d8b712ff9d59ca93dc150494e5b55a44134482993f5baeb97e61b7ecc89?s=96&d=mm&r=g\",\"url\":\"https:\\\/\\\/secure.gravatar.com\\\/avatar\\\/42749d8b712ff9d59ca93dc150494e5b55a44134482993f5baeb97e61b7ecc89?s=96&d=mm&r=g\",\"contentUrl\":\"https:\\\/\\\/secure.gravatar.com\\\/avatar\\\/42749d8b712ff9d59ca93dc150494e5b55a44134482993f5baeb97e61b7ecc89?s=96&d=mm&r=g\",\"caption\":\"Roberto\"},\"url\":\"https:\\\/\\\/regiaonews.net.br\\\/2022\\\/author\\\/roberto\\\/\"}]}<\/script>\n<!-- \/ Yoast SEO plugin. -->","yoast_head_json":{"title":"Prefeitura envia Projeto de Lei que autoriza repasse de complemento do piso aos profissionais da enfermagem \u00e0 C\u00e2mara Municipal - Regi\u00e3o News","robots":{"index":"index","follow":"follow","max-snippet":"max-snippet:-1","max-image-preview":"max-image-preview:large","max-video-preview":"max-video-preview:-1"},"canonical":"https:\/\/regiaonews.net.br\/2022\/2024\/04\/12\/prefeitura-envia-projeto-de-lei-que-autoriza-repasse-de-complemento-do-piso-aos-profissionais-da-enfermagem-a-camara-municipal\/","og_locale":"pt_BR","og_type":"article","og_title":"Prefeitura envia Projeto de Lei que autoriza repasse de complemento do piso aos profissionais da enfermagem \u00e0 C\u00e2mara Municipal - Regi\u00e3o News","og_description":"Recursos s\u00e3o referentes ao m\u00eas de mar\u00e7o e devem ser","og_url":"https:\/\/regiaonews.net.br\/2022\/2024\/04\/12\/prefeitura-envia-projeto-de-lei-que-autoriza-repasse-de-complemento-do-piso-aos-profissionais-da-enfermagem-a-camara-municipal\/","og_site_name":"Regi\u00e3o News","article_published_time":"2024-04-12T21:44:02+00:00","og_image":[{"width":1024,"height":679,"url":"https:\/\/regiaonews.net.br\/2022\/wp-content\/uploads\/2024\/04\/WhatsApp-Image-2024-04-12-at-15.09.12.jpeg","type":"image\/jpeg"}],"author":"Roberto","twitter_card":"summary_large_image","twitter_misc":{"Escrito por":"Roberto","Est. tempo de leitura":"1 minuto"},"schema":{"@context":"https:\/\/schema.org","@graph":[{"@type":"Article","@id":"https:\/\/regiaonews.net.br\/2022\/2024\/04\/12\/prefeitura-envia-projeto-de-lei-que-autoriza-repasse-de-complemento-do-piso-aos-profissionais-da-enfermagem-a-camara-municipal\/#article","isPartOf":{"@id":"https:\/\/regiaonews.net.br\/2022\/2024\/04\/12\/prefeitura-envia-projeto-de-lei-que-autoriza-repasse-de-complemento-do-piso-aos-profissionais-da-enfermagem-a-camara-municipal\/"},"author":{"name":"Roberto","@id":"https:\/\/regiaonews.net.br\/2022\/#\/schema\/person\/2d205a608a5aa97ac279d7a5e6d89ad8"},"headline":"Prefeitura envia Projeto de Lei que autoriza repasse de complemento do piso aos profissionais da enfermagem \u00e0 C\u00e2mara Municipal","datePublished":"2024-04-12T21:44:02+00:00","mainEntityOfPage":{"@id":"https:\/\/regiaonews.net.br\/2022\/2024\/04\/12\/prefeitura-envia-projeto-de-lei-que-autoriza-repasse-de-complemento-do-piso-aos-profissionais-da-enfermagem-a-camara-municipal\/"},"wordCount":163,"commentCount":0,"publisher":{"@id":"https:\/\/regiaonews.net.br\/2022\/#organization"},"image":{"@id":"https:\/\/regiaonews.net.br\/2022\/2024\/04\/12\/prefeitura-envia-projeto-de-lei-que-autoriza-repasse-de-complemento-do-piso-aos-profissionais-da-enfermagem-a-camara-municipal\/#primaryimage"},"thumbnailUrl":"https:\/\/regiaonews.net.br\/2022\/wp-content\/uploads\/2024\/04\/WhatsApp-Image-2024-04-12-at-15.09.12.jpeg","articleSection":["Barretos","Cidades"],"inLanguage":"pt-BR","potentialAction":[{"@type":"CommentAction","name":"Comment","target":["https:\/\/regiaonews.net.br\/2022\/2024\/04\/12\/prefeitura-envia-projeto-de-lei-que-autoriza-repasse-de-complemento-do-piso-aos-profissionais-da-enfermagem-a-camara-municipal\/#respond"]}]},{"@type":"WebPage","@id":"https:\/\/regiaonews.net.br\/2022\/2024\/04\/12\/prefeitura-envia-projeto-de-lei-que-autoriza-repasse-de-complemento-do-piso-aos-profissionais-da-enfermagem-a-camara-municipal\/","url":"https:\/\/regiaonews.net.br\/2022\/2024\/04\/12\/prefeitura-envia-projeto-de-lei-que-autoriza-repasse-de-complemento-do-piso-aos-profissionais-da-enfermagem-a-camara-municipal\/","name":"Prefeitura envia Projeto de Lei que autoriza repasse de complemento do piso aos profissionais da enfermagem \u00e0 C\u00e2mara Municipal - Regi\u00e3o News","isPartOf":{"@id":"https:\/\/regiaonews.net.br\/2022\/#website"},"primaryImageOfPage":{"@id":"https:\/\/regiaonews.net.br\/2022\/2024\/04\/12\/prefeitura-envia-projeto-de-lei-que-autoriza-repasse-de-complemento-do-piso-aos-profissionais-da-enfermagem-a-camara-municipal\/#primaryimage"},"image":{"@id":"https:\/\/regiaonews.net.br\/2022\/2024\/04\/12\/prefeitura-envia-projeto-de-lei-que-autoriza-repasse-de-complemento-do-piso-aos-profissionais-da-enfermagem-a-camara-municipal\/#primaryimage"},"thumbnailUrl":"https:\/\/regiaonews.net.br\/2022\/wp-content\/uploads\/2024\/04\/WhatsApp-Image-2024-04-12-at-15.09.12.jpeg","datePublished":"2024-04-12T21:44:02+00:00","breadcrumb":{"@id":"https:\/\/regiaonews.net.br\/2022\/2024\/04\/12\/prefeitura-envia-projeto-de-lei-que-autoriza-repasse-de-complemento-do-piso-aos-profissionais-da-enfermagem-a-camara-municipal\/#breadcrumb"},"inLanguage":"pt-BR","potentialAction":[{"@type":"ReadAction","target":["https:\/\/regiaonews.net.br\/2022\/2024\/04\/12\/prefeitura-envia-projeto-de-lei-que-autoriza-repasse-de-complemento-do-piso-aos-profissionais-da-enfermagem-a-camara-municipal\/"]}]},{"@type":"ImageObject","inLanguage":"pt-BR","@id":"https:\/\/regiaonews.net.br\/2022\/2024\/04\/12\/prefeitura-envia-projeto-de-lei-que-autoriza-repasse-de-complemento-do-piso-aos-profissionais-da-enfermagem-a-camara-municipal\/#primaryimage","url":"https:\/\/regiaonews.net.br\/2022\/wp-content\/uploads\/2024\/04\/WhatsApp-Image-2024-04-12-at-15.09.12.jpeg","contentUrl":"https:\/\/regiaonews.net.br\/2022\/wp-content\/uploads\/2024\/04\/WhatsApp-Image-2024-04-12-at-15.09.12.jpeg","width":1024,"height":679},{"@type":"BreadcrumbList","@id":"https:\/\/regiaonews.net.br\/2022\/2024\/04\/12\/prefeitura-envia-projeto-de-lei-que-autoriza-repasse-de-complemento-do-piso-aos-profissionais-da-enfermagem-a-camara-municipal\/#breadcrumb","itemListElement":[{"@type":"ListItem","position":1,"name":"In\u00edcio","item":"https:\/\/regiaonews.net.br\/2022\/"},{"@type":"ListItem","position":2,"name":"Prefeitura envia Projeto de Lei que autoriza repasse de complemento do piso aos profissionais da enfermagem \u00e0 C\u00e2mara Municipal"}]},{"@type":"WebSite","@id":"https:\/\/regiaonews.net.br\/2022\/#website","url":"https:\/\/regiaonews.net.br\/2022\/","name":"Regi\u00e3o News","description":"Site de Not\u00edcias de Barretos e regi\u00e3o","publisher":{"@id":"https:\/\/regiaonews.net.br\/2022\/#organization"},"potentialAction":[{"@type":"SearchAction","target":{"@type":"EntryPoint","urlTemplate":"https:\/\/regiaonews.net.br\/2022\/?s={search_term_string}"},"query-input":{"@type":"PropertyValueSpecification","valueRequired":true,"valueName":"search_term_string"}}],"inLanguage":"pt-BR"},{"@type":"Organization","@id":"https:\/\/regiaonews.net.br\/2022\/#organization","name":"Regi\u00e3o News","url":"https:\/\/regiaonews.net.br\/2022\/","logo":{"@type":"ImageObject","inLanguage":"pt-BR","@id":"https:\/\/regiaonews.net.br\/2022\/#\/schema\/logo\/image\/","url":"https:\/\/regiaonews.net.br\/2022\/wp-content\/uploads\/2026\/03\/regiao-13-anos-scaled.jpg","contentUrl":"https:\/\/regiaonews.net.br\/2022\/wp-content\/uploads\/2026\/03\/regiao-13-anos-scaled.jpg","width":2560,"height":635,"caption":"Regi\u00e3o News"},"image":{"@id":"https:\/\/regiaonews.net.br\/2022\/#\/schema\/logo\/image\/"}},{"@type":"Person","@id":"https:\/\/regiaonews.net.br\/2022\/#\/schema\/person\/2d205a608a5aa97ac279d7a5e6d89ad8","name":"Roberto","image":{"@type":"ImageObject","inLanguage":"pt-BR","@id":"https:\/\/secure.gravatar.com\/avatar\/42749d8b712ff9d59ca93dc150494e5b55a44134482993f5baeb97e61b7ecc89?s=96&d=mm&r=g","url":"https:\/\/secure.gravatar.com\/avatar\/42749d8b712ff9d59ca93dc150494e5b55a44134482993f5baeb97e61b7ecc89?s=96&d=mm&r=g","contentUrl":"https:\/\/secure.gravatar.com\/avatar\/42749d8b712ff9d59ca93dc150494e5b55a44134482993f5baeb97e61b7ecc89?s=96&d=mm&r=g","caption":"Roberto"},"url":"https:\/\/regiaonews.net.br\/2022\/author\/roberto\/"}]}},"publishpress_future_action":{"enabled":false,"date":"2026-05-03 04:15:50","action":"change-status","newStatus":"draft","terms":[],"taxonomy":"category","extraData":[]},"publishpress_future_workflow_manual_trigger":{"enabledWorkflows":[]},"_links":{"self":[{"href":"https:\/\/regiaonews.net.br\/2022\/wp-json\/wp\/v2\/posts\/103580","targetHints":{"allow":["GET"]}}],"collection":[{"href":"https:\/\/regiaonews.net.br\/2022\/wp-json\/wp\/v2\/posts"}],"about":[{"href":"https:\/\/regiaonews.net.br\/2022\/wp-json\/wp\/v2\/types\/post"}],"author":[{"embeddable":true,"href":"https:\/\/regiaonews.net.br\/2022\/wp-json\/wp\/v2\/users\/2"}],"replies":[{"embeddable":true,"href":"https:\/\/regiaonews.net.br\/2022\/wp-json\/wp\/v2\/comments?post=103580"}],"version-history":[{"count":1,"href":"https:\/\/regiaonews.net.br\/2022\/wp-json\/wp\/v2\/posts\/103580\/revisions"}],"predecessor-version":[{"id":103582,"href":"https:\/\/regiaonews.net.br\/2022\/wp-json\/wp\/v2\/posts\/103580\/revisions\/103582"}],"wp:featuredmedia":[{"embeddable":true,"href":"https:\/\/regiaonews.net.br\/2022\/wp-json\/wp\/v2\/media\/103581"}],"wp:attachment":[{"href":"https:\/\/regiaonews.net.br\/2022\/wp-json\/wp\/v2\/media?parent=103580"}],"wp:term":[{"taxonomy":"category","embeddable":true,"href":"https:\/\/regiaonews.net.br\/2022\/wp-json\/wp\/v2\/categories?post=103580"},{"taxonomy":"post_tag","embeddable":true,"href":"https:\/\/regiaonews.net.br\/2022\/wp-json\/wp\/v2\/tags?post=103580"}],"curies":[{"name":"wp","href":"https:\/\/api.w.org\/{rel}","templated":true}]}}