{"id":103552,"date":"2024-04-12T10:24:17","date_gmt":"2024-04-12T13:24:17","guid":{"rendered":"https:\/\/regiaonews.net.br\/2022\/?p=103552"},"modified":"2024-04-12T10:24:17","modified_gmt":"2024-04-12T13:24:17","slug":"sp-sempre-alerta-uma-politica-de-estado-para-prevencao-a-desastres","status":"publish","type":"post","link":"https:\/\/regiaonews.net.br\/2022\/2024\/04\/12\/sp-sempre-alerta-uma-politica-de-estado-para-prevencao-a-desastres\/","title":{"rendered":"SP Sempre Alerta: uma pol\u00edtica de Estado para preven\u00e7\u00e3o a desastres"},"content":{"rendered":"<p>As mudan\u00e7as clim\u00e1ticas s\u00e3o uma realidade que afetam todo o planeta e exigem novos protocolos dos entes governamentais e da pr\u00f3pria sociedade civil para proteger a popula\u00e7\u00e3o. Para al\u00e9m de todas as grandes obras estruturantes e transi\u00e7\u00e3o para matrizes energ\u00e9ticas limpas que demandam planejamento de longo prazo e bilh\u00f5es de reais em investimentos p\u00fablicos e privados, gest\u00f5es p\u00fablicas de todas as esferas devem agir de imediato para implementar uma filosofia ininterrupta de preven\u00e7\u00e3o a desastres. \u00c9 com este objetivo que a administra\u00e7\u00e3o paulista est\u00e1 avan\u00e7ando nas a\u00e7\u00f5es do programa S\u00e3o Paulo Sempre Alerta.<\/p>\n<p>Apresentada pelo governador Tarc\u00edsio de Freitas em dezembro de 2023, a iniciativa determina a atua\u00e7\u00e3o integrada e permanente de secretarias e \u00f3rg\u00e3os estaduais de prote\u00e7\u00e3o civil e ambiental para prevenir e mitigar riscos decorrentes de eventos extremos. Baseado em uso intensivo da tecnologia para monitoramento meteorol\u00f3gico, comunica\u00e7\u00e3o assertiva de alertas clim\u00e1ticos e dissemina\u00e7\u00e3o maci\u00e7a de informa\u00e7\u00f5es sobre autoprote\u00e7\u00e3o antes, durante e ap\u00f3s desastres, o programa S\u00e3o Paulo Sempre Alerta n\u00e3o \u00e9 apenas uma marca. Ele se torna paradigma literal de como a gest\u00e3o paulista passou a lidar com os efeitos do clima em nossa sociedade.<\/p>\n<p>Desde o ano passado, a Defesa Civil do Estado passou a ter um papel ainda mais determinante nas a\u00e7\u00f5es de prote\u00e7\u00e3o urbana e medidas de salvamento. Desde a trag\u00e9dia no Litoral Norte durante a maior tempestade j\u00e1 registrada no Brasil, h\u00e1 pouco mais de um ano, o protocolo de pronta resposta a eventos clim\u00e1ticos n\u00e3o se restringe \u00e0s a\u00e7\u00f5es de resgate e salvamentos.<\/p>\n<p>Com a consolida\u00e7\u00e3o do S\u00e3o Paulo Sempre Alerta, a prontid\u00e3o \u00e9 permanente desde as medi\u00e7\u00f5es meteorol\u00f3gicas feitas pelo CGE (Centro de Gerenciamento de Emerg\u00eancias), passando por treinamentos regulares de equipes municipais, aquisi\u00e7\u00e3o de equipamentos para apoio \u00e0s prefeituras e investimento em tecnologia de ponta para monitorar o clima e proteger a popula\u00e7\u00e3o, principalmente moradores em \u00e1reas urbanas suscet\u00edveis a deslizamentos e grandes enchentes.<\/p>\n<p>Desde novembro, a Defesa Civil do Estado mant\u00e9m em Ilhabela um novo radar meteorol\u00f3gico que monitora o clima com mais precis\u00e3o e agilidade tanto no Litoral Norte como na Baixada Santista. De modelo banda-X e fabrica\u00e7\u00e3o norte-americana, o equipamento foi comprado com investimento estadual de R$ 10 milh\u00f5es. O radar tem 500 watts de pot\u00eancia, uma antena de 1,80m e alcance que se estende a 120 km. Ele \u00e9 capaz de visualizar a intensidade das precipita\u00e7\u00f5es e se haver\u00e1 aumento ou diminui\u00e7\u00e3o da chuva.<\/p>\n<p>Com mais efici\u00eancia na previs\u00e3o meteorol\u00f3gica, o Governo de S\u00e3o Paulo tamb\u00e9m amplia a assertividade e a ader\u00eancia da comunica\u00e7\u00e3o de alertas relacionados a eventos de risco moderado, alto ou extremo. Com linguagem did\u00e1tica e dirigida a todos os p\u00fablicos, a gest\u00e3o estadual divulga os comunicados tanto por meio da imprensa como na dissemina\u00e7\u00e3o de conte\u00fado por redes sociais e aplicativos de mensagem. Nas cidades ou comunidades em que o risco \u00e9 maior, a Defesa Civil do Estado tamb\u00e9m atua com distribui\u00e7\u00e3o de cartilhas e treinamento dos moradores para situa\u00e7\u00f5es de desastre, orientando sobre o que deve ser feito para salvar vidas em casos de deslizamentos ou inunda\u00e7\u00f5es.<\/p>\n<p>O pr\u00f3prio sistema p\u00fablico de alertas est\u00e1 passando por grandes transforma\u00e7\u00f5es com base nas diretrizes estaduais de preven\u00e7\u00e3o e prontid\u00e3o cont\u00ednuas. O Governo de S\u00e3o Paulo investiu em novas sirenes que s\u00e3o acionadas antes de temporais nas regi\u00f5es de risco, com divulga\u00e7\u00e3o de orienta\u00e7\u00f5es sobre pontos seguros e rotas de fuga em caso de necessidade de abandono dos bairros. Tr\u00eas sirenes j\u00e1 est\u00e3o instaladas em S\u00e3o Sebasti\u00e3o, no Litoral Norte, Guaruj\u00e1, na Baixada Santista, e Franco da Rocha, na Grande S\u00e3o Paulo.<\/p>\n<p>Nos pr\u00f3ximos meses, outras inova\u00e7\u00f5es em sistemas de alerta ser\u00e3o implementadas pelo Governo do Estado, como a tecnologia cellbroadcast para transmiss\u00f5es de avisos diretamente a todos os celulares de uma determinada regi\u00e3o com base em geolocaliza\u00e7\u00e3o. O sistema est\u00e1 em processo de testes e alinhamento de protocolos tanto com as operadoras de telefonia como com o governo federal, com funcionamento previsto ao longo deste ano.<\/p>\n<p>Com o uso inteligente da tecnologia e da comunica\u00e7\u00e3o, o Governo de S\u00e3o Paulo d\u00e1 um passo importante para conscientizar mais de 45 milh\u00f5es de pessoas sobre os riscos da nova realidade do clima. As medidas de curto prazo para proteger e salvar vidas s\u00e3o t\u00e3o importantes quanto estabelecer e executar as pol\u00edticas p\u00fablicas e obras estruturantes que v\u00e3o tornar nossas cidades mais resilientes ao longo dos anos. Neste cen\u00e1rio, a Defesa Civil do Estado estar\u00e1 sempre alerta para oferecer prote\u00e7\u00e3o e pronta resposta \u00e0 popula\u00e7\u00e3o diante de condi\u00e7\u00f5es clim\u00e1ticas cada vez mais desafiadoras.<\/p>\n<p>Coronel PM Henguel Ricardo Pereira<br \/>\nSecret\u00e1rio-Chefe da Casa Militar e Coordenador da Defesa Civil\u00a0do\u00a0Estado<\/p>\n","protected":false},"excerpt":{"rendered":"<p>As mudan\u00e7as clim\u00e1ticas s\u00e3o uma realidade que afetam todo o<\/p>\n","protected":false},"author":2,"featured_media":103553,"comment_status":"open","ping_status":"open","sticky":false,"template":"","format":"standard","meta":{"footnotes":""},"categories":[14,3],"tags":[],"class_list":["post-103552","post","type-post","status-publish","format-standard","has-post-thumbnail","hentry","category-barretos","category-geral"],"yoast_head":"<!-- This site is optimized with the Yoast SEO plugin v27.4 - https:\/\/yoast.com\/product\/yoast-seo-wordpress\/ -->\n<title>SP Sempre Alerta: uma pol\u00edtica de Estado para preven\u00e7\u00e3o a desastres - Regi\u00e3o News<\/title>\n<meta name=\"robots\" content=\"index, follow, max-snippet:-1, max-image-preview:large, max-video-preview:-1\" \/>\n<link rel=\"canonical\" href=\"https:\/\/regiaonews.net.br\/2022\/2024\/04\/12\/sp-sempre-alerta-uma-politica-de-estado-para-prevencao-a-desastres\/\" \/>\n<meta property=\"og:locale\" content=\"pt_BR\" \/>\n<meta property=\"og:type\" content=\"article\" \/>\n<meta property=\"og:title\" content=\"SP Sempre Alerta: uma pol\u00edtica de Estado para preven\u00e7\u00e3o a desastres - Regi\u00e3o News\" \/>\n<meta property=\"og:description\" content=\"As mudan\u00e7as clim\u00e1ticas s\u00e3o uma realidade que afetam todo o\" \/>\n<meta property=\"og:url\" content=\"https:\/\/regiaonews.net.br\/2022\/2024\/04\/12\/sp-sempre-alerta-uma-politica-de-estado-para-prevencao-a-desastres\/\" \/>\n<meta property=\"og:site_name\" content=\"Regi\u00e3o News\" \/>\n<meta property=\"article:published_time\" content=\"2024-04-12T13:24:17+00:00\" \/>\n<meta property=\"og:image\" content=\"https:\/\/regiaonews.net.br\/2022\/wp-content\/uploads\/2024\/04\/Imagem-do-WhatsApp-de-2024-04-12-as-10.20.31_327a241c.jpg\" \/>\n\t<meta property=\"og:image:width\" content=\"1100\" \/>\n\t<meta property=\"og:image:height\" content=\"1600\" \/>\n\t<meta property=\"og:image:type\" content=\"image\/jpeg\" \/>\n<meta name=\"author\" content=\"Roberto\" \/>\n<meta name=\"twitter:card\" content=\"summary_large_image\" \/>\n<meta name=\"twitter:label1\" content=\"Escrito por\" \/>\n\t<meta name=\"twitter:data1\" content=\"Roberto\" \/>\n\t<meta name=\"twitter:label2\" content=\"Est. tempo de leitura\" \/>\n\t<meta name=\"twitter:data2\" content=\"5 minutos\" \/>\n<script type=\"application\/ld+json\" class=\"yoast-schema-graph\">{\"@context\":\"https:\\\/\\\/schema.org\",\"@graph\":[{\"@type\":\"Article\",\"@id\":\"https:\\\/\\\/regiaonews.net.br\\\/2022\\\/2024\\\/04\\\/12\\\/sp-sempre-alerta-uma-politica-de-estado-para-prevencao-a-desastres\\\/#article\",\"isPartOf\":{\"@id\":\"https:\\\/\\\/regiaonews.net.br\\\/2022\\\/2024\\\/04\\\/12\\\/sp-sempre-alerta-uma-politica-de-estado-para-prevencao-a-desastres\\\/\"},\"author\":{\"name\":\"Roberto\",\"@id\":\"https:\\\/\\\/regiaonews.net.br\\\/2022\\\/#\\\/schema\\\/person\\\/2d205a608a5aa97ac279d7a5e6d89ad8\"},\"headline\":\"SP Sempre Alerta: uma pol\u00edtica de Estado para preven\u00e7\u00e3o a desastres\",\"datePublished\":\"2024-04-12T13:24:17+00:00\",\"mainEntityOfPage\":{\"@id\":\"https:\\\/\\\/regiaonews.net.br\\\/2022\\\/2024\\\/04\\\/12\\\/sp-sempre-alerta-uma-politica-de-estado-para-prevencao-a-desastres\\\/\"},\"wordCount\":872,\"commentCount\":0,\"publisher\":{\"@id\":\"https:\\\/\\\/regiaonews.net.br\\\/2022\\\/#organization\"},\"image\":{\"@id\":\"https:\\\/\\\/regiaonews.net.br\\\/2022\\\/2024\\\/04\\\/12\\\/sp-sempre-alerta-uma-politica-de-estado-para-prevencao-a-desastres\\\/#primaryimage\"},\"thumbnailUrl\":\"https:\\\/\\\/regiaonews.net.br\\\/2022\\\/wp-content\\\/uploads\\\/2024\\\/04\\\/Imagem-do-WhatsApp-de-2024-04-12-as-10.20.31_327a241c.jpg\",\"articleSection\":[\"Barretos\",\"Geral\"],\"inLanguage\":\"pt-BR\",\"potentialAction\":[{\"@type\":\"CommentAction\",\"name\":\"Comment\",\"target\":[\"https:\\\/\\\/regiaonews.net.br\\\/2022\\\/2024\\\/04\\\/12\\\/sp-sempre-alerta-uma-politica-de-estado-para-prevencao-a-desastres\\\/#respond\"]}]},{\"@type\":\"WebPage\",\"@id\":\"https:\\\/\\\/regiaonews.net.br\\\/2022\\\/2024\\\/04\\\/12\\\/sp-sempre-alerta-uma-politica-de-estado-para-prevencao-a-desastres\\\/\",\"url\":\"https:\\\/\\\/regiaonews.net.br\\\/2022\\\/2024\\\/04\\\/12\\\/sp-sempre-alerta-uma-politica-de-estado-para-prevencao-a-desastres\\\/\",\"name\":\"SP Sempre Alerta: uma pol\u00edtica de Estado para preven\u00e7\u00e3o a desastres - Regi\u00e3o News\",\"isPartOf\":{\"@id\":\"https:\\\/\\\/regiaonews.net.br\\\/2022\\\/#website\"},\"primaryImageOfPage\":{\"@id\":\"https:\\\/\\\/regiaonews.net.br\\\/2022\\\/2024\\\/04\\\/12\\\/sp-sempre-alerta-uma-politica-de-estado-para-prevencao-a-desastres\\\/#primaryimage\"},\"image\":{\"@id\":\"https:\\\/\\\/regiaonews.net.br\\\/2022\\\/2024\\\/04\\\/12\\\/sp-sempre-alerta-uma-politica-de-estado-para-prevencao-a-desastres\\\/#primaryimage\"},\"thumbnailUrl\":\"https:\\\/\\\/regiaonews.net.br\\\/2022\\\/wp-content\\\/uploads\\\/2024\\\/04\\\/Imagem-do-WhatsApp-de-2024-04-12-as-10.20.31_327a241c.jpg\",\"datePublished\":\"2024-04-12T13:24:17+00:00\",\"breadcrumb\":{\"@id\":\"https:\\\/\\\/regiaonews.net.br\\\/2022\\\/2024\\\/04\\\/12\\\/sp-sempre-alerta-uma-politica-de-estado-para-prevencao-a-desastres\\\/#breadcrumb\"},\"inLanguage\":\"pt-BR\",\"potentialAction\":[{\"@type\":\"ReadAction\",\"target\":[\"https:\\\/\\\/regiaonews.net.br\\\/2022\\\/2024\\\/04\\\/12\\\/sp-sempre-alerta-uma-politica-de-estado-para-prevencao-a-desastres\\\/\"]}]},{\"@type\":\"ImageObject\",\"inLanguage\":\"pt-BR\",\"@id\":\"https:\\\/\\\/regiaonews.net.br\\\/2022\\\/2024\\\/04\\\/12\\\/sp-sempre-alerta-uma-politica-de-estado-para-prevencao-a-desastres\\\/#primaryimage\",\"url\":\"https:\\\/\\\/regiaonews.net.br\\\/2022\\\/wp-content\\\/uploads\\\/2024\\\/04\\\/Imagem-do-WhatsApp-de-2024-04-12-as-10.20.31_327a241c.jpg\",\"contentUrl\":\"https:\\\/\\\/regiaonews.net.br\\\/2022\\\/wp-content\\\/uploads\\\/2024\\\/04\\\/Imagem-do-WhatsApp-de-2024-04-12-as-10.20.31_327a241c.jpg\",\"width\":1100,\"height\":1600},{\"@type\":\"BreadcrumbList\",\"@id\":\"https:\\\/\\\/regiaonews.net.br\\\/2022\\\/2024\\\/04\\\/12\\\/sp-sempre-alerta-uma-politica-de-estado-para-prevencao-a-desastres\\\/#breadcrumb\",\"itemListElement\":[{\"@type\":\"ListItem\",\"position\":1,\"name\":\"In\u00edcio\",\"item\":\"https:\\\/\\\/regiaonews.net.br\\\/2022\\\/\"},{\"@type\":\"ListItem\",\"position\":2,\"name\":\"SP Sempre Alerta: uma pol\u00edtica de Estado para preven\u00e7\u00e3o a desastres\"}]},{\"@type\":\"WebSite\",\"@id\":\"https:\\\/\\\/regiaonews.net.br\\\/2022\\\/#website\",\"url\":\"https:\\\/\\\/regiaonews.net.br\\\/2022\\\/\",\"name\":\"Regi\u00e3o News\",\"description\":\"Site de Not\u00edcias de Barretos e regi\u00e3o\",\"publisher\":{\"@id\":\"https:\\\/\\\/regiaonews.net.br\\\/2022\\\/#organization\"},\"potentialAction\":[{\"@type\":\"SearchAction\",\"target\":{\"@type\":\"EntryPoint\",\"urlTemplate\":\"https:\\\/\\\/regiaonews.net.br\\\/2022\\\/?s={search_term_string}\"},\"query-input\":{\"@type\":\"PropertyValueSpecification\",\"valueRequired\":true,\"valueName\":\"search_term_string\"}}],\"inLanguage\":\"pt-BR\"},{\"@type\":\"Organization\",\"@id\":\"https:\\\/\\\/regiaonews.net.br\\\/2022\\\/#organization\",\"name\":\"Regi\u00e3o News\",\"url\":\"https:\\\/\\\/regiaonews.net.br\\\/2022\\\/\",\"logo\":{\"@type\":\"ImageObject\",\"inLanguage\":\"pt-BR\",\"@id\":\"https:\\\/\\\/regiaonews.net.br\\\/2022\\\/#\\\/schema\\\/logo\\\/image\\\/\",\"url\":\"https:\\\/\\\/regiaonews.net.br\\\/2022\\\/wp-content\\\/uploads\\\/2026\\\/03\\\/regiao-13-anos-scaled.jpg\",\"contentUrl\":\"https:\\\/\\\/regiaonews.net.br\\\/2022\\\/wp-content\\\/uploads\\\/2026\\\/03\\\/regiao-13-anos-scaled.jpg\",\"width\":2560,\"height\":635,\"caption\":\"Regi\u00e3o News\"},\"image\":{\"@id\":\"https:\\\/\\\/regiaonews.net.br\\\/2022\\\/#\\\/schema\\\/logo\\\/image\\\/\"}},{\"@type\":\"Person\",\"@id\":\"https:\\\/\\\/regiaonews.net.br\\\/2022\\\/#\\\/schema\\\/person\\\/2d205a608a5aa97ac279d7a5e6d89ad8\",\"name\":\"Roberto\",\"image\":{\"@type\":\"ImageObject\",\"inLanguage\":\"pt-BR\",\"@id\":\"https:\\\/\\\/secure.gravatar.com\\\/avatar\\\/42749d8b712ff9d59ca93dc150494e5b55a44134482993f5baeb97e61b7ecc89?s=96&d=mm&r=g\",\"url\":\"https:\\\/\\\/secure.gravatar.com\\\/avatar\\\/42749d8b712ff9d59ca93dc150494e5b55a44134482993f5baeb97e61b7ecc89?s=96&d=mm&r=g\",\"contentUrl\":\"https:\\\/\\\/secure.gravatar.com\\\/avatar\\\/42749d8b712ff9d59ca93dc150494e5b55a44134482993f5baeb97e61b7ecc89?s=96&d=mm&r=g\",\"caption\":\"Roberto\"},\"url\":\"https:\\\/\\\/regiaonews.net.br\\\/2022\\\/author\\\/roberto\\\/\"}]}<\/script>\n<!-- \/ Yoast SEO plugin. -->","yoast_head_json":{"title":"SP Sempre Alerta: uma pol\u00edtica de Estado para preven\u00e7\u00e3o a desastres - Regi\u00e3o News","robots":{"index":"index","follow":"follow","max-snippet":"max-snippet:-1","max-image-preview":"max-image-preview:large","max-video-preview":"max-video-preview:-1"},"canonical":"https:\/\/regiaonews.net.br\/2022\/2024\/04\/12\/sp-sempre-alerta-uma-politica-de-estado-para-prevencao-a-desastres\/","og_locale":"pt_BR","og_type":"article","og_title":"SP Sempre Alerta: uma pol\u00edtica de Estado para preven\u00e7\u00e3o a desastres - Regi\u00e3o News","og_description":"As mudan\u00e7as clim\u00e1ticas s\u00e3o uma realidade que afetam todo o","og_url":"https:\/\/regiaonews.net.br\/2022\/2024\/04\/12\/sp-sempre-alerta-uma-politica-de-estado-para-prevencao-a-desastres\/","og_site_name":"Regi\u00e3o News","article_published_time":"2024-04-12T13:24:17+00:00","og_image":[{"width":1100,"height":1600,"url":"https:\/\/regiaonews.net.br\/2022\/wp-content\/uploads\/2024\/04\/Imagem-do-WhatsApp-de-2024-04-12-as-10.20.31_327a241c.jpg","type":"image\/jpeg"}],"author":"Roberto","twitter_card":"summary_large_image","twitter_misc":{"Escrito por":"Roberto","Est. tempo de leitura":"5 minutos"},"schema":{"@context":"https:\/\/schema.org","@graph":[{"@type":"Article","@id":"https:\/\/regiaonews.net.br\/2022\/2024\/04\/12\/sp-sempre-alerta-uma-politica-de-estado-para-prevencao-a-desastres\/#article","isPartOf":{"@id":"https:\/\/regiaonews.net.br\/2022\/2024\/04\/12\/sp-sempre-alerta-uma-politica-de-estado-para-prevencao-a-desastres\/"},"author":{"name":"Roberto","@id":"https:\/\/regiaonews.net.br\/2022\/#\/schema\/person\/2d205a608a5aa97ac279d7a5e6d89ad8"},"headline":"SP Sempre Alerta: uma pol\u00edtica de Estado para preven\u00e7\u00e3o a desastres","datePublished":"2024-04-12T13:24:17+00:00","mainEntityOfPage":{"@id":"https:\/\/regiaonews.net.br\/2022\/2024\/04\/12\/sp-sempre-alerta-uma-politica-de-estado-para-prevencao-a-desastres\/"},"wordCount":872,"commentCount":0,"publisher":{"@id":"https:\/\/regiaonews.net.br\/2022\/#organization"},"image":{"@id":"https:\/\/regiaonews.net.br\/2022\/2024\/04\/12\/sp-sempre-alerta-uma-politica-de-estado-para-prevencao-a-desastres\/#primaryimage"},"thumbnailUrl":"https:\/\/regiaonews.net.br\/2022\/wp-content\/uploads\/2024\/04\/Imagem-do-WhatsApp-de-2024-04-12-as-10.20.31_327a241c.jpg","articleSection":["Barretos","Geral"],"inLanguage":"pt-BR","potentialAction":[{"@type":"CommentAction","name":"Comment","target":["https:\/\/regiaonews.net.br\/2022\/2024\/04\/12\/sp-sempre-alerta-uma-politica-de-estado-para-prevencao-a-desastres\/#respond"]}]},{"@type":"WebPage","@id":"https:\/\/regiaonews.net.br\/2022\/2024\/04\/12\/sp-sempre-alerta-uma-politica-de-estado-para-prevencao-a-desastres\/","url":"https:\/\/regiaonews.net.br\/2022\/2024\/04\/12\/sp-sempre-alerta-uma-politica-de-estado-para-prevencao-a-desastres\/","name":"SP Sempre Alerta: uma pol\u00edtica de Estado para preven\u00e7\u00e3o a desastres - Regi\u00e3o News","isPartOf":{"@id":"https:\/\/regiaonews.net.br\/2022\/#website"},"primaryImageOfPage":{"@id":"https:\/\/regiaonews.net.br\/2022\/2024\/04\/12\/sp-sempre-alerta-uma-politica-de-estado-para-prevencao-a-desastres\/#primaryimage"},"image":{"@id":"https:\/\/regiaonews.net.br\/2022\/2024\/04\/12\/sp-sempre-alerta-uma-politica-de-estado-para-prevencao-a-desastres\/#primaryimage"},"thumbnailUrl":"https:\/\/regiaonews.net.br\/2022\/wp-content\/uploads\/2024\/04\/Imagem-do-WhatsApp-de-2024-04-12-as-10.20.31_327a241c.jpg","datePublished":"2024-04-12T13:24:17+00:00","breadcrumb":{"@id":"https:\/\/regiaonews.net.br\/2022\/2024\/04\/12\/sp-sempre-alerta-uma-politica-de-estado-para-prevencao-a-desastres\/#breadcrumb"},"inLanguage":"pt-BR","potentialAction":[{"@type":"ReadAction","target":["https:\/\/regiaonews.net.br\/2022\/2024\/04\/12\/sp-sempre-alerta-uma-politica-de-estado-para-prevencao-a-desastres\/"]}]},{"@type":"ImageObject","inLanguage":"pt-BR","@id":"https:\/\/regiaonews.net.br\/2022\/2024\/04\/12\/sp-sempre-alerta-uma-politica-de-estado-para-prevencao-a-desastres\/#primaryimage","url":"https:\/\/regiaonews.net.br\/2022\/wp-content\/uploads\/2024\/04\/Imagem-do-WhatsApp-de-2024-04-12-as-10.20.31_327a241c.jpg","contentUrl":"https:\/\/regiaonews.net.br\/2022\/wp-content\/uploads\/2024\/04\/Imagem-do-WhatsApp-de-2024-04-12-as-10.20.31_327a241c.jpg","width":1100,"height":1600},{"@type":"BreadcrumbList","@id":"https:\/\/regiaonews.net.br\/2022\/2024\/04\/12\/sp-sempre-alerta-uma-politica-de-estado-para-prevencao-a-desastres\/#breadcrumb","itemListElement":[{"@type":"ListItem","position":1,"name":"In\u00edcio","item":"https:\/\/regiaonews.net.br\/2022\/"},{"@type":"ListItem","position":2,"name":"SP Sempre Alerta: uma pol\u00edtica de Estado para preven\u00e7\u00e3o a desastres"}]},{"@type":"WebSite","@id":"https:\/\/regiaonews.net.br\/2022\/#website","url":"https:\/\/regiaonews.net.br\/2022\/","name":"Regi\u00e3o News","description":"Site de Not\u00edcias de Barretos e regi\u00e3o","publisher":{"@id":"https:\/\/regiaonews.net.br\/2022\/#organization"},"potentialAction":[{"@type":"SearchAction","target":{"@type":"EntryPoint","urlTemplate":"https:\/\/regiaonews.net.br\/2022\/?s={search_term_string}"},"query-input":{"@type":"PropertyValueSpecification","valueRequired":true,"valueName":"search_term_string"}}],"inLanguage":"pt-BR"},{"@type":"Organization","@id":"https:\/\/regiaonews.net.br\/2022\/#organization","name":"Regi\u00e3o News","url":"https:\/\/regiaonews.net.br\/2022\/","logo":{"@type":"ImageObject","inLanguage":"pt-BR","@id":"https:\/\/regiaonews.net.br\/2022\/#\/schema\/logo\/image\/","url":"https:\/\/regiaonews.net.br\/2022\/wp-content\/uploads\/2026\/03\/regiao-13-anos-scaled.jpg","contentUrl":"https:\/\/regiaonews.net.br\/2022\/wp-content\/uploads\/2026\/03\/regiao-13-anos-scaled.jpg","width":2560,"height":635,"caption":"Regi\u00e3o News"},"image":{"@id":"https:\/\/regiaonews.net.br\/2022\/#\/schema\/logo\/image\/"}},{"@type":"Person","@id":"https:\/\/regiaonews.net.br\/2022\/#\/schema\/person\/2d205a608a5aa97ac279d7a5e6d89ad8","name":"Roberto","image":{"@type":"ImageObject","inLanguage":"pt-BR","@id":"https:\/\/secure.gravatar.com\/avatar\/42749d8b712ff9d59ca93dc150494e5b55a44134482993f5baeb97e61b7ecc89?s=96&d=mm&r=g","url":"https:\/\/secure.gravatar.com\/avatar\/42749d8b712ff9d59ca93dc150494e5b55a44134482993f5baeb97e61b7ecc89?s=96&d=mm&r=g","contentUrl":"https:\/\/secure.gravatar.com\/avatar\/42749d8b712ff9d59ca93dc150494e5b55a44134482993f5baeb97e61b7ecc89?s=96&d=mm&r=g","caption":"Roberto"},"url":"https:\/\/regiaonews.net.br\/2022\/author\/roberto\/"}]}},"publishpress_future_action":{"enabled":false,"date":"2026-05-03 18:07:06","action":"change-status","newStatus":"draft","terms":[],"taxonomy":"category","extraData":[]},"publishpress_future_workflow_manual_trigger":{"enabledWorkflows":[]},"_links":{"self":[{"href":"https:\/\/regiaonews.net.br\/2022\/wp-json\/wp\/v2\/posts\/103552","targetHints":{"allow":["GET"]}}],"collection":[{"href":"https:\/\/regiaonews.net.br\/2022\/wp-json\/wp\/v2\/posts"}],"about":[{"href":"https:\/\/regiaonews.net.br\/2022\/wp-json\/wp\/v2\/types\/post"}],"author":[{"embeddable":true,"href":"https:\/\/regiaonews.net.br\/2022\/wp-json\/wp\/v2\/users\/2"}],"replies":[{"embeddable":true,"href":"https:\/\/regiaonews.net.br\/2022\/wp-json\/wp\/v2\/comments?post=103552"}],"version-history":[{"count":1,"href":"https:\/\/regiaonews.net.br\/2022\/wp-json\/wp\/v2\/posts\/103552\/revisions"}],"predecessor-version":[{"id":103554,"href":"https:\/\/regiaonews.net.br\/2022\/wp-json\/wp\/v2\/posts\/103552\/revisions\/103554"}],"wp:featuredmedia":[{"embeddable":true,"href":"https:\/\/regiaonews.net.br\/2022\/wp-json\/wp\/v2\/media\/103553"}],"wp:attachment":[{"href":"https:\/\/regiaonews.net.br\/2022\/wp-json\/wp\/v2\/media?parent=103552"}],"wp:term":[{"taxonomy":"category","embeddable":true,"href":"https:\/\/regiaonews.net.br\/2022\/wp-json\/wp\/v2\/categories?post=103552"},{"taxonomy":"post_tag","embeddable":true,"href":"https:\/\/regiaonews.net.br\/2022\/wp-json\/wp\/v2\/tags?post=103552"}],"curies":[{"name":"wp","href":"https:\/\/api.w.org\/{rel}","templated":true}]}}