{"id":103532,"date":"2024-04-11T20:40:35","date_gmt":"2024-04-11T23:40:35","guid":{"rendered":"https:\/\/regiaonews.net.br\/2022\/?p=103532"},"modified":"2024-04-11T20:40:35","modified_gmt":"2024-04-11T23:40:35","slug":"barretos-country-promove-dia-nacional-da-alegria","status":"publish","type":"post","link":"https:\/\/regiaonews.net.br\/2022\/2024\/04\/11\/barretos-country-promove-dia-nacional-da-alegria\/","title":{"rendered":"Barretos Country promove Dia Nacional da Alegria"},"content":{"rendered":"<p>Cerca de 100 crian\u00e7as da rede p\u00fablica de ensina participaram da a\u00e7\u00e3o, realizada em parceria com o SINDEPAT<br \/>\nMais uma edi\u00e7\u00e3o do \u201cDNA\u201d, sigla para o Dia Nacional da Alegria, foi realizada no Barretos Country Park. A a\u00e7\u00e3o ocorreu nesta semana, na \u00faltima ter\u00e7a-feira (09). Cerca de 100 crian\u00e7as e professores de uma escola da rede p\u00fablica da cidade puderam aproveitar o dia com muita divers\u00e3o e brincadeiras na \u201cCidade dos Infl\u00e1veis\u201d (atra\u00e7\u00e3o montada desde o m\u00eas passado, no estacionamento) e no complexo do parque aqu\u00e1tico e tem\u00e1tico.<\/p>\n<p>A parceria com o SINDEPAT &#8211; Sistema Integrado de Parques &amp; Atra\u00e7\u00f5es Tur\u00edsticas est\u00e1 em sua 15\u00aa edi\u00e7\u00e3o (o projeto foi lan\u00e7ado em 2008 e e visa proporcionar lazer e divers\u00e3o para crian\u00e7as carentes de todo o Brasil). Em Barretos, o GR Group recepcionou este ano a Escola Municipal Dorival Teixeira, do bairro Celina, para a a\u00e7\u00e3o.<\/p>\n<p>\u201c\u00c9 muito gratificante para n\u00f3s receber todos os anos a a\u00e7\u00e3o do SINDEPAT. A a\u00e7\u00e3o vai ao encontro do objetivo principal do Barretos Country, que \u00e9 divertir, fazer sorrir e entreter. Alinhamos com a presidente do Fundo Social de Barretos, Let\u00edcia Lemos, para recebermos as crian\u00e7as atendidas pelo munic\u00edpio. Desenvolvemos uma programa\u00e7\u00e3o especial para o DNA com nossa equipe de recrea\u00e7\u00e3o, com cuidado para que elas pudessem aproveitar tudo o que nosso parque pode oferecer para divers\u00e3o\u201d, endossou Lu\u00eds Migliorini, gerente geral do Barretos Country.<\/p>\n<p>\u201cAgradecemos ao GR Group por esta oportunidade. Todos ficaram encantados e gostaram muito deste dia de sonho preparado para as crian\u00e7as do munic\u00edpio. \u00c9 o alimento emocional que faz a diferen\u00e7a na vida de todos e que o Barretos Country nos proporcionou com tanto amor e carinho\u201d, disse a presidente do Fundo Social de Solidariedade da Est\u00e2ncia Tur\u00edstica de Barretos, Let\u00edcia Lemos.<\/p>\n<p>\u201cConvidamos nossos associados, parques e atra\u00e7\u00f5es tur\u00edsticas a abrirem suas portas para receberem crian\u00e7as para um dia de divers\u00e3o\u201d, explicou a presidente executiva do SINDEPAT, Carolina Negri.<\/p>\n<p>Al\u00e9m do Barretos Country, outros 32 parques e atra\u00e7\u00f5es de todo o pa\u00eds est\u00e3o abrindo suas portas para celebrar o 15\u00b0 DNA, entre os dias 08 e 12 de abril.<\/p>\n","protected":false},"excerpt":{"rendered":"<p>Cerca de 100 crian\u00e7as da rede p\u00fablica de ensina participaram<\/p>\n","protected":false},"author":2,"featured_media":103533,"comment_status":"open","ping_status":"open","sticky":false,"template":"","format":"standard","meta":{"footnotes":""},"categories":[14,25],"tags":[],"class_list":["post-103532","post","type-post","status-publish","format-standard","has-post-thumbnail","hentry","category-barretos","category-cidades"],"yoast_head":"<!-- This site is optimized with the Yoast SEO plugin v27.4 - https:\/\/yoast.com\/product\/yoast-seo-wordpress\/ -->\n<title>Barretos Country promove Dia Nacional da Alegria - Regi\u00e3o News<\/title>\n<meta name=\"robots\" content=\"index, follow, max-snippet:-1, max-image-preview:large, max-video-preview:-1\" \/>\n<link rel=\"canonical\" href=\"https:\/\/regiaonews.net.br\/2022\/2024\/04\/11\/barretos-country-promove-dia-nacional-da-alegria\/\" \/>\n<meta property=\"og:locale\" content=\"pt_BR\" \/>\n<meta property=\"og:type\" content=\"article\" \/>\n<meta property=\"og:title\" content=\"Barretos Country promove Dia Nacional da Alegria - Regi\u00e3o News\" \/>\n<meta property=\"og:description\" content=\"Cerca de 100 crian\u00e7as da rede p\u00fablica de ensina participaram\" \/>\n<meta property=\"og:url\" content=\"https:\/\/regiaonews.net.br\/2022\/2024\/04\/11\/barretos-country-promove-dia-nacional-da-alegria\/\" \/>\n<meta property=\"og:site_name\" content=\"Regi\u00e3o News\" \/>\n<meta property=\"article:published_time\" content=\"2024-04-11T23:40:35+00:00\" \/>\n<meta property=\"og:image\" content=\"https:\/\/regiaonews.net.br\/2022\/wp-content\/uploads\/2024\/04\/9d727c03-cc43-4b18-b3ac-8f1e4a66f384.jpg\" \/>\n\t<meta property=\"og:image:width\" content=\"1600\" \/>\n\t<meta property=\"og:image:height\" content=\"899\" \/>\n\t<meta property=\"og:image:type\" content=\"image\/jpeg\" \/>\n<meta name=\"author\" content=\"Roberto\" \/>\n<meta name=\"twitter:card\" content=\"summary_large_image\" \/>\n<meta name=\"twitter:label1\" content=\"Escrito por\" \/>\n\t<meta name=\"twitter:data1\" content=\"Roberto\" \/>\n\t<meta name=\"twitter:label2\" content=\"Est. tempo de leitura\" \/>\n\t<meta name=\"twitter:data2\" content=\"3 minutos\" \/>\n<script type=\"application\/ld+json\" class=\"yoast-schema-graph\">{\"@context\":\"https:\\\/\\\/schema.org\",\"@graph\":[{\"@type\":\"Article\",\"@id\":\"https:\\\/\\\/regiaonews.net.br\\\/2022\\\/2024\\\/04\\\/11\\\/barretos-country-promove-dia-nacional-da-alegria\\\/#article\",\"isPartOf\":{\"@id\":\"https:\\\/\\\/regiaonews.net.br\\\/2022\\\/2024\\\/04\\\/11\\\/barretos-country-promove-dia-nacional-da-alegria\\\/\"},\"author\":{\"name\":\"Roberto\",\"@id\":\"https:\\\/\\\/regiaonews.net.br\\\/2022\\\/#\\\/schema\\\/person\\\/2d205a608a5aa97ac279d7a5e6d89ad8\"},\"headline\":\"Barretos Country promove Dia Nacional da Alegria\",\"datePublished\":\"2024-04-11T23:40:35+00:00\",\"mainEntityOfPage\":{\"@id\":\"https:\\\/\\\/regiaonews.net.br\\\/2022\\\/2024\\\/04\\\/11\\\/barretos-country-promove-dia-nacional-da-alegria\\\/\"},\"wordCount\":389,\"commentCount\":0,\"publisher\":{\"@id\":\"https:\\\/\\\/regiaonews.net.br\\\/2022\\\/#organization\"},\"image\":{\"@id\":\"https:\\\/\\\/regiaonews.net.br\\\/2022\\\/2024\\\/04\\\/11\\\/barretos-country-promove-dia-nacional-da-alegria\\\/#primaryimage\"},\"thumbnailUrl\":\"https:\\\/\\\/regiaonews.net.br\\\/2022\\\/wp-content\\\/uploads\\\/2024\\\/04\\\/9d727c03-cc43-4b18-b3ac-8f1e4a66f384.jpg\",\"articleSection\":[\"Barretos\",\"Cidades\"],\"inLanguage\":\"pt-BR\",\"potentialAction\":[{\"@type\":\"CommentAction\",\"name\":\"Comment\",\"target\":[\"https:\\\/\\\/regiaonews.net.br\\\/2022\\\/2024\\\/04\\\/11\\\/barretos-country-promove-dia-nacional-da-alegria\\\/#respond\"]}]},{\"@type\":\"WebPage\",\"@id\":\"https:\\\/\\\/regiaonews.net.br\\\/2022\\\/2024\\\/04\\\/11\\\/barretos-country-promove-dia-nacional-da-alegria\\\/\",\"url\":\"https:\\\/\\\/regiaonews.net.br\\\/2022\\\/2024\\\/04\\\/11\\\/barretos-country-promove-dia-nacional-da-alegria\\\/\",\"name\":\"Barretos Country promove Dia Nacional da Alegria - Regi\u00e3o News\",\"isPartOf\":{\"@id\":\"https:\\\/\\\/regiaonews.net.br\\\/2022\\\/#website\"},\"primaryImageOfPage\":{\"@id\":\"https:\\\/\\\/regiaonews.net.br\\\/2022\\\/2024\\\/04\\\/11\\\/barretos-country-promove-dia-nacional-da-alegria\\\/#primaryimage\"},\"image\":{\"@id\":\"https:\\\/\\\/regiaonews.net.br\\\/2022\\\/2024\\\/04\\\/11\\\/barretos-country-promove-dia-nacional-da-alegria\\\/#primaryimage\"},\"thumbnailUrl\":\"https:\\\/\\\/regiaonews.net.br\\\/2022\\\/wp-content\\\/uploads\\\/2024\\\/04\\\/9d727c03-cc43-4b18-b3ac-8f1e4a66f384.jpg\",\"datePublished\":\"2024-04-11T23:40:35+00:00\",\"breadcrumb\":{\"@id\":\"https:\\\/\\\/regiaonews.net.br\\\/2022\\\/2024\\\/04\\\/11\\\/barretos-country-promove-dia-nacional-da-alegria\\\/#breadcrumb\"},\"inLanguage\":\"pt-BR\",\"potentialAction\":[{\"@type\":\"ReadAction\",\"target\":[\"https:\\\/\\\/regiaonews.net.br\\\/2022\\\/2024\\\/04\\\/11\\\/barretos-country-promove-dia-nacional-da-alegria\\\/\"]}]},{\"@type\":\"ImageObject\",\"inLanguage\":\"pt-BR\",\"@id\":\"https:\\\/\\\/regiaonews.net.br\\\/2022\\\/2024\\\/04\\\/11\\\/barretos-country-promove-dia-nacional-da-alegria\\\/#primaryimage\",\"url\":\"https:\\\/\\\/regiaonews.net.br\\\/2022\\\/wp-content\\\/uploads\\\/2024\\\/04\\\/9d727c03-cc43-4b18-b3ac-8f1e4a66f384.jpg\",\"contentUrl\":\"https:\\\/\\\/regiaonews.net.br\\\/2022\\\/wp-content\\\/uploads\\\/2024\\\/04\\\/9d727c03-cc43-4b18-b3ac-8f1e4a66f384.jpg\",\"width\":1600,\"height\":899},{\"@type\":\"BreadcrumbList\",\"@id\":\"https:\\\/\\\/regiaonews.net.br\\\/2022\\\/2024\\\/04\\\/11\\\/barretos-country-promove-dia-nacional-da-alegria\\\/#breadcrumb\",\"itemListElement\":[{\"@type\":\"ListItem\",\"position\":1,\"name\":\"In\u00edcio\",\"item\":\"https:\\\/\\\/regiaonews.net.br\\\/2022\\\/\"},{\"@type\":\"ListItem\",\"position\":2,\"name\":\"Barretos Country promove Dia Nacional da Alegria\"}]},{\"@type\":\"WebSite\",\"@id\":\"https:\\\/\\\/regiaonews.net.br\\\/2022\\\/#website\",\"url\":\"https:\\\/\\\/regiaonews.net.br\\\/2022\\\/\",\"name\":\"Regi\u00e3o News\",\"description\":\"Site de Not\u00edcias de Barretos e regi\u00e3o\",\"publisher\":{\"@id\":\"https:\\\/\\\/regiaonews.net.br\\\/2022\\\/#organization\"},\"potentialAction\":[{\"@type\":\"SearchAction\",\"target\":{\"@type\":\"EntryPoint\",\"urlTemplate\":\"https:\\\/\\\/regiaonews.net.br\\\/2022\\\/?s={search_term_string}\"},\"query-input\":{\"@type\":\"PropertyValueSpecification\",\"valueRequired\":true,\"valueName\":\"search_term_string\"}}],\"inLanguage\":\"pt-BR\"},{\"@type\":\"Organization\",\"@id\":\"https:\\\/\\\/regiaonews.net.br\\\/2022\\\/#organization\",\"name\":\"Regi\u00e3o News\",\"url\":\"https:\\\/\\\/regiaonews.net.br\\\/2022\\\/\",\"logo\":{\"@type\":\"ImageObject\",\"inLanguage\":\"pt-BR\",\"@id\":\"https:\\\/\\\/regiaonews.net.br\\\/2022\\\/#\\\/schema\\\/logo\\\/image\\\/\",\"url\":\"https:\\\/\\\/regiaonews.net.br\\\/2022\\\/wp-content\\\/uploads\\\/2026\\\/03\\\/regiao-13-anos-scaled.jpg\",\"contentUrl\":\"https:\\\/\\\/regiaonews.net.br\\\/2022\\\/wp-content\\\/uploads\\\/2026\\\/03\\\/regiao-13-anos-scaled.jpg\",\"width\":2560,\"height\":635,\"caption\":\"Regi\u00e3o News\"},\"image\":{\"@id\":\"https:\\\/\\\/regiaonews.net.br\\\/2022\\\/#\\\/schema\\\/logo\\\/image\\\/\"}},{\"@type\":\"Person\",\"@id\":\"https:\\\/\\\/regiaonews.net.br\\\/2022\\\/#\\\/schema\\\/person\\\/2d205a608a5aa97ac279d7a5e6d89ad8\",\"name\":\"Roberto\",\"image\":{\"@type\":\"ImageObject\",\"inLanguage\":\"pt-BR\",\"@id\":\"https:\\\/\\\/secure.gravatar.com\\\/avatar\\\/42749d8b712ff9d59ca93dc150494e5b55a44134482993f5baeb97e61b7ecc89?s=96&d=mm&r=g\",\"url\":\"https:\\\/\\\/secure.gravatar.com\\\/avatar\\\/42749d8b712ff9d59ca93dc150494e5b55a44134482993f5baeb97e61b7ecc89?s=96&d=mm&r=g\",\"contentUrl\":\"https:\\\/\\\/secure.gravatar.com\\\/avatar\\\/42749d8b712ff9d59ca93dc150494e5b55a44134482993f5baeb97e61b7ecc89?s=96&d=mm&r=g\",\"caption\":\"Roberto\"},\"url\":\"https:\\\/\\\/regiaonews.net.br\\\/2022\\\/author\\\/roberto\\\/\"}]}<\/script>\n<!-- \/ Yoast SEO plugin. -->","yoast_head_json":{"title":"Barretos Country promove Dia Nacional da Alegria - Regi\u00e3o News","robots":{"index":"index","follow":"follow","max-snippet":"max-snippet:-1","max-image-preview":"max-image-preview:large","max-video-preview":"max-video-preview:-1"},"canonical":"https:\/\/regiaonews.net.br\/2022\/2024\/04\/11\/barretos-country-promove-dia-nacional-da-alegria\/","og_locale":"pt_BR","og_type":"article","og_title":"Barretos Country promove Dia Nacional da Alegria - Regi\u00e3o News","og_description":"Cerca de 100 crian\u00e7as da rede p\u00fablica de ensina participaram","og_url":"https:\/\/regiaonews.net.br\/2022\/2024\/04\/11\/barretos-country-promove-dia-nacional-da-alegria\/","og_site_name":"Regi\u00e3o News","article_published_time":"2024-04-11T23:40:35+00:00","og_image":[{"width":1600,"height":899,"url":"https:\/\/regiaonews.net.br\/2022\/wp-content\/uploads\/2024\/04\/9d727c03-cc43-4b18-b3ac-8f1e4a66f384.jpg","type":"image\/jpeg"}],"author":"Roberto","twitter_card":"summary_large_image","twitter_misc":{"Escrito por":"Roberto","Est. tempo de leitura":"3 minutos"},"schema":{"@context":"https:\/\/schema.org","@graph":[{"@type":"Article","@id":"https:\/\/regiaonews.net.br\/2022\/2024\/04\/11\/barretos-country-promove-dia-nacional-da-alegria\/#article","isPartOf":{"@id":"https:\/\/regiaonews.net.br\/2022\/2024\/04\/11\/barretos-country-promove-dia-nacional-da-alegria\/"},"author":{"name":"Roberto","@id":"https:\/\/regiaonews.net.br\/2022\/#\/schema\/person\/2d205a608a5aa97ac279d7a5e6d89ad8"},"headline":"Barretos Country promove Dia Nacional da Alegria","datePublished":"2024-04-11T23:40:35+00:00","mainEntityOfPage":{"@id":"https:\/\/regiaonews.net.br\/2022\/2024\/04\/11\/barretos-country-promove-dia-nacional-da-alegria\/"},"wordCount":389,"commentCount":0,"publisher":{"@id":"https:\/\/regiaonews.net.br\/2022\/#organization"},"image":{"@id":"https:\/\/regiaonews.net.br\/2022\/2024\/04\/11\/barretos-country-promove-dia-nacional-da-alegria\/#primaryimage"},"thumbnailUrl":"https:\/\/regiaonews.net.br\/2022\/wp-content\/uploads\/2024\/04\/9d727c03-cc43-4b18-b3ac-8f1e4a66f384.jpg","articleSection":["Barretos","Cidades"],"inLanguage":"pt-BR","potentialAction":[{"@type":"CommentAction","name":"Comment","target":["https:\/\/regiaonews.net.br\/2022\/2024\/04\/11\/barretos-country-promove-dia-nacional-da-alegria\/#respond"]}]},{"@type":"WebPage","@id":"https:\/\/regiaonews.net.br\/2022\/2024\/04\/11\/barretos-country-promove-dia-nacional-da-alegria\/","url":"https:\/\/regiaonews.net.br\/2022\/2024\/04\/11\/barretos-country-promove-dia-nacional-da-alegria\/","name":"Barretos Country promove Dia Nacional da Alegria - Regi\u00e3o News","isPartOf":{"@id":"https:\/\/regiaonews.net.br\/2022\/#website"},"primaryImageOfPage":{"@id":"https:\/\/regiaonews.net.br\/2022\/2024\/04\/11\/barretos-country-promove-dia-nacional-da-alegria\/#primaryimage"},"image":{"@id":"https:\/\/regiaonews.net.br\/2022\/2024\/04\/11\/barretos-country-promove-dia-nacional-da-alegria\/#primaryimage"},"thumbnailUrl":"https:\/\/regiaonews.net.br\/2022\/wp-content\/uploads\/2024\/04\/9d727c03-cc43-4b18-b3ac-8f1e4a66f384.jpg","datePublished":"2024-04-11T23:40:35+00:00","breadcrumb":{"@id":"https:\/\/regiaonews.net.br\/2022\/2024\/04\/11\/barretos-country-promove-dia-nacional-da-alegria\/#breadcrumb"},"inLanguage":"pt-BR","potentialAction":[{"@type":"ReadAction","target":["https:\/\/regiaonews.net.br\/2022\/2024\/04\/11\/barretos-country-promove-dia-nacional-da-alegria\/"]}]},{"@type":"ImageObject","inLanguage":"pt-BR","@id":"https:\/\/regiaonews.net.br\/2022\/2024\/04\/11\/barretos-country-promove-dia-nacional-da-alegria\/#primaryimage","url":"https:\/\/regiaonews.net.br\/2022\/wp-content\/uploads\/2024\/04\/9d727c03-cc43-4b18-b3ac-8f1e4a66f384.jpg","contentUrl":"https:\/\/regiaonews.net.br\/2022\/wp-content\/uploads\/2024\/04\/9d727c03-cc43-4b18-b3ac-8f1e4a66f384.jpg","width":1600,"height":899},{"@type":"BreadcrumbList","@id":"https:\/\/regiaonews.net.br\/2022\/2024\/04\/11\/barretos-country-promove-dia-nacional-da-alegria\/#breadcrumb","itemListElement":[{"@type":"ListItem","position":1,"name":"In\u00edcio","item":"https:\/\/regiaonews.net.br\/2022\/"},{"@type":"ListItem","position":2,"name":"Barretos Country promove Dia Nacional da Alegria"}]},{"@type":"WebSite","@id":"https:\/\/regiaonews.net.br\/2022\/#website","url":"https:\/\/regiaonews.net.br\/2022\/","name":"Regi\u00e3o News","description":"Site de Not\u00edcias de Barretos e regi\u00e3o","publisher":{"@id":"https:\/\/regiaonews.net.br\/2022\/#organization"},"potentialAction":[{"@type":"SearchAction","target":{"@type":"EntryPoint","urlTemplate":"https:\/\/regiaonews.net.br\/2022\/?s={search_term_string}"},"query-input":{"@type":"PropertyValueSpecification","valueRequired":true,"valueName":"search_term_string"}}],"inLanguage":"pt-BR"},{"@type":"Organization","@id":"https:\/\/regiaonews.net.br\/2022\/#organization","name":"Regi\u00e3o News","url":"https:\/\/regiaonews.net.br\/2022\/","logo":{"@type":"ImageObject","inLanguage":"pt-BR","@id":"https:\/\/regiaonews.net.br\/2022\/#\/schema\/logo\/image\/","url":"https:\/\/regiaonews.net.br\/2022\/wp-content\/uploads\/2026\/03\/regiao-13-anos-scaled.jpg","contentUrl":"https:\/\/regiaonews.net.br\/2022\/wp-content\/uploads\/2026\/03\/regiao-13-anos-scaled.jpg","width":2560,"height":635,"caption":"Regi\u00e3o News"},"image":{"@id":"https:\/\/regiaonews.net.br\/2022\/#\/schema\/logo\/image\/"}},{"@type":"Person","@id":"https:\/\/regiaonews.net.br\/2022\/#\/schema\/person\/2d205a608a5aa97ac279d7a5e6d89ad8","name":"Roberto","image":{"@type":"ImageObject","inLanguage":"pt-BR","@id":"https:\/\/secure.gravatar.com\/avatar\/42749d8b712ff9d59ca93dc150494e5b55a44134482993f5baeb97e61b7ecc89?s=96&d=mm&r=g","url":"https:\/\/secure.gravatar.com\/avatar\/42749d8b712ff9d59ca93dc150494e5b55a44134482993f5baeb97e61b7ecc89?s=96&d=mm&r=g","contentUrl":"https:\/\/secure.gravatar.com\/avatar\/42749d8b712ff9d59ca93dc150494e5b55a44134482993f5baeb97e61b7ecc89?s=96&d=mm&r=g","caption":"Roberto"},"url":"https:\/\/regiaonews.net.br\/2022\/author\/roberto\/"}]}},"publishpress_future_action":{"enabled":false,"date":"2026-05-03 21:13:53","action":"change-status","newStatus":"draft","terms":[],"taxonomy":"category","extraData":[]},"publishpress_future_workflow_manual_trigger":{"enabledWorkflows":[]},"_links":{"self":[{"href":"https:\/\/regiaonews.net.br\/2022\/wp-json\/wp\/v2\/posts\/103532","targetHints":{"allow":["GET"]}}],"collection":[{"href":"https:\/\/regiaonews.net.br\/2022\/wp-json\/wp\/v2\/posts"}],"about":[{"href":"https:\/\/regiaonews.net.br\/2022\/wp-json\/wp\/v2\/types\/post"}],"author":[{"embeddable":true,"href":"https:\/\/regiaonews.net.br\/2022\/wp-json\/wp\/v2\/users\/2"}],"replies":[{"embeddable":true,"href":"https:\/\/regiaonews.net.br\/2022\/wp-json\/wp\/v2\/comments?post=103532"}],"version-history":[{"count":1,"href":"https:\/\/regiaonews.net.br\/2022\/wp-json\/wp\/v2\/posts\/103532\/revisions"}],"predecessor-version":[{"id":103534,"href":"https:\/\/regiaonews.net.br\/2022\/wp-json\/wp\/v2\/posts\/103532\/revisions\/103534"}],"wp:featuredmedia":[{"embeddable":true,"href":"https:\/\/regiaonews.net.br\/2022\/wp-json\/wp\/v2\/media\/103533"}],"wp:attachment":[{"href":"https:\/\/regiaonews.net.br\/2022\/wp-json\/wp\/v2\/media?parent=103532"}],"wp:term":[{"taxonomy":"category","embeddable":true,"href":"https:\/\/regiaonews.net.br\/2022\/wp-json\/wp\/v2\/categories?post=103532"},{"taxonomy":"post_tag","embeddable":true,"href":"https:\/\/regiaonews.net.br\/2022\/wp-json\/wp\/v2\/tags?post=103532"}],"curies":[{"name":"wp","href":"https:\/\/api.w.org\/{rel}","templated":true}]}}