{"id":103523,"date":"2024-04-11T20:34:00","date_gmt":"2024-04-11T23:34:00","guid":{"rendered":"https:\/\/regiaonews.net.br\/2022\/?p=103523"},"modified":"2024-04-11T20:34:00","modified_gmt":"2024-04-11T23:34:00","slug":"festa-do-peao-de-barretos-sabado-24-de-agosto-sera-marcado-pelos-shows-de-chitaozinho-xororo-e-cody-johnson","status":"publish","type":"post","link":"https:\/\/regiaonews.net.br\/2022\/2024\/04\/11\/festa-do-peao-de-barretos-sabado-24-de-agosto-sera-marcado-pelos-shows-de-chitaozinho-xororo-e-cody-johnson\/","title":{"rendered":"Festa do Pe\u00e3o de Barretos: s\u00e1bado, 24 de agosto, ser\u00e1 marcado pelos shows de Chit\u00e3ozinho &#038; Xoror\u00f3 e Cody Johnson"},"content":{"rendered":"<p>Promovendo encontro entre na\u00e7\u00f5es, os cl\u00e1ssicos sertanejos se unem ao som do country norte-americano. Festa acontece de 15 a 25 de agosto, no Parque do Pe\u00e3o<\/p>\n<p>\u00cdcones da m\u00fasica sertaneja, Chit\u00e3ozinho e Xoror\u00f3 est\u00e3o confirmados na programa\u00e7\u00e3o da Festa do Pe\u00e3o de Barretos (15 a 25 de agosto). A dupla se apresenta no dia 24 de agosto, s\u00e1bado, com sua turn\u00ea de 50 anos de carreira, reunindo os maiores cl\u00e1ssicos.<\/p>\n<p>Na mesma noite, o \u00eddolo Cody Johnson tamb\u00e9m se apresenta no Est\u00e1dio de Rodeios, marcando o primeiro show do norte-americano no Brasil e promovendo um encontro de apaixonados pelo tradicional sertanejo raiz e pela m\u00fasica country.<\/p>\n<p>Ainda no mesmo dia, a Festa ter\u00e1 show de Fiduma &amp; Jeca, Jads &amp; Jadson e Bruno Rosa.<\/p>\n<p>Mais shows<br \/>\nEm 15 de agosto, primeiro dia do Barret\u00e3o, os shows j\u00e1 anunciados s\u00e3o de Luan Pereira e de Lauana Prado. Dia 16, sexta, est\u00e3o confirmadas as apresenta\u00e7\u00f5es de Maiara &amp; Mara\u00edsa, Simone Mendes e Bruno &amp; Marrone.<\/p>\n<p>A programa\u00e7\u00e3o segue no dia 17 de agosto, com C\u00e9sar Menotti &amp; Fabiano (embaixadores do rodeio deste ano), Jorge &amp; Mateus e Ana Castela. No dia 18, domingo, est\u00e1 confirmado o show de Edson &amp; Hudson.<\/p>\n<p>J\u00e1 no dia 22, tem Matogrosso &amp; Mathias, Daniel, Victor &amp; L\u00e9o e Pedro Paulo &amp; Alex. E no dia 23, tem Zez\u00e9 Di Camargo &amp; Luciano, Luan Santana, Z\u00e9 Neto &amp; Cristiano, Munhoz &amp; Mariano e Hugo Pena &amp; Gabriel.<\/p>\n<p>Ingressos<br \/>\nOs acessos para a 69\u00aa Festa do Pe\u00e3o de Boiadeiro de Barretos, que acontece de 15 a 25 de agosto, est\u00e3o \u00e0 venda exclusivamente por meio do site oficial https:\/\/barretos.totalacesso.com\/.<\/p>\n<p>Est\u00e3o dispon\u00edveis lotes para os nove setores que integram o evento, s\u00e3o eles: Parque\/Rodeio\/Show, \u00c1rea Vip, Pista Prime, Pista Gold e Stage Prime; Camarotes Arena Premium, Brahma, Open Super Bull e Dagente. Tamb\u00e9m j\u00e1 \u00e9 poss\u00edvel adquirir pacotes para a \u00e1rea de Camping, que funciona dentro do Parque do Pe\u00e3o.<\/p>\n<p>Mais informa\u00e7\u00f5es: https:\/\/www.independentes.com.br\/festadopeao<\/p>\n<p>Foto: Jo\u00e3o Pedro Martins<\/p>\n","protected":false},"excerpt":{"rendered":"<p>Promovendo encontro entre na\u00e7\u00f5es, os cl\u00e1ssicos sertanejos se unem ao<\/p>\n","protected":false},"author":2,"featured_media":103524,"comment_status":"open","ping_status":"open","sticky":false,"template":"","format":"standard","meta":{"footnotes":""},"categories":[14,45],"tags":[],"class_list":["post-103523","post","type-post","status-publish","format-standard","has-post-thumbnail","hentry","category-barretos","category-festa-do-peao"],"yoast_head":"<!-- This site is optimized with the Yoast SEO plugin v27.4 - https:\/\/yoast.com\/product\/yoast-seo-wordpress\/ -->\n<title>Festa do Pe\u00e3o de Barretos: s\u00e1bado, 24 de agosto, ser\u00e1 marcado pelos shows de Chit\u00e3ozinho &amp; Xoror\u00f3 e Cody Johnson - Regi\u00e3o News<\/title>\n<meta name=\"robots\" content=\"index, follow, max-snippet:-1, max-image-preview:large, max-video-preview:-1\" \/>\n<link rel=\"canonical\" href=\"https:\/\/regiaonews.net.br\/2022\/2024\/04\/11\/festa-do-peao-de-barretos-sabado-24-de-agosto-sera-marcado-pelos-shows-de-chitaozinho-xororo-e-cody-johnson\/\" \/>\n<meta property=\"og:locale\" content=\"pt_BR\" \/>\n<meta property=\"og:type\" content=\"article\" \/>\n<meta property=\"og:title\" content=\"Festa do Pe\u00e3o de Barretos: s\u00e1bado, 24 de agosto, ser\u00e1 marcado pelos shows de Chit\u00e3ozinho &amp; Xoror\u00f3 e Cody Johnson - Regi\u00e3o News\" \/>\n<meta property=\"og:description\" content=\"Promovendo encontro entre na\u00e7\u00f5es, os cl\u00e1ssicos sertanejos se unem ao\" \/>\n<meta property=\"og:url\" content=\"https:\/\/regiaonews.net.br\/2022\/2024\/04\/11\/festa-do-peao-de-barretos-sabado-24-de-agosto-sera-marcado-pelos-shows-de-chitaozinho-xororo-e-cody-johnson\/\" \/>\n<meta property=\"og:site_name\" content=\"Regi\u00e3o News\" \/>\n<meta property=\"article:published_time\" content=\"2024-04-11T23:34:00+00:00\" \/>\n<meta property=\"og:image\" content=\"https:\/\/regiaonews.net.br\/2022\/wp-content\/uploads\/2024\/04\/WhatsApp-Image-2024-04-11-at-18.30.20.jpeg\" \/>\n\t<meta property=\"og:image:width\" content=\"1600\" \/>\n\t<meta property=\"og:image:height\" content=\"1066\" \/>\n\t<meta property=\"og:image:type\" content=\"image\/jpeg\" \/>\n<meta name=\"author\" content=\"Roberto\" \/>\n<meta name=\"twitter:card\" content=\"summary_large_image\" \/>\n<meta name=\"twitter:label1\" content=\"Escrito por\" \/>\n\t<meta name=\"twitter:data1\" content=\"Roberto\" \/>\n\t<meta name=\"twitter:label2\" content=\"Est. tempo de leitura\" \/>\n\t<meta name=\"twitter:data2\" content=\"2 minutos\" \/>\n<script type=\"application\/ld+json\" class=\"yoast-schema-graph\">{\"@context\":\"https:\\\/\\\/schema.org\",\"@graph\":[{\"@type\":\"Article\",\"@id\":\"https:\\\/\\\/regiaonews.net.br\\\/2022\\\/2024\\\/04\\\/11\\\/festa-do-peao-de-barretos-sabado-24-de-agosto-sera-marcado-pelos-shows-de-chitaozinho-xororo-e-cody-johnson\\\/#article\",\"isPartOf\":{\"@id\":\"https:\\\/\\\/regiaonews.net.br\\\/2022\\\/2024\\\/04\\\/11\\\/festa-do-peao-de-barretos-sabado-24-de-agosto-sera-marcado-pelos-shows-de-chitaozinho-xororo-e-cody-johnson\\\/\"},\"author\":{\"name\":\"Roberto\",\"@id\":\"https:\\\/\\\/regiaonews.net.br\\\/2022\\\/#\\\/schema\\\/person\\\/2d205a608a5aa97ac279d7a5e6d89ad8\"},\"headline\":\"Festa do Pe\u00e3o de Barretos: s\u00e1bado, 24 de agosto, ser\u00e1 marcado pelos shows de Chit\u00e3ozinho &#038; Xoror\u00f3 e Cody Johnson\",\"datePublished\":\"2024-04-11T23:34:00+00:00\",\"mainEntityOfPage\":{\"@id\":\"https:\\\/\\\/regiaonews.net.br\\\/2022\\\/2024\\\/04\\\/11\\\/festa-do-peao-de-barretos-sabado-24-de-agosto-sera-marcado-pelos-shows-de-chitaozinho-xororo-e-cody-johnson\\\/\"},\"wordCount\":373,\"commentCount\":0,\"publisher\":{\"@id\":\"https:\\\/\\\/regiaonews.net.br\\\/2022\\\/#organization\"},\"image\":{\"@id\":\"https:\\\/\\\/regiaonews.net.br\\\/2022\\\/2024\\\/04\\\/11\\\/festa-do-peao-de-barretos-sabado-24-de-agosto-sera-marcado-pelos-shows-de-chitaozinho-xororo-e-cody-johnson\\\/#primaryimage\"},\"thumbnailUrl\":\"https:\\\/\\\/regiaonews.net.br\\\/2022\\\/wp-content\\\/uploads\\\/2024\\\/04\\\/WhatsApp-Image-2024-04-11-at-18.30.20.jpeg\",\"articleSection\":[\"Barretos\",\"Festa do Pe\u00e3o\"],\"inLanguage\":\"pt-BR\",\"potentialAction\":[{\"@type\":\"CommentAction\",\"name\":\"Comment\",\"target\":[\"https:\\\/\\\/regiaonews.net.br\\\/2022\\\/2024\\\/04\\\/11\\\/festa-do-peao-de-barretos-sabado-24-de-agosto-sera-marcado-pelos-shows-de-chitaozinho-xororo-e-cody-johnson\\\/#respond\"]}]},{\"@type\":\"WebPage\",\"@id\":\"https:\\\/\\\/regiaonews.net.br\\\/2022\\\/2024\\\/04\\\/11\\\/festa-do-peao-de-barretos-sabado-24-de-agosto-sera-marcado-pelos-shows-de-chitaozinho-xororo-e-cody-johnson\\\/\",\"url\":\"https:\\\/\\\/regiaonews.net.br\\\/2022\\\/2024\\\/04\\\/11\\\/festa-do-peao-de-barretos-sabado-24-de-agosto-sera-marcado-pelos-shows-de-chitaozinho-xororo-e-cody-johnson\\\/\",\"name\":\"Festa do Pe\u00e3o de Barretos: s\u00e1bado, 24 de agosto, ser\u00e1 marcado pelos shows de Chit\u00e3ozinho & Xoror\u00f3 e Cody Johnson - Regi\u00e3o News\",\"isPartOf\":{\"@id\":\"https:\\\/\\\/regiaonews.net.br\\\/2022\\\/#website\"},\"primaryImageOfPage\":{\"@id\":\"https:\\\/\\\/regiaonews.net.br\\\/2022\\\/2024\\\/04\\\/11\\\/festa-do-peao-de-barretos-sabado-24-de-agosto-sera-marcado-pelos-shows-de-chitaozinho-xororo-e-cody-johnson\\\/#primaryimage\"},\"image\":{\"@id\":\"https:\\\/\\\/regiaonews.net.br\\\/2022\\\/2024\\\/04\\\/11\\\/festa-do-peao-de-barretos-sabado-24-de-agosto-sera-marcado-pelos-shows-de-chitaozinho-xororo-e-cody-johnson\\\/#primaryimage\"},\"thumbnailUrl\":\"https:\\\/\\\/regiaonews.net.br\\\/2022\\\/wp-content\\\/uploads\\\/2024\\\/04\\\/WhatsApp-Image-2024-04-11-at-18.30.20.jpeg\",\"datePublished\":\"2024-04-11T23:34:00+00:00\",\"breadcrumb\":{\"@id\":\"https:\\\/\\\/regiaonews.net.br\\\/2022\\\/2024\\\/04\\\/11\\\/festa-do-peao-de-barretos-sabado-24-de-agosto-sera-marcado-pelos-shows-de-chitaozinho-xororo-e-cody-johnson\\\/#breadcrumb\"},\"inLanguage\":\"pt-BR\",\"potentialAction\":[{\"@type\":\"ReadAction\",\"target\":[\"https:\\\/\\\/regiaonews.net.br\\\/2022\\\/2024\\\/04\\\/11\\\/festa-do-peao-de-barretos-sabado-24-de-agosto-sera-marcado-pelos-shows-de-chitaozinho-xororo-e-cody-johnson\\\/\"]}]},{\"@type\":\"ImageObject\",\"inLanguage\":\"pt-BR\",\"@id\":\"https:\\\/\\\/regiaonews.net.br\\\/2022\\\/2024\\\/04\\\/11\\\/festa-do-peao-de-barretos-sabado-24-de-agosto-sera-marcado-pelos-shows-de-chitaozinho-xororo-e-cody-johnson\\\/#primaryimage\",\"url\":\"https:\\\/\\\/regiaonews.net.br\\\/2022\\\/wp-content\\\/uploads\\\/2024\\\/04\\\/WhatsApp-Image-2024-04-11-at-18.30.20.jpeg\",\"contentUrl\":\"https:\\\/\\\/regiaonews.net.br\\\/2022\\\/wp-content\\\/uploads\\\/2024\\\/04\\\/WhatsApp-Image-2024-04-11-at-18.30.20.jpeg\",\"width\":1600,\"height\":1066},{\"@type\":\"BreadcrumbList\",\"@id\":\"https:\\\/\\\/regiaonews.net.br\\\/2022\\\/2024\\\/04\\\/11\\\/festa-do-peao-de-barretos-sabado-24-de-agosto-sera-marcado-pelos-shows-de-chitaozinho-xororo-e-cody-johnson\\\/#breadcrumb\",\"itemListElement\":[{\"@type\":\"ListItem\",\"position\":1,\"name\":\"In\u00edcio\",\"item\":\"https:\\\/\\\/regiaonews.net.br\\\/2022\\\/\"},{\"@type\":\"ListItem\",\"position\":2,\"name\":\"Festa do Pe\u00e3o de Barretos: s\u00e1bado, 24 de agosto, ser\u00e1 marcado pelos shows de Chit\u00e3ozinho &#038; Xoror\u00f3 e Cody Johnson\"}]},{\"@type\":\"WebSite\",\"@id\":\"https:\\\/\\\/regiaonews.net.br\\\/2022\\\/#website\",\"url\":\"https:\\\/\\\/regiaonews.net.br\\\/2022\\\/\",\"name\":\"Regi\u00e3o News\",\"description\":\"Site de Not\u00edcias de Barretos e regi\u00e3o\",\"publisher\":{\"@id\":\"https:\\\/\\\/regiaonews.net.br\\\/2022\\\/#organization\"},\"potentialAction\":[{\"@type\":\"SearchAction\",\"target\":{\"@type\":\"EntryPoint\",\"urlTemplate\":\"https:\\\/\\\/regiaonews.net.br\\\/2022\\\/?s={search_term_string}\"},\"query-input\":{\"@type\":\"PropertyValueSpecification\",\"valueRequired\":true,\"valueName\":\"search_term_string\"}}],\"inLanguage\":\"pt-BR\"},{\"@type\":\"Organization\",\"@id\":\"https:\\\/\\\/regiaonews.net.br\\\/2022\\\/#organization\",\"name\":\"Regi\u00e3o News\",\"url\":\"https:\\\/\\\/regiaonews.net.br\\\/2022\\\/\",\"logo\":{\"@type\":\"ImageObject\",\"inLanguage\":\"pt-BR\",\"@id\":\"https:\\\/\\\/regiaonews.net.br\\\/2022\\\/#\\\/schema\\\/logo\\\/image\\\/\",\"url\":\"https:\\\/\\\/regiaonews.net.br\\\/2022\\\/wp-content\\\/uploads\\\/2026\\\/03\\\/regiao-13-anos-scaled.jpg\",\"contentUrl\":\"https:\\\/\\\/regiaonews.net.br\\\/2022\\\/wp-content\\\/uploads\\\/2026\\\/03\\\/regiao-13-anos-scaled.jpg\",\"width\":2560,\"height\":635,\"caption\":\"Regi\u00e3o News\"},\"image\":{\"@id\":\"https:\\\/\\\/regiaonews.net.br\\\/2022\\\/#\\\/schema\\\/logo\\\/image\\\/\"}},{\"@type\":\"Person\",\"@id\":\"https:\\\/\\\/regiaonews.net.br\\\/2022\\\/#\\\/schema\\\/person\\\/2d205a608a5aa97ac279d7a5e6d89ad8\",\"name\":\"Roberto\",\"image\":{\"@type\":\"ImageObject\",\"inLanguage\":\"pt-BR\",\"@id\":\"https:\\\/\\\/secure.gravatar.com\\\/avatar\\\/42749d8b712ff9d59ca93dc150494e5b55a44134482993f5baeb97e61b7ecc89?s=96&d=mm&r=g\",\"url\":\"https:\\\/\\\/secure.gravatar.com\\\/avatar\\\/42749d8b712ff9d59ca93dc150494e5b55a44134482993f5baeb97e61b7ecc89?s=96&d=mm&r=g\",\"contentUrl\":\"https:\\\/\\\/secure.gravatar.com\\\/avatar\\\/42749d8b712ff9d59ca93dc150494e5b55a44134482993f5baeb97e61b7ecc89?s=96&d=mm&r=g\",\"caption\":\"Roberto\"},\"url\":\"https:\\\/\\\/regiaonews.net.br\\\/2022\\\/author\\\/roberto\\\/\"}]}<\/script>\n<!-- \/ Yoast SEO plugin. -->","yoast_head_json":{"title":"Festa do Pe\u00e3o de Barretos: s\u00e1bado, 24 de agosto, ser\u00e1 marcado pelos shows de Chit\u00e3ozinho & Xoror\u00f3 e Cody Johnson - Regi\u00e3o News","robots":{"index":"index","follow":"follow","max-snippet":"max-snippet:-1","max-image-preview":"max-image-preview:large","max-video-preview":"max-video-preview:-1"},"canonical":"https:\/\/regiaonews.net.br\/2022\/2024\/04\/11\/festa-do-peao-de-barretos-sabado-24-de-agosto-sera-marcado-pelos-shows-de-chitaozinho-xororo-e-cody-johnson\/","og_locale":"pt_BR","og_type":"article","og_title":"Festa do Pe\u00e3o de Barretos: s\u00e1bado, 24 de agosto, ser\u00e1 marcado pelos shows de Chit\u00e3ozinho & Xoror\u00f3 e Cody Johnson - Regi\u00e3o News","og_description":"Promovendo encontro entre na\u00e7\u00f5es, os cl\u00e1ssicos sertanejos se unem ao","og_url":"https:\/\/regiaonews.net.br\/2022\/2024\/04\/11\/festa-do-peao-de-barretos-sabado-24-de-agosto-sera-marcado-pelos-shows-de-chitaozinho-xororo-e-cody-johnson\/","og_site_name":"Regi\u00e3o News","article_published_time":"2024-04-11T23:34:00+00:00","og_image":[{"width":1600,"height":1066,"url":"https:\/\/regiaonews.net.br\/2022\/wp-content\/uploads\/2024\/04\/WhatsApp-Image-2024-04-11-at-18.30.20.jpeg","type":"image\/jpeg"}],"author":"Roberto","twitter_card":"summary_large_image","twitter_misc":{"Escrito por":"Roberto","Est. tempo de leitura":"2 minutos"},"schema":{"@context":"https:\/\/schema.org","@graph":[{"@type":"Article","@id":"https:\/\/regiaonews.net.br\/2022\/2024\/04\/11\/festa-do-peao-de-barretos-sabado-24-de-agosto-sera-marcado-pelos-shows-de-chitaozinho-xororo-e-cody-johnson\/#article","isPartOf":{"@id":"https:\/\/regiaonews.net.br\/2022\/2024\/04\/11\/festa-do-peao-de-barretos-sabado-24-de-agosto-sera-marcado-pelos-shows-de-chitaozinho-xororo-e-cody-johnson\/"},"author":{"name":"Roberto","@id":"https:\/\/regiaonews.net.br\/2022\/#\/schema\/person\/2d205a608a5aa97ac279d7a5e6d89ad8"},"headline":"Festa do Pe\u00e3o de Barretos: s\u00e1bado, 24 de agosto, ser\u00e1 marcado pelos shows de Chit\u00e3ozinho &#038; Xoror\u00f3 e Cody Johnson","datePublished":"2024-04-11T23:34:00+00:00","mainEntityOfPage":{"@id":"https:\/\/regiaonews.net.br\/2022\/2024\/04\/11\/festa-do-peao-de-barretos-sabado-24-de-agosto-sera-marcado-pelos-shows-de-chitaozinho-xororo-e-cody-johnson\/"},"wordCount":373,"commentCount":0,"publisher":{"@id":"https:\/\/regiaonews.net.br\/2022\/#organization"},"image":{"@id":"https:\/\/regiaonews.net.br\/2022\/2024\/04\/11\/festa-do-peao-de-barretos-sabado-24-de-agosto-sera-marcado-pelos-shows-de-chitaozinho-xororo-e-cody-johnson\/#primaryimage"},"thumbnailUrl":"https:\/\/regiaonews.net.br\/2022\/wp-content\/uploads\/2024\/04\/WhatsApp-Image-2024-04-11-at-18.30.20.jpeg","articleSection":["Barretos","Festa do Pe\u00e3o"],"inLanguage":"pt-BR","potentialAction":[{"@type":"CommentAction","name":"Comment","target":["https:\/\/regiaonews.net.br\/2022\/2024\/04\/11\/festa-do-peao-de-barretos-sabado-24-de-agosto-sera-marcado-pelos-shows-de-chitaozinho-xororo-e-cody-johnson\/#respond"]}]},{"@type":"WebPage","@id":"https:\/\/regiaonews.net.br\/2022\/2024\/04\/11\/festa-do-peao-de-barretos-sabado-24-de-agosto-sera-marcado-pelos-shows-de-chitaozinho-xororo-e-cody-johnson\/","url":"https:\/\/regiaonews.net.br\/2022\/2024\/04\/11\/festa-do-peao-de-barretos-sabado-24-de-agosto-sera-marcado-pelos-shows-de-chitaozinho-xororo-e-cody-johnson\/","name":"Festa do Pe\u00e3o de Barretos: s\u00e1bado, 24 de agosto, ser\u00e1 marcado pelos shows de Chit\u00e3ozinho & Xoror\u00f3 e Cody Johnson - Regi\u00e3o News","isPartOf":{"@id":"https:\/\/regiaonews.net.br\/2022\/#website"},"primaryImageOfPage":{"@id":"https:\/\/regiaonews.net.br\/2022\/2024\/04\/11\/festa-do-peao-de-barretos-sabado-24-de-agosto-sera-marcado-pelos-shows-de-chitaozinho-xororo-e-cody-johnson\/#primaryimage"},"image":{"@id":"https:\/\/regiaonews.net.br\/2022\/2024\/04\/11\/festa-do-peao-de-barretos-sabado-24-de-agosto-sera-marcado-pelos-shows-de-chitaozinho-xororo-e-cody-johnson\/#primaryimage"},"thumbnailUrl":"https:\/\/regiaonews.net.br\/2022\/wp-content\/uploads\/2024\/04\/WhatsApp-Image-2024-04-11-at-18.30.20.jpeg","datePublished":"2024-04-11T23:34:00+00:00","breadcrumb":{"@id":"https:\/\/regiaonews.net.br\/2022\/2024\/04\/11\/festa-do-peao-de-barretos-sabado-24-de-agosto-sera-marcado-pelos-shows-de-chitaozinho-xororo-e-cody-johnson\/#breadcrumb"},"inLanguage":"pt-BR","potentialAction":[{"@type":"ReadAction","target":["https:\/\/regiaonews.net.br\/2022\/2024\/04\/11\/festa-do-peao-de-barretos-sabado-24-de-agosto-sera-marcado-pelos-shows-de-chitaozinho-xororo-e-cody-johnson\/"]}]},{"@type":"ImageObject","inLanguage":"pt-BR","@id":"https:\/\/regiaonews.net.br\/2022\/2024\/04\/11\/festa-do-peao-de-barretos-sabado-24-de-agosto-sera-marcado-pelos-shows-de-chitaozinho-xororo-e-cody-johnson\/#primaryimage","url":"https:\/\/regiaonews.net.br\/2022\/wp-content\/uploads\/2024\/04\/WhatsApp-Image-2024-04-11-at-18.30.20.jpeg","contentUrl":"https:\/\/regiaonews.net.br\/2022\/wp-content\/uploads\/2024\/04\/WhatsApp-Image-2024-04-11-at-18.30.20.jpeg","width":1600,"height":1066},{"@type":"BreadcrumbList","@id":"https:\/\/regiaonews.net.br\/2022\/2024\/04\/11\/festa-do-peao-de-barretos-sabado-24-de-agosto-sera-marcado-pelos-shows-de-chitaozinho-xororo-e-cody-johnson\/#breadcrumb","itemListElement":[{"@type":"ListItem","position":1,"name":"In\u00edcio","item":"https:\/\/regiaonews.net.br\/2022\/"},{"@type":"ListItem","position":2,"name":"Festa do Pe\u00e3o de Barretos: s\u00e1bado, 24 de agosto, ser\u00e1 marcado pelos shows de Chit\u00e3ozinho &#038; Xoror\u00f3 e Cody Johnson"}]},{"@type":"WebSite","@id":"https:\/\/regiaonews.net.br\/2022\/#website","url":"https:\/\/regiaonews.net.br\/2022\/","name":"Regi\u00e3o News","description":"Site de Not\u00edcias de Barretos e regi\u00e3o","publisher":{"@id":"https:\/\/regiaonews.net.br\/2022\/#organization"},"potentialAction":[{"@type":"SearchAction","target":{"@type":"EntryPoint","urlTemplate":"https:\/\/regiaonews.net.br\/2022\/?s={search_term_string}"},"query-input":{"@type":"PropertyValueSpecification","valueRequired":true,"valueName":"search_term_string"}}],"inLanguage":"pt-BR"},{"@type":"Organization","@id":"https:\/\/regiaonews.net.br\/2022\/#organization","name":"Regi\u00e3o News","url":"https:\/\/regiaonews.net.br\/2022\/","logo":{"@type":"ImageObject","inLanguage":"pt-BR","@id":"https:\/\/regiaonews.net.br\/2022\/#\/schema\/logo\/image\/","url":"https:\/\/regiaonews.net.br\/2022\/wp-content\/uploads\/2026\/03\/regiao-13-anos-scaled.jpg","contentUrl":"https:\/\/regiaonews.net.br\/2022\/wp-content\/uploads\/2026\/03\/regiao-13-anos-scaled.jpg","width":2560,"height":635,"caption":"Regi\u00e3o News"},"image":{"@id":"https:\/\/regiaonews.net.br\/2022\/#\/schema\/logo\/image\/"}},{"@type":"Person","@id":"https:\/\/regiaonews.net.br\/2022\/#\/schema\/person\/2d205a608a5aa97ac279d7a5e6d89ad8","name":"Roberto","image":{"@type":"ImageObject","inLanguage":"pt-BR","@id":"https:\/\/secure.gravatar.com\/avatar\/42749d8b712ff9d59ca93dc150494e5b55a44134482993f5baeb97e61b7ecc89?s=96&d=mm&r=g","url":"https:\/\/secure.gravatar.com\/avatar\/42749d8b712ff9d59ca93dc150494e5b55a44134482993f5baeb97e61b7ecc89?s=96&d=mm&r=g","contentUrl":"https:\/\/secure.gravatar.com\/avatar\/42749d8b712ff9d59ca93dc150494e5b55a44134482993f5baeb97e61b7ecc89?s=96&d=mm&r=g","caption":"Roberto"},"url":"https:\/\/regiaonews.net.br\/2022\/author\/roberto\/"}]}},"publishpress_future_action":{"enabled":false,"date":"2026-05-03 14:21:37","action":"change-status","newStatus":"draft","terms":[],"taxonomy":"category","extraData":[]},"publishpress_future_workflow_manual_trigger":{"enabledWorkflows":[]},"_links":{"self":[{"href":"https:\/\/regiaonews.net.br\/2022\/wp-json\/wp\/v2\/posts\/103523","targetHints":{"allow":["GET"]}}],"collection":[{"href":"https:\/\/regiaonews.net.br\/2022\/wp-json\/wp\/v2\/posts"}],"about":[{"href":"https:\/\/regiaonews.net.br\/2022\/wp-json\/wp\/v2\/types\/post"}],"author":[{"embeddable":true,"href":"https:\/\/regiaonews.net.br\/2022\/wp-json\/wp\/v2\/users\/2"}],"replies":[{"embeddable":true,"href":"https:\/\/regiaonews.net.br\/2022\/wp-json\/wp\/v2\/comments?post=103523"}],"version-history":[{"count":1,"href":"https:\/\/regiaonews.net.br\/2022\/wp-json\/wp\/v2\/posts\/103523\/revisions"}],"predecessor-version":[{"id":103525,"href":"https:\/\/regiaonews.net.br\/2022\/wp-json\/wp\/v2\/posts\/103523\/revisions\/103525"}],"wp:featuredmedia":[{"embeddable":true,"href":"https:\/\/regiaonews.net.br\/2022\/wp-json\/wp\/v2\/media\/103524"}],"wp:attachment":[{"href":"https:\/\/regiaonews.net.br\/2022\/wp-json\/wp\/v2\/media?parent=103523"}],"wp:term":[{"taxonomy":"category","embeddable":true,"href":"https:\/\/regiaonews.net.br\/2022\/wp-json\/wp\/v2\/categories?post=103523"},{"taxonomy":"post_tag","embeddable":true,"href":"https:\/\/regiaonews.net.br\/2022\/wp-json\/wp\/v2\/tags?post=103523"}],"curies":[{"name":"wp","href":"https:\/\/api.w.org\/{rel}","templated":true}]}}