{"id":103500,"date":"2024-04-10T18:39:37","date_gmt":"2024-04-10T21:39:37","guid":{"rendered":"https:\/\/regiaonews.net.br\/2022\/?p=103500"},"modified":"2024-04-10T18:39:37","modified_gmt":"2024-04-10T21:39:37","slug":"presidente-do-instituto-o-amor-recebe-titulo-de-cidadania-no-dia-18-de-abril","status":"publish","type":"post","link":"https:\/\/regiaonews.net.br\/2022\/2024\/04\/10\/presidente-do-instituto-o-amor-recebe-titulo-de-cidadania-no-dia-18-de-abril\/","title":{"rendered":"Presidente do Instituto O Amor, recebe T\u00edtulo de Cidadania no dia 18 de abril"},"content":{"rendered":"<p>O Presidente do Instituto O Amor,<strong>\u00a0Anderson de Souza Alves<\/strong>, receber\u00e1 o\u00a0<strong>T\u00edtulo de Cidad\u00e3o Honor\u00e1rio da Est\u00e2ncia Tur\u00edstica de Barretos<\/strong>\u00a0no pr\u00f3ximo\u00a0<strong>dia 18 de abril (quinta-feira), \u00e0s 19h, em Sess\u00e3o Solene, na C\u00e2mara.<\/strong><\/p>\n<p>A homenagem foi proposta pelo vereador<strong>\u00a0Elson dos Santos (REPUBLICANOS)<\/strong>, por meio do<strong>\u00a0<a href=\"http:\/\/consulta.camarabarretos.sp.gov.br\/Documentos\/Documento\/397757\" target=\"_blank\" rel=\"noopener\">Projeto de Decreto Legislativo n\u00ba 36\/2023<\/a>\u00a0<\/strong>aprovado por todos os vereadores.<\/p>\n<p>Todas as autoridades do Munic\u00edpio, profissionais de imprensa, familiares e amigos do homenageado est\u00e3o convidados a comparecer \u00e0 C\u00e2mara para prestigiar a homenagem.<\/p>\n<p>A solenidade ter\u00e1 transmiss\u00e3o ao vivo e reprises pela\u00a0<strong>TV C\u00e2mara &#8211; canal 31.3, Facebook, Youtube e Instagram.<\/strong><\/p>\n<p><strong>O HOMENAGEADO<\/strong><\/p>\n<p><strong>Anderson de Souza Alves\u00a0<\/strong>tem 41 anos\u00a0<strong>e\u00a0<\/strong>nasceu em<strong>\u00a0Ribeir\u00e3o Preto (SP).\u00a0<\/strong>\u00a0Mudou-se para Barretos com apenas um ano de idade. At\u00e9 os 7 anos morou com a tia Marta (em mem\u00f3ria), na Fazenda do Brejinho.<\/p>\n<p>Com 13\u00a0 anos, Anderson \u00a0ingressou na Guarda Mirim de Barretos, onde demonstrou\u00a0 comprometimento e habilidades, resultando em uma indica\u00e7\u00e3o para trabalhar na Secretaria Municipal de Educa\u00e7\u00e3o de\u00a0 Barretos, onde permaneceu at\u00e9\u00a0\u00a0<strong>2003.\u00a0<\/strong>\u00a0Na Prefeitura, desempenhou v\u00e1rias fun\u00e7\u00f5es, incluindo a chefia do Transporte Escolar e a coordena\u00e7\u00e3o do setor de Vagas de Creches, al\u00e9m de contribuir com atividades administrativas.<\/p>\n<p>A partir do ano de 2003, Anderson decidiu empreender e fundou a pr\u00f3pria empresa em Barretos, a\u00a0<strong>&#8220;Confian\u00e7a Panfletagem&#8221;<\/strong>. A empresa cresceu e expandiu suas opera\u00e7\u00f5es, sempre mantendo um forte compromisso social com a implanta\u00e7\u00e3o de\u00a0 a\u00e7\u00f5es em benef\u00edcio da popula\u00e7\u00e3o.<\/p>\n<p>Em 2018, foi eleito Presidente do<strong>\u00a0Instituto O Amor,\u00a0<\/strong>assumindo um grande desafio, pois a institui\u00e7\u00e3o enfrentava dificuldades financeiras. A prtir da\u00ed,\u00a0 reestruturou, expandiu e melhorou as instala\u00e7\u00f5es do instituto com o objetivo de inovar os projetos e aumentar o n\u00famero de atendimentos.\u00a0<strong>Sob sua lideran\u00e7a, o instituto ampliou seus atendimentos de 300 para 1800 atendimentos mensais<\/strong><\/p>\n<p>O\u00a0<strong>Instituto O Amor<\/strong>\u00a0foi criado em\u00a02013 com o objetivo de garantir a prote\u00e7\u00e3o e a garantia de acesso aos direitos do idoso e\u00a0 em defesa dos direitos das fam\u00edlias e seus membros. Tem como valores a dignidade e autoestima dos assistidos, buscando criar uma sociedade mais justa e humanit\u00e1ria.<\/p>\n","protected":false},"excerpt":{"rendered":"<p>O Presidente do Instituto O Amor,\u00a0Anderson de Souza Alves, receber\u00e1<\/p>\n","protected":false},"author":2,"featured_media":103501,"comment_status":"open","ping_status":"open","sticky":false,"template":"","format":"standard","meta":{"footnotes":""},"categories":[14,25],"tags":[],"class_list":["post-103500","post","type-post","status-publish","format-standard","has-post-thumbnail","hentry","category-barretos","category-cidades"],"yoast_head":"<!-- This site is optimized with the Yoast SEO plugin v27.4 - https:\/\/yoast.com\/product\/yoast-seo-wordpress\/ -->\n<title>Presidente do Instituto O Amor, recebe T\u00edtulo de Cidadania no dia 18 de abril - Regi\u00e3o News<\/title>\n<meta name=\"robots\" content=\"index, follow, max-snippet:-1, max-image-preview:large, max-video-preview:-1\" \/>\n<link rel=\"canonical\" href=\"https:\/\/regiaonews.net.br\/2022\/2024\/04\/10\/presidente-do-instituto-o-amor-recebe-titulo-de-cidadania-no-dia-18-de-abril\/\" \/>\n<meta property=\"og:locale\" content=\"pt_BR\" \/>\n<meta property=\"og:type\" content=\"article\" \/>\n<meta property=\"og:title\" content=\"Presidente do Instituto O Amor, recebe T\u00edtulo de Cidadania no dia 18 de abril - Regi\u00e3o News\" \/>\n<meta property=\"og:description\" content=\"O Presidente do Instituto O Amor,\u00a0Anderson de Souza Alves, receber\u00e1\" \/>\n<meta property=\"og:url\" content=\"https:\/\/regiaonews.net.br\/2022\/2024\/04\/10\/presidente-do-instituto-o-amor-recebe-titulo-de-cidadania-no-dia-18-de-abril\/\" \/>\n<meta property=\"og:site_name\" content=\"Regi\u00e3o News\" \/>\n<meta property=\"article:published_time\" content=\"2024-04-10T21:39:37+00:00\" \/>\n<meta property=\"og:image\" content=\"https:\/\/regiaonews.net.br\/2022\/wp-content\/uploads\/2024\/04\/alta_171275323566168a5311365.jpg\" \/>\n\t<meta property=\"og:image:width\" content=\"1080\" \/>\n\t<meta property=\"og:image:height\" content=\"1080\" \/>\n\t<meta property=\"og:image:type\" content=\"image\/jpeg\" \/>\n<meta name=\"author\" content=\"Roberto\" \/>\n<meta name=\"twitter:card\" content=\"summary_large_image\" \/>\n<meta name=\"twitter:label1\" content=\"Escrito por\" \/>\n\t<meta name=\"twitter:data1\" content=\"Roberto\" \/>\n\t<meta name=\"twitter:label2\" content=\"Est. tempo de leitura\" \/>\n\t<meta name=\"twitter:data2\" content=\"3 minutos\" \/>\n<script type=\"application\/ld+json\" class=\"yoast-schema-graph\">{\"@context\":\"https:\\\/\\\/schema.org\",\"@graph\":[{\"@type\":\"Article\",\"@id\":\"https:\\\/\\\/regiaonews.net.br\\\/2022\\\/2024\\\/04\\\/10\\\/presidente-do-instituto-o-amor-recebe-titulo-de-cidadania-no-dia-18-de-abril\\\/#article\",\"isPartOf\":{\"@id\":\"https:\\\/\\\/regiaonews.net.br\\\/2022\\\/2024\\\/04\\\/10\\\/presidente-do-instituto-o-amor-recebe-titulo-de-cidadania-no-dia-18-de-abril\\\/\"},\"author\":{\"name\":\"Roberto\",\"@id\":\"https:\\\/\\\/regiaonews.net.br\\\/2022\\\/#\\\/schema\\\/person\\\/2d205a608a5aa97ac279d7a5e6d89ad8\"},\"headline\":\"Presidente do Instituto O Amor, recebe T\u00edtulo de Cidadania no dia 18 de abril\",\"datePublished\":\"2024-04-10T21:39:37+00:00\",\"mainEntityOfPage\":{\"@id\":\"https:\\\/\\\/regiaonews.net.br\\\/2022\\\/2024\\\/04\\\/10\\\/presidente-do-instituto-o-amor-recebe-titulo-de-cidadania-no-dia-18-de-abril\\\/\"},\"wordCount\":382,\"commentCount\":0,\"publisher\":{\"@id\":\"https:\\\/\\\/regiaonews.net.br\\\/2022\\\/#organization\"},\"image\":{\"@id\":\"https:\\\/\\\/regiaonews.net.br\\\/2022\\\/2024\\\/04\\\/10\\\/presidente-do-instituto-o-amor-recebe-titulo-de-cidadania-no-dia-18-de-abril\\\/#primaryimage\"},\"thumbnailUrl\":\"https:\\\/\\\/regiaonews.net.br\\\/2022\\\/wp-content\\\/uploads\\\/2024\\\/04\\\/alta_171275323566168a5311365.jpg\",\"articleSection\":[\"Barretos\",\"Cidades\"],\"inLanguage\":\"pt-BR\",\"potentialAction\":[{\"@type\":\"CommentAction\",\"name\":\"Comment\",\"target\":[\"https:\\\/\\\/regiaonews.net.br\\\/2022\\\/2024\\\/04\\\/10\\\/presidente-do-instituto-o-amor-recebe-titulo-de-cidadania-no-dia-18-de-abril\\\/#respond\"]}]},{\"@type\":\"WebPage\",\"@id\":\"https:\\\/\\\/regiaonews.net.br\\\/2022\\\/2024\\\/04\\\/10\\\/presidente-do-instituto-o-amor-recebe-titulo-de-cidadania-no-dia-18-de-abril\\\/\",\"url\":\"https:\\\/\\\/regiaonews.net.br\\\/2022\\\/2024\\\/04\\\/10\\\/presidente-do-instituto-o-amor-recebe-titulo-de-cidadania-no-dia-18-de-abril\\\/\",\"name\":\"Presidente do Instituto O Amor, recebe T\u00edtulo de Cidadania no dia 18 de abril - Regi\u00e3o News\",\"isPartOf\":{\"@id\":\"https:\\\/\\\/regiaonews.net.br\\\/2022\\\/#website\"},\"primaryImageOfPage\":{\"@id\":\"https:\\\/\\\/regiaonews.net.br\\\/2022\\\/2024\\\/04\\\/10\\\/presidente-do-instituto-o-amor-recebe-titulo-de-cidadania-no-dia-18-de-abril\\\/#primaryimage\"},\"image\":{\"@id\":\"https:\\\/\\\/regiaonews.net.br\\\/2022\\\/2024\\\/04\\\/10\\\/presidente-do-instituto-o-amor-recebe-titulo-de-cidadania-no-dia-18-de-abril\\\/#primaryimage\"},\"thumbnailUrl\":\"https:\\\/\\\/regiaonews.net.br\\\/2022\\\/wp-content\\\/uploads\\\/2024\\\/04\\\/alta_171275323566168a5311365.jpg\",\"datePublished\":\"2024-04-10T21:39:37+00:00\",\"breadcrumb\":{\"@id\":\"https:\\\/\\\/regiaonews.net.br\\\/2022\\\/2024\\\/04\\\/10\\\/presidente-do-instituto-o-amor-recebe-titulo-de-cidadania-no-dia-18-de-abril\\\/#breadcrumb\"},\"inLanguage\":\"pt-BR\",\"potentialAction\":[{\"@type\":\"ReadAction\",\"target\":[\"https:\\\/\\\/regiaonews.net.br\\\/2022\\\/2024\\\/04\\\/10\\\/presidente-do-instituto-o-amor-recebe-titulo-de-cidadania-no-dia-18-de-abril\\\/\"]}]},{\"@type\":\"ImageObject\",\"inLanguage\":\"pt-BR\",\"@id\":\"https:\\\/\\\/regiaonews.net.br\\\/2022\\\/2024\\\/04\\\/10\\\/presidente-do-instituto-o-amor-recebe-titulo-de-cidadania-no-dia-18-de-abril\\\/#primaryimage\",\"url\":\"https:\\\/\\\/regiaonews.net.br\\\/2022\\\/wp-content\\\/uploads\\\/2024\\\/04\\\/alta_171275323566168a5311365.jpg\",\"contentUrl\":\"https:\\\/\\\/regiaonews.net.br\\\/2022\\\/wp-content\\\/uploads\\\/2024\\\/04\\\/alta_171275323566168a5311365.jpg\",\"width\":1080,\"height\":1080},{\"@type\":\"BreadcrumbList\",\"@id\":\"https:\\\/\\\/regiaonews.net.br\\\/2022\\\/2024\\\/04\\\/10\\\/presidente-do-instituto-o-amor-recebe-titulo-de-cidadania-no-dia-18-de-abril\\\/#breadcrumb\",\"itemListElement\":[{\"@type\":\"ListItem\",\"position\":1,\"name\":\"In\u00edcio\",\"item\":\"https:\\\/\\\/regiaonews.net.br\\\/2022\\\/\"},{\"@type\":\"ListItem\",\"position\":2,\"name\":\"Presidente do Instituto O Amor, recebe T\u00edtulo de Cidadania no dia 18 de abril\"}]},{\"@type\":\"WebSite\",\"@id\":\"https:\\\/\\\/regiaonews.net.br\\\/2022\\\/#website\",\"url\":\"https:\\\/\\\/regiaonews.net.br\\\/2022\\\/\",\"name\":\"Regi\u00e3o News\",\"description\":\"Site de Not\u00edcias de Barretos e regi\u00e3o\",\"publisher\":{\"@id\":\"https:\\\/\\\/regiaonews.net.br\\\/2022\\\/#organization\"},\"potentialAction\":[{\"@type\":\"SearchAction\",\"target\":{\"@type\":\"EntryPoint\",\"urlTemplate\":\"https:\\\/\\\/regiaonews.net.br\\\/2022\\\/?s={search_term_string}\"},\"query-input\":{\"@type\":\"PropertyValueSpecification\",\"valueRequired\":true,\"valueName\":\"search_term_string\"}}],\"inLanguage\":\"pt-BR\"},{\"@type\":\"Organization\",\"@id\":\"https:\\\/\\\/regiaonews.net.br\\\/2022\\\/#organization\",\"name\":\"Regi\u00e3o News\",\"url\":\"https:\\\/\\\/regiaonews.net.br\\\/2022\\\/\",\"logo\":{\"@type\":\"ImageObject\",\"inLanguage\":\"pt-BR\",\"@id\":\"https:\\\/\\\/regiaonews.net.br\\\/2022\\\/#\\\/schema\\\/logo\\\/image\\\/\",\"url\":\"https:\\\/\\\/regiaonews.net.br\\\/2022\\\/wp-content\\\/uploads\\\/2026\\\/03\\\/regiao-13-anos-scaled.jpg\",\"contentUrl\":\"https:\\\/\\\/regiaonews.net.br\\\/2022\\\/wp-content\\\/uploads\\\/2026\\\/03\\\/regiao-13-anos-scaled.jpg\",\"width\":2560,\"height\":635,\"caption\":\"Regi\u00e3o News\"},\"image\":{\"@id\":\"https:\\\/\\\/regiaonews.net.br\\\/2022\\\/#\\\/schema\\\/logo\\\/image\\\/\"}},{\"@type\":\"Person\",\"@id\":\"https:\\\/\\\/regiaonews.net.br\\\/2022\\\/#\\\/schema\\\/person\\\/2d205a608a5aa97ac279d7a5e6d89ad8\",\"name\":\"Roberto\",\"image\":{\"@type\":\"ImageObject\",\"inLanguage\":\"pt-BR\",\"@id\":\"https:\\\/\\\/secure.gravatar.com\\\/avatar\\\/42749d8b712ff9d59ca93dc150494e5b55a44134482993f5baeb97e61b7ecc89?s=96&d=mm&r=g\",\"url\":\"https:\\\/\\\/secure.gravatar.com\\\/avatar\\\/42749d8b712ff9d59ca93dc150494e5b55a44134482993f5baeb97e61b7ecc89?s=96&d=mm&r=g\",\"contentUrl\":\"https:\\\/\\\/secure.gravatar.com\\\/avatar\\\/42749d8b712ff9d59ca93dc150494e5b55a44134482993f5baeb97e61b7ecc89?s=96&d=mm&r=g\",\"caption\":\"Roberto\"},\"url\":\"https:\\\/\\\/regiaonews.net.br\\\/2022\\\/author\\\/roberto\\\/\"}]}<\/script>\n<!-- \/ Yoast SEO plugin. -->","yoast_head_json":{"title":"Presidente do Instituto O Amor, recebe T\u00edtulo de Cidadania no dia 18 de abril - Regi\u00e3o News","robots":{"index":"index","follow":"follow","max-snippet":"max-snippet:-1","max-image-preview":"max-image-preview:large","max-video-preview":"max-video-preview:-1"},"canonical":"https:\/\/regiaonews.net.br\/2022\/2024\/04\/10\/presidente-do-instituto-o-amor-recebe-titulo-de-cidadania-no-dia-18-de-abril\/","og_locale":"pt_BR","og_type":"article","og_title":"Presidente do Instituto O Amor, recebe T\u00edtulo de Cidadania no dia 18 de abril - Regi\u00e3o News","og_description":"O Presidente do Instituto O Amor,\u00a0Anderson de Souza Alves, receber\u00e1","og_url":"https:\/\/regiaonews.net.br\/2022\/2024\/04\/10\/presidente-do-instituto-o-amor-recebe-titulo-de-cidadania-no-dia-18-de-abril\/","og_site_name":"Regi\u00e3o News","article_published_time":"2024-04-10T21:39:37+00:00","og_image":[{"width":1080,"height":1080,"url":"https:\/\/regiaonews.net.br\/2022\/wp-content\/uploads\/2024\/04\/alta_171275323566168a5311365.jpg","type":"image\/jpeg"}],"author":"Roberto","twitter_card":"summary_large_image","twitter_misc":{"Escrito por":"Roberto","Est. tempo de leitura":"3 minutos"},"schema":{"@context":"https:\/\/schema.org","@graph":[{"@type":"Article","@id":"https:\/\/regiaonews.net.br\/2022\/2024\/04\/10\/presidente-do-instituto-o-amor-recebe-titulo-de-cidadania-no-dia-18-de-abril\/#article","isPartOf":{"@id":"https:\/\/regiaonews.net.br\/2022\/2024\/04\/10\/presidente-do-instituto-o-amor-recebe-titulo-de-cidadania-no-dia-18-de-abril\/"},"author":{"name":"Roberto","@id":"https:\/\/regiaonews.net.br\/2022\/#\/schema\/person\/2d205a608a5aa97ac279d7a5e6d89ad8"},"headline":"Presidente do Instituto O Amor, recebe T\u00edtulo de Cidadania no dia 18 de abril","datePublished":"2024-04-10T21:39:37+00:00","mainEntityOfPage":{"@id":"https:\/\/regiaonews.net.br\/2022\/2024\/04\/10\/presidente-do-instituto-o-amor-recebe-titulo-de-cidadania-no-dia-18-de-abril\/"},"wordCount":382,"commentCount":0,"publisher":{"@id":"https:\/\/regiaonews.net.br\/2022\/#organization"},"image":{"@id":"https:\/\/regiaonews.net.br\/2022\/2024\/04\/10\/presidente-do-instituto-o-amor-recebe-titulo-de-cidadania-no-dia-18-de-abril\/#primaryimage"},"thumbnailUrl":"https:\/\/regiaonews.net.br\/2022\/wp-content\/uploads\/2024\/04\/alta_171275323566168a5311365.jpg","articleSection":["Barretos","Cidades"],"inLanguage":"pt-BR","potentialAction":[{"@type":"CommentAction","name":"Comment","target":["https:\/\/regiaonews.net.br\/2022\/2024\/04\/10\/presidente-do-instituto-o-amor-recebe-titulo-de-cidadania-no-dia-18-de-abril\/#respond"]}]},{"@type":"WebPage","@id":"https:\/\/regiaonews.net.br\/2022\/2024\/04\/10\/presidente-do-instituto-o-amor-recebe-titulo-de-cidadania-no-dia-18-de-abril\/","url":"https:\/\/regiaonews.net.br\/2022\/2024\/04\/10\/presidente-do-instituto-o-amor-recebe-titulo-de-cidadania-no-dia-18-de-abril\/","name":"Presidente do Instituto O Amor, recebe T\u00edtulo de Cidadania no dia 18 de abril - Regi\u00e3o News","isPartOf":{"@id":"https:\/\/regiaonews.net.br\/2022\/#website"},"primaryImageOfPage":{"@id":"https:\/\/regiaonews.net.br\/2022\/2024\/04\/10\/presidente-do-instituto-o-amor-recebe-titulo-de-cidadania-no-dia-18-de-abril\/#primaryimage"},"image":{"@id":"https:\/\/regiaonews.net.br\/2022\/2024\/04\/10\/presidente-do-instituto-o-amor-recebe-titulo-de-cidadania-no-dia-18-de-abril\/#primaryimage"},"thumbnailUrl":"https:\/\/regiaonews.net.br\/2022\/wp-content\/uploads\/2024\/04\/alta_171275323566168a5311365.jpg","datePublished":"2024-04-10T21:39:37+00:00","breadcrumb":{"@id":"https:\/\/regiaonews.net.br\/2022\/2024\/04\/10\/presidente-do-instituto-o-amor-recebe-titulo-de-cidadania-no-dia-18-de-abril\/#breadcrumb"},"inLanguage":"pt-BR","potentialAction":[{"@type":"ReadAction","target":["https:\/\/regiaonews.net.br\/2022\/2024\/04\/10\/presidente-do-instituto-o-amor-recebe-titulo-de-cidadania-no-dia-18-de-abril\/"]}]},{"@type":"ImageObject","inLanguage":"pt-BR","@id":"https:\/\/regiaonews.net.br\/2022\/2024\/04\/10\/presidente-do-instituto-o-amor-recebe-titulo-de-cidadania-no-dia-18-de-abril\/#primaryimage","url":"https:\/\/regiaonews.net.br\/2022\/wp-content\/uploads\/2024\/04\/alta_171275323566168a5311365.jpg","contentUrl":"https:\/\/regiaonews.net.br\/2022\/wp-content\/uploads\/2024\/04\/alta_171275323566168a5311365.jpg","width":1080,"height":1080},{"@type":"BreadcrumbList","@id":"https:\/\/regiaonews.net.br\/2022\/2024\/04\/10\/presidente-do-instituto-o-amor-recebe-titulo-de-cidadania-no-dia-18-de-abril\/#breadcrumb","itemListElement":[{"@type":"ListItem","position":1,"name":"In\u00edcio","item":"https:\/\/regiaonews.net.br\/2022\/"},{"@type":"ListItem","position":2,"name":"Presidente do Instituto O Amor, recebe T\u00edtulo de Cidadania no dia 18 de abril"}]},{"@type":"WebSite","@id":"https:\/\/regiaonews.net.br\/2022\/#website","url":"https:\/\/regiaonews.net.br\/2022\/","name":"Regi\u00e3o News","description":"Site de Not\u00edcias de Barretos e regi\u00e3o","publisher":{"@id":"https:\/\/regiaonews.net.br\/2022\/#organization"},"potentialAction":[{"@type":"SearchAction","target":{"@type":"EntryPoint","urlTemplate":"https:\/\/regiaonews.net.br\/2022\/?s={search_term_string}"},"query-input":{"@type":"PropertyValueSpecification","valueRequired":true,"valueName":"search_term_string"}}],"inLanguage":"pt-BR"},{"@type":"Organization","@id":"https:\/\/regiaonews.net.br\/2022\/#organization","name":"Regi\u00e3o News","url":"https:\/\/regiaonews.net.br\/2022\/","logo":{"@type":"ImageObject","inLanguage":"pt-BR","@id":"https:\/\/regiaonews.net.br\/2022\/#\/schema\/logo\/image\/","url":"https:\/\/regiaonews.net.br\/2022\/wp-content\/uploads\/2026\/03\/regiao-13-anos-scaled.jpg","contentUrl":"https:\/\/regiaonews.net.br\/2022\/wp-content\/uploads\/2026\/03\/regiao-13-anos-scaled.jpg","width":2560,"height":635,"caption":"Regi\u00e3o News"},"image":{"@id":"https:\/\/regiaonews.net.br\/2022\/#\/schema\/logo\/image\/"}},{"@type":"Person","@id":"https:\/\/regiaonews.net.br\/2022\/#\/schema\/person\/2d205a608a5aa97ac279d7a5e6d89ad8","name":"Roberto","image":{"@type":"ImageObject","inLanguage":"pt-BR","@id":"https:\/\/secure.gravatar.com\/avatar\/42749d8b712ff9d59ca93dc150494e5b55a44134482993f5baeb97e61b7ecc89?s=96&d=mm&r=g","url":"https:\/\/secure.gravatar.com\/avatar\/42749d8b712ff9d59ca93dc150494e5b55a44134482993f5baeb97e61b7ecc89?s=96&d=mm&r=g","contentUrl":"https:\/\/secure.gravatar.com\/avatar\/42749d8b712ff9d59ca93dc150494e5b55a44134482993f5baeb97e61b7ecc89?s=96&d=mm&r=g","caption":"Roberto"},"url":"https:\/\/regiaonews.net.br\/2022\/author\/roberto\/"}]}},"publishpress_future_action":{"enabled":false,"date":"2026-05-03 14:03:40","action":"change-status","newStatus":"draft","terms":[],"taxonomy":"category","extraData":[]},"publishpress_future_workflow_manual_trigger":{"enabledWorkflows":[]},"_links":{"self":[{"href":"https:\/\/regiaonews.net.br\/2022\/wp-json\/wp\/v2\/posts\/103500","targetHints":{"allow":["GET"]}}],"collection":[{"href":"https:\/\/regiaonews.net.br\/2022\/wp-json\/wp\/v2\/posts"}],"about":[{"href":"https:\/\/regiaonews.net.br\/2022\/wp-json\/wp\/v2\/types\/post"}],"author":[{"embeddable":true,"href":"https:\/\/regiaonews.net.br\/2022\/wp-json\/wp\/v2\/users\/2"}],"replies":[{"embeddable":true,"href":"https:\/\/regiaonews.net.br\/2022\/wp-json\/wp\/v2\/comments?post=103500"}],"version-history":[{"count":1,"href":"https:\/\/regiaonews.net.br\/2022\/wp-json\/wp\/v2\/posts\/103500\/revisions"}],"predecessor-version":[{"id":103502,"href":"https:\/\/regiaonews.net.br\/2022\/wp-json\/wp\/v2\/posts\/103500\/revisions\/103502"}],"wp:featuredmedia":[{"embeddable":true,"href":"https:\/\/regiaonews.net.br\/2022\/wp-json\/wp\/v2\/media\/103501"}],"wp:attachment":[{"href":"https:\/\/regiaonews.net.br\/2022\/wp-json\/wp\/v2\/media?parent=103500"}],"wp:term":[{"taxonomy":"category","embeddable":true,"href":"https:\/\/regiaonews.net.br\/2022\/wp-json\/wp\/v2\/categories?post=103500"},{"taxonomy":"post_tag","embeddable":true,"href":"https:\/\/regiaonews.net.br\/2022\/wp-json\/wp\/v2\/tags?post=103500"}],"curies":[{"name":"wp","href":"https:\/\/api.w.org\/{rel}","templated":true}]}}