{"id":103497,"date":"2024-04-10T18:37:16","date_gmt":"2024-04-10T21:37:16","guid":{"rendered":"https:\/\/regiaonews.net.br\/2022\/?p=103497"},"modified":"2024-04-10T18:37:16","modified_gmt":"2024-04-10T21:37:16","slug":"prefeitura-realiza-atividade-de-integracao-entre-grupo-60-do-cras-ii-e-criancas-de-escola-municipal","status":"publish","type":"post","link":"https:\/\/regiaonews.net.br\/2022\/2024\/04\/10\/prefeitura-realiza-atividade-de-integracao-entre-grupo-60-do-cras-ii-e-criancas-de-escola-municipal\/","title":{"rendered":"Prefeitura realiza atividade de integra\u00e7\u00e3o entre grupo 60+ do CRAS II e crian\u00e7as de escola municipal"},"content":{"rendered":"<p>&nbsp;<\/p>\n<p>A iniciativa promove conscientiza\u00e7\u00e3o sobre o respeito \u00e0 pessoa idosa<\/p>\n<p>A manh\u00e3 da ter\u00e7a-feira, dia 9, foi marcada com roda de conversa e brincadeiras entre os alunos do 3\u00b0 ano B da Escola Municipal Matilde Gitay de Melo e as integrantes do grupo de conviv\u00eancia para pessoas a partir de 60 anos do Centro de Refer\u00eancia em Assist\u00eancia Social (CRAS II). O encontro intergeracional teve o objetivo de conscientizar sobre o respeito \u00e0 pessoa idosa e promover a integra\u00e7\u00e3o.<\/p>\n<p>Ao se dirigir at\u00e9 a escola, o grupo de mulheres 60+ do CRAS II caminhou pelo bairro Bom Jesus com suas \u201cfilhas\u201d, que s\u00e3o as bonecas utilizadas nos encontros, em que s\u00e3o desenvolvidas atividades para a preven\u00e7\u00e3o de dem\u00eancia. As bonecas foram adquiridas no ano de 2023 por meio de recursos do Governo Federal para a manuten\u00e7\u00e3o do programa Servi\u00e7o de Conviv\u00eancia e Fortalecimento de V\u00ednculos. A atividade foi conclu\u00edda com uma dan\u00e7a, com a participa\u00e7\u00e3o das crian\u00e7as e das mulheres do grupo.<\/p>\n<p>Os encontros do Servi\u00e7o de Conviv\u00eancia e Fortalecimento de V\u00ednculos para pessoas idosas s\u00e3o realizados duas vezes por semana, com atividades socioeducativas entre os integrantes. Nessa unidade, \u00e0s ter\u00e7as e sextas-feiras. Para mais informa\u00e7\u00f5es, \u00e9 poss\u00edvel procurar o CRAS II, na Rua 04, n. 0745, bairro Clementina, ou pelo telefone (17) 3612-2660.<\/p>\n","protected":false},"excerpt":{"rendered":"<p>&nbsp; A iniciativa promove conscientiza\u00e7\u00e3o sobre o respeito \u00e0 pessoa<\/p>\n","protected":false},"author":2,"featured_media":103498,"comment_status":"open","ping_status":"open","sticky":false,"template":"","format":"standard","meta":{"footnotes":""},"categories":[14,25],"tags":[],"class_list":["post-103497","post","type-post","status-publish","format-standard","has-post-thumbnail","hentry","category-barretos","category-cidades"],"yoast_head":"<!-- This site is optimized with the Yoast SEO plugin v27.4 - https:\/\/yoast.com\/product\/yoast-seo-wordpress\/ -->\n<title>Prefeitura realiza atividade de integra\u00e7\u00e3o entre grupo 60+ do CRAS II e crian\u00e7as de escola municipal - Regi\u00e3o News<\/title>\n<meta name=\"robots\" content=\"index, follow, max-snippet:-1, max-image-preview:large, max-video-preview:-1\" \/>\n<link rel=\"canonical\" href=\"https:\/\/regiaonews.net.br\/2022\/2024\/04\/10\/prefeitura-realiza-atividade-de-integracao-entre-grupo-60-do-cras-ii-e-criancas-de-escola-municipal\/\" \/>\n<meta property=\"og:locale\" content=\"pt_BR\" \/>\n<meta property=\"og:type\" content=\"article\" \/>\n<meta property=\"og:title\" content=\"Prefeitura realiza atividade de integra\u00e7\u00e3o entre grupo 60+ do CRAS II e crian\u00e7as de escola municipal - Regi\u00e3o News\" \/>\n<meta property=\"og:description\" content=\"&nbsp; A iniciativa promove conscientiza\u00e7\u00e3o sobre o respeito \u00e0 pessoa\" \/>\n<meta property=\"og:url\" content=\"https:\/\/regiaonews.net.br\/2022\/2024\/04\/10\/prefeitura-realiza-atividade-de-integracao-entre-grupo-60-do-cras-ii-e-criancas-de-escola-municipal\/\" \/>\n<meta property=\"og:site_name\" content=\"Regi\u00e3o News\" \/>\n<meta property=\"article:published_time\" content=\"2024-04-10T21:37:16+00:00\" \/>\n<meta property=\"og:image\" content=\"https:\/\/regiaonews.net.br\/2022\/wp-content\/uploads\/2024\/04\/WhatsApp-Image-2024-04-10-at-18.31.34.jpeg\" \/>\n\t<meta property=\"og:image:width\" content=\"1600\" \/>\n\t<meta property=\"og:image:height\" content=\"720\" \/>\n\t<meta property=\"og:image:type\" content=\"image\/jpeg\" \/>\n<meta name=\"author\" content=\"Roberto\" \/>\n<meta name=\"twitter:card\" content=\"summary_large_image\" \/>\n<meta name=\"twitter:label1\" content=\"Escrito por\" \/>\n\t<meta name=\"twitter:data1\" content=\"Roberto\" \/>\n\t<meta name=\"twitter:label2\" content=\"Est. tempo de leitura\" \/>\n\t<meta name=\"twitter:data2\" content=\"2 minutos\" \/>\n<script type=\"application\/ld+json\" class=\"yoast-schema-graph\">{\"@context\":\"https:\\\/\\\/schema.org\",\"@graph\":[{\"@type\":\"Article\",\"@id\":\"https:\\\/\\\/regiaonews.net.br\\\/2022\\\/2024\\\/04\\\/10\\\/prefeitura-realiza-atividade-de-integracao-entre-grupo-60-do-cras-ii-e-criancas-de-escola-municipal\\\/#article\",\"isPartOf\":{\"@id\":\"https:\\\/\\\/regiaonews.net.br\\\/2022\\\/2024\\\/04\\\/10\\\/prefeitura-realiza-atividade-de-integracao-entre-grupo-60-do-cras-ii-e-criancas-de-escola-municipal\\\/\"},\"author\":{\"name\":\"Roberto\",\"@id\":\"https:\\\/\\\/regiaonews.net.br\\\/2022\\\/#\\\/schema\\\/person\\\/2d205a608a5aa97ac279d7a5e6d89ad8\"},\"headline\":\"Prefeitura realiza atividade de integra\u00e7\u00e3o entre grupo 60+ do CRAS II e crian\u00e7as de escola municipal\",\"datePublished\":\"2024-04-10T21:37:16+00:00\",\"mainEntityOfPage\":{\"@id\":\"https:\\\/\\\/regiaonews.net.br\\\/2022\\\/2024\\\/04\\\/10\\\/prefeitura-realiza-atividade-de-integracao-entre-grupo-60-do-cras-ii-e-criancas-de-escola-municipal\\\/\"},\"wordCount\":246,\"commentCount\":0,\"publisher\":{\"@id\":\"https:\\\/\\\/regiaonews.net.br\\\/2022\\\/#organization\"},\"image\":{\"@id\":\"https:\\\/\\\/regiaonews.net.br\\\/2022\\\/2024\\\/04\\\/10\\\/prefeitura-realiza-atividade-de-integracao-entre-grupo-60-do-cras-ii-e-criancas-de-escola-municipal\\\/#primaryimage\"},\"thumbnailUrl\":\"https:\\\/\\\/regiaonews.net.br\\\/2022\\\/wp-content\\\/uploads\\\/2024\\\/04\\\/WhatsApp-Image-2024-04-10-at-18.31.34.jpeg\",\"articleSection\":[\"Barretos\",\"Cidades\"],\"inLanguage\":\"pt-BR\",\"potentialAction\":[{\"@type\":\"CommentAction\",\"name\":\"Comment\",\"target\":[\"https:\\\/\\\/regiaonews.net.br\\\/2022\\\/2024\\\/04\\\/10\\\/prefeitura-realiza-atividade-de-integracao-entre-grupo-60-do-cras-ii-e-criancas-de-escola-municipal\\\/#respond\"]}]},{\"@type\":\"WebPage\",\"@id\":\"https:\\\/\\\/regiaonews.net.br\\\/2022\\\/2024\\\/04\\\/10\\\/prefeitura-realiza-atividade-de-integracao-entre-grupo-60-do-cras-ii-e-criancas-de-escola-municipal\\\/\",\"url\":\"https:\\\/\\\/regiaonews.net.br\\\/2022\\\/2024\\\/04\\\/10\\\/prefeitura-realiza-atividade-de-integracao-entre-grupo-60-do-cras-ii-e-criancas-de-escola-municipal\\\/\",\"name\":\"Prefeitura realiza atividade de integra\u00e7\u00e3o entre grupo 60+ do CRAS II e crian\u00e7as de escola municipal - Regi\u00e3o News\",\"isPartOf\":{\"@id\":\"https:\\\/\\\/regiaonews.net.br\\\/2022\\\/#website\"},\"primaryImageOfPage\":{\"@id\":\"https:\\\/\\\/regiaonews.net.br\\\/2022\\\/2024\\\/04\\\/10\\\/prefeitura-realiza-atividade-de-integracao-entre-grupo-60-do-cras-ii-e-criancas-de-escola-municipal\\\/#primaryimage\"},\"image\":{\"@id\":\"https:\\\/\\\/regiaonews.net.br\\\/2022\\\/2024\\\/04\\\/10\\\/prefeitura-realiza-atividade-de-integracao-entre-grupo-60-do-cras-ii-e-criancas-de-escola-municipal\\\/#primaryimage\"},\"thumbnailUrl\":\"https:\\\/\\\/regiaonews.net.br\\\/2022\\\/wp-content\\\/uploads\\\/2024\\\/04\\\/WhatsApp-Image-2024-04-10-at-18.31.34.jpeg\",\"datePublished\":\"2024-04-10T21:37:16+00:00\",\"breadcrumb\":{\"@id\":\"https:\\\/\\\/regiaonews.net.br\\\/2022\\\/2024\\\/04\\\/10\\\/prefeitura-realiza-atividade-de-integracao-entre-grupo-60-do-cras-ii-e-criancas-de-escola-municipal\\\/#breadcrumb\"},\"inLanguage\":\"pt-BR\",\"potentialAction\":[{\"@type\":\"ReadAction\",\"target\":[\"https:\\\/\\\/regiaonews.net.br\\\/2022\\\/2024\\\/04\\\/10\\\/prefeitura-realiza-atividade-de-integracao-entre-grupo-60-do-cras-ii-e-criancas-de-escola-municipal\\\/\"]}]},{\"@type\":\"ImageObject\",\"inLanguage\":\"pt-BR\",\"@id\":\"https:\\\/\\\/regiaonews.net.br\\\/2022\\\/2024\\\/04\\\/10\\\/prefeitura-realiza-atividade-de-integracao-entre-grupo-60-do-cras-ii-e-criancas-de-escola-municipal\\\/#primaryimage\",\"url\":\"https:\\\/\\\/regiaonews.net.br\\\/2022\\\/wp-content\\\/uploads\\\/2024\\\/04\\\/WhatsApp-Image-2024-04-10-at-18.31.34.jpeg\",\"contentUrl\":\"https:\\\/\\\/regiaonews.net.br\\\/2022\\\/wp-content\\\/uploads\\\/2024\\\/04\\\/WhatsApp-Image-2024-04-10-at-18.31.34.jpeg\",\"width\":1600,\"height\":720},{\"@type\":\"BreadcrumbList\",\"@id\":\"https:\\\/\\\/regiaonews.net.br\\\/2022\\\/2024\\\/04\\\/10\\\/prefeitura-realiza-atividade-de-integracao-entre-grupo-60-do-cras-ii-e-criancas-de-escola-municipal\\\/#breadcrumb\",\"itemListElement\":[{\"@type\":\"ListItem\",\"position\":1,\"name\":\"In\u00edcio\",\"item\":\"https:\\\/\\\/regiaonews.net.br\\\/2022\\\/\"},{\"@type\":\"ListItem\",\"position\":2,\"name\":\"Prefeitura realiza atividade de integra\u00e7\u00e3o entre grupo 60+ do CRAS II e crian\u00e7as de escola municipal\"}]},{\"@type\":\"WebSite\",\"@id\":\"https:\\\/\\\/regiaonews.net.br\\\/2022\\\/#website\",\"url\":\"https:\\\/\\\/regiaonews.net.br\\\/2022\\\/\",\"name\":\"Regi\u00e3o News\",\"description\":\"Site de Not\u00edcias de Barretos e regi\u00e3o\",\"publisher\":{\"@id\":\"https:\\\/\\\/regiaonews.net.br\\\/2022\\\/#organization\"},\"potentialAction\":[{\"@type\":\"SearchAction\",\"target\":{\"@type\":\"EntryPoint\",\"urlTemplate\":\"https:\\\/\\\/regiaonews.net.br\\\/2022\\\/?s={search_term_string}\"},\"query-input\":{\"@type\":\"PropertyValueSpecification\",\"valueRequired\":true,\"valueName\":\"search_term_string\"}}],\"inLanguage\":\"pt-BR\"},{\"@type\":\"Organization\",\"@id\":\"https:\\\/\\\/regiaonews.net.br\\\/2022\\\/#organization\",\"name\":\"Regi\u00e3o News\",\"url\":\"https:\\\/\\\/regiaonews.net.br\\\/2022\\\/\",\"logo\":{\"@type\":\"ImageObject\",\"inLanguage\":\"pt-BR\",\"@id\":\"https:\\\/\\\/regiaonews.net.br\\\/2022\\\/#\\\/schema\\\/logo\\\/image\\\/\",\"url\":\"https:\\\/\\\/regiaonews.net.br\\\/2022\\\/wp-content\\\/uploads\\\/2026\\\/03\\\/regiao-13-anos-scaled.jpg\",\"contentUrl\":\"https:\\\/\\\/regiaonews.net.br\\\/2022\\\/wp-content\\\/uploads\\\/2026\\\/03\\\/regiao-13-anos-scaled.jpg\",\"width\":2560,\"height\":635,\"caption\":\"Regi\u00e3o News\"},\"image\":{\"@id\":\"https:\\\/\\\/regiaonews.net.br\\\/2022\\\/#\\\/schema\\\/logo\\\/image\\\/\"}},{\"@type\":\"Person\",\"@id\":\"https:\\\/\\\/regiaonews.net.br\\\/2022\\\/#\\\/schema\\\/person\\\/2d205a608a5aa97ac279d7a5e6d89ad8\",\"name\":\"Roberto\",\"image\":{\"@type\":\"ImageObject\",\"inLanguage\":\"pt-BR\",\"@id\":\"https:\\\/\\\/secure.gravatar.com\\\/avatar\\\/42749d8b712ff9d59ca93dc150494e5b55a44134482993f5baeb97e61b7ecc89?s=96&d=mm&r=g\",\"url\":\"https:\\\/\\\/secure.gravatar.com\\\/avatar\\\/42749d8b712ff9d59ca93dc150494e5b55a44134482993f5baeb97e61b7ecc89?s=96&d=mm&r=g\",\"contentUrl\":\"https:\\\/\\\/secure.gravatar.com\\\/avatar\\\/42749d8b712ff9d59ca93dc150494e5b55a44134482993f5baeb97e61b7ecc89?s=96&d=mm&r=g\",\"caption\":\"Roberto\"},\"url\":\"https:\\\/\\\/regiaonews.net.br\\\/2022\\\/author\\\/roberto\\\/\"}]}<\/script>\n<!-- \/ Yoast SEO plugin. -->","yoast_head_json":{"title":"Prefeitura realiza atividade de integra\u00e7\u00e3o entre grupo 60+ do CRAS II e crian\u00e7as de escola municipal - Regi\u00e3o News","robots":{"index":"index","follow":"follow","max-snippet":"max-snippet:-1","max-image-preview":"max-image-preview:large","max-video-preview":"max-video-preview:-1"},"canonical":"https:\/\/regiaonews.net.br\/2022\/2024\/04\/10\/prefeitura-realiza-atividade-de-integracao-entre-grupo-60-do-cras-ii-e-criancas-de-escola-municipal\/","og_locale":"pt_BR","og_type":"article","og_title":"Prefeitura realiza atividade de integra\u00e7\u00e3o entre grupo 60+ do CRAS II e crian\u00e7as de escola municipal - Regi\u00e3o News","og_description":"&nbsp; A iniciativa promove conscientiza\u00e7\u00e3o sobre o respeito \u00e0 pessoa","og_url":"https:\/\/regiaonews.net.br\/2022\/2024\/04\/10\/prefeitura-realiza-atividade-de-integracao-entre-grupo-60-do-cras-ii-e-criancas-de-escola-municipal\/","og_site_name":"Regi\u00e3o News","article_published_time":"2024-04-10T21:37:16+00:00","og_image":[{"width":1600,"height":720,"url":"https:\/\/regiaonews.net.br\/2022\/wp-content\/uploads\/2024\/04\/WhatsApp-Image-2024-04-10-at-18.31.34.jpeg","type":"image\/jpeg"}],"author":"Roberto","twitter_card":"summary_large_image","twitter_misc":{"Escrito por":"Roberto","Est. tempo de leitura":"2 minutos"},"schema":{"@context":"https:\/\/schema.org","@graph":[{"@type":"Article","@id":"https:\/\/regiaonews.net.br\/2022\/2024\/04\/10\/prefeitura-realiza-atividade-de-integracao-entre-grupo-60-do-cras-ii-e-criancas-de-escola-municipal\/#article","isPartOf":{"@id":"https:\/\/regiaonews.net.br\/2022\/2024\/04\/10\/prefeitura-realiza-atividade-de-integracao-entre-grupo-60-do-cras-ii-e-criancas-de-escola-municipal\/"},"author":{"name":"Roberto","@id":"https:\/\/regiaonews.net.br\/2022\/#\/schema\/person\/2d205a608a5aa97ac279d7a5e6d89ad8"},"headline":"Prefeitura realiza atividade de integra\u00e7\u00e3o entre grupo 60+ do CRAS II e crian\u00e7as de escola municipal","datePublished":"2024-04-10T21:37:16+00:00","mainEntityOfPage":{"@id":"https:\/\/regiaonews.net.br\/2022\/2024\/04\/10\/prefeitura-realiza-atividade-de-integracao-entre-grupo-60-do-cras-ii-e-criancas-de-escola-municipal\/"},"wordCount":246,"commentCount":0,"publisher":{"@id":"https:\/\/regiaonews.net.br\/2022\/#organization"},"image":{"@id":"https:\/\/regiaonews.net.br\/2022\/2024\/04\/10\/prefeitura-realiza-atividade-de-integracao-entre-grupo-60-do-cras-ii-e-criancas-de-escola-municipal\/#primaryimage"},"thumbnailUrl":"https:\/\/regiaonews.net.br\/2022\/wp-content\/uploads\/2024\/04\/WhatsApp-Image-2024-04-10-at-18.31.34.jpeg","articleSection":["Barretos","Cidades"],"inLanguage":"pt-BR","potentialAction":[{"@type":"CommentAction","name":"Comment","target":["https:\/\/regiaonews.net.br\/2022\/2024\/04\/10\/prefeitura-realiza-atividade-de-integracao-entre-grupo-60-do-cras-ii-e-criancas-de-escola-municipal\/#respond"]}]},{"@type":"WebPage","@id":"https:\/\/regiaonews.net.br\/2022\/2024\/04\/10\/prefeitura-realiza-atividade-de-integracao-entre-grupo-60-do-cras-ii-e-criancas-de-escola-municipal\/","url":"https:\/\/regiaonews.net.br\/2022\/2024\/04\/10\/prefeitura-realiza-atividade-de-integracao-entre-grupo-60-do-cras-ii-e-criancas-de-escola-municipal\/","name":"Prefeitura realiza atividade de integra\u00e7\u00e3o entre grupo 60+ do CRAS II e crian\u00e7as de escola municipal - Regi\u00e3o News","isPartOf":{"@id":"https:\/\/regiaonews.net.br\/2022\/#website"},"primaryImageOfPage":{"@id":"https:\/\/regiaonews.net.br\/2022\/2024\/04\/10\/prefeitura-realiza-atividade-de-integracao-entre-grupo-60-do-cras-ii-e-criancas-de-escola-municipal\/#primaryimage"},"image":{"@id":"https:\/\/regiaonews.net.br\/2022\/2024\/04\/10\/prefeitura-realiza-atividade-de-integracao-entre-grupo-60-do-cras-ii-e-criancas-de-escola-municipal\/#primaryimage"},"thumbnailUrl":"https:\/\/regiaonews.net.br\/2022\/wp-content\/uploads\/2024\/04\/WhatsApp-Image-2024-04-10-at-18.31.34.jpeg","datePublished":"2024-04-10T21:37:16+00:00","breadcrumb":{"@id":"https:\/\/regiaonews.net.br\/2022\/2024\/04\/10\/prefeitura-realiza-atividade-de-integracao-entre-grupo-60-do-cras-ii-e-criancas-de-escola-municipal\/#breadcrumb"},"inLanguage":"pt-BR","potentialAction":[{"@type":"ReadAction","target":["https:\/\/regiaonews.net.br\/2022\/2024\/04\/10\/prefeitura-realiza-atividade-de-integracao-entre-grupo-60-do-cras-ii-e-criancas-de-escola-municipal\/"]}]},{"@type":"ImageObject","inLanguage":"pt-BR","@id":"https:\/\/regiaonews.net.br\/2022\/2024\/04\/10\/prefeitura-realiza-atividade-de-integracao-entre-grupo-60-do-cras-ii-e-criancas-de-escola-municipal\/#primaryimage","url":"https:\/\/regiaonews.net.br\/2022\/wp-content\/uploads\/2024\/04\/WhatsApp-Image-2024-04-10-at-18.31.34.jpeg","contentUrl":"https:\/\/regiaonews.net.br\/2022\/wp-content\/uploads\/2024\/04\/WhatsApp-Image-2024-04-10-at-18.31.34.jpeg","width":1600,"height":720},{"@type":"BreadcrumbList","@id":"https:\/\/regiaonews.net.br\/2022\/2024\/04\/10\/prefeitura-realiza-atividade-de-integracao-entre-grupo-60-do-cras-ii-e-criancas-de-escola-municipal\/#breadcrumb","itemListElement":[{"@type":"ListItem","position":1,"name":"In\u00edcio","item":"https:\/\/regiaonews.net.br\/2022\/"},{"@type":"ListItem","position":2,"name":"Prefeitura realiza atividade de integra\u00e7\u00e3o entre grupo 60+ do CRAS II e crian\u00e7as de escola municipal"}]},{"@type":"WebSite","@id":"https:\/\/regiaonews.net.br\/2022\/#website","url":"https:\/\/regiaonews.net.br\/2022\/","name":"Regi\u00e3o News","description":"Site de Not\u00edcias de Barretos e regi\u00e3o","publisher":{"@id":"https:\/\/regiaonews.net.br\/2022\/#organization"},"potentialAction":[{"@type":"SearchAction","target":{"@type":"EntryPoint","urlTemplate":"https:\/\/regiaonews.net.br\/2022\/?s={search_term_string}"},"query-input":{"@type":"PropertyValueSpecification","valueRequired":true,"valueName":"search_term_string"}}],"inLanguage":"pt-BR"},{"@type":"Organization","@id":"https:\/\/regiaonews.net.br\/2022\/#organization","name":"Regi\u00e3o News","url":"https:\/\/regiaonews.net.br\/2022\/","logo":{"@type":"ImageObject","inLanguage":"pt-BR","@id":"https:\/\/regiaonews.net.br\/2022\/#\/schema\/logo\/image\/","url":"https:\/\/regiaonews.net.br\/2022\/wp-content\/uploads\/2026\/03\/regiao-13-anos-scaled.jpg","contentUrl":"https:\/\/regiaonews.net.br\/2022\/wp-content\/uploads\/2026\/03\/regiao-13-anos-scaled.jpg","width":2560,"height":635,"caption":"Regi\u00e3o News"},"image":{"@id":"https:\/\/regiaonews.net.br\/2022\/#\/schema\/logo\/image\/"}},{"@type":"Person","@id":"https:\/\/regiaonews.net.br\/2022\/#\/schema\/person\/2d205a608a5aa97ac279d7a5e6d89ad8","name":"Roberto","image":{"@type":"ImageObject","inLanguage":"pt-BR","@id":"https:\/\/secure.gravatar.com\/avatar\/42749d8b712ff9d59ca93dc150494e5b55a44134482993f5baeb97e61b7ecc89?s=96&d=mm&r=g","url":"https:\/\/secure.gravatar.com\/avatar\/42749d8b712ff9d59ca93dc150494e5b55a44134482993f5baeb97e61b7ecc89?s=96&d=mm&r=g","contentUrl":"https:\/\/secure.gravatar.com\/avatar\/42749d8b712ff9d59ca93dc150494e5b55a44134482993f5baeb97e61b7ecc89?s=96&d=mm&r=g","caption":"Roberto"},"url":"https:\/\/regiaonews.net.br\/2022\/author\/roberto\/"}]}},"publishpress_future_action":{"enabled":false,"date":"2026-05-03 15:35:16","action":"change-status","newStatus":"draft","terms":[],"taxonomy":"category","extraData":[]},"publishpress_future_workflow_manual_trigger":{"enabledWorkflows":[]},"_links":{"self":[{"href":"https:\/\/regiaonews.net.br\/2022\/wp-json\/wp\/v2\/posts\/103497","targetHints":{"allow":["GET"]}}],"collection":[{"href":"https:\/\/regiaonews.net.br\/2022\/wp-json\/wp\/v2\/posts"}],"about":[{"href":"https:\/\/regiaonews.net.br\/2022\/wp-json\/wp\/v2\/types\/post"}],"author":[{"embeddable":true,"href":"https:\/\/regiaonews.net.br\/2022\/wp-json\/wp\/v2\/users\/2"}],"replies":[{"embeddable":true,"href":"https:\/\/regiaonews.net.br\/2022\/wp-json\/wp\/v2\/comments?post=103497"}],"version-history":[{"count":1,"href":"https:\/\/regiaonews.net.br\/2022\/wp-json\/wp\/v2\/posts\/103497\/revisions"}],"predecessor-version":[{"id":103499,"href":"https:\/\/regiaonews.net.br\/2022\/wp-json\/wp\/v2\/posts\/103497\/revisions\/103499"}],"wp:featuredmedia":[{"embeddable":true,"href":"https:\/\/regiaonews.net.br\/2022\/wp-json\/wp\/v2\/media\/103498"}],"wp:attachment":[{"href":"https:\/\/regiaonews.net.br\/2022\/wp-json\/wp\/v2\/media?parent=103497"}],"wp:term":[{"taxonomy":"category","embeddable":true,"href":"https:\/\/regiaonews.net.br\/2022\/wp-json\/wp\/v2\/categories?post=103497"},{"taxonomy":"post_tag","embeddable":true,"href":"https:\/\/regiaonews.net.br\/2022\/wp-json\/wp\/v2\/tags?post=103497"}],"curies":[{"name":"wp","href":"https:\/\/api.w.org\/{rel}","templated":true}]}}