{"id":103484,"date":"2024-04-10T14:53:55","date_gmt":"2024-04-10T17:53:55","guid":{"rendered":"https:\/\/regiaonews.net.br\/2022\/?p=103484"},"modified":"2024-04-10T14:53:55","modified_gmt":"2024-04-10T17:53:55","slug":"colina-tera-dia-d-da-campanha-de-vacinacao-contra-a-gripe-neste-sabado-dia-13","status":"publish","type":"post","link":"https:\/\/regiaonews.net.br\/2022\/2024\/04\/10\/colina-tera-dia-d-da-campanha-de-vacinacao-contra-a-gripe-neste-sabado-dia-13\/","title":{"rendered":"Colina ter\u00e1 \u201cDia D\u201d da Campanha de Vacina\u00e7\u00e3o contra a Gripe neste s\u00e1bado, dia 13"},"content":{"rendered":"<header class=\"post-header\">\n<h1 class=\"post-title\"><\/h1>\n<div data-grid=\"\">\n<p class=\"post-share noPrint\">\n<\/div>\n<\/header>\n<div class=\"post-image\"><img decoding=\"async\" src=\"https:\/\/ecrie.com.br\/sistema\/conteudos\/imagem\/m_62_0_1_04042024164944.jpg\" alt=\"\u201cDia D\u201d da Campanha de Vacina\u00e7\u00e3o contra a Gripe acontecer\u00e1 no s\u00e1bado, 13 de abril\" \/><\/div>\n<div class=\"post-content\">\n<article class=\"post-text\">A Prefeitura Municipal de Colina, por meio da secretaria Municipal de Sa\u00fade, est\u00e1 realizando a Campanha Nacional de Vacina\u00e7\u00e3o contra a Gripe \u2013 doen\u00e7a provocada pelo v\u00edrus Influenza. No s\u00e1bado, dia 13 de abril, realiza o \u201cDia D\u201d de Vacina\u00e7\u00e3o contra a Gripe, nas ESF\u2019s \u2013 Estrat\u00e9gias de Sa\u00fade da Fam\u00edlia dos bairros Nosso Teto e Vila Fabri, das 8h \u00e0s 16h.<\/p>\n<p>A a\u00e7\u00e3o, que faz parte da estrat\u00e9gia da Campanha Nacional de Imuniza\u00e7\u00e3o contra a doen\u00e7a, tem por objetivo proporcionar uma op\u00e7\u00e3o a mais para a popula\u00e7\u00e3o de se vacinar contra a Influenza.<\/p>\n<p>Os sintomas mais comuns da Gripe s\u00e3o: febre, tosse, dor na garganta, dor de cabe\u00e7a, dor muscular e nas articula\u00e7\u00f5es. J\u00e1 o agravamento pode ser identificado por falta de ar, febre por mais de tr\u00eas dias, piora de sintomas gastrointestinais, dor muscular intensa e prostra\u00e7\u00e3o.<\/p>\n<p>A transmiss\u00e3o do v\u00edrus acontece pelo contato com secre\u00e7\u00f5es das vias respirat\u00f3rias, eliminadas pela pessoa contaminada ao falar, tossir ou espirrar. Tamb\u00e9m ocorre por meio de m\u00e3os e objetos contaminados, quando entram em contato com as mucosas (boca, olhos e nariz).<\/p>\n<p>Para evitar a transmiss\u00e3o, basta adotar medidas simples: lavar as m\u00e3os v\u00e1rias vezes ao dia, cobrir o nariz e a boca ao tossir e espirrar, evitar tocar o rosto e n\u00e3o compartilhar objetos de uso pessoal.<\/p>\n<p>Podem receber a vacina da Gripe:<\/p>\n<p>* Crian\u00e7as de 6 meses a menores de 6 anos;<\/p>\n<p>* Crian\u00e7as ind\u00edgenas de 6 meses a menores de 9 anos;<\/p>\n<p>* Trabalhadores da Sa\u00fade;<\/p>\n<p>* Gestantes;<\/p>\n<p>* Pu\u00e9rperas;<\/p>\n<p>* Trabalhadores da educa\u00e7\u00e3o<\/p>\n<p>* Povos ind\u00edgenas;<\/p>\n<p>* Idosos com 60 anos ou mais;<\/p>\n<p>* Pessoas em situa\u00e7\u00e3o de rua;<\/p>\n<p>* Profissionais das for\u00e7as de seguran\u00e7a e de salvamento;<\/p>\n<p>* Profissionais das For\u00e7as Armadas;<\/p>\n<p>* Pessoas com doen\u00e7as cr\u00f4nicas n\u00e3o transmiss\u00edveis e outras condi\u00e7\u00f5es cl\u00ednicas especiais (independentemente da idade);<\/p>\n<p>* Pessoas com defici\u00eancia permanente;<\/p>\n<p>* Caminhoneiros;<\/p>\n<p>* Trabalhadores do transporte rodovi\u00e1rio coletivo (urbano e de longo curso);<\/p>\n<p>* Trabalhadores portu\u00e1rios;<\/p>\n<p>* Funcion\u00e1rios do sistema de priva\u00e7\u00e3o de liberdade;<\/p>\n<p>* Popula\u00e7\u00e3o privada de liberdade, al\u00e9m de adolescentes e jovens sob medidas socioeducativas (entre 12 e 21 anos).<\/p>\n<\/article>\n<\/div>\n","protected":false},"excerpt":{"rendered":"<p>A Prefeitura Municipal de Colina, por meio da secretaria Municipal<\/p>\n","protected":false},"author":2,"featured_media":99266,"comment_status":"open","ping_status":"open","sticky":false,"template":"","format":"standard","meta":{"footnotes":""},"categories":[25,5],"tags":[],"class_list":["post-103484","post","type-post","status-publish","format-standard","has-post-thumbnail","hentry","category-cidades","category-colina"],"yoast_head":"<!-- This site is optimized with the Yoast SEO plugin v27.4 - https:\/\/yoast.com\/product\/yoast-seo-wordpress\/ -->\n<title>Colina ter\u00e1 \u201cDia D\u201d da Campanha de Vacina\u00e7\u00e3o contra a Gripe neste s\u00e1bado, dia 13 - Regi\u00e3o News<\/title>\n<meta name=\"robots\" content=\"index, follow, max-snippet:-1, max-image-preview:large, max-video-preview:-1\" \/>\n<link rel=\"canonical\" href=\"https:\/\/regiaonews.net.br\/2022\/2024\/04\/10\/colina-tera-dia-d-da-campanha-de-vacinacao-contra-a-gripe-neste-sabado-dia-13\/\" \/>\n<meta property=\"og:locale\" content=\"pt_BR\" \/>\n<meta property=\"og:type\" content=\"article\" \/>\n<meta property=\"og:title\" content=\"Colina ter\u00e1 \u201cDia D\u201d da Campanha de Vacina\u00e7\u00e3o contra a Gripe neste s\u00e1bado, dia 13 - Regi\u00e3o News\" \/>\n<meta property=\"og:description\" content=\"A Prefeitura Municipal de Colina, por meio da secretaria Municipal\" \/>\n<meta property=\"og:url\" content=\"https:\/\/regiaonews.net.br\/2022\/2024\/04\/10\/colina-tera-dia-d-da-campanha-de-vacinacao-contra-a-gripe-neste-sabado-dia-13\/\" \/>\n<meta property=\"og:site_name\" content=\"Regi\u00e3o News\" \/>\n<meta property=\"article:published_time\" content=\"2024-04-10T17:53:55+00:00\" \/>\n<meta property=\"og:image\" content=\"https:\/\/regiaonews.net.br\/2022\/wp-content\/uploads\/2023\/12\/vacina.jpg\" \/>\n\t<meta property=\"og:image:width\" content=\"770\" \/>\n\t<meta property=\"og:image:height\" content=\"420\" \/>\n\t<meta property=\"og:image:type\" content=\"image\/jpeg\" \/>\n<meta name=\"author\" content=\"Roberto\" \/>\n<meta name=\"twitter:card\" content=\"summary_large_image\" \/>\n<meta name=\"twitter:label1\" content=\"Escrito por\" \/>\n\t<meta name=\"twitter:data1\" content=\"Roberto\" \/>\n\t<meta name=\"twitter:label2\" content=\"Est. tempo de leitura\" \/>\n\t<meta name=\"twitter:data2\" content=\"3 minutos\" \/>\n<script type=\"application\/ld+json\" class=\"yoast-schema-graph\">{\"@context\":\"https:\\\/\\\/schema.org\",\"@graph\":[{\"@type\":\"Article\",\"@id\":\"https:\\\/\\\/regiaonews.net.br\\\/2022\\\/2024\\\/04\\\/10\\\/colina-tera-dia-d-da-campanha-de-vacinacao-contra-a-gripe-neste-sabado-dia-13\\\/#article\",\"isPartOf\":{\"@id\":\"https:\\\/\\\/regiaonews.net.br\\\/2022\\\/2024\\\/04\\\/10\\\/colina-tera-dia-d-da-campanha-de-vacinacao-contra-a-gripe-neste-sabado-dia-13\\\/\"},\"author\":{\"name\":\"Roberto\",\"@id\":\"https:\\\/\\\/regiaonews.net.br\\\/2022\\\/#\\\/schema\\\/person\\\/2d205a608a5aa97ac279d7a5e6d89ad8\"},\"headline\":\"Colina ter\u00e1 \u201cDia D\u201d da Campanha de Vacina\u00e7\u00e3o contra a Gripe neste s\u00e1bado, dia 13\",\"datePublished\":\"2024-04-10T17:53:55+00:00\",\"mainEntityOfPage\":{\"@id\":\"https:\\\/\\\/regiaonews.net.br\\\/2022\\\/2024\\\/04\\\/10\\\/colina-tera-dia-d-da-campanha-de-vacinacao-contra-a-gripe-neste-sabado-dia-13\\\/\"},\"wordCount\":390,\"commentCount\":0,\"publisher\":{\"@id\":\"https:\\\/\\\/regiaonews.net.br\\\/2022\\\/#organization\"},\"image\":{\"@id\":\"https:\\\/\\\/regiaonews.net.br\\\/2022\\\/2024\\\/04\\\/10\\\/colina-tera-dia-d-da-campanha-de-vacinacao-contra-a-gripe-neste-sabado-dia-13\\\/#primaryimage\"},\"thumbnailUrl\":\"https:\\\/\\\/regiaonews.net.br\\\/2022\\\/wp-content\\\/uploads\\\/2023\\\/12\\\/vacina.jpg\",\"articleSection\":[\"Cidades\",\"Colina\"],\"inLanguage\":\"pt-BR\",\"potentialAction\":[{\"@type\":\"CommentAction\",\"name\":\"Comment\",\"target\":[\"https:\\\/\\\/regiaonews.net.br\\\/2022\\\/2024\\\/04\\\/10\\\/colina-tera-dia-d-da-campanha-de-vacinacao-contra-a-gripe-neste-sabado-dia-13\\\/#respond\"]}]},{\"@type\":\"WebPage\",\"@id\":\"https:\\\/\\\/regiaonews.net.br\\\/2022\\\/2024\\\/04\\\/10\\\/colina-tera-dia-d-da-campanha-de-vacinacao-contra-a-gripe-neste-sabado-dia-13\\\/\",\"url\":\"https:\\\/\\\/regiaonews.net.br\\\/2022\\\/2024\\\/04\\\/10\\\/colina-tera-dia-d-da-campanha-de-vacinacao-contra-a-gripe-neste-sabado-dia-13\\\/\",\"name\":\"Colina ter\u00e1 \u201cDia D\u201d da Campanha de Vacina\u00e7\u00e3o contra a Gripe neste s\u00e1bado, dia 13 - Regi\u00e3o News\",\"isPartOf\":{\"@id\":\"https:\\\/\\\/regiaonews.net.br\\\/2022\\\/#website\"},\"primaryImageOfPage\":{\"@id\":\"https:\\\/\\\/regiaonews.net.br\\\/2022\\\/2024\\\/04\\\/10\\\/colina-tera-dia-d-da-campanha-de-vacinacao-contra-a-gripe-neste-sabado-dia-13\\\/#primaryimage\"},\"image\":{\"@id\":\"https:\\\/\\\/regiaonews.net.br\\\/2022\\\/2024\\\/04\\\/10\\\/colina-tera-dia-d-da-campanha-de-vacinacao-contra-a-gripe-neste-sabado-dia-13\\\/#primaryimage\"},\"thumbnailUrl\":\"https:\\\/\\\/regiaonews.net.br\\\/2022\\\/wp-content\\\/uploads\\\/2023\\\/12\\\/vacina.jpg\",\"datePublished\":\"2024-04-10T17:53:55+00:00\",\"breadcrumb\":{\"@id\":\"https:\\\/\\\/regiaonews.net.br\\\/2022\\\/2024\\\/04\\\/10\\\/colina-tera-dia-d-da-campanha-de-vacinacao-contra-a-gripe-neste-sabado-dia-13\\\/#breadcrumb\"},\"inLanguage\":\"pt-BR\",\"potentialAction\":[{\"@type\":\"ReadAction\",\"target\":[\"https:\\\/\\\/regiaonews.net.br\\\/2022\\\/2024\\\/04\\\/10\\\/colina-tera-dia-d-da-campanha-de-vacinacao-contra-a-gripe-neste-sabado-dia-13\\\/\"]}]},{\"@type\":\"ImageObject\",\"inLanguage\":\"pt-BR\",\"@id\":\"https:\\\/\\\/regiaonews.net.br\\\/2022\\\/2024\\\/04\\\/10\\\/colina-tera-dia-d-da-campanha-de-vacinacao-contra-a-gripe-neste-sabado-dia-13\\\/#primaryimage\",\"url\":\"https:\\\/\\\/regiaonews.net.br\\\/2022\\\/wp-content\\\/uploads\\\/2023\\\/12\\\/vacina.jpg\",\"contentUrl\":\"https:\\\/\\\/regiaonews.net.br\\\/2022\\\/wp-content\\\/uploads\\\/2023\\\/12\\\/vacina.jpg\",\"width\":770,\"height\":420},{\"@type\":\"BreadcrumbList\",\"@id\":\"https:\\\/\\\/regiaonews.net.br\\\/2022\\\/2024\\\/04\\\/10\\\/colina-tera-dia-d-da-campanha-de-vacinacao-contra-a-gripe-neste-sabado-dia-13\\\/#breadcrumb\",\"itemListElement\":[{\"@type\":\"ListItem\",\"position\":1,\"name\":\"In\u00edcio\",\"item\":\"https:\\\/\\\/regiaonews.net.br\\\/2022\\\/\"},{\"@type\":\"ListItem\",\"position\":2,\"name\":\"Colina ter\u00e1 \u201cDia D\u201d da Campanha de Vacina\u00e7\u00e3o contra a Gripe neste s\u00e1bado, dia 13\"}]},{\"@type\":\"WebSite\",\"@id\":\"https:\\\/\\\/regiaonews.net.br\\\/2022\\\/#website\",\"url\":\"https:\\\/\\\/regiaonews.net.br\\\/2022\\\/\",\"name\":\"Regi\u00e3o News\",\"description\":\"Site de Not\u00edcias de Barretos e regi\u00e3o\",\"publisher\":{\"@id\":\"https:\\\/\\\/regiaonews.net.br\\\/2022\\\/#organization\"},\"potentialAction\":[{\"@type\":\"SearchAction\",\"target\":{\"@type\":\"EntryPoint\",\"urlTemplate\":\"https:\\\/\\\/regiaonews.net.br\\\/2022\\\/?s={search_term_string}\"},\"query-input\":{\"@type\":\"PropertyValueSpecification\",\"valueRequired\":true,\"valueName\":\"search_term_string\"}}],\"inLanguage\":\"pt-BR\"},{\"@type\":\"Organization\",\"@id\":\"https:\\\/\\\/regiaonews.net.br\\\/2022\\\/#organization\",\"name\":\"Regi\u00e3o News\",\"url\":\"https:\\\/\\\/regiaonews.net.br\\\/2022\\\/\",\"logo\":{\"@type\":\"ImageObject\",\"inLanguage\":\"pt-BR\",\"@id\":\"https:\\\/\\\/regiaonews.net.br\\\/2022\\\/#\\\/schema\\\/logo\\\/image\\\/\",\"url\":\"https:\\\/\\\/regiaonews.net.br\\\/2022\\\/wp-content\\\/uploads\\\/2026\\\/03\\\/regiao-13-anos-scaled.jpg\",\"contentUrl\":\"https:\\\/\\\/regiaonews.net.br\\\/2022\\\/wp-content\\\/uploads\\\/2026\\\/03\\\/regiao-13-anos-scaled.jpg\",\"width\":2560,\"height\":635,\"caption\":\"Regi\u00e3o News\"},\"image\":{\"@id\":\"https:\\\/\\\/regiaonews.net.br\\\/2022\\\/#\\\/schema\\\/logo\\\/image\\\/\"}},{\"@type\":\"Person\",\"@id\":\"https:\\\/\\\/regiaonews.net.br\\\/2022\\\/#\\\/schema\\\/person\\\/2d205a608a5aa97ac279d7a5e6d89ad8\",\"name\":\"Roberto\",\"image\":{\"@type\":\"ImageObject\",\"inLanguage\":\"pt-BR\",\"@id\":\"https:\\\/\\\/secure.gravatar.com\\\/avatar\\\/42749d8b712ff9d59ca93dc150494e5b55a44134482993f5baeb97e61b7ecc89?s=96&d=mm&r=g\",\"url\":\"https:\\\/\\\/secure.gravatar.com\\\/avatar\\\/42749d8b712ff9d59ca93dc150494e5b55a44134482993f5baeb97e61b7ecc89?s=96&d=mm&r=g\",\"contentUrl\":\"https:\\\/\\\/secure.gravatar.com\\\/avatar\\\/42749d8b712ff9d59ca93dc150494e5b55a44134482993f5baeb97e61b7ecc89?s=96&d=mm&r=g\",\"caption\":\"Roberto\"},\"url\":\"https:\\\/\\\/regiaonews.net.br\\\/2022\\\/author\\\/roberto\\\/\"}]}<\/script>\n<!-- \/ Yoast SEO plugin. -->","yoast_head_json":{"title":"Colina ter\u00e1 \u201cDia D\u201d da Campanha de Vacina\u00e7\u00e3o contra a Gripe neste s\u00e1bado, dia 13 - Regi\u00e3o News","robots":{"index":"index","follow":"follow","max-snippet":"max-snippet:-1","max-image-preview":"max-image-preview:large","max-video-preview":"max-video-preview:-1"},"canonical":"https:\/\/regiaonews.net.br\/2022\/2024\/04\/10\/colina-tera-dia-d-da-campanha-de-vacinacao-contra-a-gripe-neste-sabado-dia-13\/","og_locale":"pt_BR","og_type":"article","og_title":"Colina ter\u00e1 \u201cDia D\u201d da Campanha de Vacina\u00e7\u00e3o contra a Gripe neste s\u00e1bado, dia 13 - Regi\u00e3o News","og_description":"A Prefeitura Municipal de Colina, por meio da secretaria Municipal","og_url":"https:\/\/regiaonews.net.br\/2022\/2024\/04\/10\/colina-tera-dia-d-da-campanha-de-vacinacao-contra-a-gripe-neste-sabado-dia-13\/","og_site_name":"Regi\u00e3o News","article_published_time":"2024-04-10T17:53:55+00:00","og_image":[{"width":770,"height":420,"url":"https:\/\/regiaonews.net.br\/2022\/wp-content\/uploads\/2023\/12\/vacina.jpg","type":"image\/jpeg"}],"author":"Roberto","twitter_card":"summary_large_image","twitter_misc":{"Escrito por":"Roberto","Est. tempo de leitura":"3 minutos"},"schema":{"@context":"https:\/\/schema.org","@graph":[{"@type":"Article","@id":"https:\/\/regiaonews.net.br\/2022\/2024\/04\/10\/colina-tera-dia-d-da-campanha-de-vacinacao-contra-a-gripe-neste-sabado-dia-13\/#article","isPartOf":{"@id":"https:\/\/regiaonews.net.br\/2022\/2024\/04\/10\/colina-tera-dia-d-da-campanha-de-vacinacao-contra-a-gripe-neste-sabado-dia-13\/"},"author":{"name":"Roberto","@id":"https:\/\/regiaonews.net.br\/2022\/#\/schema\/person\/2d205a608a5aa97ac279d7a5e6d89ad8"},"headline":"Colina ter\u00e1 \u201cDia D\u201d da Campanha de Vacina\u00e7\u00e3o contra a Gripe neste s\u00e1bado, dia 13","datePublished":"2024-04-10T17:53:55+00:00","mainEntityOfPage":{"@id":"https:\/\/regiaonews.net.br\/2022\/2024\/04\/10\/colina-tera-dia-d-da-campanha-de-vacinacao-contra-a-gripe-neste-sabado-dia-13\/"},"wordCount":390,"commentCount":0,"publisher":{"@id":"https:\/\/regiaonews.net.br\/2022\/#organization"},"image":{"@id":"https:\/\/regiaonews.net.br\/2022\/2024\/04\/10\/colina-tera-dia-d-da-campanha-de-vacinacao-contra-a-gripe-neste-sabado-dia-13\/#primaryimage"},"thumbnailUrl":"https:\/\/regiaonews.net.br\/2022\/wp-content\/uploads\/2023\/12\/vacina.jpg","articleSection":["Cidades","Colina"],"inLanguage":"pt-BR","potentialAction":[{"@type":"CommentAction","name":"Comment","target":["https:\/\/regiaonews.net.br\/2022\/2024\/04\/10\/colina-tera-dia-d-da-campanha-de-vacinacao-contra-a-gripe-neste-sabado-dia-13\/#respond"]}]},{"@type":"WebPage","@id":"https:\/\/regiaonews.net.br\/2022\/2024\/04\/10\/colina-tera-dia-d-da-campanha-de-vacinacao-contra-a-gripe-neste-sabado-dia-13\/","url":"https:\/\/regiaonews.net.br\/2022\/2024\/04\/10\/colina-tera-dia-d-da-campanha-de-vacinacao-contra-a-gripe-neste-sabado-dia-13\/","name":"Colina ter\u00e1 \u201cDia D\u201d da Campanha de Vacina\u00e7\u00e3o contra a Gripe neste s\u00e1bado, dia 13 - Regi\u00e3o News","isPartOf":{"@id":"https:\/\/regiaonews.net.br\/2022\/#website"},"primaryImageOfPage":{"@id":"https:\/\/regiaonews.net.br\/2022\/2024\/04\/10\/colina-tera-dia-d-da-campanha-de-vacinacao-contra-a-gripe-neste-sabado-dia-13\/#primaryimage"},"image":{"@id":"https:\/\/regiaonews.net.br\/2022\/2024\/04\/10\/colina-tera-dia-d-da-campanha-de-vacinacao-contra-a-gripe-neste-sabado-dia-13\/#primaryimage"},"thumbnailUrl":"https:\/\/regiaonews.net.br\/2022\/wp-content\/uploads\/2023\/12\/vacina.jpg","datePublished":"2024-04-10T17:53:55+00:00","breadcrumb":{"@id":"https:\/\/regiaonews.net.br\/2022\/2024\/04\/10\/colina-tera-dia-d-da-campanha-de-vacinacao-contra-a-gripe-neste-sabado-dia-13\/#breadcrumb"},"inLanguage":"pt-BR","potentialAction":[{"@type":"ReadAction","target":["https:\/\/regiaonews.net.br\/2022\/2024\/04\/10\/colina-tera-dia-d-da-campanha-de-vacinacao-contra-a-gripe-neste-sabado-dia-13\/"]}]},{"@type":"ImageObject","inLanguage":"pt-BR","@id":"https:\/\/regiaonews.net.br\/2022\/2024\/04\/10\/colina-tera-dia-d-da-campanha-de-vacinacao-contra-a-gripe-neste-sabado-dia-13\/#primaryimage","url":"https:\/\/regiaonews.net.br\/2022\/wp-content\/uploads\/2023\/12\/vacina.jpg","contentUrl":"https:\/\/regiaonews.net.br\/2022\/wp-content\/uploads\/2023\/12\/vacina.jpg","width":770,"height":420},{"@type":"BreadcrumbList","@id":"https:\/\/regiaonews.net.br\/2022\/2024\/04\/10\/colina-tera-dia-d-da-campanha-de-vacinacao-contra-a-gripe-neste-sabado-dia-13\/#breadcrumb","itemListElement":[{"@type":"ListItem","position":1,"name":"In\u00edcio","item":"https:\/\/regiaonews.net.br\/2022\/"},{"@type":"ListItem","position":2,"name":"Colina ter\u00e1 \u201cDia D\u201d da Campanha de Vacina\u00e7\u00e3o contra a Gripe neste s\u00e1bado, dia 13"}]},{"@type":"WebSite","@id":"https:\/\/regiaonews.net.br\/2022\/#website","url":"https:\/\/regiaonews.net.br\/2022\/","name":"Regi\u00e3o News","description":"Site de Not\u00edcias de Barretos e regi\u00e3o","publisher":{"@id":"https:\/\/regiaonews.net.br\/2022\/#organization"},"potentialAction":[{"@type":"SearchAction","target":{"@type":"EntryPoint","urlTemplate":"https:\/\/regiaonews.net.br\/2022\/?s={search_term_string}"},"query-input":{"@type":"PropertyValueSpecification","valueRequired":true,"valueName":"search_term_string"}}],"inLanguage":"pt-BR"},{"@type":"Organization","@id":"https:\/\/regiaonews.net.br\/2022\/#organization","name":"Regi\u00e3o News","url":"https:\/\/regiaonews.net.br\/2022\/","logo":{"@type":"ImageObject","inLanguage":"pt-BR","@id":"https:\/\/regiaonews.net.br\/2022\/#\/schema\/logo\/image\/","url":"https:\/\/regiaonews.net.br\/2022\/wp-content\/uploads\/2026\/03\/regiao-13-anos-scaled.jpg","contentUrl":"https:\/\/regiaonews.net.br\/2022\/wp-content\/uploads\/2026\/03\/regiao-13-anos-scaled.jpg","width":2560,"height":635,"caption":"Regi\u00e3o News"},"image":{"@id":"https:\/\/regiaonews.net.br\/2022\/#\/schema\/logo\/image\/"}},{"@type":"Person","@id":"https:\/\/regiaonews.net.br\/2022\/#\/schema\/person\/2d205a608a5aa97ac279d7a5e6d89ad8","name":"Roberto","image":{"@type":"ImageObject","inLanguage":"pt-BR","@id":"https:\/\/secure.gravatar.com\/avatar\/42749d8b712ff9d59ca93dc150494e5b55a44134482993f5baeb97e61b7ecc89?s=96&d=mm&r=g","url":"https:\/\/secure.gravatar.com\/avatar\/42749d8b712ff9d59ca93dc150494e5b55a44134482993f5baeb97e61b7ecc89?s=96&d=mm&r=g","contentUrl":"https:\/\/secure.gravatar.com\/avatar\/42749d8b712ff9d59ca93dc150494e5b55a44134482993f5baeb97e61b7ecc89?s=96&d=mm&r=g","caption":"Roberto"},"url":"https:\/\/regiaonews.net.br\/2022\/author\/roberto\/"}]}},"publishpress_future_action":{"enabled":false,"date":"2026-05-03 14:11:30","action":"change-status","newStatus":"draft","terms":[],"taxonomy":"category","extraData":[]},"publishpress_future_workflow_manual_trigger":{"enabledWorkflows":[]},"_links":{"self":[{"href":"https:\/\/regiaonews.net.br\/2022\/wp-json\/wp\/v2\/posts\/103484","targetHints":{"allow":["GET"]}}],"collection":[{"href":"https:\/\/regiaonews.net.br\/2022\/wp-json\/wp\/v2\/posts"}],"about":[{"href":"https:\/\/regiaonews.net.br\/2022\/wp-json\/wp\/v2\/types\/post"}],"author":[{"embeddable":true,"href":"https:\/\/regiaonews.net.br\/2022\/wp-json\/wp\/v2\/users\/2"}],"replies":[{"embeddable":true,"href":"https:\/\/regiaonews.net.br\/2022\/wp-json\/wp\/v2\/comments?post=103484"}],"version-history":[{"count":1,"href":"https:\/\/regiaonews.net.br\/2022\/wp-json\/wp\/v2\/posts\/103484\/revisions"}],"predecessor-version":[{"id":103485,"href":"https:\/\/regiaonews.net.br\/2022\/wp-json\/wp\/v2\/posts\/103484\/revisions\/103485"}],"wp:featuredmedia":[{"embeddable":true,"href":"https:\/\/regiaonews.net.br\/2022\/wp-json\/wp\/v2\/media\/99266"}],"wp:attachment":[{"href":"https:\/\/regiaonews.net.br\/2022\/wp-json\/wp\/v2\/media?parent=103484"}],"wp:term":[{"taxonomy":"category","embeddable":true,"href":"https:\/\/regiaonews.net.br\/2022\/wp-json\/wp\/v2\/categories?post=103484"},{"taxonomy":"post_tag","embeddable":true,"href":"https:\/\/regiaonews.net.br\/2022\/wp-json\/wp\/v2\/tags?post=103484"}],"curies":[{"name":"wp","href":"https:\/\/api.w.org\/{rel}","templated":true}]}}